{"id":189610,"date":"2024-11-23T20:50:00","date_gmt":"2024-11-23T23:50:00","guid":{"rendered":"https:\/\/www.gaveanews.com\/?p=189610"},"modified":"2024-11-23T19:22:29","modified_gmt":"2024-11-23T22:22:29","slug":"declaracao-de-marinho-jogadores-sem-contrato-e-transmissao-do-carioca-2025-as-ultimas-noticias-do-fluminense","status":"publish","type":"post","link":"https:\/\/www.gaveanews.com\/index.php\/2024\/11\/23\/declaracao-de-marinho-jogadores-sem-contrato-e-transmissao-do-carioca-2025-as-ultimas-noticias-do-fluminense\/","title":{"rendered":"Declara\u00e7\u00e3o de Marinho, jogadores sem contrato e transmiss\u00e3o do Carioca 2025: as \u00faltimas not\u00edcias do Fluminense"},"content":{"rendered":"\n<p>Nas \u00faltimas horas, o foco das not\u00edcias sobre o Fluminense se concentram nos bastidores do clube, com destaques como a declara\u00e7\u00e3o de Marinho e os jogadores sem contrato.<\/p>\n\n\n\n<p>Por conta deste contexto, leia abaixo um resumo preparado pela equipe do portal G\u00e1vea News para lhe manter muito bem informado!<\/p>\n\n\n\n<h2 class=\"wp-block-heading\" id=\"h-transmissao-do-carioca\">Transmiss\u00e3o do Carioca<\/h2>\n\n\n\n<p>A Rede Globo voltar\u00e1 a transmitir o Campeonato Carioca em 2025 ap\u00f3s firmar um acordo com a Federa\u00e7\u00e3o de Futebol do Estado do Rio de Janeiro (FERJ). A emissora planeja exibir as partidas em diversas plataformas, incluindo o canal aberto Globo, o SporTV e o Premiere, mas dividir\u00e1 os direitos de transmiss\u00e3o com Band e BandSports. O novo calend\u00e1rio da CBF prev\u00ea o in\u00edcio do torneio em 12 de janeiro, com t\u00e9rmino em 26 de mar\u00e7o, totalizando 16 datas dispon\u00edveis para os estaduais <strong><a href=\"https:\/\/www.gaveanews.com\/index.php\/2024\/05\/27\/rede-globo-vai-transmitir-dois-jogos-nessa-semana\/\">(leia a mat\u00e9ria completa).<\/a><\/strong><\/p>\n\n\n\n<figure class=\"wp-block-image size-large\"><img loading=\"lazy\" decoding=\"async\" width=\"1024\" height=\"574\" src=\"https:\/\/www.gaveanews.com\/wp-content\/uploads\/2019\/04\/Logomarca-da-Rede-Globo-1024x574.webp\" alt=\"\" class=\"wp-image-17043\" srcset=\"https:\/\/www.gaveanews.com\/wp-content\/uploads\/2019\/04\/Logomarca-da-Rede-Globo-1024x574.webp 1024w, https:\/\/www.gaveanews.com\/wp-content\/uploads\/2019\/04\/Logomarca-da-Rede-Globo-300x168.webp 300w, https:\/\/www.gaveanews.com\/wp-content\/uploads\/2019\/04\/Logomarca-da-Rede-Globo-768x430.webp 768w, https:\/\/www.gaveanews.com\/wp-content\/uploads\/2019\/04\/Logomarca-da-Rede-Globo-749x420.webp 749w, https:\/\/www.gaveanews.com\/wp-content\/uploads\/2019\/04\/Logomarca-da-Rede-Globo-1499x840.webp 1499w, https:\/\/www.gaveanews.com\/wp-content\/uploads\/2019\/04\/Logomarca-da-Rede-Globo-640x359.webp 640w, https:\/\/www.gaveanews.com\/wp-content\/uploads\/2019\/04\/Logomarca-da-Rede-Globo-1280x717.webp 1280w, https:\/\/www.gaveanews.com\/wp-content\/uploads\/2019\/04\/Logomarca-da-Rede-Globo-681x382.webp 681w, https:\/\/www.gaveanews.com\/wp-content\/uploads\/2019\/04\/Logomarca-da-Rede-Globo-1362x763.webp 1362w, https:\/\/www.gaveanews.com\/wp-content\/uploads\/2019\/04\/Logomarca-da-Rede-Globo.webp 1920w\" sizes=\"auto, (max-width: 1024px) 100vw, 1024px\" \/><figcaption class=\"wp-element-caption\">Logomarca da Rede Globo (Foto: Reprodu\u00e7\u00e3o)<\/figcaption><\/figure>\n\n\n\n<p>A decis\u00e3o marca o retorno da emissora \u00e0 competi\u00e7\u00e3o, interrompido desde 2020 devido a diverg\u00eancias contratuais e \u00e0 aplica\u00e7\u00e3o da Lei do Mandante, ap\u00f3s o Flamengo transmitir um jogo em seu canal no YouTube. <\/p>\n\n\n\n<p>O interesse da Globo ressurgiu com a boa fase dos grandes clubes cariocas, como o Flamengo, Botafogo e Fluminense, que conquistaram t\u00edtulos importantes recentemente, incluindo a Libertadores de 2024 e a Copa do Brasil.<\/p>\n\n\n\n<p>O Carioca 2025 ter\u00e1 o Flamengo como atual campe\u00e3o e ser\u00e1 disputado em um cen\u00e1rio competitivo, refletindo o crescimento e a relev\u00e2ncia do futebol no Rio de Janeiro. A reaproxima\u00e7\u00e3o da Globo refor\u00e7a a import\u00e2ncia do torneio, prometendo amplo alcance e cobertura, al\u00e9m de celebrar o retorno da parceria com os clubes cariocas e a FERJ para promover o futebol estadual.<\/p>\n\n\n\n<h2 class=\"wp-block-heading\" id=\"h-jogadores-sem-contrato\">Jogadores sem contrato<\/h2>\n\n\n\n<p>Uma lista de jogadores renomados est\u00e1 dispon\u00edvel no mercado, oferecendo oportunidades para clubes que buscam refor\u00e7os sem custos de transfer\u00eancia. Entre os destaques est\u00e3o Sergio Ramos, Keylor Navas e Marcelo, todos com carreiras marcadas por conquistas em grandes clubes europeus. Ramos \u00e9 valorizado por sua lideran\u00e7a e for\u00e7a defensiva, Navas pela consist\u00eancia e reflexos como goleiro, enquanto Marcelo continua a agregar experi\u00eancia e t\u00e9cnica mesmo em uma fase avan\u00e7ada de sua carreira.<strong><a href=\"https:\/\/www.gaveanews.com\/index.php\/2024\/11\/22\/sergio-ramos-keylor-navas-marcelo-rafinha-alcantara-mario-fernandes-pastore-dele-alli-luan-damiao-alexandre-pato-solet-jogadores-que-estao-sem-contrato\/\"> (leia a mat\u00e9ria completa)<\/a><\/strong><\/p>\n\n\n\n<figure class=\"wp-block-image size-large\"><img loading=\"lazy\" decoding=\"async\" width=\"1024\" height=\"768\" src=\"https:\/\/www.gaveanews.com\/wp-content\/uploads\/Sergio-Ramos-zagueiro-espanhol-1024x768.webp\" alt=\"\" class=\"wp-image-165630\" srcset=\"https:\/\/www.gaveanews.com\/wp-content\/uploads\/Sergio-Ramos-zagueiro-espanhol-1024x768.webp 1024w, https:\/\/www.gaveanews.com\/wp-content\/uploads\/Sergio-Ramos-zagueiro-espanhol-300x225.webp 300w, https:\/\/www.gaveanews.com\/wp-content\/uploads\/Sergio-Ramos-zagueiro-espanhol-768x576.webp 768w, https:\/\/www.gaveanews.com\/wp-content\/uploads\/Sergio-Ramos-zagueiro-espanhol-560x420.webp 560w, https:\/\/www.gaveanews.com\/wp-content\/uploads\/Sergio-Ramos-zagueiro-espanhol-1120x840.webp 1120w, https:\/\/www.gaveanews.com\/wp-content\/uploads\/Sergio-Ramos-zagueiro-espanhol-80x60.webp 80w, https:\/\/www.gaveanews.com\/wp-content\/uploads\/Sergio-Ramos-zagueiro-espanhol-160x120.webp 160w, https:\/\/www.gaveanews.com\/wp-content\/uploads\/Sergio-Ramos-zagueiro-espanhol-100x75.webp 100w, https:\/\/www.gaveanews.com\/wp-content\/uploads\/Sergio-Ramos-zagueiro-espanhol-200x150.webp 200w, https:\/\/www.gaveanews.com\/wp-content\/uploads\/Sergio-Ramos-zagueiro-espanhol-180x135.webp 180w, https:\/\/www.gaveanews.com\/wp-content\/uploads\/Sergio-Ramos-zagueiro-espanhol-360x270.webp 360w, https:\/\/www.gaveanews.com\/wp-content\/uploads\/Sergio-Ramos-zagueiro-espanhol-238x178.webp 238w, https:\/\/www.gaveanews.com\/wp-content\/uploads\/Sergio-Ramos-zagueiro-espanhol-476x356.webp 476w, https:\/\/www.gaveanews.com\/wp-content\/uploads\/Sergio-Ramos-zagueiro-espanhol-640x480.webp 640w, https:\/\/www.gaveanews.com\/wp-content\/uploads\/Sergio-Ramos-zagueiro-espanhol-1280x960.webp 1280w, https:\/\/www.gaveanews.com\/wp-content\/uploads\/Sergio-Ramos-zagueiro-espanhol-681x511.webp 681w, https:\/\/www.gaveanews.com\/wp-content\/uploads\/Sergio-Ramos-zagueiro-espanhol-1362x1022.webp 1362w, https:\/\/www.gaveanews.com\/wp-content\/uploads\/Sergio-Ramos-zagueiro-espanhol.webp 1440w\" sizes=\"auto, (max-width: 1024px) 100vw, 1024px\" \/><figcaption class=\"wp-element-caption\">Sergio Ramos, zagueiro espanhol (Foto: Reprodu\u00e7\u00e3o\/Instagram)<\/figcaption><\/figure>\n\n\n\n<p>Outros nomes incluem Rafinha Alc\u00e2ntara e Mario Fernandes, jogadores vers\u00e1teis que podem refor\u00e7ar o meio-campo e a defesa, respectivamente. No ataque, Dele Alli busca recuperar o protagonismo ap\u00f3s um per\u00edodo de baixa, enquanto Alexandre Pato e Leandro Dami\u00e3o s\u00e3o op\u00e7\u00f5es de peso para equipes que precisam de experi\u00eancia ofensiva. Javier Pastore, por sua vez, oferece criatividade e vis\u00e3o de jogo no meio-campo, sendo uma alternativa interessante para times que valorizam jogadores habilidosos.<\/p>\n\n\n\n<p>Al\u00e9m dos veteranos, a lista tamb\u00e9m conta com Solet, jovem zagueiro franc\u00eas visto como uma promessa para o futuro. Essa combina\u00e7\u00e3o de atletas experientes e talentos emergentes oferece diversas op\u00e7\u00f5es para clubes que desejam se fortalecer tanto no presente quanto no longo prazo, representando uma oportunidade \u00fanica no mercado de transfer\u00eancias.<\/p>\n\n\n\n<h2 class=\"wp-block-heading\" id=\"h-declaracao-de-marinho\">Declara\u00e7\u00e3o de Marinho<\/h2>\n\n\n\n<p>Durante o intervalo da partida entre Fluminense e Fortaleza, o atacante Marinho, destaque do jogo com um dos gols da vit\u00f3ria parcial do Fortaleza por 2 a 1, enfatizou a import\u00e2ncia do Dia da Consci\u00eancia Negra. Em sua declara\u00e7\u00e3o, ele destacou o orgulho por sua identidade racial e o apoio \u00e0 luta contra o racismo, dedicando sua performance a todos que batalham por essa causa <strong><a href=\"https:\/\/www.gaveanews.com\/index.php\/2024\/11\/22\/fluminense-x-fortaleza-a-declaracao-de-marinho-sobre-o-jogo\/\">(leia a mat\u00e9ria completa).<\/a><\/strong><\/p>\n\n\n\n<figure class=\"wp-block-image size-full\"><img loading=\"lazy\" decoding=\"async\" width=\"831\" height=\"447\" src=\"https:\/\/www.gaveanews.com\/wp-content\/uploads\/Marinho-atacante-do-Fortaleza-chora-apos-ser-substituido.webp\" alt=\"\" class=\"wp-image-158732\" srcset=\"https:\/\/www.gaveanews.com\/wp-content\/uploads\/Marinho-atacante-do-Fortaleza-chora-apos-ser-substituido.webp 831w, https:\/\/www.gaveanews.com\/wp-content\/uploads\/Marinho-atacante-do-Fortaleza-chora-apos-ser-substituido-300x160.webp 300w, https:\/\/www.gaveanews.com\/wp-content\/uploads\/Marinho-atacante-do-Fortaleza-chora-apos-ser-substituido-768x413.webp 768w, https:\/\/www.gaveanews.com\/wp-content\/uploads\/Marinho-atacante-do-Fortaleza-chora-apos-ser-substituido-781x420.webp 781w, https:\/\/www.gaveanews.com\/wp-content\/uploads\/Marinho-atacante-do-Fortaleza-chora-apos-ser-substituido-640x344.webp 640w, https:\/\/www.gaveanews.com\/wp-content\/uploads\/Marinho-atacante-do-Fortaleza-chora-apos-ser-substituido-681x366.webp 681w, https:\/\/www.gaveanews.com\/wp-content\/uploads\/Marinho-atacante-do-Fortaleza-chora-apos-ser-substituido-100x54.webp 100w\" sizes=\"auto, (max-width: 831px) 100vw, 831px\" \/><figcaption class=\"wp-element-caption\">O jogador Marinho &#8211; Foto: Mateus Lotif \/ Fortaleza\n<\/figcaption><\/figure>\n\n\n\n<p>Marinho tamb\u00e9m comentou sobre a partida, reconhecendo a for\u00e7a do Fluminense, mas enaltecendo a postura resiliente do Fortaleza. Segundo o jogador, mesmo ap\u00f3s sofrer um gol, o time manteve o foco e conseguiu a virada, refletindo uma mentalidade coletiva positiva. Ele destacou a import\u00e2ncia do gol marcado, que simbolizou o empenho da equipe em manter seu estilo de jogo.<\/p>\n\n\n\n<p>Apesar da vantagem, Marinho ressaltou a necessidade de manter a concentra\u00e7\u00e3o e a entrega no segundo tempo, citando a qualidade e o potencial de rea\u00e7\u00e3o do advers\u00e1rio. Essa vis\u00e3o reflete o comprometimento do Fortaleza em alcan\u00e7ar resultados expressivos, mesmo diante de grandes desafios no Brasileir\u00e3o.<\/p>\n","protected":false},"excerpt":{"rendered":"<p>Nas \u00faltimas horas, o foco das not\u00edcias sobre o Fluminense se concentram nos bastidores do clube, com destaques como a declara\u00e7\u00e3o de Marinho e os jogadores sem contrato. Por conta deste contexto, leia abaixo um resumo preparado pela equipe do portal G\u00e1vea News para lhe manter muito bem informado! Transmiss\u00e3o do Carioca A Rede Globo [&hellip;]<\/p>\n","protected":false},"author":27,"featured_media":141970,"comment_status":"open","ping_status":"closed","sticky":false,"template":"","format":"standard","meta":{"footnotes":""},"categories":[145],"tags":[],"class_list":["post-189610","post","type-post","status-publish","format-standard","has-post-thumbnail","hentry","category-fluminense"],"yoast_head":"<!-- This site is optimized with the Yoast SEO Premium plugin v24.2 (Yoast SEO v26.9) - https:\/\/yoast.com\/product\/yoast-seo-premium-wordpress\/ -->\n<title>Declara\u00e7\u00e3o de Marinho, jogadores sem contrato e transmiss\u00e3o do Carioca 2025: as \u00faltimas not\u00edcias do Fluminense<\/title>\n<meta name=\"robots\" content=\"index, follow, max-snippet:-1, max-image-preview:large, max-video-preview:-1\" \/>\n<link rel=\"canonical\" href=\"https:\/\/www.gaveanews.com\/index.php\/2024\/11\/23\/declaracao-de-marinho-jogadores-sem-contrato-e-transmissao-do-carioca-2025-as-ultimas-noticias-do-fluminense\/\" \/>\n<meta property=\"og:locale\" content=\"pt_BR\" \/>\n<meta property=\"og:type\" content=\"article\" \/>\n<meta property=\"og:title\" content=\"Declara\u00e7\u00e3o de Marinho, jogadores sem contrato e transmiss\u00e3o do Carioca 2025: as \u00faltimas not\u00edcias do Fluminense\" \/>\n<meta property=\"og:description\" content=\"Nas \u00faltimas horas, o foco das not\u00edcias sobre o Fluminense se concentram nos bastidores do clube, com destaques como a declara\u00e7\u00e3o de Marinho e os jogadores sem contrato. Por conta deste contexto, leia abaixo um resumo preparado pela equipe do portal G\u00e1vea News para lhe manter muito bem informado! Transmiss\u00e3o do Carioca A Rede Globo [&hellip;]\" \/>\n<meta property=\"og:url\" content=\"https:\/\/www.gaveanews.com\/index.php\/2024\/11\/23\/declaracao-de-marinho-jogadores-sem-contrato-e-transmissao-do-carioca-2025-as-ultimas-noticias-do-fluminense\/\" \/>\n<meta property=\"og:site_name\" content=\"G\u00e1vea News\" \/>\n<meta property=\"article:publisher\" content=\"https:\/\/facebook.com\/gaveaNews\/\" \/>\n<meta property=\"article:published_time\" content=\"2024-11-23T23:50:00+00:00\" \/>\n<meta property=\"og:image\" content=\"https:\/\/www.gaveanews.com\/wp-content\/uploads\/53413588107_df8d1cb73b_k-aspect-ratio-512-320-2.webp\" \/>\n\t<meta property=\"og:image:width\" content=\"850\" \/>\n\t<meta property=\"og:image:height\" content=\"530\" \/>\n\t<meta property=\"og:image:type\" content=\"image\/webp\" \/>\n<meta name=\"author\" content=\"Matheus Felipe\" \/>\n<meta name=\"twitter:card\" content=\"summary_large_image\" \/>\n<meta name=\"twitter:label1\" content=\"Escrito por\" \/>\n\t<meta name=\"twitter:data1\" content=\"Matheus Felipe\" \/>\n\t<meta name=\"twitter:label2\" content=\"Est. tempo de leitura\" \/>\n\t<meta name=\"twitter:data2\" content=\"5 minutos\" \/>\n<script type=\"application\/ld+json\" class=\"yoast-schema-graph\">{\"@context\":\"https:\/\/schema.org\",\"@graph\":[{\"@type\":\"NewsArticle\",\"@id\":\"https:\/\/www.gaveanews.com\/index.php\/2024\/11\/23\/declaracao-de-marinho-jogadores-sem-contrato-e-transmissao-do-carioca-2025-as-ultimas-noticias-do-fluminense\/#article\",\"isPartOf\":{\"@id\":\"https:\/\/www.gaveanews.com\/index.php\/2024\/11\/23\/declaracao-de-marinho-jogadores-sem-contrato-e-transmissao-do-carioca-2025-as-ultimas-noticias-do-fluminense\/\"},\"author\":{\"name\":\"Matheus Felipe\",\"@id\":\"https:\/\/www.gaveanews.com\/#\/schema\/person\/8207cd4627f56151707418bfc835b2fb\"},\"headline\":\"Declara\u00e7\u00e3o de Marinho, jogadores sem contrato e transmiss\u00e3o do Carioca 2025: as \u00faltimas not\u00edcias do Fluminense\",\"datePublished\":\"2024-11-23T23:50:00+00:00\",\"mainEntityOfPage\":{\"@id\":\"https:\/\/www.gaveanews.com\/index.php\/2024\/11\/23\/declaracao-de-marinho-jogadores-sem-contrato-e-transmissao-do-carioca-2025-as-ultimas-noticias-do-fluminense\/\"},\"wordCount\":743,\"commentCount\":0,\"image\":{\"@id\":\"https:\/\/www.gaveanews.com\/index.php\/2024\/11\/23\/declaracao-de-marinho-jogadores-sem-contrato-e-transmissao-do-carioca-2025-as-ultimas-noticias-do-fluminense\/#primaryimage\"},\"thumbnailUrl\":\"https:\/\/www.gaveanews.com\/wp-content\/uploads\/53413588107_df8d1cb73b_k-aspect-ratio-512-320-2.webp\",\"articleSection\":[\"Fluminense\"],\"inLanguage\":\"pt-BR\",\"potentialAction\":[{\"@type\":\"CommentAction\",\"name\":\"Comment\",\"target\":[\"https:\/\/www.gaveanews.com\/index.php\/2024\/11\/23\/declaracao-de-marinho-jogadores-sem-contrato-e-transmissao-do-carioca-2025-as-ultimas-noticias-do-fluminense\/#respond\"]}],\"copyrightYear\":\"2024\",\"copyrightHolder\":{\"@id\":\"https:\/\/www.gaveanews.com\/#organization\"}},{\"@type\":\"WebPage\",\"@id\":\"https:\/\/www.gaveanews.com\/index.php\/2024\/11\/23\/declaracao-de-marinho-jogadores-sem-contrato-e-transmissao-do-carioca-2025-as-ultimas-noticias-do-fluminense\/\",\"url\":\"https:\/\/www.gaveanews.com\/index.php\/2024\/11\/23\/declaracao-de-marinho-jogadores-sem-contrato-e-transmissao-do-carioca-2025-as-ultimas-noticias-do-fluminense\/\",\"name\":\"Declara\u00e7\u00e3o de Marinho, jogadores sem contrato e transmiss\u00e3o do Carioca 2025: as \u00faltimas not\u00edcias do Fluminense\",\"isPartOf\":{\"@id\":\"https:\/\/www.gaveanews.com\/#website\"},\"primaryImageOfPage\":{\"@id\":\"https:\/\/www.gaveanews.com\/index.php\/2024\/11\/23\/declaracao-de-marinho-jogadores-sem-contrato-e-transmissao-do-carioca-2025-as-ultimas-noticias-do-fluminense\/#primaryimage\"},\"image\":{\"@id\":\"https:\/\/www.gaveanews.com\/index.php\/2024\/11\/23\/declaracao-de-marinho-jogadores-sem-contrato-e-transmissao-do-carioca-2025-as-ultimas-noticias-do-fluminense\/#primaryimage\"},\"thumbnailUrl\":\"https:\/\/www.gaveanews.com\/wp-content\/uploads\/53413588107_df8d1cb73b_k-aspect-ratio-512-320-2.webp\",\"datePublished\":\"2024-11-23T23:50:00+00:00\",\"author\":{\"@id\":\"https:\/\/www.gaveanews.com\/#\/schema\/person\/8207cd4627f56151707418bfc835b2fb\"},\"breadcrumb\":{\"@id\":\"https:\/\/www.gaveanews.com\/index.php\/2024\/11\/23\/declaracao-de-marinho-jogadores-sem-contrato-e-transmissao-do-carioca-2025-as-ultimas-noticias-do-fluminense\/#breadcrumb\"},\"inLanguage\":\"pt-BR\",\"potentialAction\":[{\"@type\":\"ReadAction\",\"target\":[\"https:\/\/www.gaveanews.com\/index.php\/2024\/11\/23\/declaracao-de-marinho-jogadores-sem-contrato-e-transmissao-do-carioca-2025-as-ultimas-noticias-do-fluminense\/\"]}]},{\"@type\":\"ImageObject\",\"inLanguage\":\"pt-BR\",\"@id\":\"https:\/\/www.gaveanews.com\/index.php\/2024\/11\/23\/declaracao-de-marinho-jogadores-sem-contrato-e-transmissao-do-carioca-2025-as-ultimas-noticias-do-fluminense\/#primaryimage\",\"url\":\"https:\/\/www.gaveanews.com\/wp-content\/uploads\/53413588107_df8d1cb73b_k-aspect-ratio-512-320-2.webp\",\"contentUrl\":\"https:\/\/www.gaveanews.com\/wp-content\/uploads\/53413588107_df8d1cb73b_k-aspect-ratio-512-320-2.webp\",\"width\":850,\"height\":530,\"caption\":\"Foto: Lucas Mer\u00e7on\/Fluminense\"},{\"@type\":\"BreadcrumbList\",\"@id\":\"https:\/\/www.gaveanews.com\/index.php\/2024\/11\/23\/declaracao-de-marinho-jogadores-sem-contrato-e-transmissao-do-carioca-2025-as-ultimas-noticias-do-fluminense\/#breadcrumb\",\"itemListElement\":[{\"@type\":\"ListItem\",\"position\":1,\"name\":\"Home\",\"item\":\"https:\/\/www.gaveanews.com\/\"},{\"@type\":\"ListItem\",\"position\":2,\"name\":\"Declara\u00e7\u00e3o de Marinho, jogadores sem contrato e transmiss\u00e3o do Carioca 2025: as \u00faltimas not\u00edcias do Fluminense\"}]},{\"@type\":\"WebSite\",\"@id\":\"https:\/\/www.gaveanews.com\/#website\",\"url\":\"https:\/\/www.gaveanews.com\/\",\"name\":\"G\u00e1vea News\",\"description\":\"Veja todas as not\u00edcias sobre o Flamengo: Contrata\u00e7\u00f5es, categorias de base, resultados das partidas, tabela de classifica\u00e7\u00e3o, pr\u00f3ximos jogos!\",\"potentialAction\":[{\"@type\":\"SearchAction\",\"target\":{\"@type\":\"EntryPoint\",\"urlTemplate\":\"https:\/\/www.gaveanews.com\/?s={search_term_string}\"},\"query-input\":{\"@type\":\"PropertyValueSpecification\",\"valueRequired\":true,\"valueName\":\"search_term_string\"}}],\"inLanguage\":\"pt-BR\"},{\"@type\":\"Person\",\"@id\":\"https:\/\/www.gaveanews.com\/#\/schema\/person\/8207cd4627f56151707418bfc835b2fb\",\"name\":\"Matheus Felipe\",\"image\":{\"@type\":\"ImageObject\",\"inLanguage\":\"pt-BR\",\"@id\":\"https:\/\/www.gaveanews.com\/#\/schema\/person\/image\/\",\"url\":\"https:\/\/secure.gravatar.com\/avatar\/a452ffbed9130f726358b298bb3a99ce4bd3c5338411f8440e87e14d74c7c087?s=96&d=mm&r=g\",\"contentUrl\":\"https:\/\/secure.gravatar.com\/avatar\/a452ffbed9130f726358b298bb3a99ce4bd3c5338411f8440e87e14d74c7c087?s=96&d=mm&r=g\",\"caption\":\"Matheus Felipe\"}}]}<\/script>\n<!-- \/ Yoast SEO Premium plugin. -->","yoast_head_json":{"title":"Declara\u00e7\u00e3o de Marinho, jogadores sem contrato e transmiss\u00e3o do Carioca 2025: as \u00faltimas not\u00edcias do Fluminense","robots":{"index":"index","follow":"follow","max-snippet":"max-snippet:-1","max-image-preview":"max-image-preview:large","max-video-preview":"max-video-preview:-1"},"canonical":"https:\/\/www.gaveanews.com\/index.php\/2024\/11\/23\/declaracao-de-marinho-jogadores-sem-contrato-e-transmissao-do-carioca-2025-as-ultimas-noticias-do-fluminense\/","og_locale":"pt_BR","og_type":"article","og_title":"Declara\u00e7\u00e3o de Marinho, jogadores sem contrato e transmiss\u00e3o do Carioca 2025: as \u00faltimas not\u00edcias do Fluminense","og_description":"Nas \u00faltimas horas, o foco das not\u00edcias sobre o Fluminense se concentram nos bastidores do clube, com destaques como a declara\u00e7\u00e3o de Marinho e os jogadores sem contrato. Por conta deste contexto, leia abaixo um resumo preparado pela equipe do portal G\u00e1vea News para lhe manter muito bem informado! Transmiss\u00e3o do Carioca A Rede Globo [&hellip;]","og_url":"https:\/\/www.gaveanews.com\/index.php\/2024\/11\/23\/declaracao-de-marinho-jogadores-sem-contrato-e-transmissao-do-carioca-2025-as-ultimas-noticias-do-fluminense\/","og_site_name":"G\u00e1vea News","article_publisher":"https:\/\/facebook.com\/gaveaNews\/","article_published_time":"2024-11-23T23:50:00+00:00","og_image":[{"width":850,"height":530,"url":"https:\/\/www.gaveanews.com\/wp-content\/uploads\/53413588107_df8d1cb73b_k-aspect-ratio-512-320-2.webp","type":"image\/webp"}],"author":"Matheus Felipe","twitter_card":"summary_large_image","twitter_misc":{"Escrito por":"Matheus Felipe","Est. tempo de leitura":"5 minutos"},"schema":{"@context":"https:\/\/schema.org","@graph":[{"@type":"NewsArticle","@id":"https:\/\/www.gaveanews.com\/index.php\/2024\/11\/23\/declaracao-de-marinho-jogadores-sem-contrato-e-transmissao-do-carioca-2025-as-ultimas-noticias-do-fluminense\/#article","isPartOf":{"@id":"https:\/\/www.gaveanews.com\/index.php\/2024\/11\/23\/declaracao-de-marinho-jogadores-sem-contrato-e-transmissao-do-carioca-2025-as-ultimas-noticias-do-fluminense\/"},"author":{"name":"Matheus Felipe","@id":"https:\/\/www.gaveanews.com\/#\/schema\/person\/8207cd4627f56151707418bfc835b2fb"},"headline":"Declara\u00e7\u00e3o de Marinho, jogadores sem contrato e transmiss\u00e3o do Carioca 2025: as \u00faltimas not\u00edcias do Fluminense","datePublished":"2024-11-23T23:50:00+00:00","mainEntityOfPage":{"@id":"https:\/\/www.gaveanews.com\/index.php\/2024\/11\/23\/declaracao-de-marinho-jogadores-sem-contrato-e-transmissao-do-carioca-2025-as-ultimas-noticias-do-fluminense\/"},"wordCount":743,"commentCount":0,"image":{"@id":"https:\/\/www.gaveanews.com\/index.php\/2024\/11\/23\/declaracao-de-marinho-jogadores-sem-contrato-e-transmissao-do-carioca-2025-as-ultimas-noticias-do-fluminense\/#primaryimage"},"thumbnailUrl":"https:\/\/www.gaveanews.com\/wp-content\/uploads\/53413588107_df8d1cb73b_k-aspect-ratio-512-320-2.webp","articleSection":["Fluminense"],"inLanguage":"pt-BR","potentialAction":[{"@type":"CommentAction","name":"Comment","target":["https:\/\/www.gaveanews.com\/index.php\/2024\/11\/23\/declaracao-de-marinho-jogadores-sem-contrato-e-transmissao-do-carioca-2025-as-ultimas-noticias-do-fluminense\/#respond"]}],"copyrightYear":"2024","copyrightHolder":{"@id":"https:\/\/www.gaveanews.com\/#organization"}},{"@type":"WebPage","@id":"https:\/\/www.gaveanews.com\/index.php\/2024\/11\/23\/declaracao-de-marinho-jogadores-sem-contrato-e-transmissao-do-carioca-2025-as-ultimas-noticias-do-fluminense\/","url":"https:\/\/www.gaveanews.com\/index.php\/2024\/11\/23\/declaracao-de-marinho-jogadores-sem-contrato-e-transmissao-do-carioca-2025-as-ultimas-noticias-do-fluminense\/","name":"Declara\u00e7\u00e3o de Marinho, jogadores sem contrato e transmiss\u00e3o do Carioca 2025: as \u00faltimas not\u00edcias do Fluminense","isPartOf":{"@id":"https:\/\/www.gaveanews.com\/#website"},"primaryImageOfPage":{"@id":"https:\/\/www.gaveanews.com\/index.php\/2024\/11\/23\/declaracao-de-marinho-jogadores-sem-contrato-e-transmissao-do-carioca-2025-as-ultimas-noticias-do-fluminense\/#primaryimage"},"image":{"@id":"https:\/\/www.gaveanews.com\/index.php\/2024\/11\/23\/declaracao-de-marinho-jogadores-sem-contrato-e-transmissao-do-carioca-2025-as-ultimas-noticias-do-fluminense\/#primaryimage"},"thumbnailUrl":"https:\/\/www.gaveanews.com\/wp-content\/uploads\/53413588107_df8d1cb73b_k-aspect-ratio-512-320-2.webp","datePublished":"2024-11-23T23:50:00+00:00","author":{"@id":"https:\/\/www.gaveanews.com\/#\/schema\/person\/8207cd4627f56151707418bfc835b2fb"},"breadcrumb":{"@id":"https:\/\/www.gaveanews.com\/index.php\/2024\/11\/23\/declaracao-de-marinho-jogadores-sem-contrato-e-transmissao-do-carioca-2025-as-ultimas-noticias-do-fluminense\/#breadcrumb"},"inLanguage":"pt-BR","potentialAction":[{"@type":"ReadAction","target":["https:\/\/www.gaveanews.com\/index.php\/2024\/11\/23\/declaracao-de-marinho-jogadores-sem-contrato-e-transmissao-do-carioca-2025-as-ultimas-noticias-do-fluminense\/"]}]},{"@type":"ImageObject","inLanguage":"pt-BR","@id":"https:\/\/www.gaveanews.com\/index.php\/2024\/11\/23\/declaracao-de-marinho-jogadores-sem-contrato-e-transmissao-do-carioca-2025-as-ultimas-noticias-do-fluminense\/#primaryimage","url":"https:\/\/www.gaveanews.com\/wp-content\/uploads\/53413588107_df8d1cb73b_k-aspect-ratio-512-320-2.webp","contentUrl":"https:\/\/www.gaveanews.com\/wp-content\/uploads\/53413588107_df8d1cb73b_k-aspect-ratio-512-320-2.webp","width":850,"height":530,"caption":"Foto: Lucas Mer\u00e7on\/Fluminense"},{"@type":"BreadcrumbList","@id":"https:\/\/www.gaveanews.com\/index.php\/2024\/11\/23\/declaracao-de-marinho-jogadores-sem-contrato-e-transmissao-do-carioca-2025-as-ultimas-noticias-do-fluminense\/#breadcrumb","itemListElement":[{"@type":"ListItem","position":1,"name":"Home","item":"https:\/\/www.gaveanews.com\/"},{"@type":"ListItem","position":2,"name":"Declara\u00e7\u00e3o de Marinho, jogadores sem contrato e transmiss\u00e3o do Carioca 2025: as \u00faltimas not\u00edcias do Fluminense"}]},{"@type":"WebSite","@id":"https:\/\/www.gaveanews.com\/#website","url":"https:\/\/www.gaveanews.com\/","name":"G\u00e1vea News","description":"Veja todas as not\u00edcias sobre o Flamengo: Contrata\u00e7\u00f5es, categorias de base, resultados das partidas, tabela de classifica\u00e7\u00e3o, pr\u00f3ximos jogos!","potentialAction":[{"@type":"SearchAction","target":{"@type":"EntryPoint","urlTemplate":"https:\/\/www.gaveanews.com\/?s={search_term_string}"},"query-input":{"@type":"PropertyValueSpecification","valueRequired":true,"valueName":"search_term_string"}}],"inLanguage":"pt-BR"},{"@type":"Person","@id":"https:\/\/www.gaveanews.com\/#\/schema\/person\/8207cd4627f56151707418bfc835b2fb","name":"Matheus Felipe","image":{"@type":"ImageObject","inLanguage":"pt-BR","@id":"https:\/\/www.gaveanews.com\/#\/schema\/person\/image\/","url":"https:\/\/secure.gravatar.com\/avatar\/a452ffbed9130f726358b298bb3a99ce4bd3c5338411f8440e87e14d74c7c087?s=96&d=mm&r=g","contentUrl":"https:\/\/secure.gravatar.com\/avatar\/a452ffbed9130f726358b298bb3a99ce4bd3c5338411f8440e87e14d74c7c087?s=96&d=mm&r=g","caption":"Matheus Felipe"}}]}},"_links":{"self":[{"href":"https:\/\/www.gaveanews.com\/index.php\/wp-json\/wp\/v2\/posts\/189610","targetHints":{"allow":["GET"]}}],"collection":[{"href":"https:\/\/www.gaveanews.com\/index.php\/wp-json\/wp\/v2\/posts"}],"about":[{"href":"https:\/\/www.gaveanews.com\/index.php\/wp-json\/wp\/v2\/types\/post"}],"author":[{"embeddable":true,"href":"https:\/\/www.gaveanews.com\/index.php\/wp-json\/wp\/v2\/users\/27"}],"replies":[{"embeddable":true,"href":"https:\/\/www.gaveanews.com\/index.php\/wp-json\/wp\/v2\/comments?post=189610"}],"version-history":[{"count":1,"href":"https:\/\/www.gaveanews.com\/index.php\/wp-json\/wp\/v2\/posts\/189610\/revisions"}],"predecessor-version":[{"id":189612,"href":"https:\/\/www.gaveanews.com\/index.php\/wp-json\/wp\/v2\/posts\/189610\/revisions\/189612"}],"wp:featuredmedia":[{"embeddable":true,"href":"https:\/\/www.gaveanews.com\/index.php\/wp-json\/wp\/v2\/media\/141970"}],"wp:attachment":[{"href":"https:\/\/www.gaveanews.com\/index.php\/wp-json\/wp\/v2\/media?parent=189610"}],"wp:term":[{"taxonomy":"category","embeddable":true,"href":"https:\/\/www.gaveanews.com\/index.php\/wp-json\/wp\/v2\/categories?post=189610"},{"taxonomy":"post_tag","embeddable":true,"href":"https:\/\/www.gaveanews.com\/index.php\/wp-json\/wp\/v2\/tags?post=189610"}],"curies":[{"name":"wp","href":"https:\/\/api.w.org\/{rel}","templated":true}]}}