{"id":189623,"date":"2024-11-23T20:55:00","date_gmt":"2024-11-23T23:55:00","guid":{"rendered":"https:\/\/www.gaveanews.com\/?p=189623"},"modified":"2024-11-23T19:52:48","modified_gmt":"2024-11-23T22:52:48","slug":"declaracao-de-vitor-roque-situacao-envolvendo-lucho-gonzalez-e-recado-de-braithwaite-as-ultimas-noticias-do-athletico-pr","status":"publish","type":"post","link":"https:\/\/www.gaveanews.com\/index.php\/2024\/11\/23\/declaracao-de-vitor-roque-situacao-envolvendo-lucho-gonzalez-e-recado-de-braithwaite-as-ultimas-noticias-do-athletico-pr\/","title":{"rendered":"Declara\u00e7\u00e3o de Vitor Roque, situa\u00e7\u00e3o envolvendo Lucho Gonz\u00e1lez e recado de Braithwaite: as \u00faltimas not\u00edcias do Athletico-PR"},"content":{"rendered":"\n<p>Nas \u00faltimas horas, o foco das not\u00edcias sobre o Athletico-PR se concentram nos bastidores do clube, com destaques como a situa\u00e7\u00e3o envolvendo Lucho Gonz\u00e1lez e recado de Braithwaite.<\/p>\n\n\n\n<p>Por conta deste contexto, leia abaixo um resumo preparado pela equipe do portal G\u00e1vea News para lhe manter muito bem informado!<\/p>\n\n\n\n<h2 class=\"wp-block-heading\" id=\"h-recado-de-braithwaite\">Recado de Braithwaite<\/h2>\n\n\n\n<p>O atacante dinamarqu\u00eas Martin Braithwaite, do Gr\u00eamio, criticou o uso de gramados sint\u00e9ticos no futebol brasileiro em entrevista ao programa <em>Bola da Vez<\/em>, da ESPN. Segundo ele, esses campos s\u00e3o perigosos para os atletas, aumentando o risco de les\u00f5es, e questionou como um pa\u00eds tradicional no futebol permite essa pr\u00e1tica. Ele citou como exemplo grandes equipes como Palmeiras, que utilizam esse tipo de gramado, embora o clima no Brasil permita o uso de gramados naturais <strong><a href=\"https:\/\/www.gaveanews.com\/index.php\/2024\/11\/18\/a-declaracao-de-braithwaite-sobre-o-futebol-brasileiro\/\">(leia a mat\u00e9ria completa).<\/a><\/strong><\/p>\n\n\n\n<figure class=\"wp-block-image size-large\"><img loading=\"lazy\" decoding=\"async\" width=\"1024\" height=\"683\" src=\"https:\/\/www.gaveanews.com\/wp-content\/uploads\/Braithwaite-com-a-camisa-do-Gremio-em-2024-1024x683.webp\" alt=\"\" class=\"wp-image-159019\" srcset=\"https:\/\/www.gaveanews.com\/wp-content\/uploads\/Braithwaite-com-a-camisa-do-Gremio-em-2024-1024x683.webp 1024w, https:\/\/www.gaveanews.com\/wp-content\/uploads\/Braithwaite-com-a-camisa-do-Gremio-em-2024-300x200.webp 300w, https:\/\/www.gaveanews.com\/wp-content\/uploads\/Braithwaite-com-a-camisa-do-Gremio-em-2024-768x512.webp 768w, https:\/\/www.gaveanews.com\/wp-content\/uploads\/Braithwaite-com-a-camisa-do-Gremio-em-2024-630x420.webp 630w, https:\/\/www.gaveanews.com\/wp-content\/uploads\/Braithwaite-com-a-camisa-do-Gremio-em-2024-1260x840.webp 1260w, https:\/\/www.gaveanews.com\/wp-content\/uploads\/Braithwaite-com-a-camisa-do-Gremio-em-2024-640x427.webp 640w, https:\/\/www.gaveanews.com\/wp-content\/uploads\/Braithwaite-com-a-camisa-do-Gremio-em-2024-1280x853.webp 1280w, https:\/\/www.gaveanews.com\/wp-content\/uploads\/Braithwaite-com-a-camisa-do-Gremio-em-2024-681x454.webp 681w, https:\/\/www.gaveanews.com\/wp-content\/uploads\/Braithwaite-com-a-camisa-do-Gremio-em-2024-1362x908.webp 1362w, https:\/\/www.gaveanews.com\/wp-content\/uploads\/Braithwaite-com-a-camisa-do-Gremio-em-2024-100x67.webp 100w, https:\/\/www.gaveanews.com\/wp-content\/uploads\/Braithwaite-com-a-camisa-do-Gremio-em-2024.webp 1440w\" sizes=\"auto, (max-width: 1024px) 100vw, 1024px\" \/><figcaption class=\"wp-element-caption\">Braithwaite com a camisa do Gr\u00eamio em 2024 (Foto: Lucas Uebel\/Gr\u00eamio)<\/figcaption><\/figure>\n\n\n\n<p>Braithwaite destacou tamb\u00e9m a diferen\u00e7a na qualidade dos campos entre Brasil e Europa. Ele mencionou que os gramados brasileiros s\u00e3o mais secos, o que torna o jogo mais lento em algumas ocasi\u00f5es, diferentemente do que experimentou em sua passagem por ligas como a dinamarquesa, francesa, inglesa e espanhola. <\/p>\n\n\n\n<p>Desde sua chegada ao Gr\u00eamio, no meio da temporada, o atacante soma seis gols e duas assist\u00eancias em 16 partidas.<\/p>\n\n\n\n<p>No Brasil, tr\u00eas est\u00e1dios da S\u00e9rie A utilizam gramado sint\u00e9tico: Allianz Parque (Palmeiras), Ligga Arena (Athletico-PR) e Est\u00e1dio Nilton Santos (Botafogo). As declara\u00e7\u00f5es de Braithwaite reacendem o debate sobre os impactos dessa tecnologia no desempenho e sa\u00fade dos jogadores, levantando quest\u00f5es sobre a necessidade de proteger os atletas em um esporte de alto rendimento.<\/p>\n\n\n\n<h2 class=\"wp-block-heading\" id=\"h-situacao-envolvendo-lucho-gonzalez\">Situa\u00e7\u00e3o envolvendo Lucho Gonz\u00e1lez <\/h2>\n\n\n\n<p>O Athletico-PR venceu o Atl\u00e9tico-GO por 2 a 0 na Ligga Arena, em jogo v\u00e1lido pela 34\u00aa rodada do Campeonato Brasileiro, com gols de Cuello e Nik\u00e3o. A vit\u00f3ria foi fundamental para o Furac\u00e3o, que abriu tr\u00eas pontos de vantagem em rela\u00e7\u00e3o ao Crici\u00fama, o primeiro time na zona de rebaixamento com 37 pontos. Apesar do resultado positivo, o t\u00e9cnico Lucho Gonz\u00e1lez pregou cautela e destacou a import\u00e2ncia de manter o foco na luta contra o Z4, especialmente com um confronto dif\u00edcil no domingo, fora de casa <strong><a href=\"https:\/\/www.gaveanews.com\/index.php\/2024\/11\/18\/a-declaracao-de-lucho-gonzalez-apos-vitoria-do-athletico-pr\/\">(leia a mat\u00e9ria completa).<\/a><\/strong><\/p>\n\n\n\n<figure class=\"wp-block-image size-full\"><img loading=\"lazy\" decoding=\"async\" width=\"860\" height=\"484\" src=\"https:\/\/www.gaveanews.com\/wp-content\/uploads\/lucho-gonzalez-athletico-860x484-1.webp\" alt=\"\" class=\"wp-image-173217\" srcset=\"https:\/\/www.gaveanews.com\/wp-content\/uploads\/lucho-gonzalez-athletico-860x484-1.webp 860w, https:\/\/www.gaveanews.com\/wp-content\/uploads\/lucho-gonzalez-athletico-860x484-1-300x169.webp 300w, https:\/\/www.gaveanews.com\/wp-content\/uploads\/lucho-gonzalez-athletico-860x484-1-768x432.webp 768w, https:\/\/www.gaveanews.com\/wp-content\/uploads\/lucho-gonzalez-athletico-860x484-1-746x420.webp 746w, https:\/\/www.gaveanews.com\/wp-content\/uploads\/lucho-gonzalez-athletico-860x484-1-640x360.webp 640w, https:\/\/www.gaveanews.com\/wp-content\/uploads\/lucho-gonzalez-athletico-860x484-1-681x383.webp 681w, https:\/\/www.gaveanews.com\/wp-content\/uploads\/lucho-gonzalez-athletico-860x484-1-100x56.webp 100w\" sizes=\"auto, (max-width: 860px) 100vw, 860px\" \/><figcaption class=\"wp-element-caption\">Foto: Gustavo Oliveira\/athletico.com.br\n<\/figcaption><\/figure>\n\n\n\n<p>Durante a partida, o atacante Lucas di Yorio desperdi\u00e7ou um p\u00eanalti quando o placar ainda estava zerado. Mesmo assim, Lucho saiu em defesa do jogador, elogiando sua atua\u00e7\u00e3o e justificando a escolha de escal\u00e1-lo com base na an\u00e1lise t\u00e1tica e nas condi\u00e7\u00f5es apresentadas nos treinamentos. Segundo o treinador, o desempenho geral de Yorio foi positivo, apesar do erro.<\/p>\n\n\n\n<p>Com a vit\u00f3ria, o Athletico-PR busca consolidar sua recupera\u00e7\u00e3o no campeonato e afastar de vez o risco de rebaixamento. Lucho destacou a competitividade interna no elenco como um fator crucial para manter o time competitivo nas rodadas finais, enfatizando a necessidade de seguir trabalhando para garantir a perman\u00eancia na S\u00e9rie A.<\/p>\n\n\n\n<h2 class=\"wp-block-heading\" id=\"h-declaracao-de-vitor-roque\">Declara\u00e7\u00e3o de Vitor Roque<\/h2>\n\n\n\n<p>Vitor Roque, uma das maiores promessas do futebol brasileiro nos \u00faltimos anos, enfrentou dificuldades em sua adapta\u00e7\u00e3o ao futebol europeu ap\u00f3s ser vendido pelo Athletico Paranaense ao Barcelona em dezembro de 2023, em uma negocia\u00e7\u00e3o de 74 milh\u00f5es de euros (cerca de 400 milh\u00f5es de reais). Apesar das expectativas, o jovem atacante teve poucas chances na equipe catal\u00e3, participando de apenas 16 partidas e marcando dois gols. Diante do cen\u00e1rio, foi emprestado ao Real Betis, onde reencontrou seu bom futebol e vive agora o melhor momento de sua carreira no continente europeu<strong><a href=\"https:\/\/www.gaveanews.com\/index.php\/2024\/11\/21\/a-declaracao-de-vitor-roque-direcionada-ao-barcelona\/\"> (leia a mat\u00e9ria completa).<\/a><\/strong><\/p>\n\n\n\n<figure class=\"wp-block-image size-large\"><img loading=\"lazy\" decoding=\"async\" width=\"1024\" height=\"576\" src=\"https:\/\/www.gaveanews.com\/wp-content\/uploads\/01hxvhxmrpcdvkes4jj4-1024x576.webp\" alt=\"\" class=\"wp-image-143153\" srcset=\"https:\/\/www.gaveanews.com\/wp-content\/uploads\/01hxvhxmrpcdvkes4jj4-1024x576.webp 1024w, https:\/\/www.gaveanews.com\/wp-content\/uploads\/01hxvhxmrpcdvkes4jj4-300x169.webp 300w, https:\/\/www.gaveanews.com\/wp-content\/uploads\/01hxvhxmrpcdvkes4jj4-768x432.webp 768w, https:\/\/www.gaveanews.com\/wp-content\/uploads\/01hxvhxmrpcdvkes4jj4-746x420.webp 746w, https:\/\/www.gaveanews.com\/wp-content\/uploads\/01hxvhxmrpcdvkes4jj4-640x360.webp 640w, https:\/\/www.gaveanews.com\/wp-content\/uploads\/01hxvhxmrpcdvkes4jj4-681x383.webp 681w, https:\/\/www.gaveanews.com\/wp-content\/uploads\/01hxvhxmrpcdvkes4jj4-100x56.webp 100w, https:\/\/www.gaveanews.com\/wp-content\/uploads\/01hxvhxmrpcdvkes4jj4.webp 1080w\" sizes=\"auto, (max-width: 1024px) 100vw, 1024px\" \/><figcaption class=\"wp-element-caption\">Vitor Roque vem sendo pouco aproveitado no Barcelona \/ Fran Santiago\/GettyImages\n<\/figcaption><\/figure>\n\n\n\n<p>Em entrevista \u00e0 TV oficial do Real Betis, Vitor Roque compartilhou detalhes sobre os desafios enfrentados na transi\u00e7\u00e3o para o Barcelona. Ele revelou ter descoberto sua transfer\u00eancia para a Espanha apenas uma semana antes de embarcar, sem tempo para se preparar ou se adaptar. Al\u00e9m disso, o atacante admitiu ter passado por momentos dif\u00edceis na Catalunha, mas destacou que essas experi\u00eancias o ajudaram a crescer como jogador e como pessoa. &#8220;S\u00f3 Deus e minha fam\u00edlia sabem o tanto que sofremos&#8221;, declarou o atleta.<\/p>\n\n\n\n<p>No Real Betis, com uma op\u00e7\u00e3o de compra estipulada em 30 milh\u00f5es de euros (cerca de 184 milh\u00f5es de reais), o brasileiro encontrou um ambiente mais favor\u00e1vel e vem se destacando com boas atua\u00e7\u00f5es. Seu desempenho em Sevilha demonstra que, apesar do in\u00edcio complicado no Barcelona, Vitor Roque tem o potencial de se consolidar como um dos grandes nomes brasileiros no futebol europeu.<\/p>\n\n\n\n<p><\/p>\n","protected":false},"excerpt":{"rendered":"<p>Nas \u00faltimas horas, o foco das not\u00edcias sobre o Athletico-PR se concentram nos bastidores do clube, com destaques como a situa\u00e7\u00e3o envolvendo Lucho Gonz\u00e1lez e recado de Braithwaite. Por conta deste contexto, leia abaixo um resumo preparado pela equipe do portal G\u00e1vea News para lhe manter muito bem informado! Recado de Braithwaite O atacante dinamarqu\u00eas [&hellip;]<\/p>\n","protected":false},"author":27,"featured_media":139304,"comment_status":"open","ping_status":"closed","sticky":false,"template":"","format":"standard","meta":{"footnotes":""},"categories":[134],"tags":[],"class_list":["post-189623","post","type-post","status-publish","format-standard","has-post-thumbnail","hentry","category-athletico-pr"],"yoast_head":"<!-- This site is optimized with the Yoast SEO Premium plugin v24.2 (Yoast SEO v26.9) - https:\/\/yoast.com\/product\/yoast-seo-premium-wordpress\/ -->\n<title>Declara\u00e7\u00e3o de Vitor Roque, situa\u00e7\u00e3o envolvendo Lucho Gonz\u00e1lez e recado de Braithwaite: as \u00faltimas not\u00edcias do Athletico-PR<\/title>\n<meta name=\"robots\" content=\"index, follow, max-snippet:-1, max-image-preview:large, max-video-preview:-1\" \/>\n<link rel=\"canonical\" href=\"https:\/\/www.gaveanews.com\/index.php\/2024\/11\/23\/declaracao-de-vitor-roque-situacao-envolvendo-lucho-gonzalez-e-recado-de-braithwaite-as-ultimas-noticias-do-athletico-pr\/\" \/>\n<meta property=\"og:locale\" content=\"pt_BR\" \/>\n<meta property=\"og:type\" content=\"article\" \/>\n<meta property=\"og:title\" content=\"Declara\u00e7\u00e3o de Vitor Roque, situa\u00e7\u00e3o envolvendo Lucho Gonz\u00e1lez e recado de Braithwaite: as \u00faltimas not\u00edcias do Athletico-PR\" \/>\n<meta property=\"og:description\" content=\"Nas \u00faltimas horas, o foco das not\u00edcias sobre o Athletico-PR se concentram nos bastidores do clube, com destaques como a situa\u00e7\u00e3o envolvendo Lucho Gonz\u00e1lez e recado de Braithwaite. Por conta deste contexto, leia abaixo um resumo preparado pela equipe do portal G\u00e1vea News para lhe manter muito bem informado! Recado de Braithwaite O atacante dinamarqu\u00eas [&hellip;]\" \/>\n<meta property=\"og:url\" content=\"https:\/\/www.gaveanews.com\/index.php\/2024\/11\/23\/declaracao-de-vitor-roque-situacao-envolvendo-lucho-gonzalez-e-recado-de-braithwaite-as-ultimas-noticias-do-athletico-pr\/\" \/>\n<meta property=\"og:site_name\" content=\"G\u00e1vea News\" \/>\n<meta property=\"article:publisher\" content=\"https:\/\/facebook.com\/gaveaNews\/\" \/>\n<meta property=\"article:published_time\" content=\"2024-11-23T23:55:00+00:00\" \/>\n<meta property=\"og:image\" content=\"https:\/\/www.gaveanews.com\/wp-content\/uploads\/Bandeira-do-Athletico-na-Arena-da-Baixada.webp\" \/>\n\t<meta property=\"og:image:width\" content=\"1600\" \/>\n\t<meta property=\"og:image:height\" content=\"1066\" \/>\n\t<meta property=\"og:image:type\" content=\"image\/jpeg\" \/>\n<meta name=\"author\" content=\"Matheus Felipe\" \/>\n<meta name=\"twitter:card\" content=\"summary_large_image\" \/>\n<meta name=\"twitter:label1\" content=\"Escrito por\" \/>\n\t<meta name=\"twitter:data1\" content=\"Matheus Felipe\" \/>\n\t<meta name=\"twitter:label2\" content=\"Est. tempo de leitura\" \/>\n\t<meta name=\"twitter:data2\" content=\"5 minutos\" \/>\n<script type=\"application\/ld+json\" class=\"yoast-schema-graph\">{\"@context\":\"https:\/\/schema.org\",\"@graph\":[{\"@type\":\"NewsArticle\",\"@id\":\"https:\/\/www.gaveanews.com\/index.php\/2024\/11\/23\/declaracao-de-vitor-roque-situacao-envolvendo-lucho-gonzalez-e-recado-de-braithwaite-as-ultimas-noticias-do-athletico-pr\/#article\",\"isPartOf\":{\"@id\":\"https:\/\/www.gaveanews.com\/index.php\/2024\/11\/23\/declaracao-de-vitor-roque-situacao-envolvendo-lucho-gonzalez-e-recado-de-braithwaite-as-ultimas-noticias-do-athletico-pr\/\"},\"author\":{\"name\":\"Matheus Felipe\",\"@id\":\"https:\/\/www.gaveanews.com\/#\/schema\/person\/8207cd4627f56151707418bfc835b2fb\"},\"headline\":\"Declara\u00e7\u00e3o de Vitor Roque, situa\u00e7\u00e3o envolvendo Lucho Gonz\u00e1lez e recado de Braithwaite: as \u00faltimas not\u00edcias do Athletico-PR\",\"datePublished\":\"2024-11-23T23:55:00+00:00\",\"mainEntityOfPage\":{\"@id\":\"https:\/\/www.gaveanews.com\/index.php\/2024\/11\/23\/declaracao-de-vitor-roque-situacao-envolvendo-lucho-gonzalez-e-recado-de-braithwaite-as-ultimas-noticias-do-athletico-pr\/\"},\"wordCount\":814,\"commentCount\":0,\"image\":{\"@id\":\"https:\/\/www.gaveanews.com\/index.php\/2024\/11\/23\/declaracao-de-vitor-roque-situacao-envolvendo-lucho-gonzalez-e-recado-de-braithwaite-as-ultimas-noticias-do-athletico-pr\/#primaryimage\"},\"thumbnailUrl\":\"https:\/\/www.gaveanews.com\/wp-content\/uploads\/Bandeira-do-Athletico-na-Arena-da-Baixada.webp\",\"articleSection\":[\"Athletico-PR\"],\"inLanguage\":\"pt-BR\",\"potentialAction\":[{\"@type\":\"CommentAction\",\"name\":\"Comment\",\"target\":[\"https:\/\/www.gaveanews.com\/index.php\/2024\/11\/23\/declaracao-de-vitor-roque-situacao-envolvendo-lucho-gonzalez-e-recado-de-braithwaite-as-ultimas-noticias-do-athletico-pr\/#respond\"]}],\"copyrightYear\":\"2024\",\"copyrightHolder\":{\"@id\":\"https:\/\/www.gaveanews.com\/#organization\"}},{\"@type\":\"WebPage\",\"@id\":\"https:\/\/www.gaveanews.com\/index.php\/2024\/11\/23\/declaracao-de-vitor-roque-situacao-envolvendo-lucho-gonzalez-e-recado-de-braithwaite-as-ultimas-noticias-do-athletico-pr\/\",\"url\":\"https:\/\/www.gaveanews.com\/index.php\/2024\/11\/23\/declaracao-de-vitor-roque-situacao-envolvendo-lucho-gonzalez-e-recado-de-braithwaite-as-ultimas-noticias-do-athletico-pr\/\",\"name\":\"Declara\u00e7\u00e3o de Vitor Roque, situa\u00e7\u00e3o envolvendo Lucho Gonz\u00e1lez e recado de Braithwaite: as \u00faltimas not\u00edcias do Athletico-PR\",\"isPartOf\":{\"@id\":\"https:\/\/www.gaveanews.com\/#website\"},\"primaryImageOfPage\":{\"@id\":\"https:\/\/www.gaveanews.com\/index.php\/2024\/11\/23\/declaracao-de-vitor-roque-situacao-envolvendo-lucho-gonzalez-e-recado-de-braithwaite-as-ultimas-noticias-do-athletico-pr\/#primaryimage\"},\"image\":{\"@id\":\"https:\/\/www.gaveanews.com\/index.php\/2024\/11\/23\/declaracao-de-vitor-roque-situacao-envolvendo-lucho-gonzalez-e-recado-de-braithwaite-as-ultimas-noticias-do-athletico-pr\/#primaryimage\"},\"thumbnailUrl\":\"https:\/\/www.gaveanews.com\/wp-content\/uploads\/Bandeira-do-Athletico-na-Arena-da-Baixada.webp\",\"datePublished\":\"2024-11-23T23:55:00+00:00\",\"author\":{\"@id\":\"https:\/\/www.gaveanews.com\/#\/schema\/person\/8207cd4627f56151707418bfc835b2fb\"},\"breadcrumb\":{\"@id\":\"https:\/\/www.gaveanews.com\/index.php\/2024\/11\/23\/declaracao-de-vitor-roque-situacao-envolvendo-lucho-gonzalez-e-recado-de-braithwaite-as-ultimas-noticias-do-athletico-pr\/#breadcrumb\"},\"inLanguage\":\"pt-BR\",\"potentialAction\":[{\"@type\":\"ReadAction\",\"target\":[\"https:\/\/www.gaveanews.com\/index.php\/2024\/11\/23\/declaracao-de-vitor-roque-situacao-envolvendo-lucho-gonzalez-e-recado-de-braithwaite-as-ultimas-noticias-do-athletico-pr\/\"]}]},{\"@type\":\"ImageObject\",\"inLanguage\":\"pt-BR\",\"@id\":\"https:\/\/www.gaveanews.com\/index.php\/2024\/11\/23\/declaracao-de-vitor-roque-situacao-envolvendo-lucho-gonzalez-e-recado-de-braithwaite-as-ultimas-noticias-do-athletico-pr\/#primaryimage\",\"url\":\"https:\/\/www.gaveanews.com\/wp-content\/uploads\/Bandeira-do-Athletico-na-Arena-da-Baixada.webp\",\"contentUrl\":\"https:\/\/www.gaveanews.com\/wp-content\/uploads\/Bandeira-do-Athletico-na-Arena-da-Baixada.webp\",\"width\":1600,\"height\":1066,\"caption\":\"Bandeira do Athletico na Arena da Baixada Jos\u00e9 (Foto: Jos\u00e9 Tramontin\/Athletico)\"},{\"@type\":\"BreadcrumbList\",\"@id\":\"https:\/\/www.gaveanews.com\/index.php\/2024\/11\/23\/declaracao-de-vitor-roque-situacao-envolvendo-lucho-gonzalez-e-recado-de-braithwaite-as-ultimas-noticias-do-athletico-pr\/#breadcrumb\",\"itemListElement\":[{\"@type\":\"ListItem\",\"position\":1,\"name\":\"Home\",\"item\":\"https:\/\/www.gaveanews.com\/\"},{\"@type\":\"ListItem\",\"position\":2,\"name\":\"Declara\u00e7\u00e3o de Vitor Roque, situa\u00e7\u00e3o envolvendo Lucho Gonz\u00e1lez e recado de Braithwaite: as \u00faltimas not\u00edcias do Athletico-PR\"}]},{\"@type\":\"WebSite\",\"@id\":\"https:\/\/www.gaveanews.com\/#website\",\"url\":\"https:\/\/www.gaveanews.com\/\",\"name\":\"G\u00e1vea News\",\"description\":\"Veja todas as not\u00edcias sobre o Flamengo: Contrata\u00e7\u00f5es, categorias de base, resultados das partidas, tabela de classifica\u00e7\u00e3o, pr\u00f3ximos jogos!\",\"potentialAction\":[{\"@type\":\"SearchAction\",\"target\":{\"@type\":\"EntryPoint\",\"urlTemplate\":\"https:\/\/www.gaveanews.com\/?s={search_term_string}\"},\"query-input\":{\"@type\":\"PropertyValueSpecification\",\"valueRequired\":true,\"valueName\":\"search_term_string\"}}],\"inLanguage\":\"pt-BR\"},{\"@type\":\"Person\",\"@id\":\"https:\/\/www.gaveanews.com\/#\/schema\/person\/8207cd4627f56151707418bfc835b2fb\",\"name\":\"Matheus Felipe\",\"image\":{\"@type\":\"ImageObject\",\"inLanguage\":\"pt-BR\",\"@id\":\"https:\/\/www.gaveanews.com\/#\/schema\/person\/image\/\",\"url\":\"https:\/\/secure.gravatar.com\/avatar\/a452ffbed9130f726358b298bb3a99ce4bd3c5338411f8440e87e14d74c7c087?s=96&d=mm&r=g\",\"contentUrl\":\"https:\/\/secure.gravatar.com\/avatar\/a452ffbed9130f726358b298bb3a99ce4bd3c5338411f8440e87e14d74c7c087?s=96&d=mm&r=g\",\"caption\":\"Matheus Felipe\"}}]}<\/script>\n<!-- \/ Yoast SEO Premium plugin. -->","yoast_head_json":{"title":"Declara\u00e7\u00e3o de Vitor Roque, situa\u00e7\u00e3o envolvendo Lucho Gonz\u00e1lez e recado de Braithwaite: as \u00faltimas not\u00edcias do Athletico-PR","robots":{"index":"index","follow":"follow","max-snippet":"max-snippet:-1","max-image-preview":"max-image-preview:large","max-video-preview":"max-video-preview:-1"},"canonical":"https:\/\/www.gaveanews.com\/index.php\/2024\/11\/23\/declaracao-de-vitor-roque-situacao-envolvendo-lucho-gonzalez-e-recado-de-braithwaite-as-ultimas-noticias-do-athletico-pr\/","og_locale":"pt_BR","og_type":"article","og_title":"Declara\u00e7\u00e3o de Vitor Roque, situa\u00e7\u00e3o envolvendo Lucho Gonz\u00e1lez e recado de Braithwaite: as \u00faltimas not\u00edcias do Athletico-PR","og_description":"Nas \u00faltimas horas, o foco das not\u00edcias sobre o Athletico-PR se concentram nos bastidores do clube, com destaques como a situa\u00e7\u00e3o envolvendo Lucho Gonz\u00e1lez e recado de Braithwaite. Por conta deste contexto, leia abaixo um resumo preparado pela equipe do portal G\u00e1vea News para lhe manter muito bem informado! Recado de Braithwaite O atacante dinamarqu\u00eas [&hellip;]","og_url":"https:\/\/www.gaveanews.com\/index.php\/2024\/11\/23\/declaracao-de-vitor-roque-situacao-envolvendo-lucho-gonzalez-e-recado-de-braithwaite-as-ultimas-noticias-do-athletico-pr\/","og_site_name":"G\u00e1vea News","article_publisher":"https:\/\/facebook.com\/gaveaNews\/","article_published_time":"2024-11-23T23:55:00+00:00","og_image":[{"width":1600,"height":1066,"url":"https:\/\/www.gaveanews.com\/wp-content\/uploads\/Bandeira-do-Athletico-na-Arena-da-Baixada.webp","type":"image\/jpeg"}],"author":"Matheus Felipe","twitter_card":"summary_large_image","twitter_misc":{"Escrito por":"Matheus Felipe","Est. tempo de leitura":"5 minutos"},"schema":{"@context":"https:\/\/schema.org","@graph":[{"@type":"NewsArticle","@id":"https:\/\/www.gaveanews.com\/index.php\/2024\/11\/23\/declaracao-de-vitor-roque-situacao-envolvendo-lucho-gonzalez-e-recado-de-braithwaite-as-ultimas-noticias-do-athletico-pr\/#article","isPartOf":{"@id":"https:\/\/www.gaveanews.com\/index.php\/2024\/11\/23\/declaracao-de-vitor-roque-situacao-envolvendo-lucho-gonzalez-e-recado-de-braithwaite-as-ultimas-noticias-do-athletico-pr\/"},"author":{"name":"Matheus Felipe","@id":"https:\/\/www.gaveanews.com\/#\/schema\/person\/8207cd4627f56151707418bfc835b2fb"},"headline":"Declara\u00e7\u00e3o de Vitor Roque, situa\u00e7\u00e3o envolvendo Lucho Gonz\u00e1lez e recado de Braithwaite: as \u00faltimas not\u00edcias do Athletico-PR","datePublished":"2024-11-23T23:55:00+00:00","mainEntityOfPage":{"@id":"https:\/\/www.gaveanews.com\/index.php\/2024\/11\/23\/declaracao-de-vitor-roque-situacao-envolvendo-lucho-gonzalez-e-recado-de-braithwaite-as-ultimas-noticias-do-athletico-pr\/"},"wordCount":814,"commentCount":0,"image":{"@id":"https:\/\/www.gaveanews.com\/index.php\/2024\/11\/23\/declaracao-de-vitor-roque-situacao-envolvendo-lucho-gonzalez-e-recado-de-braithwaite-as-ultimas-noticias-do-athletico-pr\/#primaryimage"},"thumbnailUrl":"https:\/\/www.gaveanews.com\/wp-content\/uploads\/Bandeira-do-Athletico-na-Arena-da-Baixada.webp","articleSection":["Athletico-PR"],"inLanguage":"pt-BR","potentialAction":[{"@type":"CommentAction","name":"Comment","target":["https:\/\/www.gaveanews.com\/index.php\/2024\/11\/23\/declaracao-de-vitor-roque-situacao-envolvendo-lucho-gonzalez-e-recado-de-braithwaite-as-ultimas-noticias-do-athletico-pr\/#respond"]}],"copyrightYear":"2024","copyrightHolder":{"@id":"https:\/\/www.gaveanews.com\/#organization"}},{"@type":"WebPage","@id":"https:\/\/www.gaveanews.com\/index.php\/2024\/11\/23\/declaracao-de-vitor-roque-situacao-envolvendo-lucho-gonzalez-e-recado-de-braithwaite-as-ultimas-noticias-do-athletico-pr\/","url":"https:\/\/www.gaveanews.com\/index.php\/2024\/11\/23\/declaracao-de-vitor-roque-situacao-envolvendo-lucho-gonzalez-e-recado-de-braithwaite-as-ultimas-noticias-do-athletico-pr\/","name":"Declara\u00e7\u00e3o de Vitor Roque, situa\u00e7\u00e3o envolvendo Lucho Gonz\u00e1lez e recado de Braithwaite: as \u00faltimas not\u00edcias do Athletico-PR","isPartOf":{"@id":"https:\/\/www.gaveanews.com\/#website"},"primaryImageOfPage":{"@id":"https:\/\/www.gaveanews.com\/index.php\/2024\/11\/23\/declaracao-de-vitor-roque-situacao-envolvendo-lucho-gonzalez-e-recado-de-braithwaite-as-ultimas-noticias-do-athletico-pr\/#primaryimage"},"image":{"@id":"https:\/\/www.gaveanews.com\/index.php\/2024\/11\/23\/declaracao-de-vitor-roque-situacao-envolvendo-lucho-gonzalez-e-recado-de-braithwaite-as-ultimas-noticias-do-athletico-pr\/#primaryimage"},"thumbnailUrl":"https:\/\/www.gaveanews.com\/wp-content\/uploads\/Bandeira-do-Athletico-na-Arena-da-Baixada.webp","datePublished":"2024-11-23T23:55:00+00:00","author":{"@id":"https:\/\/www.gaveanews.com\/#\/schema\/person\/8207cd4627f56151707418bfc835b2fb"},"breadcrumb":{"@id":"https:\/\/www.gaveanews.com\/index.php\/2024\/11\/23\/declaracao-de-vitor-roque-situacao-envolvendo-lucho-gonzalez-e-recado-de-braithwaite-as-ultimas-noticias-do-athletico-pr\/#breadcrumb"},"inLanguage":"pt-BR","potentialAction":[{"@type":"ReadAction","target":["https:\/\/www.gaveanews.com\/index.php\/2024\/11\/23\/declaracao-de-vitor-roque-situacao-envolvendo-lucho-gonzalez-e-recado-de-braithwaite-as-ultimas-noticias-do-athletico-pr\/"]}]},{"@type":"ImageObject","inLanguage":"pt-BR","@id":"https:\/\/www.gaveanews.com\/index.php\/2024\/11\/23\/declaracao-de-vitor-roque-situacao-envolvendo-lucho-gonzalez-e-recado-de-braithwaite-as-ultimas-noticias-do-athletico-pr\/#primaryimage","url":"https:\/\/www.gaveanews.com\/wp-content\/uploads\/Bandeira-do-Athletico-na-Arena-da-Baixada.webp","contentUrl":"https:\/\/www.gaveanews.com\/wp-content\/uploads\/Bandeira-do-Athletico-na-Arena-da-Baixada.webp","width":1600,"height":1066,"caption":"Bandeira do Athletico na Arena da Baixada Jos\u00e9 (Foto: Jos\u00e9 Tramontin\/Athletico)"},{"@type":"BreadcrumbList","@id":"https:\/\/www.gaveanews.com\/index.php\/2024\/11\/23\/declaracao-de-vitor-roque-situacao-envolvendo-lucho-gonzalez-e-recado-de-braithwaite-as-ultimas-noticias-do-athletico-pr\/#breadcrumb","itemListElement":[{"@type":"ListItem","position":1,"name":"Home","item":"https:\/\/www.gaveanews.com\/"},{"@type":"ListItem","position":2,"name":"Declara\u00e7\u00e3o de Vitor Roque, situa\u00e7\u00e3o envolvendo Lucho Gonz\u00e1lez e recado de Braithwaite: as \u00faltimas not\u00edcias do Athletico-PR"}]},{"@type":"WebSite","@id":"https:\/\/www.gaveanews.com\/#website","url":"https:\/\/www.gaveanews.com\/","name":"G\u00e1vea News","description":"Veja todas as not\u00edcias sobre o Flamengo: Contrata\u00e7\u00f5es, categorias de base, resultados das partidas, tabela de classifica\u00e7\u00e3o, pr\u00f3ximos jogos!","potentialAction":[{"@type":"SearchAction","target":{"@type":"EntryPoint","urlTemplate":"https:\/\/www.gaveanews.com\/?s={search_term_string}"},"query-input":{"@type":"PropertyValueSpecification","valueRequired":true,"valueName":"search_term_string"}}],"inLanguage":"pt-BR"},{"@type":"Person","@id":"https:\/\/www.gaveanews.com\/#\/schema\/person\/8207cd4627f56151707418bfc835b2fb","name":"Matheus Felipe","image":{"@type":"ImageObject","inLanguage":"pt-BR","@id":"https:\/\/www.gaveanews.com\/#\/schema\/person\/image\/","url":"https:\/\/secure.gravatar.com\/avatar\/a452ffbed9130f726358b298bb3a99ce4bd3c5338411f8440e87e14d74c7c087?s=96&d=mm&r=g","contentUrl":"https:\/\/secure.gravatar.com\/avatar\/a452ffbed9130f726358b298bb3a99ce4bd3c5338411f8440e87e14d74c7c087?s=96&d=mm&r=g","caption":"Matheus Felipe"}}]}},"_links":{"self":[{"href":"https:\/\/www.gaveanews.com\/index.php\/wp-json\/wp\/v2\/posts\/189623","targetHints":{"allow":["GET"]}}],"collection":[{"href":"https:\/\/www.gaveanews.com\/index.php\/wp-json\/wp\/v2\/posts"}],"about":[{"href":"https:\/\/www.gaveanews.com\/index.php\/wp-json\/wp\/v2\/types\/post"}],"author":[{"embeddable":true,"href":"https:\/\/www.gaveanews.com\/index.php\/wp-json\/wp\/v2\/users\/27"}],"replies":[{"embeddable":true,"href":"https:\/\/www.gaveanews.com\/index.php\/wp-json\/wp\/v2\/comments?post=189623"}],"version-history":[{"count":1,"href":"https:\/\/www.gaveanews.com\/index.php\/wp-json\/wp\/v2\/posts\/189623\/revisions"}],"predecessor-version":[{"id":189627,"href":"https:\/\/www.gaveanews.com\/index.php\/wp-json\/wp\/v2\/posts\/189623\/revisions\/189627"}],"wp:featuredmedia":[{"embeddable":true,"href":"https:\/\/www.gaveanews.com\/index.php\/wp-json\/wp\/v2\/media\/139304"}],"wp:attachment":[{"href":"https:\/\/www.gaveanews.com\/index.php\/wp-json\/wp\/v2\/media?parent=189623"}],"wp:term":[{"taxonomy":"category","embeddable":true,"href":"https:\/\/www.gaveanews.com\/index.php\/wp-json\/wp\/v2\/categories?post=189623"},{"taxonomy":"post_tag","embeddable":true,"href":"https:\/\/www.gaveanews.com\/index.php\/wp-json\/wp\/v2\/tags?post=189623"}],"curies":[{"name":"wp","href":"https:\/\/api.w.org\/{rel}","templated":true}]}}