{"id":189625,"date":"2024-11-23T20:45:00","date_gmt":"2024-11-23T23:45:00","guid":{"rendered":"https:\/\/www.gaveanews.com\/?p=189625"},"modified":"2024-11-23T19:53:32","modified_gmt":"2024-11-23T22:53:32","slug":"atitude-de-vinicius-junior-declaracao-de-rodri-e-situacao-envolvendo-neymar-as-ultimas-noticias-do-real-madrid","status":"publish","type":"post","link":"https:\/\/www.gaveanews.com\/index.php\/2024\/11\/23\/atitude-de-vinicius-junior-declaracao-de-rodri-e-situacao-envolvendo-neymar-as-ultimas-noticias-do-real-madrid\/","title":{"rendered":"Atitude de Vin\u00edcius J\u00fanior, declara\u00e7\u00e3o de Rodri e situa\u00e7\u00e3o envolvendo Neymar: as \u00faltimas not\u00edcias do Real Madrid"},"content":{"rendered":"\n<p>Nas \u00faltimas horas, o foco das not\u00edcias sobre o Real Madrid se concentram nos bastidores do clube, com destaques como a atitude de Vin\u00edcius J\u00fanior e a declara\u00e7\u00e3o de Rodri.<\/p>\n\n\n\n<p>Por conta deste contexto, leia abaixo um resumo preparado pela equipe do portal G\u00e1vea News para lhe manter muito bem informado!<\/p>\n\n\n\n<h2 class=\"wp-block-heading\" id=\"h-situacao-envolvendo-neymar\">Situa\u00e7\u00e3o envolvendo Neymar<\/h2>\n\n\n\n<p>Neymar utilizou sua conta no Instagram para rebater cr\u00edticas de Rodri, jogador do Manchester City e vencedor da Bola de Ouro, sobre Vinicius Jr. A publica\u00e7\u00e3o destacava coment\u00e1rios de Rodri que, al\u00e9m de apontar aspectos a serem melhorados no comportamento do atacante do Real Madrid, reconheceu sua habilidade como um dos melhores jogadores do mundo. Neymar respondeu com tom descontra\u00eddo, chamando Rodri de &#8220;falador&#8221; e reacendendo debates sobre a postura de Vinicius Jr. dentro e fora de campo <strong><a href=\"https:\/\/www.gaveanews.com\/index.php\/2024\/11\/22\/neymar-sai-em-defesa-de-vini-jr-apos-declaracoes-de-rodri\/\">(leia a mat\u00e9ria completa).<\/a><\/strong><\/p>\n\n\n\n<figure class=\"wp-block-image size-full\"><img loading=\"lazy\" decoding=\"async\" width=\"720\" height=\"480\" src=\"https:\/\/www.gaveanews.com\/wp-content\/uploads\/neymarjr_1705610097249-edited.webp\" alt=\"\" class=\"wp-image-122401\" srcset=\"https:\/\/www.gaveanews.com\/wp-content\/uploads\/neymarjr_1705610097249-edited.webp 720w, https:\/\/www.gaveanews.com\/wp-content\/uploads\/neymarjr_1705610097249-edited-300x200.webp 300w, https:\/\/www.gaveanews.com\/wp-content\/uploads\/neymarjr_1705610097249-edited-630x420.webp 630w, https:\/\/www.gaveanews.com\/wp-content\/uploads\/neymarjr_1705610097249-edited-640x427.webp 640w, https:\/\/www.gaveanews.com\/wp-content\/uploads\/neymarjr_1705610097249-edited-681x454.webp 681w, https:\/\/www.gaveanews.com\/wp-content\/uploads\/neymarjr_1705610097249-edited-100x67.webp 100w\" sizes=\"auto, (max-width: 720px) 100vw, 720px\" \/><figcaption class=\"wp-element-caption\">Neymar em a\u00e7\u00e3o pela Sele\u00e7\u00e3o Brasileira (Foto: Reprodu\u00e7\u00e3o\/Instagram)<\/figcaption><\/figure>\n\n\n\n<p>Rodri havia ressaltado que o Real Madrid, por seus valores como institui\u00e7\u00e3o, pode ajudar Vinicius a evoluir ainda mais. Al\u00e9m disso, o volante espanhol elogiou o clube merengue, chamando-o de &#8220;o melhor da hist\u00f3ria&#8221;, o que alimentou especula\u00e7\u00f5es sobre uma poss\u00edvel transfer\u00eancia sua para a equipe no futuro. <\/p>\n\n\n\n<p>Rodri tamb\u00e9m mencionou sua recupera\u00e7\u00e3o de uma grave les\u00e3o, afirmando que est\u00e1 focado em competi\u00e7\u00f5es importantes como a Liga das Na\u00e7\u00f5es e o Mundial de Clubes de 2025.<\/p>\n\n\n\n<p>As intera\u00e7\u00f5es entre Neymar e Rodri geraram repercuss\u00e3o nas redes sociais, evidenciando a influ\u00eancia dos atletas n\u00e3o apenas por suas performances em campo, mas tamb\u00e9m pelas opini\u00f5es que compartilham publicamente. Enquanto isso, Neymar segue se recuperando de les\u00e3o, acompanhando os desempenhos de seus colegas e refor\u00e7ando sua presen\u00e7a como l\u00edder e defensor de jogadores brasileiros.<\/p>\n\n\n\n<h2 class=\"wp-block-heading\" id=\"h-declaracao-de-rodri\">Declara\u00e7\u00e3o de Rodri<\/h2>\n\n\n\n<p>Rodri, vencedor da Bola de Ouro 2024, elogiou Vin\u00edcius J\u00fanior e comentou sobre o Real Madrid em entrevista ao programa espanhol &#8220;El Larguero&#8221;. O volante do Manchester City destacou Vini Jr. como um dos melhores jogadores do mundo, mas mencionou que o jovem ainda tem aspectos a aprimorar, como manter o foco dentro de campo. Rodri acredita que, com o apoio do Real Madrid, um clube que considera exemplar em valores, Vini Jr. continuar\u00e1 evoluindo. (leia a mat\u00e9ria completa)<\/p>\n\n\n\n<figure class=\"wp-block-image size-full\"><img loading=\"lazy\" decoding=\"async\" width=\"620\" height=\"349\" src=\"https:\/\/www.gaveanews.com\/wp-content\/uploads\/Trofeu-Bola-de-Ouro.webp\" alt=\"\" class=\"wp-image-89266\" srcset=\"https:\/\/www.gaveanews.com\/wp-content\/uploads\/Trofeu-Bola-de-Ouro.webp 620w, https:\/\/www.gaveanews.com\/wp-content\/uploads\/Trofeu-Bola-de-Ouro-300x169.webp 300w, https:\/\/www.gaveanews.com\/wp-content\/uploads\/Trofeu-Bola-de-Ouro-100x56.webp 100w\" sizes=\"auto, (max-width: 620px) 100vw, 620px\" \/><figcaption class=\"wp-element-caption\">Trof\u00e9u Bola de Ouro (Foto: Getty Images)<\/figcaption><\/figure>\n\n\n\n<p>Sobre o Real Madrid, Rodri n\u00e3o descartou uma futura transfer\u00eancia para o clube espanhol, afirmando que seria uma honra jogar pela equipe que considera &#8220;o melhor clube da hist\u00f3ria&#8221;. Essa declara\u00e7\u00e3o refor\u00e7ou sua admira\u00e7\u00e3o pelo clube merengue, mesmo enquanto se recupera de uma grave les\u00e3o no joelho que o afastar\u00e1 dos gramados at\u00e9 a temporada 2025\/2026.<\/p>\n\n\n\n<p>Rodri tamb\u00e9m compartilhou sua motiva\u00e7\u00e3o em retornar \u00e0 forma para competi\u00e7\u00f5es importantes, como o Mundial de Clubes e a Liga das Na\u00e7\u00f5es da UEFA. Enquanto isso, o Manchester City enfrenta desafios na Premier League e na Champions League sem a presen\u00e7a do volante, que foi pe\u00e7a-chave em suas conquistas recentes.<\/p>\n\n\n\n<h2 class=\"wp-block-heading\" id=\"h-atitude-de-vini-jr\">Atitude de Vini Jr<\/h2>\n\n\n\n<p>Vinicius J\u00fanior, destaque do Real Madrid, protagonizou um lance espetacular na goleada de 4 a 0 contra o Osasuna, pela 13\u00aa rodada da LaLiga. O gol, iniciado com um lan\u00e7amento preciso do goleiro Lunin, terminou com um drible desconcertante de Vinicius sobre o arqueiro advers\u00e1rio e uma finaliza\u00e7\u00e3o certeira. Este foi o segundo gol do atacante na partida, que se destacou n\u00e3o apenas pela habilidade, mas tamb\u00e9m por sua velocidade e vis\u00e3o de jogo <strong><a href=\"https:\/\/www.gaveanews.com\/index.php\/2024\/11\/22\/video-atitude-surpreendente-de-vinicius-junior-viraliza-no-instagram\/\">(leia a mat\u00e9ria completa).<\/a><\/strong><\/p>\n\n\n\n<figure class=\"wp-block-image size-large\"><img loading=\"lazy\" decoding=\"async\" width=\"1024\" height=\"576\" src=\"https:\/\/www.gaveanews.com\/wp-content\/uploads\/vini-jr-real-madrid-1024x576.webp\" alt=\"\" class=\"wp-image-109282\" srcset=\"https:\/\/www.gaveanews.com\/wp-content\/uploads\/vini-jr-real-madrid-1024x576.webp 1024w, https:\/\/www.gaveanews.com\/wp-content\/uploads\/vini-jr-real-madrid-300x169.webp 300w, https:\/\/www.gaveanews.com\/wp-content\/uploads\/vini-jr-real-madrid-768x432.webp 768w, https:\/\/www.gaveanews.com\/wp-content\/uploads\/vini-jr-real-madrid-747x420.webp 747w, https:\/\/www.gaveanews.com\/wp-content\/uploads\/vini-jr-real-madrid-640x360.webp 640w, https:\/\/www.gaveanews.com\/wp-content\/uploads\/vini-jr-real-madrid-681x383.webp 681w, https:\/\/www.gaveanews.com\/wp-content\/uploads\/vini-jr-real-madrid-100x56.webp 100w, https:\/\/www.gaveanews.com\/wp-content\/uploads\/vini-jr-real-madrid.webp 1080w\" sizes=\"auto, (max-width: 1024px) 100vw, 1024px\" \/><figcaption class=\"wp-element-caption\">Vini Jr em a\u00e7\u00e3o pelo Real Madrid (Foto: Divulga\u00e7\u00e3o\/Real Madrid)<\/figcaption><\/figure>\n\n\n\n<p>Al\u00e9m desse gol, Vinicius encerrou a partida com um hat-trick, reafirmando seu papel central no elenco de Carlo Ancelotti. A vit\u00f3ria foi crucial para o Real Madrid, que segue na persegui\u00e7\u00e3o ao l\u00edder Barcelona na competi\u00e7\u00e3o. O desempenho do atacante brasileiro reflete sua constante evolu\u00e7\u00e3o, consolidando-o como um dos maiores talentos de sua gera\u00e7\u00e3o e uma pe\u00e7a-chave na equipe merengue.<\/p>\n\n\n\n<p>O lance rapidamente viralizou nas redes sociais, com milh\u00f5es de visualiza\u00e7\u00f5es no Instagram, refor\u00e7ando a popularidade de Vinicius. Esse impacto digital reflete sua relev\u00e2ncia tanto dentro de campo quanto fora dele, ampliando ainda mais sua imagem como um dos jogadores mais midi\u00e1ticos e decisivos do futebol mundial.<\/p>\n","protected":false},"excerpt":{"rendered":"<p>Nas \u00faltimas horas, o foco das not\u00edcias sobre o Real Madrid se concentram nos bastidores do clube, com destaques como a atitude de Vin\u00edcius J\u00fanior e a declara\u00e7\u00e3o de Rodri. Por conta deste contexto, leia abaixo um resumo preparado pela equipe do portal G\u00e1vea News para lhe manter muito bem informado! Situa\u00e7\u00e3o envolvendo Neymar Neymar [&hellip;]<\/p>\n","protected":false},"author":27,"featured_media":141707,"comment_status":"open","ping_status":"closed","sticky":false,"template":"","format":"standard","meta":{"footnotes":""},"categories":[88],"tags":[],"class_list":["post-189625","post","type-post","status-publish","format-standard","has-post-thumbnail","hentry","category-real-madrid"],"yoast_head":"<!-- This site is optimized with the Yoast SEO Premium plugin v24.2 (Yoast SEO v26.9) - https:\/\/yoast.com\/product\/yoast-seo-premium-wordpress\/ -->\n<title>Atitude de Vin\u00edcius J\u00fanior, declara\u00e7\u00e3o de Rodri e situa\u00e7\u00e3o envolvendo Neymar: as \u00faltimas not\u00edcias do Real Madrid<\/title>\n<meta name=\"robots\" content=\"index, follow, max-snippet:-1, max-image-preview:large, max-video-preview:-1\" \/>\n<link rel=\"canonical\" href=\"https:\/\/www.gaveanews.com\/index.php\/2024\/11\/23\/atitude-de-vinicius-junior-declaracao-de-rodri-e-situacao-envolvendo-neymar-as-ultimas-noticias-do-real-madrid\/\" \/>\n<meta property=\"og:locale\" content=\"pt_BR\" \/>\n<meta property=\"og:type\" content=\"article\" \/>\n<meta property=\"og:title\" content=\"Atitude de Vin\u00edcius J\u00fanior, declara\u00e7\u00e3o de Rodri e situa\u00e7\u00e3o envolvendo Neymar: as \u00faltimas not\u00edcias do Real Madrid\" \/>\n<meta property=\"og:description\" content=\"Nas \u00faltimas horas, o foco das not\u00edcias sobre o Real Madrid se concentram nos bastidores do clube, com destaques como a atitude de Vin\u00edcius J\u00fanior e a declara\u00e7\u00e3o de Rodri. Por conta deste contexto, leia abaixo um resumo preparado pela equipe do portal G\u00e1vea News para lhe manter muito bem informado! Situa\u00e7\u00e3o envolvendo Neymar Neymar [&hellip;]\" \/>\n<meta property=\"og:url\" content=\"https:\/\/www.gaveanews.com\/index.php\/2024\/11\/23\/atitude-de-vinicius-junior-declaracao-de-rodri-e-situacao-envolvendo-neymar-as-ultimas-noticias-do-real-madrid\/\" \/>\n<meta property=\"og:site_name\" content=\"G\u00e1vea News\" \/>\n<meta property=\"article:publisher\" content=\"https:\/\/facebook.com\/gaveaNews\/\" \/>\n<meta property=\"article:published_time\" content=\"2024-11-23T23:45:00+00:00\" \/>\n<meta property=\"og:image\" content=\"https:\/\/www.gaveanews.com\/wp-content\/uploads\/Real-Madrid-jogadores-1024x576.jpg.webp\" \/>\n\t<meta property=\"og:image:width\" content=\"1024\" \/>\n\t<meta property=\"og:image:height\" content=\"576\" \/>\n\t<meta property=\"og:image:type\" content=\"image\/webp\" \/>\n<meta name=\"author\" content=\"Matheus Felipe\" \/>\n<meta name=\"twitter:card\" content=\"summary_large_image\" \/>\n<meta name=\"twitter:label1\" content=\"Escrito por\" \/>\n\t<meta name=\"twitter:data1\" content=\"Matheus Felipe\" \/>\n\t<meta name=\"twitter:label2\" content=\"Est. tempo de leitura\" \/>\n\t<meta name=\"twitter:data2\" content=\"5 minutos\" \/>\n<script type=\"application\/ld+json\" class=\"yoast-schema-graph\">{\"@context\":\"https:\/\/schema.org\",\"@graph\":[{\"@type\":\"NewsArticle\",\"@id\":\"https:\/\/www.gaveanews.com\/index.php\/2024\/11\/23\/atitude-de-vinicius-junior-declaracao-de-rodri-e-situacao-envolvendo-neymar-as-ultimas-noticias-do-real-madrid\/#article\",\"isPartOf\":{\"@id\":\"https:\/\/www.gaveanews.com\/index.php\/2024\/11\/23\/atitude-de-vinicius-junior-declaracao-de-rodri-e-situacao-envolvendo-neymar-as-ultimas-noticias-do-real-madrid\/\"},\"author\":{\"name\":\"Matheus Felipe\",\"@id\":\"https:\/\/www.gaveanews.com\/#\/schema\/person\/8207cd4627f56151707418bfc835b2fb\"},\"headline\":\"Atitude de Vin\u00edcius J\u00fanior, declara\u00e7\u00e3o de Rodri e situa\u00e7\u00e3o envolvendo Neymar: as \u00faltimas not\u00edcias do Real Madrid\",\"datePublished\":\"2024-11-23T23:45:00+00:00\",\"mainEntityOfPage\":{\"@id\":\"https:\/\/www.gaveanews.com\/index.php\/2024\/11\/23\/atitude-de-vinicius-junior-declaracao-de-rodri-e-situacao-envolvendo-neymar-as-ultimas-noticias-do-real-madrid\/\"},\"wordCount\":763,\"commentCount\":0,\"image\":{\"@id\":\"https:\/\/www.gaveanews.com\/index.php\/2024\/11\/23\/atitude-de-vinicius-junior-declaracao-de-rodri-e-situacao-envolvendo-neymar-as-ultimas-noticias-do-real-madrid\/#primaryimage\"},\"thumbnailUrl\":\"https:\/\/www.gaveanews.com\/wp-content\/uploads\/Real-Madrid-jogadores-1024x576.jpg.webp\",\"articleSection\":[\"Real Madrid\"],\"inLanguage\":\"pt-BR\",\"potentialAction\":[{\"@type\":\"CommentAction\",\"name\":\"Comment\",\"target\":[\"https:\/\/www.gaveanews.com\/index.php\/2024\/11\/23\/atitude-de-vinicius-junior-declaracao-de-rodri-e-situacao-envolvendo-neymar-as-ultimas-noticias-do-real-madrid\/#respond\"]}],\"copyrightYear\":\"2024\",\"copyrightHolder\":{\"@id\":\"https:\/\/www.gaveanews.com\/#organization\"}},{\"@type\":\"WebPage\",\"@id\":\"https:\/\/www.gaveanews.com\/index.php\/2024\/11\/23\/atitude-de-vinicius-junior-declaracao-de-rodri-e-situacao-envolvendo-neymar-as-ultimas-noticias-do-real-madrid\/\",\"url\":\"https:\/\/www.gaveanews.com\/index.php\/2024\/11\/23\/atitude-de-vinicius-junior-declaracao-de-rodri-e-situacao-envolvendo-neymar-as-ultimas-noticias-do-real-madrid\/\",\"name\":\"Atitude de Vin\u00edcius J\u00fanior, declara\u00e7\u00e3o de Rodri e situa\u00e7\u00e3o envolvendo Neymar: as \u00faltimas not\u00edcias do Real Madrid\",\"isPartOf\":{\"@id\":\"https:\/\/www.gaveanews.com\/#website\"},\"primaryImageOfPage\":{\"@id\":\"https:\/\/www.gaveanews.com\/index.php\/2024\/11\/23\/atitude-de-vinicius-junior-declaracao-de-rodri-e-situacao-envolvendo-neymar-as-ultimas-noticias-do-real-madrid\/#primaryimage\"},\"image\":{\"@id\":\"https:\/\/www.gaveanews.com\/index.php\/2024\/11\/23\/atitude-de-vinicius-junior-declaracao-de-rodri-e-situacao-envolvendo-neymar-as-ultimas-noticias-do-real-madrid\/#primaryimage\"},\"thumbnailUrl\":\"https:\/\/www.gaveanews.com\/wp-content\/uploads\/Real-Madrid-jogadores-1024x576.jpg.webp\",\"datePublished\":\"2024-11-23T23:45:00+00:00\",\"author\":{\"@id\":\"https:\/\/www.gaveanews.com\/#\/schema\/person\/8207cd4627f56151707418bfc835b2fb\"},\"breadcrumb\":{\"@id\":\"https:\/\/www.gaveanews.com\/index.php\/2024\/11\/23\/atitude-de-vinicius-junior-declaracao-de-rodri-e-situacao-envolvendo-neymar-as-ultimas-noticias-do-real-madrid\/#breadcrumb\"},\"inLanguage\":\"pt-BR\",\"potentialAction\":[{\"@type\":\"ReadAction\",\"target\":[\"https:\/\/www.gaveanews.com\/index.php\/2024\/11\/23\/atitude-de-vinicius-junior-declaracao-de-rodri-e-situacao-envolvendo-neymar-as-ultimas-noticias-do-real-madrid\/\"]}]},{\"@type\":\"ImageObject\",\"inLanguage\":\"pt-BR\",\"@id\":\"https:\/\/www.gaveanews.com\/index.php\/2024\/11\/23\/atitude-de-vinicius-junior-declaracao-de-rodri-e-situacao-envolvendo-neymar-as-ultimas-noticias-do-real-madrid\/#primaryimage\",\"url\":\"https:\/\/www.gaveanews.com\/wp-content\/uploads\/Real-Madrid-jogadores-1024x576.jpg.webp\",\"contentUrl\":\"https:\/\/www.gaveanews.com\/wp-content\/uploads\/Real-Madrid-jogadores-1024x576.jpg.webp\",\"width\":1024,\"height\":576,\"caption\":\"Jogadores do Real Madrid (Foto: Real Madrid CF)\"},{\"@type\":\"BreadcrumbList\",\"@id\":\"https:\/\/www.gaveanews.com\/index.php\/2024\/11\/23\/atitude-de-vinicius-junior-declaracao-de-rodri-e-situacao-envolvendo-neymar-as-ultimas-noticias-do-real-madrid\/#breadcrumb\",\"itemListElement\":[{\"@type\":\"ListItem\",\"position\":1,\"name\":\"Home\",\"item\":\"https:\/\/www.gaveanews.com\/\"},{\"@type\":\"ListItem\",\"position\":2,\"name\":\"Atitude de Vin\u00edcius J\u00fanior, declara\u00e7\u00e3o de Rodri e situa\u00e7\u00e3o envolvendo Neymar: as \u00faltimas not\u00edcias do Real Madrid\"}]},{\"@type\":\"WebSite\",\"@id\":\"https:\/\/www.gaveanews.com\/#website\",\"url\":\"https:\/\/www.gaveanews.com\/\",\"name\":\"G\u00e1vea News\",\"description\":\"Veja todas as not\u00edcias sobre o Flamengo: Contrata\u00e7\u00f5es, categorias de base, resultados das partidas, tabela de classifica\u00e7\u00e3o, pr\u00f3ximos jogos!\",\"potentialAction\":[{\"@type\":\"SearchAction\",\"target\":{\"@type\":\"EntryPoint\",\"urlTemplate\":\"https:\/\/www.gaveanews.com\/?s={search_term_string}\"},\"query-input\":{\"@type\":\"PropertyValueSpecification\",\"valueRequired\":true,\"valueName\":\"search_term_string\"}}],\"inLanguage\":\"pt-BR\"},{\"@type\":\"Person\",\"@id\":\"https:\/\/www.gaveanews.com\/#\/schema\/person\/8207cd4627f56151707418bfc835b2fb\",\"name\":\"Matheus Felipe\",\"image\":{\"@type\":\"ImageObject\",\"inLanguage\":\"pt-BR\",\"@id\":\"https:\/\/www.gaveanews.com\/#\/schema\/person\/image\/\",\"url\":\"https:\/\/secure.gravatar.com\/avatar\/a452ffbed9130f726358b298bb3a99ce4bd3c5338411f8440e87e14d74c7c087?s=96&d=mm&r=g\",\"contentUrl\":\"https:\/\/secure.gravatar.com\/avatar\/a452ffbed9130f726358b298bb3a99ce4bd3c5338411f8440e87e14d74c7c087?s=96&d=mm&r=g\",\"caption\":\"Matheus Felipe\"}}]}<\/script>\n<!-- \/ Yoast SEO Premium plugin. -->","yoast_head_json":{"title":"Atitude de Vin\u00edcius J\u00fanior, declara\u00e7\u00e3o de Rodri e situa\u00e7\u00e3o envolvendo Neymar: as \u00faltimas not\u00edcias do Real Madrid","robots":{"index":"index","follow":"follow","max-snippet":"max-snippet:-1","max-image-preview":"max-image-preview:large","max-video-preview":"max-video-preview:-1"},"canonical":"https:\/\/www.gaveanews.com\/index.php\/2024\/11\/23\/atitude-de-vinicius-junior-declaracao-de-rodri-e-situacao-envolvendo-neymar-as-ultimas-noticias-do-real-madrid\/","og_locale":"pt_BR","og_type":"article","og_title":"Atitude de Vin\u00edcius J\u00fanior, declara\u00e7\u00e3o de Rodri e situa\u00e7\u00e3o envolvendo Neymar: as \u00faltimas not\u00edcias do Real Madrid","og_description":"Nas \u00faltimas horas, o foco das not\u00edcias sobre o Real Madrid se concentram nos bastidores do clube, com destaques como a atitude de Vin\u00edcius J\u00fanior e a declara\u00e7\u00e3o de Rodri. Por conta deste contexto, leia abaixo um resumo preparado pela equipe do portal G\u00e1vea News para lhe manter muito bem informado! Situa\u00e7\u00e3o envolvendo Neymar Neymar [&hellip;]","og_url":"https:\/\/www.gaveanews.com\/index.php\/2024\/11\/23\/atitude-de-vinicius-junior-declaracao-de-rodri-e-situacao-envolvendo-neymar-as-ultimas-noticias-do-real-madrid\/","og_site_name":"G\u00e1vea News","article_publisher":"https:\/\/facebook.com\/gaveaNews\/","article_published_time":"2024-11-23T23:45:00+00:00","og_image":[{"width":1024,"height":576,"url":"https:\/\/www.gaveanews.com\/wp-content\/uploads\/Real-Madrid-jogadores-1024x576.jpg.webp","type":"image\/webp"}],"author":"Matheus Felipe","twitter_card":"summary_large_image","twitter_misc":{"Escrito por":"Matheus Felipe","Est. tempo de leitura":"5 minutos"},"schema":{"@context":"https:\/\/schema.org","@graph":[{"@type":"NewsArticle","@id":"https:\/\/www.gaveanews.com\/index.php\/2024\/11\/23\/atitude-de-vinicius-junior-declaracao-de-rodri-e-situacao-envolvendo-neymar-as-ultimas-noticias-do-real-madrid\/#article","isPartOf":{"@id":"https:\/\/www.gaveanews.com\/index.php\/2024\/11\/23\/atitude-de-vinicius-junior-declaracao-de-rodri-e-situacao-envolvendo-neymar-as-ultimas-noticias-do-real-madrid\/"},"author":{"name":"Matheus Felipe","@id":"https:\/\/www.gaveanews.com\/#\/schema\/person\/8207cd4627f56151707418bfc835b2fb"},"headline":"Atitude de Vin\u00edcius J\u00fanior, declara\u00e7\u00e3o de Rodri e situa\u00e7\u00e3o envolvendo Neymar: as \u00faltimas not\u00edcias do Real Madrid","datePublished":"2024-11-23T23:45:00+00:00","mainEntityOfPage":{"@id":"https:\/\/www.gaveanews.com\/index.php\/2024\/11\/23\/atitude-de-vinicius-junior-declaracao-de-rodri-e-situacao-envolvendo-neymar-as-ultimas-noticias-do-real-madrid\/"},"wordCount":763,"commentCount":0,"image":{"@id":"https:\/\/www.gaveanews.com\/index.php\/2024\/11\/23\/atitude-de-vinicius-junior-declaracao-de-rodri-e-situacao-envolvendo-neymar-as-ultimas-noticias-do-real-madrid\/#primaryimage"},"thumbnailUrl":"https:\/\/www.gaveanews.com\/wp-content\/uploads\/Real-Madrid-jogadores-1024x576.jpg.webp","articleSection":["Real Madrid"],"inLanguage":"pt-BR","potentialAction":[{"@type":"CommentAction","name":"Comment","target":["https:\/\/www.gaveanews.com\/index.php\/2024\/11\/23\/atitude-de-vinicius-junior-declaracao-de-rodri-e-situacao-envolvendo-neymar-as-ultimas-noticias-do-real-madrid\/#respond"]}],"copyrightYear":"2024","copyrightHolder":{"@id":"https:\/\/www.gaveanews.com\/#organization"}},{"@type":"WebPage","@id":"https:\/\/www.gaveanews.com\/index.php\/2024\/11\/23\/atitude-de-vinicius-junior-declaracao-de-rodri-e-situacao-envolvendo-neymar-as-ultimas-noticias-do-real-madrid\/","url":"https:\/\/www.gaveanews.com\/index.php\/2024\/11\/23\/atitude-de-vinicius-junior-declaracao-de-rodri-e-situacao-envolvendo-neymar-as-ultimas-noticias-do-real-madrid\/","name":"Atitude de Vin\u00edcius J\u00fanior, declara\u00e7\u00e3o de Rodri e situa\u00e7\u00e3o envolvendo Neymar: as \u00faltimas not\u00edcias do Real Madrid","isPartOf":{"@id":"https:\/\/www.gaveanews.com\/#website"},"primaryImageOfPage":{"@id":"https:\/\/www.gaveanews.com\/index.php\/2024\/11\/23\/atitude-de-vinicius-junior-declaracao-de-rodri-e-situacao-envolvendo-neymar-as-ultimas-noticias-do-real-madrid\/#primaryimage"},"image":{"@id":"https:\/\/www.gaveanews.com\/index.php\/2024\/11\/23\/atitude-de-vinicius-junior-declaracao-de-rodri-e-situacao-envolvendo-neymar-as-ultimas-noticias-do-real-madrid\/#primaryimage"},"thumbnailUrl":"https:\/\/www.gaveanews.com\/wp-content\/uploads\/Real-Madrid-jogadores-1024x576.jpg.webp","datePublished":"2024-11-23T23:45:00+00:00","author":{"@id":"https:\/\/www.gaveanews.com\/#\/schema\/person\/8207cd4627f56151707418bfc835b2fb"},"breadcrumb":{"@id":"https:\/\/www.gaveanews.com\/index.php\/2024\/11\/23\/atitude-de-vinicius-junior-declaracao-de-rodri-e-situacao-envolvendo-neymar-as-ultimas-noticias-do-real-madrid\/#breadcrumb"},"inLanguage":"pt-BR","potentialAction":[{"@type":"ReadAction","target":["https:\/\/www.gaveanews.com\/index.php\/2024\/11\/23\/atitude-de-vinicius-junior-declaracao-de-rodri-e-situacao-envolvendo-neymar-as-ultimas-noticias-do-real-madrid\/"]}]},{"@type":"ImageObject","inLanguage":"pt-BR","@id":"https:\/\/www.gaveanews.com\/index.php\/2024\/11\/23\/atitude-de-vinicius-junior-declaracao-de-rodri-e-situacao-envolvendo-neymar-as-ultimas-noticias-do-real-madrid\/#primaryimage","url":"https:\/\/www.gaveanews.com\/wp-content\/uploads\/Real-Madrid-jogadores-1024x576.jpg.webp","contentUrl":"https:\/\/www.gaveanews.com\/wp-content\/uploads\/Real-Madrid-jogadores-1024x576.jpg.webp","width":1024,"height":576,"caption":"Jogadores do Real Madrid (Foto: Real Madrid CF)"},{"@type":"BreadcrumbList","@id":"https:\/\/www.gaveanews.com\/index.php\/2024\/11\/23\/atitude-de-vinicius-junior-declaracao-de-rodri-e-situacao-envolvendo-neymar-as-ultimas-noticias-do-real-madrid\/#breadcrumb","itemListElement":[{"@type":"ListItem","position":1,"name":"Home","item":"https:\/\/www.gaveanews.com\/"},{"@type":"ListItem","position":2,"name":"Atitude de Vin\u00edcius J\u00fanior, declara\u00e7\u00e3o de Rodri e situa\u00e7\u00e3o envolvendo Neymar: as \u00faltimas not\u00edcias do Real Madrid"}]},{"@type":"WebSite","@id":"https:\/\/www.gaveanews.com\/#website","url":"https:\/\/www.gaveanews.com\/","name":"G\u00e1vea News","description":"Veja todas as not\u00edcias sobre o Flamengo: Contrata\u00e7\u00f5es, categorias de base, resultados das partidas, tabela de classifica\u00e7\u00e3o, pr\u00f3ximos jogos!","potentialAction":[{"@type":"SearchAction","target":{"@type":"EntryPoint","urlTemplate":"https:\/\/www.gaveanews.com\/?s={search_term_string}"},"query-input":{"@type":"PropertyValueSpecification","valueRequired":true,"valueName":"search_term_string"}}],"inLanguage":"pt-BR"},{"@type":"Person","@id":"https:\/\/www.gaveanews.com\/#\/schema\/person\/8207cd4627f56151707418bfc835b2fb","name":"Matheus Felipe","image":{"@type":"ImageObject","inLanguage":"pt-BR","@id":"https:\/\/www.gaveanews.com\/#\/schema\/person\/image\/","url":"https:\/\/secure.gravatar.com\/avatar\/a452ffbed9130f726358b298bb3a99ce4bd3c5338411f8440e87e14d74c7c087?s=96&d=mm&r=g","contentUrl":"https:\/\/secure.gravatar.com\/avatar\/a452ffbed9130f726358b298bb3a99ce4bd3c5338411f8440e87e14d74c7c087?s=96&d=mm&r=g","caption":"Matheus Felipe"}}]}},"_links":{"self":[{"href":"https:\/\/www.gaveanews.com\/index.php\/wp-json\/wp\/v2\/posts\/189625","targetHints":{"allow":["GET"]}}],"collection":[{"href":"https:\/\/www.gaveanews.com\/index.php\/wp-json\/wp\/v2\/posts"}],"about":[{"href":"https:\/\/www.gaveanews.com\/index.php\/wp-json\/wp\/v2\/types\/post"}],"author":[{"embeddable":true,"href":"https:\/\/www.gaveanews.com\/index.php\/wp-json\/wp\/v2\/users\/27"}],"replies":[{"embeddable":true,"href":"https:\/\/www.gaveanews.com\/index.php\/wp-json\/wp\/v2\/comments?post=189625"}],"version-history":[{"count":1,"href":"https:\/\/www.gaveanews.com\/index.php\/wp-json\/wp\/v2\/posts\/189625\/revisions"}],"predecessor-version":[{"id":189628,"href":"https:\/\/www.gaveanews.com\/index.php\/wp-json\/wp\/v2\/posts\/189625\/revisions\/189628"}],"wp:featuredmedia":[{"embeddable":true,"href":"https:\/\/www.gaveanews.com\/index.php\/wp-json\/wp\/v2\/media\/141707"}],"wp:attachment":[{"href":"https:\/\/www.gaveanews.com\/index.php\/wp-json\/wp\/v2\/media?parent=189625"}],"wp:term":[{"taxonomy":"category","embeddable":true,"href":"https:\/\/www.gaveanews.com\/index.php\/wp-json\/wp\/v2\/categories?post=189625"},{"taxonomy":"post_tag","embeddable":true,"href":"https:\/\/www.gaveanews.com\/index.php\/wp-json\/wp\/v2\/tags?post=189625"}],"curies":[{"name":"wp","href":"https:\/\/api.w.org\/{rel}","templated":true}]}}