{"id":189712,"date":"2024-11-24T17:35:00","date_gmt":"2024-11-24T20:35:00","guid":{"rendered":"https:\/\/www.gaveanews.com\/?p=189712"},"modified":"2024-11-24T17:09:19","modified_gmt":"2024-11-24T20:09:19","slug":"data-da-saida-de-neymar-do-al-hilal-e-revelada","status":"publish","type":"post","link":"https:\/\/www.gaveanews.com\/index.php\/2024\/11\/24\/data-da-saida-de-neymar-do-al-hilal-e-revelada\/","title":{"rendered":"Data da sa\u00edda de Neymar do Al-Hilal \u00e9 revelada"},"content":{"rendered":"\n<h2 class=\"wp-block-heading\" id=\"h-confira-a-data-da-provavel-despedida-do-atacante\">Confira a data da prov\u00e1vel despedida do atacante<\/h2>\n\n\n\n<p>Neymar tem como prioridade voltar ao futebol brasileiro jogando pelo Santos, mas o Flamengo, que \u00e9 considerado pelo pr\u00f3prio jogador como seu segundo time do cora\u00e7\u00e3o, est\u00e1 atento \u00e0 sua situa\u00e7\u00e3o. Contudo, o astro n\u00e3o deixar\u00e1 o Al-Hilal, da Ar\u00e1bia Saudita, no come\u00e7o de 2025. Segundo o jornalista Fabio Sormani, Ney ir\u00e1 participar do Mundial nos Estados Unidos defendendo as cores do time \u00e1rabe, antes de uma poss\u00edvel transfer\u00eancia.<\/p>\n\n\n\n<ul class=\"wp-block-list\">\n<li><a href=\"https:\/\/www.gaveanews.com\/index.php\/2024\/11\/24\/pai-de-neymar-e-sincero-ao-falar-sobre-o-futuro-do-atacante\/\">Pai de Neymar \u00e9 sincero ao falar sobre o futuro do atacante<\/a><\/li>\n\n\n\n<li><a href=\"https:\/\/www.gaveanews.com\/index.php\/2024\/11\/23\/diretor-do-santos-da-detalhes-sobre-contratacao-de-neymar\/\">Diretor do Santos d\u00e1 detalhes sobre contrata\u00e7\u00e3o de Neymar<br><\/a><\/li>\n<\/ul>\n\n\n\n<p>&#8220;Tem chance, mas parece que n\u00e3o ser\u00e1 agora. (Ser\u00e1) Na metade do ano, quando termina o contrato dele. Ele vai jogar o Mundial (de Clubes)&#8221;, informou Sormani no programa Opini\u00e3o Placar. O contrato de Neymar com o Al-Hilal se encerra em meados do ano que vem.<\/p>\n\n\n\n<p>\u00c9 importante salientar que o v\u00ednculo de Neymar com o Al Hilal se estende at\u00e9 junho de 2025. Embora a rescis\u00e3o n\u00e3o ocorra, ele pode firmar um pr\u00e9-contrato com outra equipe a partir de janeiro, faltando seis meses para o t\u00e9rmino do contrato. Na semana passada, o atacante declarou estar contente no time saudita.<\/p>\n\n\n\n<figure class=\"wp-block-image size-full\"><img loading=\"lazy\" decoding=\"async\" width=\"984\" height=\"671\" src=\"https:\/\/www.gaveanews.com\/wp-content\/uploads\/Neymar-posa-para-foto-com-o-novo-uniforme-do-Al-Hilal.webp\" alt=\"\" class=\"wp-image-157481\" srcset=\"https:\/\/www.gaveanews.com\/wp-content\/uploads\/Neymar-posa-para-foto-com-o-novo-uniforme-do-Al-Hilal.webp 984w, https:\/\/www.gaveanews.com\/wp-content\/uploads\/Neymar-posa-para-foto-com-o-novo-uniforme-do-Al-Hilal-300x205.webp 300w, https:\/\/www.gaveanews.com\/wp-content\/uploads\/Neymar-posa-para-foto-com-o-novo-uniforme-do-Al-Hilal-768x524.webp 768w, https:\/\/www.gaveanews.com\/wp-content\/uploads\/Neymar-posa-para-foto-com-o-novo-uniforme-do-Al-Hilal-616x420.webp 616w, https:\/\/www.gaveanews.com\/wp-content\/uploads\/Neymar-posa-para-foto-com-o-novo-uniforme-do-Al-Hilal-640x436.webp 640w, https:\/\/www.gaveanews.com\/wp-content\/uploads\/Neymar-posa-para-foto-com-o-novo-uniforme-do-Al-Hilal-681x464.webp 681w, https:\/\/www.gaveanews.com\/wp-content\/uploads\/Neymar-posa-para-foto-com-o-novo-uniforme-do-Al-Hilal-100x68.webp 100w\" sizes=\"auto, (max-width: 984px) 100vw, 984px\" \/><figcaption class=\"wp-element-caption\">Neymar posa para foto com o novo uniforme do Al-Hilal (Foto: Reprodu\u00e7\u00e3o\/Al-Hilal)<\/figcaption><\/figure>\n\n\n\n<p>Algumas semanas atr\u00e1s, Maur\u00edcio Gomes de Mattos, que est\u00e1 concorrendo \u00e0 presid\u00eancia do Flamengo, expressou seu interesse em contratar Neymar, mas ressaltou que a decis\u00e3o depende do pr\u00f3prio atleta.<\/p>\n\n\n\n<p>&#8220;Depende dele. Craque \u00e9 craque. Tenho muita admira\u00e7\u00e3o pelo futebol do Neymar, se ele quiser vir, o Flamengo vai estudar em marketing, mas l\u00f3gico contando sempre com os profissionais&#8221;, disse o MGM para a ESPN.<\/p>\n\n\n\n<h2 class=\"wp-block-heading\" id=\"h-flamengo-monitora-neymar-a-bastante-tempo\">Flamengo  monitora Neymar a bastante tempo<\/h2>\n\n\n\n<p>Em julho de 2022, o MRN levantou a informa\u00e7\u00e3o de que Neymar planejaria jogar no Flamengo caso a Sele\u00e7\u00e3o Brasileira conquistasse o hexa. No entanto, a elimina\u00e7\u00e3o para a Cro\u00e1cia acabou atrapalhando os planos do jogador.<\/p>\n\n\n\n<p>\u00c9 importante mencionar que a camisa 10 do Flamengo est\u00e1 dispon\u00edvel desde que Gabigol foi punido, o que a torna uma \u00f3tima oportunidade para Ney em uma futura contrata\u00e7\u00e3o.<\/p>\n","protected":false},"excerpt":{"rendered":"<p>Confira a data da prov\u00e1vel despedida do atacante Neymar tem como prioridade voltar ao futebol brasileiro jogando pelo Santos, mas o Flamengo, que \u00e9 considerado pelo pr\u00f3prio jogador como seu segundo time do cora\u00e7\u00e3o, est\u00e1 atento \u00e0 sua situa\u00e7\u00e3o. Contudo, o astro n\u00e3o deixar\u00e1 o Al-Hilal, da Ar\u00e1bia Saudita, no come\u00e7o de 2025. Segundo o [&hellip;]<\/p>\n","protected":false},"author":16,"featured_media":161273,"comment_status":"open","ping_status":"closed","sticky":false,"template":"","format":"standard","meta":{"footnotes":""},"categories":[216,1,139],"tags":[],"class_list":["post-189712","post","type-post","status-publish","format-standard","has-post-thumbnail","hentry","category-al-hilal","category-flamengo","category-santos"],"yoast_head":"<!-- This site is optimized with the Yoast SEO Premium plugin v24.2 (Yoast SEO v26.9) - https:\/\/yoast.com\/product\/yoast-seo-premium-wordpress\/ -->\n<title>Data da sa\u00edda de Neymar do Al-Hilal \u00e9 revelada<\/title>\n<meta name=\"description\" content=\"Data da sa\u00edda de Neymar do Al-Hilal \u00e9 revelada\" \/>\n<meta name=\"robots\" content=\"index, follow, max-snippet:-1, max-image-preview:large, max-video-preview:-1\" \/>\n<link rel=\"canonical\" href=\"https:\/\/www.gaveanews.com\/index.php\/2024\/11\/24\/data-da-saida-de-neymar-do-al-hilal-e-revelada\/\" \/>\n<meta property=\"og:locale\" content=\"pt_BR\" \/>\n<meta property=\"og:type\" content=\"article\" \/>\n<meta property=\"og:title\" content=\"Data da sa\u00edda de Neymar do Al-Hilal \u00e9 revelada\" \/>\n<meta property=\"og:description\" content=\"Data da sa\u00edda de Neymar do Al-Hilal \u00e9 revelada\" \/>\n<meta property=\"og:url\" content=\"https:\/\/www.gaveanews.com\/index.php\/2024\/11\/24\/data-da-saida-de-neymar-do-al-hilal-e-revelada\/\" \/>\n<meta property=\"og:site_name\" content=\"G\u00e1vea News\" \/>\n<meta property=\"article:publisher\" content=\"https:\/\/facebook.com\/gaveaNews\/\" \/>\n<meta property=\"article:published_time\" content=\"2024-11-24T20:35:00+00:00\" \/>\n<meta property=\"og:image\" content=\"https:\/\/www.gaveanews.com\/wp-content\/uploads\/Neymar-com-a-camisa-do-Al-Hilal-em-2023.webp\" \/>\n\t<meta property=\"og:image:width\" content=\"1440\" \/>\n\t<meta property=\"og:image:height\" content=\"960\" \/>\n\t<meta property=\"og:image:type\" content=\"image\/webp\" \/>\n<meta name=\"author\" content=\"D\u00e9bora Figueiredo\" \/>\n<meta name=\"twitter:card\" content=\"summary_large_image\" \/>\n<meta name=\"twitter:label1\" content=\"Escrito por\" \/>\n\t<meta name=\"twitter:data1\" content=\"D\u00e9bora Figueiredo\" \/>\n\t<meta name=\"twitter:label2\" content=\"Est. tempo de leitura\" \/>\n\t<meta name=\"twitter:data2\" content=\"3 minutos\" \/>\n<script type=\"application\/ld+json\" class=\"yoast-schema-graph\">{\"@context\":\"https:\/\/schema.org\",\"@graph\":[{\"@type\":\"NewsArticle\",\"@id\":\"https:\/\/www.gaveanews.com\/index.php\/2024\/11\/24\/data-da-saida-de-neymar-do-al-hilal-e-revelada\/#article\",\"isPartOf\":{\"@id\":\"https:\/\/www.gaveanews.com\/index.php\/2024\/11\/24\/data-da-saida-de-neymar-do-al-hilal-e-revelada\/\"},\"author\":{\"name\":\"D\u00e9bora Figueiredo\",\"@id\":\"https:\/\/www.gaveanews.com\/#\/schema\/person\/37122681a8575a5c8db05a56f099a5e4\"},\"headline\":\"Data da sa\u00edda de Neymar do Al-Hilal \u00e9 revelada\",\"datePublished\":\"2024-11-24T20:35:00+00:00\",\"mainEntityOfPage\":{\"@id\":\"https:\/\/www.gaveanews.com\/index.php\/2024\/11\/24\/data-da-saida-de-neymar-do-al-hilal-e-revelada\/\"},\"wordCount\":375,\"commentCount\":0,\"image\":{\"@id\":\"https:\/\/www.gaveanews.com\/index.php\/2024\/11\/24\/data-da-saida-de-neymar-do-al-hilal-e-revelada\/#primaryimage\"},\"thumbnailUrl\":\"https:\/\/www.gaveanews.com\/wp-content\/uploads\/Neymar-com-a-camisa-do-Al-Hilal-em-2023.webp\",\"articleSection\":[\"Al-Hilal\",\"Flamengo\",\"Santos\"],\"inLanguage\":\"pt-BR\",\"potentialAction\":[{\"@type\":\"CommentAction\",\"name\":\"Comment\",\"target\":[\"https:\/\/www.gaveanews.com\/index.php\/2024\/11\/24\/data-da-saida-de-neymar-do-al-hilal-e-revelada\/#respond\"]}],\"copyrightYear\":\"2024\",\"copyrightHolder\":{\"@id\":\"https:\/\/www.gaveanews.com\/#organization\"}},{\"@type\":\"WebPage\",\"@id\":\"https:\/\/www.gaveanews.com\/index.php\/2024\/11\/24\/data-da-saida-de-neymar-do-al-hilal-e-revelada\/\",\"url\":\"https:\/\/www.gaveanews.com\/index.php\/2024\/11\/24\/data-da-saida-de-neymar-do-al-hilal-e-revelada\/\",\"name\":\"Data da sa\u00edda de Neymar do Al-Hilal \u00e9 revelada\",\"isPartOf\":{\"@id\":\"https:\/\/www.gaveanews.com\/#website\"},\"primaryImageOfPage\":{\"@id\":\"https:\/\/www.gaveanews.com\/index.php\/2024\/11\/24\/data-da-saida-de-neymar-do-al-hilal-e-revelada\/#primaryimage\"},\"image\":{\"@id\":\"https:\/\/www.gaveanews.com\/index.php\/2024\/11\/24\/data-da-saida-de-neymar-do-al-hilal-e-revelada\/#primaryimage\"},\"thumbnailUrl\":\"https:\/\/www.gaveanews.com\/wp-content\/uploads\/Neymar-com-a-camisa-do-Al-Hilal-em-2023.webp\",\"datePublished\":\"2024-11-24T20:35:00+00:00\",\"author\":{\"@id\":\"https:\/\/www.gaveanews.com\/#\/schema\/person\/37122681a8575a5c8db05a56f099a5e4\"},\"description\":\"Data da sa\u00edda de Neymar do Al-Hilal \u00e9 revelada\",\"breadcrumb\":{\"@id\":\"https:\/\/www.gaveanews.com\/index.php\/2024\/11\/24\/data-da-saida-de-neymar-do-al-hilal-e-revelada\/#breadcrumb\"},\"inLanguage\":\"pt-BR\",\"potentialAction\":[{\"@type\":\"ReadAction\",\"target\":[\"https:\/\/www.gaveanews.com\/index.php\/2024\/11\/24\/data-da-saida-de-neymar-do-al-hilal-e-revelada\/\"]}]},{\"@type\":\"ImageObject\",\"inLanguage\":\"pt-BR\",\"@id\":\"https:\/\/www.gaveanews.com\/index.php\/2024\/11\/24\/data-da-saida-de-neymar-do-al-hilal-e-revelada\/#primaryimage\",\"url\":\"https:\/\/www.gaveanews.com\/wp-content\/uploads\/Neymar-com-a-camisa-do-Al-Hilal-em-2023.webp\",\"contentUrl\":\"https:\/\/www.gaveanews.com\/wp-content\/uploads\/Neymar-com-a-camisa-do-Al-Hilal-em-2023.webp\",\"width\":1440,\"height\":960,\"caption\":\"Neymar com a camisa do Al-Hilal em 2023 (Foto: Reprodu\u00e7\u00e3o\/Instagram)\"},{\"@type\":\"BreadcrumbList\",\"@id\":\"https:\/\/www.gaveanews.com\/index.php\/2024\/11\/24\/data-da-saida-de-neymar-do-al-hilal-e-revelada\/#breadcrumb\",\"itemListElement\":[{\"@type\":\"ListItem\",\"position\":1,\"name\":\"Home\",\"item\":\"https:\/\/www.gaveanews.com\/\"},{\"@type\":\"ListItem\",\"position\":2,\"name\":\"Data da sa\u00edda de Neymar do Al-Hilal \u00e9 revelada\"}]},{\"@type\":\"WebSite\",\"@id\":\"https:\/\/www.gaveanews.com\/#website\",\"url\":\"https:\/\/www.gaveanews.com\/\",\"name\":\"G\u00e1vea News\",\"description\":\"Veja todas as not\u00edcias sobre o Flamengo: Contrata\u00e7\u00f5es, categorias de base, resultados das partidas, tabela de classifica\u00e7\u00e3o, pr\u00f3ximos jogos!\",\"potentialAction\":[{\"@type\":\"SearchAction\",\"target\":{\"@type\":\"EntryPoint\",\"urlTemplate\":\"https:\/\/www.gaveanews.com\/?s={search_term_string}\"},\"query-input\":{\"@type\":\"PropertyValueSpecification\",\"valueRequired\":true,\"valueName\":\"search_term_string\"}}],\"inLanguage\":\"pt-BR\"},{\"@type\":\"Person\",\"@id\":\"https:\/\/www.gaveanews.com\/#\/schema\/person\/37122681a8575a5c8db05a56f099a5e4\",\"name\":\"D\u00e9bora Figueiredo\",\"image\":{\"@type\":\"ImageObject\",\"inLanguage\":\"pt-BR\",\"@id\":\"https:\/\/www.gaveanews.com\/#\/schema\/person\/image\/\",\"url\":\"https:\/\/secure.gravatar.com\/avatar\/1f44802859351588499d26f52aed1d15796ce17e67602895b72837c08018868d?s=96&d=mm&r=g\",\"contentUrl\":\"https:\/\/secure.gravatar.com\/avatar\/1f44802859351588499d26f52aed1d15796ce17e67602895b72837c08018868d?s=96&d=mm&r=g\",\"caption\":\"D\u00e9bora Figueiredo\"}}]}<\/script>\n<!-- \/ Yoast SEO Premium plugin. -->","yoast_head_json":{"title":"Data da sa\u00edda de Neymar do Al-Hilal \u00e9 revelada","description":"Data da sa\u00edda de Neymar do Al-Hilal \u00e9 revelada","robots":{"index":"index","follow":"follow","max-snippet":"max-snippet:-1","max-image-preview":"max-image-preview:large","max-video-preview":"max-video-preview:-1"},"canonical":"https:\/\/www.gaveanews.com\/index.php\/2024\/11\/24\/data-da-saida-de-neymar-do-al-hilal-e-revelada\/","og_locale":"pt_BR","og_type":"article","og_title":"Data da sa\u00edda de Neymar do Al-Hilal \u00e9 revelada","og_description":"Data da sa\u00edda de Neymar do Al-Hilal \u00e9 revelada","og_url":"https:\/\/www.gaveanews.com\/index.php\/2024\/11\/24\/data-da-saida-de-neymar-do-al-hilal-e-revelada\/","og_site_name":"G\u00e1vea News","article_publisher":"https:\/\/facebook.com\/gaveaNews\/","article_published_time":"2024-11-24T20:35:00+00:00","og_image":[{"width":1440,"height":960,"url":"https:\/\/www.gaveanews.com\/wp-content\/uploads\/Neymar-com-a-camisa-do-Al-Hilal-em-2023.webp","type":"image\/webp"}],"author":"D\u00e9bora Figueiredo","twitter_card":"summary_large_image","twitter_misc":{"Escrito por":"D\u00e9bora Figueiredo","Est. tempo de leitura":"3 minutos"},"schema":{"@context":"https:\/\/schema.org","@graph":[{"@type":"NewsArticle","@id":"https:\/\/www.gaveanews.com\/index.php\/2024\/11\/24\/data-da-saida-de-neymar-do-al-hilal-e-revelada\/#article","isPartOf":{"@id":"https:\/\/www.gaveanews.com\/index.php\/2024\/11\/24\/data-da-saida-de-neymar-do-al-hilal-e-revelada\/"},"author":{"name":"D\u00e9bora Figueiredo","@id":"https:\/\/www.gaveanews.com\/#\/schema\/person\/37122681a8575a5c8db05a56f099a5e4"},"headline":"Data da sa\u00edda de Neymar do Al-Hilal \u00e9 revelada","datePublished":"2024-11-24T20:35:00+00:00","mainEntityOfPage":{"@id":"https:\/\/www.gaveanews.com\/index.php\/2024\/11\/24\/data-da-saida-de-neymar-do-al-hilal-e-revelada\/"},"wordCount":375,"commentCount":0,"image":{"@id":"https:\/\/www.gaveanews.com\/index.php\/2024\/11\/24\/data-da-saida-de-neymar-do-al-hilal-e-revelada\/#primaryimage"},"thumbnailUrl":"https:\/\/www.gaveanews.com\/wp-content\/uploads\/Neymar-com-a-camisa-do-Al-Hilal-em-2023.webp","articleSection":["Al-Hilal","Flamengo","Santos"],"inLanguage":"pt-BR","potentialAction":[{"@type":"CommentAction","name":"Comment","target":["https:\/\/www.gaveanews.com\/index.php\/2024\/11\/24\/data-da-saida-de-neymar-do-al-hilal-e-revelada\/#respond"]}],"copyrightYear":"2024","copyrightHolder":{"@id":"https:\/\/www.gaveanews.com\/#organization"}},{"@type":"WebPage","@id":"https:\/\/www.gaveanews.com\/index.php\/2024\/11\/24\/data-da-saida-de-neymar-do-al-hilal-e-revelada\/","url":"https:\/\/www.gaveanews.com\/index.php\/2024\/11\/24\/data-da-saida-de-neymar-do-al-hilal-e-revelada\/","name":"Data da sa\u00edda de Neymar do Al-Hilal \u00e9 revelada","isPartOf":{"@id":"https:\/\/www.gaveanews.com\/#website"},"primaryImageOfPage":{"@id":"https:\/\/www.gaveanews.com\/index.php\/2024\/11\/24\/data-da-saida-de-neymar-do-al-hilal-e-revelada\/#primaryimage"},"image":{"@id":"https:\/\/www.gaveanews.com\/index.php\/2024\/11\/24\/data-da-saida-de-neymar-do-al-hilal-e-revelada\/#primaryimage"},"thumbnailUrl":"https:\/\/www.gaveanews.com\/wp-content\/uploads\/Neymar-com-a-camisa-do-Al-Hilal-em-2023.webp","datePublished":"2024-11-24T20:35:00+00:00","author":{"@id":"https:\/\/www.gaveanews.com\/#\/schema\/person\/37122681a8575a5c8db05a56f099a5e4"},"description":"Data da sa\u00edda de Neymar do Al-Hilal \u00e9 revelada","breadcrumb":{"@id":"https:\/\/www.gaveanews.com\/index.php\/2024\/11\/24\/data-da-saida-de-neymar-do-al-hilal-e-revelada\/#breadcrumb"},"inLanguage":"pt-BR","potentialAction":[{"@type":"ReadAction","target":["https:\/\/www.gaveanews.com\/index.php\/2024\/11\/24\/data-da-saida-de-neymar-do-al-hilal-e-revelada\/"]}]},{"@type":"ImageObject","inLanguage":"pt-BR","@id":"https:\/\/www.gaveanews.com\/index.php\/2024\/11\/24\/data-da-saida-de-neymar-do-al-hilal-e-revelada\/#primaryimage","url":"https:\/\/www.gaveanews.com\/wp-content\/uploads\/Neymar-com-a-camisa-do-Al-Hilal-em-2023.webp","contentUrl":"https:\/\/www.gaveanews.com\/wp-content\/uploads\/Neymar-com-a-camisa-do-Al-Hilal-em-2023.webp","width":1440,"height":960,"caption":"Neymar com a camisa do Al-Hilal em 2023 (Foto: Reprodu\u00e7\u00e3o\/Instagram)"},{"@type":"BreadcrumbList","@id":"https:\/\/www.gaveanews.com\/index.php\/2024\/11\/24\/data-da-saida-de-neymar-do-al-hilal-e-revelada\/#breadcrumb","itemListElement":[{"@type":"ListItem","position":1,"name":"Home","item":"https:\/\/www.gaveanews.com\/"},{"@type":"ListItem","position":2,"name":"Data da sa\u00edda de Neymar do Al-Hilal \u00e9 revelada"}]},{"@type":"WebSite","@id":"https:\/\/www.gaveanews.com\/#website","url":"https:\/\/www.gaveanews.com\/","name":"G\u00e1vea News","description":"Veja todas as not\u00edcias sobre o Flamengo: Contrata\u00e7\u00f5es, categorias de base, resultados das partidas, tabela de classifica\u00e7\u00e3o, pr\u00f3ximos jogos!","potentialAction":[{"@type":"SearchAction","target":{"@type":"EntryPoint","urlTemplate":"https:\/\/www.gaveanews.com\/?s={search_term_string}"},"query-input":{"@type":"PropertyValueSpecification","valueRequired":true,"valueName":"search_term_string"}}],"inLanguage":"pt-BR"},{"@type":"Person","@id":"https:\/\/www.gaveanews.com\/#\/schema\/person\/37122681a8575a5c8db05a56f099a5e4","name":"D\u00e9bora Figueiredo","image":{"@type":"ImageObject","inLanguage":"pt-BR","@id":"https:\/\/www.gaveanews.com\/#\/schema\/person\/image\/","url":"https:\/\/secure.gravatar.com\/avatar\/1f44802859351588499d26f52aed1d15796ce17e67602895b72837c08018868d?s=96&d=mm&r=g","contentUrl":"https:\/\/secure.gravatar.com\/avatar\/1f44802859351588499d26f52aed1d15796ce17e67602895b72837c08018868d?s=96&d=mm&r=g","caption":"D\u00e9bora Figueiredo"}}]}},"_links":{"self":[{"href":"https:\/\/www.gaveanews.com\/index.php\/wp-json\/wp\/v2\/posts\/189712","targetHints":{"allow":["GET"]}}],"collection":[{"href":"https:\/\/www.gaveanews.com\/index.php\/wp-json\/wp\/v2\/posts"}],"about":[{"href":"https:\/\/www.gaveanews.com\/index.php\/wp-json\/wp\/v2\/types\/post"}],"author":[{"embeddable":true,"href":"https:\/\/www.gaveanews.com\/index.php\/wp-json\/wp\/v2\/users\/16"}],"replies":[{"embeddable":true,"href":"https:\/\/www.gaveanews.com\/index.php\/wp-json\/wp\/v2\/comments?post=189712"}],"version-history":[{"count":2,"href":"https:\/\/www.gaveanews.com\/index.php\/wp-json\/wp\/v2\/posts\/189712\/revisions"}],"predecessor-version":[{"id":189778,"href":"https:\/\/www.gaveanews.com\/index.php\/wp-json\/wp\/v2\/posts\/189712\/revisions\/189778"}],"wp:featuredmedia":[{"embeddable":true,"href":"https:\/\/www.gaveanews.com\/index.php\/wp-json\/wp\/v2\/media\/161273"}],"wp:attachment":[{"href":"https:\/\/www.gaveanews.com\/index.php\/wp-json\/wp\/v2\/media?parent=189712"}],"wp:term":[{"taxonomy":"category","embeddable":true,"href":"https:\/\/www.gaveanews.com\/index.php\/wp-json\/wp\/v2\/categories?post=189712"},{"taxonomy":"post_tag","embeddable":true,"href":"https:\/\/www.gaveanews.com\/index.php\/wp-json\/wp\/v2\/tags?post=189712"}],"curies":[{"name":"wp","href":"https:\/\/api.w.org\/{rel}","templated":true}]}}