{"id":189731,"date":"2024-11-24T19:35:00","date_gmt":"2024-11-24T22:35:00","guid":{"rendered":"https:\/\/www.gaveanews.com\/?p=189731"},"modified":"2024-11-24T19:07:08","modified_gmt":"2024-11-24T22:07:08","slug":"a-declaracao-de-john-textor-apos-o-jogo-entre-botafogo-x-vitoria","status":"publish","type":"post","link":"https:\/\/www.gaveanews.com\/index.php\/2024\/11\/24\/a-declaracao-de-john-textor-apos-o-jogo-entre-botafogo-x-vitoria\/","title":{"rendered":"A declara\u00e7\u00e3o de John Textor ap\u00f3s o jogo entre Botafogo x Vit\u00f3ria"},"content":{"rendered":"\n<h2 class=\"wp-block-heading\" id=\"h-confira-o-que-o-dirigente-comentou\">Confira o que o dirigente comentou<\/h2>\n\n\n\n<p>Neste s\u00e1bado, o Botafogo ficou no empate com o Vit\u00f3ria e perdeu a lideran\u00e7a do Campeonato Brasileiro. Presente no Est\u00e1dio Nilton Santos para assistir ao jogo contra o Vit\u00f3ria, Textor falou sobre a arbitragem do duelo, o dirigente n\u00e3o gostou do \u00e1rbitro ter dado s\u00f3 6 minutos.<\/p>\n\n\n\n<ul class=\"wp-block-list\">\n<li><a href=\"https:\/\/www.gaveanews.com\/index.php\/2024\/11\/24\/botafogo-tera-desfalques-importantes-para-o-proximo-jogo-do-brasileirao\/\">Botafogo ter\u00e1 desfalques importantes para o pr\u00f3ximo jogo do Brasileir\u00e3o<\/a><\/li>\n\n\n\n<li><a href=\"https:\/\/www.gaveanews.com\/index.php\/2024\/11\/23\/a-declaracao-de-diego-souza-direcionada-ao-botafogo\/\">A declara\u00e7\u00e3o de Diego Souza direcionada ao Botafogo<br><\/a><\/li>\n<\/ul>\n\n\n\n<p>&#8220;N\u00e3o tenho nenhum problema com o \u00e1rbitro, mas eu fiquei muito surpreso que depois de toda a perda de tempo, as les\u00f5es, o antijogo intencional, acho que dar seis minutos de acr\u00e9scimos foi estranho. Acho que o \u00e1rbitro tem tempo livre. Se ele vir o jogo de novo, ele vai aprender sobre o pr\u00f3prio trabalho. Seis minutos foram loucura. Mas tamb\u00e9m n\u00e3o foi por isso que o jogo terminou empatado. Se ele desse mais tr\u00eas minutos, n\u00e3o se tem garantia de que o Botafogo iria ganhar. Mas sim, foi estranho, n\u00e3o?&#8221;, indagou Textor.<\/p>\n\n\n\n<p>Al\u00e9m de comentar sobre o jogo em quest\u00e3o, Textor falou sobre a final da Libertadores e concentrou seus esfor\u00e7os no goleiro Everson, do Atl\u00e9tico-MG. Depois do nulo em Belo Horizonte, o atleta provocou o presidente do Botafogo, questionando a alegada press\u00e3o sobre o \u00e1rbitro.<\/p>\n\n\n\n<figure class=\"wp-block-image size-full\"><img loading=\"lazy\" decoding=\"async\" width=\"754\" height=\"471\" src=\"https:\/\/www.gaveanews.com\/wp-content\/uploads\/Textor-durante-coletiva-de-imprensa-do-Botafogo.webp\" alt=\"\" class=\"wp-image-101461\" srcset=\"https:\/\/www.gaveanews.com\/wp-content\/uploads\/Textor-durante-coletiva-de-imprensa-do-Botafogo.webp 754w, https:\/\/www.gaveanews.com\/wp-content\/uploads\/Textor-durante-coletiva-de-imprensa-do-Botafogo-300x187.webp 300w, https:\/\/www.gaveanews.com\/wp-content\/uploads\/Textor-durante-coletiva-de-imprensa-do-Botafogo-672x420.webp 672w, https:\/\/www.gaveanews.com\/wp-content\/uploads\/Textor-durante-coletiva-de-imprensa-do-Botafogo-640x400.webp 640w, https:\/\/www.gaveanews.com\/wp-content\/uploads\/Textor-durante-coletiva-de-imprensa-do-Botafogo-681x425.webp 681w, https:\/\/www.gaveanews.com\/wp-content\/uploads\/Textor-durante-coletiva-de-imprensa-do-Botafogo-100x62.webp 100w\" sizes=\"auto, (max-width: 754px) 100vw, 754px\" \/><figcaption class=\"wp-element-caption\">Textor durante coletiva de imprensa do Botafogo (Foto: V\u00edtor Silva\/Botafogo FR)<\/figcaption><\/figure>\n\n\n\n<p>Botafogo e Atl\u00e9tico-MG se reencontram na final da Libertadores, agendada para 30 de novembro, em Buenos Aires. A provoca\u00e7\u00e3o acrescenta mais tens\u00e3o a uma batalha que tem potencial para ser emocionante.<\/p>\n\n\n\n<p>&#8220;Aparentemente, eu aluguei um apartamento na mente dele (Everson). Ele fez um coment\u00e1rio que eu fiz barulho fora de campo sobre arbitragem. Eu n\u00e3o. Todos voc\u00eas acompanharam a hist\u00f3ria de manipula\u00e7\u00e3o nos \u00faltimos anos. Eu apoio a arbitragem. Quero ver os \u00e1rbitros sendo mais bem pagos, mais bem treinados, as ferramentas que usamos ajudam a avaliar os \u00e1rbitros.<\/p>\n\n\n\n<p>&#8220;Meu foco \u00e9 manipula\u00e7\u00e3o de resultados, a inten\u00e7\u00e3o de jogadores perderem de prop\u00f3sito, n\u00e3o s\u00f3 no Brasil, mas em todo o mundo, ocasionalmente, tamb\u00e9m h\u00e1 \u00e1rbitros, mas em um n\u00famero bem menor. Gostaria de dizer ao goleiro que ele \u00e9 um bom goleiro, que deveria se focar nas linhas do campo, onde ele joga&#8221;, disse Textor.<\/p>\n\n\n\n<p>Textor tamb\u00e9m comentou sobre o tumulto ocorrido ap\u00f3s o jogo contra o Atl\u00e9tico-MG. Em determinado momento, os atletas Barboza e Paulinho se envolveram em um conflito inicial, que acabou se agravando. Posteriormente, ocorreu uma discuss\u00e3o entre os guardas do clube e os do est\u00e1dio, resultando na expuls\u00e3o de Luiz Henrique, que arremessou uma garrafa contra os guardas.<\/p>\n\n\n\n<p>&#8220;Eu vi o jogo pela TV, estava em casa. N\u00e3o \u00e9 bom ver um jogo com esse tipo de incidente. Mas eu n\u00e3o olho para tr\u00e1s. Isso foi ontem. Amanh\u00e3 \u00e9 o jogo com o Palmeiras.&#8221;<\/p>\n\n\n\n<p>&#8220;A atmosfera que eles criaram foi um jogo sem torcida. Isso \u00e9 horr\u00edvel para os dois times. Acho que foi a pior atmosfera que vi desde a Covid. N\u00e3o h\u00e1 energia. N\u00e3o \u00e9 bom para o time da casa e para o visitante. Eu n\u00e3o acho que eles condicionaram a final. Acho que temos de jogar bem e ganhar o jogo&#8221;, comentou.<\/p>\n\n\n\n<p><\/p>\n","protected":false},"excerpt":{"rendered":"<p>Confira o que o dirigente comentou Neste s\u00e1bado, o Botafogo ficou no empate com o Vit\u00f3ria e perdeu a lideran\u00e7a do Campeonato Brasileiro. Presente no Est\u00e1dio Nilton Santos para assistir ao jogo contra o Vit\u00f3ria, Textor falou sobre a arbitragem do duelo, o dirigente n\u00e3o gostou do \u00e1rbitro ter dado s\u00f3 6 minutos. &#8220;N\u00e3o tenho [&hellip;]<\/p>\n","protected":false},"author":16,"featured_media":146326,"comment_status":"open","ping_status":"closed","sticky":false,"template":"","format":"standard","meta":{"footnotes":""},"categories":[138],"tags":[],"class_list":["post-189731","post","type-post","status-publish","format-standard","has-post-thumbnail","hentry","category-botafogo"],"yoast_head":"<!-- This site is optimized with the Yoast SEO Premium plugin v24.2 (Yoast SEO v26.9) - https:\/\/yoast.com\/product\/yoast-seo-premium-wordpress\/ -->\n<title>A declara\u00e7\u00e3o de John Textor ap\u00f3s o jogo entre Botafogo x Vit\u00f3ria<\/title>\n<meta name=\"description\" content=\"A declara\u00e7\u00e3o de John Textor ap\u00f3s o jogo entre Botafogo x Vit\u00f3ria\" \/>\n<meta name=\"robots\" content=\"index, follow, max-snippet:-1, max-image-preview:large, max-video-preview:-1\" \/>\n<link rel=\"canonical\" href=\"https:\/\/www.gaveanews.com\/index.php\/2024\/11\/24\/a-declaracao-de-john-textor-apos-o-jogo-entre-botafogo-x-vitoria\/\" \/>\n<meta property=\"og:locale\" content=\"pt_BR\" \/>\n<meta property=\"og:type\" content=\"article\" \/>\n<meta property=\"og:title\" content=\"A declara\u00e7\u00e3o de John Textor ap\u00f3s o jogo entre Botafogo x Vit\u00f3ria\" \/>\n<meta property=\"og:description\" content=\"A declara\u00e7\u00e3o de John Textor ap\u00f3s o jogo entre Botafogo x Vit\u00f3ria\" \/>\n<meta property=\"og:url\" content=\"https:\/\/www.gaveanews.com\/index.php\/2024\/11\/24\/a-declaracao-de-john-textor-apos-o-jogo-entre-botafogo-x-vitoria\/\" \/>\n<meta property=\"og:site_name\" content=\"G\u00e1vea News\" \/>\n<meta property=\"article:publisher\" content=\"https:\/\/facebook.com\/gaveaNews\/\" \/>\n<meta property=\"article:published_time\" content=\"2024-11-24T22:35:00+00:00\" \/>\n<meta name=\"author\" content=\"D\u00e9bora Figueiredo\" \/>\n<meta name=\"twitter:card\" content=\"summary_large_image\" \/>\n<meta name=\"twitter:label1\" content=\"Escrito por\" \/>\n\t<meta name=\"twitter:data1\" content=\"D\u00e9bora Figueiredo\" \/>\n\t<meta name=\"twitter:label2\" content=\"Est. tempo de leitura\" \/>\n\t<meta name=\"twitter:data2\" content=\"4 minutos\" \/>\n<script type=\"application\/ld+json\" class=\"yoast-schema-graph\">{\"@context\":\"https:\/\/schema.org\",\"@graph\":[{\"@type\":\"NewsArticle\",\"@id\":\"https:\/\/www.gaveanews.com\/index.php\/2024\/11\/24\/a-declaracao-de-john-textor-apos-o-jogo-entre-botafogo-x-vitoria\/#article\",\"isPartOf\":{\"@id\":\"https:\/\/www.gaveanews.com\/index.php\/2024\/11\/24\/a-declaracao-de-john-textor-apos-o-jogo-entre-botafogo-x-vitoria\/\"},\"author\":{\"name\":\"D\u00e9bora Figueiredo\",\"@id\":\"https:\/\/www.gaveanews.com\/#\/schema\/person\/37122681a8575a5c8db05a56f099a5e4\"},\"headline\":\"A declara\u00e7\u00e3o de John Textor ap\u00f3s o jogo entre Botafogo x Vit\u00f3ria\",\"datePublished\":\"2024-11-24T22:35:00+00:00\",\"mainEntityOfPage\":{\"@id\":\"https:\/\/www.gaveanews.com\/index.php\/2024\/11\/24\/a-declaracao-de-john-textor-apos-o-jogo-entre-botafogo-x-vitoria\/\"},\"wordCount\":578,\"commentCount\":0,\"image\":{\"@id\":\"https:\/\/www.gaveanews.com\/index.php\/2024\/11\/24\/a-declaracao-de-john-textor-apos-o-jogo-entre-botafogo-x-vitoria\/#primaryimage\"},\"thumbnailUrl\":\"https:\/\/www.gaveanews.com\/wp-content\/uploads\/textor4.avif\",\"articleSection\":[\"Botafogo\"],\"inLanguage\":\"pt-BR\",\"potentialAction\":[{\"@type\":\"CommentAction\",\"name\":\"Comment\",\"target\":[\"https:\/\/www.gaveanews.com\/index.php\/2024\/11\/24\/a-declaracao-de-john-textor-apos-o-jogo-entre-botafogo-x-vitoria\/#respond\"]}],\"copyrightYear\":\"2024\",\"copyrightHolder\":{\"@id\":\"https:\/\/www.gaveanews.com\/#organization\"}},{\"@type\":\"WebPage\",\"@id\":\"https:\/\/www.gaveanews.com\/index.php\/2024\/11\/24\/a-declaracao-de-john-textor-apos-o-jogo-entre-botafogo-x-vitoria\/\",\"url\":\"https:\/\/www.gaveanews.com\/index.php\/2024\/11\/24\/a-declaracao-de-john-textor-apos-o-jogo-entre-botafogo-x-vitoria\/\",\"name\":\"A declara\u00e7\u00e3o de John Textor ap\u00f3s o jogo entre Botafogo x Vit\u00f3ria\",\"isPartOf\":{\"@id\":\"https:\/\/www.gaveanews.com\/#website\"},\"primaryImageOfPage\":{\"@id\":\"https:\/\/www.gaveanews.com\/index.php\/2024\/11\/24\/a-declaracao-de-john-textor-apos-o-jogo-entre-botafogo-x-vitoria\/#primaryimage\"},\"image\":{\"@id\":\"https:\/\/www.gaveanews.com\/index.php\/2024\/11\/24\/a-declaracao-de-john-textor-apos-o-jogo-entre-botafogo-x-vitoria\/#primaryimage\"},\"thumbnailUrl\":\"https:\/\/www.gaveanews.com\/wp-content\/uploads\/textor4.avif\",\"datePublished\":\"2024-11-24T22:35:00+00:00\",\"author\":{\"@id\":\"https:\/\/www.gaveanews.com\/#\/schema\/person\/37122681a8575a5c8db05a56f099a5e4\"},\"description\":\"A declara\u00e7\u00e3o de John Textor ap\u00f3s o jogo entre Botafogo x Vit\u00f3ria\",\"breadcrumb\":{\"@id\":\"https:\/\/www.gaveanews.com\/index.php\/2024\/11\/24\/a-declaracao-de-john-textor-apos-o-jogo-entre-botafogo-x-vitoria\/#breadcrumb\"},\"inLanguage\":\"pt-BR\",\"potentialAction\":[{\"@type\":\"ReadAction\",\"target\":[\"https:\/\/www.gaveanews.com\/index.php\/2024\/11\/24\/a-declaracao-de-john-textor-apos-o-jogo-entre-botafogo-x-vitoria\/\"]}]},{\"@type\":\"ImageObject\",\"inLanguage\":\"pt-BR\",\"@id\":\"https:\/\/www.gaveanews.com\/index.php\/2024\/11\/24\/a-declaracao-de-john-textor-apos-o-jogo-entre-botafogo-x-vitoria\/#primaryimage\",\"url\":\"https:\/\/www.gaveanews.com\/wp-content\/uploads\/textor4.avif\",\"contentUrl\":\"https:\/\/www.gaveanews.com\/wp-content\/uploads\/textor4.avif\",\"width\":888,\"height\":602,\"caption\":\"John Textor, dono da SAF do Botafogo \u2014 Foto: Reprodu\u00e7\u00e3o\"},{\"@type\":\"BreadcrumbList\",\"@id\":\"https:\/\/www.gaveanews.com\/index.php\/2024\/11\/24\/a-declaracao-de-john-textor-apos-o-jogo-entre-botafogo-x-vitoria\/#breadcrumb\",\"itemListElement\":[{\"@type\":\"ListItem\",\"position\":1,\"name\":\"Home\",\"item\":\"https:\/\/www.gaveanews.com\/\"},{\"@type\":\"ListItem\",\"position\":2,\"name\":\"A declara\u00e7\u00e3o de John Textor ap\u00f3s o jogo entre Botafogo x Vit\u00f3ria\"}]},{\"@type\":\"WebSite\",\"@id\":\"https:\/\/www.gaveanews.com\/#website\",\"url\":\"https:\/\/www.gaveanews.com\/\",\"name\":\"G\u00e1vea News\",\"description\":\"Veja todas as not\u00edcias sobre o Flamengo: Contrata\u00e7\u00f5es, categorias de base, resultados das partidas, tabela de classifica\u00e7\u00e3o, pr\u00f3ximos jogos!\",\"potentialAction\":[{\"@type\":\"SearchAction\",\"target\":{\"@type\":\"EntryPoint\",\"urlTemplate\":\"https:\/\/www.gaveanews.com\/?s={search_term_string}\"},\"query-input\":{\"@type\":\"PropertyValueSpecification\",\"valueRequired\":true,\"valueName\":\"search_term_string\"}}],\"inLanguage\":\"pt-BR\"},{\"@type\":\"Person\",\"@id\":\"https:\/\/www.gaveanews.com\/#\/schema\/person\/37122681a8575a5c8db05a56f099a5e4\",\"name\":\"D\u00e9bora Figueiredo\",\"image\":{\"@type\":\"ImageObject\",\"inLanguage\":\"pt-BR\",\"@id\":\"https:\/\/www.gaveanews.com\/#\/schema\/person\/image\/\",\"url\":\"https:\/\/secure.gravatar.com\/avatar\/1f44802859351588499d26f52aed1d15796ce17e67602895b72837c08018868d?s=96&d=mm&r=g\",\"contentUrl\":\"https:\/\/secure.gravatar.com\/avatar\/1f44802859351588499d26f52aed1d15796ce17e67602895b72837c08018868d?s=96&d=mm&r=g\",\"caption\":\"D\u00e9bora Figueiredo\"}}]}<\/script>\n<!-- \/ Yoast SEO Premium plugin. -->","yoast_head_json":{"title":"A declara\u00e7\u00e3o de John Textor ap\u00f3s o jogo entre Botafogo x Vit\u00f3ria","description":"A declara\u00e7\u00e3o de John Textor ap\u00f3s o jogo entre Botafogo x Vit\u00f3ria","robots":{"index":"index","follow":"follow","max-snippet":"max-snippet:-1","max-image-preview":"max-image-preview:large","max-video-preview":"max-video-preview:-1"},"canonical":"https:\/\/www.gaveanews.com\/index.php\/2024\/11\/24\/a-declaracao-de-john-textor-apos-o-jogo-entre-botafogo-x-vitoria\/","og_locale":"pt_BR","og_type":"article","og_title":"A declara\u00e7\u00e3o de John Textor ap\u00f3s o jogo entre Botafogo x Vit\u00f3ria","og_description":"A declara\u00e7\u00e3o de John Textor ap\u00f3s o jogo entre Botafogo x Vit\u00f3ria","og_url":"https:\/\/www.gaveanews.com\/index.php\/2024\/11\/24\/a-declaracao-de-john-textor-apos-o-jogo-entre-botafogo-x-vitoria\/","og_site_name":"G\u00e1vea News","article_publisher":"https:\/\/facebook.com\/gaveaNews\/","article_published_time":"2024-11-24T22:35:00+00:00","author":"D\u00e9bora Figueiredo","twitter_card":"summary_large_image","twitter_misc":{"Escrito por":"D\u00e9bora Figueiredo","Est. tempo de leitura":"4 minutos"},"schema":{"@context":"https:\/\/schema.org","@graph":[{"@type":"NewsArticle","@id":"https:\/\/www.gaveanews.com\/index.php\/2024\/11\/24\/a-declaracao-de-john-textor-apos-o-jogo-entre-botafogo-x-vitoria\/#article","isPartOf":{"@id":"https:\/\/www.gaveanews.com\/index.php\/2024\/11\/24\/a-declaracao-de-john-textor-apos-o-jogo-entre-botafogo-x-vitoria\/"},"author":{"name":"D\u00e9bora Figueiredo","@id":"https:\/\/www.gaveanews.com\/#\/schema\/person\/37122681a8575a5c8db05a56f099a5e4"},"headline":"A declara\u00e7\u00e3o de John Textor ap\u00f3s o jogo entre Botafogo x Vit\u00f3ria","datePublished":"2024-11-24T22:35:00+00:00","mainEntityOfPage":{"@id":"https:\/\/www.gaveanews.com\/index.php\/2024\/11\/24\/a-declaracao-de-john-textor-apos-o-jogo-entre-botafogo-x-vitoria\/"},"wordCount":578,"commentCount":0,"image":{"@id":"https:\/\/www.gaveanews.com\/index.php\/2024\/11\/24\/a-declaracao-de-john-textor-apos-o-jogo-entre-botafogo-x-vitoria\/#primaryimage"},"thumbnailUrl":"https:\/\/www.gaveanews.com\/wp-content\/uploads\/textor4.avif","articleSection":["Botafogo"],"inLanguage":"pt-BR","potentialAction":[{"@type":"CommentAction","name":"Comment","target":["https:\/\/www.gaveanews.com\/index.php\/2024\/11\/24\/a-declaracao-de-john-textor-apos-o-jogo-entre-botafogo-x-vitoria\/#respond"]}],"copyrightYear":"2024","copyrightHolder":{"@id":"https:\/\/www.gaveanews.com\/#organization"}},{"@type":"WebPage","@id":"https:\/\/www.gaveanews.com\/index.php\/2024\/11\/24\/a-declaracao-de-john-textor-apos-o-jogo-entre-botafogo-x-vitoria\/","url":"https:\/\/www.gaveanews.com\/index.php\/2024\/11\/24\/a-declaracao-de-john-textor-apos-o-jogo-entre-botafogo-x-vitoria\/","name":"A declara\u00e7\u00e3o de John Textor ap\u00f3s o jogo entre Botafogo x Vit\u00f3ria","isPartOf":{"@id":"https:\/\/www.gaveanews.com\/#website"},"primaryImageOfPage":{"@id":"https:\/\/www.gaveanews.com\/index.php\/2024\/11\/24\/a-declaracao-de-john-textor-apos-o-jogo-entre-botafogo-x-vitoria\/#primaryimage"},"image":{"@id":"https:\/\/www.gaveanews.com\/index.php\/2024\/11\/24\/a-declaracao-de-john-textor-apos-o-jogo-entre-botafogo-x-vitoria\/#primaryimage"},"thumbnailUrl":"https:\/\/www.gaveanews.com\/wp-content\/uploads\/textor4.avif","datePublished":"2024-11-24T22:35:00+00:00","author":{"@id":"https:\/\/www.gaveanews.com\/#\/schema\/person\/37122681a8575a5c8db05a56f099a5e4"},"description":"A declara\u00e7\u00e3o de John Textor ap\u00f3s o jogo entre Botafogo x Vit\u00f3ria","breadcrumb":{"@id":"https:\/\/www.gaveanews.com\/index.php\/2024\/11\/24\/a-declaracao-de-john-textor-apos-o-jogo-entre-botafogo-x-vitoria\/#breadcrumb"},"inLanguage":"pt-BR","potentialAction":[{"@type":"ReadAction","target":["https:\/\/www.gaveanews.com\/index.php\/2024\/11\/24\/a-declaracao-de-john-textor-apos-o-jogo-entre-botafogo-x-vitoria\/"]}]},{"@type":"ImageObject","inLanguage":"pt-BR","@id":"https:\/\/www.gaveanews.com\/index.php\/2024\/11\/24\/a-declaracao-de-john-textor-apos-o-jogo-entre-botafogo-x-vitoria\/#primaryimage","url":"https:\/\/www.gaveanews.com\/wp-content\/uploads\/textor4.avif","contentUrl":"https:\/\/www.gaveanews.com\/wp-content\/uploads\/textor4.avif","width":888,"height":602,"caption":"John Textor, dono da SAF do Botafogo \u2014 Foto: Reprodu\u00e7\u00e3o"},{"@type":"BreadcrumbList","@id":"https:\/\/www.gaveanews.com\/index.php\/2024\/11\/24\/a-declaracao-de-john-textor-apos-o-jogo-entre-botafogo-x-vitoria\/#breadcrumb","itemListElement":[{"@type":"ListItem","position":1,"name":"Home","item":"https:\/\/www.gaveanews.com\/"},{"@type":"ListItem","position":2,"name":"A declara\u00e7\u00e3o de John Textor ap\u00f3s o jogo entre Botafogo x Vit\u00f3ria"}]},{"@type":"WebSite","@id":"https:\/\/www.gaveanews.com\/#website","url":"https:\/\/www.gaveanews.com\/","name":"G\u00e1vea News","description":"Veja todas as not\u00edcias sobre o Flamengo: Contrata\u00e7\u00f5es, categorias de base, resultados das partidas, tabela de classifica\u00e7\u00e3o, pr\u00f3ximos jogos!","potentialAction":[{"@type":"SearchAction","target":{"@type":"EntryPoint","urlTemplate":"https:\/\/www.gaveanews.com\/?s={search_term_string}"},"query-input":{"@type":"PropertyValueSpecification","valueRequired":true,"valueName":"search_term_string"}}],"inLanguage":"pt-BR"},{"@type":"Person","@id":"https:\/\/www.gaveanews.com\/#\/schema\/person\/37122681a8575a5c8db05a56f099a5e4","name":"D\u00e9bora Figueiredo","image":{"@type":"ImageObject","inLanguage":"pt-BR","@id":"https:\/\/www.gaveanews.com\/#\/schema\/person\/image\/","url":"https:\/\/secure.gravatar.com\/avatar\/1f44802859351588499d26f52aed1d15796ce17e67602895b72837c08018868d?s=96&d=mm&r=g","contentUrl":"https:\/\/secure.gravatar.com\/avatar\/1f44802859351588499d26f52aed1d15796ce17e67602895b72837c08018868d?s=96&d=mm&r=g","caption":"D\u00e9bora Figueiredo"}}]}},"_links":{"self":[{"href":"https:\/\/www.gaveanews.com\/index.php\/wp-json\/wp\/v2\/posts\/189731","targetHints":{"allow":["GET"]}}],"collection":[{"href":"https:\/\/www.gaveanews.com\/index.php\/wp-json\/wp\/v2\/posts"}],"about":[{"href":"https:\/\/www.gaveanews.com\/index.php\/wp-json\/wp\/v2\/types\/post"}],"author":[{"embeddable":true,"href":"https:\/\/www.gaveanews.com\/index.php\/wp-json\/wp\/v2\/users\/16"}],"replies":[{"embeddable":true,"href":"https:\/\/www.gaveanews.com\/index.php\/wp-json\/wp\/v2\/comments?post=189731"}],"version-history":[{"count":2,"href":"https:\/\/www.gaveanews.com\/index.php\/wp-json\/wp\/v2\/posts\/189731\/revisions"}],"predecessor-version":[{"id":189860,"href":"https:\/\/www.gaveanews.com\/index.php\/wp-json\/wp\/v2\/posts\/189731\/revisions\/189860"}],"wp:featuredmedia":[{"embeddable":true,"href":"https:\/\/www.gaveanews.com\/index.php\/wp-json\/wp\/v2\/media\/146326"}],"wp:attachment":[{"href":"https:\/\/www.gaveanews.com\/index.php\/wp-json\/wp\/v2\/media?parent=189731"}],"wp:term":[{"taxonomy":"category","embeddable":true,"href":"https:\/\/www.gaveanews.com\/index.php\/wp-json\/wp\/v2\/categories?post=189731"},{"taxonomy":"post_tag","embeddable":true,"href":"https:\/\/www.gaveanews.com\/index.php\/wp-json\/wp\/v2\/tags?post=189731"}],"curies":[{"name":"wp","href":"https:\/\/api.w.org\/{rel}","templated":true}]}}