{"id":189970,"date":"2024-11-25T13:00:00","date_gmt":"2024-11-25T16:00:00","guid":{"rendered":"https:\/\/www.gaveanews.com\/?p=189970"},"modified":"2024-11-25T10:54:33","modified_gmt":"2024-11-25T13:54:33","slug":"gabigol-do-flamengo-provoca-de-la-cruz","status":"publish","type":"post","link":"https:\/\/www.gaveanews.com\/index.php\/2024\/11\/25\/gabigol-do-flamengo-provoca-de-la-cruz\/","title":{"rendered":"Gabigol, do Flamengo, provoca De La Cruz"},"content":{"rendered":"\n<p>No \u00faltimo s\u00e1bado (23), a Fla TV promoveu uma iniciativa especial, entregando fotografias conquista da Libertadores de 2019 para atletas do elenco atual e antigos jogadores. Entre os agraciados, destacaram-se Arrascaeta, Gerson e Bruno Henrique. Gabriel Barbosa, protagonista daquele t\u00edtulo, tamb\u00e9m recebeu imagens que relembram a final hist\u00f3rica.<\/p>\n\n\n\n<ul class=\"wp-block-list\">\n<li><a href=\"https:\/\/www.gaveanews.com\/index.php\/2024\/11\/25\/flamengo-podera-ser-punido-pelo-stjd-2\/\">Flamengo poder\u00e1 ser punido pelo STJD<\/a><\/li>\n\n\n\n<li><a href=\"https:\/\/www.gaveanews.com\/index.php\/2024\/11\/24\/o-flamengo-ainda-pode-ser-campeao-do-brasileirao\/\">O Flamengo ainda pode ser campe\u00e3o do Brasileir\u00e3o?<\/a><\/li>\n<\/ul>\n\n\n\n<p>Gabriel Barbosa, conhecido popularmente como Gabigol e camisa 99 do Flamengo, demonstrou grande entusiasmo ao receber as lembran\u00e7as. Durante a grava\u00e7\u00e3o, ele celebrou o momento com alegria ao revisitar a decis\u00e3o \u00e9pica contra o River Plate, da Argentina, quando marcou os dois gols que garantiram a virada e o t\u00edtulo para o Flamengo.<\/p>\n\n\n\n<p>No momento em que examinava as imagens, Gabriel aproveitou para brincar com Nicol\u00e1s De La Cruz, meio-campista uruguaio que atuava pelo River Plate na final de 2019 e agora integra o Flamengo. Gabigol, em tom descontra\u00eddo, autografou algumas fotos e sugeriu presentear De La Cruz com uma delas, afirmando: &#8220;Vou dar uma de presente, t\u00e1 bom? Para o Nico (De La Cruz)\u201d.<\/p>\n\n\n\n<blockquote class=\"twitter-tweet\"><p lang=\"pt\" dir=\"ltr\">Feliz dia 23\/11, Na\u00e7\u00e3o! \ud83d\udd34\u26ab\ufe0f\ud83c\udfc6\ud83c\udfc6<a href=\"https:\/\/twitter.com\/hashtag\/CRF?src=hash&amp;ref_src=twsrc%5Etfw\">#CRF<\/a> <a href=\"https:\/\/t.co\/SDUNC9IpYS\">pic.twitter.com\/SDUNC9IpYS<\/a><\/p>&mdash; Flamengo (@Flamengo) <a href=\"https:\/\/twitter.com\/Flamengo\/status\/1860364673700303311?ref_src=twsrc%5Etfw\">November 23, 2024<\/a><\/blockquote> <script async src=\"https:\/\/platform.twitter.com\/widgets.js\" charset=\"utf-8\"><\/script>\n\n\n\n<h2 class=\"wp-block-heading\" id=\"h-de-la-cruz-relembrou-derrota-de-2019\">De La Cruz relembrou derrota de 2019<\/h2>\n\n\n\n<p>Nicol\u00e1s De La Cruz tamb\u00e9m j\u00e1 comentou quando o River Plate esteve pr\u00f3ximo de conquistar o t\u00edtulo. Ele recordou o equil\u00edbrio da partida e reconheceu que sua equipe fez uma campanha s\u00f3lida na competi\u00e7\u00e3o. Entretanto, admitiu que os minutos finais foram decisivos, resultando na virada flamenguista e na perda do trof\u00e9u.<\/p>\n\n\n\n<p>Agora vestindo a camisa rubro-negra, De La Cruz enfatizou sobre a oportunidade de buscar a Libertadores pelo Flamengo. Assim sendo, ele destacou a ironia de jogar ao lado de atletas que foram respons\u00e1veis por sua frustra\u00e7\u00e3o em 2019. Ele manteve um tom bem-humorado ao abordar o passado, mas enfatizou a seriedade e o foco na conquista de novos t\u00edtulos.<\/p>\n\n\n\n<p>\u201cObviamente que agora h\u00e1 a expectativa de conquist\u00e1-la tamb\u00e9m com os que me fizeram sofrer em 2019 (risos), me fizeram chorar um pouquinho porque ningu\u00e9m gosta de perder, ainda mais uma final da Libertadores. Gabi brinca, Giorgian (de Arrascaeta) igual, mas sempre com respeito e numa boa onda\u201d, disparou De La Cruz em entrevista para a CONMEBOL, em mar\u00e7o deste ano. <\/p>\n","protected":false},"excerpt":{"rendered":"<p>No \u00faltimo s\u00e1bado (23), a Fla TV promoveu uma iniciativa especial, entregando fotografias conquista da Libertadores de 2019 para atletas do elenco atual e antigos jogadores. Entre os agraciados, destacaram-se Arrascaeta, Gerson e Bruno Henrique. Gabriel Barbosa, protagonista daquele t\u00edtulo, tamb\u00e9m recebeu imagens que relembram a final hist\u00f3rica. Gabriel Barbosa, conhecido popularmente como Gabigol e [&hellip;]<\/p>\n","protected":false},"author":28,"featured_media":99904,"comment_status":"open","ping_status":"closed","sticky":false,"template":"","format":"standard","meta":{"footnotes":""},"categories":[1],"tags":[],"class_list":["post-189970","post","type-post","status-publish","format-standard","has-post-thumbnail","hentry","category-flamengo"],"yoast_head":"<!-- This site is optimized with the Yoast SEO Premium plugin v24.2 (Yoast SEO v26.9) - https:\/\/yoast.com\/product\/yoast-seo-premium-wordpress\/ -->\n<title>Gabigol, do Flamengo, provoca De La Cruz<\/title>\n<meta name=\"robots\" content=\"index, follow, max-snippet:-1, max-image-preview:large, max-video-preview:-1\" \/>\n<link rel=\"canonical\" href=\"https:\/\/www.gaveanews.com\/index.php\/2024\/11\/25\/gabigol-do-flamengo-provoca-de-la-cruz\/\" \/>\n<meta property=\"og:locale\" content=\"pt_BR\" \/>\n<meta property=\"og:type\" content=\"article\" \/>\n<meta property=\"og:title\" content=\"Gabigol, do Flamengo, provoca De La Cruz\" \/>\n<meta property=\"og:description\" content=\"No \u00faltimo s\u00e1bado (23), a Fla TV promoveu uma iniciativa especial, entregando fotografias conquista da Libertadores de 2019 para atletas do elenco atual e antigos jogadores. Entre os agraciados, destacaram-se Arrascaeta, Gerson e Bruno Henrique. Gabriel Barbosa, protagonista daquele t\u00edtulo, tamb\u00e9m recebeu imagens que relembram a final hist\u00f3rica. Gabriel Barbosa, conhecido popularmente como Gabigol e [&hellip;]\" \/>\n<meta property=\"og:url\" content=\"https:\/\/www.gaveanews.com\/index.php\/2024\/11\/25\/gabigol-do-flamengo-provoca-de-la-cruz\/\" \/>\n<meta property=\"og:site_name\" content=\"G\u00e1vea News\" \/>\n<meta property=\"article:publisher\" content=\"https:\/\/facebook.com\/gaveaNews\/\" \/>\n<meta property=\"article:published_time\" content=\"2024-11-25T16:00:00+00:00\" \/>\n<meta property=\"og:image\" content=\"https:\/\/www.gaveanews.com\/wp-content\/uploads\/gabigol-flamengo-gol-fluminense-copa-do-brasil-maracana.webp\" \/>\n\t<meta property=\"og:image:width\" content=\"900\" \/>\n\t<meta property=\"og:image:height\" content=\"599\" \/>\n\t<meta property=\"og:image:type\" content=\"image\/jpeg\" \/>\n<meta name=\"author\" content=\"Hudson Pereira\" \/>\n<meta name=\"twitter:card\" content=\"summary_large_image\" \/>\n<meta name=\"twitter:label1\" content=\"Escrito por\" \/>\n\t<meta name=\"twitter:data1\" content=\"Hudson Pereira\" \/>\n\t<meta name=\"twitter:label2\" content=\"Est. tempo de leitura\" \/>\n\t<meta name=\"twitter:data2\" content=\"3 minutos\" \/>\n<script type=\"application\/ld+json\" class=\"yoast-schema-graph\">{\"@context\":\"https:\/\/schema.org\",\"@graph\":[{\"@type\":\"NewsArticle\",\"@id\":\"https:\/\/www.gaveanews.com\/index.php\/2024\/11\/25\/gabigol-do-flamengo-provoca-de-la-cruz\/#article\",\"isPartOf\":{\"@id\":\"https:\/\/www.gaveanews.com\/index.php\/2024\/11\/25\/gabigol-do-flamengo-provoca-de-la-cruz\/\"},\"author\":{\"name\":\"Hudson Pereira\",\"@id\":\"https:\/\/www.gaveanews.com\/#\/schema\/person\/bd08f00534b403119b92741a6d469ef0\"},\"headline\":\"Gabigol, do Flamengo, provoca De La Cruz\",\"datePublished\":\"2024-11-25T16:00:00+00:00\",\"mainEntityOfPage\":{\"@id\":\"https:\/\/www.gaveanews.com\/index.php\/2024\/11\/25\/gabigol-do-flamengo-provoca-de-la-cruz\/\"},\"wordCount\":396,\"commentCount\":0,\"image\":{\"@id\":\"https:\/\/www.gaveanews.com\/index.php\/2024\/11\/25\/gabigol-do-flamengo-provoca-de-la-cruz\/#primaryimage\"},\"thumbnailUrl\":\"https:\/\/www.gaveanews.com\/wp-content\/uploads\/gabigol-flamengo-gol-fluminense-copa-do-brasil-maracana.webp\",\"articleSection\":[\"Flamengo\"],\"inLanguage\":\"pt-BR\",\"potentialAction\":[{\"@type\":\"CommentAction\",\"name\":\"Comment\",\"target\":[\"https:\/\/www.gaveanews.com\/index.php\/2024\/11\/25\/gabigol-do-flamengo-provoca-de-la-cruz\/#respond\"]}],\"copyrightYear\":\"2024\",\"copyrightHolder\":{\"@id\":\"https:\/\/www.gaveanews.com\/#organization\"}},{\"@type\":\"WebPage\",\"@id\":\"https:\/\/www.gaveanews.com\/index.php\/2024\/11\/25\/gabigol-do-flamengo-provoca-de-la-cruz\/\",\"url\":\"https:\/\/www.gaveanews.com\/index.php\/2024\/11\/25\/gabigol-do-flamengo-provoca-de-la-cruz\/\",\"name\":\"Gabigol, do Flamengo, provoca De La Cruz\",\"isPartOf\":{\"@id\":\"https:\/\/www.gaveanews.com\/#website\"},\"primaryImageOfPage\":{\"@id\":\"https:\/\/www.gaveanews.com\/index.php\/2024\/11\/25\/gabigol-do-flamengo-provoca-de-la-cruz\/#primaryimage\"},\"image\":{\"@id\":\"https:\/\/www.gaveanews.com\/index.php\/2024\/11\/25\/gabigol-do-flamengo-provoca-de-la-cruz\/#primaryimage\"},\"thumbnailUrl\":\"https:\/\/www.gaveanews.com\/wp-content\/uploads\/gabigol-flamengo-gol-fluminense-copa-do-brasil-maracana.webp\",\"datePublished\":\"2024-11-25T16:00:00+00:00\",\"author\":{\"@id\":\"https:\/\/www.gaveanews.com\/#\/schema\/person\/bd08f00534b403119b92741a6d469ef0\"},\"breadcrumb\":{\"@id\":\"https:\/\/www.gaveanews.com\/index.php\/2024\/11\/25\/gabigol-do-flamengo-provoca-de-la-cruz\/#breadcrumb\"},\"inLanguage\":\"pt-BR\",\"potentialAction\":[{\"@type\":\"ReadAction\",\"target\":[\"https:\/\/www.gaveanews.com\/index.php\/2024\/11\/25\/gabigol-do-flamengo-provoca-de-la-cruz\/\"]}]},{\"@type\":\"ImageObject\",\"inLanguage\":\"pt-BR\",\"@id\":\"https:\/\/www.gaveanews.com\/index.php\/2024\/11\/25\/gabigol-do-flamengo-provoca-de-la-cruz\/#primaryimage\",\"url\":\"https:\/\/www.gaveanews.com\/wp-content\/uploads\/gabigol-flamengo-gol-fluminense-copa-do-brasil-maracana.webp\",\"contentUrl\":\"https:\/\/www.gaveanews.com\/wp-content\/uploads\/gabigol-flamengo-gol-fluminense-copa-do-brasil-maracana.webp\",\"width\":900,\"height\":599,\"caption\":\"Gabigol comemora gol marcado pelo Flamengo contra o Fluminense no Maracan\u00e3 (Foto: Marcelo Cortes\/Flamengo)\"},{\"@type\":\"BreadcrumbList\",\"@id\":\"https:\/\/www.gaveanews.com\/index.php\/2024\/11\/25\/gabigol-do-flamengo-provoca-de-la-cruz\/#breadcrumb\",\"itemListElement\":[{\"@type\":\"ListItem\",\"position\":1,\"name\":\"Home\",\"item\":\"https:\/\/www.gaveanews.com\/\"},{\"@type\":\"ListItem\",\"position\":2,\"name\":\"Gabigol, do Flamengo, provoca De La Cruz\"}]},{\"@type\":\"WebSite\",\"@id\":\"https:\/\/www.gaveanews.com\/#website\",\"url\":\"https:\/\/www.gaveanews.com\/\",\"name\":\"G\u00e1vea News\",\"description\":\"Veja todas as not\u00edcias sobre o Flamengo: Contrata\u00e7\u00f5es, categorias de base, resultados das partidas, tabela de classifica\u00e7\u00e3o, pr\u00f3ximos jogos!\",\"potentialAction\":[{\"@type\":\"SearchAction\",\"target\":{\"@type\":\"EntryPoint\",\"urlTemplate\":\"https:\/\/www.gaveanews.com\/?s={search_term_string}\"},\"query-input\":{\"@type\":\"PropertyValueSpecification\",\"valueRequired\":true,\"valueName\":\"search_term_string\"}}],\"inLanguage\":\"pt-BR\"},{\"@type\":\"Person\",\"@id\":\"https:\/\/www.gaveanews.com\/#\/schema\/person\/bd08f00534b403119b92741a6d469ef0\",\"name\":\"Hudson Pereira\",\"image\":{\"@type\":\"ImageObject\",\"inLanguage\":\"pt-BR\",\"@id\":\"https:\/\/www.gaveanews.com\/#\/schema\/person\/image\/\",\"url\":\"https:\/\/secure.gravatar.com\/avatar\/ecc491b489e454e510efffc9b23c1052ce5fb4f2e05555768ba65819cd55f03e?s=96&d=mm&r=g\",\"contentUrl\":\"https:\/\/secure.gravatar.com\/avatar\/ecc491b489e454e510efffc9b23c1052ce5fb4f2e05555768ba65819cd55f03e?s=96&d=mm&r=g\",\"caption\":\"Hudson Pereira\"}}]}<\/script>\n<!-- \/ Yoast SEO Premium plugin. -->","yoast_head_json":{"title":"Gabigol, do Flamengo, provoca De La Cruz","robots":{"index":"index","follow":"follow","max-snippet":"max-snippet:-1","max-image-preview":"max-image-preview:large","max-video-preview":"max-video-preview:-1"},"canonical":"https:\/\/www.gaveanews.com\/index.php\/2024\/11\/25\/gabigol-do-flamengo-provoca-de-la-cruz\/","og_locale":"pt_BR","og_type":"article","og_title":"Gabigol, do Flamengo, provoca De La Cruz","og_description":"No \u00faltimo s\u00e1bado (23), a Fla TV promoveu uma iniciativa especial, entregando fotografias conquista da Libertadores de 2019 para atletas do elenco atual e antigos jogadores. Entre os agraciados, destacaram-se Arrascaeta, Gerson e Bruno Henrique. Gabriel Barbosa, protagonista daquele t\u00edtulo, tamb\u00e9m recebeu imagens que relembram a final hist\u00f3rica. Gabriel Barbosa, conhecido popularmente como Gabigol e [&hellip;]","og_url":"https:\/\/www.gaveanews.com\/index.php\/2024\/11\/25\/gabigol-do-flamengo-provoca-de-la-cruz\/","og_site_name":"G\u00e1vea News","article_publisher":"https:\/\/facebook.com\/gaveaNews\/","article_published_time":"2024-11-25T16:00:00+00:00","og_image":[{"width":900,"height":599,"url":"https:\/\/www.gaveanews.com\/wp-content\/uploads\/gabigol-flamengo-gol-fluminense-copa-do-brasil-maracana.webp","type":"image\/jpeg"}],"author":"Hudson Pereira","twitter_card":"summary_large_image","twitter_misc":{"Escrito por":"Hudson Pereira","Est. tempo de leitura":"3 minutos"},"schema":{"@context":"https:\/\/schema.org","@graph":[{"@type":"NewsArticle","@id":"https:\/\/www.gaveanews.com\/index.php\/2024\/11\/25\/gabigol-do-flamengo-provoca-de-la-cruz\/#article","isPartOf":{"@id":"https:\/\/www.gaveanews.com\/index.php\/2024\/11\/25\/gabigol-do-flamengo-provoca-de-la-cruz\/"},"author":{"name":"Hudson Pereira","@id":"https:\/\/www.gaveanews.com\/#\/schema\/person\/bd08f00534b403119b92741a6d469ef0"},"headline":"Gabigol, do Flamengo, provoca De La Cruz","datePublished":"2024-11-25T16:00:00+00:00","mainEntityOfPage":{"@id":"https:\/\/www.gaveanews.com\/index.php\/2024\/11\/25\/gabigol-do-flamengo-provoca-de-la-cruz\/"},"wordCount":396,"commentCount":0,"image":{"@id":"https:\/\/www.gaveanews.com\/index.php\/2024\/11\/25\/gabigol-do-flamengo-provoca-de-la-cruz\/#primaryimage"},"thumbnailUrl":"https:\/\/www.gaveanews.com\/wp-content\/uploads\/gabigol-flamengo-gol-fluminense-copa-do-brasil-maracana.webp","articleSection":["Flamengo"],"inLanguage":"pt-BR","potentialAction":[{"@type":"CommentAction","name":"Comment","target":["https:\/\/www.gaveanews.com\/index.php\/2024\/11\/25\/gabigol-do-flamengo-provoca-de-la-cruz\/#respond"]}],"copyrightYear":"2024","copyrightHolder":{"@id":"https:\/\/www.gaveanews.com\/#organization"}},{"@type":"WebPage","@id":"https:\/\/www.gaveanews.com\/index.php\/2024\/11\/25\/gabigol-do-flamengo-provoca-de-la-cruz\/","url":"https:\/\/www.gaveanews.com\/index.php\/2024\/11\/25\/gabigol-do-flamengo-provoca-de-la-cruz\/","name":"Gabigol, do Flamengo, provoca De La Cruz","isPartOf":{"@id":"https:\/\/www.gaveanews.com\/#website"},"primaryImageOfPage":{"@id":"https:\/\/www.gaveanews.com\/index.php\/2024\/11\/25\/gabigol-do-flamengo-provoca-de-la-cruz\/#primaryimage"},"image":{"@id":"https:\/\/www.gaveanews.com\/index.php\/2024\/11\/25\/gabigol-do-flamengo-provoca-de-la-cruz\/#primaryimage"},"thumbnailUrl":"https:\/\/www.gaveanews.com\/wp-content\/uploads\/gabigol-flamengo-gol-fluminense-copa-do-brasil-maracana.webp","datePublished":"2024-11-25T16:00:00+00:00","author":{"@id":"https:\/\/www.gaveanews.com\/#\/schema\/person\/bd08f00534b403119b92741a6d469ef0"},"breadcrumb":{"@id":"https:\/\/www.gaveanews.com\/index.php\/2024\/11\/25\/gabigol-do-flamengo-provoca-de-la-cruz\/#breadcrumb"},"inLanguage":"pt-BR","potentialAction":[{"@type":"ReadAction","target":["https:\/\/www.gaveanews.com\/index.php\/2024\/11\/25\/gabigol-do-flamengo-provoca-de-la-cruz\/"]}]},{"@type":"ImageObject","inLanguage":"pt-BR","@id":"https:\/\/www.gaveanews.com\/index.php\/2024\/11\/25\/gabigol-do-flamengo-provoca-de-la-cruz\/#primaryimage","url":"https:\/\/www.gaveanews.com\/wp-content\/uploads\/gabigol-flamengo-gol-fluminense-copa-do-brasil-maracana.webp","contentUrl":"https:\/\/www.gaveanews.com\/wp-content\/uploads\/gabigol-flamengo-gol-fluminense-copa-do-brasil-maracana.webp","width":900,"height":599,"caption":"Gabigol comemora gol marcado pelo Flamengo contra o Fluminense no Maracan\u00e3 (Foto: Marcelo Cortes\/Flamengo)"},{"@type":"BreadcrumbList","@id":"https:\/\/www.gaveanews.com\/index.php\/2024\/11\/25\/gabigol-do-flamengo-provoca-de-la-cruz\/#breadcrumb","itemListElement":[{"@type":"ListItem","position":1,"name":"Home","item":"https:\/\/www.gaveanews.com\/"},{"@type":"ListItem","position":2,"name":"Gabigol, do Flamengo, provoca De La Cruz"}]},{"@type":"WebSite","@id":"https:\/\/www.gaveanews.com\/#website","url":"https:\/\/www.gaveanews.com\/","name":"G\u00e1vea News","description":"Veja todas as not\u00edcias sobre o Flamengo: Contrata\u00e7\u00f5es, categorias de base, resultados das partidas, tabela de classifica\u00e7\u00e3o, pr\u00f3ximos jogos!","potentialAction":[{"@type":"SearchAction","target":{"@type":"EntryPoint","urlTemplate":"https:\/\/www.gaveanews.com\/?s={search_term_string}"},"query-input":{"@type":"PropertyValueSpecification","valueRequired":true,"valueName":"search_term_string"}}],"inLanguage":"pt-BR"},{"@type":"Person","@id":"https:\/\/www.gaveanews.com\/#\/schema\/person\/bd08f00534b403119b92741a6d469ef0","name":"Hudson Pereira","image":{"@type":"ImageObject","inLanguage":"pt-BR","@id":"https:\/\/www.gaveanews.com\/#\/schema\/person\/image\/","url":"https:\/\/secure.gravatar.com\/avatar\/ecc491b489e454e510efffc9b23c1052ce5fb4f2e05555768ba65819cd55f03e?s=96&d=mm&r=g","contentUrl":"https:\/\/secure.gravatar.com\/avatar\/ecc491b489e454e510efffc9b23c1052ce5fb4f2e05555768ba65819cd55f03e?s=96&d=mm&r=g","caption":"Hudson Pereira"}}]}},"_links":{"self":[{"href":"https:\/\/www.gaveanews.com\/index.php\/wp-json\/wp\/v2\/posts\/189970","targetHints":{"allow":["GET"]}}],"collection":[{"href":"https:\/\/www.gaveanews.com\/index.php\/wp-json\/wp\/v2\/posts"}],"about":[{"href":"https:\/\/www.gaveanews.com\/index.php\/wp-json\/wp\/v2\/types\/post"}],"author":[{"embeddable":true,"href":"https:\/\/www.gaveanews.com\/index.php\/wp-json\/wp\/v2\/users\/28"}],"replies":[{"embeddable":true,"href":"https:\/\/www.gaveanews.com\/index.php\/wp-json\/wp\/v2\/comments?post=189970"}],"version-history":[{"count":2,"href":"https:\/\/www.gaveanews.com\/index.php\/wp-json\/wp\/v2\/posts\/189970\/revisions"}],"predecessor-version":[{"id":190030,"href":"https:\/\/www.gaveanews.com\/index.php\/wp-json\/wp\/v2\/posts\/189970\/revisions\/190030"}],"wp:featuredmedia":[{"embeddable":true,"href":"https:\/\/www.gaveanews.com\/index.php\/wp-json\/wp\/v2\/media\/99904"}],"wp:attachment":[{"href":"https:\/\/www.gaveanews.com\/index.php\/wp-json\/wp\/v2\/media?parent=189970"}],"wp:term":[{"taxonomy":"category","embeddable":true,"href":"https:\/\/www.gaveanews.com\/index.php\/wp-json\/wp\/v2\/categories?post=189970"},{"taxonomy":"post_tag","embeddable":true,"href":"https:\/\/www.gaveanews.com\/index.php\/wp-json\/wp\/v2\/tags?post=189970"}],"curies":[{"name":"wp","href":"https:\/\/api.w.org\/{rel}","templated":true}]}}