{"id":190134,"date":"2024-11-25T15:25:00","date_gmt":"2024-11-25T18:25:00","guid":{"rendered":"https:\/\/www.gaveanews.com\/?p=190134"},"modified":"2024-11-25T14:43:44","modified_gmt":"2024-11-25T17:43:44","slug":"a-declaracao-de-matheus-pereira-apos-o-cruzeiro-perder-a-final-da-sul-americana","status":"publish","type":"post","link":"https:\/\/www.gaveanews.com\/index.php\/2024\/11\/25\/a-declaracao-de-matheus-pereira-apos-o-cruzeiro-perder-a-final-da-sul-americana\/","title":{"rendered":"A declara\u00e7\u00e3o de Matheus Pereira ap\u00f3s o Cruzeiro perder a final da Sul-Americana"},"content":{"rendered":"\n<h2 class=\"wp-block-heading\" id=\"h-matheus-pereira-comenta-derrota-para-o-racing-e-projeta-foco-no-brasileiro\">Matheus Pereira comenta derrota para o Racing e projeta foco no Brasileiro<\/h2>\n\n\n\n<p>O meia Matheus Pereira falou sobre a derrota do Cruzeiro para o Racing por 3 a 1, na final da Copa Sul-Americana, disputada no est\u00e1dio Nueva Olla, em Assun\u00e7\u00e3o, no Paraguai, no \u00faltimo s\u00e1bado (23). Visivelmente abalado pelo vice-campeonato, o camisa 10 analisou os fatores que levaram \u00e0 derrota e comentou os pr\u00f3ximos desafios da equipe.<\/p>\n\n\n\n<ul class=\"wp-block-list\">\n<li><a href=\"https:\/\/www.gaveanews.com\/index.php\/2024\/11\/21\/racing-x-cruzeiro-a-declaracao-de-fernando-diniz\/\">Racing x Cruzeiro: a declara\u00e7\u00e3o de Fernando Diniz<\/a><\/li>\n\n\n\n<li><a href=\"https:\/\/www.gaveanews.com\/index.php\/2024\/11\/25\/situacao-do-cruzeiro-repercute-no-exterior\/\">Situa\u00e7\u00e3o do Cruzeiro repercute no exterior<\/a><\/li>\n<\/ul>\n\n\n\n<p>O Cruzeiro sofreu dois gols nos primeiros 15 minutos, em um in\u00edcio que Matheus classificou como determinante para o resultado final. Durante o per\u00edodo, Gast\u00f3n Martirena e Adrian Mart\u00ednez marcaram para o Racing, aproveitando falhas da equipe brasileira.<\/p>\n\n\n\n<p>Ap\u00f3s a partida, Matheus destacou a import\u00e2ncia de uma an\u00e1lise interna sobre os erros cometidos na decis\u00e3o. \u201cNingu\u00e9m entra em campo para errar. Tem que haver uma autoavalia\u00e7\u00e3o, inclusive de mim mesmo. \u00c9 necess\u00e1rio identificar o que pode ser feito de forma diferente e melhor. Em um jogo de final, os detalhes fazem a diferen\u00e7a. Agora \u00e9 hora de focar no Brasileiro e buscar a classifica\u00e7\u00e3o para a Libertadores\u201d, afirmou.<\/p>\n\n\n\n<p>Matheus tamb\u00e9m mencionou a dificuldade de superar a dor da derrota e projetar os pr\u00f3ximos passos. \u201cEst\u00e1 doendo muito. Futebol pune, e hoje fomos punidos por erros em 20 minutos. Agora, precisamos levantar a cabe\u00e7a e focar nos pr\u00f3ximos quatro jogos do Brasileiro para terminar bem e garantir a vaga na Libertadores\u201d, disse o meia.<\/p>\n\n\n\n<p>O Cruzeiro, que ocupa a s\u00e9tima posi\u00e7\u00e3o no Campeonato Brasileiro com 47 pontos, est\u00e1 na zona de classifica\u00e7\u00e3o para a pr\u00f3xima Libertadores. A equipe, comandada por Fernando Diniz, enfrentar\u00e1 o Gr\u00eamio na quarta-feira (27), \u00e0s 21h (de Bras\u00edlia), no Mineir\u00e3o, em partida v\u00e1lida pela 35\u00aa rodada.<\/p>\n\n\n\n<p>Com o vice na Sul-Americana, a classifica\u00e7\u00e3o pelo Brasileiro se torna ainda mais importante para o planejamento do Cruzeiro na pr\u00f3xima temporada.<\/p>\n","protected":false},"excerpt":{"rendered":"<p>Matheus Pereira comenta derrota para o Racing e projeta foco no Brasileiro O meia Matheus Pereira falou sobre a derrota do Cruzeiro para o Racing por 3 a 1, na final da Copa Sul-Americana, disputada no est\u00e1dio Nueva Olla, em Assun\u00e7\u00e3o, no Paraguai, no \u00faltimo s\u00e1bado (23). Visivelmente abalado pelo vice-campeonato, o camisa 10 analisou [&hellip;]<\/p>\n","protected":false},"author":20,"featured_media":158265,"comment_status":"open","ping_status":"closed","sticky":false,"template":"","format":"standard","meta":{"footnotes":""},"categories":[143],"tags":[],"class_list":["post-190134","post","type-post","status-publish","format-standard","has-post-thumbnail","hentry","category-cruzeiro"],"yoast_head":"<!-- This site is optimized with the Yoast SEO Premium plugin v24.2 (Yoast SEO v26.9) - https:\/\/yoast.com\/product\/yoast-seo-premium-wordpress\/ -->\n<title>A declara\u00e7\u00e3o de Matheus Pereira ap\u00f3s o Cruzeiro perder a final da Sul-Americana<\/title>\n<meta name=\"robots\" content=\"index, follow, max-snippet:-1, max-image-preview:large, max-video-preview:-1\" \/>\n<link rel=\"canonical\" href=\"https:\/\/www.gaveanews.com\/index.php\/2024\/11\/25\/a-declaracao-de-matheus-pereira-apos-o-cruzeiro-perder-a-final-da-sul-americana\/\" \/>\n<meta property=\"og:locale\" content=\"pt_BR\" \/>\n<meta property=\"og:type\" content=\"article\" \/>\n<meta property=\"og:title\" content=\"A declara\u00e7\u00e3o de Matheus Pereira ap\u00f3s o Cruzeiro perder a final da Sul-Americana\" \/>\n<meta property=\"og:description\" content=\"Matheus Pereira comenta derrota para o Racing e projeta foco no Brasileiro O meia Matheus Pereira falou sobre a derrota do Cruzeiro para o Racing por 3 a 1, na final da Copa Sul-Americana, disputada no est\u00e1dio Nueva Olla, em Assun\u00e7\u00e3o, no Paraguai, no \u00faltimo s\u00e1bado (23). Visivelmente abalado pelo vice-campeonato, o camisa 10 analisou [&hellip;]\" \/>\n<meta property=\"og:url\" content=\"https:\/\/www.gaveanews.com\/index.php\/2024\/11\/25\/a-declaracao-de-matheus-pereira-apos-o-cruzeiro-perder-a-final-da-sul-americana\/\" \/>\n<meta property=\"og:site_name\" content=\"G\u00e1vea News\" \/>\n<meta property=\"article:publisher\" content=\"https:\/\/facebook.com\/gaveaNews\/\" \/>\n<meta property=\"article:published_time\" content=\"2024-11-25T18:25:00+00:00\" \/>\n<meta property=\"og:image\" content=\"https:\/\/www.gaveanews.com\/wp-content\/uploads\/Matheus-Pereira-em-acao-pelo-Cruzeiro.webp\" \/>\n\t<meta property=\"og:image:width\" content=\"1080\" \/>\n\t<meta property=\"og:image:height\" content=\"1350\" \/>\n\t<meta property=\"og:image:type\" content=\"image\/jpeg\" \/>\n<meta name=\"author\" content=\"Lucas Barros\" \/>\n<meta name=\"twitter:card\" content=\"summary_large_image\" \/>\n<meta name=\"twitter:label1\" content=\"Escrito por\" \/>\n\t<meta name=\"twitter:data1\" content=\"Lucas Barros\" \/>\n\t<meta name=\"twitter:label2\" content=\"Est. tempo de leitura\" \/>\n\t<meta name=\"twitter:data2\" content=\"2 minutos\" \/>\n<script type=\"application\/ld+json\" class=\"yoast-schema-graph\">{\"@context\":\"https:\/\/schema.org\",\"@graph\":[{\"@type\":\"NewsArticle\",\"@id\":\"https:\/\/www.gaveanews.com\/index.php\/2024\/11\/25\/a-declaracao-de-matheus-pereira-apos-o-cruzeiro-perder-a-final-da-sul-americana\/#article\",\"isPartOf\":{\"@id\":\"https:\/\/www.gaveanews.com\/index.php\/2024\/11\/25\/a-declaracao-de-matheus-pereira-apos-o-cruzeiro-perder-a-final-da-sul-americana\/\"},\"author\":{\"name\":\"Lucas Barros\",\"@id\":\"https:\/\/www.gaveanews.com\/#\/schema\/person\/2abf0cfa878f5f899daa5f781e82264c\"},\"headline\":\"A declara\u00e7\u00e3o de Matheus Pereira ap\u00f3s o Cruzeiro perder a final da Sul-Americana\",\"datePublished\":\"2024-11-25T18:25:00+00:00\",\"mainEntityOfPage\":{\"@id\":\"https:\/\/www.gaveanews.com\/index.php\/2024\/11\/25\/a-declaracao-de-matheus-pereira-apos-o-cruzeiro-perder-a-final-da-sul-americana\/\"},\"wordCount\":349,\"commentCount\":0,\"image\":{\"@id\":\"https:\/\/www.gaveanews.com\/index.php\/2024\/11\/25\/a-declaracao-de-matheus-pereira-apos-o-cruzeiro-perder-a-final-da-sul-americana\/#primaryimage\"},\"thumbnailUrl\":\"https:\/\/www.gaveanews.com\/wp-content\/uploads\/Matheus-Pereira-em-acao-pelo-Cruzeiro.webp\",\"articleSection\":[\"Cruzeiro\"],\"inLanguage\":\"pt-BR\",\"potentialAction\":[{\"@type\":\"CommentAction\",\"name\":\"Comment\",\"target\":[\"https:\/\/www.gaveanews.com\/index.php\/2024\/11\/25\/a-declaracao-de-matheus-pereira-apos-o-cruzeiro-perder-a-final-da-sul-americana\/#respond\"]}],\"copyrightYear\":\"2024\",\"copyrightHolder\":{\"@id\":\"https:\/\/www.gaveanews.com\/#organization\"}},{\"@type\":\"WebPage\",\"@id\":\"https:\/\/www.gaveanews.com\/index.php\/2024\/11\/25\/a-declaracao-de-matheus-pereira-apos-o-cruzeiro-perder-a-final-da-sul-americana\/\",\"url\":\"https:\/\/www.gaveanews.com\/index.php\/2024\/11\/25\/a-declaracao-de-matheus-pereira-apos-o-cruzeiro-perder-a-final-da-sul-americana\/\",\"name\":\"A declara\u00e7\u00e3o de Matheus Pereira ap\u00f3s o Cruzeiro perder a final da Sul-Americana\",\"isPartOf\":{\"@id\":\"https:\/\/www.gaveanews.com\/#website\"},\"primaryImageOfPage\":{\"@id\":\"https:\/\/www.gaveanews.com\/index.php\/2024\/11\/25\/a-declaracao-de-matheus-pereira-apos-o-cruzeiro-perder-a-final-da-sul-americana\/#primaryimage\"},\"image\":{\"@id\":\"https:\/\/www.gaveanews.com\/index.php\/2024\/11\/25\/a-declaracao-de-matheus-pereira-apos-o-cruzeiro-perder-a-final-da-sul-americana\/#primaryimage\"},\"thumbnailUrl\":\"https:\/\/www.gaveanews.com\/wp-content\/uploads\/Matheus-Pereira-em-acao-pelo-Cruzeiro.webp\",\"datePublished\":\"2024-11-25T18:25:00+00:00\",\"author\":{\"@id\":\"https:\/\/www.gaveanews.com\/#\/schema\/person\/2abf0cfa878f5f899daa5f781e82264c\"},\"breadcrumb\":{\"@id\":\"https:\/\/www.gaveanews.com\/index.php\/2024\/11\/25\/a-declaracao-de-matheus-pereira-apos-o-cruzeiro-perder-a-final-da-sul-americana\/#breadcrumb\"},\"inLanguage\":\"pt-BR\",\"potentialAction\":[{\"@type\":\"ReadAction\",\"target\":[\"https:\/\/www.gaveanews.com\/index.php\/2024\/11\/25\/a-declaracao-de-matheus-pereira-apos-o-cruzeiro-perder-a-final-da-sul-americana\/\"]}]},{\"@type\":\"ImageObject\",\"inLanguage\":\"pt-BR\",\"@id\":\"https:\/\/www.gaveanews.com\/index.php\/2024\/11\/25\/a-declaracao-de-matheus-pereira-apos-o-cruzeiro-perder-a-final-da-sul-americana\/#primaryimage\",\"url\":\"https:\/\/www.gaveanews.com\/wp-content\/uploads\/Matheus-Pereira-em-acao-pelo-Cruzeiro.webp\",\"contentUrl\":\"https:\/\/www.gaveanews.com\/wp-content\/uploads\/Matheus-Pereira-em-acao-pelo-Cruzeiro.webp\",\"width\":1080,\"height\":1350,\"caption\":\"Matheus Pereira em a\u00e7\u00e3o pelo Cruzeiro (Foto: Reprodu\u00e7\u00e3o\/Instagram)\"},{\"@type\":\"BreadcrumbList\",\"@id\":\"https:\/\/www.gaveanews.com\/index.php\/2024\/11\/25\/a-declaracao-de-matheus-pereira-apos-o-cruzeiro-perder-a-final-da-sul-americana\/#breadcrumb\",\"itemListElement\":[{\"@type\":\"ListItem\",\"position\":1,\"name\":\"Home\",\"item\":\"https:\/\/www.gaveanews.com\/\"},{\"@type\":\"ListItem\",\"position\":2,\"name\":\"A declara\u00e7\u00e3o de Matheus Pereira ap\u00f3s o Cruzeiro perder a final da Sul-Americana\"}]},{\"@type\":\"WebSite\",\"@id\":\"https:\/\/www.gaveanews.com\/#website\",\"url\":\"https:\/\/www.gaveanews.com\/\",\"name\":\"G\u00e1vea News\",\"description\":\"Veja todas as not\u00edcias sobre o Flamengo: Contrata\u00e7\u00f5es, categorias de base, resultados das partidas, tabela de classifica\u00e7\u00e3o, pr\u00f3ximos jogos!\",\"potentialAction\":[{\"@type\":\"SearchAction\",\"target\":{\"@type\":\"EntryPoint\",\"urlTemplate\":\"https:\/\/www.gaveanews.com\/?s={search_term_string}\"},\"query-input\":{\"@type\":\"PropertyValueSpecification\",\"valueRequired\":true,\"valueName\":\"search_term_string\"}}],\"inLanguage\":\"pt-BR\"},{\"@type\":\"Person\",\"@id\":\"https:\/\/www.gaveanews.com\/#\/schema\/person\/2abf0cfa878f5f899daa5f781e82264c\",\"name\":\"Lucas Barros\",\"image\":{\"@type\":\"ImageObject\",\"inLanguage\":\"pt-BR\",\"@id\":\"https:\/\/www.gaveanews.com\/#\/schema\/person\/image\/\",\"url\":\"https:\/\/secure.gravatar.com\/avatar\/67a6069eba66bf6fd7c80b70e1331baa3dbc3d6df5012d5c22eff29c7d59e0b0?s=96&d=mm&r=g\",\"contentUrl\":\"https:\/\/secure.gravatar.com\/avatar\/67a6069eba66bf6fd7c80b70e1331baa3dbc3d6df5012d5c22eff29c7d59e0b0?s=96&d=mm&r=g\",\"caption\":\"Lucas Barros\"}}]}<\/script>\n<!-- \/ Yoast SEO Premium plugin. -->","yoast_head_json":{"title":"A declara\u00e7\u00e3o de Matheus Pereira ap\u00f3s o Cruzeiro perder a final da Sul-Americana","robots":{"index":"index","follow":"follow","max-snippet":"max-snippet:-1","max-image-preview":"max-image-preview:large","max-video-preview":"max-video-preview:-1"},"canonical":"https:\/\/www.gaveanews.com\/index.php\/2024\/11\/25\/a-declaracao-de-matheus-pereira-apos-o-cruzeiro-perder-a-final-da-sul-americana\/","og_locale":"pt_BR","og_type":"article","og_title":"A declara\u00e7\u00e3o de Matheus Pereira ap\u00f3s o Cruzeiro perder a final da Sul-Americana","og_description":"Matheus Pereira comenta derrota para o Racing e projeta foco no Brasileiro O meia Matheus Pereira falou sobre a derrota do Cruzeiro para o Racing por 3 a 1, na final da Copa Sul-Americana, disputada no est\u00e1dio Nueva Olla, em Assun\u00e7\u00e3o, no Paraguai, no \u00faltimo s\u00e1bado (23). Visivelmente abalado pelo vice-campeonato, o camisa 10 analisou [&hellip;]","og_url":"https:\/\/www.gaveanews.com\/index.php\/2024\/11\/25\/a-declaracao-de-matheus-pereira-apos-o-cruzeiro-perder-a-final-da-sul-americana\/","og_site_name":"G\u00e1vea News","article_publisher":"https:\/\/facebook.com\/gaveaNews\/","article_published_time":"2024-11-25T18:25:00+00:00","og_image":[{"width":1080,"height":1350,"url":"https:\/\/www.gaveanews.com\/wp-content\/uploads\/Matheus-Pereira-em-acao-pelo-Cruzeiro.webp","type":"image\/jpeg"}],"author":"Lucas Barros","twitter_card":"summary_large_image","twitter_misc":{"Escrito por":"Lucas Barros","Est. tempo de leitura":"2 minutos"},"schema":{"@context":"https:\/\/schema.org","@graph":[{"@type":"NewsArticle","@id":"https:\/\/www.gaveanews.com\/index.php\/2024\/11\/25\/a-declaracao-de-matheus-pereira-apos-o-cruzeiro-perder-a-final-da-sul-americana\/#article","isPartOf":{"@id":"https:\/\/www.gaveanews.com\/index.php\/2024\/11\/25\/a-declaracao-de-matheus-pereira-apos-o-cruzeiro-perder-a-final-da-sul-americana\/"},"author":{"name":"Lucas Barros","@id":"https:\/\/www.gaveanews.com\/#\/schema\/person\/2abf0cfa878f5f899daa5f781e82264c"},"headline":"A declara\u00e7\u00e3o de Matheus Pereira ap\u00f3s o Cruzeiro perder a final da Sul-Americana","datePublished":"2024-11-25T18:25:00+00:00","mainEntityOfPage":{"@id":"https:\/\/www.gaveanews.com\/index.php\/2024\/11\/25\/a-declaracao-de-matheus-pereira-apos-o-cruzeiro-perder-a-final-da-sul-americana\/"},"wordCount":349,"commentCount":0,"image":{"@id":"https:\/\/www.gaveanews.com\/index.php\/2024\/11\/25\/a-declaracao-de-matheus-pereira-apos-o-cruzeiro-perder-a-final-da-sul-americana\/#primaryimage"},"thumbnailUrl":"https:\/\/www.gaveanews.com\/wp-content\/uploads\/Matheus-Pereira-em-acao-pelo-Cruzeiro.webp","articleSection":["Cruzeiro"],"inLanguage":"pt-BR","potentialAction":[{"@type":"CommentAction","name":"Comment","target":["https:\/\/www.gaveanews.com\/index.php\/2024\/11\/25\/a-declaracao-de-matheus-pereira-apos-o-cruzeiro-perder-a-final-da-sul-americana\/#respond"]}],"copyrightYear":"2024","copyrightHolder":{"@id":"https:\/\/www.gaveanews.com\/#organization"}},{"@type":"WebPage","@id":"https:\/\/www.gaveanews.com\/index.php\/2024\/11\/25\/a-declaracao-de-matheus-pereira-apos-o-cruzeiro-perder-a-final-da-sul-americana\/","url":"https:\/\/www.gaveanews.com\/index.php\/2024\/11\/25\/a-declaracao-de-matheus-pereira-apos-o-cruzeiro-perder-a-final-da-sul-americana\/","name":"A declara\u00e7\u00e3o de Matheus Pereira ap\u00f3s o Cruzeiro perder a final da Sul-Americana","isPartOf":{"@id":"https:\/\/www.gaveanews.com\/#website"},"primaryImageOfPage":{"@id":"https:\/\/www.gaveanews.com\/index.php\/2024\/11\/25\/a-declaracao-de-matheus-pereira-apos-o-cruzeiro-perder-a-final-da-sul-americana\/#primaryimage"},"image":{"@id":"https:\/\/www.gaveanews.com\/index.php\/2024\/11\/25\/a-declaracao-de-matheus-pereira-apos-o-cruzeiro-perder-a-final-da-sul-americana\/#primaryimage"},"thumbnailUrl":"https:\/\/www.gaveanews.com\/wp-content\/uploads\/Matheus-Pereira-em-acao-pelo-Cruzeiro.webp","datePublished":"2024-11-25T18:25:00+00:00","author":{"@id":"https:\/\/www.gaveanews.com\/#\/schema\/person\/2abf0cfa878f5f899daa5f781e82264c"},"breadcrumb":{"@id":"https:\/\/www.gaveanews.com\/index.php\/2024\/11\/25\/a-declaracao-de-matheus-pereira-apos-o-cruzeiro-perder-a-final-da-sul-americana\/#breadcrumb"},"inLanguage":"pt-BR","potentialAction":[{"@type":"ReadAction","target":["https:\/\/www.gaveanews.com\/index.php\/2024\/11\/25\/a-declaracao-de-matheus-pereira-apos-o-cruzeiro-perder-a-final-da-sul-americana\/"]}]},{"@type":"ImageObject","inLanguage":"pt-BR","@id":"https:\/\/www.gaveanews.com\/index.php\/2024\/11\/25\/a-declaracao-de-matheus-pereira-apos-o-cruzeiro-perder-a-final-da-sul-americana\/#primaryimage","url":"https:\/\/www.gaveanews.com\/wp-content\/uploads\/Matheus-Pereira-em-acao-pelo-Cruzeiro.webp","contentUrl":"https:\/\/www.gaveanews.com\/wp-content\/uploads\/Matheus-Pereira-em-acao-pelo-Cruzeiro.webp","width":1080,"height":1350,"caption":"Matheus Pereira em a\u00e7\u00e3o pelo Cruzeiro (Foto: Reprodu\u00e7\u00e3o\/Instagram)"},{"@type":"BreadcrumbList","@id":"https:\/\/www.gaveanews.com\/index.php\/2024\/11\/25\/a-declaracao-de-matheus-pereira-apos-o-cruzeiro-perder-a-final-da-sul-americana\/#breadcrumb","itemListElement":[{"@type":"ListItem","position":1,"name":"Home","item":"https:\/\/www.gaveanews.com\/"},{"@type":"ListItem","position":2,"name":"A declara\u00e7\u00e3o de Matheus Pereira ap\u00f3s o Cruzeiro perder a final da Sul-Americana"}]},{"@type":"WebSite","@id":"https:\/\/www.gaveanews.com\/#website","url":"https:\/\/www.gaveanews.com\/","name":"G\u00e1vea News","description":"Veja todas as not\u00edcias sobre o Flamengo: Contrata\u00e7\u00f5es, categorias de base, resultados das partidas, tabela de classifica\u00e7\u00e3o, pr\u00f3ximos jogos!","potentialAction":[{"@type":"SearchAction","target":{"@type":"EntryPoint","urlTemplate":"https:\/\/www.gaveanews.com\/?s={search_term_string}"},"query-input":{"@type":"PropertyValueSpecification","valueRequired":true,"valueName":"search_term_string"}}],"inLanguage":"pt-BR"},{"@type":"Person","@id":"https:\/\/www.gaveanews.com\/#\/schema\/person\/2abf0cfa878f5f899daa5f781e82264c","name":"Lucas Barros","image":{"@type":"ImageObject","inLanguage":"pt-BR","@id":"https:\/\/www.gaveanews.com\/#\/schema\/person\/image\/","url":"https:\/\/secure.gravatar.com\/avatar\/67a6069eba66bf6fd7c80b70e1331baa3dbc3d6df5012d5c22eff29c7d59e0b0?s=96&d=mm&r=g","contentUrl":"https:\/\/secure.gravatar.com\/avatar\/67a6069eba66bf6fd7c80b70e1331baa3dbc3d6df5012d5c22eff29c7d59e0b0?s=96&d=mm&r=g","caption":"Lucas Barros"}}]}},"_links":{"self":[{"href":"https:\/\/www.gaveanews.com\/index.php\/wp-json\/wp\/v2\/posts\/190134","targetHints":{"allow":["GET"]}}],"collection":[{"href":"https:\/\/www.gaveanews.com\/index.php\/wp-json\/wp\/v2\/posts"}],"about":[{"href":"https:\/\/www.gaveanews.com\/index.php\/wp-json\/wp\/v2\/types\/post"}],"author":[{"embeddable":true,"href":"https:\/\/www.gaveanews.com\/index.php\/wp-json\/wp\/v2\/users\/20"}],"replies":[{"embeddable":true,"href":"https:\/\/www.gaveanews.com\/index.php\/wp-json\/wp\/v2\/comments?post=190134"}],"version-history":[{"count":1,"href":"https:\/\/www.gaveanews.com\/index.php\/wp-json\/wp\/v2\/posts\/190134\/revisions"}],"predecessor-version":[{"id":190137,"href":"https:\/\/www.gaveanews.com\/index.php\/wp-json\/wp\/v2\/posts\/190134\/revisions\/190137"}],"wp:featuredmedia":[{"embeddable":true,"href":"https:\/\/www.gaveanews.com\/index.php\/wp-json\/wp\/v2\/media\/158265"}],"wp:attachment":[{"href":"https:\/\/www.gaveanews.com\/index.php\/wp-json\/wp\/v2\/media?parent=190134"}],"wp:term":[{"taxonomy":"category","embeddable":true,"href":"https:\/\/www.gaveanews.com\/index.php\/wp-json\/wp\/v2\/categories?post=190134"},{"taxonomy":"post_tag","embeddable":true,"href":"https:\/\/www.gaveanews.com\/index.php\/wp-json\/wp\/v2\/tags?post=190134"}],"curies":[{"name":"wp","href":"https:\/\/api.w.org\/{rel}","templated":true}]}}