{"id":190188,"date":"2024-11-25T17:40:00","date_gmt":"2024-11-25T20:40:00","guid":{"rendered":"https:\/\/www.gaveanews.com\/?p=190188"},"modified":"2024-11-25T16:16:09","modified_gmt":"2024-11-25T19:16:09","slug":"o-verdadeiro-motivo-pelo-qual-a-vw-parou-de-fabricar-o-gol-no-brasil","status":"publish","type":"post","link":"https:\/\/www.gaveanews.com\/index.php\/2024\/11\/25\/o-verdadeiro-motivo-pelo-qual-a-vw-parou-de-fabricar-o-gol-no-brasil\/","title":{"rendered":"O verdadeiro motivo pelo qual a VW parou de fabricar o Gol no Brasil"},"content":{"rendered":"\n<p>Ap\u00f3s 42 anos de sucesso e mais de 8 milh\u00f5es de unidades produzidas, o Gol, um dos maiores \u00edcones automotivos do Brasil, est\u00e1 se despedindo do mercado.&nbsp;<\/p>\n\n\n\n<ul class=\"wp-block-list\">\n<li><a href=\"https:\/\/www.gaveanews.com\/index.php\/2024\/11\/21\/conheca-a-nova-mitsubishi-triton-2025\/\">Conhe\u00e7a a nova Mitsubishi Triton 2025<\/a><\/li>\n\n\n\n<li><a href=\"https:\/\/www.gaveanews.com\/index.php\/2024\/11\/11\/voce-realmente-sabe-o-que-e-um-carro-hibrido\/\">Voc\u00ea realmente sabe o que \u00e9 um carro h\u00edbrido?<\/a><\/li>\n<\/ul>\n\n\n\n<p>A Volkswagen anunciou que deixar\u00e1 de fabricar o modelo devido \u00e0s novas regulamenta\u00e7\u00f5es de emiss\u00f5es e seguran\u00e7a que entram em vigor nos pr\u00f3ximos anos. Entenda o impacto dessa decis\u00e3o e o legado que o Gol deixa para o pa\u00eds.<\/p>\n\n\n\n<h2 class=\"wp-block-heading\" id=\"h-novas-regras-marcaram-o-fim-de-uma-era\">Novas regras marcaram o fim de uma era<\/h2>\n\n\n\n<p>O principal motivo para o fim da produ\u00e7\u00e3o do Gol est\u00e1 relacionado \u00e0s exig\u00eancias impostas pelo Programa de Controle da Polui\u00e7\u00e3o do Ar por Ve\u00edculos Automotores (Proconve). As normas, que passaram a valer em 2023, estabelecem limites mais rigorosos de emiss\u00e3o de gases poluentes.&nbsp;<\/p>\n\n\n\n<p>Al\u00e9m disso, em 2024, entraram em vigor regras de seguran\u00e7a que tornam obrigat\u00f3rios itens como prote\u00e7\u00e3o contra impactos frontais, algo que o Gol n\u00e3o atendia em sua configura\u00e7\u00e3o atual.<\/p>\n\n\n\n<p>Vale destacar que a moderniza\u00e7\u00e3o necess\u00e1ria para adequar o Gol \u00e0s novas normas seria financeiramente invi\u00e1vel, especialmente em um segmento t\u00e3o competitivo. Por isso, a Volkswagen optou por encerrar a produ\u00e7\u00e3o do modelo e concentrar seus esfor\u00e7os em ve\u00edculos mais modernos e compat\u00edveis com as regulamenta\u00e7\u00f5es, como o Polo Track, que assumir\u00e1 o espa\u00e7o deixado pelo Gol no mercado. Saiba mais detalhes no v\u00eddeo a seguir:<\/p>\n\n\n\n<figure class=\"wp-block-embed is-type-video is-provider-youtube wp-block-embed-youtube wp-embed-aspect-16-9 wp-has-aspect-ratio\"><div class=\"wp-block-embed__wrapper\">\n<iframe loading=\"lazy\" title=\"\u00daltimo VW Gol fabricado, produ\u00e7\u00e3o encerrada ap\u00f3s 42 Anos.\" width=\"640\" height=\"360\" src=\"https:\/\/www.youtube.com\/embed\/EP3MDVo9bD0?feature=oembed\" frameborder=\"0\" allow=\"accelerometer; autoplay; clipboard-write; encrypted-media; gyroscope; picture-in-picture; web-share\" referrerpolicy=\"strict-origin-when-cross-origin\" allowfullscreen><\/iframe>\n<\/div><\/figure>\n\n\n\n<h2 class=\"wp-block-heading\" id=\"h-um-legado-de-mais-de-quatro-decadas\">Um legado de mais de quatro d\u00e9cadas<\/h2>\n\n\n\n<p>Desde seu lan\u00e7amento, o Gol se consolidou como o carro mais vendido e exportado do Brasil, com cerca de 7 milh\u00f5es de unidades comercializadas no pa\u00eds. Durante 20 anos, foi l\u00edder absoluto de vendas, conquistando uma legi\u00e3o de f\u00e3s e marcando presen\u00e7a em garagens de todas as classes sociais.<\/p>\n\n\n\n<p>Al\u00e9m disso, o modelo acumulou marcos hist\u00f3ricos, sendo amplamente reconhecido por sua robustez, desempenho e simplicidade. O Gol n\u00e3o era apenas um carro; era parte do cotidiano de milh\u00f5es de brasileiros.&nbsp;<\/p>\n\n\n\n<p>Cabe ressaltar que seu impacto transcende o mercado automotivo, tornando-se s\u00edmbolo de acessibilidade e confiabilidade.<\/p>\n","protected":false},"excerpt":{"rendered":"<p>Ap\u00f3s 42 anos de sucesso e mais de 8 milh\u00f5es de unidades produzidas, o Gol, um dos maiores \u00edcones automotivos do Brasil, est\u00e1 se despedindo do mercado.&nbsp; A Volkswagen anunciou que deixar\u00e1 de fabricar o modelo devido \u00e0s novas regulamenta\u00e7\u00f5es de emiss\u00f5es e seguran\u00e7a que entram em vigor nos pr\u00f3ximos anos. Entenda o impacto dessa [&hellip;]<\/p>\n","protected":false},"author":25,"featured_media":117935,"comment_status":"open","ping_status":"closed","sticky":false,"template":"","format":"standard","meta":{"footnotes":""},"categories":[111],"tags":[],"class_list":["post-190188","post","type-post","status-publish","format-standard","has-post-thumbnail","hentry","category-volkswagen"],"yoast_head":"<!-- This site is optimized with the Yoast SEO Premium plugin v24.2 (Yoast SEO v26.9) - https:\/\/yoast.com\/product\/yoast-seo-premium-wordpress\/ -->\n<title>O verdadeiro motivo pelo qual a VW parou de fabricar o Gol no Brasil<\/title>\n<meta name=\"robots\" content=\"index, follow, max-snippet:-1, max-image-preview:large, max-video-preview:-1\" \/>\n<link rel=\"canonical\" href=\"https:\/\/www.gaveanews.com\/index.php\/2024\/11\/25\/o-verdadeiro-motivo-pelo-qual-a-vw-parou-de-fabricar-o-gol-no-brasil\/\" \/>\n<meta property=\"og:locale\" content=\"pt_BR\" \/>\n<meta property=\"og:type\" content=\"article\" \/>\n<meta property=\"og:title\" content=\"O verdadeiro motivo pelo qual a VW parou de fabricar o Gol no Brasil\" \/>\n<meta property=\"og:description\" content=\"Ap\u00f3s 42 anos de sucesso e mais de 8 milh\u00f5es de unidades produzidas, o Gol, um dos maiores \u00edcones automotivos do Brasil, est\u00e1 se despedindo do mercado.&nbsp; A Volkswagen anunciou que deixar\u00e1 de fabricar o modelo devido \u00e0s novas regulamenta\u00e7\u00f5es de emiss\u00f5es e seguran\u00e7a que entram em vigor nos pr\u00f3ximos anos. Entenda o impacto dessa [&hellip;]\" \/>\n<meta property=\"og:url\" content=\"https:\/\/www.gaveanews.com\/index.php\/2024\/11\/25\/o-verdadeiro-motivo-pelo-qual-a-vw-parou-de-fabricar-o-gol-no-brasil\/\" \/>\n<meta property=\"og:site_name\" content=\"G\u00e1vea News\" \/>\n<meta property=\"article:publisher\" content=\"https:\/\/facebook.com\/gaveaNews\/\" \/>\n<meta property=\"article:published_time\" content=\"2024-11-25T20:40:00+00:00\" \/>\n<meta property=\"og:image\" content=\"https:\/\/www.gaveanews.com\/wp-content\/uploads\/Volkswagen.webp\" \/>\n\t<meta property=\"og:image:width\" content=\"1400\" \/>\n\t<meta property=\"og:image:height\" content=\"788\" \/>\n\t<meta property=\"og:image:type\" content=\"image\/jpeg\" \/>\n<meta name=\"author\" content=\"Rafaela Ladeira\" \/>\n<meta name=\"twitter:card\" content=\"summary_large_image\" \/>\n<meta name=\"twitter:label1\" content=\"Escrito por\" \/>\n\t<meta name=\"twitter:data1\" content=\"Rafaela Ladeira\" \/>\n\t<meta name=\"twitter:label2\" content=\"Est. tempo de leitura\" \/>\n\t<meta name=\"twitter:data2\" content=\"3 minutos\" \/>\n<script type=\"application\/ld+json\" class=\"yoast-schema-graph\">{\"@context\":\"https:\/\/schema.org\",\"@graph\":[{\"@type\":\"NewsArticle\",\"@id\":\"https:\/\/www.gaveanews.com\/index.php\/2024\/11\/25\/o-verdadeiro-motivo-pelo-qual-a-vw-parou-de-fabricar-o-gol-no-brasil\/#article\",\"isPartOf\":{\"@id\":\"https:\/\/www.gaveanews.com\/index.php\/2024\/11\/25\/o-verdadeiro-motivo-pelo-qual-a-vw-parou-de-fabricar-o-gol-no-brasil\/\"},\"author\":{\"name\":\"Rafaela Ladeira\",\"@id\":\"https:\/\/www.gaveanews.com\/#\/schema\/person\/0eb3e3fe1754f0205218538adbe8f5ed\"},\"headline\":\"O verdadeiro motivo pelo qual a VW parou de fabricar o Gol no Brasil\",\"datePublished\":\"2024-11-25T20:40:00+00:00\",\"mainEntityOfPage\":{\"@id\":\"https:\/\/www.gaveanews.com\/index.php\/2024\/11\/25\/o-verdadeiro-motivo-pelo-qual-a-vw-parou-de-fabricar-o-gol-no-brasil\/\"},\"wordCount\":393,\"commentCount\":0,\"image\":{\"@id\":\"https:\/\/www.gaveanews.com\/index.php\/2024\/11\/25\/o-verdadeiro-motivo-pelo-qual-a-vw-parou-de-fabricar-o-gol-no-brasil\/#primaryimage\"},\"thumbnailUrl\":\"https:\/\/www.gaveanews.com\/wp-content\/uploads\/Volkswagen.webp\",\"articleSection\":[\"Volkswagen\"],\"inLanguage\":\"pt-BR\",\"potentialAction\":[{\"@type\":\"CommentAction\",\"name\":\"Comment\",\"target\":[\"https:\/\/www.gaveanews.com\/index.php\/2024\/11\/25\/o-verdadeiro-motivo-pelo-qual-a-vw-parou-de-fabricar-o-gol-no-brasil\/#respond\"]}],\"copyrightYear\":\"2024\",\"copyrightHolder\":{\"@id\":\"https:\/\/www.gaveanews.com\/#organization\"}},{\"@type\":\"WebPage\",\"@id\":\"https:\/\/www.gaveanews.com\/index.php\/2024\/11\/25\/o-verdadeiro-motivo-pelo-qual-a-vw-parou-de-fabricar-o-gol-no-brasil\/\",\"url\":\"https:\/\/www.gaveanews.com\/index.php\/2024\/11\/25\/o-verdadeiro-motivo-pelo-qual-a-vw-parou-de-fabricar-o-gol-no-brasil\/\",\"name\":\"O verdadeiro motivo pelo qual a VW parou de fabricar o Gol no Brasil\",\"isPartOf\":{\"@id\":\"https:\/\/www.gaveanews.com\/#website\"},\"primaryImageOfPage\":{\"@id\":\"https:\/\/www.gaveanews.com\/index.php\/2024\/11\/25\/o-verdadeiro-motivo-pelo-qual-a-vw-parou-de-fabricar-o-gol-no-brasil\/#primaryimage\"},\"image\":{\"@id\":\"https:\/\/www.gaveanews.com\/index.php\/2024\/11\/25\/o-verdadeiro-motivo-pelo-qual-a-vw-parou-de-fabricar-o-gol-no-brasil\/#primaryimage\"},\"thumbnailUrl\":\"https:\/\/www.gaveanews.com\/wp-content\/uploads\/Volkswagen.webp\",\"datePublished\":\"2024-11-25T20:40:00+00:00\",\"author\":{\"@id\":\"https:\/\/www.gaveanews.com\/#\/schema\/person\/0eb3e3fe1754f0205218538adbe8f5ed\"},\"breadcrumb\":{\"@id\":\"https:\/\/www.gaveanews.com\/index.php\/2024\/11\/25\/o-verdadeiro-motivo-pelo-qual-a-vw-parou-de-fabricar-o-gol-no-brasil\/#breadcrumb\"},\"inLanguage\":\"pt-BR\",\"potentialAction\":[{\"@type\":\"ReadAction\",\"target\":[\"https:\/\/www.gaveanews.com\/index.php\/2024\/11\/25\/o-verdadeiro-motivo-pelo-qual-a-vw-parou-de-fabricar-o-gol-no-brasil\/\"]}]},{\"@type\":\"ImageObject\",\"inLanguage\":\"pt-BR\",\"@id\":\"https:\/\/www.gaveanews.com\/index.php\/2024\/11\/25\/o-verdadeiro-motivo-pelo-qual-a-vw-parou-de-fabricar-o-gol-no-brasil\/#primaryimage\",\"url\":\"https:\/\/www.gaveanews.com\/wp-content\/uploads\/Volkswagen.webp\",\"contentUrl\":\"https:\/\/www.gaveanews.com\/wp-content\/uploads\/Volkswagen.webp\",\"width\":1400,\"height\":788,\"caption\":\"Logomarca da Volkswagen (Foto: Reprodu\u00e7\u00e3o)\"},{\"@type\":\"BreadcrumbList\",\"@id\":\"https:\/\/www.gaveanews.com\/index.php\/2024\/11\/25\/o-verdadeiro-motivo-pelo-qual-a-vw-parou-de-fabricar-o-gol-no-brasil\/#breadcrumb\",\"itemListElement\":[{\"@type\":\"ListItem\",\"position\":1,\"name\":\"Home\",\"item\":\"https:\/\/www.gaveanews.com\/\"},{\"@type\":\"ListItem\",\"position\":2,\"name\":\"O verdadeiro motivo pelo qual a VW parou de fabricar o Gol no Brasil\"}]},{\"@type\":\"WebSite\",\"@id\":\"https:\/\/www.gaveanews.com\/#website\",\"url\":\"https:\/\/www.gaveanews.com\/\",\"name\":\"G\u00e1vea News\",\"description\":\"Veja todas as not\u00edcias sobre o Flamengo: Contrata\u00e7\u00f5es, categorias de base, resultados das partidas, tabela de classifica\u00e7\u00e3o, pr\u00f3ximos jogos!\",\"potentialAction\":[{\"@type\":\"SearchAction\",\"target\":{\"@type\":\"EntryPoint\",\"urlTemplate\":\"https:\/\/www.gaveanews.com\/?s={search_term_string}\"},\"query-input\":{\"@type\":\"PropertyValueSpecification\",\"valueRequired\":true,\"valueName\":\"search_term_string\"}}],\"inLanguage\":\"pt-BR\"},{\"@type\":\"Person\",\"@id\":\"https:\/\/www.gaveanews.com\/#\/schema\/person\/0eb3e3fe1754f0205218538adbe8f5ed\",\"name\":\"Rafaela Ladeira\",\"image\":{\"@type\":\"ImageObject\",\"inLanguage\":\"pt-BR\",\"@id\":\"https:\/\/www.gaveanews.com\/#\/schema\/person\/image\/\",\"url\":\"https:\/\/secure.gravatar.com\/avatar\/c31f513acffd85eacab5730cbdfdbbf59f21ba5aeada8cd890acea879fbb2455?s=96&d=mm&r=g\",\"contentUrl\":\"https:\/\/secure.gravatar.com\/avatar\/c31f513acffd85eacab5730cbdfdbbf59f21ba5aeada8cd890acea879fbb2455?s=96&d=mm&r=g\",\"caption\":\"Rafaela Ladeira\"}}]}<\/script>\n<!-- \/ Yoast SEO Premium plugin. -->","yoast_head_json":{"title":"O verdadeiro motivo pelo qual a VW parou de fabricar o Gol no Brasil","robots":{"index":"index","follow":"follow","max-snippet":"max-snippet:-1","max-image-preview":"max-image-preview:large","max-video-preview":"max-video-preview:-1"},"canonical":"https:\/\/www.gaveanews.com\/index.php\/2024\/11\/25\/o-verdadeiro-motivo-pelo-qual-a-vw-parou-de-fabricar-o-gol-no-brasil\/","og_locale":"pt_BR","og_type":"article","og_title":"O verdadeiro motivo pelo qual a VW parou de fabricar o Gol no Brasil","og_description":"Ap\u00f3s 42 anos de sucesso e mais de 8 milh\u00f5es de unidades produzidas, o Gol, um dos maiores \u00edcones automotivos do Brasil, est\u00e1 se despedindo do mercado.&nbsp; A Volkswagen anunciou que deixar\u00e1 de fabricar o modelo devido \u00e0s novas regulamenta\u00e7\u00f5es de emiss\u00f5es e seguran\u00e7a que entram em vigor nos pr\u00f3ximos anos. Entenda o impacto dessa [&hellip;]","og_url":"https:\/\/www.gaveanews.com\/index.php\/2024\/11\/25\/o-verdadeiro-motivo-pelo-qual-a-vw-parou-de-fabricar-o-gol-no-brasil\/","og_site_name":"G\u00e1vea News","article_publisher":"https:\/\/facebook.com\/gaveaNews\/","article_published_time":"2024-11-25T20:40:00+00:00","og_image":[{"width":1400,"height":788,"url":"https:\/\/www.gaveanews.com\/wp-content\/uploads\/Volkswagen.webp","type":"image\/jpeg"}],"author":"Rafaela Ladeira","twitter_card":"summary_large_image","twitter_misc":{"Escrito por":"Rafaela Ladeira","Est. tempo de leitura":"3 minutos"},"schema":{"@context":"https:\/\/schema.org","@graph":[{"@type":"NewsArticle","@id":"https:\/\/www.gaveanews.com\/index.php\/2024\/11\/25\/o-verdadeiro-motivo-pelo-qual-a-vw-parou-de-fabricar-o-gol-no-brasil\/#article","isPartOf":{"@id":"https:\/\/www.gaveanews.com\/index.php\/2024\/11\/25\/o-verdadeiro-motivo-pelo-qual-a-vw-parou-de-fabricar-o-gol-no-brasil\/"},"author":{"name":"Rafaela Ladeira","@id":"https:\/\/www.gaveanews.com\/#\/schema\/person\/0eb3e3fe1754f0205218538adbe8f5ed"},"headline":"O verdadeiro motivo pelo qual a VW parou de fabricar o Gol no Brasil","datePublished":"2024-11-25T20:40:00+00:00","mainEntityOfPage":{"@id":"https:\/\/www.gaveanews.com\/index.php\/2024\/11\/25\/o-verdadeiro-motivo-pelo-qual-a-vw-parou-de-fabricar-o-gol-no-brasil\/"},"wordCount":393,"commentCount":0,"image":{"@id":"https:\/\/www.gaveanews.com\/index.php\/2024\/11\/25\/o-verdadeiro-motivo-pelo-qual-a-vw-parou-de-fabricar-o-gol-no-brasil\/#primaryimage"},"thumbnailUrl":"https:\/\/www.gaveanews.com\/wp-content\/uploads\/Volkswagen.webp","articleSection":["Volkswagen"],"inLanguage":"pt-BR","potentialAction":[{"@type":"CommentAction","name":"Comment","target":["https:\/\/www.gaveanews.com\/index.php\/2024\/11\/25\/o-verdadeiro-motivo-pelo-qual-a-vw-parou-de-fabricar-o-gol-no-brasil\/#respond"]}],"copyrightYear":"2024","copyrightHolder":{"@id":"https:\/\/www.gaveanews.com\/#organization"}},{"@type":"WebPage","@id":"https:\/\/www.gaveanews.com\/index.php\/2024\/11\/25\/o-verdadeiro-motivo-pelo-qual-a-vw-parou-de-fabricar-o-gol-no-brasil\/","url":"https:\/\/www.gaveanews.com\/index.php\/2024\/11\/25\/o-verdadeiro-motivo-pelo-qual-a-vw-parou-de-fabricar-o-gol-no-brasil\/","name":"O verdadeiro motivo pelo qual a VW parou de fabricar o Gol no Brasil","isPartOf":{"@id":"https:\/\/www.gaveanews.com\/#website"},"primaryImageOfPage":{"@id":"https:\/\/www.gaveanews.com\/index.php\/2024\/11\/25\/o-verdadeiro-motivo-pelo-qual-a-vw-parou-de-fabricar-o-gol-no-brasil\/#primaryimage"},"image":{"@id":"https:\/\/www.gaveanews.com\/index.php\/2024\/11\/25\/o-verdadeiro-motivo-pelo-qual-a-vw-parou-de-fabricar-o-gol-no-brasil\/#primaryimage"},"thumbnailUrl":"https:\/\/www.gaveanews.com\/wp-content\/uploads\/Volkswagen.webp","datePublished":"2024-11-25T20:40:00+00:00","author":{"@id":"https:\/\/www.gaveanews.com\/#\/schema\/person\/0eb3e3fe1754f0205218538adbe8f5ed"},"breadcrumb":{"@id":"https:\/\/www.gaveanews.com\/index.php\/2024\/11\/25\/o-verdadeiro-motivo-pelo-qual-a-vw-parou-de-fabricar-o-gol-no-brasil\/#breadcrumb"},"inLanguage":"pt-BR","potentialAction":[{"@type":"ReadAction","target":["https:\/\/www.gaveanews.com\/index.php\/2024\/11\/25\/o-verdadeiro-motivo-pelo-qual-a-vw-parou-de-fabricar-o-gol-no-brasil\/"]}]},{"@type":"ImageObject","inLanguage":"pt-BR","@id":"https:\/\/www.gaveanews.com\/index.php\/2024\/11\/25\/o-verdadeiro-motivo-pelo-qual-a-vw-parou-de-fabricar-o-gol-no-brasil\/#primaryimage","url":"https:\/\/www.gaveanews.com\/wp-content\/uploads\/Volkswagen.webp","contentUrl":"https:\/\/www.gaveanews.com\/wp-content\/uploads\/Volkswagen.webp","width":1400,"height":788,"caption":"Logomarca da Volkswagen (Foto: Reprodu\u00e7\u00e3o)"},{"@type":"BreadcrumbList","@id":"https:\/\/www.gaveanews.com\/index.php\/2024\/11\/25\/o-verdadeiro-motivo-pelo-qual-a-vw-parou-de-fabricar-o-gol-no-brasil\/#breadcrumb","itemListElement":[{"@type":"ListItem","position":1,"name":"Home","item":"https:\/\/www.gaveanews.com\/"},{"@type":"ListItem","position":2,"name":"O verdadeiro motivo pelo qual a VW parou de fabricar o Gol no Brasil"}]},{"@type":"WebSite","@id":"https:\/\/www.gaveanews.com\/#website","url":"https:\/\/www.gaveanews.com\/","name":"G\u00e1vea News","description":"Veja todas as not\u00edcias sobre o Flamengo: Contrata\u00e7\u00f5es, categorias de base, resultados das partidas, tabela de classifica\u00e7\u00e3o, pr\u00f3ximos jogos!","potentialAction":[{"@type":"SearchAction","target":{"@type":"EntryPoint","urlTemplate":"https:\/\/www.gaveanews.com\/?s={search_term_string}"},"query-input":{"@type":"PropertyValueSpecification","valueRequired":true,"valueName":"search_term_string"}}],"inLanguage":"pt-BR"},{"@type":"Person","@id":"https:\/\/www.gaveanews.com\/#\/schema\/person\/0eb3e3fe1754f0205218538adbe8f5ed","name":"Rafaela Ladeira","image":{"@type":"ImageObject","inLanguage":"pt-BR","@id":"https:\/\/www.gaveanews.com\/#\/schema\/person\/image\/","url":"https:\/\/secure.gravatar.com\/avatar\/c31f513acffd85eacab5730cbdfdbbf59f21ba5aeada8cd890acea879fbb2455?s=96&d=mm&r=g","contentUrl":"https:\/\/secure.gravatar.com\/avatar\/c31f513acffd85eacab5730cbdfdbbf59f21ba5aeada8cd890acea879fbb2455?s=96&d=mm&r=g","caption":"Rafaela Ladeira"}}]}},"_links":{"self":[{"href":"https:\/\/www.gaveanews.com\/index.php\/wp-json\/wp\/v2\/posts\/190188","targetHints":{"allow":["GET"]}}],"collection":[{"href":"https:\/\/www.gaveanews.com\/index.php\/wp-json\/wp\/v2\/posts"}],"about":[{"href":"https:\/\/www.gaveanews.com\/index.php\/wp-json\/wp\/v2\/types\/post"}],"author":[{"embeddable":true,"href":"https:\/\/www.gaveanews.com\/index.php\/wp-json\/wp\/v2\/users\/25"}],"replies":[{"embeddable":true,"href":"https:\/\/www.gaveanews.com\/index.php\/wp-json\/wp\/v2\/comments?post=190188"}],"version-history":[{"count":1,"href":"https:\/\/www.gaveanews.com\/index.php\/wp-json\/wp\/v2\/posts\/190188\/revisions"}],"predecessor-version":[{"id":190195,"href":"https:\/\/www.gaveanews.com\/index.php\/wp-json\/wp\/v2\/posts\/190188\/revisions\/190195"}],"wp:featuredmedia":[{"embeddable":true,"href":"https:\/\/www.gaveanews.com\/index.php\/wp-json\/wp\/v2\/media\/117935"}],"wp:attachment":[{"href":"https:\/\/www.gaveanews.com\/index.php\/wp-json\/wp\/v2\/media?parent=190188"}],"wp:term":[{"taxonomy":"category","embeddable":true,"href":"https:\/\/www.gaveanews.com\/index.php\/wp-json\/wp\/v2\/categories?post=190188"},{"taxonomy":"post_tag","embeddable":true,"href":"https:\/\/www.gaveanews.com\/index.php\/wp-json\/wp\/v2\/tags?post=190188"}],"curies":[{"name":"wp","href":"https:\/\/api.w.org\/{rel}","templated":true}]}}