{"id":190216,"date":"2024-11-25T20:10:00","date_gmt":"2024-11-25T23:10:00","guid":{"rendered":"https:\/\/www.gaveanews.com\/?p=190216"},"modified":"2024-11-25T19:10:54","modified_gmt":"2024-11-25T22:10:54","slug":"deyverson-do-atletico-mg-manda-mais-um-recado-para-o-botafogo","status":"publish","type":"post","link":"https:\/\/www.gaveanews.com\/index.php\/2024\/11\/25\/deyverson-do-atletico-mg-manda-mais-um-recado-para-o-botafogo\/","title":{"rendered":"Deyverson, do Atl\u00e9tico-MG, manda mais um recado para o Botafogo"},"content":{"rendered":"\n<p>Deyverson voltou a ser assunto no futebol brasileiro. Desta vez, o atacante do Atl\u00e9tico-MG n\u00e3o usou de provoca\u00e7\u00e3o, mas destacou a for\u00e7a do Botafogo na atual temporada. Com a grande final da Libertadores pela frente, o jogador projetou um duelo intenso, exaltando o n\u00edvel do advers\u00e1rio e reafirmando a confian\u00e7a no Galo. <\/p>\n\n\n\n<ul class=\"wp-block-list\">\n<li><a href=\"https:\/\/www.gaveanews.com\/index.php\/2024\/11\/25\/atitude-da-cbf-vai-prejudicar-o-atletico-mg\/\">Atitude da CBF vai prejudicar o Atl\u00e9tico-MG<\/a><\/li>\n\n\n\n<li><a href=\"https:\/\/www.gaveanews.com\/index.php\/2024\/11\/23\/presidente-do-atletico-mg-manda-recado-para-o-botafogo\/\">Presidente do Atl\u00e9tico-MG manda recado para o Botafogo<\/a><\/li>\n<\/ul>\n\n\n\n<h2 class=\"wp-block-heading\" id=\"h-reconhecimento-ao-botafogo-respeito-sem-favoritismo\">Reconhecimento ao Botafogo: respeito sem favoritismo<\/h2>\n\n\n\n<p>Em entrevista ap\u00f3s o empate contra o S\u00e3o Paulo, Deyverson n\u00e3o poupou elogios ao Botafogo. Vale destacar que o time carioca conta com atletas convocados para a Sele\u00e7\u00e3o Brasileira, o que, segundo ele, demonstra a qualidade t\u00e9cnica da equipe.<\/p>\n\n\n\n<p>\u201cVai ser um jogo intenso, uma equipe muito boa. O Botafogo tem grandes jogadores, atletas que est\u00e3o sendo convocados para a sele\u00e7\u00e3o brasileira, s\u00e3o experientes. Se n\u00e3o me engano, eles nunca ganharam a Libertadores, ent\u00e3o estar\u00e3o com muita vontade\u201d, afirmou.<\/p>\n\n\n\n<p>Apesar disso, o atacante n\u00e3o concorda com a an\u00e1lise de Hulk, que havia apontado o Botafogo como favorito. Por isso, Deyverson destacou a for\u00e7a do elenco atleticano, cheio de jogadores experientes e prontos para o desafio. \u201cA gente espera que seja uma grande final e que n\u00f3s possamos ficar com o t\u00edtulo\u201d, completou.<\/p>\n\n\n\n<h2 class=\"wp-block-heading\" id=\"h-desempenho-no-brasileirao-e-alerta-ligado\">Desempenho no Brasileir\u00e3o e alerta ligado<\/h2>\n\n\n\n<p>Com o Galo ocupando a d\u00e9cima posi\u00e7\u00e3o no Brasileir\u00e3o, o time precisa reagir para garantir vaga na Libertadores 2025 caso n\u00e3o conquiste o t\u00edtulo continental. Cabe ressaltar que o pr\u00f3ximo desafio do Atl\u00e9tico-MG ser\u00e1 contra o Juventude, e a tend\u00eancia \u00e9 de que o t\u00e9cnico Gabriel Milito poupe titulares.<\/p>\n\n\n\n<p>Sendo assim, o foco total est\u00e1 na final contra o Botafogo, mas a equipe sabe que tamb\u00e9m precisa somar pontos no nacional para evitar surpresas desagrad\u00e1veis.<\/p>\n\n\n\n<h2 class=\"wp-block-heading\" id=\"h-deyverson-e-sua-torcida-pelo-palmeiras\">Deyverson e sua torcida pelo Palmeiras<\/h2>\n\n\n\n<p>Por fim, o atacante revelou sua torcida pelo Palmeiras no Brasileir\u00e3o. \u201cEu estou feliz pelo Palmeiras. \u00c9 o clube em que joguei. Tenho v\u00e1rios t\u00edtulos, gols de t\u00edtulos. Tenho gratid\u00e3o e carinho. Tor\u00e7o sim para ser campe\u00e3o brasileiro\u201d, declarou. <\/p>\n\n\n\n<p>Dessa maneira, mesmo exaltando o Botafogo, Deyverson mant\u00e9m la\u00e7os fortes com seu passado no Verd\u00e3o. Com isso, a expectativa para os pr\u00f3ximos cap\u00edtulos cresce, prometendo fortes emo\u00e7\u00f5es no futebol brasileiro.<\/p>\n","protected":false},"excerpt":{"rendered":"<p>Deyverson voltou a ser assunto no futebol brasileiro. Desta vez, o atacante do Atl\u00e9tico-MG n\u00e3o usou de provoca\u00e7\u00e3o, mas destacou a for\u00e7a do Botafogo na atual temporada. Com a grande final da Libertadores pela frente, o jogador projetou um duelo intenso, exaltando o n\u00edvel do advers\u00e1rio e reafirmando a confian\u00e7a no Galo. Reconhecimento ao Botafogo: [&hellip;]<\/p>\n","protected":false},"author":24,"featured_media":158213,"comment_status":"open","ping_status":"closed","sticky":false,"template":"","format":"standard","meta":{"footnotes":""},"categories":[136,138],"tags":[],"class_list":["post-190216","post","type-post","status-publish","format-standard","has-post-thumbnail","hentry","category-atletico-mg","category-botafogo"],"yoast_head":"<!-- This site is optimized with the Yoast SEO Premium plugin v24.2 (Yoast SEO v26.9) - https:\/\/yoast.com\/product\/yoast-seo-premium-wordpress\/ -->\n<title>Deyverson, do Atl\u00e9tico-MG, manda mais um recado para o Botafogo<\/title>\n<meta name=\"robots\" content=\"index, follow, max-snippet:-1, max-image-preview:large, max-video-preview:-1\" \/>\n<link rel=\"canonical\" href=\"https:\/\/www.gaveanews.com\/index.php\/2024\/11\/25\/deyverson-do-atletico-mg-manda-mais-um-recado-para-o-botafogo\/\" \/>\n<meta property=\"og:locale\" content=\"pt_BR\" \/>\n<meta property=\"og:type\" content=\"article\" \/>\n<meta property=\"og:title\" content=\"Deyverson, do Atl\u00e9tico-MG, manda mais um recado para o Botafogo\" \/>\n<meta property=\"og:description\" content=\"Deyverson voltou a ser assunto no futebol brasileiro. Desta vez, o atacante do Atl\u00e9tico-MG n\u00e3o usou de provoca\u00e7\u00e3o, mas destacou a for\u00e7a do Botafogo na atual temporada. Com a grande final da Libertadores pela frente, o jogador projetou um duelo intenso, exaltando o n\u00edvel do advers\u00e1rio e reafirmando a confian\u00e7a no Galo. Reconhecimento ao Botafogo: [&hellip;]\" \/>\n<meta property=\"og:url\" content=\"https:\/\/www.gaveanews.com\/index.php\/2024\/11\/25\/deyverson-do-atletico-mg-manda-mais-um-recado-para-o-botafogo\/\" \/>\n<meta property=\"og:site_name\" content=\"G\u00e1vea News\" \/>\n<meta property=\"article:publisher\" content=\"https:\/\/facebook.com\/gaveaNews\/\" \/>\n<meta property=\"article:published_time\" content=\"2024-11-25T23:10:00+00:00\" \/>\n<meta property=\"og:image\" content=\"https:\/\/www.gaveanews.com\/wp-content\/uploads\/Deyverson-com-a-camisa-do-Atletico-Mineiro-em-2024.webp\" \/>\n\t<meta property=\"og:image:width\" content=\"1350\" \/>\n\t<meta property=\"og:image:height\" content=\"1013\" \/>\n\t<meta property=\"og:image:type\" content=\"image\/webp\" \/>\n<meta name=\"author\" content=\"Leandro Cardoso\" \/>\n<meta name=\"twitter:card\" content=\"summary_large_image\" \/>\n<meta name=\"twitter:label1\" content=\"Escrito por\" \/>\n\t<meta name=\"twitter:data1\" content=\"Leandro Cardoso\" \/>\n\t<meta name=\"twitter:label2\" content=\"Est. tempo de leitura\" \/>\n\t<meta name=\"twitter:data2\" content=\"3 minutos\" \/>\n<script type=\"application\/ld+json\" class=\"yoast-schema-graph\">{\"@context\":\"https:\/\/schema.org\",\"@graph\":[{\"@type\":\"NewsArticle\",\"@id\":\"https:\/\/www.gaveanews.com\/index.php\/2024\/11\/25\/deyverson-do-atletico-mg-manda-mais-um-recado-para-o-botafogo\/#article\",\"isPartOf\":{\"@id\":\"https:\/\/www.gaveanews.com\/index.php\/2024\/11\/25\/deyverson-do-atletico-mg-manda-mais-um-recado-para-o-botafogo\/\"},\"author\":{\"name\":\"Leandro Cardoso\",\"@id\":\"https:\/\/www.gaveanews.com\/#\/schema\/person\/2424ec6409bc3f068411fc5e4e9b6168\"},\"headline\":\"Deyverson, do Atl\u00e9tico-MG, manda mais um recado para o Botafogo\",\"datePublished\":\"2024-11-25T23:10:00+00:00\",\"mainEntityOfPage\":{\"@id\":\"https:\/\/www.gaveanews.com\/index.php\/2024\/11\/25\/deyverson-do-atletico-mg-manda-mais-um-recado-para-o-botafogo\/\"},\"wordCount\":419,\"commentCount\":0,\"image\":{\"@id\":\"https:\/\/www.gaveanews.com\/index.php\/2024\/11\/25\/deyverson-do-atletico-mg-manda-mais-um-recado-para-o-botafogo\/#primaryimage\"},\"thumbnailUrl\":\"https:\/\/www.gaveanews.com\/wp-content\/uploads\/Deyverson-com-a-camisa-do-Atletico-Mineiro-em-2024.webp\",\"articleSection\":[\"Atl\u00e9tico-MG\",\"Botafogo\"],\"inLanguage\":\"pt-BR\",\"potentialAction\":[{\"@type\":\"CommentAction\",\"name\":\"Comment\",\"target\":[\"https:\/\/www.gaveanews.com\/index.php\/2024\/11\/25\/deyverson-do-atletico-mg-manda-mais-um-recado-para-o-botafogo\/#respond\"]}],\"copyrightYear\":\"2024\",\"copyrightHolder\":{\"@id\":\"https:\/\/www.gaveanews.com\/#organization\"}},{\"@type\":\"WebPage\",\"@id\":\"https:\/\/www.gaveanews.com\/index.php\/2024\/11\/25\/deyverson-do-atletico-mg-manda-mais-um-recado-para-o-botafogo\/\",\"url\":\"https:\/\/www.gaveanews.com\/index.php\/2024\/11\/25\/deyverson-do-atletico-mg-manda-mais-um-recado-para-o-botafogo\/\",\"name\":\"Deyverson, do Atl\u00e9tico-MG, manda mais um recado para o Botafogo\",\"isPartOf\":{\"@id\":\"https:\/\/www.gaveanews.com\/#website\"},\"primaryImageOfPage\":{\"@id\":\"https:\/\/www.gaveanews.com\/index.php\/2024\/11\/25\/deyverson-do-atletico-mg-manda-mais-um-recado-para-o-botafogo\/#primaryimage\"},\"image\":{\"@id\":\"https:\/\/www.gaveanews.com\/index.php\/2024\/11\/25\/deyverson-do-atletico-mg-manda-mais-um-recado-para-o-botafogo\/#primaryimage\"},\"thumbnailUrl\":\"https:\/\/www.gaveanews.com\/wp-content\/uploads\/Deyverson-com-a-camisa-do-Atletico-Mineiro-em-2024.webp\",\"datePublished\":\"2024-11-25T23:10:00+00:00\",\"author\":{\"@id\":\"https:\/\/www.gaveanews.com\/#\/schema\/person\/2424ec6409bc3f068411fc5e4e9b6168\"},\"breadcrumb\":{\"@id\":\"https:\/\/www.gaveanews.com\/index.php\/2024\/11\/25\/deyverson-do-atletico-mg-manda-mais-um-recado-para-o-botafogo\/#breadcrumb\"},\"inLanguage\":\"pt-BR\",\"potentialAction\":[{\"@type\":\"ReadAction\",\"target\":[\"https:\/\/www.gaveanews.com\/index.php\/2024\/11\/25\/deyverson-do-atletico-mg-manda-mais-um-recado-para-o-botafogo\/\"]}]},{\"@type\":\"ImageObject\",\"inLanguage\":\"pt-BR\",\"@id\":\"https:\/\/www.gaveanews.com\/index.php\/2024\/11\/25\/deyverson-do-atletico-mg-manda-mais-um-recado-para-o-botafogo\/#primaryimage\",\"url\":\"https:\/\/www.gaveanews.com\/wp-content\/uploads\/Deyverson-com-a-camisa-do-Atletico-Mineiro-em-2024.webp\",\"contentUrl\":\"https:\/\/www.gaveanews.com\/wp-content\/uploads\/Deyverson-com-a-camisa-do-Atletico-Mineiro-em-2024.webp\",\"width\":1350,\"height\":1013,\"caption\":\"Deyverson com a camisa do Atl\u00e9tico Mineiro em 2024 (Foto: Divulga\u00e7\u00e3o\/Atl\u00e9tico Mineiro)\"},{\"@type\":\"BreadcrumbList\",\"@id\":\"https:\/\/www.gaveanews.com\/index.php\/2024\/11\/25\/deyverson-do-atletico-mg-manda-mais-um-recado-para-o-botafogo\/#breadcrumb\",\"itemListElement\":[{\"@type\":\"ListItem\",\"position\":1,\"name\":\"Home\",\"item\":\"https:\/\/www.gaveanews.com\/\"},{\"@type\":\"ListItem\",\"position\":2,\"name\":\"Deyverson, do Atl\u00e9tico-MG, manda mais um recado para o Botafogo\"}]},{\"@type\":\"WebSite\",\"@id\":\"https:\/\/www.gaveanews.com\/#website\",\"url\":\"https:\/\/www.gaveanews.com\/\",\"name\":\"G\u00e1vea News\",\"description\":\"Veja todas as not\u00edcias sobre o Flamengo: Contrata\u00e7\u00f5es, categorias de base, resultados das partidas, tabela de classifica\u00e7\u00e3o, pr\u00f3ximos jogos!\",\"potentialAction\":[{\"@type\":\"SearchAction\",\"target\":{\"@type\":\"EntryPoint\",\"urlTemplate\":\"https:\/\/www.gaveanews.com\/?s={search_term_string}\"},\"query-input\":{\"@type\":\"PropertyValueSpecification\",\"valueRequired\":true,\"valueName\":\"search_term_string\"}}],\"inLanguage\":\"pt-BR\"},{\"@type\":\"Person\",\"@id\":\"https:\/\/www.gaveanews.com\/#\/schema\/person\/2424ec6409bc3f068411fc5e4e9b6168\",\"name\":\"Leandro Cardoso\",\"image\":{\"@type\":\"ImageObject\",\"inLanguage\":\"pt-BR\",\"@id\":\"https:\/\/www.gaveanews.com\/#\/schema\/person\/image\/\",\"url\":\"https:\/\/secure.gravatar.com\/avatar\/8ca179f9b55eefe9f376f5493ef25475bfa59fbc28ce937f6076ce20e523098f?s=96&d=mm&r=g\",\"contentUrl\":\"https:\/\/secure.gravatar.com\/avatar\/8ca179f9b55eefe9f376f5493ef25475bfa59fbc28ce937f6076ce20e523098f?s=96&d=mm&r=g\",\"caption\":\"Leandro Cardoso\"}}]}<\/script>\n<!-- \/ Yoast SEO Premium plugin. -->","yoast_head_json":{"title":"Deyverson, do Atl\u00e9tico-MG, manda mais um recado para o Botafogo","robots":{"index":"index","follow":"follow","max-snippet":"max-snippet:-1","max-image-preview":"max-image-preview:large","max-video-preview":"max-video-preview:-1"},"canonical":"https:\/\/www.gaveanews.com\/index.php\/2024\/11\/25\/deyverson-do-atletico-mg-manda-mais-um-recado-para-o-botafogo\/","og_locale":"pt_BR","og_type":"article","og_title":"Deyverson, do Atl\u00e9tico-MG, manda mais um recado para o Botafogo","og_description":"Deyverson voltou a ser assunto no futebol brasileiro. Desta vez, o atacante do Atl\u00e9tico-MG n\u00e3o usou de provoca\u00e7\u00e3o, mas destacou a for\u00e7a do Botafogo na atual temporada. Com a grande final da Libertadores pela frente, o jogador projetou um duelo intenso, exaltando o n\u00edvel do advers\u00e1rio e reafirmando a confian\u00e7a no Galo. Reconhecimento ao Botafogo: [&hellip;]","og_url":"https:\/\/www.gaveanews.com\/index.php\/2024\/11\/25\/deyverson-do-atletico-mg-manda-mais-um-recado-para-o-botafogo\/","og_site_name":"G\u00e1vea News","article_publisher":"https:\/\/facebook.com\/gaveaNews\/","article_published_time":"2024-11-25T23:10:00+00:00","og_image":[{"width":1350,"height":1013,"url":"https:\/\/www.gaveanews.com\/wp-content\/uploads\/Deyverson-com-a-camisa-do-Atletico-Mineiro-em-2024.webp","type":"image\/webp"}],"author":"Leandro Cardoso","twitter_card":"summary_large_image","twitter_misc":{"Escrito por":"Leandro Cardoso","Est. tempo de leitura":"3 minutos"},"schema":{"@context":"https:\/\/schema.org","@graph":[{"@type":"NewsArticle","@id":"https:\/\/www.gaveanews.com\/index.php\/2024\/11\/25\/deyverson-do-atletico-mg-manda-mais-um-recado-para-o-botafogo\/#article","isPartOf":{"@id":"https:\/\/www.gaveanews.com\/index.php\/2024\/11\/25\/deyverson-do-atletico-mg-manda-mais-um-recado-para-o-botafogo\/"},"author":{"name":"Leandro Cardoso","@id":"https:\/\/www.gaveanews.com\/#\/schema\/person\/2424ec6409bc3f068411fc5e4e9b6168"},"headline":"Deyverson, do Atl\u00e9tico-MG, manda mais um recado para o Botafogo","datePublished":"2024-11-25T23:10:00+00:00","mainEntityOfPage":{"@id":"https:\/\/www.gaveanews.com\/index.php\/2024\/11\/25\/deyverson-do-atletico-mg-manda-mais-um-recado-para-o-botafogo\/"},"wordCount":419,"commentCount":0,"image":{"@id":"https:\/\/www.gaveanews.com\/index.php\/2024\/11\/25\/deyverson-do-atletico-mg-manda-mais-um-recado-para-o-botafogo\/#primaryimage"},"thumbnailUrl":"https:\/\/www.gaveanews.com\/wp-content\/uploads\/Deyverson-com-a-camisa-do-Atletico-Mineiro-em-2024.webp","articleSection":["Atl\u00e9tico-MG","Botafogo"],"inLanguage":"pt-BR","potentialAction":[{"@type":"CommentAction","name":"Comment","target":["https:\/\/www.gaveanews.com\/index.php\/2024\/11\/25\/deyverson-do-atletico-mg-manda-mais-um-recado-para-o-botafogo\/#respond"]}],"copyrightYear":"2024","copyrightHolder":{"@id":"https:\/\/www.gaveanews.com\/#organization"}},{"@type":"WebPage","@id":"https:\/\/www.gaveanews.com\/index.php\/2024\/11\/25\/deyverson-do-atletico-mg-manda-mais-um-recado-para-o-botafogo\/","url":"https:\/\/www.gaveanews.com\/index.php\/2024\/11\/25\/deyverson-do-atletico-mg-manda-mais-um-recado-para-o-botafogo\/","name":"Deyverson, do Atl\u00e9tico-MG, manda mais um recado para o Botafogo","isPartOf":{"@id":"https:\/\/www.gaveanews.com\/#website"},"primaryImageOfPage":{"@id":"https:\/\/www.gaveanews.com\/index.php\/2024\/11\/25\/deyverson-do-atletico-mg-manda-mais-um-recado-para-o-botafogo\/#primaryimage"},"image":{"@id":"https:\/\/www.gaveanews.com\/index.php\/2024\/11\/25\/deyverson-do-atletico-mg-manda-mais-um-recado-para-o-botafogo\/#primaryimage"},"thumbnailUrl":"https:\/\/www.gaveanews.com\/wp-content\/uploads\/Deyverson-com-a-camisa-do-Atletico-Mineiro-em-2024.webp","datePublished":"2024-11-25T23:10:00+00:00","author":{"@id":"https:\/\/www.gaveanews.com\/#\/schema\/person\/2424ec6409bc3f068411fc5e4e9b6168"},"breadcrumb":{"@id":"https:\/\/www.gaveanews.com\/index.php\/2024\/11\/25\/deyverson-do-atletico-mg-manda-mais-um-recado-para-o-botafogo\/#breadcrumb"},"inLanguage":"pt-BR","potentialAction":[{"@type":"ReadAction","target":["https:\/\/www.gaveanews.com\/index.php\/2024\/11\/25\/deyverson-do-atletico-mg-manda-mais-um-recado-para-o-botafogo\/"]}]},{"@type":"ImageObject","inLanguage":"pt-BR","@id":"https:\/\/www.gaveanews.com\/index.php\/2024\/11\/25\/deyverson-do-atletico-mg-manda-mais-um-recado-para-o-botafogo\/#primaryimage","url":"https:\/\/www.gaveanews.com\/wp-content\/uploads\/Deyverson-com-a-camisa-do-Atletico-Mineiro-em-2024.webp","contentUrl":"https:\/\/www.gaveanews.com\/wp-content\/uploads\/Deyverson-com-a-camisa-do-Atletico-Mineiro-em-2024.webp","width":1350,"height":1013,"caption":"Deyverson com a camisa do Atl\u00e9tico Mineiro em 2024 (Foto: Divulga\u00e7\u00e3o\/Atl\u00e9tico Mineiro)"},{"@type":"BreadcrumbList","@id":"https:\/\/www.gaveanews.com\/index.php\/2024\/11\/25\/deyverson-do-atletico-mg-manda-mais-um-recado-para-o-botafogo\/#breadcrumb","itemListElement":[{"@type":"ListItem","position":1,"name":"Home","item":"https:\/\/www.gaveanews.com\/"},{"@type":"ListItem","position":2,"name":"Deyverson, do Atl\u00e9tico-MG, manda mais um recado para o Botafogo"}]},{"@type":"WebSite","@id":"https:\/\/www.gaveanews.com\/#website","url":"https:\/\/www.gaveanews.com\/","name":"G\u00e1vea News","description":"Veja todas as not\u00edcias sobre o Flamengo: Contrata\u00e7\u00f5es, categorias de base, resultados das partidas, tabela de classifica\u00e7\u00e3o, pr\u00f3ximos jogos!","potentialAction":[{"@type":"SearchAction","target":{"@type":"EntryPoint","urlTemplate":"https:\/\/www.gaveanews.com\/?s={search_term_string}"},"query-input":{"@type":"PropertyValueSpecification","valueRequired":true,"valueName":"search_term_string"}}],"inLanguage":"pt-BR"},{"@type":"Person","@id":"https:\/\/www.gaveanews.com\/#\/schema\/person\/2424ec6409bc3f068411fc5e4e9b6168","name":"Leandro Cardoso","image":{"@type":"ImageObject","inLanguage":"pt-BR","@id":"https:\/\/www.gaveanews.com\/#\/schema\/person\/image\/","url":"https:\/\/secure.gravatar.com\/avatar\/8ca179f9b55eefe9f376f5493ef25475bfa59fbc28ce937f6076ce20e523098f?s=96&d=mm&r=g","contentUrl":"https:\/\/secure.gravatar.com\/avatar\/8ca179f9b55eefe9f376f5493ef25475bfa59fbc28ce937f6076ce20e523098f?s=96&d=mm&r=g","caption":"Leandro Cardoso"}}]}},"_links":{"self":[{"href":"https:\/\/www.gaveanews.com\/index.php\/wp-json\/wp\/v2\/posts\/190216","targetHints":{"allow":["GET"]}}],"collection":[{"href":"https:\/\/www.gaveanews.com\/index.php\/wp-json\/wp\/v2\/posts"}],"about":[{"href":"https:\/\/www.gaveanews.com\/index.php\/wp-json\/wp\/v2\/types\/post"}],"author":[{"embeddable":true,"href":"https:\/\/www.gaveanews.com\/index.php\/wp-json\/wp\/v2\/users\/24"}],"replies":[{"embeddable":true,"href":"https:\/\/www.gaveanews.com\/index.php\/wp-json\/wp\/v2\/comments?post=190216"}],"version-history":[{"count":1,"href":"https:\/\/www.gaveanews.com\/index.php\/wp-json\/wp\/v2\/posts\/190216\/revisions"}],"predecessor-version":[{"id":190220,"href":"https:\/\/www.gaveanews.com\/index.php\/wp-json\/wp\/v2\/posts\/190216\/revisions\/190220"}],"wp:featuredmedia":[{"embeddable":true,"href":"https:\/\/www.gaveanews.com\/index.php\/wp-json\/wp\/v2\/media\/158213"}],"wp:attachment":[{"href":"https:\/\/www.gaveanews.com\/index.php\/wp-json\/wp\/v2\/media?parent=190216"}],"wp:term":[{"taxonomy":"category","embeddable":true,"href":"https:\/\/www.gaveanews.com\/index.php\/wp-json\/wp\/v2\/categories?post=190216"},{"taxonomy":"post_tag","embeddable":true,"href":"https:\/\/www.gaveanews.com\/index.php\/wp-json\/wp\/v2\/tags?post=190216"}],"curies":[{"name":"wp","href":"https:\/\/api.w.org\/{rel}","templated":true}]}}