{"id":190223,"date":"2024-11-25T20:15:00","date_gmt":"2024-11-25T23:15:00","guid":{"rendered":"https:\/\/www.gaveanews.com\/?p=190223"},"modified":"2024-11-25T19:13:10","modified_gmt":"2024-11-25T22:13:10","slug":"ele-optou-por-deixar-o-flamengo-e-agora-pode-rescindir-com-o-corinthians","status":"publish","type":"post","link":"https:\/\/www.gaveanews.com\/index.php\/2024\/11\/25\/ele-optou-por-deixar-o-flamengo-e-agora-pode-rescindir-com-o-corinthians\/","title":{"rendered":"Ele optou por deixar o Flamengo e agora pode rescindir com o Corinthians"},"content":{"rendered":"\n<h2 class=\"wp-block-heading\" id=\"h-fred-luz-pode-sair-do-corinthians\">Fred Luz pode sair do Corinthians <\/h2>\n\n\n\n<p>O presidente Augusto Melo, que enfrentar\u00e1 um processo de impeachment na quinta-feira, defendeu a continuidade de Fred Luz no Corinthians at\u00e9 2025. Ademais, o gestor expressou-se emocionado com o respaldo p\u00fablico dos integrantes do grupo durante a possibilidade de sua licen\u00e7a tempor\u00e1ria do cargo.<\/p>\n\n\n\n<ul class=\"wp-block-list\">\n<li><a href=\"https:\/\/www.gaveanews.com\/index.php\/2024\/11\/25\/video-a-declaracao-de-emiliano-diaz-direcionada-a-augusto-melo-do-corinthians\/\">V\u00eddeo: a declara\u00e7\u00e3o de Emiliano D\u00edaz direcionada a Augusto Melo, do Corinthians<\/a><\/li>\n\n\n\n<li><a href=\"https:\/\/www.gaveanews.com\/index.php\/2024\/11\/25\/a-declaracao-de-ramon-diaz-sobre-os-jogadores-do-corinthians\/\">A declara\u00e7\u00e3o de Ram\u00f3n D\u00edaz sobre os jogadores do Corinthians<br><\/a><\/li>\n<\/ul>\n\n\n\n<p>Fred Luz foi confirmado como o novo CEO do Corinthians, no entanto, trabalha como consultor para a Alvarez &amp; Marsal. O profissional enfrenta cr\u00edticas de conselheiros e tem o futuro incerto no clube, contudo, continua sendo valorizado por Augusto.<\/p>\n\n\n\n<p>&#8220;Eu que contratei Fred Luz, analisei, conversei. Foi aprovado por n\u00f3s, contratamos para fazer consultoria, espero que ele continue, vai ficar no que depender de mim. Ningu\u00e9m vai colocar faca no meu pesco\u00e7o e dizer o que tenho que fazer. Eu vou profissionalizar o Corinthians. Eram 11 meses de direito de imagem, sal\u00e1rio atrasado\u2026 Comemoramos todo m\u00eas que fazemos pagamento, porque n\u00e3o era assim. Se todos os corintianos ajudarem, vamos sair dessa situa\u00e7\u00e3o de forma muito mais r\u00e1pida. Estamos fazendo bons contratos, isso que queremos para o clube&#8221;, disse Augusto em contato com a imprensa ap\u00f3s a&nbsp;vit\u00f3ria do Corinthians sobre o Vasco,&nbsp;neste domingo.<\/p>\n\n\n\n<figure class=\"wp-block-image size-large\"><img loading=\"lazy\" decoding=\"async\" width=\"1024\" height=\"576\" src=\"https:\/\/www.gaveanews.com\/wp-content\/uploads\/Augusto-Melo-durante-coletiva-de-imprensa-do-Corinthians-1024x576.webp\" alt=\"\" class=\"wp-image-145590\" srcset=\"https:\/\/www.gaveanews.com\/wp-content\/uploads\/Augusto-Melo-durante-coletiva-de-imprensa-do-Corinthians-1024x576.webp 1024w, https:\/\/www.gaveanews.com\/wp-content\/uploads\/Augusto-Melo-durante-coletiva-de-imprensa-do-Corinthians-300x169.webp 300w, https:\/\/www.gaveanews.com\/wp-content\/uploads\/Augusto-Melo-durante-coletiva-de-imprensa-do-Corinthians-768x432.webp 768w, https:\/\/www.gaveanews.com\/wp-content\/uploads\/Augusto-Melo-durante-coletiva-de-imprensa-do-Corinthians-1536x864.webp 1536w, https:\/\/www.gaveanews.com\/wp-content\/uploads\/Augusto-Melo-durante-coletiva-de-imprensa-do-Corinthians-747x420.webp 747w, https:\/\/www.gaveanews.com\/wp-content\/uploads\/Augusto-Melo-durante-coletiva-de-imprensa-do-Corinthians-1493x840.webp 1493w, https:\/\/www.gaveanews.com\/wp-content\/uploads\/Augusto-Melo-durante-coletiva-de-imprensa-do-Corinthians-640x360.webp 640w, https:\/\/www.gaveanews.com\/wp-content\/uploads\/Augusto-Melo-durante-coletiva-de-imprensa-do-Corinthians-1280x720.webp 1280w, https:\/\/www.gaveanews.com\/wp-content\/uploads\/Augusto-Melo-durante-coletiva-de-imprensa-do-Corinthians-681x383.webp 681w, https:\/\/www.gaveanews.com\/wp-content\/uploads\/Augusto-Melo-durante-coletiva-de-imprensa-do-Corinthians-1362x766.webp 1362w, https:\/\/www.gaveanews.com\/wp-content\/uploads\/Augusto-Melo-durante-coletiva-de-imprensa-do-Corinthians-100x56.webp 100w, https:\/\/www.gaveanews.com\/wp-content\/uploads\/Augusto-Melo-durante-coletiva-de-imprensa-do-Corinthians.webp 1920w\" sizes=\"auto, (max-width: 1024px) 100vw, 1024px\" \/><figcaption class=\"wp-element-caption\">Augusto Melo durante coletiva de imprensa do Corinthians (Foto: Rodrigo Coca\/ Corinthians)<\/figcaption><\/figure>\n\n\n\n<p>No que diz respeito ao suporte dos atletas, Augusto afirmou ter sido pego de surpresa e demonstrou ter se emocionado com a atitude. Na noite de s\u00e1bado, v\u00e1rios integrantes do grupo divulgaram um comunicado oficial em apoio ao presidente.<\/p>\n\n\n\n<p>&#8220;Estava na minha casa, depois de uma semana complicada\u2026 Quando vi, liguei para minha assessora, ela disse que n\u00e3o sabia que estava programado. Cheguei no CT,me pegaram de surpresa, eles se reuniram depois do treino e falaram que se colocariam a nosso favor. Falei agora na roda p\u00f3s-jogo, foi uma grande surpresa, elogiei eles, eles j\u00e1 entraram para a hist\u00f3ria, foi uma segunda democracia, e o Corinthians precisa disso. At\u00e9 me emocionei. Somos uma fam\u00edlia, todos est\u00e3o felizes aqui. Tudo em dia, com profissionalismo. Foi uma surpresa maravilhosa. Espero que esses \u00f3rg\u00e3os tamb\u00e9m entendam o que \u00e9 o Corinthians&#8221;, complementou.<\/p>\n\n\n\n<p>Augusto voltou a se defender sobre a vota\u00e7\u00e3o de seu impeachment no Conselho Deliberativo, alegando que, caso tivesse cometido um erro, ele pr\u00f3prio renunciaria ao cargo. O representante foi pego de surpresa com o convite para a reuni\u00e3o feito por Romeu Tuma J\u00fanior, representante do CD.<\/p>\n\n\n\n<p>&#8220;Com certeza (pegou surpresa). Mesmo porque tivemos o parecer da Comiss\u00e3o de \u00c9tica, que \u00e9 quem comanda esse departamento. Ali houve a an\u00e1lise de suspens\u00e3o at\u00e9 o t\u00e9rmino do processo. Se a gente devesse alguma coisa, j\u00e1 teriam visto, e se devesse eu era o primeiro a entregar o cargo. Se algu\u00e9m tivesse feito coisa errada, teria sido demitido. O Corinthians \u00e9 isso, pol\u00edtica o tempo todo. Mas pode ter certeza, n\u00e3o vai ter golpe, n\u00e3o existe isso. A gente est\u00e1 reestruturando o clube. Levou um tempo? Sim, n\u00e3o \u00e9 f\u00e1cil. Estamos reformulando, isso leva tempo. Tivemos erros no in\u00edcio. N\u00f3s ganhamos a elei\u00e7\u00e3o e n\u00f3s temos que administrar o Corinthians&#8221;, finalizou.<\/p>\n","protected":false},"excerpt":{"rendered":"<p>Fred Luz pode sair do Corinthians O presidente Augusto Melo, que enfrentar\u00e1 um processo de impeachment na quinta-feira, defendeu a continuidade de Fred Luz no Corinthians at\u00e9 2025. Ademais, o gestor expressou-se emocionado com o respaldo p\u00fablico dos integrantes do grupo durante a possibilidade de sua licen\u00e7a tempor\u00e1ria do cargo. Fred Luz foi confirmado como [&hellip;]<\/p>\n","protected":false},"author":16,"featured_media":146951,"comment_status":"open","ping_status":"closed","sticky":false,"template":"","format":"standard","meta":{"footnotes":""},"categories":[141],"tags":[],"class_list":["post-190223","post","type-post","status-publish","format-standard","has-post-thumbnail","hentry","category-corinthians"],"yoast_head":"<!-- This site is optimized with the Yoast SEO Premium plugin v24.2 (Yoast SEO v26.9) - https:\/\/yoast.com\/product\/yoast-seo-premium-wordpress\/ -->\n<title>Ele optou por deixar o Flamengo e agora pode rescindir com o Corinthians<\/title>\n<meta name=\"description\" content=\"Ele optou por deixar o Flamengo e agora pode rescindir com o Corinthians\" \/>\n<meta name=\"robots\" content=\"index, follow, max-snippet:-1, max-image-preview:large, max-video-preview:-1\" \/>\n<link rel=\"canonical\" href=\"https:\/\/www.gaveanews.com\/index.php\/2024\/11\/25\/ele-optou-por-deixar-o-flamengo-e-agora-pode-rescindir-com-o-corinthians\/\" \/>\n<meta property=\"og:locale\" content=\"pt_BR\" \/>\n<meta property=\"og:type\" content=\"article\" \/>\n<meta property=\"og:title\" content=\"Ele optou por deixar o Flamengo e agora pode rescindir com o Corinthians\" \/>\n<meta property=\"og:description\" content=\"Ele optou por deixar o Flamengo e agora pode rescindir com o Corinthians\" \/>\n<meta property=\"og:url\" content=\"https:\/\/www.gaveanews.com\/index.php\/2024\/11\/25\/ele-optou-por-deixar-o-flamengo-e-agora-pode-rescindir-com-o-corinthians\/\" \/>\n<meta property=\"og:site_name\" content=\"G\u00e1vea News\" \/>\n<meta property=\"article:publisher\" content=\"https:\/\/facebook.com\/gaveaNews\/\" \/>\n<meta property=\"article:published_time\" content=\"2024-11-25T23:15:00+00:00\" \/>\n<meta property=\"og:image\" content=\"https:\/\/www.gaveanews.com\/wp-content\/uploads\/Escudo-do-Corinthians.webp\" \/>\n\t<meta property=\"og:image:width\" content=\"1000\" \/>\n\t<meta property=\"og:image:height\" content=\"667\" \/>\n\t<meta property=\"og:image:type\" content=\"image\/webp\" \/>\n<meta name=\"author\" content=\"D\u00e9bora Figueiredo\" \/>\n<meta name=\"twitter:card\" content=\"summary_large_image\" \/>\n<meta name=\"twitter:label1\" content=\"Escrito por\" \/>\n\t<meta name=\"twitter:data1\" content=\"D\u00e9bora Figueiredo\" \/>\n\t<meta name=\"twitter:label2\" content=\"Est. tempo de leitura\" \/>\n\t<meta name=\"twitter:data2\" content=\"4 minutos\" \/>\n<script type=\"application\/ld+json\" class=\"yoast-schema-graph\">{\"@context\":\"https:\/\/schema.org\",\"@graph\":[{\"@type\":\"NewsArticle\",\"@id\":\"https:\/\/www.gaveanews.com\/index.php\/2024\/11\/25\/ele-optou-por-deixar-o-flamengo-e-agora-pode-rescindir-com-o-corinthians\/#article\",\"isPartOf\":{\"@id\":\"https:\/\/www.gaveanews.com\/index.php\/2024\/11\/25\/ele-optou-por-deixar-o-flamengo-e-agora-pode-rescindir-com-o-corinthians\/\"},\"author\":{\"name\":\"D\u00e9bora Figueiredo\",\"@id\":\"https:\/\/www.gaveanews.com\/#\/schema\/person\/37122681a8575a5c8db05a56f099a5e4\"},\"headline\":\"Ele optou por deixar o Flamengo e agora pode rescindir com o Corinthians\",\"datePublished\":\"2024-11-25T23:15:00+00:00\",\"mainEntityOfPage\":{\"@id\":\"https:\/\/www.gaveanews.com\/index.php\/2024\/11\/25\/ele-optou-por-deixar-o-flamengo-e-agora-pode-rescindir-com-o-corinthians\/\"},\"wordCount\":582,\"commentCount\":0,\"image\":{\"@id\":\"https:\/\/www.gaveanews.com\/index.php\/2024\/11\/25\/ele-optou-por-deixar-o-flamengo-e-agora-pode-rescindir-com-o-corinthians\/#primaryimage\"},\"thumbnailUrl\":\"https:\/\/www.gaveanews.com\/wp-content\/uploads\/Escudo-do-Corinthians.webp\",\"articleSection\":[\"Corinthians\"],\"inLanguage\":\"pt-BR\",\"potentialAction\":[{\"@type\":\"CommentAction\",\"name\":\"Comment\",\"target\":[\"https:\/\/www.gaveanews.com\/index.php\/2024\/11\/25\/ele-optou-por-deixar-o-flamengo-e-agora-pode-rescindir-com-o-corinthians\/#respond\"]}],\"copyrightYear\":\"2024\",\"copyrightHolder\":{\"@id\":\"https:\/\/www.gaveanews.com\/#organization\"}},{\"@type\":\"WebPage\",\"@id\":\"https:\/\/www.gaveanews.com\/index.php\/2024\/11\/25\/ele-optou-por-deixar-o-flamengo-e-agora-pode-rescindir-com-o-corinthians\/\",\"url\":\"https:\/\/www.gaveanews.com\/index.php\/2024\/11\/25\/ele-optou-por-deixar-o-flamengo-e-agora-pode-rescindir-com-o-corinthians\/\",\"name\":\"Ele optou por deixar o Flamengo e agora pode rescindir com o Corinthians\",\"isPartOf\":{\"@id\":\"https:\/\/www.gaveanews.com\/#website\"},\"primaryImageOfPage\":{\"@id\":\"https:\/\/www.gaveanews.com\/index.php\/2024\/11\/25\/ele-optou-por-deixar-o-flamengo-e-agora-pode-rescindir-com-o-corinthians\/#primaryimage\"},\"image\":{\"@id\":\"https:\/\/www.gaveanews.com\/index.php\/2024\/11\/25\/ele-optou-por-deixar-o-flamengo-e-agora-pode-rescindir-com-o-corinthians\/#primaryimage\"},\"thumbnailUrl\":\"https:\/\/www.gaveanews.com\/wp-content\/uploads\/Escudo-do-Corinthians.webp\",\"datePublished\":\"2024-11-25T23:15:00+00:00\",\"author\":{\"@id\":\"https:\/\/www.gaveanews.com\/#\/schema\/person\/37122681a8575a5c8db05a56f099a5e4\"},\"description\":\"Ele optou por deixar o Flamengo e agora pode rescindir com o Corinthians\",\"breadcrumb\":{\"@id\":\"https:\/\/www.gaveanews.com\/index.php\/2024\/11\/25\/ele-optou-por-deixar-o-flamengo-e-agora-pode-rescindir-com-o-corinthians\/#breadcrumb\"},\"inLanguage\":\"pt-BR\",\"potentialAction\":[{\"@type\":\"ReadAction\",\"target\":[\"https:\/\/www.gaveanews.com\/index.php\/2024\/11\/25\/ele-optou-por-deixar-o-flamengo-e-agora-pode-rescindir-com-o-corinthians\/\"]}]},{\"@type\":\"ImageObject\",\"inLanguage\":\"pt-BR\",\"@id\":\"https:\/\/www.gaveanews.com\/index.php\/2024\/11\/25\/ele-optou-por-deixar-o-flamengo-e-agora-pode-rescindir-com-o-corinthians\/#primaryimage\",\"url\":\"https:\/\/www.gaveanews.com\/wp-content\/uploads\/Escudo-do-Corinthians.webp\",\"contentUrl\":\"https:\/\/www.gaveanews.com\/wp-content\/uploads\/Escudo-do-Corinthians.webp\",\"width\":1000,\"height\":667,\"caption\":\"Escudo do Corinthians (Foto Reprodu\u00e7\u00e3o\/Instagram)\"},{\"@type\":\"BreadcrumbList\",\"@id\":\"https:\/\/www.gaveanews.com\/index.php\/2024\/11\/25\/ele-optou-por-deixar-o-flamengo-e-agora-pode-rescindir-com-o-corinthians\/#breadcrumb\",\"itemListElement\":[{\"@type\":\"ListItem\",\"position\":1,\"name\":\"Home\",\"item\":\"https:\/\/www.gaveanews.com\/\"},{\"@type\":\"ListItem\",\"position\":2,\"name\":\"Ele optou por deixar o Flamengo e agora pode rescindir com o Corinthians\"}]},{\"@type\":\"WebSite\",\"@id\":\"https:\/\/www.gaveanews.com\/#website\",\"url\":\"https:\/\/www.gaveanews.com\/\",\"name\":\"G\u00e1vea News\",\"description\":\"Veja todas as not\u00edcias sobre o Flamengo: Contrata\u00e7\u00f5es, categorias de base, resultados das partidas, tabela de classifica\u00e7\u00e3o, pr\u00f3ximos jogos!\",\"potentialAction\":[{\"@type\":\"SearchAction\",\"target\":{\"@type\":\"EntryPoint\",\"urlTemplate\":\"https:\/\/www.gaveanews.com\/?s={search_term_string}\"},\"query-input\":{\"@type\":\"PropertyValueSpecification\",\"valueRequired\":true,\"valueName\":\"search_term_string\"}}],\"inLanguage\":\"pt-BR\"},{\"@type\":\"Person\",\"@id\":\"https:\/\/www.gaveanews.com\/#\/schema\/person\/37122681a8575a5c8db05a56f099a5e4\",\"name\":\"D\u00e9bora Figueiredo\",\"image\":{\"@type\":\"ImageObject\",\"inLanguage\":\"pt-BR\",\"@id\":\"https:\/\/www.gaveanews.com\/#\/schema\/person\/image\/\",\"url\":\"https:\/\/secure.gravatar.com\/avatar\/1f44802859351588499d26f52aed1d15796ce17e67602895b72837c08018868d?s=96&d=mm&r=g\",\"contentUrl\":\"https:\/\/secure.gravatar.com\/avatar\/1f44802859351588499d26f52aed1d15796ce17e67602895b72837c08018868d?s=96&d=mm&r=g\",\"caption\":\"D\u00e9bora Figueiredo\"}}]}<\/script>\n<!-- \/ Yoast SEO Premium plugin. -->","yoast_head_json":{"title":"Ele optou por deixar o Flamengo e agora pode rescindir com o Corinthians","description":"Ele optou por deixar o Flamengo e agora pode rescindir com o Corinthians","robots":{"index":"index","follow":"follow","max-snippet":"max-snippet:-1","max-image-preview":"max-image-preview:large","max-video-preview":"max-video-preview:-1"},"canonical":"https:\/\/www.gaveanews.com\/index.php\/2024\/11\/25\/ele-optou-por-deixar-o-flamengo-e-agora-pode-rescindir-com-o-corinthians\/","og_locale":"pt_BR","og_type":"article","og_title":"Ele optou por deixar o Flamengo e agora pode rescindir com o Corinthians","og_description":"Ele optou por deixar o Flamengo e agora pode rescindir com o Corinthians","og_url":"https:\/\/www.gaveanews.com\/index.php\/2024\/11\/25\/ele-optou-por-deixar-o-flamengo-e-agora-pode-rescindir-com-o-corinthians\/","og_site_name":"G\u00e1vea News","article_publisher":"https:\/\/facebook.com\/gaveaNews\/","article_published_time":"2024-11-25T23:15:00+00:00","og_image":[{"width":1000,"height":667,"url":"https:\/\/www.gaveanews.com\/wp-content\/uploads\/Escudo-do-Corinthians.webp","type":"image\/webp"}],"author":"D\u00e9bora Figueiredo","twitter_card":"summary_large_image","twitter_misc":{"Escrito por":"D\u00e9bora Figueiredo","Est. tempo de leitura":"4 minutos"},"schema":{"@context":"https:\/\/schema.org","@graph":[{"@type":"NewsArticle","@id":"https:\/\/www.gaveanews.com\/index.php\/2024\/11\/25\/ele-optou-por-deixar-o-flamengo-e-agora-pode-rescindir-com-o-corinthians\/#article","isPartOf":{"@id":"https:\/\/www.gaveanews.com\/index.php\/2024\/11\/25\/ele-optou-por-deixar-o-flamengo-e-agora-pode-rescindir-com-o-corinthians\/"},"author":{"name":"D\u00e9bora Figueiredo","@id":"https:\/\/www.gaveanews.com\/#\/schema\/person\/37122681a8575a5c8db05a56f099a5e4"},"headline":"Ele optou por deixar o Flamengo e agora pode rescindir com o Corinthians","datePublished":"2024-11-25T23:15:00+00:00","mainEntityOfPage":{"@id":"https:\/\/www.gaveanews.com\/index.php\/2024\/11\/25\/ele-optou-por-deixar-o-flamengo-e-agora-pode-rescindir-com-o-corinthians\/"},"wordCount":582,"commentCount":0,"image":{"@id":"https:\/\/www.gaveanews.com\/index.php\/2024\/11\/25\/ele-optou-por-deixar-o-flamengo-e-agora-pode-rescindir-com-o-corinthians\/#primaryimage"},"thumbnailUrl":"https:\/\/www.gaveanews.com\/wp-content\/uploads\/Escudo-do-Corinthians.webp","articleSection":["Corinthians"],"inLanguage":"pt-BR","potentialAction":[{"@type":"CommentAction","name":"Comment","target":["https:\/\/www.gaveanews.com\/index.php\/2024\/11\/25\/ele-optou-por-deixar-o-flamengo-e-agora-pode-rescindir-com-o-corinthians\/#respond"]}],"copyrightYear":"2024","copyrightHolder":{"@id":"https:\/\/www.gaveanews.com\/#organization"}},{"@type":"WebPage","@id":"https:\/\/www.gaveanews.com\/index.php\/2024\/11\/25\/ele-optou-por-deixar-o-flamengo-e-agora-pode-rescindir-com-o-corinthians\/","url":"https:\/\/www.gaveanews.com\/index.php\/2024\/11\/25\/ele-optou-por-deixar-o-flamengo-e-agora-pode-rescindir-com-o-corinthians\/","name":"Ele optou por deixar o Flamengo e agora pode rescindir com o Corinthians","isPartOf":{"@id":"https:\/\/www.gaveanews.com\/#website"},"primaryImageOfPage":{"@id":"https:\/\/www.gaveanews.com\/index.php\/2024\/11\/25\/ele-optou-por-deixar-o-flamengo-e-agora-pode-rescindir-com-o-corinthians\/#primaryimage"},"image":{"@id":"https:\/\/www.gaveanews.com\/index.php\/2024\/11\/25\/ele-optou-por-deixar-o-flamengo-e-agora-pode-rescindir-com-o-corinthians\/#primaryimage"},"thumbnailUrl":"https:\/\/www.gaveanews.com\/wp-content\/uploads\/Escudo-do-Corinthians.webp","datePublished":"2024-11-25T23:15:00+00:00","author":{"@id":"https:\/\/www.gaveanews.com\/#\/schema\/person\/37122681a8575a5c8db05a56f099a5e4"},"description":"Ele optou por deixar o Flamengo e agora pode rescindir com o Corinthians","breadcrumb":{"@id":"https:\/\/www.gaveanews.com\/index.php\/2024\/11\/25\/ele-optou-por-deixar-o-flamengo-e-agora-pode-rescindir-com-o-corinthians\/#breadcrumb"},"inLanguage":"pt-BR","potentialAction":[{"@type":"ReadAction","target":["https:\/\/www.gaveanews.com\/index.php\/2024\/11\/25\/ele-optou-por-deixar-o-flamengo-e-agora-pode-rescindir-com-o-corinthians\/"]}]},{"@type":"ImageObject","inLanguage":"pt-BR","@id":"https:\/\/www.gaveanews.com\/index.php\/2024\/11\/25\/ele-optou-por-deixar-o-flamengo-e-agora-pode-rescindir-com-o-corinthians\/#primaryimage","url":"https:\/\/www.gaveanews.com\/wp-content\/uploads\/Escudo-do-Corinthians.webp","contentUrl":"https:\/\/www.gaveanews.com\/wp-content\/uploads\/Escudo-do-Corinthians.webp","width":1000,"height":667,"caption":"Escudo do Corinthians (Foto Reprodu\u00e7\u00e3o\/Instagram)"},{"@type":"BreadcrumbList","@id":"https:\/\/www.gaveanews.com\/index.php\/2024\/11\/25\/ele-optou-por-deixar-o-flamengo-e-agora-pode-rescindir-com-o-corinthians\/#breadcrumb","itemListElement":[{"@type":"ListItem","position":1,"name":"Home","item":"https:\/\/www.gaveanews.com\/"},{"@type":"ListItem","position":2,"name":"Ele optou por deixar o Flamengo e agora pode rescindir com o Corinthians"}]},{"@type":"WebSite","@id":"https:\/\/www.gaveanews.com\/#website","url":"https:\/\/www.gaveanews.com\/","name":"G\u00e1vea News","description":"Veja todas as not\u00edcias sobre o Flamengo: Contrata\u00e7\u00f5es, categorias de base, resultados das partidas, tabela de classifica\u00e7\u00e3o, pr\u00f3ximos jogos!","potentialAction":[{"@type":"SearchAction","target":{"@type":"EntryPoint","urlTemplate":"https:\/\/www.gaveanews.com\/?s={search_term_string}"},"query-input":{"@type":"PropertyValueSpecification","valueRequired":true,"valueName":"search_term_string"}}],"inLanguage":"pt-BR"},{"@type":"Person","@id":"https:\/\/www.gaveanews.com\/#\/schema\/person\/37122681a8575a5c8db05a56f099a5e4","name":"D\u00e9bora Figueiredo","image":{"@type":"ImageObject","inLanguage":"pt-BR","@id":"https:\/\/www.gaveanews.com\/#\/schema\/person\/image\/","url":"https:\/\/secure.gravatar.com\/avatar\/1f44802859351588499d26f52aed1d15796ce17e67602895b72837c08018868d?s=96&d=mm&r=g","contentUrl":"https:\/\/secure.gravatar.com\/avatar\/1f44802859351588499d26f52aed1d15796ce17e67602895b72837c08018868d?s=96&d=mm&r=g","caption":"D\u00e9bora Figueiredo"}}]}},"_links":{"self":[{"href":"https:\/\/www.gaveanews.com\/index.php\/wp-json\/wp\/v2\/posts\/190223","targetHints":{"allow":["GET"]}}],"collection":[{"href":"https:\/\/www.gaveanews.com\/index.php\/wp-json\/wp\/v2\/posts"}],"about":[{"href":"https:\/\/www.gaveanews.com\/index.php\/wp-json\/wp\/v2\/types\/post"}],"author":[{"embeddable":true,"href":"https:\/\/www.gaveanews.com\/index.php\/wp-json\/wp\/v2\/users\/16"}],"replies":[{"embeddable":true,"href":"https:\/\/www.gaveanews.com\/index.php\/wp-json\/wp\/v2\/comments?post=190223"}],"version-history":[{"count":2,"href":"https:\/\/www.gaveanews.com\/index.php\/wp-json\/wp\/v2\/posts\/190223\/revisions"}],"predecessor-version":[{"id":190302,"href":"https:\/\/www.gaveanews.com\/index.php\/wp-json\/wp\/v2\/posts\/190223\/revisions\/190302"}],"wp:featuredmedia":[{"embeddable":true,"href":"https:\/\/www.gaveanews.com\/index.php\/wp-json\/wp\/v2\/media\/146951"}],"wp:attachment":[{"href":"https:\/\/www.gaveanews.com\/index.php\/wp-json\/wp\/v2\/media?parent=190223"}],"wp:term":[{"taxonomy":"category","embeddable":true,"href":"https:\/\/www.gaveanews.com\/index.php\/wp-json\/wp\/v2\/categories?post=190223"},{"taxonomy":"post_tag","embeddable":true,"href":"https:\/\/www.gaveanews.com\/index.php\/wp-json\/wp\/v2\/tags?post=190223"}],"curies":[{"name":"wp","href":"https:\/\/api.w.org\/{rel}","templated":true}]}}