{"id":190241,"date":"2024-11-25T18:45:57","date_gmt":"2024-11-25T21:45:57","guid":{"rendered":"https:\/\/www.gaveanews.com\/?p=190241"},"modified":"2024-11-25T18:01:19","modified_gmt":"2024-11-25T21:01:19","slug":"video-a-declaracao-de-ale-oliveira-direcionada-a-john-textor","status":"publish","type":"post","link":"https:\/\/www.gaveanews.com\/index.php\/2024\/11\/25\/video-a-declaracao-de-ale-oliveira-direcionada-a-john-textor\/","title":{"rendered":"V\u00eddeo: a declara\u00e7\u00e3o de Al\u00ea Oliveira direcionada a John Textor"},"content":{"rendered":"\n<p>A tens\u00e3o no futebol brasileiro ganhou mais um cap\u00edtulo pol\u00eamico envolvendo John Textor, dono do Botafogo, e o goleiro Everson, do Atl\u00e9tico Mineiro. O comentarista esportivo Al\u00ea Oliveira entrou na discuss\u00e3o com cr\u00edticas contundentes ao empres\u00e1rio americano, destacando sua postura e declara\u00e7\u00f5es pol\u00eamicas. Entenda o que est\u00e1 em jogo nessa troca de farpas.<\/p>\n\n\n\n<ul class=\"wp-block-list\">\n<li><a href=\"https:\/\/www.gaveanews.com\/index.php\/2024\/11\/24\/a-declaracao-de-john-textor-apos-o-jogo-entre-botafogo-x-vitoria\/\">A declara\u00e7\u00e3o de John Textor ap\u00f3s o jogo entre Botafogo x Vit\u00f3ria<\/a><\/li>\n\n\n\n<li><a href=\"https:\/\/www.gaveanews.com\/index.php\/2024\/10\/31\/john-textor-mira-mais-uma-contratacao\/\">John Textor mira mais uma contrata\u00e7\u00e3o<\/a><\/li>\n<\/ul>\n\n\n\n<h2 class=\"wp-block-heading\" id=\"h-polemicas-e-provocacoes\">Pol\u00eamicas e provoca\u00e7\u00f5es<\/h2>\n\n\n\n<p>Tudo come\u00e7ou quando Everson afirmou, em entrevista, que John Textor costuma repercutir suas cr\u00edticas \u00e0 arbitragem para ganhar aten\u00e7\u00e3o. Em resposta, o empres\u00e1rio alfinetou o goleiro pelas redes sociais, dizendo que &#8220;estaria morando na cabe\u00e7a&#8221; de Everson. Textor tamb\u00e9m defendeu sua postura, afirmando que apoia os \u00e1rbitros e deseja que eles recebam o melhor treinamento e remunera\u00e7\u00e3o.<\/p>\n\n\n\n<p>Al\u00e9m disso, o comportamento do empres\u00e1rio gerou questionamentos no meio esportivo. Vale destacar que Al\u00ea Oliveira n\u00e3o ficou calado diante das declara\u00e7\u00f5es e apontou contradi\u00e7\u00f5es no discurso de Textor.<\/p>\n\n\n\n<h2 class=\"wp-block-heading\" id=\"h-criticas-contundentes-de-ale-oliveira\">Cr\u00edticas contundentes de Al\u00ea Oliveira<\/h2>\n\n\n\n<p>O comentarista criticou a atitude de Textor ao atribuir derrotas a supostos &#8220;esquemas&#8221; sem apresentar provas concretas. &#8220;Quando o Botafogo perde o campeonato, por culpa dele, Botafogo, evidentemente, como aconteceu no ano passado, a culpa \u00e9 do esquema. Tem um esquema, n\u00e9? O Botafogo at\u00e9 hoje, ele era l\u00edder do campeonato, mas da\u00ed n\u00e3o tem o esquema, n\u00e9?&#8221;, disparou Al\u00ea.<\/p>\n\n\n\n<p>Cabe ressaltar que Oliveira tamb\u00e9m comparou o comportamento de Textor no Brasil e na Europa, destacando uma diferen\u00e7a significativa. \u201cEle n\u00e3o faz isso l\u00e1 na Europa. Que aqui \u00e9 v\u00e1lida, porque os caras falaram, apresenta as provas\u201d, afirmou.<\/p>\n\n\n\n<iframe loading=\"lazy\" width=\"560\" height=\"315\" src=\"https:\/\/www.youtube.com\/embed\/P32ARgWHGA8?si=t9YF4MvmFNgVsdYr\" title=\"YouTube video player\" frameborder=\"0\" allow=\"accelerometer; autoplay; clipboard-write; encrypted-media; gyroscope; picture-in-picture; web-share\" referrerpolicy=\"strict-origin-when-cross-origin\" allowfullscreen><\/iframe>\n\n\n\n<h2 class=\"wp-block-heading\" id=\"h-fanfarronice-ou-estrategia\">&#8220;Fanfarronice&#8221; ou estrat\u00e9gia?<\/h2>\n\n\n\n<p>Segundo Al\u00ea, a falta de evid\u00eancias torna as declara\u00e7\u00f5es de Textor um ato de &#8220;fanfarronice&#8221;. Ele lembrou de acusa\u00e7\u00f5es anteriores, como quando Textor sugeriu que o goleiro Rafael, do S\u00e3o Paulo, teria &#8220;deixado&#8221; um gol acontecer. &#8220;Essas provas que ele apresenta. Ent\u00e3o, pra mim, isso a\u00ed \u00e9 mais na base da fanfarronice&#8221;, concluiu.<\/p>\n\n\n\n<p>Com isso, a postura de Textor segue em debate, gerando divis\u00f5es entre quem o apoia e quem questiona suas inten\u00e7\u00f5es. Sendo assim, a discuss\u00e3o promete novos desdobramentos no cen\u00e1rio esportivo.<\/p>\n","protected":false},"excerpt":{"rendered":"<p>A tens\u00e3o no futebol brasileiro ganhou mais um cap\u00edtulo pol\u00eamico envolvendo John Textor, dono do Botafogo, e o goleiro Everson, do Atl\u00e9tico Mineiro. O comentarista esportivo Al\u00ea Oliveira entrou na discuss\u00e3o com cr\u00edticas contundentes ao empres\u00e1rio americano, destacando sua postura e declara\u00e7\u00f5es pol\u00eamicas. Entenda o que est\u00e1 em jogo nessa troca de farpas. Pol\u00eamicas e [&hellip;]<\/p>\n","protected":false},"author":24,"featured_media":101461,"comment_status":"open","ping_status":"closed","sticky":false,"template":"","format":"standard","meta":{"footnotes":""},"categories":[138],"tags":[],"class_list":["post-190241","post","type-post","status-publish","format-standard","has-post-thumbnail","hentry","category-botafogo"],"yoast_head":"<!-- This site is optimized with the Yoast SEO Premium plugin v24.2 (Yoast SEO v26.9) - https:\/\/yoast.com\/product\/yoast-seo-premium-wordpress\/ -->\n<title>V\u00eddeo: a declara\u00e7\u00e3o de Al\u00ea Oliveira direcionada a John Textor<\/title>\n<meta name=\"robots\" content=\"index, follow, max-snippet:-1, max-image-preview:large, max-video-preview:-1\" \/>\n<link rel=\"canonical\" href=\"https:\/\/www.gaveanews.com\/index.php\/2024\/11\/25\/video-a-declaracao-de-ale-oliveira-direcionada-a-john-textor\/\" \/>\n<meta property=\"og:locale\" content=\"pt_BR\" \/>\n<meta property=\"og:type\" content=\"article\" \/>\n<meta property=\"og:title\" content=\"V\u00eddeo: a declara\u00e7\u00e3o de Al\u00ea Oliveira direcionada a John Textor\" \/>\n<meta property=\"og:description\" content=\"A tens\u00e3o no futebol brasileiro ganhou mais um cap\u00edtulo pol\u00eamico envolvendo John Textor, dono do Botafogo, e o goleiro Everson, do Atl\u00e9tico Mineiro. O comentarista esportivo Al\u00ea Oliveira entrou na discuss\u00e3o com cr\u00edticas contundentes ao empres\u00e1rio americano, destacando sua postura e declara\u00e7\u00f5es pol\u00eamicas. Entenda o que est\u00e1 em jogo nessa troca de farpas. Pol\u00eamicas e [&hellip;]\" \/>\n<meta property=\"og:url\" content=\"https:\/\/www.gaveanews.com\/index.php\/2024\/11\/25\/video-a-declaracao-de-ale-oliveira-direcionada-a-john-textor\/\" \/>\n<meta property=\"og:site_name\" content=\"G\u00e1vea News\" \/>\n<meta property=\"article:publisher\" content=\"https:\/\/facebook.com\/gaveaNews\/\" \/>\n<meta property=\"article:published_time\" content=\"2024-11-25T21:45:57+00:00\" \/>\n<meta property=\"og:image\" content=\"https:\/\/www.gaveanews.com\/wp-content\/uploads\/Textor-durante-coletiva-de-imprensa-do-Botafogo.webp\" \/>\n\t<meta property=\"og:image:width\" content=\"754\" \/>\n\t<meta property=\"og:image:height\" content=\"471\" \/>\n\t<meta property=\"og:image:type\" content=\"image\/webp\" \/>\n<meta name=\"author\" content=\"Leandro Cardoso\" \/>\n<meta name=\"twitter:card\" content=\"summary_large_image\" \/>\n<meta name=\"twitter:label1\" content=\"Escrito por\" \/>\n\t<meta name=\"twitter:data1\" content=\"Leandro Cardoso\" \/>\n\t<meta name=\"twitter:label2\" content=\"Est. tempo de leitura\" \/>\n\t<meta name=\"twitter:data2\" content=\"3 minutos\" \/>\n<script type=\"application\/ld+json\" class=\"yoast-schema-graph\">{\"@context\":\"https:\/\/schema.org\",\"@graph\":[{\"@type\":\"NewsArticle\",\"@id\":\"https:\/\/www.gaveanews.com\/index.php\/2024\/11\/25\/video-a-declaracao-de-ale-oliveira-direcionada-a-john-textor\/#article\",\"isPartOf\":{\"@id\":\"https:\/\/www.gaveanews.com\/index.php\/2024\/11\/25\/video-a-declaracao-de-ale-oliveira-direcionada-a-john-textor\/\"},\"author\":{\"name\":\"Leandro Cardoso\",\"@id\":\"https:\/\/www.gaveanews.com\/#\/schema\/person\/2424ec6409bc3f068411fc5e4e9b6168\"},\"headline\":\"V\u00eddeo: a declara\u00e7\u00e3o de Al\u00ea Oliveira direcionada a John Textor\",\"datePublished\":\"2024-11-25T21:45:57+00:00\",\"mainEntityOfPage\":{\"@id\":\"https:\/\/www.gaveanews.com\/index.php\/2024\/11\/25\/video-a-declaracao-de-ale-oliveira-direcionada-a-john-textor\/\"},\"wordCount\":401,\"commentCount\":0,\"image\":{\"@id\":\"https:\/\/www.gaveanews.com\/index.php\/2024\/11\/25\/video-a-declaracao-de-ale-oliveira-direcionada-a-john-textor\/#primaryimage\"},\"thumbnailUrl\":\"https:\/\/www.gaveanews.com\/wp-content\/uploads\/Textor-durante-coletiva-de-imprensa-do-Botafogo.webp\",\"articleSection\":[\"Botafogo\"],\"inLanguage\":\"pt-BR\",\"potentialAction\":[{\"@type\":\"CommentAction\",\"name\":\"Comment\",\"target\":[\"https:\/\/www.gaveanews.com\/index.php\/2024\/11\/25\/video-a-declaracao-de-ale-oliveira-direcionada-a-john-textor\/#respond\"]}],\"copyrightYear\":\"2024\",\"copyrightHolder\":{\"@id\":\"https:\/\/www.gaveanews.com\/#organization\"}},{\"@type\":\"WebPage\",\"@id\":\"https:\/\/www.gaveanews.com\/index.php\/2024\/11\/25\/video-a-declaracao-de-ale-oliveira-direcionada-a-john-textor\/\",\"url\":\"https:\/\/www.gaveanews.com\/index.php\/2024\/11\/25\/video-a-declaracao-de-ale-oliveira-direcionada-a-john-textor\/\",\"name\":\"V\u00eddeo: a declara\u00e7\u00e3o de Al\u00ea Oliveira direcionada a John Textor\",\"isPartOf\":{\"@id\":\"https:\/\/www.gaveanews.com\/#website\"},\"primaryImageOfPage\":{\"@id\":\"https:\/\/www.gaveanews.com\/index.php\/2024\/11\/25\/video-a-declaracao-de-ale-oliveira-direcionada-a-john-textor\/#primaryimage\"},\"image\":{\"@id\":\"https:\/\/www.gaveanews.com\/index.php\/2024\/11\/25\/video-a-declaracao-de-ale-oliveira-direcionada-a-john-textor\/#primaryimage\"},\"thumbnailUrl\":\"https:\/\/www.gaveanews.com\/wp-content\/uploads\/Textor-durante-coletiva-de-imprensa-do-Botafogo.webp\",\"datePublished\":\"2024-11-25T21:45:57+00:00\",\"author\":{\"@id\":\"https:\/\/www.gaveanews.com\/#\/schema\/person\/2424ec6409bc3f068411fc5e4e9b6168\"},\"breadcrumb\":{\"@id\":\"https:\/\/www.gaveanews.com\/index.php\/2024\/11\/25\/video-a-declaracao-de-ale-oliveira-direcionada-a-john-textor\/#breadcrumb\"},\"inLanguage\":\"pt-BR\",\"potentialAction\":[{\"@type\":\"ReadAction\",\"target\":[\"https:\/\/www.gaveanews.com\/index.php\/2024\/11\/25\/video-a-declaracao-de-ale-oliveira-direcionada-a-john-textor\/\"]}]},{\"@type\":\"ImageObject\",\"inLanguage\":\"pt-BR\",\"@id\":\"https:\/\/www.gaveanews.com\/index.php\/2024\/11\/25\/video-a-declaracao-de-ale-oliveira-direcionada-a-john-textor\/#primaryimage\",\"url\":\"https:\/\/www.gaveanews.com\/wp-content\/uploads\/Textor-durante-coletiva-de-imprensa-do-Botafogo.webp\",\"contentUrl\":\"https:\/\/www.gaveanews.com\/wp-content\/uploads\/Textor-durante-coletiva-de-imprensa-do-Botafogo.webp\",\"width\":754,\"height\":471,\"caption\":\"Textor durante coletiva de imprensa do Botafogo (Foto: V\u00edtor Silva\/Botafogo FR)\"},{\"@type\":\"BreadcrumbList\",\"@id\":\"https:\/\/www.gaveanews.com\/index.php\/2024\/11\/25\/video-a-declaracao-de-ale-oliveira-direcionada-a-john-textor\/#breadcrumb\",\"itemListElement\":[{\"@type\":\"ListItem\",\"position\":1,\"name\":\"Home\",\"item\":\"https:\/\/www.gaveanews.com\/\"},{\"@type\":\"ListItem\",\"position\":2,\"name\":\"V\u00eddeo: a declara\u00e7\u00e3o de Al\u00ea Oliveira direcionada a John Textor\"}]},{\"@type\":\"WebSite\",\"@id\":\"https:\/\/www.gaveanews.com\/#website\",\"url\":\"https:\/\/www.gaveanews.com\/\",\"name\":\"G\u00e1vea News\",\"description\":\"Veja todas as not\u00edcias sobre o Flamengo: Contrata\u00e7\u00f5es, categorias de base, resultados das partidas, tabela de classifica\u00e7\u00e3o, pr\u00f3ximos jogos!\",\"potentialAction\":[{\"@type\":\"SearchAction\",\"target\":{\"@type\":\"EntryPoint\",\"urlTemplate\":\"https:\/\/www.gaveanews.com\/?s={search_term_string}\"},\"query-input\":{\"@type\":\"PropertyValueSpecification\",\"valueRequired\":true,\"valueName\":\"search_term_string\"}}],\"inLanguage\":\"pt-BR\"},{\"@type\":\"Person\",\"@id\":\"https:\/\/www.gaveanews.com\/#\/schema\/person\/2424ec6409bc3f068411fc5e4e9b6168\",\"name\":\"Leandro Cardoso\",\"image\":{\"@type\":\"ImageObject\",\"inLanguage\":\"pt-BR\",\"@id\":\"https:\/\/www.gaveanews.com\/#\/schema\/person\/image\/\",\"url\":\"https:\/\/secure.gravatar.com\/avatar\/8ca179f9b55eefe9f376f5493ef25475bfa59fbc28ce937f6076ce20e523098f?s=96&d=mm&r=g\",\"contentUrl\":\"https:\/\/secure.gravatar.com\/avatar\/8ca179f9b55eefe9f376f5493ef25475bfa59fbc28ce937f6076ce20e523098f?s=96&d=mm&r=g\",\"caption\":\"Leandro Cardoso\"}}]}<\/script>\n<!-- \/ Yoast SEO Premium plugin. -->","yoast_head_json":{"title":"V\u00eddeo: a declara\u00e7\u00e3o de Al\u00ea Oliveira direcionada a John Textor","robots":{"index":"index","follow":"follow","max-snippet":"max-snippet:-1","max-image-preview":"max-image-preview:large","max-video-preview":"max-video-preview:-1"},"canonical":"https:\/\/www.gaveanews.com\/index.php\/2024\/11\/25\/video-a-declaracao-de-ale-oliveira-direcionada-a-john-textor\/","og_locale":"pt_BR","og_type":"article","og_title":"V\u00eddeo: a declara\u00e7\u00e3o de Al\u00ea Oliveira direcionada a John Textor","og_description":"A tens\u00e3o no futebol brasileiro ganhou mais um cap\u00edtulo pol\u00eamico envolvendo John Textor, dono do Botafogo, e o goleiro Everson, do Atl\u00e9tico Mineiro. O comentarista esportivo Al\u00ea Oliveira entrou na discuss\u00e3o com cr\u00edticas contundentes ao empres\u00e1rio americano, destacando sua postura e declara\u00e7\u00f5es pol\u00eamicas. Entenda o que est\u00e1 em jogo nessa troca de farpas. Pol\u00eamicas e [&hellip;]","og_url":"https:\/\/www.gaveanews.com\/index.php\/2024\/11\/25\/video-a-declaracao-de-ale-oliveira-direcionada-a-john-textor\/","og_site_name":"G\u00e1vea News","article_publisher":"https:\/\/facebook.com\/gaveaNews\/","article_published_time":"2024-11-25T21:45:57+00:00","og_image":[{"width":754,"height":471,"url":"https:\/\/www.gaveanews.com\/wp-content\/uploads\/Textor-durante-coletiva-de-imprensa-do-Botafogo.webp","type":"image\/webp"}],"author":"Leandro Cardoso","twitter_card":"summary_large_image","twitter_misc":{"Escrito por":"Leandro Cardoso","Est. tempo de leitura":"3 minutos"},"schema":{"@context":"https:\/\/schema.org","@graph":[{"@type":"NewsArticle","@id":"https:\/\/www.gaveanews.com\/index.php\/2024\/11\/25\/video-a-declaracao-de-ale-oliveira-direcionada-a-john-textor\/#article","isPartOf":{"@id":"https:\/\/www.gaveanews.com\/index.php\/2024\/11\/25\/video-a-declaracao-de-ale-oliveira-direcionada-a-john-textor\/"},"author":{"name":"Leandro Cardoso","@id":"https:\/\/www.gaveanews.com\/#\/schema\/person\/2424ec6409bc3f068411fc5e4e9b6168"},"headline":"V\u00eddeo: a declara\u00e7\u00e3o de Al\u00ea Oliveira direcionada a John Textor","datePublished":"2024-11-25T21:45:57+00:00","mainEntityOfPage":{"@id":"https:\/\/www.gaveanews.com\/index.php\/2024\/11\/25\/video-a-declaracao-de-ale-oliveira-direcionada-a-john-textor\/"},"wordCount":401,"commentCount":0,"image":{"@id":"https:\/\/www.gaveanews.com\/index.php\/2024\/11\/25\/video-a-declaracao-de-ale-oliveira-direcionada-a-john-textor\/#primaryimage"},"thumbnailUrl":"https:\/\/www.gaveanews.com\/wp-content\/uploads\/Textor-durante-coletiva-de-imprensa-do-Botafogo.webp","articleSection":["Botafogo"],"inLanguage":"pt-BR","potentialAction":[{"@type":"CommentAction","name":"Comment","target":["https:\/\/www.gaveanews.com\/index.php\/2024\/11\/25\/video-a-declaracao-de-ale-oliveira-direcionada-a-john-textor\/#respond"]}],"copyrightYear":"2024","copyrightHolder":{"@id":"https:\/\/www.gaveanews.com\/#organization"}},{"@type":"WebPage","@id":"https:\/\/www.gaveanews.com\/index.php\/2024\/11\/25\/video-a-declaracao-de-ale-oliveira-direcionada-a-john-textor\/","url":"https:\/\/www.gaveanews.com\/index.php\/2024\/11\/25\/video-a-declaracao-de-ale-oliveira-direcionada-a-john-textor\/","name":"V\u00eddeo: a declara\u00e7\u00e3o de Al\u00ea Oliveira direcionada a John Textor","isPartOf":{"@id":"https:\/\/www.gaveanews.com\/#website"},"primaryImageOfPage":{"@id":"https:\/\/www.gaveanews.com\/index.php\/2024\/11\/25\/video-a-declaracao-de-ale-oliveira-direcionada-a-john-textor\/#primaryimage"},"image":{"@id":"https:\/\/www.gaveanews.com\/index.php\/2024\/11\/25\/video-a-declaracao-de-ale-oliveira-direcionada-a-john-textor\/#primaryimage"},"thumbnailUrl":"https:\/\/www.gaveanews.com\/wp-content\/uploads\/Textor-durante-coletiva-de-imprensa-do-Botafogo.webp","datePublished":"2024-11-25T21:45:57+00:00","author":{"@id":"https:\/\/www.gaveanews.com\/#\/schema\/person\/2424ec6409bc3f068411fc5e4e9b6168"},"breadcrumb":{"@id":"https:\/\/www.gaveanews.com\/index.php\/2024\/11\/25\/video-a-declaracao-de-ale-oliveira-direcionada-a-john-textor\/#breadcrumb"},"inLanguage":"pt-BR","potentialAction":[{"@type":"ReadAction","target":["https:\/\/www.gaveanews.com\/index.php\/2024\/11\/25\/video-a-declaracao-de-ale-oliveira-direcionada-a-john-textor\/"]}]},{"@type":"ImageObject","inLanguage":"pt-BR","@id":"https:\/\/www.gaveanews.com\/index.php\/2024\/11\/25\/video-a-declaracao-de-ale-oliveira-direcionada-a-john-textor\/#primaryimage","url":"https:\/\/www.gaveanews.com\/wp-content\/uploads\/Textor-durante-coletiva-de-imprensa-do-Botafogo.webp","contentUrl":"https:\/\/www.gaveanews.com\/wp-content\/uploads\/Textor-durante-coletiva-de-imprensa-do-Botafogo.webp","width":754,"height":471,"caption":"Textor durante coletiva de imprensa do Botafogo (Foto: V\u00edtor Silva\/Botafogo FR)"},{"@type":"BreadcrumbList","@id":"https:\/\/www.gaveanews.com\/index.php\/2024\/11\/25\/video-a-declaracao-de-ale-oliveira-direcionada-a-john-textor\/#breadcrumb","itemListElement":[{"@type":"ListItem","position":1,"name":"Home","item":"https:\/\/www.gaveanews.com\/"},{"@type":"ListItem","position":2,"name":"V\u00eddeo: a declara\u00e7\u00e3o de Al\u00ea Oliveira direcionada a John Textor"}]},{"@type":"WebSite","@id":"https:\/\/www.gaveanews.com\/#website","url":"https:\/\/www.gaveanews.com\/","name":"G\u00e1vea News","description":"Veja todas as not\u00edcias sobre o Flamengo: Contrata\u00e7\u00f5es, categorias de base, resultados das partidas, tabela de classifica\u00e7\u00e3o, pr\u00f3ximos jogos!","potentialAction":[{"@type":"SearchAction","target":{"@type":"EntryPoint","urlTemplate":"https:\/\/www.gaveanews.com\/?s={search_term_string}"},"query-input":{"@type":"PropertyValueSpecification","valueRequired":true,"valueName":"search_term_string"}}],"inLanguage":"pt-BR"},{"@type":"Person","@id":"https:\/\/www.gaveanews.com\/#\/schema\/person\/2424ec6409bc3f068411fc5e4e9b6168","name":"Leandro Cardoso","image":{"@type":"ImageObject","inLanguage":"pt-BR","@id":"https:\/\/www.gaveanews.com\/#\/schema\/person\/image\/","url":"https:\/\/secure.gravatar.com\/avatar\/8ca179f9b55eefe9f376f5493ef25475bfa59fbc28ce937f6076ce20e523098f?s=96&d=mm&r=g","contentUrl":"https:\/\/secure.gravatar.com\/avatar\/8ca179f9b55eefe9f376f5493ef25475bfa59fbc28ce937f6076ce20e523098f?s=96&d=mm&r=g","caption":"Leandro Cardoso"}}]}},"_links":{"self":[{"href":"https:\/\/www.gaveanews.com\/index.php\/wp-json\/wp\/v2\/posts\/190241","targetHints":{"allow":["GET"]}}],"collection":[{"href":"https:\/\/www.gaveanews.com\/index.php\/wp-json\/wp\/v2\/posts"}],"about":[{"href":"https:\/\/www.gaveanews.com\/index.php\/wp-json\/wp\/v2\/types\/post"}],"author":[{"embeddable":true,"href":"https:\/\/www.gaveanews.com\/index.php\/wp-json\/wp\/v2\/users\/24"}],"replies":[{"embeddable":true,"href":"https:\/\/www.gaveanews.com\/index.php\/wp-json\/wp\/v2\/comments?post=190241"}],"version-history":[{"count":1,"href":"https:\/\/www.gaveanews.com\/index.php\/wp-json\/wp\/v2\/posts\/190241\/revisions"}],"predecessor-version":[{"id":190253,"href":"https:\/\/www.gaveanews.com\/index.php\/wp-json\/wp\/v2\/posts\/190241\/revisions\/190253"}],"wp:featuredmedia":[{"embeddable":true,"href":"https:\/\/www.gaveanews.com\/index.php\/wp-json\/wp\/v2\/media\/101461"}],"wp:attachment":[{"href":"https:\/\/www.gaveanews.com\/index.php\/wp-json\/wp\/v2\/media?parent=190241"}],"wp:term":[{"taxonomy":"category","embeddable":true,"href":"https:\/\/www.gaveanews.com\/index.php\/wp-json\/wp\/v2\/categories?post=190241"},{"taxonomy":"post_tag","embeddable":true,"href":"https:\/\/www.gaveanews.com\/index.php\/wp-json\/wp\/v2\/tags?post=190241"}],"curies":[{"name":"wp","href":"https:\/\/api.w.org\/{rel}","templated":true}]}}