{"id":190408,"date":"2024-11-26T04:05:00","date_gmt":"2024-11-26T07:05:00","guid":{"rendered":"https:\/\/www.gaveanews.com\/?p=190408"},"modified":"2024-11-26T00:49:45","modified_gmt":"2024-11-26T03:49:45","slug":"declaracao-de-coutinho-reforcos-para-2025-e-demissao-de-paiva-as-ultimas-noticias-do-vasco","status":"publish","type":"post","link":"https:\/\/www.gaveanews.com\/index.php\/2024\/11\/26\/declaracao-de-coutinho-reforcos-para-2025-e-demissao-de-paiva-as-ultimas-noticias-do-vasco\/","title":{"rendered":"Declara\u00e7\u00e3o de Coutinho, refor\u00e7os para 2025 e demiss\u00e3o de Paiva: as \u00faltimas not\u00edcias do Vasco"},"content":{"rendered":"\n<p>Nas \u00faltimas horas, o foco das not\u00edcias sobre o Vasco se concentram nos bastidores do clube, com destaques como a declara\u00e7\u00e3o de Coutinho e os refor\u00e7os para 2025.<\/p>\n\n\n\n<p>Por conta deste contexto, leia abaixo um resumo preparado pela equipe do portal G\u00e1vea News para lhe manter muito bem informado!<\/p>\n\n\n\n<h2 class=\"wp-block-heading\" id=\"h-demissao-de-paiva\">Demiss\u00e3o de Paiva<\/h2>\n\n\n\n<p>Ap\u00f3s uma sequ\u00eancia de quatro derrotas consecutivas no Campeonato Brasileiro, o Vasco anunciou a demiss\u00e3o do t\u00e9cnico Rafael Paiva. A decis\u00e3o veio ap\u00f3s a derrota para o Corinthians por 3 a 1, em jogo v\u00e1lido pela 35\u00aa rodada, e foi comunicada pelo presidente do clube, Pedrinho, que tamb\u00e9m elogiou o trabalho de Paiva, destacando seu papel em momentos dif\u00edceis. O ex-jogador e atual diretor t\u00e9cnico, Felipe Maestro, assume o comando interino do time nas partidas restantes da temporada <strong><a href=\"https:\/\/www.gaveanews.com\/index.php\/2024\/11\/24\/adeus-mais-um-tecnico-do-brasileirao-e-demitido\/\">(leia a mat\u00e9ria completa).<\/a><\/strong><\/p>\n\n\n\n<figure class=\"wp-block-image size-full\"><img loading=\"lazy\" decoding=\"async\" width=\"984\" height=\"656\" src=\"https:\/\/www.gaveanews.com\/wp-content\/uploads\/Rafael-Paiva-durante-treino-do-Vasco.avif\" alt=\"\" class=\"wp-image-152028\"\/><figcaption class=\"wp-element-caption\">Rafael Paiva durante treino do Vasco (Foto: Matheus Lima\/Vasco)<\/figcaption><\/figure>\n\n\n\n<p>Rafael Paiva assumiu o Vasco em junho, ap\u00f3s a sa\u00edda de \u00c1lvaro Pacheco, e acumulou 35 jogos \u00e0 frente da equipe, conquistando 13 vit\u00f3rias, 10 empates e 12 derrotas. A<\/p>\n\n\n\n<p>pesar de levar o clube \u00e0 semifinal da Copa do Brasil, os resultados negativos recentes foram cruciais para sua sa\u00edda. Pedrinho, em entrevista, agradeceu a dedica\u00e7\u00e3o de Paiva, mas destacou que a mudan\u00e7a era necess\u00e1ria para encerrar a competi\u00e7\u00e3o de forma mais competitiva.<\/p>\n\n\n\n<p>O Vasco ocupa a 11\u00aa posi\u00e7\u00e3o na tabela, com 43 pontos, e tem como pr\u00f3ximo desafio o Atl\u00e9tico-GO, no est\u00e1dio de S\u00e3o Janu\u00e1rio. Apesar de estar distante da zona de rebaixamento, o time busca um final de campeonato mais s\u00f3lido sob o comando interino de Felipe Maestro, mirando uma despedida digna da temporada.<\/p>\n\n\n\n<h2 class=\"wp-block-heading\" id=\"h-reforcos-para-2025\">Refor\u00e7os para 2025<\/h2>\n\n\n\n<p>O Vasco da Gama j\u00e1 iniciou o planejamento para 2025 diante de uma temporada marcada por queda de rendimento e resultados insatisfat\u00f3rios, como a derrota para o Internacional e a dificuldade de classifica\u00e7\u00e3o para a Libertadores. Entre as prioridades, o clube busca refor\u00e7os para o meio-campo, \u00e1rea que demonstrou fragilidade com a sa\u00edda de Z\u00e9 Gabriel e desempenhos inconsistentes. Dois nomes surgem como alvos: Matheus Pereira, do Eibar, e Rodrigo Dourado, do Atl\u00e9tico San Lu\u00eds, com contratos encerrando em junho de 2025 e possibilidade de pr\u00e9-contrato em janeiro <strong><a href=\"https:\/\/www.gaveanews.com\/index.php\/2024\/11\/24\/vasco-pode-fechar-com-dois-reforcos-para-2025\/\">(leia a mat\u00e9ria completa).<\/a><\/strong><\/p>\n\n\n\n<blockquote class=\"instagram-media\" data-instgrm-permalink=\"https:\/\/www.instagram.com\/p\/C-3PurXyst1\/?utm_source=ig_embed&amp;utm_campaign=loading\" data-instgrm-version=\"14\" style=\" background:#FFF; border:0; border-radius:3px; box-shadow:0 0 1px 0 rgba(0,0,0,0.5),0 1px 10px 0 rgba(0,0,0,0.15); margin: 1px; max-width:540px; min-width:326px; padding:0; width:99.375%; width:-webkit-calc(100% - 2px); width:calc(100% - 2px);\"><div style=\"padding:16px;\"> <a href=\"https:\/\/www.instagram.com\/p\/C-3PurXyst1\/?utm_source=ig_embed&amp;utm_campaign=loading\" style=\" background:#FFFFFF; line-height:0; padding:0 0; text-align:center; text-decoration:none; width:100%;\" target=\"_blank\"> <div style=\" display: flex; flex-direction: row; align-items: center;\"> <div style=\"background-color: #F4F4F4; border-radius: 50%; flex-grow: 0; height: 40px; margin-right: 14px; width: 40px;\"><\/div> <div style=\"display: flex; flex-direction: column; flex-grow: 1; justify-content: center;\"> <div style=\" background-color: #F4F4F4; border-radius: 4px; flex-grow: 0; height: 14px; margin-bottom: 6px; width: 100px;\"><\/div> <div style=\" background-color: #F4F4F4; border-radius: 4px; flex-grow: 0; height: 14px; width: 60px;\"><\/div><\/div><\/div><div style=\"padding: 19% 0;\"><\/div> <div style=\"display:block; height:50px; margin:0 auto 12px; width:50px;\"><svg width=\"50px\" height=\"50px\" viewBox=\"0 0 60 60\" version=\"1.1\" xmlns=\"https:\/\/www.w3.org\/2000\/svg\" xmlns:xlink=\"https:\/\/www.w3.org\/1999\/xlink\"><g stroke=\"none\" stroke-width=\"1\" fill=\"none\" fill-rule=\"evenodd\"><g transform=\"translate(-511.000000, -20.000000)\" fill=\"#000000\"><g><path d=\"M556.869,30.41 C554.814,30.41 553.148,32.076 553.148,34.131 C553.148,36.186 554.814,37.852 556.869,37.852 C558.924,37.852 560.59,36.186 560.59,34.131 C560.59,32.076 558.924,30.41 556.869,30.41 M541,60.657 C535.114,60.657 530.342,55.887 530.342,50 C530.342,44.114 535.114,39.342 541,39.342 C546.887,39.342 551.658,44.114 551.658,50 C551.658,55.887 546.887,60.657 541,60.657 M541,33.886 C532.1,33.886 524.886,41.1 524.886,50 C524.886,58.899 532.1,66.113 541,66.113 C549.9,66.113 557.115,58.899 557.115,50 C557.115,41.1 549.9,33.886 541,33.886 M565.378,62.101 C565.244,65.022 564.756,66.606 564.346,67.663 C563.803,69.06 563.154,70.057 562.106,71.106 C561.058,72.155 560.06,72.803 558.662,73.347 C557.607,73.757 556.021,74.244 553.102,74.378 C549.944,74.521 548.997,74.552 541,74.552 C533.003,74.552 532.056,74.521 528.898,74.378 C525.979,74.244 524.393,73.757 523.338,73.347 C521.94,72.803 520.942,72.155 519.894,71.106 C518.846,70.057 518.197,69.06 517.654,67.663 C517.244,66.606 516.755,65.022 516.623,62.101 C516.479,58.943 516.448,57.996 516.448,50 C516.448,42.003 516.479,41.056 516.623,37.899 C516.755,34.978 517.244,33.391 517.654,32.338 C518.197,30.938 518.846,29.942 519.894,28.894 C520.942,27.846 521.94,27.196 523.338,26.654 C524.393,26.244 525.979,25.756 528.898,25.623 C532.057,25.479 533.004,25.448 541,25.448 C548.997,25.448 549.943,25.479 553.102,25.623 C556.021,25.756 557.607,26.244 558.662,26.654 C560.06,27.196 561.058,27.846 562.106,28.894 C563.154,29.942 563.803,30.938 564.346,32.338 C564.756,33.391 565.244,34.978 565.378,37.899 C565.522,41.056 565.552,42.003 565.552,50 C565.552,57.996 565.522,58.943 565.378,62.101 M570.82,37.631 C570.674,34.438 570.167,32.258 569.425,30.349 C568.659,28.377 567.633,26.702 565.965,25.035 C564.297,23.368 562.623,22.342 560.652,21.575 C558.743,20.834 556.562,20.326 553.369,20.18 C550.169,20.033 549.148,20 541,20 C532.853,20 531.831,20.033 528.631,20.18 C525.438,20.326 523.257,20.834 521.349,21.575 C519.376,22.342 517.703,23.368 516.035,25.035 C514.368,26.702 513.342,28.377 512.574,30.349 C511.834,32.258 511.326,34.438 511.181,37.631 C511.035,40.831 511,41.851 511,50 C511,58.147 511.035,59.17 511.181,62.369 C511.326,65.562 511.834,67.743 512.574,69.651 C513.342,71.625 514.368,73.296 516.035,74.965 C517.703,76.634 519.376,77.658 521.349,78.425 C523.257,79.167 525.438,79.673 528.631,79.82 C531.831,79.965 532.853,80.001 541,80.001 C549.148,80.001 550.169,79.965 553.369,79.82 C556.562,79.673 558.743,79.167 560.652,78.425 C562.623,77.658 564.297,76.634 565.965,74.965 C567.633,73.296 568.659,71.625 569.425,69.651 C570.167,67.743 570.674,65.562 570.82,62.369 C570.966,59.17 571,58.147 571,50 C571,41.851 570.966,40.831 570.82,37.631\"><\/path><\/g><\/g><\/g><\/svg><\/div><div style=\"padding-top: 8px;\"> <div style=\" color:#3897f0; font-family:Arial,sans-serif; font-size:14px; font-style:normal; font-weight:550; line-height:18px;\">Ver essa foto no Instagram<\/div><\/div><div style=\"padding: 12.5% 0;\"><\/div> <div style=\"display: flex; flex-direction: row; margin-bottom: 14px; align-items: center;\"><div> <div style=\"background-color: #F4F4F4; border-radius: 50%; height: 12.5px; width: 12.5px; transform: translateX(0px) translateY(7px);\"><\/div> <div style=\"background-color: #F4F4F4; height: 12.5px; transform: rotate(-45deg) translateX(3px) translateY(1px); width: 12.5px; flex-grow: 0; margin-right: 14px; margin-left: 2px;\"><\/div> <div style=\"background-color: #F4F4F4; border-radius: 50%; height: 12.5px; width: 12.5px; transform: translateX(9px) translateY(-18px);\"><\/div><\/div><div style=\"margin-left: 8px;\"> <div style=\" background-color: #F4F4F4; border-radius: 50%; flex-grow: 0; height: 20px; width: 20px;\"><\/div> <div style=\" width: 0; height: 0; border-top: 2px solid transparent; border-left: 6px solid #f4f4f4; border-bottom: 2px solid transparent; transform: translateX(16px) translateY(-4px) rotate(30deg)\"><\/div><\/div><div style=\"margin-left: auto;\"> <div style=\" width: 0px; border-top: 8px solid #F4F4F4; border-right: 8px solid transparent; transform: translateY(16px);\"><\/div> <div style=\" background-color: #F4F4F4; flex-grow: 0; height: 12px; width: 16px; transform: translateY(-4px);\"><\/div> <div style=\" width: 0; height: 0; border-top: 8px solid #F4F4F4; border-left: 8px solid transparent; transform: translateY(-4px) translateX(8px);\"><\/div><\/div><\/div> <div style=\"display: flex; flex-direction: column; flex-grow: 1; justify-content: center; margin-bottom: 24px;\"> <div style=\" background-color: #F4F4F4; border-radius: 4px; flex-grow: 0; height: 14px; margin-bottom: 6px; width: 224px;\"><\/div> <div style=\" background-color: #F4F4F4; border-radius: 4px; flex-grow: 0; height: 14px; width: 144px;\"><\/div><\/div><\/a><p style=\" color:#c9c8cd; font-family:Arial,sans-serif; font-size:14px; line-height:17px; margin-bottom:0; margin-top:8px; overflow:hidden; padding:8px 0 7px; text-align:center; text-overflow:ellipsis; white-space:nowrap;\"><a href=\"https:\/\/www.instagram.com\/p\/C-3PurXyst1\/?utm_source=ig_embed&amp;utm_campaign=loading\" style=\" color:#c9c8cd; font-family:Arial,sans-serif; font-size:14px; font-style:normal; font-weight:normal; line-height:17px; text-decoration:none;\" target=\"_blank\">Uma publica\u00e7\u00e3o compartilhada por Rodrigo Dourado (@rodrigototas)<\/a><\/p><\/div><\/blockquote>\n<script async src=\"\/\/www.instagram.com\/embed.js\"><\/script>\n\n\n\n<p>A busca por jogadores para a cabe\u00e7a de \u00e1rea reflete a necessidade de maior intensidade e qualidade no setor, algo que comprometeu a estabilidade dos t\u00e9cnicos nesta temporada. Hugo Moura foi um dos poucos a se destacar, enquanto outras op\u00e7\u00f5es n\u00e3o corresponderam \u00e0s expectativas. Essa car\u00eancia levou a sondagens a Matheus Pereira, que acumula experi\u00eancia no futebol europeu, e Rodrigo Dourado, com hist\u00f3rico s\u00f3lido no Internacional e atualmente destaque no futebol mexicano.<\/p>\n\n\n\n<p>Os perfis dos atletas indicam a tentativa de equilibrar juventude e experi\u00eancia: Matheus Pereira, de 26 anos, tem passagens por clubes europeus, enquanto Rodrigo Dourado, de 30, se consolidou no futebol sul-americano antes de migrar para o M\u00e9xico. As negocia\u00e7\u00f5es sinalizam um Vasco ativo no mercado e determinado a corrigir os erros do passado recente para compor um elenco mais competitivo na pr\u00f3xima temporada.<\/p>\n\n\n\n<h2 class=\"wp-block-heading\" id=\"h-declaracao-de-coutinho\">Declara\u00e7\u00e3o de Coutinho<\/h2>\n\n\n\n<p>O Vasco da Gama foi derrotado pelo Corinthians por 3 a 1 na 35\u00aa rodada do Campeonato Brasileiro, em jogo disputado na Neo Qu\u00edmica Arena. O time paulista dominou a partida, especialmente no primeiro tempo, com destaque para Rodrigo Garro, autor de dois gols, e Romero, que encerrou um jejum de dois meses sem marcar. A vit\u00f3ria manteve o Corinthians na disputa por uma vaga na Libertadores, enquanto o Vasco enfrenta sua quarta derrota consecutiva, acendendo o alerta para as rodadas finais <strong><a href=\"https:\/\/www.gaveanews.com\/index.php\/2024\/11\/24\/a-declaracao-de-philippe-coutinho-apos-a-derrota-do-vasco-para-o-corinthians\/\">(leia a mat\u00e9ria completa)<\/a><\/strong>.<\/p>\n\n\n\n<figure class=\"wp-block-image size-large\"><img loading=\"lazy\" decoding=\"async\" width=\"1024\" height=\"768\" src=\"https:\/\/www.gaveanews.com\/wp-content\/uploads\/Philippe-Coutinho-em-acao-pelo-Vasco-1024x768.webp\" alt=\"\" class=\"wp-image-151729\" srcset=\"https:\/\/www.gaveanews.com\/wp-content\/uploads\/Philippe-Coutinho-em-acao-pelo-Vasco-1024x768.webp 1024w, https:\/\/www.gaveanews.com\/wp-content\/uploads\/Philippe-Coutinho-em-acao-pelo-Vasco-300x225.webp 300w, https:\/\/www.gaveanews.com\/wp-content\/uploads\/Philippe-Coutinho-em-acao-pelo-Vasco-768x576.webp 768w, https:\/\/www.gaveanews.com\/wp-content\/uploads\/Philippe-Coutinho-em-acao-pelo-Vasco-560x420.webp 560w, https:\/\/www.gaveanews.com\/wp-content\/uploads\/Philippe-Coutinho-em-acao-pelo-Vasco-80x60.webp 80w, https:\/\/www.gaveanews.com\/wp-content\/uploads\/Philippe-Coutinho-em-acao-pelo-Vasco-160x120.webp 160w, https:\/\/www.gaveanews.com\/wp-content\/uploads\/Philippe-Coutinho-em-acao-pelo-Vasco-100x75.webp 100w, https:\/\/www.gaveanews.com\/wp-content\/uploads\/Philippe-Coutinho-em-acao-pelo-Vasco-200x150.webp 200w, https:\/\/www.gaveanews.com\/wp-content\/uploads\/Philippe-Coutinho-em-acao-pelo-Vasco-180x135.webp 180w, https:\/\/www.gaveanews.com\/wp-content\/uploads\/Philippe-Coutinho-em-acao-pelo-Vasco-360x270.webp 360w, https:\/\/www.gaveanews.com\/wp-content\/uploads\/Philippe-Coutinho-em-acao-pelo-Vasco-238x178.webp 238w, https:\/\/www.gaveanews.com\/wp-content\/uploads\/Philippe-Coutinho-em-acao-pelo-Vasco-476x356.webp 476w, https:\/\/www.gaveanews.com\/wp-content\/uploads\/Philippe-Coutinho-em-acao-pelo-Vasco-640x480.webp 640w, https:\/\/www.gaveanews.com\/wp-content\/uploads\/Philippe-Coutinho-em-acao-pelo-Vasco-681x511.webp 681w, https:\/\/www.gaveanews.com\/wp-content\/uploads\/Philippe-Coutinho-em-acao-pelo-Vasco.webp 1080w\" sizes=\"auto, (max-width: 1024px) 100vw, 1024px\" \/><figcaption class=\"wp-element-caption\">Philippe Coutinho em a\u00e7\u00e3o pelo Vasco (Foto: Reprodu\u00e7\u00e3o\/Vasco)<\/figcaption><\/figure>\n\n\n\n<p>Ap\u00f3s a partida, Philippe Coutinho, uma das principais figuras do Vasco, expressou insatisfa\u00e7\u00e3o com os recentes resultados e enfatizou a necessidade de mudan\u00e7as urgentes. Ele destacou que a equipe precisa trabalhar intensamente, refletir sobre os erros cometidos e evitar novas falhas nos pr\u00f3ximos jogos. Segundo o jogador, o desempenho insatisfat\u00f3rio nas \u00faltimas partidas exige aten\u00e7\u00e3o imediata para reverter a situa\u00e7\u00e3o e buscar melhores resultados.<\/p>\n\n\n\n<p>O Corinthians, com 47 pontos, igualou a pontua\u00e7\u00e3o do Cruzeiro e se prepara para enfrentar o Crici\u00fama fora de casa. J\u00e1 o Vasco tentar\u00e1 encerrar a sequ\u00eancia de derrotas em um confronto contra o Atl\u00e9tico-GO no pr\u00f3ximo s\u00e1bado, em S\u00e3o Janu\u00e1rio. A equipe carioca agora precisa redobrar seus esfor\u00e7os para evitar um desfecho ainda mais preocupante no campeonato.<\/p>\n","protected":false},"excerpt":{"rendered":"<p>Nas \u00faltimas horas, o foco das not\u00edcias sobre o Vasco se concentram nos bastidores do clube, com destaques como a declara\u00e7\u00e3o de Coutinho e os refor\u00e7os para 2025. Por conta deste contexto, leia abaixo um resumo preparado pela equipe do portal G\u00e1vea News para lhe manter muito bem informado! Demiss\u00e3o de Paiva Ap\u00f3s uma sequ\u00eancia [&hellip;]<\/p>\n","protected":false},"author":27,"featured_media":161261,"comment_status":"open","ping_status":"closed","sticky":false,"template":"","format":"standard","meta":{"footnotes":""},"categories":[152],"tags":[],"class_list":["post-190408","post","type-post","status-publish","format-standard","has-post-thumbnail","hentry","category-vasco"],"yoast_head":"<!-- This site is optimized with the Yoast SEO Premium plugin v24.2 (Yoast SEO v26.9) - https:\/\/yoast.com\/product\/yoast-seo-premium-wordpress\/ -->\n<title>Declara\u00e7\u00e3o de Coutinho, refor\u00e7os para 2025 e demiss\u00e3o de Paiva: as \u00faltimas not\u00edcias do Vasco<\/title>\n<meta name=\"robots\" content=\"index, follow, max-snippet:-1, max-image-preview:large, max-video-preview:-1\" \/>\n<link rel=\"canonical\" href=\"https:\/\/www.gaveanews.com\/index.php\/2024\/11\/26\/declaracao-de-coutinho-reforcos-para-2025-e-demissao-de-paiva-as-ultimas-noticias-do-vasco\/\" \/>\n<meta property=\"og:locale\" content=\"pt_BR\" \/>\n<meta property=\"og:type\" content=\"article\" \/>\n<meta property=\"og:title\" content=\"Declara\u00e7\u00e3o de Coutinho, refor\u00e7os para 2025 e demiss\u00e3o de Paiva: as \u00faltimas not\u00edcias do Vasco\" \/>\n<meta property=\"og:description\" content=\"Nas \u00faltimas horas, o foco das not\u00edcias sobre o Vasco se concentram nos bastidores do clube, com destaques como a declara\u00e7\u00e3o de Coutinho e os refor\u00e7os para 2025. Por conta deste contexto, leia abaixo um resumo preparado pela equipe do portal G\u00e1vea News para lhe manter muito bem informado! Demiss\u00e3o de Paiva Ap\u00f3s uma sequ\u00eancia [&hellip;]\" \/>\n<meta property=\"og:url\" content=\"https:\/\/www.gaveanews.com\/index.php\/2024\/11\/26\/declaracao-de-coutinho-reforcos-para-2025-e-demissao-de-paiva-as-ultimas-noticias-do-vasco\/\" \/>\n<meta property=\"og:site_name\" content=\"G\u00e1vea News\" \/>\n<meta property=\"article:publisher\" content=\"https:\/\/facebook.com\/gaveaNews\/\" \/>\n<meta property=\"article:published_time\" content=\"2024-11-26T07:05:00+00:00\" \/>\n<meta property=\"og:image\" content=\"https:\/\/www.gaveanews.com\/wp-content\/uploads\/Camisa-do-Vasco-2024.webp\" \/>\n\t<meta property=\"og:image:width\" content=\"1059\" \/>\n\t<meta property=\"og:image:height\" content=\"794\" \/>\n\t<meta property=\"og:image:type\" content=\"image\/webp\" \/>\n<meta name=\"author\" content=\"Matheus Felipe\" \/>\n<meta name=\"twitter:card\" content=\"summary_large_image\" \/>\n<meta name=\"twitter:label1\" content=\"Escrito por\" \/>\n\t<meta name=\"twitter:data1\" content=\"Matheus Felipe\" \/>\n\t<meta name=\"twitter:label2\" content=\"Est. tempo de leitura\" \/>\n\t<meta name=\"twitter:data2\" content=\"5 minutos\" \/>\n<script type=\"application\/ld+json\" class=\"yoast-schema-graph\">{\"@context\":\"https:\/\/schema.org\",\"@graph\":[{\"@type\":\"NewsArticle\",\"@id\":\"https:\/\/www.gaveanews.com\/index.php\/2024\/11\/26\/declaracao-de-coutinho-reforcos-para-2025-e-demissao-de-paiva-as-ultimas-noticias-do-vasco\/#article\",\"isPartOf\":{\"@id\":\"https:\/\/www.gaveanews.com\/index.php\/2024\/11\/26\/declaracao-de-coutinho-reforcos-para-2025-e-demissao-de-paiva-as-ultimas-noticias-do-vasco\/\"},\"author\":{\"name\":\"Matheus Felipe\",\"@id\":\"https:\/\/www.gaveanews.com\/#\/schema\/person\/8207cd4627f56151707418bfc835b2fb\"},\"headline\":\"Declara\u00e7\u00e3o de Coutinho, refor\u00e7os para 2025 e demiss\u00e3o de Paiva: as \u00faltimas not\u00edcias do Vasco\",\"datePublished\":\"2024-11-26T07:05:00+00:00\",\"mainEntityOfPage\":{\"@id\":\"https:\/\/www.gaveanews.com\/index.php\/2024\/11\/26\/declaracao-de-coutinho-reforcos-para-2025-e-demissao-de-paiva-as-ultimas-noticias-do-vasco\/\"},\"wordCount\":805,\"commentCount\":0,\"image\":{\"@id\":\"https:\/\/www.gaveanews.com\/index.php\/2024\/11\/26\/declaracao-de-coutinho-reforcos-para-2025-e-demissao-de-paiva-as-ultimas-noticias-do-vasco\/#primaryimage\"},\"thumbnailUrl\":\"https:\/\/www.gaveanews.com\/wp-content\/uploads\/Camisa-do-Vasco-2024.webp\",\"articleSection\":[\"Vasco\"],\"inLanguage\":\"pt-BR\",\"potentialAction\":[{\"@type\":\"CommentAction\",\"name\":\"Comment\",\"target\":[\"https:\/\/www.gaveanews.com\/index.php\/2024\/11\/26\/declaracao-de-coutinho-reforcos-para-2025-e-demissao-de-paiva-as-ultimas-noticias-do-vasco\/#respond\"]}],\"copyrightYear\":\"2024\",\"copyrightHolder\":{\"@id\":\"https:\/\/www.gaveanews.com\/#organization\"}},{\"@type\":\"WebPage\",\"@id\":\"https:\/\/www.gaveanews.com\/index.php\/2024\/11\/26\/declaracao-de-coutinho-reforcos-para-2025-e-demissao-de-paiva-as-ultimas-noticias-do-vasco\/\",\"url\":\"https:\/\/www.gaveanews.com\/index.php\/2024\/11\/26\/declaracao-de-coutinho-reforcos-para-2025-e-demissao-de-paiva-as-ultimas-noticias-do-vasco\/\",\"name\":\"Declara\u00e7\u00e3o de Coutinho, refor\u00e7os para 2025 e demiss\u00e3o de Paiva: as \u00faltimas not\u00edcias do Vasco\",\"isPartOf\":{\"@id\":\"https:\/\/www.gaveanews.com\/#website\"},\"primaryImageOfPage\":{\"@id\":\"https:\/\/www.gaveanews.com\/index.php\/2024\/11\/26\/declaracao-de-coutinho-reforcos-para-2025-e-demissao-de-paiva-as-ultimas-noticias-do-vasco\/#primaryimage\"},\"image\":{\"@id\":\"https:\/\/www.gaveanews.com\/index.php\/2024\/11\/26\/declaracao-de-coutinho-reforcos-para-2025-e-demissao-de-paiva-as-ultimas-noticias-do-vasco\/#primaryimage\"},\"thumbnailUrl\":\"https:\/\/www.gaveanews.com\/wp-content\/uploads\/Camisa-do-Vasco-2024.webp\",\"datePublished\":\"2024-11-26T07:05:00+00:00\",\"author\":{\"@id\":\"https:\/\/www.gaveanews.com\/#\/schema\/person\/8207cd4627f56151707418bfc835b2fb\"},\"breadcrumb\":{\"@id\":\"https:\/\/www.gaveanews.com\/index.php\/2024\/11\/26\/declaracao-de-coutinho-reforcos-para-2025-e-demissao-de-paiva-as-ultimas-noticias-do-vasco\/#breadcrumb\"},\"inLanguage\":\"pt-BR\",\"potentialAction\":[{\"@type\":\"ReadAction\",\"target\":[\"https:\/\/www.gaveanews.com\/index.php\/2024\/11\/26\/declaracao-de-coutinho-reforcos-para-2025-e-demissao-de-paiva-as-ultimas-noticias-do-vasco\/\"]}]},{\"@type\":\"ImageObject\",\"inLanguage\":\"pt-BR\",\"@id\":\"https:\/\/www.gaveanews.com\/index.php\/2024\/11\/26\/declaracao-de-coutinho-reforcos-para-2025-e-demissao-de-paiva-as-ultimas-noticias-do-vasco\/#primaryimage\",\"url\":\"https:\/\/www.gaveanews.com\/wp-content\/uploads\/Camisa-do-Vasco-2024.webp\",\"contentUrl\":\"https:\/\/www.gaveanews.com\/wp-content\/uploads\/Camisa-do-Vasco-2024.webp\",\"width\":1059,\"height\":794,\"caption\":\"Camisa do Vasco 2024 (Foto: Reprodu\u00e7\u00e3o\/Instagram)\"},{\"@type\":\"BreadcrumbList\",\"@id\":\"https:\/\/www.gaveanews.com\/index.php\/2024\/11\/26\/declaracao-de-coutinho-reforcos-para-2025-e-demissao-de-paiva-as-ultimas-noticias-do-vasco\/#breadcrumb\",\"itemListElement\":[{\"@type\":\"ListItem\",\"position\":1,\"name\":\"Home\",\"item\":\"https:\/\/www.gaveanews.com\/\"},{\"@type\":\"ListItem\",\"position\":2,\"name\":\"Declara\u00e7\u00e3o de Coutinho, refor\u00e7os para 2025 e demiss\u00e3o de Paiva: as \u00faltimas not\u00edcias do Vasco\"}]},{\"@type\":\"WebSite\",\"@id\":\"https:\/\/www.gaveanews.com\/#website\",\"url\":\"https:\/\/www.gaveanews.com\/\",\"name\":\"G\u00e1vea News\",\"description\":\"Veja todas as not\u00edcias sobre o Flamengo: Contrata\u00e7\u00f5es, categorias de base, resultados das partidas, tabela de classifica\u00e7\u00e3o, pr\u00f3ximos jogos!\",\"potentialAction\":[{\"@type\":\"SearchAction\",\"target\":{\"@type\":\"EntryPoint\",\"urlTemplate\":\"https:\/\/www.gaveanews.com\/?s={search_term_string}\"},\"query-input\":{\"@type\":\"PropertyValueSpecification\",\"valueRequired\":true,\"valueName\":\"search_term_string\"}}],\"inLanguage\":\"pt-BR\"},{\"@type\":\"Person\",\"@id\":\"https:\/\/www.gaveanews.com\/#\/schema\/person\/8207cd4627f56151707418bfc835b2fb\",\"name\":\"Matheus Felipe\",\"image\":{\"@type\":\"ImageObject\",\"inLanguage\":\"pt-BR\",\"@id\":\"https:\/\/www.gaveanews.com\/#\/schema\/person\/image\/\",\"url\":\"https:\/\/secure.gravatar.com\/avatar\/a452ffbed9130f726358b298bb3a99ce4bd3c5338411f8440e87e14d74c7c087?s=96&d=mm&r=g\",\"contentUrl\":\"https:\/\/secure.gravatar.com\/avatar\/a452ffbed9130f726358b298bb3a99ce4bd3c5338411f8440e87e14d74c7c087?s=96&d=mm&r=g\",\"caption\":\"Matheus Felipe\"}}]}<\/script>\n<!-- \/ Yoast SEO Premium plugin. -->","yoast_head_json":{"title":"Declara\u00e7\u00e3o de Coutinho, refor\u00e7os para 2025 e demiss\u00e3o de Paiva: as \u00faltimas not\u00edcias do Vasco","robots":{"index":"index","follow":"follow","max-snippet":"max-snippet:-1","max-image-preview":"max-image-preview:large","max-video-preview":"max-video-preview:-1"},"canonical":"https:\/\/www.gaveanews.com\/index.php\/2024\/11\/26\/declaracao-de-coutinho-reforcos-para-2025-e-demissao-de-paiva-as-ultimas-noticias-do-vasco\/","og_locale":"pt_BR","og_type":"article","og_title":"Declara\u00e7\u00e3o de Coutinho, refor\u00e7os para 2025 e demiss\u00e3o de Paiva: as \u00faltimas not\u00edcias do Vasco","og_description":"Nas \u00faltimas horas, o foco das not\u00edcias sobre o Vasco se concentram nos bastidores do clube, com destaques como a declara\u00e7\u00e3o de Coutinho e os refor\u00e7os para 2025. Por conta deste contexto, leia abaixo um resumo preparado pela equipe do portal G\u00e1vea News para lhe manter muito bem informado! Demiss\u00e3o de Paiva Ap\u00f3s uma sequ\u00eancia [&hellip;]","og_url":"https:\/\/www.gaveanews.com\/index.php\/2024\/11\/26\/declaracao-de-coutinho-reforcos-para-2025-e-demissao-de-paiva-as-ultimas-noticias-do-vasco\/","og_site_name":"G\u00e1vea News","article_publisher":"https:\/\/facebook.com\/gaveaNews\/","article_published_time":"2024-11-26T07:05:00+00:00","og_image":[{"width":1059,"height":794,"url":"https:\/\/www.gaveanews.com\/wp-content\/uploads\/Camisa-do-Vasco-2024.webp","type":"image\/webp"}],"author":"Matheus Felipe","twitter_card":"summary_large_image","twitter_misc":{"Escrito por":"Matheus Felipe","Est. tempo de leitura":"5 minutos"},"schema":{"@context":"https:\/\/schema.org","@graph":[{"@type":"NewsArticle","@id":"https:\/\/www.gaveanews.com\/index.php\/2024\/11\/26\/declaracao-de-coutinho-reforcos-para-2025-e-demissao-de-paiva-as-ultimas-noticias-do-vasco\/#article","isPartOf":{"@id":"https:\/\/www.gaveanews.com\/index.php\/2024\/11\/26\/declaracao-de-coutinho-reforcos-para-2025-e-demissao-de-paiva-as-ultimas-noticias-do-vasco\/"},"author":{"name":"Matheus Felipe","@id":"https:\/\/www.gaveanews.com\/#\/schema\/person\/8207cd4627f56151707418bfc835b2fb"},"headline":"Declara\u00e7\u00e3o de Coutinho, refor\u00e7os para 2025 e demiss\u00e3o de Paiva: as \u00faltimas not\u00edcias do Vasco","datePublished":"2024-11-26T07:05:00+00:00","mainEntityOfPage":{"@id":"https:\/\/www.gaveanews.com\/index.php\/2024\/11\/26\/declaracao-de-coutinho-reforcos-para-2025-e-demissao-de-paiva-as-ultimas-noticias-do-vasco\/"},"wordCount":805,"commentCount":0,"image":{"@id":"https:\/\/www.gaveanews.com\/index.php\/2024\/11\/26\/declaracao-de-coutinho-reforcos-para-2025-e-demissao-de-paiva-as-ultimas-noticias-do-vasco\/#primaryimage"},"thumbnailUrl":"https:\/\/www.gaveanews.com\/wp-content\/uploads\/Camisa-do-Vasco-2024.webp","articleSection":["Vasco"],"inLanguage":"pt-BR","potentialAction":[{"@type":"CommentAction","name":"Comment","target":["https:\/\/www.gaveanews.com\/index.php\/2024\/11\/26\/declaracao-de-coutinho-reforcos-para-2025-e-demissao-de-paiva-as-ultimas-noticias-do-vasco\/#respond"]}],"copyrightYear":"2024","copyrightHolder":{"@id":"https:\/\/www.gaveanews.com\/#organization"}},{"@type":"WebPage","@id":"https:\/\/www.gaveanews.com\/index.php\/2024\/11\/26\/declaracao-de-coutinho-reforcos-para-2025-e-demissao-de-paiva-as-ultimas-noticias-do-vasco\/","url":"https:\/\/www.gaveanews.com\/index.php\/2024\/11\/26\/declaracao-de-coutinho-reforcos-para-2025-e-demissao-de-paiva-as-ultimas-noticias-do-vasco\/","name":"Declara\u00e7\u00e3o de Coutinho, refor\u00e7os para 2025 e demiss\u00e3o de Paiva: as \u00faltimas not\u00edcias do Vasco","isPartOf":{"@id":"https:\/\/www.gaveanews.com\/#website"},"primaryImageOfPage":{"@id":"https:\/\/www.gaveanews.com\/index.php\/2024\/11\/26\/declaracao-de-coutinho-reforcos-para-2025-e-demissao-de-paiva-as-ultimas-noticias-do-vasco\/#primaryimage"},"image":{"@id":"https:\/\/www.gaveanews.com\/index.php\/2024\/11\/26\/declaracao-de-coutinho-reforcos-para-2025-e-demissao-de-paiva-as-ultimas-noticias-do-vasco\/#primaryimage"},"thumbnailUrl":"https:\/\/www.gaveanews.com\/wp-content\/uploads\/Camisa-do-Vasco-2024.webp","datePublished":"2024-11-26T07:05:00+00:00","author":{"@id":"https:\/\/www.gaveanews.com\/#\/schema\/person\/8207cd4627f56151707418bfc835b2fb"},"breadcrumb":{"@id":"https:\/\/www.gaveanews.com\/index.php\/2024\/11\/26\/declaracao-de-coutinho-reforcos-para-2025-e-demissao-de-paiva-as-ultimas-noticias-do-vasco\/#breadcrumb"},"inLanguage":"pt-BR","potentialAction":[{"@type":"ReadAction","target":["https:\/\/www.gaveanews.com\/index.php\/2024\/11\/26\/declaracao-de-coutinho-reforcos-para-2025-e-demissao-de-paiva-as-ultimas-noticias-do-vasco\/"]}]},{"@type":"ImageObject","inLanguage":"pt-BR","@id":"https:\/\/www.gaveanews.com\/index.php\/2024\/11\/26\/declaracao-de-coutinho-reforcos-para-2025-e-demissao-de-paiva-as-ultimas-noticias-do-vasco\/#primaryimage","url":"https:\/\/www.gaveanews.com\/wp-content\/uploads\/Camisa-do-Vasco-2024.webp","contentUrl":"https:\/\/www.gaveanews.com\/wp-content\/uploads\/Camisa-do-Vasco-2024.webp","width":1059,"height":794,"caption":"Camisa do Vasco 2024 (Foto: Reprodu\u00e7\u00e3o\/Instagram)"},{"@type":"BreadcrumbList","@id":"https:\/\/www.gaveanews.com\/index.php\/2024\/11\/26\/declaracao-de-coutinho-reforcos-para-2025-e-demissao-de-paiva-as-ultimas-noticias-do-vasco\/#breadcrumb","itemListElement":[{"@type":"ListItem","position":1,"name":"Home","item":"https:\/\/www.gaveanews.com\/"},{"@type":"ListItem","position":2,"name":"Declara\u00e7\u00e3o de Coutinho, refor\u00e7os para 2025 e demiss\u00e3o de Paiva: as \u00faltimas not\u00edcias do Vasco"}]},{"@type":"WebSite","@id":"https:\/\/www.gaveanews.com\/#website","url":"https:\/\/www.gaveanews.com\/","name":"G\u00e1vea News","description":"Veja todas as not\u00edcias sobre o Flamengo: Contrata\u00e7\u00f5es, categorias de base, resultados das partidas, tabela de classifica\u00e7\u00e3o, pr\u00f3ximos jogos!","potentialAction":[{"@type":"SearchAction","target":{"@type":"EntryPoint","urlTemplate":"https:\/\/www.gaveanews.com\/?s={search_term_string}"},"query-input":{"@type":"PropertyValueSpecification","valueRequired":true,"valueName":"search_term_string"}}],"inLanguage":"pt-BR"},{"@type":"Person","@id":"https:\/\/www.gaveanews.com\/#\/schema\/person\/8207cd4627f56151707418bfc835b2fb","name":"Matheus Felipe","image":{"@type":"ImageObject","inLanguage":"pt-BR","@id":"https:\/\/www.gaveanews.com\/#\/schema\/person\/image\/","url":"https:\/\/secure.gravatar.com\/avatar\/a452ffbed9130f726358b298bb3a99ce4bd3c5338411f8440e87e14d74c7c087?s=96&d=mm&r=g","contentUrl":"https:\/\/secure.gravatar.com\/avatar\/a452ffbed9130f726358b298bb3a99ce4bd3c5338411f8440e87e14d74c7c087?s=96&d=mm&r=g","caption":"Matheus Felipe"}}]}},"_links":{"self":[{"href":"https:\/\/www.gaveanews.com\/index.php\/wp-json\/wp\/v2\/posts\/190408","targetHints":{"allow":["GET"]}}],"collection":[{"href":"https:\/\/www.gaveanews.com\/index.php\/wp-json\/wp\/v2\/posts"}],"about":[{"href":"https:\/\/www.gaveanews.com\/index.php\/wp-json\/wp\/v2\/types\/post"}],"author":[{"embeddable":true,"href":"https:\/\/www.gaveanews.com\/index.php\/wp-json\/wp\/v2\/users\/27"}],"replies":[{"embeddable":true,"href":"https:\/\/www.gaveanews.com\/index.php\/wp-json\/wp\/v2\/comments?post=190408"}],"version-history":[{"count":1,"href":"https:\/\/www.gaveanews.com\/index.php\/wp-json\/wp\/v2\/posts\/190408\/revisions"}],"predecessor-version":[{"id":190412,"href":"https:\/\/www.gaveanews.com\/index.php\/wp-json\/wp\/v2\/posts\/190408\/revisions\/190412"}],"wp:featuredmedia":[{"embeddable":true,"href":"https:\/\/www.gaveanews.com\/index.php\/wp-json\/wp\/v2\/media\/161261"}],"wp:attachment":[{"href":"https:\/\/www.gaveanews.com\/index.php\/wp-json\/wp\/v2\/media?parent=190408"}],"wp:term":[{"taxonomy":"category","embeddable":true,"href":"https:\/\/www.gaveanews.com\/index.php\/wp-json\/wp\/v2\/categories?post=190408"},{"taxonomy":"post_tag","embeddable":true,"href":"https:\/\/www.gaveanews.com\/index.php\/wp-json\/wp\/v2\/tags?post=190408"}],"curies":[{"name":"wp","href":"https:\/\/api.w.org\/{rel}","templated":true}]}}