{"id":190410,"date":"2024-11-26T04:15:00","date_gmt":"2024-11-26T07:15:00","guid":{"rendered":"https:\/\/www.gaveanews.com\/?p=190410"},"modified":"2024-11-26T00:56:18","modified_gmt":"2024-11-26T03:56:18","slug":"problema-de-german-cano-provocacao-de-rival-e-declaracao-de-lucas-sasha-as-ultimas-noticias-do-fluminense","status":"publish","type":"post","link":"https:\/\/www.gaveanews.com\/index.php\/2024\/11\/26\/problema-de-german-cano-provocacao-de-rival-e-declaracao-de-lucas-sasha-as-ultimas-noticias-do-fluminense\/","title":{"rendered":"Problema de Germ\u00e1n Cano, provoca\u00e7\u00e3o de rival e declara\u00e7\u00e3o de Lucas Sasha: as \u00faltimas not\u00edcias do Fluminense"},"content":{"rendered":"\n<p>Nas \u00faltimas horas, o foco das not\u00edcias sobre o Fluminense se concentram nos bastidores do clube, com destaques como a provoca\u00e7\u00e3o de rival e declara\u00e7\u00e3o de Lucas Sasha.<\/p>\n\n\n\n<p>Por conta deste contexto, leia abaixo um resumo preparado pela equipe do portal G\u00e1vea News para lhe manter muito bem informado!<\/p>\n\n\n\n<p><a href=\"https:\/\/www.gaveanews.com\/index.php\/2024\/11\/24\/ele-esta-com-problema-muscular-mas-ainda-assim-jogou-a-ultima-partida-do-fluminense\/#\"><\/a><\/p>\n\n\n\n<h2 class=\"wp-block-heading\" id=\"h-declaracao-de-lucas-sasha\">Declara\u00e7\u00e3o de Lucas Sasha<\/h2>\n\n\n\n<p>Ap\u00f3s o empate em 2 a 2 contra o Fluminense no Maracan\u00e3, o volante Lucas Sasha, do Fortaleza, expressou sua frustra\u00e7\u00e3o, destacando que sua equipe merecia a vit\u00f3ria pelo desempenho em campo. O resultado manteve o Fortaleza na terceira posi\u00e7\u00e3o do Brasileir\u00e3o, com 64 pontos, ainda sonhando com o t\u00edtulo, mas a seis pontos do l\u00edder Botafogo, restando quatro rodadas para o fim da competi\u00e7\u00e3o<strong><a href=\"https:\/\/www.gaveanews.com\/index.php\/2024\/11\/24\/a-declaracao-de-lucas-sasha-apos-fluminense-x-fortaleza\/\"> (leia a mat\u00e9ria completa).<\/a><\/strong><\/p>\n\n\n\n<figure class=\"wp-block-image size-full\"><img loading=\"lazy\" decoding=\"async\" width=\"984\" height=\"656\" src=\"https:\/\/www.gaveanews.com\/wp-content\/uploads\/Lucas-Sasha-pelo-Fortaleza.webp\" alt=\"\" class=\"wp-image-167358\" srcset=\"https:\/\/www.gaveanews.com\/wp-content\/uploads\/Lucas-Sasha-pelo-Fortaleza.webp 984w, https:\/\/www.gaveanews.com\/wp-content\/uploads\/Lucas-Sasha-pelo-Fortaleza-300x200.webp 300w, https:\/\/www.gaveanews.com\/wp-content\/uploads\/Lucas-Sasha-pelo-Fortaleza-768x512.webp 768w, https:\/\/www.gaveanews.com\/wp-content\/uploads\/Lucas-Sasha-pelo-Fortaleza-630x420.webp 630w, https:\/\/www.gaveanews.com\/wp-content\/uploads\/Lucas-Sasha-pelo-Fortaleza-640x427.webp 640w, https:\/\/www.gaveanews.com\/wp-content\/uploads\/Lucas-Sasha-pelo-Fortaleza-681x454.webp 681w, https:\/\/www.gaveanews.com\/wp-content\/uploads\/Lucas-Sasha-pelo-Fortaleza-100x67.webp 100w\" sizes=\"auto, (max-width: 984px) 100vw, 984px\" \/><figcaption class=\"wp-element-caption\">Lucas Sasha pelo Fortaleza (Foto: Mateus Lotif \/ Fortaleza EC)<\/figcaption><\/figure>\n\n\n\n<p>Sasha criticou a arbitragem de Raphael Claus, especialmente pela n\u00e3o marca\u00e7\u00e3o de um p\u00eanalti em Breno Lopes nos minutos finais, o que gerou insatisfa\u00e7\u00e3o entre os jogadores do Fortaleza. O volante comparou o epis\u00f3dio a um lance semelhante que havia sido marcado contra o time no jogo contra o Palmeiras, ressaltando a inconsist\u00eancia das decis\u00f5es.<\/p>\n\n\n\n<p>Apesar da insatisfa\u00e7\u00e3o, Sasha reafirmou o foco do time para os pr\u00f3ximos desafios, pedindo o apoio da torcida para o jogo em casa contra o Flamengo. Ele enfatizou que, mesmo com o trope\u00e7o, o Fortaleza segue na luta pelo t\u00edtulo, apostando na for\u00e7a do elenco e no apoio da torcida para manter vivo o sonho de ser campe\u00e3o.<\/p>\n\n\n\n<h2 class=\"wp-block-heading\" id=\"h-provocacao-de-rival\">Provoca\u00e7\u00e3o de rival<\/h2>\n\n\n\n<p>A rivalidade entre Flamengo e Fluminense ganhou um novo epis\u00f3dio nas redes sociais. Ap\u00f3s o empate de 2 a 2 do Fluminense com o Fortaleza, que manteve o time pr\u00f3ximo da zona de rebaixamento, o \u00eddolo rubro-negro Olivinha aproveitou para alfinetar o rival, relembrando a pol\u00eamica promo\u00e7\u00e3o direta do Tricolor da S\u00e9rie C para a S\u00e9rie A em 1999. Com a frase &#8220;A conta sempre chega&#8221;, ele provocou a equipe das Laranjeiras, que ocupa o 15\u00ba lugar no campeonato, apenas um ponto acima da zona de rebaixamento <strong><a href=\"https:\/\/www.gaveanews.com\/index.php\/2024\/11\/24\/idolo-do-flamengo-provoca-o-fluminense-atraves-do-twitter\/\">(leia a mat\u00e9ria completa).<\/a><\/strong><\/p>\n\n\n\n<figure class=\"wp-block-image size-full\"><img loading=\"lazy\" decoding=\"async\" width=\"960\" height=\"848\" src=\"https:\/\/www.gaveanews.com\/wp-content\/uploads\/Olivinha-posa-para-foto-ao-lado-do-sosia-de-Gabigol.webp\" alt=\"\" class=\"wp-image-99744\" srcset=\"https:\/\/www.gaveanews.com\/wp-content\/uploads\/Olivinha-posa-para-foto-ao-lado-do-sosia-de-Gabigol.webp 960w, https:\/\/www.gaveanews.com\/wp-content\/uploads\/Olivinha-posa-para-foto-ao-lado-do-sosia-de-Gabigol-300x265.webp 300w, https:\/\/www.gaveanews.com\/wp-content\/uploads\/Olivinha-posa-para-foto-ao-lado-do-sosia-de-Gabigol-768x678.webp 768w, https:\/\/www.gaveanews.com\/wp-content\/uploads\/Olivinha-posa-para-foto-ao-lado-do-sosia-de-Gabigol-475x420.webp 475w, https:\/\/www.gaveanews.com\/wp-content\/uploads\/Olivinha-posa-para-foto-ao-lado-do-sosia-de-Gabigol-951x840.webp 951w, https:\/\/www.gaveanews.com\/wp-content\/uploads\/Olivinha-posa-para-foto-ao-lado-do-sosia-de-Gabigol-640x565.webp 640w, https:\/\/www.gaveanews.com\/wp-content\/uploads\/Olivinha-posa-para-foto-ao-lado-do-sosia-de-Gabigol-681x602.webp 681w, https:\/\/www.gaveanews.com\/wp-content\/uploads\/Olivinha-posa-para-foto-ao-lado-do-sosia-de-Gabigol-100x88.webp 100w\" sizes=\"auto, (max-width: 960px) 100vw, 960px\" \/><figcaption class=\"wp-element-caption\">Olivinha posa para foto ao lado do s\u00f3sia de Gabigol (Foto: Reprodu\u00e7\u00e3o\/FIBA)<\/figcaption><\/figure>\n\n\n\n<p>No hist\u00f3rico, o Fluminense foi rebaixado em 1997 para a S\u00e9rie B e, no ano seguinte, caiu para a S\u00e9rie C, mas voltou \u00e0 elite de forma controversa em 1999. <\/p>\n\n\n\n<p>Agora, luta para se manter na S\u00e9rie A, enquanto o Flamengo, com 62 pontos, est\u00e1 na quarta posi\u00e7\u00e3o e segue focado na briga por melhores coloca\u00e7\u00f5es na tabela. A provoca\u00e7\u00e3o de Olivinha reflete a disparidade atual entre os clubes no campeonato.<\/p>\n\n\n\n<p>Nesta ter\u00e7a-feira (26), o Flamengo enfrenta o Fortaleza em um jogo decisivo pela 35\u00aa rodada, buscando ultrapassar o rival cearense e assumir a terceira coloca\u00e7\u00e3o. Com dois pontos de diferen\u00e7a na tabela, a partida promete ser crucial para definir o posicionamento final das equipes na reta decisiva do Brasileir\u00e3o.<\/p>\n\n\n\n<h2 class=\"wp-block-heading\" id=\"h-problema-de-german-cano\">Problema de Germ\u00e1n Cano<\/h2>\n\n\n\n<p>Germ\u00e1n Cano, um dos pilares do Fluminense, jogou no sacrif\u00edcio contra o Fortaleza na \u00faltima sexta-feira (22) e marcou o gol de empate no Maracan\u00e3. Ap\u00f3s o jogo, o atacante revelou estar lidando com um problema muscular na perna esquerda, mas destacou que conseguiu completar a partida apesar da dor. O t\u00e9cnico Mano Menezes elogiou sua dedica\u00e7\u00e3o, ressaltando que, mesmo longe da condi\u00e7\u00e3o ideal, Cano foi decisivo para evitar a derrota do Tricolor<strong><a href=\"https:\/\/www.gaveanews.com\/index.php\/2024\/11\/24\/ele-esta-com-problema-muscular-mas-ainda-assim-jogou-a-ultima-partida-do-fluminense\/\"> (leia a mat\u00e9ria completa).<\/a><\/strong><\/p>\n\n\n\n<figure class=\"wp-block-image size-full\"><img loading=\"lazy\" decoding=\"async\" width=\"908\" height=\"637\" src=\"https:\/\/www.gaveanews.com\/wp-content\/uploads\/German-Cano-em-acao-pelo-Fluminense.webp\" alt=\"\" class=\"wp-image-170376\" srcset=\"https:\/\/www.gaveanews.com\/wp-content\/uploads\/German-Cano-em-acao-pelo-Fluminense.webp 908w, https:\/\/www.gaveanews.com\/wp-content\/uploads\/German-Cano-em-acao-pelo-Fluminense-300x210.webp 300w, https:\/\/www.gaveanews.com\/wp-content\/uploads\/German-Cano-em-acao-pelo-Fluminense-768x539.webp 768w, https:\/\/www.gaveanews.com\/wp-content\/uploads\/German-Cano-em-acao-pelo-Fluminense-599x420.webp 599w, https:\/\/www.gaveanews.com\/wp-content\/uploads\/German-Cano-em-acao-pelo-Fluminense-640x449.webp 640w, https:\/\/www.gaveanews.com\/wp-content\/uploads\/German-Cano-em-acao-pelo-Fluminense-681x478.webp 681w, https:\/\/www.gaveanews.com\/wp-content\/uploads\/German-Cano-em-acao-pelo-Fluminense-100x70.webp 100w\" sizes=\"auto, (max-width: 908px) 100vw, 908px\" \/><figcaption class=\"wp-element-caption\">Germ\u00e1n Cano em a\u00e7\u00e3o pelo Fluminense (Foto: Lucas Mer\u00e7on\/Fluminense)<\/figcaption><\/figure>\n\n\n\n<p>A atua\u00e7\u00e3o de Cano refor\u00e7a sua import\u00e2ncia para o time, evidenciando seu compromisso dentro e fora de campo. O clube reconhece a necessidade de acompanhar de perto sua recupera\u00e7\u00e3o, j\u00e1 que sua presen\u00e7a \u00e9 fundamental, especialmente em momentos decisivos da temporada. Preservar o jogador ser\u00e1 crucial para o desempenho do Fluminense no futuro.<\/p>\n\n\n\n<p>A torcida tricolor confia plenamente no atacante argentino, que \u00e9 visto como s\u00edmbolo de luta e entrega no Fluminense. Sua capacidade de decidir jogos, mesmo em condi\u00e7\u00f5es adversas, fortalece sua posi\u00e7\u00e3o como uma das pe\u00e7as mais importantes da equipe, garantindo apoio incondicional dos torcedores.<\/p>\n","protected":false},"excerpt":{"rendered":"<p>Nas \u00faltimas horas, o foco das not\u00edcias sobre o Fluminense se concentram nos bastidores do clube, com destaques como a provoca\u00e7\u00e3o de rival e declara\u00e7\u00e3o de Lucas Sasha. Por conta deste contexto, leia abaixo um resumo preparado pela equipe do portal G\u00e1vea News para lhe manter muito bem informado! Declara\u00e7\u00e3o de Lucas Sasha Ap\u00f3s o [&hellip;]<\/p>\n","protected":false},"author":27,"featured_media":152558,"comment_status":"open","ping_status":"closed","sticky":false,"template":"","format":"standard","meta":{"footnotes":""},"categories":[145],"tags":[],"class_list":["post-190410","post","type-post","status-publish","format-standard","has-post-thumbnail","hentry","category-fluminense"],"yoast_head":"<!-- This site is optimized with the Yoast SEO Premium plugin v24.2 (Yoast SEO v26.9) - https:\/\/yoast.com\/product\/yoast-seo-premium-wordpress\/ -->\n<title>Problema de Germ\u00e1n Cano, provoca\u00e7\u00e3o de rival e declara\u00e7\u00e3o de Lucas Sasha: as \u00faltimas not\u00edcias do Fluminense<\/title>\n<meta name=\"robots\" content=\"index, follow, max-snippet:-1, max-image-preview:large, max-video-preview:-1\" \/>\n<link rel=\"canonical\" href=\"https:\/\/www.gaveanews.com\/index.php\/2024\/11\/26\/problema-de-german-cano-provocacao-de-rival-e-declaracao-de-lucas-sasha-as-ultimas-noticias-do-fluminense\/\" \/>\n<meta property=\"og:locale\" content=\"pt_BR\" \/>\n<meta property=\"og:type\" content=\"article\" \/>\n<meta property=\"og:title\" content=\"Problema de Germ\u00e1n Cano, provoca\u00e7\u00e3o de rival e declara\u00e7\u00e3o de Lucas Sasha: as \u00faltimas not\u00edcias do Fluminense\" \/>\n<meta property=\"og:description\" content=\"Nas \u00faltimas horas, o foco das not\u00edcias sobre o Fluminense se concentram nos bastidores do clube, com destaques como a provoca\u00e7\u00e3o de rival e declara\u00e7\u00e3o de Lucas Sasha. Por conta deste contexto, leia abaixo um resumo preparado pela equipe do portal G\u00e1vea News para lhe manter muito bem informado! Declara\u00e7\u00e3o de Lucas Sasha Ap\u00f3s o [&hellip;]\" \/>\n<meta property=\"og:url\" content=\"https:\/\/www.gaveanews.com\/index.php\/2024\/11\/26\/problema-de-german-cano-provocacao-de-rival-e-declaracao-de-lucas-sasha-as-ultimas-noticias-do-fluminense\/\" \/>\n<meta property=\"og:site_name\" content=\"G\u00e1vea News\" \/>\n<meta property=\"article:publisher\" content=\"https:\/\/facebook.com\/gaveaNews\/\" \/>\n<meta property=\"article:published_time\" content=\"2024-11-26T07:15:00+00:00\" \/>\n<meta property=\"og:image\" content=\"https:\/\/www.gaveanews.com\/wp-content\/uploads\/Bandeira-do-Fluminense.webp\" \/>\n\t<meta property=\"og:image:width\" content=\"1440\" \/>\n\t<meta property=\"og:image:height\" content=\"1080\" \/>\n\t<meta property=\"og:image:type\" content=\"image\/webp\" \/>\n<meta name=\"author\" content=\"Matheus Felipe\" \/>\n<meta name=\"twitter:card\" content=\"summary_large_image\" \/>\n<meta name=\"twitter:label1\" content=\"Escrito por\" \/>\n\t<meta name=\"twitter:data1\" content=\"Matheus Felipe\" \/>\n\t<meta name=\"twitter:label2\" content=\"Est. tempo de leitura\" \/>\n\t<meta name=\"twitter:data2\" content=\"5 minutos\" \/>\n<script type=\"application\/ld+json\" class=\"yoast-schema-graph\">{\"@context\":\"https:\/\/schema.org\",\"@graph\":[{\"@type\":\"NewsArticle\",\"@id\":\"https:\/\/www.gaveanews.com\/index.php\/2024\/11\/26\/problema-de-german-cano-provocacao-de-rival-e-declaracao-de-lucas-sasha-as-ultimas-noticias-do-fluminense\/#article\",\"isPartOf\":{\"@id\":\"https:\/\/www.gaveanews.com\/index.php\/2024\/11\/26\/problema-de-german-cano-provocacao-de-rival-e-declaracao-de-lucas-sasha-as-ultimas-noticias-do-fluminense\/\"},\"author\":{\"name\":\"Matheus Felipe\",\"@id\":\"https:\/\/www.gaveanews.com\/#\/schema\/person\/8207cd4627f56151707418bfc835b2fb\"},\"headline\":\"Problema de Germ\u00e1n Cano, provoca\u00e7\u00e3o de rival e declara\u00e7\u00e3o de Lucas Sasha: as \u00faltimas not\u00edcias do Fluminense\",\"datePublished\":\"2024-11-26T07:15:00+00:00\",\"mainEntityOfPage\":{\"@id\":\"https:\/\/www.gaveanews.com\/index.php\/2024\/11\/26\/problema-de-german-cano-provocacao-de-rival-e-declaracao-de-lucas-sasha-as-ultimas-noticias-do-fluminense\/\"},\"wordCount\":733,\"commentCount\":0,\"image\":{\"@id\":\"https:\/\/www.gaveanews.com\/index.php\/2024\/11\/26\/problema-de-german-cano-provocacao-de-rival-e-declaracao-de-lucas-sasha-as-ultimas-noticias-do-fluminense\/#primaryimage\"},\"thumbnailUrl\":\"https:\/\/www.gaveanews.com\/wp-content\/uploads\/Bandeira-do-Fluminense.webp\",\"articleSection\":[\"Fluminense\"],\"inLanguage\":\"pt-BR\",\"potentialAction\":[{\"@type\":\"CommentAction\",\"name\":\"Comment\",\"target\":[\"https:\/\/www.gaveanews.com\/index.php\/2024\/11\/26\/problema-de-german-cano-provocacao-de-rival-e-declaracao-de-lucas-sasha-as-ultimas-noticias-do-fluminense\/#respond\"]}],\"copyrightYear\":\"2024\",\"copyrightHolder\":{\"@id\":\"https:\/\/www.gaveanews.com\/#organization\"}},{\"@type\":\"WebPage\",\"@id\":\"https:\/\/www.gaveanews.com\/index.php\/2024\/11\/26\/problema-de-german-cano-provocacao-de-rival-e-declaracao-de-lucas-sasha-as-ultimas-noticias-do-fluminense\/\",\"url\":\"https:\/\/www.gaveanews.com\/index.php\/2024\/11\/26\/problema-de-german-cano-provocacao-de-rival-e-declaracao-de-lucas-sasha-as-ultimas-noticias-do-fluminense\/\",\"name\":\"Problema de Germ\u00e1n Cano, provoca\u00e7\u00e3o de rival e declara\u00e7\u00e3o de Lucas Sasha: as \u00faltimas not\u00edcias do Fluminense\",\"isPartOf\":{\"@id\":\"https:\/\/www.gaveanews.com\/#website\"},\"primaryImageOfPage\":{\"@id\":\"https:\/\/www.gaveanews.com\/index.php\/2024\/11\/26\/problema-de-german-cano-provocacao-de-rival-e-declaracao-de-lucas-sasha-as-ultimas-noticias-do-fluminense\/#primaryimage\"},\"image\":{\"@id\":\"https:\/\/www.gaveanews.com\/index.php\/2024\/11\/26\/problema-de-german-cano-provocacao-de-rival-e-declaracao-de-lucas-sasha-as-ultimas-noticias-do-fluminense\/#primaryimage\"},\"thumbnailUrl\":\"https:\/\/www.gaveanews.com\/wp-content\/uploads\/Bandeira-do-Fluminense.webp\",\"datePublished\":\"2024-11-26T07:15:00+00:00\",\"author\":{\"@id\":\"https:\/\/www.gaveanews.com\/#\/schema\/person\/8207cd4627f56151707418bfc835b2fb\"},\"breadcrumb\":{\"@id\":\"https:\/\/www.gaveanews.com\/index.php\/2024\/11\/26\/problema-de-german-cano-provocacao-de-rival-e-declaracao-de-lucas-sasha-as-ultimas-noticias-do-fluminense\/#breadcrumb\"},\"inLanguage\":\"pt-BR\",\"potentialAction\":[{\"@type\":\"ReadAction\",\"target\":[\"https:\/\/www.gaveanews.com\/index.php\/2024\/11\/26\/problema-de-german-cano-provocacao-de-rival-e-declaracao-de-lucas-sasha-as-ultimas-noticias-do-fluminense\/\"]}]},{\"@type\":\"ImageObject\",\"inLanguage\":\"pt-BR\",\"@id\":\"https:\/\/www.gaveanews.com\/index.php\/2024\/11\/26\/problema-de-german-cano-provocacao-de-rival-e-declaracao-de-lucas-sasha-as-ultimas-noticias-do-fluminense\/#primaryimage\",\"url\":\"https:\/\/www.gaveanews.com\/wp-content\/uploads\/Bandeira-do-Fluminense.webp\",\"contentUrl\":\"https:\/\/www.gaveanews.com\/wp-content\/uploads\/Bandeira-do-Fluminense.webp\",\"width\":1440,\"height\":1080,\"caption\":\"Bandeira do Fluminense (Foto: Reprodu\u00e7\u00e3o\/Fluminense)\"},{\"@type\":\"BreadcrumbList\",\"@id\":\"https:\/\/www.gaveanews.com\/index.php\/2024\/11\/26\/problema-de-german-cano-provocacao-de-rival-e-declaracao-de-lucas-sasha-as-ultimas-noticias-do-fluminense\/#breadcrumb\",\"itemListElement\":[{\"@type\":\"ListItem\",\"position\":1,\"name\":\"Home\",\"item\":\"https:\/\/www.gaveanews.com\/\"},{\"@type\":\"ListItem\",\"position\":2,\"name\":\"Problema de Germ\u00e1n Cano, provoca\u00e7\u00e3o de rival e declara\u00e7\u00e3o de Lucas Sasha: as \u00faltimas not\u00edcias do Fluminense\"}]},{\"@type\":\"WebSite\",\"@id\":\"https:\/\/www.gaveanews.com\/#website\",\"url\":\"https:\/\/www.gaveanews.com\/\",\"name\":\"G\u00e1vea News\",\"description\":\"Veja todas as not\u00edcias sobre o Flamengo: Contrata\u00e7\u00f5es, categorias de base, resultados das partidas, tabela de classifica\u00e7\u00e3o, pr\u00f3ximos jogos!\",\"potentialAction\":[{\"@type\":\"SearchAction\",\"target\":{\"@type\":\"EntryPoint\",\"urlTemplate\":\"https:\/\/www.gaveanews.com\/?s={search_term_string}\"},\"query-input\":{\"@type\":\"PropertyValueSpecification\",\"valueRequired\":true,\"valueName\":\"search_term_string\"}}],\"inLanguage\":\"pt-BR\"},{\"@type\":\"Person\",\"@id\":\"https:\/\/www.gaveanews.com\/#\/schema\/person\/8207cd4627f56151707418bfc835b2fb\",\"name\":\"Matheus Felipe\",\"image\":{\"@type\":\"ImageObject\",\"inLanguage\":\"pt-BR\",\"@id\":\"https:\/\/www.gaveanews.com\/#\/schema\/person\/image\/\",\"url\":\"https:\/\/secure.gravatar.com\/avatar\/a452ffbed9130f726358b298bb3a99ce4bd3c5338411f8440e87e14d74c7c087?s=96&d=mm&r=g\",\"contentUrl\":\"https:\/\/secure.gravatar.com\/avatar\/a452ffbed9130f726358b298bb3a99ce4bd3c5338411f8440e87e14d74c7c087?s=96&d=mm&r=g\",\"caption\":\"Matheus Felipe\"}}]}<\/script>\n<!-- \/ Yoast SEO Premium plugin. -->","yoast_head_json":{"title":"Problema de Germ\u00e1n Cano, provoca\u00e7\u00e3o de rival e declara\u00e7\u00e3o de Lucas Sasha: as \u00faltimas not\u00edcias do Fluminense","robots":{"index":"index","follow":"follow","max-snippet":"max-snippet:-1","max-image-preview":"max-image-preview:large","max-video-preview":"max-video-preview:-1"},"canonical":"https:\/\/www.gaveanews.com\/index.php\/2024\/11\/26\/problema-de-german-cano-provocacao-de-rival-e-declaracao-de-lucas-sasha-as-ultimas-noticias-do-fluminense\/","og_locale":"pt_BR","og_type":"article","og_title":"Problema de Germ\u00e1n Cano, provoca\u00e7\u00e3o de rival e declara\u00e7\u00e3o de Lucas Sasha: as \u00faltimas not\u00edcias do Fluminense","og_description":"Nas \u00faltimas horas, o foco das not\u00edcias sobre o Fluminense se concentram nos bastidores do clube, com destaques como a provoca\u00e7\u00e3o de rival e declara\u00e7\u00e3o de Lucas Sasha. Por conta deste contexto, leia abaixo um resumo preparado pela equipe do portal G\u00e1vea News para lhe manter muito bem informado! Declara\u00e7\u00e3o de Lucas Sasha Ap\u00f3s o [&hellip;]","og_url":"https:\/\/www.gaveanews.com\/index.php\/2024\/11\/26\/problema-de-german-cano-provocacao-de-rival-e-declaracao-de-lucas-sasha-as-ultimas-noticias-do-fluminense\/","og_site_name":"G\u00e1vea News","article_publisher":"https:\/\/facebook.com\/gaveaNews\/","article_published_time":"2024-11-26T07:15:00+00:00","og_image":[{"width":1440,"height":1080,"url":"https:\/\/www.gaveanews.com\/wp-content\/uploads\/Bandeira-do-Fluminense.webp","type":"image\/webp"}],"author":"Matheus Felipe","twitter_card":"summary_large_image","twitter_misc":{"Escrito por":"Matheus Felipe","Est. tempo de leitura":"5 minutos"},"schema":{"@context":"https:\/\/schema.org","@graph":[{"@type":"NewsArticle","@id":"https:\/\/www.gaveanews.com\/index.php\/2024\/11\/26\/problema-de-german-cano-provocacao-de-rival-e-declaracao-de-lucas-sasha-as-ultimas-noticias-do-fluminense\/#article","isPartOf":{"@id":"https:\/\/www.gaveanews.com\/index.php\/2024\/11\/26\/problema-de-german-cano-provocacao-de-rival-e-declaracao-de-lucas-sasha-as-ultimas-noticias-do-fluminense\/"},"author":{"name":"Matheus Felipe","@id":"https:\/\/www.gaveanews.com\/#\/schema\/person\/8207cd4627f56151707418bfc835b2fb"},"headline":"Problema de Germ\u00e1n Cano, provoca\u00e7\u00e3o de rival e declara\u00e7\u00e3o de Lucas Sasha: as \u00faltimas not\u00edcias do Fluminense","datePublished":"2024-11-26T07:15:00+00:00","mainEntityOfPage":{"@id":"https:\/\/www.gaveanews.com\/index.php\/2024\/11\/26\/problema-de-german-cano-provocacao-de-rival-e-declaracao-de-lucas-sasha-as-ultimas-noticias-do-fluminense\/"},"wordCount":733,"commentCount":0,"image":{"@id":"https:\/\/www.gaveanews.com\/index.php\/2024\/11\/26\/problema-de-german-cano-provocacao-de-rival-e-declaracao-de-lucas-sasha-as-ultimas-noticias-do-fluminense\/#primaryimage"},"thumbnailUrl":"https:\/\/www.gaveanews.com\/wp-content\/uploads\/Bandeira-do-Fluminense.webp","articleSection":["Fluminense"],"inLanguage":"pt-BR","potentialAction":[{"@type":"CommentAction","name":"Comment","target":["https:\/\/www.gaveanews.com\/index.php\/2024\/11\/26\/problema-de-german-cano-provocacao-de-rival-e-declaracao-de-lucas-sasha-as-ultimas-noticias-do-fluminense\/#respond"]}],"copyrightYear":"2024","copyrightHolder":{"@id":"https:\/\/www.gaveanews.com\/#organization"}},{"@type":"WebPage","@id":"https:\/\/www.gaveanews.com\/index.php\/2024\/11\/26\/problema-de-german-cano-provocacao-de-rival-e-declaracao-de-lucas-sasha-as-ultimas-noticias-do-fluminense\/","url":"https:\/\/www.gaveanews.com\/index.php\/2024\/11\/26\/problema-de-german-cano-provocacao-de-rival-e-declaracao-de-lucas-sasha-as-ultimas-noticias-do-fluminense\/","name":"Problema de Germ\u00e1n Cano, provoca\u00e7\u00e3o de rival e declara\u00e7\u00e3o de Lucas Sasha: as \u00faltimas not\u00edcias do Fluminense","isPartOf":{"@id":"https:\/\/www.gaveanews.com\/#website"},"primaryImageOfPage":{"@id":"https:\/\/www.gaveanews.com\/index.php\/2024\/11\/26\/problema-de-german-cano-provocacao-de-rival-e-declaracao-de-lucas-sasha-as-ultimas-noticias-do-fluminense\/#primaryimage"},"image":{"@id":"https:\/\/www.gaveanews.com\/index.php\/2024\/11\/26\/problema-de-german-cano-provocacao-de-rival-e-declaracao-de-lucas-sasha-as-ultimas-noticias-do-fluminense\/#primaryimage"},"thumbnailUrl":"https:\/\/www.gaveanews.com\/wp-content\/uploads\/Bandeira-do-Fluminense.webp","datePublished":"2024-11-26T07:15:00+00:00","author":{"@id":"https:\/\/www.gaveanews.com\/#\/schema\/person\/8207cd4627f56151707418bfc835b2fb"},"breadcrumb":{"@id":"https:\/\/www.gaveanews.com\/index.php\/2024\/11\/26\/problema-de-german-cano-provocacao-de-rival-e-declaracao-de-lucas-sasha-as-ultimas-noticias-do-fluminense\/#breadcrumb"},"inLanguage":"pt-BR","potentialAction":[{"@type":"ReadAction","target":["https:\/\/www.gaveanews.com\/index.php\/2024\/11\/26\/problema-de-german-cano-provocacao-de-rival-e-declaracao-de-lucas-sasha-as-ultimas-noticias-do-fluminense\/"]}]},{"@type":"ImageObject","inLanguage":"pt-BR","@id":"https:\/\/www.gaveanews.com\/index.php\/2024\/11\/26\/problema-de-german-cano-provocacao-de-rival-e-declaracao-de-lucas-sasha-as-ultimas-noticias-do-fluminense\/#primaryimage","url":"https:\/\/www.gaveanews.com\/wp-content\/uploads\/Bandeira-do-Fluminense.webp","contentUrl":"https:\/\/www.gaveanews.com\/wp-content\/uploads\/Bandeira-do-Fluminense.webp","width":1440,"height":1080,"caption":"Bandeira do Fluminense (Foto: Reprodu\u00e7\u00e3o\/Fluminense)"},{"@type":"BreadcrumbList","@id":"https:\/\/www.gaveanews.com\/index.php\/2024\/11\/26\/problema-de-german-cano-provocacao-de-rival-e-declaracao-de-lucas-sasha-as-ultimas-noticias-do-fluminense\/#breadcrumb","itemListElement":[{"@type":"ListItem","position":1,"name":"Home","item":"https:\/\/www.gaveanews.com\/"},{"@type":"ListItem","position":2,"name":"Problema de Germ\u00e1n Cano, provoca\u00e7\u00e3o de rival e declara\u00e7\u00e3o de Lucas Sasha: as \u00faltimas not\u00edcias do Fluminense"}]},{"@type":"WebSite","@id":"https:\/\/www.gaveanews.com\/#website","url":"https:\/\/www.gaveanews.com\/","name":"G\u00e1vea News","description":"Veja todas as not\u00edcias sobre o Flamengo: Contrata\u00e7\u00f5es, categorias de base, resultados das partidas, tabela de classifica\u00e7\u00e3o, pr\u00f3ximos jogos!","potentialAction":[{"@type":"SearchAction","target":{"@type":"EntryPoint","urlTemplate":"https:\/\/www.gaveanews.com\/?s={search_term_string}"},"query-input":{"@type":"PropertyValueSpecification","valueRequired":true,"valueName":"search_term_string"}}],"inLanguage":"pt-BR"},{"@type":"Person","@id":"https:\/\/www.gaveanews.com\/#\/schema\/person\/8207cd4627f56151707418bfc835b2fb","name":"Matheus Felipe","image":{"@type":"ImageObject","inLanguage":"pt-BR","@id":"https:\/\/www.gaveanews.com\/#\/schema\/person\/image\/","url":"https:\/\/secure.gravatar.com\/avatar\/a452ffbed9130f726358b298bb3a99ce4bd3c5338411f8440e87e14d74c7c087?s=96&d=mm&r=g","contentUrl":"https:\/\/secure.gravatar.com\/avatar\/a452ffbed9130f726358b298bb3a99ce4bd3c5338411f8440e87e14d74c7c087?s=96&d=mm&r=g","caption":"Matheus Felipe"}}]}},"_links":{"self":[{"href":"https:\/\/www.gaveanews.com\/index.php\/wp-json\/wp\/v2\/posts\/190410","targetHints":{"allow":["GET"]}}],"collection":[{"href":"https:\/\/www.gaveanews.com\/index.php\/wp-json\/wp\/v2\/posts"}],"about":[{"href":"https:\/\/www.gaveanews.com\/index.php\/wp-json\/wp\/v2\/types\/post"}],"author":[{"embeddable":true,"href":"https:\/\/www.gaveanews.com\/index.php\/wp-json\/wp\/v2\/users\/27"}],"replies":[{"embeddable":true,"href":"https:\/\/www.gaveanews.com\/index.php\/wp-json\/wp\/v2\/comments?post=190410"}],"version-history":[{"count":1,"href":"https:\/\/www.gaveanews.com\/index.php\/wp-json\/wp\/v2\/posts\/190410\/revisions"}],"predecessor-version":[{"id":190415,"href":"https:\/\/www.gaveanews.com\/index.php\/wp-json\/wp\/v2\/posts\/190410\/revisions\/190415"}],"wp:featuredmedia":[{"embeddable":true,"href":"https:\/\/www.gaveanews.com\/index.php\/wp-json\/wp\/v2\/media\/152558"}],"wp:attachment":[{"href":"https:\/\/www.gaveanews.com\/index.php\/wp-json\/wp\/v2\/media?parent=190410"}],"wp:term":[{"taxonomy":"category","embeddable":true,"href":"https:\/\/www.gaveanews.com\/index.php\/wp-json\/wp\/v2\/categories?post=190410"},{"taxonomy":"post_tag","embeddable":true,"href":"https:\/\/www.gaveanews.com\/index.php\/wp-json\/wp\/v2\/tags?post=190410"}],"curies":[{"name":"wp","href":"https:\/\/api.w.org\/{rel}","templated":true}]}}