{"id":190426,"date":"2024-11-26T04:10:00","date_gmt":"2024-11-26T07:10:00","guid":{"rendered":"https:\/\/www.gaveanews.com\/?p=190426"},"modified":"2024-11-26T01:20:17","modified_gmt":"2024-11-26T04:20:17","slug":"recado-de-artur-jorge-declaracao-de-hulk-e-situacao-com-deyverson-as-ultimas-noticias-do-botafogo","status":"publish","type":"post","link":"https:\/\/www.gaveanews.com\/index.php\/2024\/11\/26\/recado-de-artur-jorge-declaracao-de-hulk-e-situacao-com-deyverson-as-ultimas-noticias-do-botafogo\/","title":{"rendered":"Recado de Artur Jorge, declara\u00e7\u00e3o de Hulk e situa\u00e7\u00e3o com Deyverson: as \u00faltimas not\u00edcias do Botafogo"},"content":{"rendered":"\n<p>Nas \u00faltimas horas, o foco das not\u00edcias sobre o Botafogo se concentram nos bastidores do clube, com destaques como o recado de Artur Jorge a declara\u00e7\u00e3o de Hulk.<\/p>\n\n\n\n<p>Por conta deste contexto, leia abaixo um resumo preparado pela equipe do portal G\u00e1vea News para lhe manter muito bem informado!<\/p>\n\n\n\n<h2 class=\"wp-block-heading\" id=\"h-situacao-com-deyverson\">Situa\u00e7\u00e3o com Deyverson<\/h2>\n\n\n\n<p>Deyverson, atacante do Atl\u00e9tico-MG, destacou a qualidade do Botafogo antes da final da Libertadores. Ele elogiou a equipe carioca por seu elenco t\u00e9cnico, com jogadores convocados para a Sele\u00e7\u00e3o Brasileira, mas discordou de Hulk sobre o favoritismo do advers\u00e1rio. Para Deyverson, o Atl\u00e9tico tem jogadores experientes e preparados para a decis\u00e3o, demonstrando confian\u00e7a na conquista do t\u00edtulo continental <strong><a href=\"https:\/\/www.gaveanews.com\/index.php\/2024\/11\/25\/deyverson-do-atletico-mg-manda-mais-um-recado-para-o-botafogo\/\">(leia a mat\u00e9ria completa).<\/a><\/strong><\/p>\n\n\n\n<figure class=\"wp-block-image size-large\"><img loading=\"lazy\" decoding=\"async\" width=\"1024\" height=\"768\" src=\"https:\/\/www.gaveanews.com\/wp-content\/uploads\/Deyverson-com-a-camisa-do-Atletico-Mineiro-em-2024-1024x768.webp\" alt=\"\" class=\"wp-image-158213\" srcset=\"https:\/\/www.gaveanews.com\/wp-content\/uploads\/Deyverson-com-a-camisa-do-Atletico-Mineiro-em-2024-1024x768.webp 1024w, https:\/\/www.gaveanews.com\/wp-content\/uploads\/Deyverson-com-a-camisa-do-Atletico-Mineiro-em-2024-300x225.webp 300w, https:\/\/www.gaveanews.com\/wp-content\/uploads\/Deyverson-com-a-camisa-do-Atletico-Mineiro-em-2024-768x576.webp 768w, https:\/\/www.gaveanews.com\/wp-content\/uploads\/Deyverson-com-a-camisa-do-Atletico-Mineiro-em-2024-560x420.webp 560w, https:\/\/www.gaveanews.com\/wp-content\/uploads\/Deyverson-com-a-camisa-do-Atletico-Mineiro-em-2024-1119x840.webp 1119w, https:\/\/www.gaveanews.com\/wp-content\/uploads\/Deyverson-com-a-camisa-do-Atletico-Mineiro-em-2024-80x60.webp 80w, https:\/\/www.gaveanews.com\/wp-content\/uploads\/Deyverson-com-a-camisa-do-Atletico-Mineiro-em-2024-160x120.webp 160w, https:\/\/www.gaveanews.com\/wp-content\/uploads\/Deyverson-com-a-camisa-do-Atletico-Mineiro-em-2024-100x75.webp 100w, https:\/\/www.gaveanews.com\/wp-content\/uploads\/Deyverson-com-a-camisa-do-Atletico-Mineiro-em-2024-200x150.webp 200w, https:\/\/www.gaveanews.com\/wp-content\/uploads\/Deyverson-com-a-camisa-do-Atletico-Mineiro-em-2024-180x135.webp 180w, https:\/\/www.gaveanews.com\/wp-content\/uploads\/Deyverson-com-a-camisa-do-Atletico-Mineiro-em-2024-360x270.webp 360w, https:\/\/www.gaveanews.com\/wp-content\/uploads\/Deyverson-com-a-camisa-do-Atletico-Mineiro-em-2024-238x178.webp 238w, https:\/\/www.gaveanews.com\/wp-content\/uploads\/Deyverson-com-a-camisa-do-Atletico-Mineiro-em-2024-476x356.webp 476w, https:\/\/www.gaveanews.com\/wp-content\/uploads\/Deyverson-com-a-camisa-do-Atletico-Mineiro-em-2024-640x480.webp 640w, https:\/\/www.gaveanews.com\/wp-content\/uploads\/Deyverson-com-a-camisa-do-Atletico-Mineiro-em-2024-1280x960.webp 1280w, https:\/\/www.gaveanews.com\/wp-content\/uploads\/Deyverson-com-a-camisa-do-Atletico-Mineiro-em-2024-681x511.webp 681w, https:\/\/www.gaveanews.com\/wp-content\/uploads\/Deyverson-com-a-camisa-do-Atletico-Mineiro-em-2024.webp 1350w\" sizes=\"auto, (max-width: 1024px) 100vw, 1024px\" \/><figcaption class=\"wp-element-caption\">Deyverson com a camisa do Atl\u00e9tico Mineiro em 2024 (Foto: Divulga\u00e7\u00e3o\/Atl\u00e9tico Mineiro)<\/figcaption><\/figure>\n\n\n\n<p>Al\u00e9m do foco na final, o Atl\u00e9tico-MG precisa melhorar no Brasileir\u00e3o, onde ocupa a 10\u00aa posi\u00e7\u00e3o. Caso n\u00e3o ven\u00e7a a Libertadores, a equipe corre o risco de n\u00e3o garantir vaga na edi\u00e7\u00e3o de 2025 do torneio. <\/p>\n\n\n\n<p>Com o pr\u00f3ximo jogo contra o Juventude, \u00e9 prov\u00e1vel que o t\u00e9cnico Gabriel Milito poupe titulares para priorizar a decis\u00e3o. Apesar disso, o clube mant\u00e9m aten\u00e7\u00e3o ao campeonato nacional, buscando evitar complica\u00e7\u00f5es futuras.<\/p>\n\n\n\n<p>Deyverson tamb\u00e9m mencionou seu carinho pelo Palmeiras, declarando torcida pelo ex-clube no Brasileir\u00e3o. Ele reconheceu sua liga\u00e7\u00e3o com o Verd\u00e3o, onde conquistou t\u00edtulos marcantes, mas refor\u00e7ou sua concentra\u00e7\u00e3o no Atl\u00e9tico-MG. O cen\u00e1rio para os pr\u00f3ximos confrontos promete fortes emo\u00e7\u00f5es, tanto no campeonato nacional quanto na aguardada final continental.<\/p>\n\n\n\n<h2 class=\"wp-block-heading\" id=\"h-declaracao-de-hulk\">Declara\u00e7\u00e3o de Hulk<\/h2>\n\n\n\n<p>O atacante Hulk, do Atl\u00e9tico-MG, comentou sobre a prepara\u00e7\u00e3o para a final da Libertadores contra o Botafogo, destacando o aprendizado com a recente derrota do Cruzeiro na Sul-Americana. Reconhecendo o favoritismo do advers\u00e1rio, Hulk enfatizou a import\u00e2ncia da humildade e da determina\u00e7\u00e3o para alcan\u00e7ar a &#8220;gl\u00f3ria eterna&#8221;. A final est\u00e1 marcada para o dia 30 de novembro, em Buenos Aires <strong><a href=\"https:\/\/www.gaveanews.com\/index.php\/2024\/11\/25\/a-declaracao-de-hulk-do-atletico-mg-envolvendo-o-cruzeiro-e-o-botafogo\/\">(leia a mat\u00e9ria completa).<\/a><\/strong><\/p>\n\n\n\n<figure class=\"wp-block-image size-large\"><img loading=\"lazy\" decoding=\"async\" width=\"1024\" height=\"822\" src=\"https:\/\/www.gaveanews.com\/wp-content\/uploads\/Hulk-em-acao-pelo-Atletico-MG-1024x822.webp\" alt=\"\" class=\"wp-image-183983\" srcset=\"https:\/\/www.gaveanews.com\/wp-content\/uploads\/Hulk-em-acao-pelo-Atletico-MG-1024x822.webp 1024w, https:\/\/www.gaveanews.com\/wp-content\/uploads\/Hulk-em-acao-pelo-Atletico-MG-300x241.webp 300w, https:\/\/www.gaveanews.com\/wp-content\/uploads\/Hulk-em-acao-pelo-Atletico-MG-768x616.webp 768w, https:\/\/www.gaveanews.com\/wp-content\/uploads\/Hulk-em-acao-pelo-Atletico-MG-523x420.webp 523w, https:\/\/www.gaveanews.com\/wp-content\/uploads\/Hulk-em-acao-pelo-Atletico-MG-1046x840.webp 1046w, https:\/\/www.gaveanews.com\/wp-content\/uploads\/Hulk-em-acao-pelo-Atletico-MG-640x514.webp 640w, https:\/\/www.gaveanews.com\/wp-content\/uploads\/Hulk-em-acao-pelo-Atletico-MG-1280x1027.webp 1280w, https:\/\/www.gaveanews.com\/wp-content\/uploads\/Hulk-em-acao-pelo-Atletico-MG-681x547.webp 681w, https:\/\/www.gaveanews.com\/wp-content\/uploads\/Hulk-em-acao-pelo-Atletico-MG-100x80.webp 100w, https:\/\/www.gaveanews.com\/wp-content\/uploads\/Hulk-em-acao-pelo-Atletico-MG.webp 1328w\" sizes=\"auto, (max-width: 1024px) 100vw, 1024px\" \/><figcaption class=\"wp-element-caption\">Hulk em a\u00e7\u00e3o pelo Atl\u00e9tico-MG (Foto: Pedro Souza\/Atletico)\n<\/figcaption><\/figure>\n\n\n\n<p>O rev\u00e9s do Cruzeiro, que perdeu para o Racing por 3 a 1, exp\u00f4s dificuldades t\u00e1ticas e aumentou a press\u00e3o sobre o t\u00e9cnico Fernando Diniz. Apesar de uma rea\u00e7\u00e3o no segundo tempo, o time n\u00e3o conseguiu reverter a desvantagem, complicando sua classifica\u00e7\u00e3o para a pr\u00f3xima Libertadores. A derrota tamb\u00e9m refor\u00e7ou o alerta de Hulk sobre os desafios de decis\u00f5es \u00fanicas.<\/p>\n\n\n\n<p>Para o Cruzeiro, atualmente em s\u00e9timo no Brasileir\u00e3o, a classifica\u00e7\u00e3o continental depende de combina\u00e7\u00f5es de resultados, incluindo o desfecho da final da Libertadores. Caso o Botafogo conquiste o t\u00edtulo, as chances do time celeste aumentam com a possibilidade de um G8 no campeonato nacional. Entretanto, uma vit\u00f3ria do Atl\u00e9tico-MG manteria o G7, restringindo as vagas.<\/p>\n\n\n\n<h2 class=\"wp-block-heading\" id=\"h-recado-de-artur-jorge\">Recado de Artur Jorge<\/h2>\n\n\n\n<p>O t\u00e9cnico Artur Jorge, do Botafogo, aqueceu os \u00e2nimos antes da final da Libertadores contra o Atl\u00e9tico-MG, marcada para o pr\u00f3ximo s\u00e1bado no Est\u00e1dio Monumental de N\u00fa\u00f1ez. Durante entrevista coletiva, ele criticou jogadores do time advers\u00e1rio e sugeriu que o clube mineiro fa\u00e7a uma &#8220;autocr\u00edtica&#8221;. A pol\u00eamica come\u00e7ou ap\u00f3s o empate sem gols entre as equipes na 34\u00aa rodada do Brasileir\u00e3o, em um jogo tenso com conflitos dentro e fora de campo <strong><a href=\"https:\/\/www.gaveanews.com\/index.php\/2024\/11\/25\/artur-jorge-do-botafogo-manda-recado-para-jogadores-do-atletico-mg\/\">(leia a mat\u00e9ria completa).<\/a><\/strong><\/p>\n\n\n\n<figure class=\"wp-block-image size-large\"><img loading=\"lazy\" decoding=\"async\" width=\"1024\" height=\"683\" src=\"https:\/\/www.gaveanews.com\/wp-content\/uploads\/53646308019_88b185bf1f_o-1536x1024-1-1024x683.webp\" alt=\"\" class=\"wp-image-149046\" srcset=\"https:\/\/www.gaveanews.com\/wp-content\/uploads\/53646308019_88b185bf1f_o-1536x1024-1-1024x683.webp 1024w, https:\/\/www.gaveanews.com\/wp-content\/uploads\/53646308019_88b185bf1f_o-1536x1024-1-300x200.webp 300w, https:\/\/www.gaveanews.com\/wp-content\/uploads\/53646308019_88b185bf1f_o-1536x1024-1-768x512.webp 768w, https:\/\/www.gaveanews.com\/wp-content\/uploads\/53646308019_88b185bf1f_o-1536x1024-1-630x420.webp 630w, https:\/\/www.gaveanews.com\/wp-content\/uploads\/53646308019_88b185bf1f_o-1536x1024-1-1260x840.webp 1260w, https:\/\/www.gaveanews.com\/wp-content\/uploads\/53646308019_88b185bf1f_o-1536x1024-1-640x427.webp 640w, https:\/\/www.gaveanews.com\/wp-content\/uploads\/53646308019_88b185bf1f_o-1536x1024-1-1280x853.webp 1280w, https:\/\/www.gaveanews.com\/wp-content\/uploads\/53646308019_88b185bf1f_o-1536x1024-1-681x454.webp 681w, https:\/\/www.gaveanews.com\/wp-content\/uploads\/53646308019_88b185bf1f_o-1536x1024-1-1362x908.webp 1362w, https:\/\/www.gaveanews.com\/wp-content\/uploads\/53646308019_88b185bf1f_o-1536x1024-1-100x67.webp 100w, https:\/\/www.gaveanews.com\/wp-content\/uploads\/53646308019_88b185bf1f_o-1536x1024-1.webp 1536w\" sizes=\"auto, (max-width: 1024px) 100vw, 1024px\" \/><figcaption class=\"wp-element-caption\">Artur Jorge &#8211; Foto: Vitor Silva\/Botafogo<\/figcaption><\/figure>\n\n\n\n<p>Artur rebateu declara\u00e7\u00f5es do goleiro Everson, que acusou o Botafogo de incitar confus\u00f5es, destacando incidentes como um chute no rosto de Tiquinho Soares. O treinador tamb\u00e9m comentou a atitude do atacante Deyverson, que teria declarado torcida pelo Palmeiras, rival direto do Atl\u00e9tico. Segundo Artur, essa postura \u00e9 mais grave do que provoca\u00e7\u00f5es entre jogadores, apontando a necessidade de reflex\u00f5es internas no Galo.<\/p>\n\n\n\n<p>Com clima de rivalidade e tens\u00f5es crescentes, a final entre Atl\u00e9tico-MG e Botafogo promete ser um confronto acirrado. Al\u00e9m de buscar o t\u00edtulo mais importante do futebol sul-americano, os times carregam para o campo as discuss\u00f5es e provoca\u00e7\u00f5es que v\u00eam marcando os bastidores desta decis\u00e3o hist\u00f3rica.<\/p>\n","protected":false},"excerpt":{"rendered":"<p>Nas \u00faltimas horas, o foco das not\u00edcias sobre o Botafogo se concentram nos bastidores do clube, com destaques como o recado de Artur Jorge a declara\u00e7\u00e3o de Hulk. Por conta deste contexto, leia abaixo um resumo preparado pela equipe do portal G\u00e1vea News para lhe manter muito bem informado! Situa\u00e7\u00e3o com Deyverson Deyverson, atacante do [&hellip;]<\/p>\n","protected":false},"author":27,"featured_media":182060,"comment_status":"open","ping_status":"closed","sticky":false,"template":"","format":"standard","meta":{"footnotes":""},"categories":[138],"tags":[],"class_list":["post-190426","post","type-post","status-publish","format-standard","has-post-thumbnail","hentry","category-botafogo"],"yoast_head":"<!-- This site is optimized with the Yoast SEO Premium plugin v24.2 (Yoast SEO v26.9) - https:\/\/yoast.com\/product\/yoast-seo-premium-wordpress\/ -->\n<title>Recado de Artur Jorge, declara\u00e7\u00e3o de Hulk e situa\u00e7\u00e3o com Deyverson: as \u00faltimas not\u00edcias do Botafogo<\/title>\n<meta name=\"robots\" content=\"index, follow, max-snippet:-1, max-image-preview:large, max-video-preview:-1\" \/>\n<link rel=\"canonical\" href=\"https:\/\/www.gaveanews.com\/index.php\/2024\/11\/26\/recado-de-artur-jorge-declaracao-de-hulk-e-situacao-com-deyverson-as-ultimas-noticias-do-botafogo\/\" \/>\n<meta property=\"og:locale\" content=\"pt_BR\" \/>\n<meta property=\"og:type\" content=\"article\" \/>\n<meta property=\"og:title\" content=\"Recado de Artur Jorge, declara\u00e7\u00e3o de Hulk e situa\u00e7\u00e3o com Deyverson: as \u00faltimas not\u00edcias do Botafogo\" \/>\n<meta property=\"og:description\" content=\"Nas \u00faltimas horas, o foco das not\u00edcias sobre o Botafogo se concentram nos bastidores do clube, com destaques como o recado de Artur Jorge a declara\u00e7\u00e3o de Hulk. Por conta deste contexto, leia abaixo um resumo preparado pela equipe do portal G\u00e1vea News para lhe manter muito bem informado! Situa\u00e7\u00e3o com Deyverson Deyverson, atacante do [&hellip;]\" \/>\n<meta property=\"og:url\" content=\"https:\/\/www.gaveanews.com\/index.php\/2024\/11\/26\/recado-de-artur-jorge-declaracao-de-hulk-e-situacao-com-deyverson-as-ultimas-noticias-do-botafogo\/\" \/>\n<meta property=\"og:site_name\" content=\"G\u00e1vea News\" \/>\n<meta property=\"article:publisher\" content=\"https:\/\/facebook.com\/gaveaNews\/\" \/>\n<meta property=\"article:published_time\" content=\"2024-11-26T07:10:00+00:00\" \/>\n<meta property=\"og:image\" content=\"https:\/\/www.gaveanews.com\/wp-content\/uploads\/Escudo-do-Botafogo-1.webp\" \/>\n\t<meta property=\"og:image:width\" content=\"787\" \/>\n\t<meta property=\"og:image:height\" content=\"525\" \/>\n\t<meta property=\"og:image:type\" content=\"image\/webp\" \/>\n<meta name=\"author\" content=\"Matheus Felipe\" \/>\n<meta name=\"twitter:card\" content=\"summary_large_image\" \/>\n<meta name=\"twitter:label1\" content=\"Escrito por\" \/>\n\t<meta name=\"twitter:data1\" content=\"Matheus Felipe\" \/>\n\t<meta name=\"twitter:label2\" content=\"Est. tempo de leitura\" \/>\n\t<meta name=\"twitter:data2\" content=\"5 minutos\" \/>\n<script type=\"application\/ld+json\" class=\"yoast-schema-graph\">{\"@context\":\"https:\/\/schema.org\",\"@graph\":[{\"@type\":\"NewsArticle\",\"@id\":\"https:\/\/www.gaveanews.com\/index.php\/2024\/11\/26\/recado-de-artur-jorge-declaracao-de-hulk-e-situacao-com-deyverson-as-ultimas-noticias-do-botafogo\/#article\",\"isPartOf\":{\"@id\":\"https:\/\/www.gaveanews.com\/index.php\/2024\/11\/26\/recado-de-artur-jorge-declaracao-de-hulk-e-situacao-com-deyverson-as-ultimas-noticias-do-botafogo\/\"},\"author\":{\"name\":\"Matheus Felipe\",\"@id\":\"https:\/\/www.gaveanews.com\/#\/schema\/person\/8207cd4627f56151707418bfc835b2fb\"},\"headline\":\"Recado de Artur Jorge, declara\u00e7\u00e3o de Hulk e situa\u00e7\u00e3o com Deyverson: as \u00faltimas not\u00edcias do Botafogo\",\"datePublished\":\"2024-11-26T07:10:00+00:00\",\"mainEntityOfPage\":{\"@id\":\"https:\/\/www.gaveanews.com\/index.php\/2024\/11\/26\/recado-de-artur-jorge-declaracao-de-hulk-e-situacao-com-deyverson-as-ultimas-noticias-do-botafogo\/\"},\"wordCount\":741,\"commentCount\":0,\"image\":{\"@id\":\"https:\/\/www.gaveanews.com\/index.php\/2024\/11\/26\/recado-de-artur-jorge-declaracao-de-hulk-e-situacao-com-deyverson-as-ultimas-noticias-do-botafogo\/#primaryimage\"},\"thumbnailUrl\":\"https:\/\/www.gaveanews.com\/wp-content\/uploads\/Escudo-do-Botafogo-1.webp\",\"articleSection\":[\"Botafogo\"],\"inLanguage\":\"pt-BR\",\"potentialAction\":[{\"@type\":\"CommentAction\",\"name\":\"Comment\",\"target\":[\"https:\/\/www.gaveanews.com\/index.php\/2024\/11\/26\/recado-de-artur-jorge-declaracao-de-hulk-e-situacao-com-deyverson-as-ultimas-noticias-do-botafogo\/#respond\"]}],\"copyrightYear\":\"2024\",\"copyrightHolder\":{\"@id\":\"https:\/\/www.gaveanews.com\/#organization\"}},{\"@type\":\"WebPage\",\"@id\":\"https:\/\/www.gaveanews.com\/index.php\/2024\/11\/26\/recado-de-artur-jorge-declaracao-de-hulk-e-situacao-com-deyverson-as-ultimas-noticias-do-botafogo\/\",\"url\":\"https:\/\/www.gaveanews.com\/index.php\/2024\/11\/26\/recado-de-artur-jorge-declaracao-de-hulk-e-situacao-com-deyverson-as-ultimas-noticias-do-botafogo\/\",\"name\":\"Recado de Artur Jorge, declara\u00e7\u00e3o de Hulk e situa\u00e7\u00e3o com Deyverson: as \u00faltimas not\u00edcias do Botafogo\",\"isPartOf\":{\"@id\":\"https:\/\/www.gaveanews.com\/#website\"},\"primaryImageOfPage\":{\"@id\":\"https:\/\/www.gaveanews.com\/index.php\/2024\/11\/26\/recado-de-artur-jorge-declaracao-de-hulk-e-situacao-com-deyverson-as-ultimas-noticias-do-botafogo\/#primaryimage\"},\"image\":{\"@id\":\"https:\/\/www.gaveanews.com\/index.php\/2024\/11\/26\/recado-de-artur-jorge-declaracao-de-hulk-e-situacao-com-deyverson-as-ultimas-noticias-do-botafogo\/#primaryimage\"},\"thumbnailUrl\":\"https:\/\/www.gaveanews.com\/wp-content\/uploads\/Escudo-do-Botafogo-1.webp\",\"datePublished\":\"2024-11-26T07:10:00+00:00\",\"author\":{\"@id\":\"https:\/\/www.gaveanews.com\/#\/schema\/person\/8207cd4627f56151707418bfc835b2fb\"},\"breadcrumb\":{\"@id\":\"https:\/\/www.gaveanews.com\/index.php\/2024\/11\/26\/recado-de-artur-jorge-declaracao-de-hulk-e-situacao-com-deyverson-as-ultimas-noticias-do-botafogo\/#breadcrumb\"},\"inLanguage\":\"pt-BR\",\"potentialAction\":[{\"@type\":\"ReadAction\",\"target\":[\"https:\/\/www.gaveanews.com\/index.php\/2024\/11\/26\/recado-de-artur-jorge-declaracao-de-hulk-e-situacao-com-deyverson-as-ultimas-noticias-do-botafogo\/\"]}]},{\"@type\":\"ImageObject\",\"inLanguage\":\"pt-BR\",\"@id\":\"https:\/\/www.gaveanews.com\/index.php\/2024\/11\/26\/recado-de-artur-jorge-declaracao-de-hulk-e-situacao-com-deyverson-as-ultimas-noticias-do-botafogo\/#primaryimage\",\"url\":\"https:\/\/www.gaveanews.com\/wp-content\/uploads\/Escudo-do-Botafogo-1.webp\",\"contentUrl\":\"https:\/\/www.gaveanews.com\/wp-content\/uploads\/Escudo-do-Botafogo-1.webp\",\"width\":787,\"height\":525,\"caption\":\"Escudo do Botafogo (Foto: Reprodu\u00e7\u00e3o\/Botafogo)\"},{\"@type\":\"BreadcrumbList\",\"@id\":\"https:\/\/www.gaveanews.com\/index.php\/2024\/11\/26\/recado-de-artur-jorge-declaracao-de-hulk-e-situacao-com-deyverson-as-ultimas-noticias-do-botafogo\/#breadcrumb\",\"itemListElement\":[{\"@type\":\"ListItem\",\"position\":1,\"name\":\"Home\",\"item\":\"https:\/\/www.gaveanews.com\/\"},{\"@type\":\"ListItem\",\"position\":2,\"name\":\"Recado de Artur Jorge, declara\u00e7\u00e3o de Hulk e situa\u00e7\u00e3o com Deyverson: as \u00faltimas not\u00edcias do Botafogo\"}]},{\"@type\":\"WebSite\",\"@id\":\"https:\/\/www.gaveanews.com\/#website\",\"url\":\"https:\/\/www.gaveanews.com\/\",\"name\":\"G\u00e1vea News\",\"description\":\"Veja todas as not\u00edcias sobre o Flamengo: Contrata\u00e7\u00f5es, categorias de base, resultados das partidas, tabela de classifica\u00e7\u00e3o, pr\u00f3ximos jogos!\",\"potentialAction\":[{\"@type\":\"SearchAction\",\"target\":{\"@type\":\"EntryPoint\",\"urlTemplate\":\"https:\/\/www.gaveanews.com\/?s={search_term_string}\"},\"query-input\":{\"@type\":\"PropertyValueSpecification\",\"valueRequired\":true,\"valueName\":\"search_term_string\"}}],\"inLanguage\":\"pt-BR\"},{\"@type\":\"Person\",\"@id\":\"https:\/\/www.gaveanews.com\/#\/schema\/person\/8207cd4627f56151707418bfc835b2fb\",\"name\":\"Matheus Felipe\",\"image\":{\"@type\":\"ImageObject\",\"inLanguage\":\"pt-BR\",\"@id\":\"https:\/\/www.gaveanews.com\/#\/schema\/person\/image\/\",\"url\":\"https:\/\/secure.gravatar.com\/avatar\/a452ffbed9130f726358b298bb3a99ce4bd3c5338411f8440e87e14d74c7c087?s=96&d=mm&r=g\",\"contentUrl\":\"https:\/\/secure.gravatar.com\/avatar\/a452ffbed9130f726358b298bb3a99ce4bd3c5338411f8440e87e14d74c7c087?s=96&d=mm&r=g\",\"caption\":\"Matheus Felipe\"}}]}<\/script>\n<!-- \/ Yoast SEO Premium plugin. -->","yoast_head_json":{"title":"Recado de Artur Jorge, declara\u00e7\u00e3o de Hulk e situa\u00e7\u00e3o com Deyverson: as \u00faltimas not\u00edcias do Botafogo","robots":{"index":"index","follow":"follow","max-snippet":"max-snippet:-1","max-image-preview":"max-image-preview:large","max-video-preview":"max-video-preview:-1"},"canonical":"https:\/\/www.gaveanews.com\/index.php\/2024\/11\/26\/recado-de-artur-jorge-declaracao-de-hulk-e-situacao-com-deyverson-as-ultimas-noticias-do-botafogo\/","og_locale":"pt_BR","og_type":"article","og_title":"Recado de Artur Jorge, declara\u00e7\u00e3o de Hulk e situa\u00e7\u00e3o com Deyverson: as \u00faltimas not\u00edcias do Botafogo","og_description":"Nas \u00faltimas horas, o foco das not\u00edcias sobre o Botafogo se concentram nos bastidores do clube, com destaques como o recado de Artur Jorge a declara\u00e7\u00e3o de Hulk. Por conta deste contexto, leia abaixo um resumo preparado pela equipe do portal G\u00e1vea News para lhe manter muito bem informado! Situa\u00e7\u00e3o com Deyverson Deyverson, atacante do [&hellip;]","og_url":"https:\/\/www.gaveanews.com\/index.php\/2024\/11\/26\/recado-de-artur-jorge-declaracao-de-hulk-e-situacao-com-deyverson-as-ultimas-noticias-do-botafogo\/","og_site_name":"G\u00e1vea News","article_publisher":"https:\/\/facebook.com\/gaveaNews\/","article_published_time":"2024-11-26T07:10:00+00:00","og_image":[{"width":787,"height":525,"url":"https:\/\/www.gaveanews.com\/wp-content\/uploads\/Escudo-do-Botafogo-1.webp","type":"image\/webp"}],"author":"Matheus Felipe","twitter_card":"summary_large_image","twitter_misc":{"Escrito por":"Matheus Felipe","Est. tempo de leitura":"5 minutos"},"schema":{"@context":"https:\/\/schema.org","@graph":[{"@type":"NewsArticle","@id":"https:\/\/www.gaveanews.com\/index.php\/2024\/11\/26\/recado-de-artur-jorge-declaracao-de-hulk-e-situacao-com-deyverson-as-ultimas-noticias-do-botafogo\/#article","isPartOf":{"@id":"https:\/\/www.gaveanews.com\/index.php\/2024\/11\/26\/recado-de-artur-jorge-declaracao-de-hulk-e-situacao-com-deyverson-as-ultimas-noticias-do-botafogo\/"},"author":{"name":"Matheus Felipe","@id":"https:\/\/www.gaveanews.com\/#\/schema\/person\/8207cd4627f56151707418bfc835b2fb"},"headline":"Recado de Artur Jorge, declara\u00e7\u00e3o de Hulk e situa\u00e7\u00e3o com Deyverson: as \u00faltimas not\u00edcias do Botafogo","datePublished":"2024-11-26T07:10:00+00:00","mainEntityOfPage":{"@id":"https:\/\/www.gaveanews.com\/index.php\/2024\/11\/26\/recado-de-artur-jorge-declaracao-de-hulk-e-situacao-com-deyverson-as-ultimas-noticias-do-botafogo\/"},"wordCount":741,"commentCount":0,"image":{"@id":"https:\/\/www.gaveanews.com\/index.php\/2024\/11\/26\/recado-de-artur-jorge-declaracao-de-hulk-e-situacao-com-deyverson-as-ultimas-noticias-do-botafogo\/#primaryimage"},"thumbnailUrl":"https:\/\/www.gaveanews.com\/wp-content\/uploads\/Escudo-do-Botafogo-1.webp","articleSection":["Botafogo"],"inLanguage":"pt-BR","potentialAction":[{"@type":"CommentAction","name":"Comment","target":["https:\/\/www.gaveanews.com\/index.php\/2024\/11\/26\/recado-de-artur-jorge-declaracao-de-hulk-e-situacao-com-deyverson-as-ultimas-noticias-do-botafogo\/#respond"]}],"copyrightYear":"2024","copyrightHolder":{"@id":"https:\/\/www.gaveanews.com\/#organization"}},{"@type":"WebPage","@id":"https:\/\/www.gaveanews.com\/index.php\/2024\/11\/26\/recado-de-artur-jorge-declaracao-de-hulk-e-situacao-com-deyverson-as-ultimas-noticias-do-botafogo\/","url":"https:\/\/www.gaveanews.com\/index.php\/2024\/11\/26\/recado-de-artur-jorge-declaracao-de-hulk-e-situacao-com-deyverson-as-ultimas-noticias-do-botafogo\/","name":"Recado de Artur Jorge, declara\u00e7\u00e3o de Hulk e situa\u00e7\u00e3o com Deyverson: as \u00faltimas not\u00edcias do Botafogo","isPartOf":{"@id":"https:\/\/www.gaveanews.com\/#website"},"primaryImageOfPage":{"@id":"https:\/\/www.gaveanews.com\/index.php\/2024\/11\/26\/recado-de-artur-jorge-declaracao-de-hulk-e-situacao-com-deyverson-as-ultimas-noticias-do-botafogo\/#primaryimage"},"image":{"@id":"https:\/\/www.gaveanews.com\/index.php\/2024\/11\/26\/recado-de-artur-jorge-declaracao-de-hulk-e-situacao-com-deyverson-as-ultimas-noticias-do-botafogo\/#primaryimage"},"thumbnailUrl":"https:\/\/www.gaveanews.com\/wp-content\/uploads\/Escudo-do-Botafogo-1.webp","datePublished":"2024-11-26T07:10:00+00:00","author":{"@id":"https:\/\/www.gaveanews.com\/#\/schema\/person\/8207cd4627f56151707418bfc835b2fb"},"breadcrumb":{"@id":"https:\/\/www.gaveanews.com\/index.php\/2024\/11\/26\/recado-de-artur-jorge-declaracao-de-hulk-e-situacao-com-deyverson-as-ultimas-noticias-do-botafogo\/#breadcrumb"},"inLanguage":"pt-BR","potentialAction":[{"@type":"ReadAction","target":["https:\/\/www.gaveanews.com\/index.php\/2024\/11\/26\/recado-de-artur-jorge-declaracao-de-hulk-e-situacao-com-deyverson-as-ultimas-noticias-do-botafogo\/"]}]},{"@type":"ImageObject","inLanguage":"pt-BR","@id":"https:\/\/www.gaveanews.com\/index.php\/2024\/11\/26\/recado-de-artur-jorge-declaracao-de-hulk-e-situacao-com-deyverson-as-ultimas-noticias-do-botafogo\/#primaryimage","url":"https:\/\/www.gaveanews.com\/wp-content\/uploads\/Escudo-do-Botafogo-1.webp","contentUrl":"https:\/\/www.gaveanews.com\/wp-content\/uploads\/Escudo-do-Botafogo-1.webp","width":787,"height":525,"caption":"Escudo do Botafogo (Foto: Reprodu\u00e7\u00e3o\/Botafogo)"},{"@type":"BreadcrumbList","@id":"https:\/\/www.gaveanews.com\/index.php\/2024\/11\/26\/recado-de-artur-jorge-declaracao-de-hulk-e-situacao-com-deyverson-as-ultimas-noticias-do-botafogo\/#breadcrumb","itemListElement":[{"@type":"ListItem","position":1,"name":"Home","item":"https:\/\/www.gaveanews.com\/"},{"@type":"ListItem","position":2,"name":"Recado de Artur Jorge, declara\u00e7\u00e3o de Hulk e situa\u00e7\u00e3o com Deyverson: as \u00faltimas not\u00edcias do Botafogo"}]},{"@type":"WebSite","@id":"https:\/\/www.gaveanews.com\/#website","url":"https:\/\/www.gaveanews.com\/","name":"G\u00e1vea News","description":"Veja todas as not\u00edcias sobre o Flamengo: Contrata\u00e7\u00f5es, categorias de base, resultados das partidas, tabela de classifica\u00e7\u00e3o, pr\u00f3ximos jogos!","potentialAction":[{"@type":"SearchAction","target":{"@type":"EntryPoint","urlTemplate":"https:\/\/www.gaveanews.com\/?s={search_term_string}"},"query-input":{"@type":"PropertyValueSpecification","valueRequired":true,"valueName":"search_term_string"}}],"inLanguage":"pt-BR"},{"@type":"Person","@id":"https:\/\/www.gaveanews.com\/#\/schema\/person\/8207cd4627f56151707418bfc835b2fb","name":"Matheus Felipe","image":{"@type":"ImageObject","inLanguage":"pt-BR","@id":"https:\/\/www.gaveanews.com\/#\/schema\/person\/image\/","url":"https:\/\/secure.gravatar.com\/avatar\/a452ffbed9130f726358b298bb3a99ce4bd3c5338411f8440e87e14d74c7c087?s=96&d=mm&r=g","contentUrl":"https:\/\/secure.gravatar.com\/avatar\/a452ffbed9130f726358b298bb3a99ce4bd3c5338411f8440e87e14d74c7c087?s=96&d=mm&r=g","caption":"Matheus Felipe"}}]}},"_links":{"self":[{"href":"https:\/\/www.gaveanews.com\/index.php\/wp-json\/wp\/v2\/posts\/190426","targetHints":{"allow":["GET"]}}],"collection":[{"href":"https:\/\/www.gaveanews.com\/index.php\/wp-json\/wp\/v2\/posts"}],"about":[{"href":"https:\/\/www.gaveanews.com\/index.php\/wp-json\/wp\/v2\/types\/post"}],"author":[{"embeddable":true,"href":"https:\/\/www.gaveanews.com\/index.php\/wp-json\/wp\/v2\/users\/27"}],"replies":[{"embeddable":true,"href":"https:\/\/www.gaveanews.com\/index.php\/wp-json\/wp\/v2\/comments?post=190426"}],"version-history":[{"count":1,"href":"https:\/\/www.gaveanews.com\/index.php\/wp-json\/wp\/v2\/posts\/190426\/revisions"}],"predecessor-version":[{"id":190429,"href":"https:\/\/www.gaveanews.com\/index.php\/wp-json\/wp\/v2\/posts\/190426\/revisions\/190429"}],"wp:featuredmedia":[{"embeddable":true,"href":"https:\/\/www.gaveanews.com\/index.php\/wp-json\/wp\/v2\/media\/182060"}],"wp:attachment":[{"href":"https:\/\/www.gaveanews.com\/index.php\/wp-json\/wp\/v2\/media?parent=190426"}],"wp:term":[{"taxonomy":"category","embeddable":true,"href":"https:\/\/www.gaveanews.com\/index.php\/wp-json\/wp\/v2\/categories?post=190426"},{"taxonomy":"post_tag","embeddable":true,"href":"https:\/\/www.gaveanews.com\/index.php\/wp-json\/wp\/v2\/tags?post=190426"}],"curies":[{"name":"wp","href":"https:\/\/api.w.org\/{rel}","templated":true}]}}