{"id":190443,"date":"2024-11-26T04:25:00","date_gmt":"2024-11-26T07:25:00","guid":{"rendered":"https:\/\/www.gaveanews.com\/?p=190443"},"modified":"2024-11-26T01:57:13","modified_gmt":"2024-11-26T04:57:13","slug":"julgamento-do-corinthians-declaracao-de-garro-e-revelacao-de-yuri-alberto-as-ultimas-noticias-do-timao","status":"publish","type":"post","link":"https:\/\/www.gaveanews.com\/index.php\/2024\/11\/26\/julgamento-do-corinthians-declaracao-de-garro-e-revelacao-de-yuri-alberto-as-ultimas-noticias-do-timao\/","title":{"rendered":"Julgamento do Corinthians, declara\u00e7\u00e3o de Garro e revela\u00e7\u00e3o de Yuri Alberto: as \u00faltimas not\u00edcias do Tim\u00e3o"},"content":{"rendered":"\n<p>Nas \u00faltimas horas, o foco das not\u00edcias sobre o Corinthians se concentram nos bastidores do clube, com destaques como o julgamento e a declara\u00e7\u00e3o de Garro.<\/p>\n\n\n\n<p>Por conta deste contexto, leia abaixo um resumo preparado pela equipe do portal G\u00e1vea News para lhe manter muito bem informado!<\/p>\n\n\n\n<h2 class=\"wp-block-heading\" id=\"h-revelacao-de-yuri-alberto\">Revela\u00e7\u00e3o de Yuri Alberto<\/h2>\n\n\n\n<p>Yuri Alberto, atacante do Corinthians, anunciou que retornar\u00e1 aos gramados no pr\u00f3ximo s\u00e1bado, em confronto contra o Crici\u00fama pelo Brasileir\u00e3o. Ap\u00f3s ser diagnosticado com uma les\u00e3o grau 1B no m\u00fasculo posterior da coxa, o jogador tranquilizou os torcedores em v\u00eddeo, garantindo que est\u00e1 recuperado. A r\u00e1pida reabilita\u00e7\u00e3o mant\u00e9m sua trajet\u00f3ria de supera\u00e7\u00e3o em les\u00f5es, como epis\u00f3dios anteriores em que voltou antes do previsto.<\/p>\n\n\n\n<figure class=\"wp-block-image size-full\"><img loading=\"lazy\" decoding=\"async\" width=\"941\" height=\"604\" src=\"https:\/\/www.gaveanews.com\/wp-content\/uploads\/Yuri-Alberto-em-acao-pelo-Corinthians.webp\" alt=\"\" class=\"wp-image-171334\" srcset=\"https:\/\/www.gaveanews.com\/wp-content\/uploads\/Yuri-Alberto-em-acao-pelo-Corinthians.webp 941w, https:\/\/www.gaveanews.com\/wp-content\/uploads\/Yuri-Alberto-em-acao-pelo-Corinthians-300x194.webp 300w, https:\/\/www.gaveanews.com\/wp-content\/uploads\/Yuri-Alberto-em-acao-pelo-Corinthians-768x493.webp 768w, https:\/\/www.gaveanews.com\/wp-content\/uploads\/Yuri-Alberto-em-acao-pelo-Corinthians-654x420.webp 654w, https:\/\/www.gaveanews.com\/wp-content\/uploads\/Yuri-Alberto-em-acao-pelo-Corinthians-341x220.webp 341w, https:\/\/www.gaveanews.com\/wp-content\/uploads\/Yuri-Alberto-em-acao-pelo-Corinthians-640x411.webp 640w, https:\/\/www.gaveanews.com\/wp-content\/uploads\/Yuri-Alberto-em-acao-pelo-Corinthians-681x437.webp 681w, https:\/\/www.gaveanews.com\/wp-content\/uploads\/Yuri-Alberto-em-acao-pelo-Corinthians-100x64.webp 100w\" sizes=\"auto, (max-width: 941px) 100vw, 941px\" \/><figcaption class=\"wp-element-caption\">Yuri Alberto em a\u00e7\u00e3o pelo Corinthians (Foto: Rodrigo Coca\/Ag\u00eancia Corinthians)<\/figcaption><\/figure>\n\n\n\n<p>Com 27 gols e seis assist\u00eancias em 33 jogos na temporada, Yuri tem sido pe\u00e7a-chave para o time comandado por Ram\u00f3n D\u00edaz. Seu retorno ser\u00e1 crucial para o Corinthians, que luta por uma vaga na pr\u00f3xima edi\u00e7\u00e3o da Copa Libertadores. A aus\u00eancia do atacante poderia comprometer a ofensividade da equipe nesta reta final do campeonato.<\/p>\n\n\n\n<p>O hist\u00f3rico de recupera\u00e7\u00e3o acelerada do jogador impressiona, consolidando sua import\u00e2ncia no elenco. A expectativa \u00e9 que sua presen\u00e7a em campo fortale\u00e7a o Corinthians no duelo decisivo contra o Crici\u00fama, ampliando as chances de sucesso na competi\u00e7\u00e3o.<\/p>\n\n\n\n<h2 class=\"wp-block-heading\" id=\"h-declaracao-de-garro\">Declara\u00e7\u00e3o de Garro<\/h2>\n\n\n\n<p>Rodrigo Garro, destaque do Corinthians em 2024, compartilhou os bastidores da transi\u00e7\u00e3o para a camisa 10 do clube, um n\u00famero de grande responsabilidade. Antes de aceitar o novo uniforme, Garro consultou \u00eddolos como C\u00e1ssio e Paulinho, al\u00e9m de colegas do elenco, destacando o respeito pela hist\u00f3ria da equipe. Ele enfatizou que s\u00f3 usaria o n\u00famero com o apoio coletivo, evidenciando sua humildade e comprometimento <strong><a href=\"https:\/\/www.gaveanews.com\/index.php\/2024\/11\/25\/a-declaracao-de-rodrigo-garro-direcionada-a-cassio-do-cruzeiro\/\">(leia a mat\u00e9ria completa).<\/a><\/strong><\/p>\n\n\n\n<figure class=\"wp-block-image size-large\"><img loading=\"lazy\" decoding=\"async\" width=\"1024\" height=\"772\" src=\"https:\/\/www.gaveanews.com\/wp-content\/uploads\/Rodrigo-Garro-com-a-camisa-do-Corinthians-em-2024-1024x772.webp\" alt=\"\" class=\"wp-image-161268\" srcset=\"https:\/\/www.gaveanews.com\/wp-content\/uploads\/Rodrigo-Garro-com-a-camisa-do-Corinthians-em-2024-1024x772.webp 1024w, https:\/\/www.gaveanews.com\/wp-content\/uploads\/Rodrigo-Garro-com-a-camisa-do-Corinthians-em-2024-300x226.webp 300w, https:\/\/www.gaveanews.com\/wp-content\/uploads\/Rodrigo-Garro-com-a-camisa-do-Corinthians-em-2024-768x579.webp 768w, https:\/\/www.gaveanews.com\/wp-content\/uploads\/Rodrigo-Garro-com-a-camisa-do-Corinthians-em-2024-557x420.webp 557w, https:\/\/www.gaveanews.com\/wp-content\/uploads\/Rodrigo-Garro-com-a-camisa-do-Corinthians-em-2024-1115x840.webp 1115w, https:\/\/www.gaveanews.com\/wp-content\/uploads\/Rodrigo-Garro-com-a-camisa-do-Corinthians-em-2024-80x60.webp 80w, https:\/\/www.gaveanews.com\/wp-content\/uploads\/Rodrigo-Garro-com-a-camisa-do-Corinthians-em-2024-160x120.webp 160w, https:\/\/www.gaveanews.com\/wp-content\/uploads\/Rodrigo-Garro-com-a-camisa-do-Corinthians-em-2024-100x75.webp 100w, https:\/\/www.gaveanews.com\/wp-content\/uploads\/Rodrigo-Garro-com-a-camisa-do-Corinthians-em-2024-200x150.webp 200w, https:\/\/www.gaveanews.com\/wp-content\/uploads\/Rodrigo-Garro-com-a-camisa-do-Corinthians-em-2024-180x135.webp 180w, https:\/\/www.gaveanews.com\/wp-content\/uploads\/Rodrigo-Garro-com-a-camisa-do-Corinthians-em-2024-360x270.webp 360w, https:\/\/www.gaveanews.com\/wp-content\/uploads\/Rodrigo-Garro-com-a-camisa-do-Corinthians-em-2024-238x178.webp 238w, https:\/\/www.gaveanews.com\/wp-content\/uploads\/Rodrigo-Garro-com-a-camisa-do-Corinthians-em-2024-640x482.webp 640w, https:\/\/www.gaveanews.com\/wp-content\/uploads\/Rodrigo-Garro-com-a-camisa-do-Corinthians-em-2024-1280x964.webp 1280w, https:\/\/www.gaveanews.com\/wp-content\/uploads\/Rodrigo-Garro-com-a-camisa-do-Corinthians-em-2024-681x513.webp 681w, https:\/\/www.gaveanews.com\/wp-content\/uploads\/Rodrigo-Garro-com-a-camisa-do-Corinthians-em-2024-1362x1026.webp 1362w, https:\/\/www.gaveanews.com\/wp-content\/uploads\/Rodrigo-Garro-com-a-camisa-do-Corinthians-em-2024.webp 1440w\" sizes=\"auto, (max-width: 1024px) 100vw, 1024px\" \/><figcaption class=\"wp-element-caption\">Rodrigo Garro com a camisa do Corinthians em 2024 (Foto: Reprodu\u00e7\u00e3o\/Instagram)<\/figcaption><\/figure>\n\n\n\n<p>Em entrevista, Garro revelou que a decis\u00e3o de abandonar a camisa 16, que ele considerava seu amuleto de sorte, foi significativa. Encorajado por palavras motivadoras de C\u00e1ssio, que o chamou para abra\u00e7ar a mudan\u00e7a, Garro afirmou sentir-se honrado em representar a m\u00edstica da 10 no Corinthians. Ele tamb\u00e9m destacou a import\u00e2ncia da aprova\u00e7\u00e3o do grupo para consolidar sua posi\u00e7\u00e3o.<\/p>\n\n\n\n<p>O meio-campista argentino tem sido fundamental no desempenho do Corinthians, como demonstrado na vit\u00f3ria recente sobre o Vasco, onde marcou dois gols. Ao assumir a camisa 10, Garro simboliza a confian\u00e7a depositada por seus colegas e a torcida, enquanto busca liderar a equipe rumo a novas conquistas nos jogos restantes do Brasileir\u00e3o.<\/p>\n\n\n\n<h2 class=\"wp-block-heading\" id=\"h-julgamento-do-corinthians\">Julgamento do Corinthians <\/h2>\n\n\n\n<p>O STJD agendou para esta quinta-feira (28) o julgamento de Yuri Alberto, Cac\u00e1 e Fabinho Soldado, envolvidos em incidentes no confronto entre Corinthians e Flamengo pelo Brasileir\u00e3o. O clube paulista busca converter as suspens\u00f5es dos atletas em multas financeiras, estrat\u00e9gia j\u00e1 utilizada com sucesso em outros casos recentes, como o de Andr\u00e9 Ramalho, do Palmeiras, que teve uma suspens\u00e3o reduzida ao pagar uma multa de R$ 30 mil.<\/p>\n\n\n\n<figure class=\"wp-block-image size-large\"><img loading=\"lazy\" decoding=\"async\" width=\"1024\" height=\"576\" src=\"https:\/\/www.gaveanews.com\/wp-content\/uploads\/stjd-1024x576.webp\" alt=\"\" class=\"wp-image-36980\" srcset=\"https:\/\/www.gaveanews.com\/wp-content\/uploads\/stjd-1024x576.webp 1024w, https:\/\/www.gaveanews.com\/wp-content\/uploads\/stjd-300x169.webp 300w, https:\/\/www.gaveanews.com\/wp-content\/uploads\/stjd-768x432.webp 768w, https:\/\/www.gaveanews.com\/wp-content\/uploads\/stjd-747x420.webp 747w, https:\/\/www.gaveanews.com\/wp-content\/uploads\/stjd-640x360.webp 640w, https:\/\/www.gaveanews.com\/wp-content\/uploads\/stjd-681x383.webp 681w, https:\/\/www.gaveanews.com\/wp-content\/uploads\/stjd-100x56.webp 100w, https:\/\/www.gaveanews.com\/wp-content\/uploads\/stjd.webp 1200w\" sizes=\"auto, (max-width: 1024px) 100vw, 1024px\" \/><\/figure>\n\n\n\n<p>Yuri Alberto e Cac\u00e1 foram inicialmente punidos com dois jogos de suspens\u00e3o, mas cumpriram uma partida de forma autom\u00e1tica e receberam efeito suspensivo para atuar contra o Palmeiras. O Corinthians espera que a pena restante seja transformada em multa, garantindo a disponibilidade dos jogadores para a reta final do campeonato. J\u00e1 Fabinho Soldado, suspenso por 15 dias ap\u00f3s criticar a arbitragem, busca a libera\u00e7\u00e3o para retornar \u00e0s atividades com a equipe.<\/p>\n\n\n\n<p>O resultado do julgamento ser\u00e1 crucial para o t\u00e9cnico Ram\u00f3n D\u00edaz, que depende de seus principais atletas para consolidar a posi\u00e7\u00e3o do Corinthians na tabela e garantir uma vaga na Libertadores de 2025. A resolu\u00e7\u00e3o deste caso pode impactar diretamente o desempenho do clube nos jogos finais da temporada.<\/p>\n","protected":false},"excerpt":{"rendered":"<p>Nas \u00faltimas horas, o foco das not\u00edcias sobre o Corinthians se concentram nos bastidores do clube, com destaques como o julgamento e a declara\u00e7\u00e3o de Garro. Por conta deste contexto, leia abaixo um resumo preparado pela equipe do portal G\u00e1vea News para lhe manter muito bem informado! Revela\u00e7\u00e3o de Yuri Alberto Yuri Alberto, atacante do [&hellip;]<\/p>\n","protected":false},"author":27,"featured_media":154473,"comment_status":"open","ping_status":"closed","sticky":false,"template":"","format":"standard","meta":{"footnotes":""},"categories":[141],"tags":[],"class_list":["post-190443","post","type-post","status-publish","format-standard","has-post-thumbnail","hentry","category-corinthians"],"yoast_head":"<!-- This site is optimized with the Yoast SEO Premium plugin v24.2 (Yoast SEO v26.9) - https:\/\/yoast.com\/product\/yoast-seo-premium-wordpress\/ -->\n<title>Julgamento do Corinthians, declara\u00e7\u00e3o de Garro e revela\u00e7\u00e3o de Yuri Alberto: as \u00faltimas not\u00edcias do Tim\u00e3o<\/title>\n<meta name=\"robots\" content=\"index, follow, max-snippet:-1, max-image-preview:large, max-video-preview:-1\" \/>\n<link rel=\"canonical\" href=\"https:\/\/www.gaveanews.com\/index.php\/2024\/11\/26\/julgamento-do-corinthians-declaracao-de-garro-e-revelacao-de-yuri-alberto-as-ultimas-noticias-do-timao\/\" \/>\n<meta property=\"og:locale\" content=\"pt_BR\" \/>\n<meta property=\"og:type\" content=\"article\" \/>\n<meta property=\"og:title\" content=\"Julgamento do Corinthians, declara\u00e7\u00e3o de Garro e revela\u00e7\u00e3o de Yuri Alberto: as \u00faltimas not\u00edcias do Tim\u00e3o\" \/>\n<meta property=\"og:description\" content=\"Nas \u00faltimas horas, o foco das not\u00edcias sobre o Corinthians se concentram nos bastidores do clube, com destaques como o julgamento e a declara\u00e7\u00e3o de Garro. Por conta deste contexto, leia abaixo um resumo preparado pela equipe do portal G\u00e1vea News para lhe manter muito bem informado! Revela\u00e7\u00e3o de Yuri Alberto Yuri Alberto, atacante do [&hellip;]\" \/>\n<meta property=\"og:url\" content=\"https:\/\/www.gaveanews.com\/index.php\/2024\/11\/26\/julgamento-do-corinthians-declaracao-de-garro-e-revelacao-de-yuri-alberto-as-ultimas-noticias-do-timao\/\" \/>\n<meta property=\"og:site_name\" content=\"G\u00e1vea News\" \/>\n<meta property=\"article:publisher\" content=\"https:\/\/facebook.com\/gaveaNews\/\" \/>\n<meta property=\"article:published_time\" content=\"2024-11-26T07:25:00+00:00\" \/>\n<meta property=\"og:image\" content=\"https:\/\/www.gaveanews.com\/wp-content\/uploads\/Escudo-do-Corinthians-na-Neo-Quimica-Arena.webp\" \/>\n\t<meta property=\"og:image:width\" content=\"1440\" \/>\n\t<meta property=\"og:image:height\" content=\"959\" \/>\n\t<meta property=\"og:image:type\" content=\"image\/jpeg\" \/>\n<meta name=\"author\" content=\"Matheus Felipe\" \/>\n<meta name=\"twitter:card\" content=\"summary_large_image\" \/>\n<meta name=\"twitter:label1\" content=\"Escrito por\" \/>\n\t<meta name=\"twitter:data1\" content=\"Matheus Felipe\" \/>\n\t<meta name=\"twitter:label2\" content=\"Est. tempo de leitura\" \/>\n\t<meta name=\"twitter:data2\" content=\"5 minutos\" \/>\n<script type=\"application\/ld+json\" class=\"yoast-schema-graph\">{\"@context\":\"https:\/\/schema.org\",\"@graph\":[{\"@type\":\"NewsArticle\",\"@id\":\"https:\/\/www.gaveanews.com\/index.php\/2024\/11\/26\/julgamento-do-corinthians-declaracao-de-garro-e-revelacao-de-yuri-alberto-as-ultimas-noticias-do-timao\/#article\",\"isPartOf\":{\"@id\":\"https:\/\/www.gaveanews.com\/index.php\/2024\/11\/26\/julgamento-do-corinthians-declaracao-de-garro-e-revelacao-de-yuri-alberto-as-ultimas-noticias-do-timao\/\"},\"author\":{\"name\":\"Matheus Felipe\",\"@id\":\"https:\/\/www.gaveanews.com\/#\/schema\/person\/8207cd4627f56151707418bfc835b2fb\"},\"headline\":\"Julgamento do Corinthians, declara\u00e7\u00e3o de Garro e revela\u00e7\u00e3o de Yuri Alberto: as \u00faltimas not\u00edcias do Tim\u00e3o\",\"datePublished\":\"2024-11-26T07:25:00+00:00\",\"mainEntityOfPage\":{\"@id\":\"https:\/\/www.gaveanews.com\/index.php\/2024\/11\/26\/julgamento-do-corinthians-declaracao-de-garro-e-revelacao-de-yuri-alberto-as-ultimas-noticias-do-timao\/\"},\"wordCount\":678,\"commentCount\":0,\"image\":{\"@id\":\"https:\/\/www.gaveanews.com\/index.php\/2024\/11\/26\/julgamento-do-corinthians-declaracao-de-garro-e-revelacao-de-yuri-alberto-as-ultimas-noticias-do-timao\/#primaryimage\"},\"thumbnailUrl\":\"https:\/\/www.gaveanews.com\/wp-content\/uploads\/Escudo-do-Corinthians-na-Neo-Quimica-Arena.webp\",\"articleSection\":[\"Corinthians\"],\"inLanguage\":\"pt-BR\",\"potentialAction\":[{\"@type\":\"CommentAction\",\"name\":\"Comment\",\"target\":[\"https:\/\/www.gaveanews.com\/index.php\/2024\/11\/26\/julgamento-do-corinthians-declaracao-de-garro-e-revelacao-de-yuri-alberto-as-ultimas-noticias-do-timao\/#respond\"]}],\"copyrightYear\":\"2024\",\"copyrightHolder\":{\"@id\":\"https:\/\/www.gaveanews.com\/#organization\"}},{\"@type\":\"WebPage\",\"@id\":\"https:\/\/www.gaveanews.com\/index.php\/2024\/11\/26\/julgamento-do-corinthians-declaracao-de-garro-e-revelacao-de-yuri-alberto-as-ultimas-noticias-do-timao\/\",\"url\":\"https:\/\/www.gaveanews.com\/index.php\/2024\/11\/26\/julgamento-do-corinthians-declaracao-de-garro-e-revelacao-de-yuri-alberto-as-ultimas-noticias-do-timao\/\",\"name\":\"Julgamento do Corinthians, declara\u00e7\u00e3o de Garro e revela\u00e7\u00e3o de Yuri Alberto: as \u00faltimas not\u00edcias do Tim\u00e3o\",\"isPartOf\":{\"@id\":\"https:\/\/www.gaveanews.com\/#website\"},\"primaryImageOfPage\":{\"@id\":\"https:\/\/www.gaveanews.com\/index.php\/2024\/11\/26\/julgamento-do-corinthians-declaracao-de-garro-e-revelacao-de-yuri-alberto-as-ultimas-noticias-do-timao\/#primaryimage\"},\"image\":{\"@id\":\"https:\/\/www.gaveanews.com\/index.php\/2024\/11\/26\/julgamento-do-corinthians-declaracao-de-garro-e-revelacao-de-yuri-alberto-as-ultimas-noticias-do-timao\/#primaryimage\"},\"thumbnailUrl\":\"https:\/\/www.gaveanews.com\/wp-content\/uploads\/Escudo-do-Corinthians-na-Neo-Quimica-Arena.webp\",\"datePublished\":\"2024-11-26T07:25:00+00:00\",\"author\":{\"@id\":\"https:\/\/www.gaveanews.com\/#\/schema\/person\/8207cd4627f56151707418bfc835b2fb\"},\"breadcrumb\":{\"@id\":\"https:\/\/www.gaveanews.com\/index.php\/2024\/11\/26\/julgamento-do-corinthians-declaracao-de-garro-e-revelacao-de-yuri-alberto-as-ultimas-noticias-do-timao\/#breadcrumb\"},\"inLanguage\":\"pt-BR\",\"potentialAction\":[{\"@type\":\"ReadAction\",\"target\":[\"https:\/\/www.gaveanews.com\/index.php\/2024\/11\/26\/julgamento-do-corinthians-declaracao-de-garro-e-revelacao-de-yuri-alberto-as-ultimas-noticias-do-timao\/\"]}]},{\"@type\":\"ImageObject\",\"inLanguage\":\"pt-BR\",\"@id\":\"https:\/\/www.gaveanews.com\/index.php\/2024\/11\/26\/julgamento-do-corinthians-declaracao-de-garro-e-revelacao-de-yuri-alberto-as-ultimas-noticias-do-timao\/#primaryimage\",\"url\":\"https:\/\/www.gaveanews.com\/wp-content\/uploads\/Escudo-do-Corinthians-na-Neo-Quimica-Arena.webp\",\"contentUrl\":\"https:\/\/www.gaveanews.com\/wp-content\/uploads\/Escudo-do-Corinthians-na-Neo-Quimica-Arena.webp\",\"width\":1440,\"height\":959,\"caption\":\"Escudo do Corinthians na N\u00e9o Qu\u00edmica Arena (Foto Reprodu\u00e7\u00e3o\/Instagram)\"},{\"@type\":\"BreadcrumbList\",\"@id\":\"https:\/\/www.gaveanews.com\/index.php\/2024\/11\/26\/julgamento-do-corinthians-declaracao-de-garro-e-revelacao-de-yuri-alberto-as-ultimas-noticias-do-timao\/#breadcrumb\",\"itemListElement\":[{\"@type\":\"ListItem\",\"position\":1,\"name\":\"Home\",\"item\":\"https:\/\/www.gaveanews.com\/\"},{\"@type\":\"ListItem\",\"position\":2,\"name\":\"Julgamento do Corinthians, declara\u00e7\u00e3o de Garro e revela\u00e7\u00e3o de Yuri Alberto: as \u00faltimas not\u00edcias do Tim\u00e3o\"}]},{\"@type\":\"WebSite\",\"@id\":\"https:\/\/www.gaveanews.com\/#website\",\"url\":\"https:\/\/www.gaveanews.com\/\",\"name\":\"G\u00e1vea News\",\"description\":\"Veja todas as not\u00edcias sobre o Flamengo: Contrata\u00e7\u00f5es, categorias de base, resultados das partidas, tabela de classifica\u00e7\u00e3o, pr\u00f3ximos jogos!\",\"potentialAction\":[{\"@type\":\"SearchAction\",\"target\":{\"@type\":\"EntryPoint\",\"urlTemplate\":\"https:\/\/www.gaveanews.com\/?s={search_term_string}\"},\"query-input\":{\"@type\":\"PropertyValueSpecification\",\"valueRequired\":true,\"valueName\":\"search_term_string\"}}],\"inLanguage\":\"pt-BR\"},{\"@type\":\"Person\",\"@id\":\"https:\/\/www.gaveanews.com\/#\/schema\/person\/8207cd4627f56151707418bfc835b2fb\",\"name\":\"Matheus Felipe\",\"image\":{\"@type\":\"ImageObject\",\"inLanguage\":\"pt-BR\",\"@id\":\"https:\/\/www.gaveanews.com\/#\/schema\/person\/image\/\",\"url\":\"https:\/\/secure.gravatar.com\/avatar\/a452ffbed9130f726358b298bb3a99ce4bd3c5338411f8440e87e14d74c7c087?s=96&d=mm&r=g\",\"contentUrl\":\"https:\/\/secure.gravatar.com\/avatar\/a452ffbed9130f726358b298bb3a99ce4bd3c5338411f8440e87e14d74c7c087?s=96&d=mm&r=g\",\"caption\":\"Matheus Felipe\"}}]}<\/script>\n<!-- \/ Yoast SEO Premium plugin. -->","yoast_head_json":{"title":"Julgamento do Corinthians, declara\u00e7\u00e3o de Garro e revela\u00e7\u00e3o de Yuri Alberto: as \u00faltimas not\u00edcias do Tim\u00e3o","robots":{"index":"index","follow":"follow","max-snippet":"max-snippet:-1","max-image-preview":"max-image-preview:large","max-video-preview":"max-video-preview:-1"},"canonical":"https:\/\/www.gaveanews.com\/index.php\/2024\/11\/26\/julgamento-do-corinthians-declaracao-de-garro-e-revelacao-de-yuri-alberto-as-ultimas-noticias-do-timao\/","og_locale":"pt_BR","og_type":"article","og_title":"Julgamento do Corinthians, declara\u00e7\u00e3o de Garro e revela\u00e7\u00e3o de Yuri Alberto: as \u00faltimas not\u00edcias do Tim\u00e3o","og_description":"Nas \u00faltimas horas, o foco das not\u00edcias sobre o Corinthians se concentram nos bastidores do clube, com destaques como o julgamento e a declara\u00e7\u00e3o de Garro. Por conta deste contexto, leia abaixo um resumo preparado pela equipe do portal G\u00e1vea News para lhe manter muito bem informado! Revela\u00e7\u00e3o de Yuri Alberto Yuri Alberto, atacante do [&hellip;]","og_url":"https:\/\/www.gaveanews.com\/index.php\/2024\/11\/26\/julgamento-do-corinthians-declaracao-de-garro-e-revelacao-de-yuri-alberto-as-ultimas-noticias-do-timao\/","og_site_name":"G\u00e1vea News","article_publisher":"https:\/\/facebook.com\/gaveaNews\/","article_published_time":"2024-11-26T07:25:00+00:00","og_image":[{"width":1440,"height":959,"url":"https:\/\/www.gaveanews.com\/wp-content\/uploads\/Escudo-do-Corinthians-na-Neo-Quimica-Arena.webp","type":"image\/jpeg"}],"author":"Matheus Felipe","twitter_card":"summary_large_image","twitter_misc":{"Escrito por":"Matheus Felipe","Est. tempo de leitura":"5 minutos"},"schema":{"@context":"https:\/\/schema.org","@graph":[{"@type":"NewsArticle","@id":"https:\/\/www.gaveanews.com\/index.php\/2024\/11\/26\/julgamento-do-corinthians-declaracao-de-garro-e-revelacao-de-yuri-alberto-as-ultimas-noticias-do-timao\/#article","isPartOf":{"@id":"https:\/\/www.gaveanews.com\/index.php\/2024\/11\/26\/julgamento-do-corinthians-declaracao-de-garro-e-revelacao-de-yuri-alberto-as-ultimas-noticias-do-timao\/"},"author":{"name":"Matheus Felipe","@id":"https:\/\/www.gaveanews.com\/#\/schema\/person\/8207cd4627f56151707418bfc835b2fb"},"headline":"Julgamento do Corinthians, declara\u00e7\u00e3o de Garro e revela\u00e7\u00e3o de Yuri Alberto: as \u00faltimas not\u00edcias do Tim\u00e3o","datePublished":"2024-11-26T07:25:00+00:00","mainEntityOfPage":{"@id":"https:\/\/www.gaveanews.com\/index.php\/2024\/11\/26\/julgamento-do-corinthians-declaracao-de-garro-e-revelacao-de-yuri-alberto-as-ultimas-noticias-do-timao\/"},"wordCount":678,"commentCount":0,"image":{"@id":"https:\/\/www.gaveanews.com\/index.php\/2024\/11\/26\/julgamento-do-corinthians-declaracao-de-garro-e-revelacao-de-yuri-alberto-as-ultimas-noticias-do-timao\/#primaryimage"},"thumbnailUrl":"https:\/\/www.gaveanews.com\/wp-content\/uploads\/Escudo-do-Corinthians-na-Neo-Quimica-Arena.webp","articleSection":["Corinthians"],"inLanguage":"pt-BR","potentialAction":[{"@type":"CommentAction","name":"Comment","target":["https:\/\/www.gaveanews.com\/index.php\/2024\/11\/26\/julgamento-do-corinthians-declaracao-de-garro-e-revelacao-de-yuri-alberto-as-ultimas-noticias-do-timao\/#respond"]}],"copyrightYear":"2024","copyrightHolder":{"@id":"https:\/\/www.gaveanews.com\/#organization"}},{"@type":"WebPage","@id":"https:\/\/www.gaveanews.com\/index.php\/2024\/11\/26\/julgamento-do-corinthians-declaracao-de-garro-e-revelacao-de-yuri-alberto-as-ultimas-noticias-do-timao\/","url":"https:\/\/www.gaveanews.com\/index.php\/2024\/11\/26\/julgamento-do-corinthians-declaracao-de-garro-e-revelacao-de-yuri-alberto-as-ultimas-noticias-do-timao\/","name":"Julgamento do Corinthians, declara\u00e7\u00e3o de Garro e revela\u00e7\u00e3o de Yuri Alberto: as \u00faltimas not\u00edcias do Tim\u00e3o","isPartOf":{"@id":"https:\/\/www.gaveanews.com\/#website"},"primaryImageOfPage":{"@id":"https:\/\/www.gaveanews.com\/index.php\/2024\/11\/26\/julgamento-do-corinthians-declaracao-de-garro-e-revelacao-de-yuri-alberto-as-ultimas-noticias-do-timao\/#primaryimage"},"image":{"@id":"https:\/\/www.gaveanews.com\/index.php\/2024\/11\/26\/julgamento-do-corinthians-declaracao-de-garro-e-revelacao-de-yuri-alberto-as-ultimas-noticias-do-timao\/#primaryimage"},"thumbnailUrl":"https:\/\/www.gaveanews.com\/wp-content\/uploads\/Escudo-do-Corinthians-na-Neo-Quimica-Arena.webp","datePublished":"2024-11-26T07:25:00+00:00","author":{"@id":"https:\/\/www.gaveanews.com\/#\/schema\/person\/8207cd4627f56151707418bfc835b2fb"},"breadcrumb":{"@id":"https:\/\/www.gaveanews.com\/index.php\/2024\/11\/26\/julgamento-do-corinthians-declaracao-de-garro-e-revelacao-de-yuri-alberto-as-ultimas-noticias-do-timao\/#breadcrumb"},"inLanguage":"pt-BR","potentialAction":[{"@type":"ReadAction","target":["https:\/\/www.gaveanews.com\/index.php\/2024\/11\/26\/julgamento-do-corinthians-declaracao-de-garro-e-revelacao-de-yuri-alberto-as-ultimas-noticias-do-timao\/"]}]},{"@type":"ImageObject","inLanguage":"pt-BR","@id":"https:\/\/www.gaveanews.com\/index.php\/2024\/11\/26\/julgamento-do-corinthians-declaracao-de-garro-e-revelacao-de-yuri-alberto-as-ultimas-noticias-do-timao\/#primaryimage","url":"https:\/\/www.gaveanews.com\/wp-content\/uploads\/Escudo-do-Corinthians-na-Neo-Quimica-Arena.webp","contentUrl":"https:\/\/www.gaveanews.com\/wp-content\/uploads\/Escudo-do-Corinthians-na-Neo-Quimica-Arena.webp","width":1440,"height":959,"caption":"Escudo do Corinthians na N\u00e9o Qu\u00edmica Arena (Foto Reprodu\u00e7\u00e3o\/Instagram)"},{"@type":"BreadcrumbList","@id":"https:\/\/www.gaveanews.com\/index.php\/2024\/11\/26\/julgamento-do-corinthians-declaracao-de-garro-e-revelacao-de-yuri-alberto-as-ultimas-noticias-do-timao\/#breadcrumb","itemListElement":[{"@type":"ListItem","position":1,"name":"Home","item":"https:\/\/www.gaveanews.com\/"},{"@type":"ListItem","position":2,"name":"Julgamento do Corinthians, declara\u00e7\u00e3o de Garro e revela\u00e7\u00e3o de Yuri Alberto: as \u00faltimas not\u00edcias do Tim\u00e3o"}]},{"@type":"WebSite","@id":"https:\/\/www.gaveanews.com\/#website","url":"https:\/\/www.gaveanews.com\/","name":"G\u00e1vea News","description":"Veja todas as not\u00edcias sobre o Flamengo: Contrata\u00e7\u00f5es, categorias de base, resultados das partidas, tabela de classifica\u00e7\u00e3o, pr\u00f3ximos jogos!","potentialAction":[{"@type":"SearchAction","target":{"@type":"EntryPoint","urlTemplate":"https:\/\/www.gaveanews.com\/?s={search_term_string}"},"query-input":{"@type":"PropertyValueSpecification","valueRequired":true,"valueName":"search_term_string"}}],"inLanguage":"pt-BR"},{"@type":"Person","@id":"https:\/\/www.gaveanews.com\/#\/schema\/person\/8207cd4627f56151707418bfc835b2fb","name":"Matheus Felipe","image":{"@type":"ImageObject","inLanguage":"pt-BR","@id":"https:\/\/www.gaveanews.com\/#\/schema\/person\/image\/","url":"https:\/\/secure.gravatar.com\/avatar\/a452ffbed9130f726358b298bb3a99ce4bd3c5338411f8440e87e14d74c7c087?s=96&d=mm&r=g","contentUrl":"https:\/\/secure.gravatar.com\/avatar\/a452ffbed9130f726358b298bb3a99ce4bd3c5338411f8440e87e14d74c7c087?s=96&d=mm&r=g","caption":"Matheus Felipe"}}]}},"_links":{"self":[{"href":"https:\/\/www.gaveanews.com\/index.php\/wp-json\/wp\/v2\/posts\/190443","targetHints":{"allow":["GET"]}}],"collection":[{"href":"https:\/\/www.gaveanews.com\/index.php\/wp-json\/wp\/v2\/posts"}],"about":[{"href":"https:\/\/www.gaveanews.com\/index.php\/wp-json\/wp\/v2\/types\/post"}],"author":[{"embeddable":true,"href":"https:\/\/www.gaveanews.com\/index.php\/wp-json\/wp\/v2\/users\/27"}],"replies":[{"embeddable":true,"href":"https:\/\/www.gaveanews.com\/index.php\/wp-json\/wp\/v2\/comments?post=190443"}],"version-history":[{"count":1,"href":"https:\/\/www.gaveanews.com\/index.php\/wp-json\/wp\/v2\/posts\/190443\/revisions"}],"predecessor-version":[{"id":190445,"href":"https:\/\/www.gaveanews.com\/index.php\/wp-json\/wp\/v2\/posts\/190443\/revisions\/190445"}],"wp:featuredmedia":[{"embeddable":true,"href":"https:\/\/www.gaveanews.com\/index.php\/wp-json\/wp\/v2\/media\/154473"}],"wp:attachment":[{"href":"https:\/\/www.gaveanews.com\/index.php\/wp-json\/wp\/v2\/media?parent=190443"}],"wp:term":[{"taxonomy":"category","embeddable":true,"href":"https:\/\/www.gaveanews.com\/index.php\/wp-json\/wp\/v2\/categories?post=190443"},{"taxonomy":"post_tag","embeddable":true,"href":"https:\/\/www.gaveanews.com\/index.php\/wp-json\/wp\/v2\/tags?post=190443"}],"curies":[{"name":"wp","href":"https:\/\/api.w.org\/{rel}","templated":true}]}}