{"id":190449,"date":"2024-11-26T06:25:00","date_gmt":"2024-11-26T09:25:00","guid":{"rendered":"https:\/\/www.gaveanews.com\/?p=190449"},"modified":"2024-11-26T02:08:46","modified_gmt":"2024-11-26T05:08:46","slug":"prazo-por-hugo-souza-declaracao-de-ramon-diaz-e-rescisao-de-contrato-as-ultimas-noticias-do-corinthians","status":"publish","type":"post","link":"https:\/\/www.gaveanews.com\/index.php\/2024\/11\/26\/prazo-por-hugo-souza-declaracao-de-ramon-diaz-e-rescisao-de-contrato-as-ultimas-noticias-do-corinthians\/","title":{"rendered":"Prazo por Hugo Souza, declara\u00e7\u00e3o de Ram\u00f3n D\u00edaz e rescis\u00e3o de contrato: as \u00faltimas not\u00edcias do Corinthians"},"content":{"rendered":"\n<p>Nas \u00faltimas horas, o foco das not\u00edcias sobre o Corinthians se concentram nos bastidores do clube, com destaques como o prazo por Hugo Souza e a declara\u00e7\u00e3o de Ram\u00f3n D\u00edaz.<\/p>\n\n\n\n<p>Por conta deste contexto, leia abaixo um resumo preparado pela equipe do portal G\u00e1vea News para lhe manter muito bem informado!<\/p>\n\n\n\n<h2 class=\"wp-block-heading\" id=\"h-rescisao-de-contrato\">Rescis\u00e3o de contrato<\/h2>\n\n\n\n<p>Fred Luz, CEO do Corinthians e ex-dirigente do Flamengo, enfrenta um momento de incertezas no clube paulista, apesar do respaldo do presidente Augusto Melo. Fred, atualmente atuando como consultor para a Alvarez &amp; Marsal, recebeu elogios pela gest\u00e3o que tem contribu\u00eddo para sanear as finan\u00e7as do clube, incluindo a regulariza\u00e7\u00e3o de sal\u00e1rios e direitos de imagem. No entanto, cr\u00edticas de conselheiros e o cen\u00e1rio pol\u00edtico do clube colocam sua continuidade em d\u00favida<strong><a href=\"https:\/\/www.gaveanews.com\/index.php\/2024\/11\/25\/ele-optou-por-deixar-o-flamengo-e-agora-pode-rescindir-com-o-corinthians\/\"> (leia a mat\u00e9ria completa).<\/a><\/strong><\/p>\n\n\n\n<figure class=\"wp-block-image size-large\"><img loading=\"lazy\" decoding=\"async\" width=\"1024\" height=\"576\" src=\"https:\/\/www.gaveanews.com\/wp-content\/uploads\/Augusto-Melo-durante-coletiva-de-imprensa-do-Corinthians-1024x576.webp\" alt=\"\" class=\"wp-image-145590\" srcset=\"https:\/\/www.gaveanews.com\/wp-content\/uploads\/Augusto-Melo-durante-coletiva-de-imprensa-do-Corinthians-1024x576.webp 1024w, https:\/\/www.gaveanews.com\/wp-content\/uploads\/Augusto-Melo-durante-coletiva-de-imprensa-do-Corinthians-300x169.webp 300w, https:\/\/www.gaveanews.com\/wp-content\/uploads\/Augusto-Melo-durante-coletiva-de-imprensa-do-Corinthians-768x432.webp 768w, https:\/\/www.gaveanews.com\/wp-content\/uploads\/Augusto-Melo-durante-coletiva-de-imprensa-do-Corinthians-1536x864.webp 1536w, https:\/\/www.gaveanews.com\/wp-content\/uploads\/Augusto-Melo-durante-coletiva-de-imprensa-do-Corinthians-747x420.webp 747w, https:\/\/www.gaveanews.com\/wp-content\/uploads\/Augusto-Melo-durante-coletiva-de-imprensa-do-Corinthians-1493x840.webp 1493w, https:\/\/www.gaveanews.com\/wp-content\/uploads\/Augusto-Melo-durante-coletiva-de-imprensa-do-Corinthians-640x360.webp 640w, https:\/\/www.gaveanews.com\/wp-content\/uploads\/Augusto-Melo-durante-coletiva-de-imprensa-do-Corinthians-1280x720.webp 1280w, https:\/\/www.gaveanews.com\/wp-content\/uploads\/Augusto-Melo-durante-coletiva-de-imprensa-do-Corinthians-681x383.webp 681w, https:\/\/www.gaveanews.com\/wp-content\/uploads\/Augusto-Melo-durante-coletiva-de-imprensa-do-Corinthians-1362x766.webp 1362w, https:\/\/www.gaveanews.com\/wp-content\/uploads\/Augusto-Melo-durante-coletiva-de-imprensa-do-Corinthians-100x56.webp 100w, https:\/\/www.gaveanews.com\/wp-content\/uploads\/Augusto-Melo-durante-coletiva-de-imprensa-do-Corinthians.webp 1920w\" sizes=\"auto, (max-width: 1024px) 100vw, 1024px\" \/><figcaption class=\"wp-element-caption\">Augusto Melo durante coletiva de imprensa do Corinthians (Foto: Rodrigo Coca\/ Corinthians)<\/figcaption><\/figure>\n\n\n\n<p>O presidente Augusto Melo, que enfrenta um processo de impeachment, defendeu a perman\u00eancia de Fred Luz e destacou as conquistas da atual administra\u00e7\u00e3o. <\/p>\n\n\n\n<p>Ele tamb\u00e9m expressou gratid\u00e3o pelo apoio p\u00fablico de jogadores, que emitiram um comunicado oficial em defesa da gest\u00e3o. Emocionado, Melo classificou o gesto como uma \u201csegunda democracia\u201d no Corinthians, enfatizando o esp\u00edrito de uni\u00e3o entre atletas e dire\u00e7\u00e3o.<\/p>\n\n\n\n<p>No contexto pol\u00edtico, Augusto criticou as movimenta\u00e7\u00f5es internas que pedem sua sa\u00edda e afirmou que qualquer erro cometido seria motivo para ren\u00fancia espont\u00e2nea. O dirigente refor\u00e7ou o compromisso com a reestrutura\u00e7\u00e3o do clube, garantindo que o foco permanece na moderniza\u00e7\u00e3o e na estabilidade do Corinthians, apesar das press\u00f5es externas e dos desafios administrativos.<\/p>\n\n\n\n<h2 class=\"wp-block-heading\" id=\"h-declaracao-de-ramon-diaz\">Declara\u00e7\u00e3o de Ram\u00f3n D\u00edaz<\/h2>\n\n\n\n<p>O t\u00e9cnico Ram\u00f3n D\u00edaz destacou a evolu\u00e7\u00e3o do Corinthians ap\u00f3s a vit\u00f3ria sobre o Vasco por 3 a 1, que colocou o time na nona posi\u00e7\u00e3o do Brasileir\u00e3o e o manteve na luta por uma vaga na Libertadores. D\u00edaz elogiou o desempenho defensivo e o equil\u00edbrio entre defesa e ataque, ressaltando a import\u00e2ncia da competi\u00e7\u00e3o saud\u00e1vel no elenco. Em especial, mencionou Raniele, cujo desempenho vem crescendo, e Rodrigo Garro, autor de dois gols e uma assist\u00eancia na partida <strong><a href=\"https:\/\/www.gaveanews.com\/index.php\/2024\/11\/25\/video-a-declaracao-de-ramon-diaz-direcionada-a-raniele-do-corinthians\/\">(leia a mat\u00e9ria completa).<\/a><\/strong><\/p>\n\n\n\n<figure class=\"wp-block-image size-large\"><img loading=\"lazy\" decoding=\"async\" width=\"1024\" height=\"1024\" src=\"https:\/\/www.gaveanews.com\/wp-content\/uploads\/Ramon-Diaz-durante-treinamento-do-Corinthians-1024x1024.webp\" alt=\"\" class=\"wp-image-152487\" srcset=\"https:\/\/www.gaveanews.com\/wp-content\/uploads\/Ramon-Diaz-durante-treinamento-do-Corinthians-1024x1024.webp 1024w, https:\/\/www.gaveanews.com\/wp-content\/uploads\/Ramon-Diaz-durante-treinamento-do-Corinthians-300x300.webp 300w, https:\/\/www.gaveanews.com\/wp-content\/uploads\/Ramon-Diaz-durante-treinamento-do-Corinthians-150x150.webp 150w, https:\/\/www.gaveanews.com\/wp-content\/uploads\/Ramon-Diaz-durante-treinamento-do-Corinthians-768x768.webp 768w, https:\/\/www.gaveanews.com\/wp-content\/uploads\/Ramon-Diaz-durante-treinamento-do-Corinthians-420x420.webp 420w, https:\/\/www.gaveanews.com\/wp-content\/uploads\/Ramon-Diaz-durante-treinamento-do-Corinthians-840x840.webp 840w, https:\/\/www.gaveanews.com\/wp-content\/uploads\/Ramon-Diaz-durante-treinamento-do-Corinthians-640x640.webp 640w, https:\/\/www.gaveanews.com\/wp-content\/uploads\/Ramon-Diaz-durante-treinamento-do-Corinthians-681x681.webp 681w, https:\/\/www.gaveanews.com\/wp-content\/uploads\/Ramon-Diaz-durante-treinamento-do-Corinthians-100x100.webp 100w, https:\/\/www.gaveanews.com\/wp-content\/uploads\/Ramon-Diaz-durante-treinamento-do-Corinthians.webp 1080w\" sizes=\"auto, (max-width: 1024px) 100vw, 1024px\" \/><figcaption class=\"wp-element-caption\">Ram\u00f3n Diaz durante treinamento do Corinthians (Foto: Reprodu\u00e7\u00e3o\/Instagram)<\/figcaption><\/figure>\n\n\n\n<p>D\u00edaz enfatizou a melhora na parte defensiva do time, que sofreu apenas tr\u00eas gols nas \u00faltimas quatro partidas. Ele atribuiu o progresso ao trabalho coletivo e \u00e0 intensidade aplicada nos treinamentos. Al\u00e9m disso, apontou o jovem Breno Bidon como uma promessa em ascens\u00e3o, aproveitando as chances no time principal.<\/p>\n\n\n\n<p>Com quatro vit\u00f3rias consecutivas, o Corinthians enfrenta o Fortaleza na pr\u00f3xima rodada, buscando consolidar sua posi\u00e7\u00e3o no G-9 e manter viva a esperan\u00e7a de disputar a Libertadores em 2025. O t\u00e9cnico acredita que o equil\u00edbrio t\u00e1tico e a confian\u00e7a nos jogadores ser\u00e3o fatores decisivos nessa reta final.<\/p>\n\n\n\n<h2 class=\"wp-block-heading\" id=\"h-prazo-por-hugo-souza\">Prazo por Hugo Souza<\/h2>\n\n\n\n<p>O Corinthians enfrenta um impasse com o Flamengo para a compra definitiva do goleiro Hugo Souza. O prazo final \u00e9 30 de novembro, e o valor da transfer\u00eancia \u00e9 de 800 mil euros (cerca de R$ 5 milh\u00f5es). O entrave principal \u00e9 a falta de uma garantia banc\u00e1ria aceita pelo Flamengo, que se recusa a avan\u00e7ar sem seguran\u00e7a financeira adequada. Se o prazo n\u00e3o for cumprido, Hugo Souza retorna ao Flamengo, onde tem contrato at\u00e9 o fim de 2025<strong><a href=\"https:\/\/www.gaveanews.com\/index.php\/2024\/11\/25\/o-prazo-para-o-corinthians-comprar-hugo-souza-do-flamengo\/\"> (leia a mat\u00e9ria completa).<\/a><\/strong><\/p>\n\n\n\n<figure class=\"wp-block-image size-large\"><img loading=\"lazy\" decoding=\"async\" width=\"822\" height=\"1024\" src=\"https:\/\/www.gaveanews.com\/wp-content\/uploads\/Hugo-Souza-vibra-durante-sua-estreia-pelo-Corinthians-822x1024.webp\" alt=\"\" class=\"wp-image-152721\" srcset=\"https:\/\/www.gaveanews.com\/wp-content\/uploads\/Hugo-Souza-vibra-durante-sua-estreia-pelo-Corinthians-822x1024.webp 822w, https:\/\/www.gaveanews.com\/wp-content\/uploads\/Hugo-Souza-vibra-durante-sua-estreia-pelo-Corinthians-241x300.webp 241w, https:\/\/www.gaveanews.com\/wp-content\/uploads\/Hugo-Souza-vibra-durante-sua-estreia-pelo-Corinthians-768x957.webp 768w, https:\/\/www.gaveanews.com\/wp-content\/uploads\/Hugo-Souza-vibra-durante-sua-estreia-pelo-Corinthians-337x420.webp 337w, https:\/\/www.gaveanews.com\/wp-content\/uploads\/Hugo-Souza-vibra-durante-sua-estreia-pelo-Corinthians-674x840.webp 674w, https:\/\/www.gaveanews.com\/wp-content\/uploads\/Hugo-Souza-vibra-durante-sua-estreia-pelo-Corinthians-640x798.webp 640w, https:\/\/www.gaveanews.com\/wp-content\/uploads\/Hugo-Souza-vibra-durante-sua-estreia-pelo-Corinthians-681x849.webp 681w, https:\/\/www.gaveanews.com\/wp-content\/uploads\/Hugo-Souza-vibra-durante-sua-estreia-pelo-Corinthians-100x125.webp 100w, https:\/\/www.gaveanews.com\/wp-content\/uploads\/Hugo-Souza-vibra-durante-sua-estreia-pelo-Corinthians.webp 1080w\" sizes=\"auto, (max-width: 822px) 100vw, 822px\" \/><figcaption class=\"wp-element-caption\">Hugo Souza vibra durante sua estreia pelo Corinthians (Foto: Reprodu\u00e7\u00e3o\/Instagram)<\/figcaption><\/figure>\n\n\n\n<p>Apesar de considerar o pagamento \u00e0 vista, a situa\u00e7\u00e3o financeira do Corinthians complica essa op\u00e7\u00e3o. O clube busca encontrar uma alternativa vi\u00e1vel para manter o goleiro, que se destacou no elenco paulista. Uma poss\u00edvel solu\u00e7\u00e3o seria recorrer \u00e0 C\u00e2mara Nacional de Resolu\u00e7\u00e3o de Disputas (CNRD), alegando que as recusas do Flamengo criam obst\u00e1culos indevidos \u00e0 concretiza\u00e7\u00e3o do neg\u00f3cio.<\/p>\n\n\n\n<p>Enquanto a negocia\u00e7\u00e3o se arrasta, a press\u00e3o interna no Corinthians aumenta, dado o bom desempenho de Hugo Souza. O Flamengo, por sua vez, mant\u00e9m postura firme, enfatizando que prioriza garantir o recebimento do valor integral. Com o prazo se aproximando rapidamente, as pr\u00f3ximas a\u00e7\u00f5es do clube paulista ser\u00e3o decisivas para definir o futuro do goleiro.<\/p>\n","protected":false},"excerpt":{"rendered":"<p>Nas \u00faltimas horas, o foco das not\u00edcias sobre o Corinthians se concentram nos bastidores do clube, com destaques como o prazo por Hugo Souza e a declara\u00e7\u00e3o de Ram\u00f3n D\u00edaz. Por conta deste contexto, leia abaixo um resumo preparado pela equipe do portal G\u00e1vea News para lhe manter muito bem informado! Rescis\u00e3o de contrato Fred [&hellip;]<\/p>\n","protected":false},"author":27,"featured_media":155584,"comment_status":"open","ping_status":"closed","sticky":false,"template":"","format":"standard","meta":{"footnotes":""},"categories":[141],"tags":[],"class_list":["post-190449","post","type-post","status-publish","format-standard","has-post-thumbnail","hentry","category-corinthians"],"yoast_head":"<!-- This site is optimized with the Yoast SEO Premium plugin v24.2 (Yoast SEO v26.9) - https:\/\/yoast.com\/product\/yoast-seo-premium-wordpress\/ -->\n<title>Prazo por Hugo Souza, declara\u00e7\u00e3o de Ram\u00f3n D\u00edaz e rescis\u00e3o de contrato: as \u00faltimas not\u00edcias do Corinthians<\/title>\n<meta name=\"robots\" content=\"index, follow, max-snippet:-1, max-image-preview:large, max-video-preview:-1\" \/>\n<link rel=\"canonical\" href=\"https:\/\/www.gaveanews.com\/index.php\/2024\/11\/26\/prazo-por-hugo-souza-declaracao-de-ramon-diaz-e-rescisao-de-contrato-as-ultimas-noticias-do-corinthians\/\" \/>\n<meta property=\"og:locale\" content=\"pt_BR\" \/>\n<meta property=\"og:type\" content=\"article\" \/>\n<meta property=\"og:title\" content=\"Prazo por Hugo Souza, declara\u00e7\u00e3o de Ram\u00f3n D\u00edaz e rescis\u00e3o de contrato: as \u00faltimas not\u00edcias do Corinthians\" \/>\n<meta property=\"og:description\" content=\"Nas \u00faltimas horas, o foco das not\u00edcias sobre o Corinthians se concentram nos bastidores do clube, com destaques como o prazo por Hugo Souza e a declara\u00e7\u00e3o de Ram\u00f3n D\u00edaz. Por conta deste contexto, leia abaixo um resumo preparado pela equipe do portal G\u00e1vea News para lhe manter muito bem informado! Rescis\u00e3o de contrato Fred [&hellip;]\" \/>\n<meta property=\"og:url\" content=\"https:\/\/www.gaveanews.com\/index.php\/2024\/11\/26\/prazo-por-hugo-souza-declaracao-de-ramon-diaz-e-rescisao-de-contrato-as-ultimas-noticias-do-corinthians\/\" \/>\n<meta property=\"og:site_name\" content=\"G\u00e1vea News\" \/>\n<meta property=\"article:publisher\" content=\"https:\/\/facebook.com\/gaveaNews\/\" \/>\n<meta property=\"article:published_time\" content=\"2024-11-26T09:25:00+00:00\" \/>\n<meta property=\"og:image\" content=\"https:\/\/www.gaveanews.com\/wp-content\/uploads\/Elenco-do-Corinthians-durante-partida-do-Brasileirao-2024.webp\" \/>\n\t<meta property=\"og:image:width\" content=\"1814\" \/>\n\t<meta property=\"og:image:height\" content=\"1440\" \/>\n\t<meta property=\"og:image:type\" content=\"image\/jpeg\" \/>\n<meta name=\"author\" content=\"Matheus Felipe\" \/>\n<meta name=\"twitter:card\" content=\"summary_large_image\" \/>\n<meta name=\"twitter:label1\" content=\"Escrito por\" \/>\n\t<meta name=\"twitter:data1\" content=\"Matheus Felipe\" \/>\n\t<meta name=\"twitter:label2\" content=\"Est. tempo de leitura\" \/>\n\t<meta name=\"twitter:data2\" content=\"5 minutos\" \/>\n<script type=\"application\/ld+json\" class=\"yoast-schema-graph\">{\"@context\":\"https:\/\/schema.org\",\"@graph\":[{\"@type\":\"NewsArticle\",\"@id\":\"https:\/\/www.gaveanews.com\/index.php\/2024\/11\/26\/prazo-por-hugo-souza-declaracao-de-ramon-diaz-e-rescisao-de-contrato-as-ultimas-noticias-do-corinthians\/#article\",\"isPartOf\":{\"@id\":\"https:\/\/www.gaveanews.com\/index.php\/2024\/11\/26\/prazo-por-hugo-souza-declaracao-de-ramon-diaz-e-rescisao-de-contrato-as-ultimas-noticias-do-corinthians\/\"},\"author\":{\"name\":\"Matheus Felipe\",\"@id\":\"https:\/\/www.gaveanews.com\/#\/schema\/person\/8207cd4627f56151707418bfc835b2fb\"},\"headline\":\"Prazo por Hugo Souza, declara\u00e7\u00e3o de Ram\u00f3n D\u00edaz e rescis\u00e3o de contrato: as \u00faltimas not\u00edcias do Corinthians\",\"datePublished\":\"2024-11-26T09:25:00+00:00\",\"mainEntityOfPage\":{\"@id\":\"https:\/\/www.gaveanews.com\/index.php\/2024\/11\/26\/prazo-por-hugo-souza-declaracao-de-ramon-diaz-e-rescisao-de-contrato-as-ultimas-noticias-do-corinthians\/\"},\"wordCount\":757,\"commentCount\":0,\"image\":{\"@id\":\"https:\/\/www.gaveanews.com\/index.php\/2024\/11\/26\/prazo-por-hugo-souza-declaracao-de-ramon-diaz-e-rescisao-de-contrato-as-ultimas-noticias-do-corinthians\/#primaryimage\"},\"thumbnailUrl\":\"https:\/\/www.gaveanews.com\/wp-content\/uploads\/Elenco-do-Corinthians-durante-partida-do-Brasileirao-2024.webp\",\"articleSection\":[\"Corinthians\"],\"inLanguage\":\"pt-BR\",\"potentialAction\":[{\"@type\":\"CommentAction\",\"name\":\"Comment\",\"target\":[\"https:\/\/www.gaveanews.com\/index.php\/2024\/11\/26\/prazo-por-hugo-souza-declaracao-de-ramon-diaz-e-rescisao-de-contrato-as-ultimas-noticias-do-corinthians\/#respond\"]}],\"copyrightYear\":\"2024\",\"copyrightHolder\":{\"@id\":\"https:\/\/www.gaveanews.com\/#organization\"}},{\"@type\":\"WebPage\",\"@id\":\"https:\/\/www.gaveanews.com\/index.php\/2024\/11\/26\/prazo-por-hugo-souza-declaracao-de-ramon-diaz-e-rescisao-de-contrato-as-ultimas-noticias-do-corinthians\/\",\"url\":\"https:\/\/www.gaveanews.com\/index.php\/2024\/11\/26\/prazo-por-hugo-souza-declaracao-de-ramon-diaz-e-rescisao-de-contrato-as-ultimas-noticias-do-corinthians\/\",\"name\":\"Prazo por Hugo Souza, declara\u00e7\u00e3o de Ram\u00f3n D\u00edaz e rescis\u00e3o de contrato: as \u00faltimas not\u00edcias do Corinthians\",\"isPartOf\":{\"@id\":\"https:\/\/www.gaveanews.com\/#website\"},\"primaryImageOfPage\":{\"@id\":\"https:\/\/www.gaveanews.com\/index.php\/2024\/11\/26\/prazo-por-hugo-souza-declaracao-de-ramon-diaz-e-rescisao-de-contrato-as-ultimas-noticias-do-corinthians\/#primaryimage\"},\"image\":{\"@id\":\"https:\/\/www.gaveanews.com\/index.php\/2024\/11\/26\/prazo-por-hugo-souza-declaracao-de-ramon-diaz-e-rescisao-de-contrato-as-ultimas-noticias-do-corinthians\/#primaryimage\"},\"thumbnailUrl\":\"https:\/\/www.gaveanews.com\/wp-content\/uploads\/Elenco-do-Corinthians-durante-partida-do-Brasileirao-2024.webp\",\"datePublished\":\"2024-11-26T09:25:00+00:00\",\"author\":{\"@id\":\"https:\/\/www.gaveanews.com\/#\/schema\/person\/8207cd4627f56151707418bfc835b2fb\"},\"breadcrumb\":{\"@id\":\"https:\/\/www.gaveanews.com\/index.php\/2024\/11\/26\/prazo-por-hugo-souza-declaracao-de-ramon-diaz-e-rescisao-de-contrato-as-ultimas-noticias-do-corinthians\/#breadcrumb\"},\"inLanguage\":\"pt-BR\",\"potentialAction\":[{\"@type\":\"ReadAction\",\"target\":[\"https:\/\/www.gaveanews.com\/index.php\/2024\/11\/26\/prazo-por-hugo-souza-declaracao-de-ramon-diaz-e-rescisao-de-contrato-as-ultimas-noticias-do-corinthians\/\"]}]},{\"@type\":\"ImageObject\",\"inLanguage\":\"pt-BR\",\"@id\":\"https:\/\/www.gaveanews.com\/index.php\/2024\/11\/26\/prazo-por-hugo-souza-declaracao-de-ramon-diaz-e-rescisao-de-contrato-as-ultimas-noticias-do-corinthians\/#primaryimage\",\"url\":\"https:\/\/www.gaveanews.com\/wp-content\/uploads\/Elenco-do-Corinthians-durante-partida-do-Brasileirao-2024.webp\",\"contentUrl\":\"https:\/\/www.gaveanews.com\/wp-content\/uploads\/Elenco-do-Corinthians-durante-partida-do-Brasileirao-2024.webp\",\"width\":1814,\"height\":1440,\"caption\":\"Elenco do Corinthians durante partida do Brasileir\u00e3o 2024 (Foto: Reprodu\u00e7\u00e3o\/Instagram)\"},{\"@type\":\"BreadcrumbList\",\"@id\":\"https:\/\/www.gaveanews.com\/index.php\/2024\/11\/26\/prazo-por-hugo-souza-declaracao-de-ramon-diaz-e-rescisao-de-contrato-as-ultimas-noticias-do-corinthians\/#breadcrumb\",\"itemListElement\":[{\"@type\":\"ListItem\",\"position\":1,\"name\":\"Home\",\"item\":\"https:\/\/www.gaveanews.com\/\"},{\"@type\":\"ListItem\",\"position\":2,\"name\":\"Prazo por Hugo Souza, declara\u00e7\u00e3o de Ram\u00f3n D\u00edaz e rescis\u00e3o de contrato: as \u00faltimas not\u00edcias do Corinthians\"}]},{\"@type\":\"WebSite\",\"@id\":\"https:\/\/www.gaveanews.com\/#website\",\"url\":\"https:\/\/www.gaveanews.com\/\",\"name\":\"G\u00e1vea News\",\"description\":\"Veja todas as not\u00edcias sobre o Flamengo: Contrata\u00e7\u00f5es, categorias de base, resultados das partidas, tabela de classifica\u00e7\u00e3o, pr\u00f3ximos jogos!\",\"potentialAction\":[{\"@type\":\"SearchAction\",\"target\":{\"@type\":\"EntryPoint\",\"urlTemplate\":\"https:\/\/www.gaveanews.com\/?s={search_term_string}\"},\"query-input\":{\"@type\":\"PropertyValueSpecification\",\"valueRequired\":true,\"valueName\":\"search_term_string\"}}],\"inLanguage\":\"pt-BR\"},{\"@type\":\"Person\",\"@id\":\"https:\/\/www.gaveanews.com\/#\/schema\/person\/8207cd4627f56151707418bfc835b2fb\",\"name\":\"Matheus Felipe\",\"image\":{\"@type\":\"ImageObject\",\"inLanguage\":\"pt-BR\",\"@id\":\"https:\/\/www.gaveanews.com\/#\/schema\/person\/image\/\",\"url\":\"https:\/\/secure.gravatar.com\/avatar\/a452ffbed9130f726358b298bb3a99ce4bd3c5338411f8440e87e14d74c7c087?s=96&d=mm&r=g\",\"contentUrl\":\"https:\/\/secure.gravatar.com\/avatar\/a452ffbed9130f726358b298bb3a99ce4bd3c5338411f8440e87e14d74c7c087?s=96&d=mm&r=g\",\"caption\":\"Matheus Felipe\"}}]}<\/script>\n<!-- \/ Yoast SEO Premium plugin. -->","yoast_head_json":{"title":"Prazo por Hugo Souza, declara\u00e7\u00e3o de Ram\u00f3n D\u00edaz e rescis\u00e3o de contrato: as \u00faltimas not\u00edcias do Corinthians","robots":{"index":"index","follow":"follow","max-snippet":"max-snippet:-1","max-image-preview":"max-image-preview:large","max-video-preview":"max-video-preview:-1"},"canonical":"https:\/\/www.gaveanews.com\/index.php\/2024\/11\/26\/prazo-por-hugo-souza-declaracao-de-ramon-diaz-e-rescisao-de-contrato-as-ultimas-noticias-do-corinthians\/","og_locale":"pt_BR","og_type":"article","og_title":"Prazo por Hugo Souza, declara\u00e7\u00e3o de Ram\u00f3n D\u00edaz e rescis\u00e3o de contrato: as \u00faltimas not\u00edcias do Corinthians","og_description":"Nas \u00faltimas horas, o foco das not\u00edcias sobre o Corinthians se concentram nos bastidores do clube, com destaques como o prazo por Hugo Souza e a declara\u00e7\u00e3o de Ram\u00f3n D\u00edaz. Por conta deste contexto, leia abaixo um resumo preparado pela equipe do portal G\u00e1vea News para lhe manter muito bem informado! Rescis\u00e3o de contrato Fred [&hellip;]","og_url":"https:\/\/www.gaveanews.com\/index.php\/2024\/11\/26\/prazo-por-hugo-souza-declaracao-de-ramon-diaz-e-rescisao-de-contrato-as-ultimas-noticias-do-corinthians\/","og_site_name":"G\u00e1vea News","article_publisher":"https:\/\/facebook.com\/gaveaNews\/","article_published_time":"2024-11-26T09:25:00+00:00","og_image":[{"width":1814,"height":1440,"url":"https:\/\/www.gaveanews.com\/wp-content\/uploads\/Elenco-do-Corinthians-durante-partida-do-Brasileirao-2024.webp","type":"image\/jpeg"}],"author":"Matheus Felipe","twitter_card":"summary_large_image","twitter_misc":{"Escrito por":"Matheus Felipe","Est. tempo de leitura":"5 minutos"},"schema":{"@context":"https:\/\/schema.org","@graph":[{"@type":"NewsArticle","@id":"https:\/\/www.gaveanews.com\/index.php\/2024\/11\/26\/prazo-por-hugo-souza-declaracao-de-ramon-diaz-e-rescisao-de-contrato-as-ultimas-noticias-do-corinthians\/#article","isPartOf":{"@id":"https:\/\/www.gaveanews.com\/index.php\/2024\/11\/26\/prazo-por-hugo-souza-declaracao-de-ramon-diaz-e-rescisao-de-contrato-as-ultimas-noticias-do-corinthians\/"},"author":{"name":"Matheus Felipe","@id":"https:\/\/www.gaveanews.com\/#\/schema\/person\/8207cd4627f56151707418bfc835b2fb"},"headline":"Prazo por Hugo Souza, declara\u00e7\u00e3o de Ram\u00f3n D\u00edaz e rescis\u00e3o de contrato: as \u00faltimas not\u00edcias do Corinthians","datePublished":"2024-11-26T09:25:00+00:00","mainEntityOfPage":{"@id":"https:\/\/www.gaveanews.com\/index.php\/2024\/11\/26\/prazo-por-hugo-souza-declaracao-de-ramon-diaz-e-rescisao-de-contrato-as-ultimas-noticias-do-corinthians\/"},"wordCount":757,"commentCount":0,"image":{"@id":"https:\/\/www.gaveanews.com\/index.php\/2024\/11\/26\/prazo-por-hugo-souza-declaracao-de-ramon-diaz-e-rescisao-de-contrato-as-ultimas-noticias-do-corinthians\/#primaryimage"},"thumbnailUrl":"https:\/\/www.gaveanews.com\/wp-content\/uploads\/Elenco-do-Corinthians-durante-partida-do-Brasileirao-2024.webp","articleSection":["Corinthians"],"inLanguage":"pt-BR","potentialAction":[{"@type":"CommentAction","name":"Comment","target":["https:\/\/www.gaveanews.com\/index.php\/2024\/11\/26\/prazo-por-hugo-souza-declaracao-de-ramon-diaz-e-rescisao-de-contrato-as-ultimas-noticias-do-corinthians\/#respond"]}],"copyrightYear":"2024","copyrightHolder":{"@id":"https:\/\/www.gaveanews.com\/#organization"}},{"@type":"WebPage","@id":"https:\/\/www.gaveanews.com\/index.php\/2024\/11\/26\/prazo-por-hugo-souza-declaracao-de-ramon-diaz-e-rescisao-de-contrato-as-ultimas-noticias-do-corinthians\/","url":"https:\/\/www.gaveanews.com\/index.php\/2024\/11\/26\/prazo-por-hugo-souza-declaracao-de-ramon-diaz-e-rescisao-de-contrato-as-ultimas-noticias-do-corinthians\/","name":"Prazo por Hugo Souza, declara\u00e7\u00e3o de Ram\u00f3n D\u00edaz e rescis\u00e3o de contrato: as \u00faltimas not\u00edcias do Corinthians","isPartOf":{"@id":"https:\/\/www.gaveanews.com\/#website"},"primaryImageOfPage":{"@id":"https:\/\/www.gaveanews.com\/index.php\/2024\/11\/26\/prazo-por-hugo-souza-declaracao-de-ramon-diaz-e-rescisao-de-contrato-as-ultimas-noticias-do-corinthians\/#primaryimage"},"image":{"@id":"https:\/\/www.gaveanews.com\/index.php\/2024\/11\/26\/prazo-por-hugo-souza-declaracao-de-ramon-diaz-e-rescisao-de-contrato-as-ultimas-noticias-do-corinthians\/#primaryimage"},"thumbnailUrl":"https:\/\/www.gaveanews.com\/wp-content\/uploads\/Elenco-do-Corinthians-durante-partida-do-Brasileirao-2024.webp","datePublished":"2024-11-26T09:25:00+00:00","author":{"@id":"https:\/\/www.gaveanews.com\/#\/schema\/person\/8207cd4627f56151707418bfc835b2fb"},"breadcrumb":{"@id":"https:\/\/www.gaveanews.com\/index.php\/2024\/11\/26\/prazo-por-hugo-souza-declaracao-de-ramon-diaz-e-rescisao-de-contrato-as-ultimas-noticias-do-corinthians\/#breadcrumb"},"inLanguage":"pt-BR","potentialAction":[{"@type":"ReadAction","target":["https:\/\/www.gaveanews.com\/index.php\/2024\/11\/26\/prazo-por-hugo-souza-declaracao-de-ramon-diaz-e-rescisao-de-contrato-as-ultimas-noticias-do-corinthians\/"]}]},{"@type":"ImageObject","inLanguage":"pt-BR","@id":"https:\/\/www.gaveanews.com\/index.php\/2024\/11\/26\/prazo-por-hugo-souza-declaracao-de-ramon-diaz-e-rescisao-de-contrato-as-ultimas-noticias-do-corinthians\/#primaryimage","url":"https:\/\/www.gaveanews.com\/wp-content\/uploads\/Elenco-do-Corinthians-durante-partida-do-Brasileirao-2024.webp","contentUrl":"https:\/\/www.gaveanews.com\/wp-content\/uploads\/Elenco-do-Corinthians-durante-partida-do-Brasileirao-2024.webp","width":1814,"height":1440,"caption":"Elenco do Corinthians durante partida do Brasileir\u00e3o 2024 (Foto: Reprodu\u00e7\u00e3o\/Instagram)"},{"@type":"BreadcrumbList","@id":"https:\/\/www.gaveanews.com\/index.php\/2024\/11\/26\/prazo-por-hugo-souza-declaracao-de-ramon-diaz-e-rescisao-de-contrato-as-ultimas-noticias-do-corinthians\/#breadcrumb","itemListElement":[{"@type":"ListItem","position":1,"name":"Home","item":"https:\/\/www.gaveanews.com\/"},{"@type":"ListItem","position":2,"name":"Prazo por Hugo Souza, declara\u00e7\u00e3o de Ram\u00f3n D\u00edaz e rescis\u00e3o de contrato: as \u00faltimas not\u00edcias do Corinthians"}]},{"@type":"WebSite","@id":"https:\/\/www.gaveanews.com\/#website","url":"https:\/\/www.gaveanews.com\/","name":"G\u00e1vea News","description":"Veja todas as not\u00edcias sobre o Flamengo: Contrata\u00e7\u00f5es, categorias de base, resultados das partidas, tabela de classifica\u00e7\u00e3o, pr\u00f3ximos jogos!","potentialAction":[{"@type":"SearchAction","target":{"@type":"EntryPoint","urlTemplate":"https:\/\/www.gaveanews.com\/?s={search_term_string}"},"query-input":{"@type":"PropertyValueSpecification","valueRequired":true,"valueName":"search_term_string"}}],"inLanguage":"pt-BR"},{"@type":"Person","@id":"https:\/\/www.gaveanews.com\/#\/schema\/person\/8207cd4627f56151707418bfc835b2fb","name":"Matheus Felipe","image":{"@type":"ImageObject","inLanguage":"pt-BR","@id":"https:\/\/www.gaveanews.com\/#\/schema\/person\/image\/","url":"https:\/\/secure.gravatar.com\/avatar\/a452ffbed9130f726358b298bb3a99ce4bd3c5338411f8440e87e14d74c7c087?s=96&d=mm&r=g","contentUrl":"https:\/\/secure.gravatar.com\/avatar\/a452ffbed9130f726358b298bb3a99ce4bd3c5338411f8440e87e14d74c7c087?s=96&d=mm&r=g","caption":"Matheus Felipe"}}]}},"_links":{"self":[{"href":"https:\/\/www.gaveanews.com\/index.php\/wp-json\/wp\/v2\/posts\/190449","targetHints":{"allow":["GET"]}}],"collection":[{"href":"https:\/\/www.gaveanews.com\/index.php\/wp-json\/wp\/v2\/posts"}],"about":[{"href":"https:\/\/www.gaveanews.com\/index.php\/wp-json\/wp\/v2\/types\/post"}],"author":[{"embeddable":true,"href":"https:\/\/www.gaveanews.com\/index.php\/wp-json\/wp\/v2\/users\/27"}],"replies":[{"embeddable":true,"href":"https:\/\/www.gaveanews.com\/index.php\/wp-json\/wp\/v2\/comments?post=190449"}],"version-history":[{"count":1,"href":"https:\/\/www.gaveanews.com\/index.php\/wp-json\/wp\/v2\/posts\/190449\/revisions"}],"predecessor-version":[{"id":190451,"href":"https:\/\/www.gaveanews.com\/index.php\/wp-json\/wp\/v2\/posts\/190449\/revisions\/190451"}],"wp:featuredmedia":[{"embeddable":true,"href":"https:\/\/www.gaveanews.com\/index.php\/wp-json\/wp\/v2\/media\/155584"}],"wp:attachment":[{"href":"https:\/\/www.gaveanews.com\/index.php\/wp-json\/wp\/v2\/media?parent=190449"}],"wp:term":[{"taxonomy":"category","embeddable":true,"href":"https:\/\/www.gaveanews.com\/index.php\/wp-json\/wp\/v2\/categories?post=190449"},{"taxonomy":"post_tag","embeddable":true,"href":"https:\/\/www.gaveanews.com\/index.php\/wp-json\/wp\/v2\/tags?post=190449"}],"curies":[{"name":"wp","href":"https:\/\/api.w.org\/{rel}","templated":true}]}}