{"id":190471,"date":"2024-11-26T06:35:00","date_gmt":"2024-11-26T09:35:00","guid":{"rendered":"https:\/\/www.gaveanews.com\/?p=190471"},"modified":"2024-11-26T03:01:54","modified_gmt":"2024-11-26T06:01:54","slug":"campeao-do-brasileiro-declaracao-de-weverton-e-ma-noticia-as-ultimas-noticias-do-palmeiras","status":"publish","type":"post","link":"https:\/\/www.gaveanews.com\/index.php\/2024\/11\/26\/campeao-do-brasileiro-declaracao-de-weverton-e-ma-noticia-as-ultimas-noticias-do-palmeiras\/","title":{"rendered":"Campe\u00e3o do Brasileiro, declara\u00e7\u00e3o de Weverton e m\u00e1 not\u00edcia: as \u00faltimas not\u00edcias do Palmeiras"},"content":{"rendered":"\n<p>Nas \u00faltimas horas, o foco das not\u00edcias sobre o Palmeiras se concentram nos bastidores do clube, com destaques como a declara\u00e7\u00e3o de Weverton e m\u00e1 not\u00edcia.<\/p>\n\n\n\n<p>Por conta deste contexto, leia abaixo um resumo preparado pela equipe do portal G\u00e1vea News para lhe manter muito bem informado!<\/p>\n\n\n\n<h2 class=\"wp-block-heading\" id=\"h-ma-noticia\">M\u00e1 not\u00edcia<\/h2>\n\n\n\n<p>O Palmeiras e o Botafogo se enfrentam nesta ter\u00e7a-feira (26) pela 36\u00aa rodada do Campeonato Brasileiro, em um duelo decisivo no Allianz Parque. Ambos os times possuem 70 pontos, mas o Palmeiras lidera devido a uma vit\u00f3ria a mais. Com apenas tr\u00eas rodadas restantes, a partida \u00e9 tratada como uma &#8220;final antecipada&#8221; para a disputa do t\u00edtulo. Al\u00e9m disso, o Botafogo encara outra decis\u00e3o importante nesta semana, a final da Copa Libertadores contra o Atl\u00e9tico-MG no s\u00e1bado (30) <strong><a href=\"https:\/\/www.gaveanews.com\/index.php\/2024\/11\/25\/palmeiras-x-botafogo-vidente-da-ma-noticia-para-luiz-henrique\/\">(leia a mat\u00e9ria completa).<\/a><\/strong><\/p>\n\n\n\n<figure class=\"wp-block-image size-large\"><img loading=\"lazy\" decoding=\"async\" width=\"1024\" height=\"640\" src=\"https:\/\/www.gaveanews.com\/wp-content\/uploads\/Luiz-Henrique-Botafogo-1024x640.webp\" alt=\"\" class=\"wp-image-168200\" srcset=\"https:\/\/www.gaveanews.com\/wp-content\/uploads\/Luiz-Henrique-Botafogo-1024x640.webp 1024w, https:\/\/www.gaveanews.com\/wp-content\/uploads\/Luiz-Henrique-Botafogo-300x188.webp 300w, https:\/\/www.gaveanews.com\/wp-content\/uploads\/Luiz-Henrique-Botafogo-768x480.webp 768w, https:\/\/www.gaveanews.com\/wp-content\/uploads\/Luiz-Henrique-Botafogo-672x420.webp 672w, https:\/\/www.gaveanews.com\/wp-content\/uploads\/Luiz-Henrique-Botafogo-640x400.webp 640w, https:\/\/www.gaveanews.com\/wp-content\/uploads\/Luiz-Henrique-Botafogo-681x426.webp 681w, https:\/\/www.gaveanews.com\/wp-content\/uploads\/Luiz-Henrique-Botafogo-100x63.webp 100w, https:\/\/www.gaveanews.com\/wp-content\/uploads\/Luiz-Henrique-Botafogo.webp 1200w\" sizes=\"auto, (max-width: 1024px) 100vw, 1024px\" \/><figcaption class=\"wp-element-caption\">Luiz Henrique, jogador Botafogo (Foto: Vitor Silva\/Botafogo)<\/figcaption><\/figure>\n\n\n\n<p>O vidente Luiz Filho, do canal Renascer das Cartas, previu que as energias do jogo favorecem o Palmeiras. Com a &#8220;carta da fortuna&#8221;, o time paulista \u00e9 apontado como dominante, mas deve atuar com cautela devido ao dinamismo do Botafogo, que carrega a &#8220;carta da justi\u00e7a&#8221;, simbolizando equil\u00edbrio e supera\u00e7\u00e3o em um momento de desafios. Apesar de um poss\u00edvel equil\u00edbrio na partida, a previs\u00e3o sugere maior chance de vit\u00f3ria para o Palmeiras.<\/p>\n\n\n\n<p>A partida promete ser um dos grandes momentos do futebol brasileiro neste ano, com ambos os clubes intensificando seus esfor\u00e7os em busca da ta\u00e7a. A previs\u00e3o de um jogo tenso e t\u00e9cnico refor\u00e7a a import\u00e2ncia do confronto na defini\u00e7\u00e3o do destino do Campeonato Brasileiro de 2024.<\/p>\n\n\n\n<h2 class=\"wp-block-heading\" id=\"h-declaracao-de-weverton\">Declara\u00e7\u00e3o de Weverton <\/h2>\n\n\n\n<p>O Palmeiras assumiu a lideran\u00e7a do Brasileir\u00e3o 2024 ao vencer o Atl\u00e9tico-GO por 2 a 0, enquanto o Botafogo empatou com o Vit\u00f3ria. Com ambas as equipes empatadas em pontos, o Verd\u00e3o leva vantagem no n\u00famero de vit\u00f3rias, deixando o t\u00edtulo em aberto na reta final. O goleiro Weverton destacou a import\u00e2ncia de manter o foco e encarar cada jogo como uma decis\u00e3o, ressaltando que a partida contra o Botafogo no Allianz Parque, v\u00e1lida pela 36\u00aa rodada, \u00e9 vista como o confronto mais decisivo do campeonato <strong><a href=\"https:\/\/www.gaveanews.com\/index.php\/2024\/11\/25\/a-declaracao-do-goleiro-weverton-do-palmeiras-direcionada-ao-time-do-botafogo\/\">(leia a mat\u00e9ria completa).<\/a><\/strong><\/p>\n\n\n\n<figure class=\"wp-block-image size-large\"><img loading=\"lazy\" decoding=\"async\" width=\"905\" height=\"1024\" src=\"https:\/\/www.gaveanews.com\/wp-content\/uploads\/Weverton-durante-o-jogo-entre-Botafogo-x-Palmeiras-pelo-Brasileirao-2024-905x1024.webp\" alt=\"\" class=\"wp-image-153071\" srcset=\"https:\/\/www.gaveanews.com\/wp-content\/uploads\/Weverton-durante-o-jogo-entre-Botafogo-x-Palmeiras-pelo-Brasileirao-2024-905x1024.webp 905w, https:\/\/www.gaveanews.com\/wp-content\/uploads\/Weverton-durante-o-jogo-entre-Botafogo-x-Palmeiras-pelo-Brasileirao-2024-265x300.webp 265w, https:\/\/www.gaveanews.com\/wp-content\/uploads\/Weverton-durante-o-jogo-entre-Botafogo-x-Palmeiras-pelo-Brasileirao-2024-768x869.webp 768w, https:\/\/www.gaveanews.com\/wp-content\/uploads\/Weverton-durante-o-jogo-entre-Botafogo-x-Palmeiras-pelo-Brasileirao-2024-371x420.webp 371w, https:\/\/www.gaveanews.com\/wp-content\/uploads\/Weverton-durante-o-jogo-entre-Botafogo-x-Palmeiras-pelo-Brasileirao-2024-742x840.webp 742w, https:\/\/www.gaveanews.com\/wp-content\/uploads\/Weverton-durante-o-jogo-entre-Botafogo-x-Palmeiras-pelo-Brasileirao-2024-640x725.webp 640w, https:\/\/www.gaveanews.com\/wp-content\/uploads\/Weverton-durante-o-jogo-entre-Botafogo-x-Palmeiras-pelo-Brasileirao-2024-1280x1449.webp 1280w, https:\/\/www.gaveanews.com\/wp-content\/uploads\/Weverton-durante-o-jogo-entre-Botafogo-x-Palmeiras-pelo-Brasileirao-2024-681x771.webp 681w, https:\/\/www.gaveanews.com\/wp-content\/uploads\/Weverton-durante-o-jogo-entre-Botafogo-x-Palmeiras-pelo-Brasileirao-2024-100x113.webp 100w, https:\/\/www.gaveanews.com\/wp-content\/uploads\/Weverton-durante-o-jogo-entre-Botafogo-x-Palmeiras-pelo-Brasileirao-2024.webp 1325w\" sizes=\"auto, (max-width: 905px) 100vw, 905px\" \/><figcaption class=\"wp-element-caption\">Weverton durante o jogo entre Botafogo x Palmeiras pelo Brasileir\u00e3o 2024 (Foto: Cesar Greco\/Palmeiras)<\/figcaption><\/figure>\n\n\n\n<p>O duelo ganha ainda mais peso pelo hist\u00f3rico recente: em 2023, o Palmeiras tamb\u00e9m ultrapassou o Botafogo na reta final do Brasileir\u00e3o para conquistar o t\u00edtulo. Agora, busca repetir o feito, consolidando sua hegemonia na competi\u00e7\u00e3o. <\/p>\n\n\n\n<p>Weverton enfatizou a necessidade de foco total na prepara\u00e7\u00e3o para o jogo, que ter\u00e1 casa cheia com o apoio da torcida palmeirense.<\/p>\n\n\n\n<p>Se vencer o Botafogo, o Palmeiras precisar\u00e1 de mais uma vit\u00f3ria nas rodadas finais para assegurar seu 13\u00ba t\u00edtulo brasileiro e o tricampeonato consecutivo. A partida simboliza a reta final eletrizante de um campeonato equilibrado, com as duas equipes disputando ponto a ponto o lugar mais alto do p\u00f3dio.<\/p>\n\n\n\n<h2 class=\"wp-block-heading\" id=\"h-campeao-do-brasileiro\">Campe\u00e3o do Brasileiro<\/h2>\n\n\n\n<p>O Palmeiras reassumiu a lideran\u00e7a do Campeonato Brasileiro ap\u00f3s vencer o Atl\u00e9tico-GO por 1 a 0 e depende apenas de seus pr\u00f3prios resultados para garantir o tricampeonato. O confronto direto contra o Botafogo nesta ter\u00e7a-feira (26\/11), no Allianz Parque, ser\u00e1 decisivo. Al\u00e9m do t\u00edtulo, o Alviverde busca consolidar sua posi\u00e7\u00e3o de destaque sob o comando de Abel Ferreira, enquanto o Botafogo, que vem de tr\u00eas empates, luta para manter suas chances no campeonato e garantir vaga na Libertadores 2025 <strong><a href=\"https:\/\/www.gaveanews.com\/index.php\/2024\/11\/25\/o-palmeiras-vai-ser-campeao-do-brasileirao\/\">(leia a mat\u00e9ria completa).<\/a><\/strong><\/p>\n\n\n\n<figure class=\"wp-block-image size-full\"><img loading=\"lazy\" decoding=\"async\" width=\"1000\" height=\"667\" src=\"https:\/\/www.gaveanews.com\/wp-content\/uploads\/Taca-do-Campeonato-Brasileiro.webp\" alt=\"\" class=\"wp-image-86017\" srcset=\"https:\/\/www.gaveanews.com\/wp-content\/uploads\/Taca-do-Campeonato-Brasileiro.webp 1000w, https:\/\/www.gaveanews.com\/wp-content\/uploads\/Taca-do-Campeonato-Brasileiro-300x200.webp 300w, https:\/\/www.gaveanews.com\/wp-content\/uploads\/Taca-do-Campeonato-Brasileiro-768x512.webp 768w, https:\/\/www.gaveanews.com\/wp-content\/uploads\/Taca-do-Campeonato-Brasileiro-630x420.webp 630w, https:\/\/www.gaveanews.com\/wp-content\/uploads\/Taca-do-Campeonato-Brasileiro-640x427.webp 640w, https:\/\/www.gaveanews.com\/wp-content\/uploads\/Taca-do-Campeonato-Brasileiro-681x454.webp 681w, https:\/\/www.gaveanews.com\/wp-content\/uploads\/Taca-do-Campeonato-Brasileiro-100x67.webp 100w\" sizes=\"auto, (max-width: 1000px) 100vw, 1000px\" \/><figcaption class=\"wp-element-caption\">Ta\u00e7a do Campeonato Brasileiro (Foto: Lucas Figueiredo\/CBF)<\/figcaption><\/figure>\n\n\n\n<p>Com 68,84% de probabilidade de ser campe\u00e3o, o Palmeiras \u00e9 o principal favorito, precisando vencer os pr\u00f3ximos dois jogos contra Botafogo e Cruzeiro. Apesar disso, o desafio contra o time carioca promete ser intenso, j\u00e1 que o Botafogo tamb\u00e9m est\u00e1 pressionado para recuperar terreno ap\u00f3s uma sequ\u00eancia de resultados negativos. Para o Glorioso, vencer o Palmeiras \u00e9 essencial para seguir na disputa pela ta\u00e7a.<\/p>\n\n\n\n<p>Se o Palmeiras triunfar sobre o Botafogo, bastar\u00e1 mais uma vit\u00f3ria para assegurar o t\u00edtulo. A atual temporada reflete a for\u00e7a da equipe, que lidera pelos crit\u00e9rios de desempate e apresenta um desempenho consistente. O duelo no Allianz Parque, com sua import\u00e2ncia estrat\u00e9gica, deve ser um marco decisivo na corrida pelo t\u00edtulo brasileiro de 2024.<\/p>\n","protected":false},"excerpt":{"rendered":"<p>Nas \u00faltimas horas, o foco das not\u00edcias sobre o Palmeiras se concentram nos bastidores do clube, com destaques como a declara\u00e7\u00e3o de Weverton e m\u00e1 not\u00edcia. Por conta deste contexto, leia abaixo um resumo preparado pela equipe do portal G\u00e1vea News para lhe manter muito bem informado! M\u00e1 not\u00edcia O Palmeiras e o Botafogo se [&hellip;]<\/p>\n","protected":false},"author":27,"featured_media":158318,"comment_status":"open","ping_status":"closed","sticky":false,"template":"","format":"standard","meta":{"footnotes":""},"categories":[150],"tags":[],"class_list":["post-190471","post","type-post","status-publish","format-standard","has-post-thumbnail","hentry","category-palmeiras"],"yoast_head":"<!-- This site is optimized with the Yoast SEO Premium plugin v24.2 (Yoast SEO v26.9) - https:\/\/yoast.com\/product\/yoast-seo-premium-wordpress\/ -->\n<title>Campe\u00e3o do Brasileiro, declara\u00e7\u00e3o de Weverton e m\u00e1 not\u00edcia: as \u00faltimas not\u00edcias do Palmeiras<\/title>\n<meta name=\"robots\" content=\"index, follow, max-snippet:-1, max-image-preview:large, max-video-preview:-1\" \/>\n<link rel=\"canonical\" href=\"https:\/\/www.gaveanews.com\/index.php\/2024\/11\/26\/campeao-do-brasileiro-declaracao-de-weverton-e-ma-noticia-as-ultimas-noticias-do-palmeiras\/\" \/>\n<meta property=\"og:locale\" content=\"pt_BR\" \/>\n<meta property=\"og:type\" content=\"article\" \/>\n<meta property=\"og:title\" content=\"Campe\u00e3o do Brasileiro, declara\u00e7\u00e3o de Weverton e m\u00e1 not\u00edcia: as \u00faltimas not\u00edcias do Palmeiras\" \/>\n<meta property=\"og:description\" content=\"Nas \u00faltimas horas, o foco das not\u00edcias sobre o Palmeiras se concentram nos bastidores do clube, com destaques como a declara\u00e7\u00e3o de Weverton e m\u00e1 not\u00edcia. Por conta deste contexto, leia abaixo um resumo preparado pela equipe do portal G\u00e1vea News para lhe manter muito bem informado! M\u00e1 not\u00edcia O Palmeiras e o Botafogo se [&hellip;]\" \/>\n<meta property=\"og:url\" content=\"https:\/\/www.gaveanews.com\/index.php\/2024\/11\/26\/campeao-do-brasileiro-declaracao-de-weverton-e-ma-noticia-as-ultimas-noticias-do-palmeiras\/\" \/>\n<meta property=\"og:site_name\" content=\"G\u00e1vea News\" \/>\n<meta property=\"article:publisher\" content=\"https:\/\/facebook.com\/gaveaNews\/\" \/>\n<meta property=\"article:published_time\" content=\"2024-11-26T09:35:00+00:00\" \/>\n<meta property=\"og:image\" content=\"https:\/\/www.gaveanews.com\/wp-content\/uploads\/Jogadores-do-Palmeiras-durante-partida-valida-pela-Copa-do-Brasil-2024.webp\" \/>\n\t<meta property=\"og:image:width\" content=\"1051\" \/>\n\t<meta property=\"og:image:height\" content=\"701\" \/>\n\t<meta property=\"og:image:type\" content=\"image\/webp\" \/>\n<meta name=\"author\" content=\"Matheus Felipe\" \/>\n<meta name=\"twitter:card\" content=\"summary_large_image\" \/>\n<meta name=\"twitter:label1\" content=\"Escrito por\" \/>\n\t<meta name=\"twitter:data1\" content=\"Matheus Felipe\" \/>\n\t<meta name=\"twitter:label2\" content=\"Est. tempo de leitura\" \/>\n\t<meta name=\"twitter:data2\" content=\"5 minutos\" \/>\n<script type=\"application\/ld+json\" class=\"yoast-schema-graph\">{\"@context\":\"https:\/\/schema.org\",\"@graph\":[{\"@type\":\"NewsArticle\",\"@id\":\"https:\/\/www.gaveanews.com\/index.php\/2024\/11\/26\/campeao-do-brasileiro-declaracao-de-weverton-e-ma-noticia-as-ultimas-noticias-do-palmeiras\/#article\",\"isPartOf\":{\"@id\":\"https:\/\/www.gaveanews.com\/index.php\/2024\/11\/26\/campeao-do-brasileiro-declaracao-de-weverton-e-ma-noticia-as-ultimas-noticias-do-palmeiras\/\"},\"author\":{\"name\":\"Matheus Felipe\",\"@id\":\"https:\/\/www.gaveanews.com\/#\/schema\/person\/8207cd4627f56151707418bfc835b2fb\"},\"headline\":\"Campe\u00e3o do Brasileiro, declara\u00e7\u00e3o de Weverton e m\u00e1 not\u00edcia: as \u00faltimas not\u00edcias do Palmeiras\",\"datePublished\":\"2024-11-26T09:35:00+00:00\",\"mainEntityOfPage\":{\"@id\":\"https:\/\/www.gaveanews.com\/index.php\/2024\/11\/26\/campeao-do-brasileiro-declaracao-de-weverton-e-ma-noticia-as-ultimas-noticias-do-palmeiras\/\"},\"wordCount\":756,\"commentCount\":0,\"image\":{\"@id\":\"https:\/\/www.gaveanews.com\/index.php\/2024\/11\/26\/campeao-do-brasileiro-declaracao-de-weverton-e-ma-noticia-as-ultimas-noticias-do-palmeiras\/#primaryimage\"},\"thumbnailUrl\":\"https:\/\/www.gaveanews.com\/wp-content\/uploads\/Jogadores-do-Palmeiras-durante-partida-valida-pela-Copa-do-Brasil-2024.webp\",\"articleSection\":[\"Palmeiras\"],\"inLanguage\":\"pt-BR\",\"potentialAction\":[{\"@type\":\"CommentAction\",\"name\":\"Comment\",\"target\":[\"https:\/\/www.gaveanews.com\/index.php\/2024\/11\/26\/campeao-do-brasileiro-declaracao-de-weverton-e-ma-noticia-as-ultimas-noticias-do-palmeiras\/#respond\"]}],\"copyrightYear\":\"2024\",\"copyrightHolder\":{\"@id\":\"https:\/\/www.gaveanews.com\/#organization\"}},{\"@type\":\"WebPage\",\"@id\":\"https:\/\/www.gaveanews.com\/index.php\/2024\/11\/26\/campeao-do-brasileiro-declaracao-de-weverton-e-ma-noticia-as-ultimas-noticias-do-palmeiras\/\",\"url\":\"https:\/\/www.gaveanews.com\/index.php\/2024\/11\/26\/campeao-do-brasileiro-declaracao-de-weverton-e-ma-noticia-as-ultimas-noticias-do-palmeiras\/\",\"name\":\"Campe\u00e3o do Brasileiro, declara\u00e7\u00e3o de Weverton e m\u00e1 not\u00edcia: as \u00faltimas not\u00edcias do Palmeiras\",\"isPartOf\":{\"@id\":\"https:\/\/www.gaveanews.com\/#website\"},\"primaryImageOfPage\":{\"@id\":\"https:\/\/www.gaveanews.com\/index.php\/2024\/11\/26\/campeao-do-brasileiro-declaracao-de-weverton-e-ma-noticia-as-ultimas-noticias-do-palmeiras\/#primaryimage\"},\"image\":{\"@id\":\"https:\/\/www.gaveanews.com\/index.php\/2024\/11\/26\/campeao-do-brasileiro-declaracao-de-weverton-e-ma-noticia-as-ultimas-noticias-do-palmeiras\/#primaryimage\"},\"thumbnailUrl\":\"https:\/\/www.gaveanews.com\/wp-content\/uploads\/Jogadores-do-Palmeiras-durante-partida-valida-pela-Copa-do-Brasil-2024.webp\",\"datePublished\":\"2024-11-26T09:35:00+00:00\",\"author\":{\"@id\":\"https:\/\/www.gaveanews.com\/#\/schema\/person\/8207cd4627f56151707418bfc835b2fb\"},\"breadcrumb\":{\"@id\":\"https:\/\/www.gaveanews.com\/index.php\/2024\/11\/26\/campeao-do-brasileiro-declaracao-de-weverton-e-ma-noticia-as-ultimas-noticias-do-palmeiras\/#breadcrumb\"},\"inLanguage\":\"pt-BR\",\"potentialAction\":[{\"@type\":\"ReadAction\",\"target\":[\"https:\/\/www.gaveanews.com\/index.php\/2024\/11\/26\/campeao-do-brasileiro-declaracao-de-weverton-e-ma-noticia-as-ultimas-noticias-do-palmeiras\/\"]}]},{\"@type\":\"ImageObject\",\"inLanguage\":\"pt-BR\",\"@id\":\"https:\/\/www.gaveanews.com\/index.php\/2024\/11\/26\/campeao-do-brasileiro-declaracao-de-weverton-e-ma-noticia-as-ultimas-noticias-do-palmeiras\/#primaryimage\",\"url\":\"https:\/\/www.gaveanews.com\/wp-content\/uploads\/Jogadores-do-Palmeiras-durante-partida-valida-pela-Copa-do-Brasil-2024.webp\",\"contentUrl\":\"https:\/\/www.gaveanews.com\/wp-content\/uploads\/Jogadores-do-Palmeiras-durante-partida-valida-pela-Copa-do-Brasil-2024.webp\",\"width\":1051,\"height\":701,\"caption\":\"Jogadores do Palmeiras durante partida v\u00e1lida pela Copa do Brasil 2024 (Foto: Reprodu\u00e7\u00e3o\/Palmeiras)\"},{\"@type\":\"BreadcrumbList\",\"@id\":\"https:\/\/www.gaveanews.com\/index.php\/2024\/11\/26\/campeao-do-brasileiro-declaracao-de-weverton-e-ma-noticia-as-ultimas-noticias-do-palmeiras\/#breadcrumb\",\"itemListElement\":[{\"@type\":\"ListItem\",\"position\":1,\"name\":\"Home\",\"item\":\"https:\/\/www.gaveanews.com\/\"},{\"@type\":\"ListItem\",\"position\":2,\"name\":\"Campe\u00e3o do Brasileiro, declara\u00e7\u00e3o de Weverton e m\u00e1 not\u00edcia: as \u00faltimas not\u00edcias do Palmeiras\"}]},{\"@type\":\"WebSite\",\"@id\":\"https:\/\/www.gaveanews.com\/#website\",\"url\":\"https:\/\/www.gaveanews.com\/\",\"name\":\"G\u00e1vea News\",\"description\":\"Veja todas as not\u00edcias sobre o Flamengo: Contrata\u00e7\u00f5es, categorias de base, resultados das partidas, tabela de classifica\u00e7\u00e3o, pr\u00f3ximos jogos!\",\"potentialAction\":[{\"@type\":\"SearchAction\",\"target\":{\"@type\":\"EntryPoint\",\"urlTemplate\":\"https:\/\/www.gaveanews.com\/?s={search_term_string}\"},\"query-input\":{\"@type\":\"PropertyValueSpecification\",\"valueRequired\":true,\"valueName\":\"search_term_string\"}}],\"inLanguage\":\"pt-BR\"},{\"@type\":\"Person\",\"@id\":\"https:\/\/www.gaveanews.com\/#\/schema\/person\/8207cd4627f56151707418bfc835b2fb\",\"name\":\"Matheus Felipe\",\"image\":{\"@type\":\"ImageObject\",\"inLanguage\":\"pt-BR\",\"@id\":\"https:\/\/www.gaveanews.com\/#\/schema\/person\/image\/\",\"url\":\"https:\/\/secure.gravatar.com\/avatar\/a452ffbed9130f726358b298bb3a99ce4bd3c5338411f8440e87e14d74c7c087?s=96&d=mm&r=g\",\"contentUrl\":\"https:\/\/secure.gravatar.com\/avatar\/a452ffbed9130f726358b298bb3a99ce4bd3c5338411f8440e87e14d74c7c087?s=96&d=mm&r=g\",\"caption\":\"Matheus Felipe\"}}]}<\/script>\n<!-- \/ Yoast SEO Premium plugin. -->","yoast_head_json":{"title":"Campe\u00e3o do Brasileiro, declara\u00e7\u00e3o de Weverton e m\u00e1 not\u00edcia: as \u00faltimas not\u00edcias do Palmeiras","robots":{"index":"index","follow":"follow","max-snippet":"max-snippet:-1","max-image-preview":"max-image-preview:large","max-video-preview":"max-video-preview:-1"},"canonical":"https:\/\/www.gaveanews.com\/index.php\/2024\/11\/26\/campeao-do-brasileiro-declaracao-de-weverton-e-ma-noticia-as-ultimas-noticias-do-palmeiras\/","og_locale":"pt_BR","og_type":"article","og_title":"Campe\u00e3o do Brasileiro, declara\u00e7\u00e3o de Weverton e m\u00e1 not\u00edcia: as \u00faltimas not\u00edcias do Palmeiras","og_description":"Nas \u00faltimas horas, o foco das not\u00edcias sobre o Palmeiras se concentram nos bastidores do clube, com destaques como a declara\u00e7\u00e3o de Weverton e m\u00e1 not\u00edcia. Por conta deste contexto, leia abaixo um resumo preparado pela equipe do portal G\u00e1vea News para lhe manter muito bem informado! M\u00e1 not\u00edcia O Palmeiras e o Botafogo se [&hellip;]","og_url":"https:\/\/www.gaveanews.com\/index.php\/2024\/11\/26\/campeao-do-brasileiro-declaracao-de-weverton-e-ma-noticia-as-ultimas-noticias-do-palmeiras\/","og_site_name":"G\u00e1vea News","article_publisher":"https:\/\/facebook.com\/gaveaNews\/","article_published_time":"2024-11-26T09:35:00+00:00","og_image":[{"width":1051,"height":701,"url":"https:\/\/www.gaveanews.com\/wp-content\/uploads\/Jogadores-do-Palmeiras-durante-partida-valida-pela-Copa-do-Brasil-2024.webp","type":"image\/webp"}],"author":"Matheus Felipe","twitter_card":"summary_large_image","twitter_misc":{"Escrito por":"Matheus Felipe","Est. tempo de leitura":"5 minutos"},"schema":{"@context":"https:\/\/schema.org","@graph":[{"@type":"NewsArticle","@id":"https:\/\/www.gaveanews.com\/index.php\/2024\/11\/26\/campeao-do-brasileiro-declaracao-de-weverton-e-ma-noticia-as-ultimas-noticias-do-palmeiras\/#article","isPartOf":{"@id":"https:\/\/www.gaveanews.com\/index.php\/2024\/11\/26\/campeao-do-brasileiro-declaracao-de-weverton-e-ma-noticia-as-ultimas-noticias-do-palmeiras\/"},"author":{"name":"Matheus Felipe","@id":"https:\/\/www.gaveanews.com\/#\/schema\/person\/8207cd4627f56151707418bfc835b2fb"},"headline":"Campe\u00e3o do Brasileiro, declara\u00e7\u00e3o de Weverton e m\u00e1 not\u00edcia: as \u00faltimas not\u00edcias do Palmeiras","datePublished":"2024-11-26T09:35:00+00:00","mainEntityOfPage":{"@id":"https:\/\/www.gaveanews.com\/index.php\/2024\/11\/26\/campeao-do-brasileiro-declaracao-de-weverton-e-ma-noticia-as-ultimas-noticias-do-palmeiras\/"},"wordCount":756,"commentCount":0,"image":{"@id":"https:\/\/www.gaveanews.com\/index.php\/2024\/11\/26\/campeao-do-brasileiro-declaracao-de-weverton-e-ma-noticia-as-ultimas-noticias-do-palmeiras\/#primaryimage"},"thumbnailUrl":"https:\/\/www.gaveanews.com\/wp-content\/uploads\/Jogadores-do-Palmeiras-durante-partida-valida-pela-Copa-do-Brasil-2024.webp","articleSection":["Palmeiras"],"inLanguage":"pt-BR","potentialAction":[{"@type":"CommentAction","name":"Comment","target":["https:\/\/www.gaveanews.com\/index.php\/2024\/11\/26\/campeao-do-brasileiro-declaracao-de-weverton-e-ma-noticia-as-ultimas-noticias-do-palmeiras\/#respond"]}],"copyrightYear":"2024","copyrightHolder":{"@id":"https:\/\/www.gaveanews.com\/#organization"}},{"@type":"WebPage","@id":"https:\/\/www.gaveanews.com\/index.php\/2024\/11\/26\/campeao-do-brasileiro-declaracao-de-weverton-e-ma-noticia-as-ultimas-noticias-do-palmeiras\/","url":"https:\/\/www.gaveanews.com\/index.php\/2024\/11\/26\/campeao-do-brasileiro-declaracao-de-weverton-e-ma-noticia-as-ultimas-noticias-do-palmeiras\/","name":"Campe\u00e3o do Brasileiro, declara\u00e7\u00e3o de Weverton e m\u00e1 not\u00edcia: as \u00faltimas not\u00edcias do Palmeiras","isPartOf":{"@id":"https:\/\/www.gaveanews.com\/#website"},"primaryImageOfPage":{"@id":"https:\/\/www.gaveanews.com\/index.php\/2024\/11\/26\/campeao-do-brasileiro-declaracao-de-weverton-e-ma-noticia-as-ultimas-noticias-do-palmeiras\/#primaryimage"},"image":{"@id":"https:\/\/www.gaveanews.com\/index.php\/2024\/11\/26\/campeao-do-brasileiro-declaracao-de-weverton-e-ma-noticia-as-ultimas-noticias-do-palmeiras\/#primaryimage"},"thumbnailUrl":"https:\/\/www.gaveanews.com\/wp-content\/uploads\/Jogadores-do-Palmeiras-durante-partida-valida-pela-Copa-do-Brasil-2024.webp","datePublished":"2024-11-26T09:35:00+00:00","author":{"@id":"https:\/\/www.gaveanews.com\/#\/schema\/person\/8207cd4627f56151707418bfc835b2fb"},"breadcrumb":{"@id":"https:\/\/www.gaveanews.com\/index.php\/2024\/11\/26\/campeao-do-brasileiro-declaracao-de-weverton-e-ma-noticia-as-ultimas-noticias-do-palmeiras\/#breadcrumb"},"inLanguage":"pt-BR","potentialAction":[{"@type":"ReadAction","target":["https:\/\/www.gaveanews.com\/index.php\/2024\/11\/26\/campeao-do-brasileiro-declaracao-de-weverton-e-ma-noticia-as-ultimas-noticias-do-palmeiras\/"]}]},{"@type":"ImageObject","inLanguage":"pt-BR","@id":"https:\/\/www.gaveanews.com\/index.php\/2024\/11\/26\/campeao-do-brasileiro-declaracao-de-weverton-e-ma-noticia-as-ultimas-noticias-do-palmeiras\/#primaryimage","url":"https:\/\/www.gaveanews.com\/wp-content\/uploads\/Jogadores-do-Palmeiras-durante-partida-valida-pela-Copa-do-Brasil-2024.webp","contentUrl":"https:\/\/www.gaveanews.com\/wp-content\/uploads\/Jogadores-do-Palmeiras-durante-partida-valida-pela-Copa-do-Brasil-2024.webp","width":1051,"height":701,"caption":"Jogadores do Palmeiras durante partida v\u00e1lida pela Copa do Brasil 2024 (Foto: Reprodu\u00e7\u00e3o\/Palmeiras)"},{"@type":"BreadcrumbList","@id":"https:\/\/www.gaveanews.com\/index.php\/2024\/11\/26\/campeao-do-brasileiro-declaracao-de-weverton-e-ma-noticia-as-ultimas-noticias-do-palmeiras\/#breadcrumb","itemListElement":[{"@type":"ListItem","position":1,"name":"Home","item":"https:\/\/www.gaveanews.com\/"},{"@type":"ListItem","position":2,"name":"Campe\u00e3o do Brasileiro, declara\u00e7\u00e3o de Weverton e m\u00e1 not\u00edcia: as \u00faltimas not\u00edcias do Palmeiras"}]},{"@type":"WebSite","@id":"https:\/\/www.gaveanews.com\/#website","url":"https:\/\/www.gaveanews.com\/","name":"G\u00e1vea News","description":"Veja todas as not\u00edcias sobre o Flamengo: Contrata\u00e7\u00f5es, categorias de base, resultados das partidas, tabela de classifica\u00e7\u00e3o, pr\u00f3ximos jogos!","potentialAction":[{"@type":"SearchAction","target":{"@type":"EntryPoint","urlTemplate":"https:\/\/www.gaveanews.com\/?s={search_term_string}"},"query-input":{"@type":"PropertyValueSpecification","valueRequired":true,"valueName":"search_term_string"}}],"inLanguage":"pt-BR"},{"@type":"Person","@id":"https:\/\/www.gaveanews.com\/#\/schema\/person\/8207cd4627f56151707418bfc835b2fb","name":"Matheus Felipe","image":{"@type":"ImageObject","inLanguage":"pt-BR","@id":"https:\/\/www.gaveanews.com\/#\/schema\/person\/image\/","url":"https:\/\/secure.gravatar.com\/avatar\/a452ffbed9130f726358b298bb3a99ce4bd3c5338411f8440e87e14d74c7c087?s=96&d=mm&r=g","contentUrl":"https:\/\/secure.gravatar.com\/avatar\/a452ffbed9130f726358b298bb3a99ce4bd3c5338411f8440e87e14d74c7c087?s=96&d=mm&r=g","caption":"Matheus Felipe"}}]}},"_links":{"self":[{"href":"https:\/\/www.gaveanews.com\/index.php\/wp-json\/wp\/v2\/posts\/190471","targetHints":{"allow":["GET"]}}],"collection":[{"href":"https:\/\/www.gaveanews.com\/index.php\/wp-json\/wp\/v2\/posts"}],"about":[{"href":"https:\/\/www.gaveanews.com\/index.php\/wp-json\/wp\/v2\/types\/post"}],"author":[{"embeddable":true,"href":"https:\/\/www.gaveanews.com\/index.php\/wp-json\/wp\/v2\/users\/27"}],"replies":[{"embeddable":true,"href":"https:\/\/www.gaveanews.com\/index.php\/wp-json\/wp\/v2\/comments?post=190471"}],"version-history":[{"count":1,"href":"https:\/\/www.gaveanews.com\/index.php\/wp-json\/wp\/v2\/posts\/190471\/revisions"}],"predecessor-version":[{"id":190479,"href":"https:\/\/www.gaveanews.com\/index.php\/wp-json\/wp\/v2\/posts\/190471\/revisions\/190479"}],"wp:featuredmedia":[{"embeddable":true,"href":"https:\/\/www.gaveanews.com\/index.php\/wp-json\/wp\/v2\/media\/158318"}],"wp:attachment":[{"href":"https:\/\/www.gaveanews.com\/index.php\/wp-json\/wp\/v2\/media?parent=190471"}],"wp:term":[{"taxonomy":"category","embeddable":true,"href":"https:\/\/www.gaveanews.com\/index.php\/wp-json\/wp\/v2\/categories?post=190471"},{"taxonomy":"post_tag","embeddable":true,"href":"https:\/\/www.gaveanews.com\/index.php\/wp-json\/wp\/v2\/tags?post=190471"}],"curies":[{"name":"wp","href":"https:\/\/api.w.org\/{rel}","templated":true}]}}