{"id":190473,"date":"2024-11-26T04:40:00","date_gmt":"2024-11-26T07:40:00","guid":{"rendered":"https:\/\/www.gaveanews.com\/?p=190473"},"modified":"2024-11-26T02:58:37","modified_gmt":"2024-11-26T05:58:37","slug":"irritacao-da-torcida-declaracao-de-seabra-e-recado-de-garro-as-ultimas-noticias-do-cruzeiro","status":"publish","type":"post","link":"https:\/\/www.gaveanews.com\/index.php\/2024\/11\/26\/irritacao-da-torcida-declaracao-de-seabra-e-recado-de-garro-as-ultimas-noticias-do-cruzeiro\/","title":{"rendered":"Irrita\u00e7\u00e3o da torcida, declara\u00e7\u00e3o de Seabra e recado de Garro: as \u00faltimas not\u00edcias do Cruzeiro"},"content":{"rendered":"\n<p>Nas \u00faltimas horas, o foco das not\u00edcias sobre o Cruzeiro se concentram nos bastidores do clube, com destaques como a irrita\u00e7\u00e3o da torcida e a declara\u00e7\u00e3o de Garro.<\/p>\n\n\n\n<p>Por conta deste contexto, leia abaixo um resumo preparado pela equipe do portal G\u00e1vea News para lhe manter muito bem informado!<\/p>\n\n\n\n<h2 class=\"wp-block-heading\" id=\"h-recado-de-garro\">Recado de Garro<\/h2>\n\n\n\n<p>Rodrigo Garro, destaque do Corinthians em 2024, revelou os bastidores de sua decis\u00e3o de assumir a camisa 10 do clube. Antes de trocar o n\u00famero 16, que ele considerava especial, Garro consultou \u00eddolos como C\u00e1ssio e Paulinho, al\u00e9m do atacante Romero. C\u00e1ssio encorajou o argentino, afirmando que ele estava pronto para carregar a responsabilidade do n\u00famero que representa grande tradi\u00e7\u00e3o no Tim\u00e3o <strong><a href=\"https:\/\/www.gaveanews.com\/index.php\/2024\/11\/25\/a-declaracao-de-rodrigo-garro-direcionada-a-cassio-do-cruzeiro\/\">(leia a mat\u00e9ria completa).<\/a><\/strong><\/p>\n\n\n\n<figure class=\"wp-block-image size-large\"><img loading=\"lazy\" decoding=\"async\" width=\"1024\" height=\"772\" src=\"https:\/\/www.gaveanews.com\/wp-content\/uploads\/Rodrigo-Garro-com-a-camisa-do-Corinthians-em-2024-1024x772.webp\" alt=\"\" class=\"wp-image-161268\" srcset=\"https:\/\/www.gaveanews.com\/wp-content\/uploads\/Rodrigo-Garro-com-a-camisa-do-Corinthians-em-2024-1024x772.webp 1024w, https:\/\/www.gaveanews.com\/wp-content\/uploads\/Rodrigo-Garro-com-a-camisa-do-Corinthians-em-2024-300x226.webp 300w, https:\/\/www.gaveanews.com\/wp-content\/uploads\/Rodrigo-Garro-com-a-camisa-do-Corinthians-em-2024-768x579.webp 768w, https:\/\/www.gaveanews.com\/wp-content\/uploads\/Rodrigo-Garro-com-a-camisa-do-Corinthians-em-2024-557x420.webp 557w, https:\/\/www.gaveanews.com\/wp-content\/uploads\/Rodrigo-Garro-com-a-camisa-do-Corinthians-em-2024-1115x840.webp 1115w, https:\/\/www.gaveanews.com\/wp-content\/uploads\/Rodrigo-Garro-com-a-camisa-do-Corinthians-em-2024-80x60.webp 80w, https:\/\/www.gaveanews.com\/wp-content\/uploads\/Rodrigo-Garro-com-a-camisa-do-Corinthians-em-2024-160x120.webp 160w, https:\/\/www.gaveanews.com\/wp-content\/uploads\/Rodrigo-Garro-com-a-camisa-do-Corinthians-em-2024-100x75.webp 100w, https:\/\/www.gaveanews.com\/wp-content\/uploads\/Rodrigo-Garro-com-a-camisa-do-Corinthians-em-2024-200x150.webp 200w, https:\/\/www.gaveanews.com\/wp-content\/uploads\/Rodrigo-Garro-com-a-camisa-do-Corinthians-em-2024-180x135.webp 180w, https:\/\/www.gaveanews.com\/wp-content\/uploads\/Rodrigo-Garro-com-a-camisa-do-Corinthians-em-2024-360x270.webp 360w, https:\/\/www.gaveanews.com\/wp-content\/uploads\/Rodrigo-Garro-com-a-camisa-do-Corinthians-em-2024-238x178.webp 238w, https:\/\/www.gaveanews.com\/wp-content\/uploads\/Rodrigo-Garro-com-a-camisa-do-Corinthians-em-2024-640x482.webp 640w, https:\/\/www.gaveanews.com\/wp-content\/uploads\/Rodrigo-Garro-com-a-camisa-do-Corinthians-em-2024-1280x964.webp 1280w, https:\/\/www.gaveanews.com\/wp-content\/uploads\/Rodrigo-Garro-com-a-camisa-do-Corinthians-em-2024-681x513.webp 681w, https:\/\/www.gaveanews.com\/wp-content\/uploads\/Rodrigo-Garro-com-a-camisa-do-Corinthians-em-2024-1362x1026.webp 1362w, https:\/\/www.gaveanews.com\/wp-content\/uploads\/Rodrigo-Garro-com-a-camisa-do-Corinthians-em-2024.webp 1440w\" sizes=\"auto, (max-width: 1024px) 100vw, 1024px\" \/><figcaption class=\"wp-element-caption\">Rodrigo Garro com a camisa do Corinthians em 2024 (Foto: Reprodu\u00e7\u00e3o\/Instagram)<\/figcaption><\/figure>\n\n\n\n<p>Garro destacou que s\u00f3 aceitou vestir a 10 ap\u00f3s obter o aval do elenco, demonstrando respeito \u00e0 hist\u00f3ria do clube e \u00e0 hierarquia entre os jogadores. <\/p>\n\n\n\n<p>Segundo ele, a mudan\u00e7a n\u00e3o o fez se sentir superior aos colegas, mas foi um momento de orgulho pessoal. Na atual temporada, o jogador \u00e9 pe\u00e7a fundamental no meio-campo, contribuindo decisivamente para as recentes vit\u00f3rias do Corinthians.<\/p>\n\n\n\n<p>O pr\u00f3ximo desafio do Tim\u00e3o ser\u00e1 contra o Crici\u00fama, pelo Brasileir\u00e3o, onde Garro ter\u00e1 a oportunidade de reafirmar seu papel como protagonista na busca por uma vaga na Libertadores e na consolida\u00e7\u00e3o do trabalho sob o comando de Ram\u00f3n D\u00edaz.<\/p>\n\n\n\n<h2 class=\"wp-block-heading\" id=\"h-declaracao-de-seabra\">Declara\u00e7\u00e3o de Seabra<\/h2>\n\n\n\n<p>Fernando Seabra, ex-t\u00e9cnico do Cruzeiro, comentou pela primeira vez sobre sua demiss\u00e3o em setembro, em entrevista ao podcast &#8220;Zona Mista do Hernan&#8221;. Seabra revelou surpresa com a decis\u00e3o da diretoria, liderada por Pedro Louren\u00e7o e Alexandre Mattos, ap\u00f3s um empate contra o Cuiab\u00e1, em que usou um time reserva visando um confronto decisivo na Sul-Americana. Apesar da frustra\u00e7\u00e3o, ele agradeceu o suporte recebido durante seu per\u00edodo no clube <strong><a href=\"https:\/\/www.gaveanews.com\/index.php\/2024\/11\/25\/a-declaracao-de-seabra-direcionada-a-diretoria-do-cruzeiro\/\">(leia a mat\u00e9ria completa).<\/a><\/strong><\/p>\n\n\n\n<figure class=\"wp-block-image size-large\"><img loading=\"lazy\" decoding=\"async\" width=\"1024\" height=\"576\" src=\"https:\/\/www.gaveanews.com\/wp-content\/uploads\/Fernando-Seabra-durante-jogo-do-Cruzeiro-no-Mineirao-1024x576.webp\" alt=\"\" class=\"wp-image-149930\" srcset=\"https:\/\/www.gaveanews.com\/wp-content\/uploads\/Fernando-Seabra-durante-jogo-do-Cruzeiro-no-Mineirao-1024x576.webp 1024w, https:\/\/www.gaveanews.com\/wp-content\/uploads\/Fernando-Seabra-durante-jogo-do-Cruzeiro-no-Mineirao-300x169.webp 300w, https:\/\/www.gaveanews.com\/wp-content\/uploads\/Fernando-Seabra-durante-jogo-do-Cruzeiro-no-Mineirao-768x432.webp 768w, https:\/\/www.gaveanews.com\/wp-content\/uploads\/Fernando-Seabra-durante-jogo-do-Cruzeiro-no-Mineirao-747x420.webp 747w, https:\/\/www.gaveanews.com\/wp-content\/uploads\/Fernando-Seabra-durante-jogo-do-Cruzeiro-no-Mineirao-640x360.webp 640w, https:\/\/www.gaveanews.com\/wp-content\/uploads\/Fernando-Seabra-durante-jogo-do-Cruzeiro-no-Mineirao-1280x720.webp 1280w, https:\/\/www.gaveanews.com\/wp-content\/uploads\/Fernando-Seabra-durante-jogo-do-Cruzeiro-no-Mineirao-681x383.webp 681w, https:\/\/www.gaveanews.com\/wp-content\/uploads\/Fernando-Seabra-durante-jogo-do-Cruzeiro-no-Mineirao-1362x766.webp 1362w, https:\/\/www.gaveanews.com\/wp-content\/uploads\/Fernando-Seabra-durante-jogo-do-Cruzeiro-no-Mineirao-100x56.webp 100w, https:\/\/www.gaveanews.com\/wp-content\/uploads\/Fernando-Seabra-durante-jogo-do-Cruzeiro-no-Mineirao.webp 1440w\" sizes=\"auto, (max-width: 1024px) 100vw, 1024px\" \/><figcaption class=\"wp-element-caption\">Fernando Seabra durante jogo do Cruzeiro no Mineir\u00e3o (Foto: Reprodu\u00e7\u00e3o\/Cruzeiro)<\/figcaption><\/figure>\n\n\n\n<p>Seabra destacou os desafios do calend\u00e1rio brasileiro, onde o excesso de jogos dificulta o treinamento adequado, afetando diretamente o rendimento das equipes. Sob seu comando, o Cruzeiro teve 56% de aproveitamento em 2024, chegou \u00e0 final da Sul-Americana e alcan\u00e7ou a quarta posi\u00e7\u00e3o no primeiro turno do Brasileir\u00e3o. No entanto, a queda de desempenho na S\u00e9rie A foi determinante para sua sa\u00edda e a contrata\u00e7\u00e3o de Fernando Diniz como substituto.<\/p>\n\n\n\n<p>Embora lamente sua sa\u00edda, Seabra avaliou positivamente sua passagem pelo clube, afirmando que a experi\u00eancia no Cruzeiro valorizou sua carreira e o preparou para novos desafios. Ele concluiu que apenas o tempo dir\u00e1 se a troca foi acertada, mas mant\u00e9m gratid\u00e3o ao clube e a expectativa de crescer no mercado.<\/p>\n\n\n\n<h2 class=\"wp-block-heading\" id=\"h-irritacao-da-torcida\">Irrita\u00e7\u00e3o da torcida<\/h2>\n\n\n\n<p>Jos\u00e9 Ivaldo, zagueiro do Cruzeiro, gerou pol\u00eamica ao compartilhar uma postagem do Sofascore que o inclu\u00eda no time ideal da Copa Sul-Americana. A publica\u00e7\u00e3o, acompanhada de um emoji enigm\u00e1tico, n\u00e3o foi bem recebida por parte da torcida, que interpretou o gesto como insensibilidade ap\u00f3s a derrota na final para o Racing. A repercuss\u00e3o negativa fez com que o jogador apagasse o post e repostasse apenas o conte\u00fado original <strong><a href=\"https:\/\/www.gaveanews.com\/index.php\/2024\/11\/25\/zagueiro-do-cruzeiro-faz-publicacao-irrita-a-torcida-se-arrepende-e-apaga-post\/\">(leia a mat\u00e9ria completa).<\/a><\/strong><\/p>\n\n\n\n<figure class=\"wp-block-image size-large\"><img loading=\"lazy\" decoding=\"async\" width=\"1024\" height=\"682\" src=\"https:\/\/www.gaveanews.com\/wp-content\/uploads\/Camisa-do-Cruzeiro-2024-1024x682.webp\" alt=\"\" class=\"wp-image-163709\" srcset=\"https:\/\/www.gaveanews.com\/wp-content\/uploads\/Camisa-do-Cruzeiro-2024-1024x682.webp 1024w, https:\/\/www.gaveanews.com\/wp-content\/uploads\/Camisa-do-Cruzeiro-2024-300x200.webp 300w, https:\/\/www.gaveanews.com\/wp-content\/uploads\/Camisa-do-Cruzeiro-2024-768x512.webp 768w, https:\/\/www.gaveanews.com\/wp-content\/uploads\/Camisa-do-Cruzeiro-2024-630x420.webp 630w, https:\/\/www.gaveanews.com\/wp-content\/uploads\/Camisa-do-Cruzeiro-2024-1260x840.webp 1260w, https:\/\/www.gaveanews.com\/wp-content\/uploads\/Camisa-do-Cruzeiro-2024-640x427.webp 640w, https:\/\/www.gaveanews.com\/wp-content\/uploads\/Camisa-do-Cruzeiro-2024-1280x853.webp 1280w, https:\/\/www.gaveanews.com\/wp-content\/uploads\/Camisa-do-Cruzeiro-2024-681x454.webp 681w, https:\/\/www.gaveanews.com\/wp-content\/uploads\/Camisa-do-Cruzeiro-2024-100x67.webp 100w, https:\/\/www.gaveanews.com\/wp-content\/uploads\/Camisa-do-Cruzeiro-2024.webp 1292w\" sizes=\"auto, (max-width: 1024px) 100vw, 1024px\" \/><figcaption class=\"wp-element-caption\">Camisa do Cruzeiro 2024 (Foto: Reprodu\u00e7\u00e3o\/Instagram)<\/figcaption><\/figure>\n\n\n\n<p>A rea\u00e7\u00e3o dos torcedores foi mista: enquanto alguns criticaram Jos\u00e9 Ivaldo, outros sa\u00edram em sua defesa, destacando sua qualidade em compara\u00e7\u00e3o a outros atletas do elenco. Atualmente, o zagueiro perdeu espa\u00e7o na equipe titular para Lucas Villalba e n\u00e3o foi utilizado na final. Emprestado pelo Athletico-PR, ele soma 81 partidas pelo Cruzeiro e foi fundamental na conquista da S\u00e9rie B em 2022.<\/p>\n\n\n\n<p>O incidente ocorre em um momento delicado para o Cruzeiro, que tenta se recuperar na reta final do Brasileir\u00e3o. A equipe enfrentar\u00e1 o Gr\u00eamio na pr\u00f3xima rodada, buscando melhorar o desempenho sob o comando de Fernando Diniz. A pol\u00eamica envolvendo Jos\u00e9 Ivaldo reflete a press\u00e3o que o clube enfrenta para reconquistar a confian\u00e7a de seus torcedores.<\/p>\n","protected":false},"excerpt":{"rendered":"<p>Nas \u00faltimas horas, o foco das not\u00edcias sobre o Cruzeiro se concentram nos bastidores do clube, com destaques como a irrita\u00e7\u00e3o da torcida e a declara\u00e7\u00e3o de Garro. Por conta deste contexto, leia abaixo um resumo preparado pela equipe do portal G\u00e1vea News para lhe manter muito bem informado! Recado de Garro Rodrigo Garro, destaque [&hellip;]<\/p>\n","protected":false},"author":27,"featured_media":175601,"comment_status":"open","ping_status":"closed","sticky":false,"template":"","format":"standard","meta":{"footnotes":""},"categories":[143],"tags":[],"class_list":["post-190473","post","type-post","status-publish","format-standard","has-post-thumbnail","hentry","category-cruzeiro"],"yoast_head":"<!-- This site is optimized with the Yoast SEO Premium plugin v24.2 (Yoast SEO v26.9) - https:\/\/yoast.com\/product\/yoast-seo-premium-wordpress\/ -->\n<title>Irrita\u00e7\u00e3o da torcida, declara\u00e7\u00e3o de Seabra e recado de Garro: as \u00faltimas not\u00edcias do Cruzeiro<\/title>\n<meta name=\"robots\" content=\"index, follow, max-snippet:-1, max-image-preview:large, max-video-preview:-1\" \/>\n<link rel=\"canonical\" href=\"https:\/\/www.gaveanews.com\/index.php\/2024\/11\/26\/irritacao-da-torcida-declaracao-de-seabra-e-recado-de-garro-as-ultimas-noticias-do-cruzeiro\/\" \/>\n<meta property=\"og:locale\" content=\"pt_BR\" \/>\n<meta property=\"og:type\" content=\"article\" \/>\n<meta property=\"og:title\" content=\"Irrita\u00e7\u00e3o da torcida, declara\u00e7\u00e3o de Seabra e recado de Garro: as \u00faltimas not\u00edcias do Cruzeiro\" \/>\n<meta property=\"og:description\" content=\"Nas \u00faltimas horas, o foco das not\u00edcias sobre o Cruzeiro se concentram nos bastidores do clube, com destaques como a irrita\u00e7\u00e3o da torcida e a declara\u00e7\u00e3o de Garro. Por conta deste contexto, leia abaixo um resumo preparado pela equipe do portal G\u00e1vea News para lhe manter muito bem informado! Recado de Garro Rodrigo Garro, destaque [&hellip;]\" \/>\n<meta property=\"og:url\" content=\"https:\/\/www.gaveanews.com\/index.php\/2024\/11\/26\/irritacao-da-torcida-declaracao-de-seabra-e-recado-de-garro-as-ultimas-noticias-do-cruzeiro\/\" \/>\n<meta property=\"og:site_name\" content=\"G\u00e1vea News\" \/>\n<meta property=\"article:publisher\" content=\"https:\/\/facebook.com\/gaveaNews\/\" \/>\n<meta property=\"article:published_time\" content=\"2024-11-26T07:40:00+00:00\" \/>\n<meta property=\"og:image\" content=\"https:\/\/www.gaveanews.com\/wp-content\/uploads\/Bandeira-do-Cruzeiro.webp\" \/>\n\t<meta property=\"og:image:width\" content=\"1062\" \/>\n\t<meta property=\"og:image:height\" content=\"708\" \/>\n\t<meta property=\"og:image:type\" content=\"image\/webp\" \/>\n<meta name=\"author\" content=\"Matheus Felipe\" \/>\n<meta name=\"twitter:card\" content=\"summary_large_image\" \/>\n<meta name=\"twitter:label1\" content=\"Escrito por\" \/>\n\t<meta name=\"twitter:data1\" content=\"Matheus Felipe\" \/>\n\t<meta name=\"twitter:label2\" content=\"Est. tempo de leitura\" \/>\n\t<meta name=\"twitter:data2\" content=\"5 minutos\" \/>\n<script type=\"application\/ld+json\" class=\"yoast-schema-graph\">{\"@context\":\"https:\/\/schema.org\",\"@graph\":[{\"@type\":\"NewsArticle\",\"@id\":\"https:\/\/www.gaveanews.com\/index.php\/2024\/11\/26\/irritacao-da-torcida-declaracao-de-seabra-e-recado-de-garro-as-ultimas-noticias-do-cruzeiro\/#article\",\"isPartOf\":{\"@id\":\"https:\/\/www.gaveanews.com\/index.php\/2024\/11\/26\/irritacao-da-torcida-declaracao-de-seabra-e-recado-de-garro-as-ultimas-noticias-do-cruzeiro\/\"},\"author\":{\"name\":\"Matheus Felipe\",\"@id\":\"https:\/\/www.gaveanews.com\/#\/schema\/person\/8207cd4627f56151707418bfc835b2fb\"},\"headline\":\"Irrita\u00e7\u00e3o da torcida, declara\u00e7\u00e3o de Seabra e recado de Garro: as \u00faltimas not\u00edcias do Cruzeiro\",\"datePublished\":\"2024-11-26T07:40:00+00:00\",\"mainEntityOfPage\":{\"@id\":\"https:\/\/www.gaveanews.com\/index.php\/2024\/11\/26\/irritacao-da-torcida-declaracao-de-seabra-e-recado-de-garro-as-ultimas-noticias-do-cruzeiro\/\"},\"wordCount\":715,\"commentCount\":0,\"image\":{\"@id\":\"https:\/\/www.gaveanews.com\/index.php\/2024\/11\/26\/irritacao-da-torcida-declaracao-de-seabra-e-recado-de-garro-as-ultimas-noticias-do-cruzeiro\/#primaryimage\"},\"thumbnailUrl\":\"https:\/\/www.gaveanews.com\/wp-content\/uploads\/Bandeira-do-Cruzeiro.webp\",\"articleSection\":[\"Cruzeiro\"],\"inLanguage\":\"pt-BR\",\"potentialAction\":[{\"@type\":\"CommentAction\",\"name\":\"Comment\",\"target\":[\"https:\/\/www.gaveanews.com\/index.php\/2024\/11\/26\/irritacao-da-torcida-declaracao-de-seabra-e-recado-de-garro-as-ultimas-noticias-do-cruzeiro\/#respond\"]}],\"copyrightYear\":\"2024\",\"copyrightHolder\":{\"@id\":\"https:\/\/www.gaveanews.com\/#organization\"}},{\"@type\":\"WebPage\",\"@id\":\"https:\/\/www.gaveanews.com\/index.php\/2024\/11\/26\/irritacao-da-torcida-declaracao-de-seabra-e-recado-de-garro-as-ultimas-noticias-do-cruzeiro\/\",\"url\":\"https:\/\/www.gaveanews.com\/index.php\/2024\/11\/26\/irritacao-da-torcida-declaracao-de-seabra-e-recado-de-garro-as-ultimas-noticias-do-cruzeiro\/\",\"name\":\"Irrita\u00e7\u00e3o da torcida, declara\u00e7\u00e3o de Seabra e recado de Garro: as \u00faltimas not\u00edcias do Cruzeiro\",\"isPartOf\":{\"@id\":\"https:\/\/www.gaveanews.com\/#website\"},\"primaryImageOfPage\":{\"@id\":\"https:\/\/www.gaveanews.com\/index.php\/2024\/11\/26\/irritacao-da-torcida-declaracao-de-seabra-e-recado-de-garro-as-ultimas-noticias-do-cruzeiro\/#primaryimage\"},\"image\":{\"@id\":\"https:\/\/www.gaveanews.com\/index.php\/2024\/11\/26\/irritacao-da-torcida-declaracao-de-seabra-e-recado-de-garro-as-ultimas-noticias-do-cruzeiro\/#primaryimage\"},\"thumbnailUrl\":\"https:\/\/www.gaveanews.com\/wp-content\/uploads\/Bandeira-do-Cruzeiro.webp\",\"datePublished\":\"2024-11-26T07:40:00+00:00\",\"author\":{\"@id\":\"https:\/\/www.gaveanews.com\/#\/schema\/person\/8207cd4627f56151707418bfc835b2fb\"},\"breadcrumb\":{\"@id\":\"https:\/\/www.gaveanews.com\/index.php\/2024\/11\/26\/irritacao-da-torcida-declaracao-de-seabra-e-recado-de-garro-as-ultimas-noticias-do-cruzeiro\/#breadcrumb\"},\"inLanguage\":\"pt-BR\",\"potentialAction\":[{\"@type\":\"ReadAction\",\"target\":[\"https:\/\/www.gaveanews.com\/index.php\/2024\/11\/26\/irritacao-da-torcida-declaracao-de-seabra-e-recado-de-garro-as-ultimas-noticias-do-cruzeiro\/\"]}]},{\"@type\":\"ImageObject\",\"inLanguage\":\"pt-BR\",\"@id\":\"https:\/\/www.gaveanews.com\/index.php\/2024\/11\/26\/irritacao-da-torcida-declaracao-de-seabra-e-recado-de-garro-as-ultimas-noticias-do-cruzeiro\/#primaryimage\",\"url\":\"https:\/\/www.gaveanews.com\/wp-content\/uploads\/Bandeira-do-Cruzeiro.webp\",\"contentUrl\":\"https:\/\/www.gaveanews.com\/wp-content\/uploads\/Bandeira-do-Cruzeiro.webp\",\"width\":1062,\"height\":708,\"caption\":\"Bandeira do Cruzeiro (Foto: Reprodu\u00e7\u00e3o\/Cruzeiro)\"},{\"@type\":\"BreadcrumbList\",\"@id\":\"https:\/\/www.gaveanews.com\/index.php\/2024\/11\/26\/irritacao-da-torcida-declaracao-de-seabra-e-recado-de-garro-as-ultimas-noticias-do-cruzeiro\/#breadcrumb\",\"itemListElement\":[{\"@type\":\"ListItem\",\"position\":1,\"name\":\"Home\",\"item\":\"https:\/\/www.gaveanews.com\/\"},{\"@type\":\"ListItem\",\"position\":2,\"name\":\"Irrita\u00e7\u00e3o da torcida, declara\u00e7\u00e3o de Seabra e recado de Garro: as \u00faltimas not\u00edcias do Cruzeiro\"}]},{\"@type\":\"WebSite\",\"@id\":\"https:\/\/www.gaveanews.com\/#website\",\"url\":\"https:\/\/www.gaveanews.com\/\",\"name\":\"G\u00e1vea News\",\"description\":\"Veja todas as not\u00edcias sobre o Flamengo: Contrata\u00e7\u00f5es, categorias de base, resultados das partidas, tabela de classifica\u00e7\u00e3o, pr\u00f3ximos jogos!\",\"potentialAction\":[{\"@type\":\"SearchAction\",\"target\":{\"@type\":\"EntryPoint\",\"urlTemplate\":\"https:\/\/www.gaveanews.com\/?s={search_term_string}\"},\"query-input\":{\"@type\":\"PropertyValueSpecification\",\"valueRequired\":true,\"valueName\":\"search_term_string\"}}],\"inLanguage\":\"pt-BR\"},{\"@type\":\"Person\",\"@id\":\"https:\/\/www.gaveanews.com\/#\/schema\/person\/8207cd4627f56151707418bfc835b2fb\",\"name\":\"Matheus Felipe\",\"image\":{\"@type\":\"ImageObject\",\"inLanguage\":\"pt-BR\",\"@id\":\"https:\/\/www.gaveanews.com\/#\/schema\/person\/image\/\",\"url\":\"https:\/\/secure.gravatar.com\/avatar\/a452ffbed9130f726358b298bb3a99ce4bd3c5338411f8440e87e14d74c7c087?s=96&d=mm&r=g\",\"contentUrl\":\"https:\/\/secure.gravatar.com\/avatar\/a452ffbed9130f726358b298bb3a99ce4bd3c5338411f8440e87e14d74c7c087?s=96&d=mm&r=g\",\"caption\":\"Matheus Felipe\"}}]}<\/script>\n<!-- \/ Yoast SEO Premium plugin. -->","yoast_head_json":{"title":"Irrita\u00e7\u00e3o da torcida, declara\u00e7\u00e3o de Seabra e recado de Garro: as \u00faltimas not\u00edcias do Cruzeiro","robots":{"index":"index","follow":"follow","max-snippet":"max-snippet:-1","max-image-preview":"max-image-preview:large","max-video-preview":"max-video-preview:-1"},"canonical":"https:\/\/www.gaveanews.com\/index.php\/2024\/11\/26\/irritacao-da-torcida-declaracao-de-seabra-e-recado-de-garro-as-ultimas-noticias-do-cruzeiro\/","og_locale":"pt_BR","og_type":"article","og_title":"Irrita\u00e7\u00e3o da torcida, declara\u00e7\u00e3o de Seabra e recado de Garro: as \u00faltimas not\u00edcias do Cruzeiro","og_description":"Nas \u00faltimas horas, o foco das not\u00edcias sobre o Cruzeiro se concentram nos bastidores do clube, com destaques como a irrita\u00e7\u00e3o da torcida e a declara\u00e7\u00e3o de Garro. Por conta deste contexto, leia abaixo um resumo preparado pela equipe do portal G\u00e1vea News para lhe manter muito bem informado! Recado de Garro Rodrigo Garro, destaque [&hellip;]","og_url":"https:\/\/www.gaveanews.com\/index.php\/2024\/11\/26\/irritacao-da-torcida-declaracao-de-seabra-e-recado-de-garro-as-ultimas-noticias-do-cruzeiro\/","og_site_name":"G\u00e1vea News","article_publisher":"https:\/\/facebook.com\/gaveaNews\/","article_published_time":"2024-11-26T07:40:00+00:00","og_image":[{"width":1062,"height":708,"url":"https:\/\/www.gaveanews.com\/wp-content\/uploads\/Bandeira-do-Cruzeiro.webp","type":"image\/webp"}],"author":"Matheus Felipe","twitter_card":"summary_large_image","twitter_misc":{"Escrito por":"Matheus Felipe","Est. tempo de leitura":"5 minutos"},"schema":{"@context":"https:\/\/schema.org","@graph":[{"@type":"NewsArticle","@id":"https:\/\/www.gaveanews.com\/index.php\/2024\/11\/26\/irritacao-da-torcida-declaracao-de-seabra-e-recado-de-garro-as-ultimas-noticias-do-cruzeiro\/#article","isPartOf":{"@id":"https:\/\/www.gaveanews.com\/index.php\/2024\/11\/26\/irritacao-da-torcida-declaracao-de-seabra-e-recado-de-garro-as-ultimas-noticias-do-cruzeiro\/"},"author":{"name":"Matheus Felipe","@id":"https:\/\/www.gaveanews.com\/#\/schema\/person\/8207cd4627f56151707418bfc835b2fb"},"headline":"Irrita\u00e7\u00e3o da torcida, declara\u00e7\u00e3o de Seabra e recado de Garro: as \u00faltimas not\u00edcias do Cruzeiro","datePublished":"2024-11-26T07:40:00+00:00","mainEntityOfPage":{"@id":"https:\/\/www.gaveanews.com\/index.php\/2024\/11\/26\/irritacao-da-torcida-declaracao-de-seabra-e-recado-de-garro-as-ultimas-noticias-do-cruzeiro\/"},"wordCount":715,"commentCount":0,"image":{"@id":"https:\/\/www.gaveanews.com\/index.php\/2024\/11\/26\/irritacao-da-torcida-declaracao-de-seabra-e-recado-de-garro-as-ultimas-noticias-do-cruzeiro\/#primaryimage"},"thumbnailUrl":"https:\/\/www.gaveanews.com\/wp-content\/uploads\/Bandeira-do-Cruzeiro.webp","articleSection":["Cruzeiro"],"inLanguage":"pt-BR","potentialAction":[{"@type":"CommentAction","name":"Comment","target":["https:\/\/www.gaveanews.com\/index.php\/2024\/11\/26\/irritacao-da-torcida-declaracao-de-seabra-e-recado-de-garro-as-ultimas-noticias-do-cruzeiro\/#respond"]}],"copyrightYear":"2024","copyrightHolder":{"@id":"https:\/\/www.gaveanews.com\/#organization"}},{"@type":"WebPage","@id":"https:\/\/www.gaveanews.com\/index.php\/2024\/11\/26\/irritacao-da-torcida-declaracao-de-seabra-e-recado-de-garro-as-ultimas-noticias-do-cruzeiro\/","url":"https:\/\/www.gaveanews.com\/index.php\/2024\/11\/26\/irritacao-da-torcida-declaracao-de-seabra-e-recado-de-garro-as-ultimas-noticias-do-cruzeiro\/","name":"Irrita\u00e7\u00e3o da torcida, declara\u00e7\u00e3o de Seabra e recado de Garro: as \u00faltimas not\u00edcias do Cruzeiro","isPartOf":{"@id":"https:\/\/www.gaveanews.com\/#website"},"primaryImageOfPage":{"@id":"https:\/\/www.gaveanews.com\/index.php\/2024\/11\/26\/irritacao-da-torcida-declaracao-de-seabra-e-recado-de-garro-as-ultimas-noticias-do-cruzeiro\/#primaryimage"},"image":{"@id":"https:\/\/www.gaveanews.com\/index.php\/2024\/11\/26\/irritacao-da-torcida-declaracao-de-seabra-e-recado-de-garro-as-ultimas-noticias-do-cruzeiro\/#primaryimage"},"thumbnailUrl":"https:\/\/www.gaveanews.com\/wp-content\/uploads\/Bandeira-do-Cruzeiro.webp","datePublished":"2024-11-26T07:40:00+00:00","author":{"@id":"https:\/\/www.gaveanews.com\/#\/schema\/person\/8207cd4627f56151707418bfc835b2fb"},"breadcrumb":{"@id":"https:\/\/www.gaveanews.com\/index.php\/2024\/11\/26\/irritacao-da-torcida-declaracao-de-seabra-e-recado-de-garro-as-ultimas-noticias-do-cruzeiro\/#breadcrumb"},"inLanguage":"pt-BR","potentialAction":[{"@type":"ReadAction","target":["https:\/\/www.gaveanews.com\/index.php\/2024\/11\/26\/irritacao-da-torcida-declaracao-de-seabra-e-recado-de-garro-as-ultimas-noticias-do-cruzeiro\/"]}]},{"@type":"ImageObject","inLanguage":"pt-BR","@id":"https:\/\/www.gaveanews.com\/index.php\/2024\/11\/26\/irritacao-da-torcida-declaracao-de-seabra-e-recado-de-garro-as-ultimas-noticias-do-cruzeiro\/#primaryimage","url":"https:\/\/www.gaveanews.com\/wp-content\/uploads\/Bandeira-do-Cruzeiro.webp","contentUrl":"https:\/\/www.gaveanews.com\/wp-content\/uploads\/Bandeira-do-Cruzeiro.webp","width":1062,"height":708,"caption":"Bandeira do Cruzeiro (Foto: Reprodu\u00e7\u00e3o\/Cruzeiro)"},{"@type":"BreadcrumbList","@id":"https:\/\/www.gaveanews.com\/index.php\/2024\/11\/26\/irritacao-da-torcida-declaracao-de-seabra-e-recado-de-garro-as-ultimas-noticias-do-cruzeiro\/#breadcrumb","itemListElement":[{"@type":"ListItem","position":1,"name":"Home","item":"https:\/\/www.gaveanews.com\/"},{"@type":"ListItem","position":2,"name":"Irrita\u00e7\u00e3o da torcida, declara\u00e7\u00e3o de Seabra e recado de Garro: as \u00faltimas not\u00edcias do Cruzeiro"}]},{"@type":"WebSite","@id":"https:\/\/www.gaveanews.com\/#website","url":"https:\/\/www.gaveanews.com\/","name":"G\u00e1vea News","description":"Veja todas as not\u00edcias sobre o Flamengo: Contrata\u00e7\u00f5es, categorias de base, resultados das partidas, tabela de classifica\u00e7\u00e3o, pr\u00f3ximos jogos!","potentialAction":[{"@type":"SearchAction","target":{"@type":"EntryPoint","urlTemplate":"https:\/\/www.gaveanews.com\/?s={search_term_string}"},"query-input":{"@type":"PropertyValueSpecification","valueRequired":true,"valueName":"search_term_string"}}],"inLanguage":"pt-BR"},{"@type":"Person","@id":"https:\/\/www.gaveanews.com\/#\/schema\/person\/8207cd4627f56151707418bfc835b2fb","name":"Matheus Felipe","image":{"@type":"ImageObject","inLanguage":"pt-BR","@id":"https:\/\/www.gaveanews.com\/#\/schema\/person\/image\/","url":"https:\/\/secure.gravatar.com\/avatar\/a452ffbed9130f726358b298bb3a99ce4bd3c5338411f8440e87e14d74c7c087?s=96&d=mm&r=g","contentUrl":"https:\/\/secure.gravatar.com\/avatar\/a452ffbed9130f726358b298bb3a99ce4bd3c5338411f8440e87e14d74c7c087?s=96&d=mm&r=g","caption":"Matheus Felipe"}}]}},"_links":{"self":[{"href":"https:\/\/www.gaveanews.com\/index.php\/wp-json\/wp\/v2\/posts\/190473","targetHints":{"allow":["GET"]}}],"collection":[{"href":"https:\/\/www.gaveanews.com\/index.php\/wp-json\/wp\/v2\/posts"}],"about":[{"href":"https:\/\/www.gaveanews.com\/index.php\/wp-json\/wp\/v2\/types\/post"}],"author":[{"embeddable":true,"href":"https:\/\/www.gaveanews.com\/index.php\/wp-json\/wp\/v2\/users\/27"}],"replies":[{"embeddable":true,"href":"https:\/\/www.gaveanews.com\/index.php\/wp-json\/wp\/v2\/comments?post=190473"}],"version-history":[{"count":1,"href":"https:\/\/www.gaveanews.com\/index.php\/wp-json\/wp\/v2\/posts\/190473\/revisions"}],"predecessor-version":[{"id":190477,"href":"https:\/\/www.gaveanews.com\/index.php\/wp-json\/wp\/v2\/posts\/190473\/revisions\/190477"}],"wp:featuredmedia":[{"embeddable":true,"href":"https:\/\/www.gaveanews.com\/index.php\/wp-json\/wp\/v2\/media\/175601"}],"wp:attachment":[{"href":"https:\/\/www.gaveanews.com\/index.php\/wp-json\/wp\/v2\/media?parent=190473"}],"wp:term":[{"taxonomy":"category","embeddable":true,"href":"https:\/\/www.gaveanews.com\/index.php\/wp-json\/wp\/v2\/categories?post=190473"},{"taxonomy":"post_tag","embeddable":true,"href":"https:\/\/www.gaveanews.com\/index.php\/wp-json\/wp\/v2\/tags?post=190473"}],"curies":[{"name":"wp","href":"https:\/\/api.w.org\/{rel}","templated":true}]}}