{"id":190487,"date":"2024-11-26T04:45:00","date_gmt":"2024-11-26T07:45:00","guid":{"rendered":"https:\/\/www.gaveanews.com\/?p=190487"},"modified":"2024-11-26T03:29:39","modified_gmt":"2024-11-26T06:29:39","slug":"desfalque-confirmado-recado-de-deyverson-e-declaracao-de-hulk-as-ultimas-noticias-do-atletico-mg","status":"publish","type":"post","link":"https:\/\/www.gaveanews.com\/index.php\/2024\/11\/26\/desfalque-confirmado-recado-de-deyverson-e-declaracao-de-hulk-as-ultimas-noticias-do-atletico-mg\/","title":{"rendered":"Desfalque confirmado, recado de Deyverson e declara\u00e7\u00e3o de hulk: as \u00faltimas not\u00edcias do Atl\u00e9tico-MG"},"content":{"rendered":"\n<p>Nas \u00faltimas horas, o foco das not\u00edcias sobre o Atl\u00e9tico-MG se concentram nos bastidores do clube, com destaques como o recado de Deyverson e declara\u00e7\u00e3o de hulk.<\/p>\n\n\n\n<p>Por conta deste contexto, leia abaixo um resumo preparado pela equipe do portal G\u00e1vea News para lhe manter muito bem informado!<\/p>\n\n\n\n<h2 class=\"wp-block-heading\" id=\"h-declaracao-de-hulk\">Declara\u00e7\u00e3o de hulk<\/h2>\n\n\n\n<p>O atacante Hulk, do Atl\u00e9tico-MG, comentou sobre a final da Copa Libertadores contra o Botafogo, marcada para 30 de novembro, em Buenos Aires, e usou a derrota do Cruzeiro na final da Sul-Americana como exemplo de li\u00e7\u00e3o. O Galo encara o Botafogo, considerado favorito, mas Hulk destacou que a equipe mineira ir\u00e1 \u00e0 decis\u00e3o com humildade, garra e determina\u00e7\u00e3o em busca do t\u00edtulo continental<strong><a href=\"https:\/\/www.gaveanews.com\/index.php\/2024\/11\/25\/a-declaracao-de-hulk-do-atletico-mg-envolvendo-o-cruzeiro-e-o-botafogo\/\"> (leia a mat\u00e9ria completa).<\/a><\/strong><\/p>\n\n\n\n<figure class=\"wp-block-image size-large\"><img loading=\"lazy\" decoding=\"async\" width=\"1024\" height=\"822\" src=\"https:\/\/www.gaveanews.com\/wp-content\/uploads\/Hulk-em-acao-pelo-Atletico-MG-1024x822.webp\" alt=\"\" class=\"wp-image-183983\" srcset=\"https:\/\/www.gaveanews.com\/wp-content\/uploads\/Hulk-em-acao-pelo-Atletico-MG-1024x822.webp 1024w, https:\/\/www.gaveanews.com\/wp-content\/uploads\/Hulk-em-acao-pelo-Atletico-MG-300x241.webp 300w, https:\/\/www.gaveanews.com\/wp-content\/uploads\/Hulk-em-acao-pelo-Atletico-MG-768x616.webp 768w, https:\/\/www.gaveanews.com\/wp-content\/uploads\/Hulk-em-acao-pelo-Atletico-MG-523x420.webp 523w, https:\/\/www.gaveanews.com\/wp-content\/uploads\/Hulk-em-acao-pelo-Atletico-MG-1046x840.webp 1046w, https:\/\/www.gaveanews.com\/wp-content\/uploads\/Hulk-em-acao-pelo-Atletico-MG-640x514.webp 640w, https:\/\/www.gaveanews.com\/wp-content\/uploads\/Hulk-em-acao-pelo-Atletico-MG-1280x1027.webp 1280w, https:\/\/www.gaveanews.com\/wp-content\/uploads\/Hulk-em-acao-pelo-Atletico-MG-681x547.webp 681w, https:\/\/www.gaveanews.com\/wp-content\/uploads\/Hulk-em-acao-pelo-Atletico-MG-100x80.webp 100w, https:\/\/www.gaveanews.com\/wp-content\/uploads\/Hulk-em-acao-pelo-Atletico-MG.webp 1328w\" sizes=\"auto, (max-width: 1024px) 100vw, 1024px\" \/><figcaption class=\"wp-element-caption\">Hulk em a\u00e7\u00e3o pelo Atl\u00e9tico-MG (Foto: Pedro Souza\/Atletico)\n<\/figcaption><\/figure>\n\n\n\n<p>A derrota do Cruzeiro para o Racing por 3 a 1 exp\u00f4s a press\u00e3o sobre o t\u00e9cnico Fernando Diniz e comprometeu a classifica\u00e7\u00e3o do time celeste para a Libertadores de 2025. <\/p>\n\n\n\n<p>Hulk mencionou o confronto como alerta para a necessidade de foco em partidas decisivas, enquanto o Cruzeiro ainda busca assegurar sua vaga via Brasileir\u00e3o, atualmente em s\u00e9timo lugar.<\/p>\n\n\n\n<p>A decis\u00e3o da Libertadores tamb\u00e9m impactar\u00e1 diretamente o n\u00famero de classificados no Brasileir\u00e3o. Se o Botafogo vencer, o G7 se transformar\u00e1 em G8, ampliando as chances de outros times como o Cruzeiro. Caso o Atl\u00e9tico-MG seja campe\u00e3o, o Galo ocupar\u00e1 uma das vagas, mantendo o limite no G7, tornando a reta final da competi\u00e7\u00e3o ainda mais acirrada.<\/p>\n\n\n\n<h2 class=\"wp-block-heading\" id=\"h-recado-de-deyverson\">Recado de Deyverson<\/h2>\n\n\n\n<p>Deyverson, atacante do Atl\u00e9tico-MG, elogiou a qualidade t\u00e9cnica do Botafogo, pr\u00f3ximo advers\u00e1rio do Galo na final da Libertadores, destacando a experi\u00eancia e os atletas convocados \u00e0 Sele\u00e7\u00e3o Brasileira. Ele projetou uma partida intensa, mas discordou da vis\u00e3o de Hulk sobre o favoritismo do time carioca, ressaltando a for\u00e7a do elenco atleticano. Com o Galo em d\u00e9cimo lugar no Brasileir\u00e3o, a conquista do t\u00edtulo continental \u00e9 crucial, embora o time tamb\u00e9m precise garantir bons resultados no campeonato nacional para se classificar \u00e0 Libertadores de 2025 <strong><a href=\"https:\/\/www.gaveanews.com\/index.php\/2024\/11\/25\/deyverson-do-atletico-mg-manda-mais-um-recado-para-o-botafogo\/\">(leia a mat\u00e9ria completa).<\/a><\/strong><\/p>\n\n\n\n<figure class=\"wp-block-image size-large\"><img loading=\"lazy\" decoding=\"async\" width=\"1024\" height=\"768\" src=\"https:\/\/www.gaveanews.com\/wp-content\/uploads\/Deyverson-com-a-camisa-do-Atletico-Mineiro-em-2024-1024x768.webp\" alt=\"\" class=\"wp-image-158213\" srcset=\"https:\/\/www.gaveanews.com\/wp-content\/uploads\/Deyverson-com-a-camisa-do-Atletico-Mineiro-em-2024-1024x768.webp 1024w, https:\/\/www.gaveanews.com\/wp-content\/uploads\/Deyverson-com-a-camisa-do-Atletico-Mineiro-em-2024-300x225.webp 300w, https:\/\/www.gaveanews.com\/wp-content\/uploads\/Deyverson-com-a-camisa-do-Atletico-Mineiro-em-2024-768x576.webp 768w, https:\/\/www.gaveanews.com\/wp-content\/uploads\/Deyverson-com-a-camisa-do-Atletico-Mineiro-em-2024-560x420.webp 560w, https:\/\/www.gaveanews.com\/wp-content\/uploads\/Deyverson-com-a-camisa-do-Atletico-Mineiro-em-2024-1119x840.webp 1119w, https:\/\/www.gaveanews.com\/wp-content\/uploads\/Deyverson-com-a-camisa-do-Atletico-Mineiro-em-2024-80x60.webp 80w, https:\/\/www.gaveanews.com\/wp-content\/uploads\/Deyverson-com-a-camisa-do-Atletico-Mineiro-em-2024-160x120.webp 160w, https:\/\/www.gaveanews.com\/wp-content\/uploads\/Deyverson-com-a-camisa-do-Atletico-Mineiro-em-2024-100x75.webp 100w, https:\/\/www.gaveanews.com\/wp-content\/uploads\/Deyverson-com-a-camisa-do-Atletico-Mineiro-em-2024-200x150.webp 200w, https:\/\/www.gaveanews.com\/wp-content\/uploads\/Deyverson-com-a-camisa-do-Atletico-Mineiro-em-2024-180x135.webp 180w, https:\/\/www.gaveanews.com\/wp-content\/uploads\/Deyverson-com-a-camisa-do-Atletico-Mineiro-em-2024-360x270.webp 360w, https:\/\/www.gaveanews.com\/wp-content\/uploads\/Deyverson-com-a-camisa-do-Atletico-Mineiro-em-2024-238x178.webp 238w, https:\/\/www.gaveanews.com\/wp-content\/uploads\/Deyverson-com-a-camisa-do-Atletico-Mineiro-em-2024-476x356.webp 476w, https:\/\/www.gaveanews.com\/wp-content\/uploads\/Deyverson-com-a-camisa-do-Atletico-Mineiro-em-2024-640x480.webp 640w, https:\/\/www.gaveanews.com\/wp-content\/uploads\/Deyverson-com-a-camisa-do-Atletico-Mineiro-em-2024-1280x960.webp 1280w, https:\/\/www.gaveanews.com\/wp-content\/uploads\/Deyverson-com-a-camisa-do-Atletico-Mineiro-em-2024-681x511.webp 681w, https:\/\/www.gaveanews.com\/wp-content\/uploads\/Deyverson-com-a-camisa-do-Atletico-Mineiro-em-2024.webp 1350w\" sizes=\"auto, (max-width: 1024px) 100vw, 1024px\" \/><figcaption class=\"wp-element-caption\">Deyverson com a camisa do Atl\u00e9tico Mineiro em 2024 (Foto: Divulga\u00e7\u00e3o\/Atl\u00e9tico Mineiro)<\/figcaption><\/figure>\n\n\n\n<p>Al\u00e9m disso, Deyverson manifestou sua torcida pelo Palmeiras no Brasileir\u00e3o, relembrando momentos marcantes que viveu no clube paulista. Apesar de respeitar o Botafogo, ele mant\u00e9m sua confian\u00e7a no Atl\u00e9tico-MG para conquistar a Libertadores, enquanto o time carioca busca sua primeira vit\u00f3ria no torneio continental, aumentando ainda mais a expectativa para a final.<\/p>\n\n\n\n<p>Com a decis\u00e3o da Libertadores e as \u00faltimas rodadas do Brasileir\u00e3o se aproximando, a temporada promete desfechos eletrizantes. O foco do Atl\u00e9tico-MG est\u00e1 dividido entre a final contra o Botafogo e a necessidade de melhorar sua posi\u00e7\u00e3o no campeonato nacional, refor\u00e7ando a import\u00e2ncia dos pr\u00f3ximos jogos para definir o futuro da equipe.<\/p>\n\n\n\n<h2 class=\"wp-block-heading\" id=\"h-desfalque-confirmado\">Desfalque confirmado<\/h2>\n\n\n\n<p>O Atl\u00e9tico-MG ter\u00e1 o desfalque de Mat\u00edas Zaracho na final da Copa Libertadores contra o Botafogo, neste s\u00e1bado (30\/11), no Est\u00e1dio Monumental, em Buenos Aires. O meia argentino sofreu uma les\u00e3o no m\u00fasculo posterior da coxa esquerda durante o empate por 2 a 2 com o S\u00e3o Paulo no \u00faltimo s\u00e1bado e j\u00e1 iniciou tratamento, mas n\u00e3o se recuperar\u00e1 a tempo. Zaracho, considerado pe\u00e7a-chave pelo t\u00e9cnico Gabriel Milito, enfrentou diversas les\u00f5es em 2024, participando de apenas 33 dos 69 jogos do time na temporada <strong><a href=\"https:\/\/www.gaveanews.com\/index.php\/2024\/11\/25\/atletico-mg-tem-desfalque-confirmado-para-a-final-da-copa-libertadores\/\">(leia a mat\u00e9ria completa).<\/a><\/strong><\/p>\n\n\n\n<blockquote class=\"instagram-media\" data-instgrm-permalink=\"https:\/\/www.instagram.com\/p\/DCkoIMDod1r\/?utm_source=ig_embed&amp;utm_campaign=loading\" data-instgrm-version=\"14\" style=\" background:#FFF; border:0; border-radius:3px; box-shadow:0 0 1px 0 rgba(0,0,0,0.5),0 1px 10px 0 rgba(0,0,0,0.15); margin: 1px; max-width:540px; min-width:326px; padding:0; width:99.375%; width:-webkit-calc(100% - 2px); width:calc(100% - 2px);\"><div style=\"padding:16px;\"> <a href=\"https:\/\/www.instagram.com\/p\/DCkoIMDod1r\/?utm_source=ig_embed&amp;utm_campaign=loading\" style=\" background:#FFFFFF; line-height:0; padding:0 0; text-align:center; text-decoration:none; width:100%;\" target=\"_blank\"> <div style=\" display: flex; flex-direction: row; align-items: center;\"> <div style=\"background-color: #F4F4F4; border-radius: 50%; flex-grow: 0; height: 40px; margin-right: 14px; width: 40px;\"><\/div> <div style=\"display: flex; flex-direction: column; flex-grow: 1; justify-content: center;\"> <div style=\" background-color: #F4F4F4; border-radius: 4px; flex-grow: 0; height: 14px; margin-bottom: 6px; width: 100px;\"><\/div> <div style=\" background-color: #F4F4F4; border-radius: 4px; flex-grow: 0; height: 14px; width: 60px;\"><\/div><\/div><\/div><div style=\"padding: 19% 0;\"><\/div> <div style=\"display:block; height:50px; margin:0 auto 12px; width:50px;\"><svg width=\"50px\" height=\"50px\" viewBox=\"0 0 60 60\" version=\"1.1\" xmlns=\"https:\/\/www.w3.org\/2000\/svg\" xmlns:xlink=\"https:\/\/www.w3.org\/1999\/xlink\"><g stroke=\"none\" stroke-width=\"1\" fill=\"none\" fill-rule=\"evenodd\"><g transform=\"translate(-511.000000, -20.000000)\" fill=\"#000000\"><g><path d=\"M556.869,30.41 C554.814,30.41 553.148,32.076 553.148,34.131 C553.148,36.186 554.814,37.852 556.869,37.852 C558.924,37.852 560.59,36.186 560.59,34.131 C560.59,32.076 558.924,30.41 556.869,30.41 M541,60.657 C535.114,60.657 530.342,55.887 530.342,50 C530.342,44.114 535.114,39.342 541,39.342 C546.887,39.342 551.658,44.114 551.658,50 C551.658,55.887 546.887,60.657 541,60.657 M541,33.886 C532.1,33.886 524.886,41.1 524.886,50 C524.886,58.899 532.1,66.113 541,66.113 C549.9,66.113 557.115,58.899 557.115,50 C557.115,41.1 549.9,33.886 541,33.886 M565.378,62.101 C565.244,65.022 564.756,66.606 564.346,67.663 C563.803,69.06 563.154,70.057 562.106,71.106 C561.058,72.155 560.06,72.803 558.662,73.347 C557.607,73.757 556.021,74.244 553.102,74.378 C549.944,74.521 548.997,74.552 541,74.552 C533.003,74.552 532.056,74.521 528.898,74.378 C525.979,74.244 524.393,73.757 523.338,73.347 C521.94,72.803 520.942,72.155 519.894,71.106 C518.846,70.057 518.197,69.06 517.654,67.663 C517.244,66.606 516.755,65.022 516.623,62.101 C516.479,58.943 516.448,57.996 516.448,50 C516.448,42.003 516.479,41.056 516.623,37.899 C516.755,34.978 517.244,33.391 517.654,32.338 C518.197,30.938 518.846,29.942 519.894,28.894 C520.942,27.846 521.94,27.196 523.338,26.654 C524.393,26.244 525.979,25.756 528.898,25.623 C532.057,25.479 533.004,25.448 541,25.448 C548.997,25.448 549.943,25.479 553.102,25.623 C556.021,25.756 557.607,26.244 558.662,26.654 C560.06,27.196 561.058,27.846 562.106,28.894 C563.154,29.942 563.803,30.938 564.346,32.338 C564.756,33.391 565.244,34.978 565.378,37.899 C565.522,41.056 565.552,42.003 565.552,50 C565.552,57.996 565.522,58.943 565.378,62.101 M570.82,37.631 C570.674,34.438 570.167,32.258 569.425,30.349 C568.659,28.377 567.633,26.702 565.965,25.035 C564.297,23.368 562.623,22.342 560.652,21.575 C558.743,20.834 556.562,20.326 553.369,20.18 C550.169,20.033 549.148,20 541,20 C532.853,20 531.831,20.033 528.631,20.18 C525.438,20.326 523.257,20.834 521.349,21.575 C519.376,22.342 517.703,23.368 516.035,25.035 C514.368,26.702 513.342,28.377 512.574,30.349 C511.834,32.258 511.326,34.438 511.181,37.631 C511.035,40.831 511,41.851 511,50 C511,58.147 511.035,59.17 511.181,62.369 C511.326,65.562 511.834,67.743 512.574,69.651 C513.342,71.625 514.368,73.296 516.035,74.965 C517.703,76.634 519.376,77.658 521.349,78.425 C523.257,79.167 525.438,79.673 528.631,79.82 C531.831,79.965 532.853,80.001 541,80.001 C549.148,80.001 550.169,79.965 553.369,79.82 C556.562,79.673 558.743,79.167 560.652,78.425 C562.623,77.658 564.297,76.634 565.965,74.965 C567.633,73.296 568.659,71.625 569.425,69.651 C570.167,67.743 570.674,65.562 570.82,62.369 C570.966,59.17 571,58.147 571,50 C571,41.851 570.966,40.831 570.82,37.631\"><\/path><\/g><\/g><\/g><\/svg><\/div><div style=\"padding-top: 8px;\"> <div style=\" color:#3897f0; font-family:Arial,sans-serif; font-size:14px; font-style:normal; font-weight:550; line-height:18px;\">Ver essa foto no Instagram<\/div><\/div><div style=\"padding: 12.5% 0;\"><\/div> <div style=\"display: flex; flex-direction: row; margin-bottom: 14px; align-items: center;\"><div> <div style=\"background-color: #F4F4F4; border-radius: 50%; height: 12.5px; width: 12.5px; transform: translateX(0px) translateY(7px);\"><\/div> <div style=\"background-color: #F4F4F4; height: 12.5px; transform: rotate(-45deg) translateX(3px) translateY(1px); width: 12.5px; flex-grow: 0; margin-right: 14px; margin-left: 2px;\"><\/div> <div style=\"background-color: #F4F4F4; border-radius: 50%; height: 12.5px; width: 12.5px; transform: translateX(9px) translateY(-18px);\"><\/div><\/div><div style=\"margin-left: 8px;\"> <div style=\" background-color: #F4F4F4; border-radius: 50%; flex-grow: 0; height: 20px; width: 20px;\"><\/div> <div style=\" width: 0; height: 0; border-top: 2px solid transparent; border-left: 6px solid #f4f4f4; border-bottom: 2px solid transparent; transform: translateX(16px) translateY(-4px) rotate(30deg)\"><\/div><\/div><div style=\"margin-left: auto;\"> <div style=\" width: 0px; border-top: 8px solid #F4F4F4; border-right: 8px solid transparent; transform: translateY(16px);\"><\/div> <div style=\" background-color: #F4F4F4; flex-grow: 0; height: 12px; width: 16px; transform: translateY(-4px);\"><\/div> <div style=\" width: 0; height: 0; border-top: 8px solid #F4F4F4; border-left: 8px solid transparent; transform: translateY(-4px) translateX(8px);\"><\/div><\/div><\/div> <div style=\"display: flex; flex-direction: column; flex-grow: 1; justify-content: center; margin-bottom: 24px;\"> <div style=\" background-color: #F4F4F4; border-radius: 4px; flex-grow: 0; height: 14px; margin-bottom: 6px; width: 224px;\"><\/div> <div style=\" background-color: #F4F4F4; border-radius: 4px; flex-grow: 0; height: 14px; width: 144px;\"><\/div><\/div><\/a><p style=\" color:#c9c8cd; font-family:Arial,sans-serif; font-size:14px; line-height:17px; margin-bottom:0; margin-top:8px; overflow:hidden; padding:8px 0 7px; text-align:center; text-overflow:ellipsis; white-space:nowrap;\"><a href=\"https:\/\/www.instagram.com\/p\/DCkoIMDod1r\/?utm_source=ig_embed&amp;utm_campaign=loading\" style=\" color:#c9c8cd; font-family:Arial,sans-serif; font-size:14px; font-style:normal; font-weight:normal; line-height:17px; text-decoration:none;\" target=\"_blank\">Uma publica\u00e7\u00e3o compartilhada por CONMEBOL Libertadores (@libertadores)<\/a><\/p><\/div><\/blockquote>\n<script async src=\"\/\/www.instagram.com\/embed.js\"><\/script>\n\n\n\n<p>Mesmo com limita\u00e7\u00f5es f\u00edsicas, Zaracho foi importante para o Galo, contribuindo com quatro gols e uma assist\u00eancia no ano. Desde sua chegada, acumula 23 gols e 13 assist\u00eancias em 191 partidas, al\u00e9m de ter sido fundamental nas conquistas do Brasileir\u00e3o e da Copa do Brasil de 2021. Sua aus\u00eancia representa uma perda significativa para o Atl\u00e9tico, que busca seu segundo t\u00edtulo continental, enquanto o Botafogo luta pela in\u00e9dita conquista da Libertadores.<\/p>\n\n\n\n<p>A decis\u00e3o no Monumental promete ser hist\u00f3rica, reunindo duas equipes com objetivos distintos e trajet\u00f3rias marcantes. O Atl\u00e9tico aposta na experi\u00eancia e na supera\u00e7\u00e3o de desafios, enquanto o Botafogo quer consolidar uma temporada not\u00e1vel com seu primeiro trof\u00e9u internacional.<\/p>\n","protected":false},"excerpt":{"rendered":"<p>Nas \u00faltimas horas, o foco das not\u00edcias sobre o Atl\u00e9tico-MG se concentram nos bastidores do clube, com destaques como o recado de Deyverson e declara\u00e7\u00e3o de hulk. Por conta deste contexto, leia abaixo um resumo preparado pela equipe do portal G\u00e1vea News para lhe manter muito bem informado! Declara\u00e7\u00e3o de hulk O atacante Hulk, do [&hellip;]<\/p>\n","protected":false},"author":27,"featured_media":153999,"comment_status":"open","ping_status":"closed","sticky":false,"template":"","format":"standard","meta":{"footnotes":""},"categories":[136],"tags":[],"class_list":["post-190487","post","type-post","status-publish","format-standard","has-post-thumbnail","hentry","category-atletico-mg"],"yoast_head":"<!-- This site is optimized with the Yoast SEO Premium plugin v24.2 (Yoast SEO v26.9) - https:\/\/yoast.com\/product\/yoast-seo-premium-wordpress\/ -->\n<title>Desfalque confirmado, recado de Deyverson e declara\u00e7\u00e3o de hulk: as \u00faltimas not\u00edcias do Atl\u00e9tico-MG<\/title>\n<meta name=\"robots\" content=\"index, follow, max-snippet:-1, max-image-preview:large, max-video-preview:-1\" \/>\n<link rel=\"canonical\" href=\"https:\/\/www.gaveanews.com\/index.php\/2024\/11\/26\/desfalque-confirmado-recado-de-deyverson-e-declaracao-de-hulk-as-ultimas-noticias-do-atletico-mg\/\" \/>\n<meta property=\"og:locale\" content=\"pt_BR\" \/>\n<meta property=\"og:type\" content=\"article\" \/>\n<meta property=\"og:title\" content=\"Desfalque confirmado, recado de Deyverson e declara\u00e7\u00e3o de hulk: as \u00faltimas not\u00edcias do Atl\u00e9tico-MG\" \/>\n<meta property=\"og:description\" content=\"Nas \u00faltimas horas, o foco das not\u00edcias sobre o Atl\u00e9tico-MG se concentram nos bastidores do clube, com destaques como o recado de Deyverson e declara\u00e7\u00e3o de hulk. Por conta deste contexto, leia abaixo um resumo preparado pela equipe do portal G\u00e1vea News para lhe manter muito bem informado! Declara\u00e7\u00e3o de hulk O atacante Hulk, do [&hellip;]\" \/>\n<meta property=\"og:url\" content=\"https:\/\/www.gaveanews.com\/index.php\/2024\/11\/26\/desfalque-confirmado-recado-de-deyverson-e-declaracao-de-hulk-as-ultimas-noticias-do-atletico-mg\/\" \/>\n<meta property=\"og:site_name\" content=\"G\u00e1vea News\" \/>\n<meta property=\"article:publisher\" content=\"https:\/\/facebook.com\/gaveaNews\/\" \/>\n<meta property=\"article:published_time\" content=\"2024-11-26T07:45:00+00:00\" \/>\n<meta property=\"og:image\" content=\"https:\/\/www.gaveanews.com\/wp-content\/uploads\/Estadio-do-Atletico-MG.webp\" \/>\n\t<meta property=\"og:image:width\" content=\"900\" \/>\n\t<meta property=\"og:image:height\" content=\"600\" \/>\n\t<meta property=\"og:image:type\" content=\"image\/webp\" \/>\n<meta name=\"author\" content=\"Matheus Felipe\" \/>\n<meta name=\"twitter:card\" content=\"summary_large_image\" \/>\n<meta name=\"twitter:label1\" content=\"Escrito por\" \/>\n\t<meta name=\"twitter:data1\" content=\"Matheus Felipe\" \/>\n\t<meta name=\"twitter:label2\" content=\"Est. tempo de leitura\" \/>\n\t<meta name=\"twitter:data2\" content=\"5 minutos\" \/>\n<script type=\"application\/ld+json\" class=\"yoast-schema-graph\">{\"@context\":\"https:\/\/schema.org\",\"@graph\":[{\"@type\":\"NewsArticle\",\"@id\":\"https:\/\/www.gaveanews.com\/index.php\/2024\/11\/26\/desfalque-confirmado-recado-de-deyverson-e-declaracao-de-hulk-as-ultimas-noticias-do-atletico-mg\/#article\",\"isPartOf\":{\"@id\":\"https:\/\/www.gaveanews.com\/index.php\/2024\/11\/26\/desfalque-confirmado-recado-de-deyverson-e-declaracao-de-hulk-as-ultimas-noticias-do-atletico-mg\/\"},\"author\":{\"name\":\"Matheus Felipe\",\"@id\":\"https:\/\/www.gaveanews.com\/#\/schema\/person\/8207cd4627f56151707418bfc835b2fb\"},\"headline\":\"Desfalque confirmado, recado de Deyverson e declara\u00e7\u00e3o de hulk: as \u00faltimas not\u00edcias do Atl\u00e9tico-MG\",\"datePublished\":\"2024-11-26T07:45:00+00:00\",\"mainEntityOfPage\":{\"@id\":\"https:\/\/www.gaveanews.com\/index.php\/2024\/11\/26\/desfalque-confirmado-recado-de-deyverson-e-declaracao-de-hulk-as-ultimas-noticias-do-atletico-mg\/\"},\"wordCount\":748,\"commentCount\":0,\"image\":{\"@id\":\"https:\/\/www.gaveanews.com\/index.php\/2024\/11\/26\/desfalque-confirmado-recado-de-deyverson-e-declaracao-de-hulk-as-ultimas-noticias-do-atletico-mg\/#primaryimage\"},\"thumbnailUrl\":\"https:\/\/www.gaveanews.com\/wp-content\/uploads\/Estadio-do-Atletico-MG.webp\",\"articleSection\":[\"Atl\u00e9tico-MG\"],\"inLanguage\":\"pt-BR\",\"potentialAction\":[{\"@type\":\"CommentAction\",\"name\":\"Comment\",\"target\":[\"https:\/\/www.gaveanews.com\/index.php\/2024\/11\/26\/desfalque-confirmado-recado-de-deyverson-e-declaracao-de-hulk-as-ultimas-noticias-do-atletico-mg\/#respond\"]}],\"copyrightYear\":\"2024\",\"copyrightHolder\":{\"@id\":\"https:\/\/www.gaveanews.com\/#organization\"}},{\"@type\":\"WebPage\",\"@id\":\"https:\/\/www.gaveanews.com\/index.php\/2024\/11\/26\/desfalque-confirmado-recado-de-deyverson-e-declaracao-de-hulk-as-ultimas-noticias-do-atletico-mg\/\",\"url\":\"https:\/\/www.gaveanews.com\/index.php\/2024\/11\/26\/desfalque-confirmado-recado-de-deyverson-e-declaracao-de-hulk-as-ultimas-noticias-do-atletico-mg\/\",\"name\":\"Desfalque confirmado, recado de Deyverson e declara\u00e7\u00e3o de hulk: as \u00faltimas not\u00edcias do Atl\u00e9tico-MG\",\"isPartOf\":{\"@id\":\"https:\/\/www.gaveanews.com\/#website\"},\"primaryImageOfPage\":{\"@id\":\"https:\/\/www.gaveanews.com\/index.php\/2024\/11\/26\/desfalque-confirmado-recado-de-deyverson-e-declaracao-de-hulk-as-ultimas-noticias-do-atletico-mg\/#primaryimage\"},\"image\":{\"@id\":\"https:\/\/www.gaveanews.com\/index.php\/2024\/11\/26\/desfalque-confirmado-recado-de-deyverson-e-declaracao-de-hulk-as-ultimas-noticias-do-atletico-mg\/#primaryimage\"},\"thumbnailUrl\":\"https:\/\/www.gaveanews.com\/wp-content\/uploads\/Estadio-do-Atletico-MG.webp\",\"datePublished\":\"2024-11-26T07:45:00+00:00\",\"author\":{\"@id\":\"https:\/\/www.gaveanews.com\/#\/schema\/person\/8207cd4627f56151707418bfc835b2fb\"},\"breadcrumb\":{\"@id\":\"https:\/\/www.gaveanews.com\/index.php\/2024\/11\/26\/desfalque-confirmado-recado-de-deyverson-e-declaracao-de-hulk-as-ultimas-noticias-do-atletico-mg\/#breadcrumb\"},\"inLanguage\":\"pt-BR\",\"potentialAction\":[{\"@type\":\"ReadAction\",\"target\":[\"https:\/\/www.gaveanews.com\/index.php\/2024\/11\/26\/desfalque-confirmado-recado-de-deyverson-e-declaracao-de-hulk-as-ultimas-noticias-do-atletico-mg\/\"]}]},{\"@type\":\"ImageObject\",\"inLanguage\":\"pt-BR\",\"@id\":\"https:\/\/www.gaveanews.com\/index.php\/2024\/11\/26\/desfalque-confirmado-recado-de-deyverson-e-declaracao-de-hulk-as-ultimas-noticias-do-atletico-mg\/#primaryimage\",\"url\":\"https:\/\/www.gaveanews.com\/wp-content\/uploads\/Estadio-do-Atletico-MG.webp\",\"contentUrl\":\"https:\/\/www.gaveanews.com\/wp-content\/uploads\/Estadio-do-Atletico-MG.webp\",\"width\":900,\"height\":600,\"caption\":\"Arena MRV, est\u00e1dio do Atl\u00e9tico-MG (Foto: Reprodu\u00e7\u00e3o\/Atl\u00e9tico)\"},{\"@type\":\"BreadcrumbList\",\"@id\":\"https:\/\/www.gaveanews.com\/index.php\/2024\/11\/26\/desfalque-confirmado-recado-de-deyverson-e-declaracao-de-hulk-as-ultimas-noticias-do-atletico-mg\/#breadcrumb\",\"itemListElement\":[{\"@type\":\"ListItem\",\"position\":1,\"name\":\"Home\",\"item\":\"https:\/\/www.gaveanews.com\/\"},{\"@type\":\"ListItem\",\"position\":2,\"name\":\"Desfalque confirmado, recado de Deyverson e declara\u00e7\u00e3o de hulk: as \u00faltimas not\u00edcias do Atl\u00e9tico-MG\"}]},{\"@type\":\"WebSite\",\"@id\":\"https:\/\/www.gaveanews.com\/#website\",\"url\":\"https:\/\/www.gaveanews.com\/\",\"name\":\"G\u00e1vea News\",\"description\":\"Veja todas as not\u00edcias sobre o Flamengo: Contrata\u00e7\u00f5es, categorias de base, resultados das partidas, tabela de classifica\u00e7\u00e3o, pr\u00f3ximos jogos!\",\"potentialAction\":[{\"@type\":\"SearchAction\",\"target\":{\"@type\":\"EntryPoint\",\"urlTemplate\":\"https:\/\/www.gaveanews.com\/?s={search_term_string}\"},\"query-input\":{\"@type\":\"PropertyValueSpecification\",\"valueRequired\":true,\"valueName\":\"search_term_string\"}}],\"inLanguage\":\"pt-BR\"},{\"@type\":\"Person\",\"@id\":\"https:\/\/www.gaveanews.com\/#\/schema\/person\/8207cd4627f56151707418bfc835b2fb\",\"name\":\"Matheus Felipe\",\"image\":{\"@type\":\"ImageObject\",\"inLanguage\":\"pt-BR\",\"@id\":\"https:\/\/www.gaveanews.com\/#\/schema\/person\/image\/\",\"url\":\"https:\/\/secure.gravatar.com\/avatar\/a452ffbed9130f726358b298bb3a99ce4bd3c5338411f8440e87e14d74c7c087?s=96&d=mm&r=g\",\"contentUrl\":\"https:\/\/secure.gravatar.com\/avatar\/a452ffbed9130f726358b298bb3a99ce4bd3c5338411f8440e87e14d74c7c087?s=96&d=mm&r=g\",\"caption\":\"Matheus Felipe\"}}]}<\/script>\n<!-- \/ Yoast SEO Premium plugin. -->","yoast_head_json":{"title":"Desfalque confirmado, recado de Deyverson e declara\u00e7\u00e3o de hulk: as \u00faltimas not\u00edcias do Atl\u00e9tico-MG","robots":{"index":"index","follow":"follow","max-snippet":"max-snippet:-1","max-image-preview":"max-image-preview:large","max-video-preview":"max-video-preview:-1"},"canonical":"https:\/\/www.gaveanews.com\/index.php\/2024\/11\/26\/desfalque-confirmado-recado-de-deyverson-e-declaracao-de-hulk-as-ultimas-noticias-do-atletico-mg\/","og_locale":"pt_BR","og_type":"article","og_title":"Desfalque confirmado, recado de Deyverson e declara\u00e7\u00e3o de hulk: as \u00faltimas not\u00edcias do Atl\u00e9tico-MG","og_description":"Nas \u00faltimas horas, o foco das not\u00edcias sobre o Atl\u00e9tico-MG se concentram nos bastidores do clube, com destaques como o recado de Deyverson e declara\u00e7\u00e3o de hulk. Por conta deste contexto, leia abaixo um resumo preparado pela equipe do portal G\u00e1vea News para lhe manter muito bem informado! Declara\u00e7\u00e3o de hulk O atacante Hulk, do [&hellip;]","og_url":"https:\/\/www.gaveanews.com\/index.php\/2024\/11\/26\/desfalque-confirmado-recado-de-deyverson-e-declaracao-de-hulk-as-ultimas-noticias-do-atletico-mg\/","og_site_name":"G\u00e1vea News","article_publisher":"https:\/\/facebook.com\/gaveaNews\/","article_published_time":"2024-11-26T07:45:00+00:00","og_image":[{"width":900,"height":600,"url":"https:\/\/www.gaveanews.com\/wp-content\/uploads\/Estadio-do-Atletico-MG.webp","type":"image\/webp"}],"author":"Matheus Felipe","twitter_card":"summary_large_image","twitter_misc":{"Escrito por":"Matheus Felipe","Est. tempo de leitura":"5 minutos"},"schema":{"@context":"https:\/\/schema.org","@graph":[{"@type":"NewsArticle","@id":"https:\/\/www.gaveanews.com\/index.php\/2024\/11\/26\/desfalque-confirmado-recado-de-deyverson-e-declaracao-de-hulk-as-ultimas-noticias-do-atletico-mg\/#article","isPartOf":{"@id":"https:\/\/www.gaveanews.com\/index.php\/2024\/11\/26\/desfalque-confirmado-recado-de-deyverson-e-declaracao-de-hulk-as-ultimas-noticias-do-atletico-mg\/"},"author":{"name":"Matheus Felipe","@id":"https:\/\/www.gaveanews.com\/#\/schema\/person\/8207cd4627f56151707418bfc835b2fb"},"headline":"Desfalque confirmado, recado de Deyverson e declara\u00e7\u00e3o de hulk: as \u00faltimas not\u00edcias do Atl\u00e9tico-MG","datePublished":"2024-11-26T07:45:00+00:00","mainEntityOfPage":{"@id":"https:\/\/www.gaveanews.com\/index.php\/2024\/11\/26\/desfalque-confirmado-recado-de-deyverson-e-declaracao-de-hulk-as-ultimas-noticias-do-atletico-mg\/"},"wordCount":748,"commentCount":0,"image":{"@id":"https:\/\/www.gaveanews.com\/index.php\/2024\/11\/26\/desfalque-confirmado-recado-de-deyverson-e-declaracao-de-hulk-as-ultimas-noticias-do-atletico-mg\/#primaryimage"},"thumbnailUrl":"https:\/\/www.gaveanews.com\/wp-content\/uploads\/Estadio-do-Atletico-MG.webp","articleSection":["Atl\u00e9tico-MG"],"inLanguage":"pt-BR","potentialAction":[{"@type":"CommentAction","name":"Comment","target":["https:\/\/www.gaveanews.com\/index.php\/2024\/11\/26\/desfalque-confirmado-recado-de-deyverson-e-declaracao-de-hulk-as-ultimas-noticias-do-atletico-mg\/#respond"]}],"copyrightYear":"2024","copyrightHolder":{"@id":"https:\/\/www.gaveanews.com\/#organization"}},{"@type":"WebPage","@id":"https:\/\/www.gaveanews.com\/index.php\/2024\/11\/26\/desfalque-confirmado-recado-de-deyverson-e-declaracao-de-hulk-as-ultimas-noticias-do-atletico-mg\/","url":"https:\/\/www.gaveanews.com\/index.php\/2024\/11\/26\/desfalque-confirmado-recado-de-deyverson-e-declaracao-de-hulk-as-ultimas-noticias-do-atletico-mg\/","name":"Desfalque confirmado, recado de Deyverson e declara\u00e7\u00e3o de hulk: as \u00faltimas not\u00edcias do Atl\u00e9tico-MG","isPartOf":{"@id":"https:\/\/www.gaveanews.com\/#website"},"primaryImageOfPage":{"@id":"https:\/\/www.gaveanews.com\/index.php\/2024\/11\/26\/desfalque-confirmado-recado-de-deyverson-e-declaracao-de-hulk-as-ultimas-noticias-do-atletico-mg\/#primaryimage"},"image":{"@id":"https:\/\/www.gaveanews.com\/index.php\/2024\/11\/26\/desfalque-confirmado-recado-de-deyverson-e-declaracao-de-hulk-as-ultimas-noticias-do-atletico-mg\/#primaryimage"},"thumbnailUrl":"https:\/\/www.gaveanews.com\/wp-content\/uploads\/Estadio-do-Atletico-MG.webp","datePublished":"2024-11-26T07:45:00+00:00","author":{"@id":"https:\/\/www.gaveanews.com\/#\/schema\/person\/8207cd4627f56151707418bfc835b2fb"},"breadcrumb":{"@id":"https:\/\/www.gaveanews.com\/index.php\/2024\/11\/26\/desfalque-confirmado-recado-de-deyverson-e-declaracao-de-hulk-as-ultimas-noticias-do-atletico-mg\/#breadcrumb"},"inLanguage":"pt-BR","potentialAction":[{"@type":"ReadAction","target":["https:\/\/www.gaveanews.com\/index.php\/2024\/11\/26\/desfalque-confirmado-recado-de-deyverson-e-declaracao-de-hulk-as-ultimas-noticias-do-atletico-mg\/"]}]},{"@type":"ImageObject","inLanguage":"pt-BR","@id":"https:\/\/www.gaveanews.com\/index.php\/2024\/11\/26\/desfalque-confirmado-recado-de-deyverson-e-declaracao-de-hulk-as-ultimas-noticias-do-atletico-mg\/#primaryimage","url":"https:\/\/www.gaveanews.com\/wp-content\/uploads\/Estadio-do-Atletico-MG.webp","contentUrl":"https:\/\/www.gaveanews.com\/wp-content\/uploads\/Estadio-do-Atletico-MG.webp","width":900,"height":600,"caption":"Arena MRV, est\u00e1dio do Atl\u00e9tico-MG (Foto: Reprodu\u00e7\u00e3o\/Atl\u00e9tico)"},{"@type":"BreadcrumbList","@id":"https:\/\/www.gaveanews.com\/index.php\/2024\/11\/26\/desfalque-confirmado-recado-de-deyverson-e-declaracao-de-hulk-as-ultimas-noticias-do-atletico-mg\/#breadcrumb","itemListElement":[{"@type":"ListItem","position":1,"name":"Home","item":"https:\/\/www.gaveanews.com\/"},{"@type":"ListItem","position":2,"name":"Desfalque confirmado, recado de Deyverson e declara\u00e7\u00e3o de hulk: as \u00faltimas not\u00edcias do Atl\u00e9tico-MG"}]},{"@type":"WebSite","@id":"https:\/\/www.gaveanews.com\/#website","url":"https:\/\/www.gaveanews.com\/","name":"G\u00e1vea News","description":"Veja todas as not\u00edcias sobre o Flamengo: Contrata\u00e7\u00f5es, categorias de base, resultados das partidas, tabela de classifica\u00e7\u00e3o, pr\u00f3ximos jogos!","potentialAction":[{"@type":"SearchAction","target":{"@type":"EntryPoint","urlTemplate":"https:\/\/www.gaveanews.com\/?s={search_term_string}"},"query-input":{"@type":"PropertyValueSpecification","valueRequired":true,"valueName":"search_term_string"}}],"inLanguage":"pt-BR"},{"@type":"Person","@id":"https:\/\/www.gaveanews.com\/#\/schema\/person\/8207cd4627f56151707418bfc835b2fb","name":"Matheus Felipe","image":{"@type":"ImageObject","inLanguage":"pt-BR","@id":"https:\/\/www.gaveanews.com\/#\/schema\/person\/image\/","url":"https:\/\/secure.gravatar.com\/avatar\/a452ffbed9130f726358b298bb3a99ce4bd3c5338411f8440e87e14d74c7c087?s=96&d=mm&r=g","contentUrl":"https:\/\/secure.gravatar.com\/avatar\/a452ffbed9130f726358b298bb3a99ce4bd3c5338411f8440e87e14d74c7c087?s=96&d=mm&r=g","caption":"Matheus Felipe"}}]}},"_links":{"self":[{"href":"https:\/\/www.gaveanews.com\/index.php\/wp-json\/wp\/v2\/posts\/190487","targetHints":{"allow":["GET"]}}],"collection":[{"href":"https:\/\/www.gaveanews.com\/index.php\/wp-json\/wp\/v2\/posts"}],"about":[{"href":"https:\/\/www.gaveanews.com\/index.php\/wp-json\/wp\/v2\/types\/post"}],"author":[{"embeddable":true,"href":"https:\/\/www.gaveanews.com\/index.php\/wp-json\/wp\/v2\/users\/27"}],"replies":[{"embeddable":true,"href":"https:\/\/www.gaveanews.com\/index.php\/wp-json\/wp\/v2\/comments?post=190487"}],"version-history":[{"count":1,"href":"https:\/\/www.gaveanews.com\/index.php\/wp-json\/wp\/v2\/posts\/190487\/revisions"}],"predecessor-version":[{"id":190493,"href":"https:\/\/www.gaveanews.com\/index.php\/wp-json\/wp\/v2\/posts\/190487\/revisions\/190493"}],"wp:featuredmedia":[{"embeddable":true,"href":"https:\/\/www.gaveanews.com\/index.php\/wp-json\/wp\/v2\/media\/153999"}],"wp:attachment":[{"href":"https:\/\/www.gaveanews.com\/index.php\/wp-json\/wp\/v2\/media?parent=190487"}],"wp:term":[{"taxonomy":"category","embeddable":true,"href":"https:\/\/www.gaveanews.com\/index.php\/wp-json\/wp\/v2\/categories?post=190487"},{"taxonomy":"post_tag","embeddable":true,"href":"https:\/\/www.gaveanews.com\/index.php\/wp-json\/wp\/v2\/tags?post=190487"}],"curies":[{"name":"wp","href":"https:\/\/api.w.org\/{rel}","templated":true}]}}