{"id":190496,"date":"2024-11-26T04:50:00","date_gmt":"2024-11-26T07:50:00","guid":{"rendered":"https:\/\/www.gaveanews.com\/?p=190496"},"modified":"2024-11-26T03:42:34","modified_gmt":"2024-11-26T06:42:34","slug":"recado-para-alan-patrick-probabilidade-de-ser-campeao-e-saida-de-destaque-as-ultimas-noticias-do-internacional","status":"publish","type":"post","link":"https:\/\/www.gaveanews.com\/index.php\/2024\/11\/26\/recado-para-alan-patrick-probabilidade-de-ser-campeao-e-saida-de-destaque-as-ultimas-noticias-do-internacional\/","title":{"rendered":"Recado para Alan Patrick, probabilidade de ser campe\u00e3o e sa\u00edda de destaque: as \u00faltimas not\u00edcias do Internacional"},"content":{"rendered":"\n<p>Nas \u00faltimas horas, o foco das not\u00edcias sobre o Internacional se concentram nos bastidores do clube, com destaques como o recado para Alan Patrick e a probabilidade de ser campe\u00e3o. <\/p>\n\n\n\n<p>Por conta deste contexto, leia abaixo um resumo preparado pela equipe do portal G\u00e1vea News para lhe manter muito bem informado!<\/p>\n\n\n\n<h2 class=\"wp-block-heading\" id=\"h-saida-de-destaque\">Sa\u00edda de destaque<\/h2>\n\n\n\n<p>O lateral-esquerdo Bernabei, destaque do Internacional, pode deixar o clube ap\u00f3s o Brasileir\u00e3o. Emprestado pelo Celtic, da Esc\u00f3cia, tanto o jogador quanto o Colorado manifestaram interesse em manter o v\u00ednculo. No entanto, as negocia\u00e7\u00f5es com o clube escoc\u00eas s\u00f3 devem avan\u00e7ar ao fim da temporada, quando os valores e a forma de pagamento ser\u00e3o definidos. O Inter espera que a vontade de Bernabei em permanecer facilite o acordo <strong><a href=\"https:\/\/www.gaveanews.com\/index.php\/2024\/11\/24\/destaque-do-internacional-podera-deixar-o-clube-apos-o-brasileirao\/\">(leia a mat\u00e9ria completa).<\/a><\/strong><\/p>\n\n\n\n<figure class=\"wp-block-image size-full\"><img loading=\"lazy\" decoding=\"async\" width=\"838\" height=\"549\" src=\"https:\/\/www.gaveanews.com\/wp-content\/uploads\/Alexandro-Bernabei-pelo-Internacional.webp\" alt=\"\" class=\"wp-image-173123\" srcset=\"https:\/\/www.gaveanews.com\/wp-content\/uploads\/Alexandro-Bernabei-pelo-Internacional.webp 838w, https:\/\/www.gaveanews.com\/wp-content\/uploads\/Alexandro-Bernabei-pelo-Internacional-300x197.webp 300w, https:\/\/www.gaveanews.com\/wp-content\/uploads\/Alexandro-Bernabei-pelo-Internacional-768x503.webp 768w, https:\/\/www.gaveanews.com\/wp-content\/uploads\/Alexandro-Bernabei-pelo-Internacional-641x420.webp 641w, https:\/\/www.gaveanews.com\/wp-content\/uploads\/Alexandro-Bernabei-pelo-Internacional-640x419.webp 640w, https:\/\/www.gaveanews.com\/wp-content\/uploads\/Alexandro-Bernabei-pelo-Internacional-681x446.webp 681w, https:\/\/www.gaveanews.com\/wp-content\/uploads\/Alexandro-Bernabei-pelo-Internacional-100x66.webp 100w\" sizes=\"auto, (max-width: 838px) 100vw, 838px\" \/><figcaption class=\"wp-element-caption\">Alexandro Bernabei pelo Internacional (Foto: Divulga\u00e7\u00e3o\/Internacional) \n<\/figcaption><\/figure>\n\n\n\n<p>O vice-presidente de futebol do Internacional, Jos\u00e9 Olavo Bisol, declarou que o sentimento \u00e9 positivo, mas ressaltou a complexidade de tratar cl\u00e1usulas contratuais e valores durante a competi\u00e7\u00e3o. <\/p>\n\n\n\n<p>Recentemente, o Cruzeiro tamb\u00e9m demonstrou interesse no jogador, mas Bernabei recusou a sondagem, reafirmando sua inten\u00e7\u00e3o de continuar em Porto Alegre.<\/p>\n\n\n\n<p>Atualmente, o Internacional foca em assegurar uma vaga na Libertadores de 2025, o que pode influenciar na perman\u00eancia do atleta. Representantes de Bernabei tamb\u00e9m est\u00e3o trabalhando para evitar entraves na negocia\u00e7\u00e3o com o Celtic, que j\u00e1 enviou dirigentes \u00e0 Esc\u00f3cia para iniciar conversas.<\/p>\n\n\n\n<h2 class=\"wp-block-heading\" id=\"h-probabilidade-de-ser-campeao\">Probabilidade de ser campe\u00e3o<\/h2>\n\n\n\n<p>Ap\u00f3s a 35\u00aa rodada do Brasileir\u00e3o, o Palmeiras assumiu a lideran\u00e7a e aumentou suas chances de conquistar o t\u00edtulo. Segundo o departamento de matem\u00e1tica da UFMG, o Verd\u00e3o tem 63,7% de probabilidade de ser campe\u00e3o, enquanto o Botafogo, agora em segundo, possui 34%. A queda de desempenho do Glorioso nas \u00faltimas rodadas foi determinante para essa mudan\u00e7a no cen\u00e1rio da competi\u00e7\u00e3o <strong><a href=\"https:\/\/www.gaveanews.com\/index.php\/2024\/11\/25\/a-probabilidade-do-palmeiras-ser-campeao-do-brasileirao-atualizada\/\">(leia a mat\u00e9ria completa).<\/a><\/strong><\/p>\n\n\n\n<figure class=\"wp-block-image size-full\"><img loading=\"lazy\" decoding=\"async\" width=\"984\" height=\"656\" src=\"https:\/\/www.gaveanews.com\/wp-content\/uploads\/trofeu-brasileirao.webp\" alt=\"\" class=\"wp-image-110475\" srcset=\"https:\/\/www.gaveanews.com\/wp-content\/uploads\/trofeu-brasileirao.webp 984w, https:\/\/www.gaveanews.com\/wp-content\/uploads\/trofeu-brasileirao-300x200.webp 300w, https:\/\/www.gaveanews.com\/wp-content\/uploads\/trofeu-brasileirao-768x512.webp 768w, https:\/\/www.gaveanews.com\/wp-content\/uploads\/trofeu-brasileirao-630x420.webp 630w, https:\/\/www.gaveanews.com\/wp-content\/uploads\/trofeu-brasileirao-640x427.webp 640w, https:\/\/www.gaveanews.com\/wp-content\/uploads\/trofeu-brasileirao-681x454.webp 681w, https:\/\/www.gaveanews.com\/wp-content\/uploads\/trofeu-brasileirao-100x67.webp 100w\" sizes=\"auto, (max-width: 984px) 100vw, 984px\" \/><figcaption class=\"wp-element-caption\">Trof\u00e9u do Brasileir\u00e3o (Foto: Lucas Figueiredo\/ CBF)<\/figcaption><\/figure>\n\n\n\n<p>Al\u00e9m dos dois l\u00edderes, Fortaleza (2%), Flamengo (0,26%) e Internacional (0,11%) ainda t\u00eam chances matem\u00e1ticas, embora remotas, de alcan\u00e7ar o trof\u00e9u. O confronto direto entre Fortaleza e Flamengo na pr\u00f3xima rodada pode impactar a disputa pelas primeiras posi\u00e7\u00f5es, enquanto o Internacional segue tentando melhorar sua posi\u00e7\u00e3o na tabela.<\/p>\n\n\n\n<p>O crescimento do Palmeiras reflete a regularidade e efici\u00eancia do time comandado por Abel Ferreira, que soube aproveitar os trope\u00e7os dos advers\u00e1rios. Com tr\u00eas rodadas restantes, o Brasileir\u00e3o promete emo\u00e7\u00f5es at\u00e9 o fim, mas o Verd\u00e3o desponta como o favorito para levantar a ta\u00e7a.<\/p>\n\n\n\n<h2 class=\"wp-block-heading\" id=\"h-recado-para-alan-patrick\">Recado para Alan Patrick<\/h2>\n\n\n\n<p>Alan Patrick tem sido um dos destaques do Internacional no Brasileir\u00e3o, liderando a equipe durante uma impressionante sequ\u00eancia de 17 jogos de invencibilidade no segundo turno. Suas atua\u00e7\u00f5es excepcionais, marcadas por gols decisivos e contribui\u00e7\u00f5es consistentes, despertaram elogios fervorosos da torcida, que o considera o melhor camisa 10 do Brasil. Recentemente, o jogador marcou o 600\u00ba gol do novo Beira-Rio, refor\u00e7ando seu papel na hist\u00f3ria do clube<strong><a href=\"https:\/\/www.gaveanews.com\/index.php\/2024\/11\/25\/torcida-do-internacional-manda-recado-para-alan-patrick\/\"> (leia a mat\u00e9ria completa).<\/a><\/strong><\/p>\n\n\n\n<figure class=\"wp-block-image size-full\"><img loading=\"lazy\" decoding=\"async\" width=\"900\" height=\"506\" src=\"https:\/\/www.gaveanews.com\/wp-content\/uploads\/Alan-Patrick-pelo-Internacional.webp\" alt=\"\" class=\"wp-image-167606\" srcset=\"https:\/\/www.gaveanews.com\/wp-content\/uploads\/Alan-Patrick-pelo-Internacional.webp 900w, https:\/\/www.gaveanews.com\/wp-content\/uploads\/Alan-Patrick-pelo-Internacional-300x169.webp 300w, https:\/\/www.gaveanews.com\/wp-content\/uploads\/Alan-Patrick-pelo-Internacional-768x432.webp 768w, https:\/\/www.gaveanews.com\/wp-content\/uploads\/Alan-Patrick-pelo-Internacional-747x420.webp 747w, https:\/\/www.gaveanews.com\/wp-content\/uploads\/Alan-Patrick-pelo-Internacional-640x360.webp 640w, https:\/\/www.gaveanews.com\/wp-content\/uploads\/Alan-Patrick-pelo-Internacional-681x383.webp 681w, https:\/\/www.gaveanews.com\/wp-content\/uploads\/Alan-Patrick-pelo-Internacional-100x56.webp 100w\" sizes=\"auto, (max-width: 900px) 100vw, 900px\" \/><figcaption class=\"wp-element-caption\">Alan Patrick pelo Internacional (Foto: Reprodu\u00e7\u00e3o\/Instagram)<\/figcaption><\/figure>\n\n\n\n<p>Apesar do reconhecimento dentro do cen\u00e1rio nacional, torcedores destacam que Alan Patrick seria ainda mais valorizado caso atuasse em clubes do eixo Rio-S\u00e3o Paulo ou fosse estrangeiro. Para o Internacional, ele \u00e9 visto como o \u201cm\u00e1gico\u201d e um s\u00edmbolo de qualidade t\u00e9cnica no futebol brasileiro. Seus desempenhos alimentam at\u00e9 mesmo expectativas de convoca\u00e7\u00e3o para a Sele\u00e7\u00e3o Brasileira.<\/p>\n\n\n\n<p>Na tabela, o Internacional ainda tem chances matem\u00e1ticas de t\u00edtulo, mas depende de trope\u00e7os de Palmeiras e Botafogo. O pr\u00f3ximo confronto, contra o Flamengo, ser\u00e1 crucial para a disputa por posi\u00e7\u00f5es no G4, com os dois clubes empatados em pontos, caso o Flamengo ven\u00e7a sua partida anterior. Alan Patrick ser\u00e1 pe\u00e7a-chave para manter viva a ambi\u00e7\u00e3o do Colorado nesta reta final da competi\u00e7\u00e3o.<\/p>\n","protected":false},"excerpt":{"rendered":"<p>Nas \u00faltimas horas, o foco das not\u00edcias sobre o Internacional se concentram nos bastidores do clube, com destaques como o recado para Alan Patrick e a probabilidade de ser campe\u00e3o. Por conta deste contexto, leia abaixo um resumo preparado pela equipe do portal G\u00e1vea News para lhe manter muito bem informado! Sa\u00edda de destaque O [&hellip;]<\/p>\n","protected":false},"author":27,"featured_media":173600,"comment_status":"open","ping_status":"closed","sticky":false,"template":"","format":"standard","meta":{"footnotes":""},"categories":[148],"tags":[],"class_list":["post-190496","post","type-post","status-publish","format-standard","has-post-thumbnail","hentry","category-internacional"],"yoast_head":"<!-- This site is optimized with the Yoast SEO Premium plugin v24.2 (Yoast SEO v26.9) - https:\/\/yoast.com\/product\/yoast-seo-premium-wordpress\/ -->\n<title>Recado para Alan Patrick, probabilidade de ser campe\u00e3o e sa\u00edda de destaque: as \u00faltimas not\u00edcias do Internacional<\/title>\n<meta name=\"robots\" content=\"index, follow, max-snippet:-1, max-image-preview:large, max-video-preview:-1\" \/>\n<link rel=\"canonical\" href=\"https:\/\/www.gaveanews.com\/index.php\/2024\/11\/26\/recado-para-alan-patrick-probabilidade-de-ser-campeao-e-saida-de-destaque-as-ultimas-noticias-do-internacional\/\" \/>\n<meta property=\"og:locale\" content=\"pt_BR\" \/>\n<meta property=\"og:type\" content=\"article\" \/>\n<meta property=\"og:title\" content=\"Recado para Alan Patrick, probabilidade de ser campe\u00e3o e sa\u00edda de destaque: as \u00faltimas not\u00edcias do Internacional\" \/>\n<meta property=\"og:description\" content=\"Nas \u00faltimas horas, o foco das not\u00edcias sobre o Internacional se concentram nos bastidores do clube, com destaques como o recado para Alan Patrick e a probabilidade de ser campe\u00e3o. Por conta deste contexto, leia abaixo um resumo preparado pela equipe do portal G\u00e1vea News para lhe manter muito bem informado! Sa\u00edda de destaque O [&hellip;]\" \/>\n<meta property=\"og:url\" content=\"https:\/\/www.gaveanews.com\/index.php\/2024\/11\/26\/recado-para-alan-patrick-probabilidade-de-ser-campeao-e-saida-de-destaque-as-ultimas-noticias-do-internacional\/\" \/>\n<meta property=\"og:site_name\" content=\"G\u00e1vea News\" \/>\n<meta property=\"article:publisher\" content=\"https:\/\/facebook.com\/gaveaNews\/\" \/>\n<meta property=\"article:published_time\" content=\"2024-11-26T07:50:00+00:00\" \/>\n<meta property=\"og:image\" content=\"https:\/\/www.gaveanews.com\/wp-content\/uploads\/Escudo-do-Internacional.webp\" \/>\n\t<meta property=\"og:image:width\" content=\"1728\" \/>\n\t<meta property=\"og:image:height\" content=\"1080\" \/>\n\t<meta property=\"og:image:type\" content=\"image\/webp\" \/>\n<meta name=\"author\" content=\"Matheus Felipe\" \/>\n<meta name=\"twitter:card\" content=\"summary_large_image\" \/>\n<meta name=\"twitter:label1\" content=\"Escrito por\" \/>\n\t<meta name=\"twitter:data1\" content=\"Matheus Felipe\" \/>\n\t<meta name=\"twitter:label2\" content=\"Est. tempo de leitura\" \/>\n\t<meta name=\"twitter:data2\" content=\"5 minutos\" \/>\n<script type=\"application\/ld+json\" class=\"yoast-schema-graph\">{\"@context\":\"https:\/\/schema.org\",\"@graph\":[{\"@type\":\"NewsArticle\",\"@id\":\"https:\/\/www.gaveanews.com\/index.php\/2024\/11\/26\/recado-para-alan-patrick-probabilidade-de-ser-campeao-e-saida-de-destaque-as-ultimas-noticias-do-internacional\/#article\",\"isPartOf\":{\"@id\":\"https:\/\/www.gaveanews.com\/index.php\/2024\/11\/26\/recado-para-alan-patrick-probabilidade-de-ser-campeao-e-saida-de-destaque-as-ultimas-noticias-do-internacional\/\"},\"author\":{\"name\":\"Matheus Felipe\",\"@id\":\"https:\/\/www.gaveanews.com\/#\/schema\/person\/8207cd4627f56151707418bfc835b2fb\"},\"headline\":\"Recado para Alan Patrick, probabilidade de ser campe\u00e3o e sa\u00edda de destaque: as \u00faltimas not\u00edcias do Internacional\",\"datePublished\":\"2024-11-26T07:50:00+00:00\",\"mainEntityOfPage\":{\"@id\":\"https:\/\/www.gaveanews.com\/index.php\/2024\/11\/26\/recado-para-alan-patrick-probabilidade-de-ser-campeao-e-saida-de-destaque-as-ultimas-noticias-do-internacional\/\"},\"wordCount\":680,\"commentCount\":0,\"image\":{\"@id\":\"https:\/\/www.gaveanews.com\/index.php\/2024\/11\/26\/recado-para-alan-patrick-probabilidade-de-ser-campeao-e-saida-de-destaque-as-ultimas-noticias-do-internacional\/#primaryimage\"},\"thumbnailUrl\":\"https:\/\/www.gaveanews.com\/wp-content\/uploads\/Escudo-do-Internacional.webp\",\"articleSection\":[\"Internacional\"],\"inLanguage\":\"pt-BR\",\"potentialAction\":[{\"@type\":\"CommentAction\",\"name\":\"Comment\",\"target\":[\"https:\/\/www.gaveanews.com\/index.php\/2024\/11\/26\/recado-para-alan-patrick-probabilidade-de-ser-campeao-e-saida-de-destaque-as-ultimas-noticias-do-internacional\/#respond\"]}],\"copyrightYear\":\"2024\",\"copyrightHolder\":{\"@id\":\"https:\/\/www.gaveanews.com\/#organization\"}},{\"@type\":\"WebPage\",\"@id\":\"https:\/\/www.gaveanews.com\/index.php\/2024\/11\/26\/recado-para-alan-patrick-probabilidade-de-ser-campeao-e-saida-de-destaque-as-ultimas-noticias-do-internacional\/\",\"url\":\"https:\/\/www.gaveanews.com\/index.php\/2024\/11\/26\/recado-para-alan-patrick-probabilidade-de-ser-campeao-e-saida-de-destaque-as-ultimas-noticias-do-internacional\/\",\"name\":\"Recado para Alan Patrick, probabilidade de ser campe\u00e3o e sa\u00edda de destaque: as \u00faltimas not\u00edcias do Internacional\",\"isPartOf\":{\"@id\":\"https:\/\/www.gaveanews.com\/#website\"},\"primaryImageOfPage\":{\"@id\":\"https:\/\/www.gaveanews.com\/index.php\/2024\/11\/26\/recado-para-alan-patrick-probabilidade-de-ser-campeao-e-saida-de-destaque-as-ultimas-noticias-do-internacional\/#primaryimage\"},\"image\":{\"@id\":\"https:\/\/www.gaveanews.com\/index.php\/2024\/11\/26\/recado-para-alan-patrick-probabilidade-de-ser-campeao-e-saida-de-destaque-as-ultimas-noticias-do-internacional\/#primaryimage\"},\"thumbnailUrl\":\"https:\/\/www.gaveanews.com\/wp-content\/uploads\/Escudo-do-Internacional.webp\",\"datePublished\":\"2024-11-26T07:50:00+00:00\",\"author\":{\"@id\":\"https:\/\/www.gaveanews.com\/#\/schema\/person\/8207cd4627f56151707418bfc835b2fb\"},\"breadcrumb\":{\"@id\":\"https:\/\/www.gaveanews.com\/index.php\/2024\/11\/26\/recado-para-alan-patrick-probabilidade-de-ser-campeao-e-saida-de-destaque-as-ultimas-noticias-do-internacional\/#breadcrumb\"},\"inLanguage\":\"pt-BR\",\"potentialAction\":[{\"@type\":\"ReadAction\",\"target\":[\"https:\/\/www.gaveanews.com\/index.php\/2024\/11\/26\/recado-para-alan-patrick-probabilidade-de-ser-campeao-e-saida-de-destaque-as-ultimas-noticias-do-internacional\/\"]}]},{\"@type\":\"ImageObject\",\"inLanguage\":\"pt-BR\",\"@id\":\"https:\/\/www.gaveanews.com\/index.php\/2024\/11\/26\/recado-para-alan-patrick-probabilidade-de-ser-campeao-e-saida-de-destaque-as-ultimas-noticias-do-internacional\/#primaryimage\",\"url\":\"https:\/\/www.gaveanews.com\/wp-content\/uploads\/Escudo-do-Internacional.webp\",\"contentUrl\":\"https:\/\/www.gaveanews.com\/wp-content\/uploads\/Escudo-do-Internacional.webp\",\"width\":1728,\"height\":1080,\"caption\":\"Escudo do Internacional (Foto: Reprodu\u00e7\u00e3o)\"},{\"@type\":\"BreadcrumbList\",\"@id\":\"https:\/\/www.gaveanews.com\/index.php\/2024\/11\/26\/recado-para-alan-patrick-probabilidade-de-ser-campeao-e-saida-de-destaque-as-ultimas-noticias-do-internacional\/#breadcrumb\",\"itemListElement\":[{\"@type\":\"ListItem\",\"position\":1,\"name\":\"Home\",\"item\":\"https:\/\/www.gaveanews.com\/\"},{\"@type\":\"ListItem\",\"position\":2,\"name\":\"Recado para Alan Patrick, probabilidade de ser campe\u00e3o e sa\u00edda de destaque: as \u00faltimas not\u00edcias do Internacional\"}]},{\"@type\":\"WebSite\",\"@id\":\"https:\/\/www.gaveanews.com\/#website\",\"url\":\"https:\/\/www.gaveanews.com\/\",\"name\":\"G\u00e1vea News\",\"description\":\"Veja todas as not\u00edcias sobre o Flamengo: Contrata\u00e7\u00f5es, categorias de base, resultados das partidas, tabela de classifica\u00e7\u00e3o, pr\u00f3ximos jogos!\",\"potentialAction\":[{\"@type\":\"SearchAction\",\"target\":{\"@type\":\"EntryPoint\",\"urlTemplate\":\"https:\/\/www.gaveanews.com\/?s={search_term_string}\"},\"query-input\":{\"@type\":\"PropertyValueSpecification\",\"valueRequired\":true,\"valueName\":\"search_term_string\"}}],\"inLanguage\":\"pt-BR\"},{\"@type\":\"Person\",\"@id\":\"https:\/\/www.gaveanews.com\/#\/schema\/person\/8207cd4627f56151707418bfc835b2fb\",\"name\":\"Matheus Felipe\",\"image\":{\"@type\":\"ImageObject\",\"inLanguage\":\"pt-BR\",\"@id\":\"https:\/\/www.gaveanews.com\/#\/schema\/person\/image\/\",\"url\":\"https:\/\/secure.gravatar.com\/avatar\/a452ffbed9130f726358b298bb3a99ce4bd3c5338411f8440e87e14d74c7c087?s=96&d=mm&r=g\",\"contentUrl\":\"https:\/\/secure.gravatar.com\/avatar\/a452ffbed9130f726358b298bb3a99ce4bd3c5338411f8440e87e14d74c7c087?s=96&d=mm&r=g\",\"caption\":\"Matheus Felipe\"}}]}<\/script>\n<!-- \/ Yoast SEO Premium plugin. -->","yoast_head_json":{"title":"Recado para Alan Patrick, probabilidade de ser campe\u00e3o e sa\u00edda de destaque: as \u00faltimas not\u00edcias do Internacional","robots":{"index":"index","follow":"follow","max-snippet":"max-snippet:-1","max-image-preview":"max-image-preview:large","max-video-preview":"max-video-preview:-1"},"canonical":"https:\/\/www.gaveanews.com\/index.php\/2024\/11\/26\/recado-para-alan-patrick-probabilidade-de-ser-campeao-e-saida-de-destaque-as-ultimas-noticias-do-internacional\/","og_locale":"pt_BR","og_type":"article","og_title":"Recado para Alan Patrick, probabilidade de ser campe\u00e3o e sa\u00edda de destaque: as \u00faltimas not\u00edcias do Internacional","og_description":"Nas \u00faltimas horas, o foco das not\u00edcias sobre o Internacional se concentram nos bastidores do clube, com destaques como o recado para Alan Patrick e a probabilidade de ser campe\u00e3o. Por conta deste contexto, leia abaixo um resumo preparado pela equipe do portal G\u00e1vea News para lhe manter muito bem informado! Sa\u00edda de destaque O [&hellip;]","og_url":"https:\/\/www.gaveanews.com\/index.php\/2024\/11\/26\/recado-para-alan-patrick-probabilidade-de-ser-campeao-e-saida-de-destaque-as-ultimas-noticias-do-internacional\/","og_site_name":"G\u00e1vea News","article_publisher":"https:\/\/facebook.com\/gaveaNews\/","article_published_time":"2024-11-26T07:50:00+00:00","og_image":[{"width":1728,"height":1080,"url":"https:\/\/www.gaveanews.com\/wp-content\/uploads\/Escudo-do-Internacional.webp","type":"image\/webp"}],"author":"Matheus Felipe","twitter_card":"summary_large_image","twitter_misc":{"Escrito por":"Matheus Felipe","Est. tempo de leitura":"5 minutos"},"schema":{"@context":"https:\/\/schema.org","@graph":[{"@type":"NewsArticle","@id":"https:\/\/www.gaveanews.com\/index.php\/2024\/11\/26\/recado-para-alan-patrick-probabilidade-de-ser-campeao-e-saida-de-destaque-as-ultimas-noticias-do-internacional\/#article","isPartOf":{"@id":"https:\/\/www.gaveanews.com\/index.php\/2024\/11\/26\/recado-para-alan-patrick-probabilidade-de-ser-campeao-e-saida-de-destaque-as-ultimas-noticias-do-internacional\/"},"author":{"name":"Matheus Felipe","@id":"https:\/\/www.gaveanews.com\/#\/schema\/person\/8207cd4627f56151707418bfc835b2fb"},"headline":"Recado para Alan Patrick, probabilidade de ser campe\u00e3o e sa\u00edda de destaque: as \u00faltimas not\u00edcias do Internacional","datePublished":"2024-11-26T07:50:00+00:00","mainEntityOfPage":{"@id":"https:\/\/www.gaveanews.com\/index.php\/2024\/11\/26\/recado-para-alan-patrick-probabilidade-de-ser-campeao-e-saida-de-destaque-as-ultimas-noticias-do-internacional\/"},"wordCount":680,"commentCount":0,"image":{"@id":"https:\/\/www.gaveanews.com\/index.php\/2024\/11\/26\/recado-para-alan-patrick-probabilidade-de-ser-campeao-e-saida-de-destaque-as-ultimas-noticias-do-internacional\/#primaryimage"},"thumbnailUrl":"https:\/\/www.gaveanews.com\/wp-content\/uploads\/Escudo-do-Internacional.webp","articleSection":["Internacional"],"inLanguage":"pt-BR","potentialAction":[{"@type":"CommentAction","name":"Comment","target":["https:\/\/www.gaveanews.com\/index.php\/2024\/11\/26\/recado-para-alan-patrick-probabilidade-de-ser-campeao-e-saida-de-destaque-as-ultimas-noticias-do-internacional\/#respond"]}],"copyrightYear":"2024","copyrightHolder":{"@id":"https:\/\/www.gaveanews.com\/#organization"}},{"@type":"WebPage","@id":"https:\/\/www.gaveanews.com\/index.php\/2024\/11\/26\/recado-para-alan-patrick-probabilidade-de-ser-campeao-e-saida-de-destaque-as-ultimas-noticias-do-internacional\/","url":"https:\/\/www.gaveanews.com\/index.php\/2024\/11\/26\/recado-para-alan-patrick-probabilidade-de-ser-campeao-e-saida-de-destaque-as-ultimas-noticias-do-internacional\/","name":"Recado para Alan Patrick, probabilidade de ser campe\u00e3o e sa\u00edda de destaque: as \u00faltimas not\u00edcias do Internacional","isPartOf":{"@id":"https:\/\/www.gaveanews.com\/#website"},"primaryImageOfPage":{"@id":"https:\/\/www.gaveanews.com\/index.php\/2024\/11\/26\/recado-para-alan-patrick-probabilidade-de-ser-campeao-e-saida-de-destaque-as-ultimas-noticias-do-internacional\/#primaryimage"},"image":{"@id":"https:\/\/www.gaveanews.com\/index.php\/2024\/11\/26\/recado-para-alan-patrick-probabilidade-de-ser-campeao-e-saida-de-destaque-as-ultimas-noticias-do-internacional\/#primaryimage"},"thumbnailUrl":"https:\/\/www.gaveanews.com\/wp-content\/uploads\/Escudo-do-Internacional.webp","datePublished":"2024-11-26T07:50:00+00:00","author":{"@id":"https:\/\/www.gaveanews.com\/#\/schema\/person\/8207cd4627f56151707418bfc835b2fb"},"breadcrumb":{"@id":"https:\/\/www.gaveanews.com\/index.php\/2024\/11\/26\/recado-para-alan-patrick-probabilidade-de-ser-campeao-e-saida-de-destaque-as-ultimas-noticias-do-internacional\/#breadcrumb"},"inLanguage":"pt-BR","potentialAction":[{"@type":"ReadAction","target":["https:\/\/www.gaveanews.com\/index.php\/2024\/11\/26\/recado-para-alan-patrick-probabilidade-de-ser-campeao-e-saida-de-destaque-as-ultimas-noticias-do-internacional\/"]}]},{"@type":"ImageObject","inLanguage":"pt-BR","@id":"https:\/\/www.gaveanews.com\/index.php\/2024\/11\/26\/recado-para-alan-patrick-probabilidade-de-ser-campeao-e-saida-de-destaque-as-ultimas-noticias-do-internacional\/#primaryimage","url":"https:\/\/www.gaveanews.com\/wp-content\/uploads\/Escudo-do-Internacional.webp","contentUrl":"https:\/\/www.gaveanews.com\/wp-content\/uploads\/Escudo-do-Internacional.webp","width":1728,"height":1080,"caption":"Escudo do Internacional (Foto: Reprodu\u00e7\u00e3o)"},{"@type":"BreadcrumbList","@id":"https:\/\/www.gaveanews.com\/index.php\/2024\/11\/26\/recado-para-alan-patrick-probabilidade-de-ser-campeao-e-saida-de-destaque-as-ultimas-noticias-do-internacional\/#breadcrumb","itemListElement":[{"@type":"ListItem","position":1,"name":"Home","item":"https:\/\/www.gaveanews.com\/"},{"@type":"ListItem","position":2,"name":"Recado para Alan Patrick, probabilidade de ser campe\u00e3o e sa\u00edda de destaque: as \u00faltimas not\u00edcias do Internacional"}]},{"@type":"WebSite","@id":"https:\/\/www.gaveanews.com\/#website","url":"https:\/\/www.gaveanews.com\/","name":"G\u00e1vea News","description":"Veja todas as not\u00edcias sobre o Flamengo: Contrata\u00e7\u00f5es, categorias de base, resultados das partidas, tabela de classifica\u00e7\u00e3o, pr\u00f3ximos jogos!","potentialAction":[{"@type":"SearchAction","target":{"@type":"EntryPoint","urlTemplate":"https:\/\/www.gaveanews.com\/?s={search_term_string}"},"query-input":{"@type":"PropertyValueSpecification","valueRequired":true,"valueName":"search_term_string"}}],"inLanguage":"pt-BR"},{"@type":"Person","@id":"https:\/\/www.gaveanews.com\/#\/schema\/person\/8207cd4627f56151707418bfc835b2fb","name":"Matheus Felipe","image":{"@type":"ImageObject","inLanguage":"pt-BR","@id":"https:\/\/www.gaveanews.com\/#\/schema\/person\/image\/","url":"https:\/\/secure.gravatar.com\/avatar\/a452ffbed9130f726358b298bb3a99ce4bd3c5338411f8440e87e14d74c7c087?s=96&d=mm&r=g","contentUrl":"https:\/\/secure.gravatar.com\/avatar\/a452ffbed9130f726358b298bb3a99ce4bd3c5338411f8440e87e14d74c7c087?s=96&d=mm&r=g","caption":"Matheus Felipe"}}]}},"_links":{"self":[{"href":"https:\/\/www.gaveanews.com\/index.php\/wp-json\/wp\/v2\/posts\/190496","targetHints":{"allow":["GET"]}}],"collection":[{"href":"https:\/\/www.gaveanews.com\/index.php\/wp-json\/wp\/v2\/posts"}],"about":[{"href":"https:\/\/www.gaveanews.com\/index.php\/wp-json\/wp\/v2\/types\/post"}],"author":[{"embeddable":true,"href":"https:\/\/www.gaveanews.com\/index.php\/wp-json\/wp\/v2\/users\/27"}],"replies":[{"embeddable":true,"href":"https:\/\/www.gaveanews.com\/index.php\/wp-json\/wp\/v2\/comments?post=190496"}],"version-history":[{"count":1,"href":"https:\/\/www.gaveanews.com\/index.php\/wp-json\/wp\/v2\/posts\/190496\/revisions"}],"predecessor-version":[{"id":190498,"href":"https:\/\/www.gaveanews.com\/index.php\/wp-json\/wp\/v2\/posts\/190496\/revisions\/190498"}],"wp:featuredmedia":[{"embeddable":true,"href":"https:\/\/www.gaveanews.com\/index.php\/wp-json\/wp\/v2\/media\/173600"}],"wp:attachment":[{"href":"https:\/\/www.gaveanews.com\/index.php\/wp-json\/wp\/v2\/media?parent=190496"}],"wp:term":[{"taxonomy":"category","embeddable":true,"href":"https:\/\/www.gaveanews.com\/index.php\/wp-json\/wp\/v2\/categories?post=190496"},{"taxonomy":"post_tag","embeddable":true,"href":"https:\/\/www.gaveanews.com\/index.php\/wp-json\/wp\/v2\/tags?post=190496"}],"curies":[{"name":"wp","href":"https:\/\/api.w.org\/{rel}","templated":true}]}}