{"id":190576,"date":"2024-11-26T13:00:00","date_gmt":"2024-11-26T16:00:00","guid":{"rendered":"https:\/\/www.gaveanews.com\/?p=190576"},"modified":"2024-11-26T12:05:47","modified_gmt":"2024-11-26T15:05:47","slug":"fortaleza-x-flamengo-a-reacao-da-torcida-ao-ver-gabigol-video","status":"publish","type":"post","link":"https:\/\/www.gaveanews.com\/index.php\/2024\/11\/26\/fortaleza-x-flamengo-a-reacao-da-torcida-ao-ver-gabigol-video\/","title":{"rendered":"Fortaleza x Flamengo: a rea\u00e7\u00e3o da torcida ao ver Gabigol; v\u00eddeo"},"content":{"rendered":"\n<p>A chegada do Flamengo a Fortaleza, nesta segunda-feira (25), foi marcada por uma cena que traduz o amor da torcida pelo atacante Gabigol. Mais de 300 rubro-negros lotaram o aeroporto com c\u00e2nticos, faixas e pedidos emocionados pela perman\u00eancia do camisa 99 no clube.&nbsp;<\/p>\n\n\n\n<ul class=\"wp-block-list\">\n<li><a href=\"https:\/\/www.gaveanews.com\/index.php\/2024\/11\/25\/flamengo-toma-atitude-importante-envolvendo-o-internacional\/\">Flamengo toma atitude importante envolvendo o Internacional<\/a><\/li>\n\n\n\n<li><a href=\"https:\/\/www.gaveanews.com\/index.php\/2024\/11\/25\/gabigol-do-flamengo-provoca-de-la-cruz\/\">Gabigol, do Flamengo, provoca De La Cruz<\/a><\/li>\n<\/ul>\n\n\n\n<p>A emo\u00e7\u00e3o da torcida, principalmente das crian\u00e7as, mostrou por que Gabigol \u00e9 um dos maiores \u00eddolos da hist\u00f3ria recente do Meng\u00e3o.<\/p>\n\n\n\n<h2 class=\"wp-block-heading\" id=\"h-o-protagonismo-de-gabigol-na-recepcao\">O protagonismo de Gabigol na recep\u00e7\u00e3o<\/h2>\n\n\n\n<p>Entre cartazes e gritos de \u201cfica, Gabigol\u201d, o atacante foi disparado o centro das aten\u00e7\u00f5es. O carinho da torcida n\u00e3o veio apenas da capital cearense. Assista a cena abaixo.<\/p>\n\n\n\n<blockquote class=\"twitter-tweet\" data-media-max-width=\"560\"><p lang=\"pt\" dir=\"ltr\">\ud83c\udfe8 | Gabigol chegou ao Hotel Gran Marquise, no Cear\u00e1, onde ele e o restante do elenco ficaram hospedados. \u2764\ufe0f\ud83d\udda4\ud83e\uddbe<br><br>Na chegada ao hotel, Gabi foi ovacionado pela torcida rubro-Negro \u00e0s gritos de : &quot;Fica Gabigol&quot;.<br><br>\ud83c\udfa5 : Mengao o melhor <a href=\"https:\/\/t.co\/qXqMCptWXt\">pic.twitter.com\/qXqMCptWXt<\/a><\/p>&mdash; Gabigol.noticias (@barbozajvjesus) <a href=\"https:\/\/twitter.com\/barbozajvjesus\/status\/1861180137644949966?ref_src=twsrc%5Etfw\">November 25, 2024<\/a><\/blockquote> <script async src=\"https:\/\/platform.twitter.com\/widgets.js\" charset=\"utf-8\"><\/script>\n\n\n\n<p>Um dos momentos mais marcantes foi protagonizado por Michel, um menino de apenas 10 anos, que viajou 400 km com sua fam\u00edlia s\u00f3 para ver o \u00eddolo.<\/p>\n\n\n\n<p>\u201cEle (Michel) est\u00e1 chorando muito pela sa\u00edda dele. Est\u00e1 doendo em meu filho, e a dor dele est\u00e1 doendo em mim\u201d, relatou a m\u00e3e de Michel, emocionando os presentes e refor\u00e7ando a conex\u00e3o \u00fanica entre Gabigol e a torcida rubro-negra.<\/p>\n\n\n\n<h2 class=\"wp-block-heading\" id=\"h-a-pressao-dos-torcedores\">A press\u00e3o dos torcedores<\/h2>\n\n\n\n<p>Vale destacar que a torcida rubro-negra tem intensificado os pedidos para que Gabigol permane\u00e7a no Flamengo. Dessa maneira, o clima no aeroporto foi n\u00e3o apenas de festa, mas tamb\u00e9m de apelo.<\/p>\n\n\n\n<p>Al\u00e9m disso, o carinho demonstrado pela torcida rubro-negra em Fortaleza serve como um lembrete da import\u00e2ncia de Gabigol para o time e para os torcedores. Por isso, o atacante segue como pe\u00e7a central nas conversas sobre o futuro do Flamengo.<\/p>\n\n\n\n<h2 class=\"wp-block-heading\" id=\"h-expectativa-para-o-jogo\">Expectativa para o jogo<\/h2>\n\n\n\n<p>O Flamengo enfrenta o Fortaleza nesta quarta-feira (26), em duelo v\u00e1lido pela 35\u00aa rodada do Brasileir\u00e3o. Com isso, a recep\u00e7\u00e3o calorosa no Nordeste refor\u00e7a o apoio incondicional da Na\u00e7\u00e3o ao clube e ao seu \u00eddolo maior. Cabe ressaltar que a partida ser\u00e1 decisiva para as ambi\u00e7\u00f5es do Flamengo na temporada.<\/p>\n\n\n\n<p>Desse jeito, o v\u00eddeo da recep\u00e7\u00e3o viralizou nas redes sociais, mostrando que, dentro e fora de campo, Gabigol continua sendo o cora\u00e7\u00e3o da Na\u00e7\u00e3o Rubro-Negra.&nbsp;<\/p>\n","protected":false},"excerpt":{"rendered":"<p>A chegada do Flamengo a Fortaleza, nesta segunda-feira (25), foi marcada por uma cena que traduz o amor da torcida pelo atacante Gabigol. Mais de 300 rubro-negros lotaram o aeroporto com c\u00e2nticos, faixas e pedidos emocionados pela perman\u00eancia do camisa 99 no clube.&nbsp; A emo\u00e7\u00e3o da torcida, principalmente das crian\u00e7as, mostrou por que Gabigol \u00e9 [&hellip;]<\/p>\n","protected":false},"author":25,"featured_media":151992,"comment_status":"open","ping_status":"closed","sticky":false,"template":"","format":"standard","meta":{"footnotes":""},"categories":[1],"tags":[],"class_list":["post-190576","post","type-post","status-publish","format-standard","has-post-thumbnail","hentry","category-flamengo"],"yoast_head":"<!-- This site is optimized with the Yoast SEO Premium plugin v24.2 (Yoast SEO v26.9) - https:\/\/yoast.com\/product\/yoast-seo-premium-wordpress\/ -->\n<title>Fortaleza x Flamengo: a rea\u00e7\u00e3o da torcida ao ver Gabigol; v\u00eddeo<\/title>\n<meta name=\"robots\" content=\"index, follow, max-snippet:-1, max-image-preview:large, max-video-preview:-1\" \/>\n<link rel=\"canonical\" href=\"https:\/\/www.gaveanews.com\/index.php\/2024\/11\/26\/fortaleza-x-flamengo-a-reacao-da-torcida-ao-ver-gabigol-video\/\" \/>\n<meta property=\"og:locale\" content=\"pt_BR\" \/>\n<meta property=\"og:type\" content=\"article\" \/>\n<meta property=\"og:title\" content=\"Fortaleza x Flamengo: a rea\u00e7\u00e3o da torcida ao ver Gabigol; v\u00eddeo\" \/>\n<meta property=\"og:description\" content=\"A chegada do Flamengo a Fortaleza, nesta segunda-feira (25), foi marcada por uma cena que traduz o amor da torcida pelo atacante Gabigol. Mais de 300 rubro-negros lotaram o aeroporto com c\u00e2nticos, faixas e pedidos emocionados pela perman\u00eancia do camisa 99 no clube.&nbsp; A emo\u00e7\u00e3o da torcida, principalmente das crian\u00e7as, mostrou por que Gabigol \u00e9 [&hellip;]\" \/>\n<meta property=\"og:url\" content=\"https:\/\/www.gaveanews.com\/index.php\/2024\/11\/26\/fortaleza-x-flamengo-a-reacao-da-torcida-ao-ver-gabigol-video\/\" \/>\n<meta property=\"og:site_name\" content=\"G\u00e1vea News\" \/>\n<meta property=\"article:publisher\" content=\"https:\/\/facebook.com\/gaveaNews\/\" \/>\n<meta property=\"article:published_time\" content=\"2024-11-26T16:00:00+00:00\" \/>\n<meta property=\"og:image\" content=\"https:\/\/www.gaveanews.com\/wp-content\/uploads\/Gabigol-durante-Flamengo-x-Fortaleza-pelo-Brasileirao-2024.webp\" \/>\n\t<meta property=\"og:image:width\" content=\"2000\" \/>\n\t<meta property=\"og:image:height\" content=\"1333\" \/>\n\t<meta property=\"og:image:type\" content=\"image\/webp\" \/>\n<meta name=\"author\" content=\"Rafaela Ladeira\" \/>\n<meta name=\"twitter:card\" content=\"summary_large_image\" \/>\n<meta name=\"twitter:label1\" content=\"Escrito por\" \/>\n\t<meta name=\"twitter:data1\" content=\"Rafaela Ladeira\" \/>\n\t<meta name=\"twitter:label2\" content=\"Est. tempo de leitura\" \/>\n\t<meta name=\"twitter:data2\" content=\"3 minutos\" \/>\n<script type=\"application\/ld+json\" class=\"yoast-schema-graph\">{\"@context\":\"https:\/\/schema.org\",\"@graph\":[{\"@type\":\"NewsArticle\",\"@id\":\"https:\/\/www.gaveanews.com\/index.php\/2024\/11\/26\/fortaleza-x-flamengo-a-reacao-da-torcida-ao-ver-gabigol-video\/#article\",\"isPartOf\":{\"@id\":\"https:\/\/www.gaveanews.com\/index.php\/2024\/11\/26\/fortaleza-x-flamengo-a-reacao-da-torcida-ao-ver-gabigol-video\/\"},\"author\":{\"name\":\"Rafaela Ladeira\",\"@id\":\"https:\/\/www.gaveanews.com\/#\/schema\/person\/0eb3e3fe1754f0205218538adbe8f5ed\"},\"headline\":\"Fortaleza x Flamengo: a rea\u00e7\u00e3o da torcida ao ver Gabigol; v\u00eddeo\",\"datePublished\":\"2024-11-26T16:00:00+00:00\",\"mainEntityOfPage\":{\"@id\":\"https:\/\/www.gaveanews.com\/index.php\/2024\/11\/26\/fortaleza-x-flamengo-a-reacao-da-torcida-ao-ver-gabigol-video\/\"},\"wordCount\":418,\"commentCount\":0,\"image\":{\"@id\":\"https:\/\/www.gaveanews.com\/index.php\/2024\/11\/26\/fortaleza-x-flamengo-a-reacao-da-torcida-ao-ver-gabigol-video\/#primaryimage\"},\"thumbnailUrl\":\"https:\/\/www.gaveanews.com\/wp-content\/uploads\/Gabigol-durante-Flamengo-x-Fortaleza-pelo-Brasileirao-2024.webp\",\"articleSection\":[\"Flamengo\"],\"inLanguage\":\"pt-BR\",\"potentialAction\":[{\"@type\":\"CommentAction\",\"name\":\"Comment\",\"target\":[\"https:\/\/www.gaveanews.com\/index.php\/2024\/11\/26\/fortaleza-x-flamengo-a-reacao-da-torcida-ao-ver-gabigol-video\/#respond\"]}],\"copyrightYear\":\"2024\",\"copyrightHolder\":{\"@id\":\"https:\/\/www.gaveanews.com\/#organization\"}},{\"@type\":\"WebPage\",\"@id\":\"https:\/\/www.gaveanews.com\/index.php\/2024\/11\/26\/fortaleza-x-flamengo-a-reacao-da-torcida-ao-ver-gabigol-video\/\",\"url\":\"https:\/\/www.gaveanews.com\/index.php\/2024\/11\/26\/fortaleza-x-flamengo-a-reacao-da-torcida-ao-ver-gabigol-video\/\",\"name\":\"Fortaleza x Flamengo: a rea\u00e7\u00e3o da torcida ao ver Gabigol; v\u00eddeo\",\"isPartOf\":{\"@id\":\"https:\/\/www.gaveanews.com\/#website\"},\"primaryImageOfPage\":{\"@id\":\"https:\/\/www.gaveanews.com\/index.php\/2024\/11\/26\/fortaleza-x-flamengo-a-reacao-da-torcida-ao-ver-gabigol-video\/#primaryimage\"},\"image\":{\"@id\":\"https:\/\/www.gaveanews.com\/index.php\/2024\/11\/26\/fortaleza-x-flamengo-a-reacao-da-torcida-ao-ver-gabigol-video\/#primaryimage\"},\"thumbnailUrl\":\"https:\/\/www.gaveanews.com\/wp-content\/uploads\/Gabigol-durante-Flamengo-x-Fortaleza-pelo-Brasileirao-2024.webp\",\"datePublished\":\"2024-11-26T16:00:00+00:00\",\"author\":{\"@id\":\"https:\/\/www.gaveanews.com\/#\/schema\/person\/0eb3e3fe1754f0205218538adbe8f5ed\"},\"breadcrumb\":{\"@id\":\"https:\/\/www.gaveanews.com\/index.php\/2024\/11\/26\/fortaleza-x-flamengo-a-reacao-da-torcida-ao-ver-gabigol-video\/#breadcrumb\"},\"inLanguage\":\"pt-BR\",\"potentialAction\":[{\"@type\":\"ReadAction\",\"target\":[\"https:\/\/www.gaveanews.com\/index.php\/2024\/11\/26\/fortaleza-x-flamengo-a-reacao-da-torcida-ao-ver-gabigol-video\/\"]}]},{\"@type\":\"ImageObject\",\"inLanguage\":\"pt-BR\",\"@id\":\"https:\/\/www.gaveanews.com\/index.php\/2024\/11\/26\/fortaleza-x-flamengo-a-reacao-da-torcida-ao-ver-gabigol-video\/#primaryimage\",\"url\":\"https:\/\/www.gaveanews.com\/wp-content\/uploads\/Gabigol-durante-Flamengo-x-Fortaleza-pelo-Brasileirao-2024.webp\",\"contentUrl\":\"https:\/\/www.gaveanews.com\/wp-content\/uploads\/Gabigol-durante-Flamengo-x-Fortaleza-pelo-Brasileirao-2024.webp\",\"width\":2000,\"height\":1333,\"caption\":\"Gabigol durante Flamengo x Fortaleza pelo Brasileir\u00e3o 2024 (Foto: Reprodu\u00e7\u00e3o\/Flamengo)\"},{\"@type\":\"BreadcrumbList\",\"@id\":\"https:\/\/www.gaveanews.com\/index.php\/2024\/11\/26\/fortaleza-x-flamengo-a-reacao-da-torcida-ao-ver-gabigol-video\/#breadcrumb\",\"itemListElement\":[{\"@type\":\"ListItem\",\"position\":1,\"name\":\"Home\",\"item\":\"https:\/\/www.gaveanews.com\/\"},{\"@type\":\"ListItem\",\"position\":2,\"name\":\"Fortaleza x Flamengo: a rea\u00e7\u00e3o da torcida ao ver Gabigol; v\u00eddeo\"}]},{\"@type\":\"WebSite\",\"@id\":\"https:\/\/www.gaveanews.com\/#website\",\"url\":\"https:\/\/www.gaveanews.com\/\",\"name\":\"G\u00e1vea News\",\"description\":\"Veja todas as not\u00edcias sobre o Flamengo: Contrata\u00e7\u00f5es, categorias de base, resultados das partidas, tabela de classifica\u00e7\u00e3o, pr\u00f3ximos jogos!\",\"potentialAction\":[{\"@type\":\"SearchAction\",\"target\":{\"@type\":\"EntryPoint\",\"urlTemplate\":\"https:\/\/www.gaveanews.com\/?s={search_term_string}\"},\"query-input\":{\"@type\":\"PropertyValueSpecification\",\"valueRequired\":true,\"valueName\":\"search_term_string\"}}],\"inLanguage\":\"pt-BR\"},{\"@type\":\"Person\",\"@id\":\"https:\/\/www.gaveanews.com\/#\/schema\/person\/0eb3e3fe1754f0205218538adbe8f5ed\",\"name\":\"Rafaela Ladeira\",\"image\":{\"@type\":\"ImageObject\",\"inLanguage\":\"pt-BR\",\"@id\":\"https:\/\/www.gaveanews.com\/#\/schema\/person\/image\/\",\"url\":\"https:\/\/secure.gravatar.com\/avatar\/c31f513acffd85eacab5730cbdfdbbf59f21ba5aeada8cd890acea879fbb2455?s=96&d=mm&r=g\",\"contentUrl\":\"https:\/\/secure.gravatar.com\/avatar\/c31f513acffd85eacab5730cbdfdbbf59f21ba5aeada8cd890acea879fbb2455?s=96&d=mm&r=g\",\"caption\":\"Rafaela Ladeira\"}}]}<\/script>\n<!-- \/ Yoast SEO Premium plugin. -->","yoast_head_json":{"title":"Fortaleza x Flamengo: a rea\u00e7\u00e3o da torcida ao ver Gabigol; v\u00eddeo","robots":{"index":"index","follow":"follow","max-snippet":"max-snippet:-1","max-image-preview":"max-image-preview:large","max-video-preview":"max-video-preview:-1"},"canonical":"https:\/\/www.gaveanews.com\/index.php\/2024\/11\/26\/fortaleza-x-flamengo-a-reacao-da-torcida-ao-ver-gabigol-video\/","og_locale":"pt_BR","og_type":"article","og_title":"Fortaleza x Flamengo: a rea\u00e7\u00e3o da torcida ao ver Gabigol; v\u00eddeo","og_description":"A chegada do Flamengo a Fortaleza, nesta segunda-feira (25), foi marcada por uma cena que traduz o amor da torcida pelo atacante Gabigol. Mais de 300 rubro-negros lotaram o aeroporto com c\u00e2nticos, faixas e pedidos emocionados pela perman\u00eancia do camisa 99 no clube.&nbsp; A emo\u00e7\u00e3o da torcida, principalmente das crian\u00e7as, mostrou por que Gabigol \u00e9 [&hellip;]","og_url":"https:\/\/www.gaveanews.com\/index.php\/2024\/11\/26\/fortaleza-x-flamengo-a-reacao-da-torcida-ao-ver-gabigol-video\/","og_site_name":"G\u00e1vea News","article_publisher":"https:\/\/facebook.com\/gaveaNews\/","article_published_time":"2024-11-26T16:00:00+00:00","og_image":[{"width":2000,"height":1333,"url":"https:\/\/www.gaveanews.com\/wp-content\/uploads\/Gabigol-durante-Flamengo-x-Fortaleza-pelo-Brasileirao-2024.webp","type":"image\/webp"}],"author":"Rafaela Ladeira","twitter_card":"summary_large_image","twitter_misc":{"Escrito por":"Rafaela Ladeira","Est. tempo de leitura":"3 minutos"},"schema":{"@context":"https:\/\/schema.org","@graph":[{"@type":"NewsArticle","@id":"https:\/\/www.gaveanews.com\/index.php\/2024\/11\/26\/fortaleza-x-flamengo-a-reacao-da-torcida-ao-ver-gabigol-video\/#article","isPartOf":{"@id":"https:\/\/www.gaveanews.com\/index.php\/2024\/11\/26\/fortaleza-x-flamengo-a-reacao-da-torcida-ao-ver-gabigol-video\/"},"author":{"name":"Rafaela Ladeira","@id":"https:\/\/www.gaveanews.com\/#\/schema\/person\/0eb3e3fe1754f0205218538adbe8f5ed"},"headline":"Fortaleza x Flamengo: a rea\u00e7\u00e3o da torcida ao ver Gabigol; v\u00eddeo","datePublished":"2024-11-26T16:00:00+00:00","mainEntityOfPage":{"@id":"https:\/\/www.gaveanews.com\/index.php\/2024\/11\/26\/fortaleza-x-flamengo-a-reacao-da-torcida-ao-ver-gabigol-video\/"},"wordCount":418,"commentCount":0,"image":{"@id":"https:\/\/www.gaveanews.com\/index.php\/2024\/11\/26\/fortaleza-x-flamengo-a-reacao-da-torcida-ao-ver-gabigol-video\/#primaryimage"},"thumbnailUrl":"https:\/\/www.gaveanews.com\/wp-content\/uploads\/Gabigol-durante-Flamengo-x-Fortaleza-pelo-Brasileirao-2024.webp","articleSection":["Flamengo"],"inLanguage":"pt-BR","potentialAction":[{"@type":"CommentAction","name":"Comment","target":["https:\/\/www.gaveanews.com\/index.php\/2024\/11\/26\/fortaleza-x-flamengo-a-reacao-da-torcida-ao-ver-gabigol-video\/#respond"]}],"copyrightYear":"2024","copyrightHolder":{"@id":"https:\/\/www.gaveanews.com\/#organization"}},{"@type":"WebPage","@id":"https:\/\/www.gaveanews.com\/index.php\/2024\/11\/26\/fortaleza-x-flamengo-a-reacao-da-torcida-ao-ver-gabigol-video\/","url":"https:\/\/www.gaveanews.com\/index.php\/2024\/11\/26\/fortaleza-x-flamengo-a-reacao-da-torcida-ao-ver-gabigol-video\/","name":"Fortaleza x Flamengo: a rea\u00e7\u00e3o da torcida ao ver Gabigol; v\u00eddeo","isPartOf":{"@id":"https:\/\/www.gaveanews.com\/#website"},"primaryImageOfPage":{"@id":"https:\/\/www.gaveanews.com\/index.php\/2024\/11\/26\/fortaleza-x-flamengo-a-reacao-da-torcida-ao-ver-gabigol-video\/#primaryimage"},"image":{"@id":"https:\/\/www.gaveanews.com\/index.php\/2024\/11\/26\/fortaleza-x-flamengo-a-reacao-da-torcida-ao-ver-gabigol-video\/#primaryimage"},"thumbnailUrl":"https:\/\/www.gaveanews.com\/wp-content\/uploads\/Gabigol-durante-Flamengo-x-Fortaleza-pelo-Brasileirao-2024.webp","datePublished":"2024-11-26T16:00:00+00:00","author":{"@id":"https:\/\/www.gaveanews.com\/#\/schema\/person\/0eb3e3fe1754f0205218538adbe8f5ed"},"breadcrumb":{"@id":"https:\/\/www.gaveanews.com\/index.php\/2024\/11\/26\/fortaleza-x-flamengo-a-reacao-da-torcida-ao-ver-gabigol-video\/#breadcrumb"},"inLanguage":"pt-BR","potentialAction":[{"@type":"ReadAction","target":["https:\/\/www.gaveanews.com\/index.php\/2024\/11\/26\/fortaleza-x-flamengo-a-reacao-da-torcida-ao-ver-gabigol-video\/"]}]},{"@type":"ImageObject","inLanguage":"pt-BR","@id":"https:\/\/www.gaveanews.com\/index.php\/2024\/11\/26\/fortaleza-x-flamengo-a-reacao-da-torcida-ao-ver-gabigol-video\/#primaryimage","url":"https:\/\/www.gaveanews.com\/wp-content\/uploads\/Gabigol-durante-Flamengo-x-Fortaleza-pelo-Brasileirao-2024.webp","contentUrl":"https:\/\/www.gaveanews.com\/wp-content\/uploads\/Gabigol-durante-Flamengo-x-Fortaleza-pelo-Brasileirao-2024.webp","width":2000,"height":1333,"caption":"Gabigol durante Flamengo x Fortaleza pelo Brasileir\u00e3o 2024 (Foto: Reprodu\u00e7\u00e3o\/Flamengo)"},{"@type":"BreadcrumbList","@id":"https:\/\/www.gaveanews.com\/index.php\/2024\/11\/26\/fortaleza-x-flamengo-a-reacao-da-torcida-ao-ver-gabigol-video\/#breadcrumb","itemListElement":[{"@type":"ListItem","position":1,"name":"Home","item":"https:\/\/www.gaveanews.com\/"},{"@type":"ListItem","position":2,"name":"Fortaleza x Flamengo: a rea\u00e7\u00e3o da torcida ao ver Gabigol; v\u00eddeo"}]},{"@type":"WebSite","@id":"https:\/\/www.gaveanews.com\/#website","url":"https:\/\/www.gaveanews.com\/","name":"G\u00e1vea News","description":"Veja todas as not\u00edcias sobre o Flamengo: Contrata\u00e7\u00f5es, categorias de base, resultados das partidas, tabela de classifica\u00e7\u00e3o, pr\u00f3ximos jogos!","potentialAction":[{"@type":"SearchAction","target":{"@type":"EntryPoint","urlTemplate":"https:\/\/www.gaveanews.com\/?s={search_term_string}"},"query-input":{"@type":"PropertyValueSpecification","valueRequired":true,"valueName":"search_term_string"}}],"inLanguage":"pt-BR"},{"@type":"Person","@id":"https:\/\/www.gaveanews.com\/#\/schema\/person\/0eb3e3fe1754f0205218538adbe8f5ed","name":"Rafaela Ladeira","image":{"@type":"ImageObject","inLanguage":"pt-BR","@id":"https:\/\/www.gaveanews.com\/#\/schema\/person\/image\/","url":"https:\/\/secure.gravatar.com\/avatar\/c31f513acffd85eacab5730cbdfdbbf59f21ba5aeada8cd890acea879fbb2455?s=96&d=mm&r=g","contentUrl":"https:\/\/secure.gravatar.com\/avatar\/c31f513acffd85eacab5730cbdfdbbf59f21ba5aeada8cd890acea879fbb2455?s=96&d=mm&r=g","caption":"Rafaela Ladeira"}}]}},"_links":{"self":[{"href":"https:\/\/www.gaveanews.com\/index.php\/wp-json\/wp\/v2\/posts\/190576","targetHints":{"allow":["GET"]}}],"collection":[{"href":"https:\/\/www.gaveanews.com\/index.php\/wp-json\/wp\/v2\/posts"}],"about":[{"href":"https:\/\/www.gaveanews.com\/index.php\/wp-json\/wp\/v2\/types\/post"}],"author":[{"embeddable":true,"href":"https:\/\/www.gaveanews.com\/index.php\/wp-json\/wp\/v2\/users\/25"}],"replies":[{"embeddable":true,"href":"https:\/\/www.gaveanews.com\/index.php\/wp-json\/wp\/v2\/comments?post=190576"}],"version-history":[{"count":2,"href":"https:\/\/www.gaveanews.com\/index.php\/wp-json\/wp\/v2\/posts\/190576\/revisions"}],"predecessor-version":[{"id":190618,"href":"https:\/\/www.gaveanews.com\/index.php\/wp-json\/wp\/v2\/posts\/190576\/revisions\/190618"}],"wp:featuredmedia":[{"embeddable":true,"href":"https:\/\/www.gaveanews.com\/index.php\/wp-json\/wp\/v2\/media\/151992"}],"wp:attachment":[{"href":"https:\/\/www.gaveanews.com\/index.php\/wp-json\/wp\/v2\/media?parent=190576"}],"wp:term":[{"taxonomy":"category","embeddable":true,"href":"https:\/\/www.gaveanews.com\/index.php\/wp-json\/wp\/v2\/categories?post=190576"},{"taxonomy":"post_tag","embeddable":true,"href":"https:\/\/www.gaveanews.com\/index.php\/wp-json\/wp\/v2\/tags?post=190576"}],"curies":[{"name":"wp","href":"https:\/\/api.w.org\/{rel}","templated":true}]}}