{"id":190706,"date":"2024-11-26T16:45:21","date_gmt":"2024-11-26T19:45:21","guid":{"rendered":"https:\/\/www.gaveanews.com\/?p=190706"},"modified":"2024-11-26T16:33:27","modified_gmt":"2024-11-26T19:33:27","slug":"real-madrid-emite-nota-oficial-sobre-vini-jr","status":"publish","type":"post","link":"https:\/\/www.gaveanews.com\/index.php\/2024\/11\/26\/real-madrid-emite-nota-oficial-sobre-vini-jr\/","title":{"rendered":"Real Madrid emite nota oficial sobre Vini Jr."},"content":{"rendered":"\n<h2 class=\"wp-block-heading\" id=\"h-vinicius-jr-esta-lesionado-confirma-real-madrid\">Vinicius Jr. est\u00e1 lesionado, confirma Real Madrid<\/h2>\n\n\n\n<p>Uma not\u00edcia alarmante para os torcedores do Real Madrid foi divulgada nesta segunda-feira, informando que o atacante Vinicius Jr. sofreu uma les\u00e3o muscular no b\u00edceps femoral de sua perna esquerda. O clube espanhol apenas confirmou a les\u00e3o hoje, um dia depois da impressionante performance do jogador na vit\u00f3ria sobre o Legan\u00e9s na LaLiga, ocorrida no domingo, dia 24. Os exames realizados ap\u00f3s o jogo confirmaram o problema f\u00edsico do jovem atleta.<\/p>\n\n\n\n<ul class=\"wp-block-list\">\n<li><a href=\"https:\/\/www.gaveanews.com\/index.php\/2024\/11\/26\/declaracao-de-mbappe-futuro-de-endrick-e-recado-de-florentino-perez-as-ultimas-noticias-do-real-madrid\/\">Declara\u00e7\u00e3o de Mbapp\u00e9, futuro de Endrick e recado de Florentino P\u00e9rez: as \u00faltimas not\u00edcias do Real Madrid<\/a><\/li>\n\n\n\n<li><a href=\"https:\/\/www.gaveanews.com\/index.php\/2024\/11\/26\/declaracao-de-mourinho-recado-de-lewandowski-e-situacao-envolvendo-marcelo-as-ultimas-noticias-do-real-madrid\/\">Declara\u00e7\u00e3o de Mourinho, recado de Lewandowski e situa\u00e7\u00e3o envolvendo Marcelo: as \u00faltimas not\u00edcias do Real Madrid<br><\/a><\/li>\n<\/ul>\n\n\n\n<figure class=\"wp-block-embed is-type-rich is-provider-twitter wp-block-embed-twitter\"><div class=\"wp-block-embed__wrapper\">\n<blockquote class=\"twitter-tweet\" data-width=\"550\" data-dnt=\"true\"><p lang=\"es\" dir=\"ltr\">Parte m\u00e9dico de Vini Jr.<a href=\"https:\/\/twitter.com\/hashtag\/RealMadrid?src=hash&amp;ref_src=twsrc%5Etfw\">#RealMadrid<\/a><\/p>&mdash; Real Madrid C.F. (@realmadrid) <a href=\"https:\/\/twitter.com\/realmadrid\/status\/1861005274238403044?ref_src=twsrc%5Etfw\">November 25, 2024<\/a><\/blockquote><script async src=\"https:\/\/platform.twitter.com\/widgets.js\" charset=\"utf-8\"><\/script>\n<\/div><\/figure>\n\n\n\n<p>Esta n\u00e3o \u00e9 a primeira vez que o jogador brasileiro lida com problemas deste tipo, o que pode afetar a t\u00e1tica do time nas pr\u00f3ximas listas de convocados.<\/p>\n\n\n\n<p>A confirma\u00e7\u00e3o dessa les\u00e3o significa que o Real Madrid perde um jogador vital para os pr\u00f3ximos compromissos. A falta de Vinicius Jr. impactar\u00e1 diretamente os planos do treinador Carlo Ancelotti, principalmente ap\u00f3s ser mencionado como uma das principais amea\u00e7as do time advers\u00e1rio durante as partidas.<\/p>\n\n\n\n<p>O atacante desempenhou um papel crucial na constru\u00e7\u00e3o ofensiva do Real frente ao Legan\u00e9s, proporcionando dinamismo e rapidez \u00e0 ofensiva.<\/p>\n\n\n\n<p>Neste contexto de incertezas, o clube ter\u00e1 que enfrentar desafios t\u00e1ticos e buscar estrat\u00e9gias para compensar a aus\u00eancia de um de seus principais atletas em campo.<\/p>\n\n\n\n<p>Ancelotti, reconhecido pela sua experi\u00eancia e capacidade de superar obst\u00e1culos, agora precisa ajustar seus jogadores para manter o desempenho da equipe nas partidas decisivas que est\u00e3o a caminho.<\/p>\n\n\n\n<p>Depois de ser diagnosticado, Vinicius Jr. usou suas redes sociais para expressar sua opini\u00e3o sobre a circunst\u00e2ncia.<\/p>\n\n\n\n<p>Em sua publica\u00e7\u00e3o, o brasileiro expressou descontentamento com a quantidade excessiva de partidas no calend\u00e1rio atual, um fator que impacta n\u00e3o s\u00f3 o seu rendimento f\u00edsico, mas tamb\u00e9m o de muitos de seus companheiros de equipe na competi\u00e7\u00e3o.<\/p>\n\n\n\n<blockquote class=\"twitter-tweet\"><p lang=\"es\" dir=\"ltr\">El loco calendario\u2026\u2026\u2026 A RECUPERAR! \ud83d\ude4f\ud83c\udfff <a href=\"https:\/\/t.co\/oqSnKkP5MT\">https:\/\/t.co\/oqSnKkP5MT<\/a><\/p>&mdash; Vini Jr. (@vinijr) <a href=\"https:\/\/twitter.com\/vinijr\/status\/1861006658513551480?ref_src=twsrc%5Etfw\">November 25, 2024<\/a><\/blockquote> <script async src=\"https:\/\/platform.twitter.com\/widgets.js\" charset=\"utf-8\"><\/script>\n\n\n\n<p>A cr\u00edtica feita pelo atleta suscita uma discuss\u00e3o importante sobre a administra\u00e7\u00e3o dos hor\u00e1rios dos jogos no futebol contempor\u00e2neo.<\/p>\n\n\n\n<p>Mesmo com o imprevisto, Vinicius Jr. mant\u00e9m-se confiante em sua recupera\u00e7\u00e3o, contando com o suporte do clube e dos torcedores globalmente.<\/p>\n\n\n\n<p>A recupera\u00e7\u00e3o do atacante, que est\u00e1 sob cuidados m\u00e9dicos rigorosos e com um plano de tratamento espec\u00edfico criado pela equipe do Real Madrid, ser\u00e1 acompanhado de perto nas pr\u00f3ximas semanas.<\/p>\n\n\n\n<p>A falta de Vini Jr. constitui um obst\u00e1culo consider\u00e1vel para o Real Madrid, particularmente nas competi\u00e7\u00f5es europeias em andamento.<\/p>\n\n\n\n<p>A partida vital da Champions League contra o Liverpool em Anfield \u00e9 uma das quais o atleta n\u00e3o poder\u00e1 estar presente, aumentando a press\u00e3o sobre seus colegas de equipe para assegurarem um resultado positivo. A equipe aguarda com expectativa a volta de Vinicius Jr., certa de que sua recupera\u00e7\u00e3o ser\u00e1 r\u00e1pida e total.<\/p>\n\n\n\n<p>Enquanto isso, jogadores e equipe t\u00e9cnica trabalham em conjunto para lidar com os desafios que surgem com tal aus\u00eancia. Como sempre, o Real Madrid est\u00e1 resoluto em prosseguir com sua campanha vitoriosa, agora com mais um obst\u00e1culo a vencer.<\/p>\n","protected":false},"excerpt":{"rendered":"<p>Vinicius Jr. est\u00e1 lesionado, confirma Real Madrid Uma not\u00edcia alarmante para os torcedores do Real Madrid foi divulgada nesta segunda-feira, informando que o atacante Vinicius Jr. sofreu uma les\u00e3o muscular no b\u00edceps femoral de sua perna esquerda. O clube espanhol apenas confirmou a les\u00e3o hoje, um dia depois da impressionante performance do jogador na vit\u00f3ria [&hellip;]<\/p>\n","protected":false},"author":16,"featured_media":109282,"comment_status":"open","ping_status":"closed","sticky":false,"template":"","format":"standard","meta":{"footnotes":""},"categories":[88],"tags":[],"class_list":["post-190706","post","type-post","status-publish","format-standard","has-post-thumbnail","hentry","category-real-madrid"],"yoast_head":"<!-- This site is optimized with the Yoast SEO Premium plugin v24.2 (Yoast SEO v26.9) - https:\/\/yoast.com\/product\/yoast-seo-premium-wordpress\/ -->\n<title>Real Madrid emite nota oficial sobre Vini Jr.<\/title>\n<meta name=\"description\" content=\"Real Madrid emite nota oficial sobre Vini Jr.\" \/>\n<meta name=\"robots\" content=\"index, follow, max-snippet:-1, max-image-preview:large, max-video-preview:-1\" \/>\n<link rel=\"canonical\" href=\"https:\/\/www.gaveanews.com\/index.php\/2024\/11\/26\/real-madrid-emite-nota-oficial-sobre-vini-jr\/\" \/>\n<meta property=\"og:locale\" content=\"pt_BR\" \/>\n<meta property=\"og:type\" content=\"article\" \/>\n<meta property=\"og:title\" content=\"Real Madrid emite nota oficial sobre Vini Jr.\" \/>\n<meta property=\"og:description\" content=\"Real Madrid emite nota oficial sobre Vini Jr.\" \/>\n<meta property=\"og:url\" content=\"https:\/\/www.gaveanews.com\/index.php\/2024\/11\/26\/real-madrid-emite-nota-oficial-sobre-vini-jr\/\" \/>\n<meta property=\"og:site_name\" content=\"G\u00e1vea News\" \/>\n<meta property=\"article:publisher\" content=\"https:\/\/facebook.com\/gaveaNews\/\" \/>\n<meta property=\"article:published_time\" content=\"2024-11-26T19:45:21+00:00\" \/>\n<meta property=\"og:image\" content=\"https:\/\/www.gaveanews.com\/wp-content\/uploads\/vini-jr-real-madrid.webp\" \/>\n\t<meta property=\"og:image:width\" content=\"1080\" \/>\n\t<meta property=\"og:image:height\" content=\"607\" \/>\n\t<meta property=\"og:image:type\" content=\"image\/webp\" \/>\n<meta name=\"author\" content=\"D\u00e9bora Figueiredo\" \/>\n<meta name=\"twitter:card\" content=\"summary_large_image\" \/>\n<meta name=\"twitter:label1\" content=\"Escrito por\" \/>\n\t<meta name=\"twitter:data1\" content=\"D\u00e9bora Figueiredo\" \/>\n\t<meta name=\"twitter:label2\" content=\"Est. tempo de leitura\" \/>\n\t<meta name=\"twitter:data2\" content=\"3 minutos\" \/>\n<script type=\"application\/ld+json\" class=\"yoast-schema-graph\">{\"@context\":\"https:\/\/schema.org\",\"@graph\":[{\"@type\":\"NewsArticle\",\"@id\":\"https:\/\/www.gaveanews.com\/index.php\/2024\/11\/26\/real-madrid-emite-nota-oficial-sobre-vini-jr\/#article\",\"isPartOf\":{\"@id\":\"https:\/\/www.gaveanews.com\/index.php\/2024\/11\/26\/real-madrid-emite-nota-oficial-sobre-vini-jr\/\"},\"author\":{\"name\":\"D\u00e9bora Figueiredo\",\"@id\":\"https:\/\/www.gaveanews.com\/#\/schema\/person\/37122681a8575a5c8db05a56f099a5e4\"},\"headline\":\"Real Madrid emite nota oficial sobre Vini Jr.\",\"datePublished\":\"2024-11-26T19:45:21+00:00\",\"mainEntityOfPage\":{\"@id\":\"https:\/\/www.gaveanews.com\/index.php\/2024\/11\/26\/real-madrid-emite-nota-oficial-sobre-vini-jr\/\"},\"wordCount\":611,\"commentCount\":0,\"image\":{\"@id\":\"https:\/\/www.gaveanews.com\/index.php\/2024\/11\/26\/real-madrid-emite-nota-oficial-sobre-vini-jr\/#primaryimage\"},\"thumbnailUrl\":\"https:\/\/www.gaveanews.com\/wp-content\/uploads\/vini-jr-real-madrid.webp\",\"articleSection\":[\"Real Madrid\"],\"inLanguage\":\"pt-BR\",\"potentialAction\":[{\"@type\":\"CommentAction\",\"name\":\"Comment\",\"target\":[\"https:\/\/www.gaveanews.com\/index.php\/2024\/11\/26\/real-madrid-emite-nota-oficial-sobre-vini-jr\/#respond\"]}],\"copyrightYear\":\"2024\",\"copyrightHolder\":{\"@id\":\"https:\/\/www.gaveanews.com\/#organization\"}},{\"@type\":\"WebPage\",\"@id\":\"https:\/\/www.gaveanews.com\/index.php\/2024\/11\/26\/real-madrid-emite-nota-oficial-sobre-vini-jr\/\",\"url\":\"https:\/\/www.gaveanews.com\/index.php\/2024\/11\/26\/real-madrid-emite-nota-oficial-sobre-vini-jr\/\",\"name\":\"Real Madrid emite nota oficial sobre Vini Jr.\",\"isPartOf\":{\"@id\":\"https:\/\/www.gaveanews.com\/#website\"},\"primaryImageOfPage\":{\"@id\":\"https:\/\/www.gaveanews.com\/index.php\/2024\/11\/26\/real-madrid-emite-nota-oficial-sobre-vini-jr\/#primaryimage\"},\"image\":{\"@id\":\"https:\/\/www.gaveanews.com\/index.php\/2024\/11\/26\/real-madrid-emite-nota-oficial-sobre-vini-jr\/#primaryimage\"},\"thumbnailUrl\":\"https:\/\/www.gaveanews.com\/wp-content\/uploads\/vini-jr-real-madrid.webp\",\"datePublished\":\"2024-11-26T19:45:21+00:00\",\"author\":{\"@id\":\"https:\/\/www.gaveanews.com\/#\/schema\/person\/37122681a8575a5c8db05a56f099a5e4\"},\"description\":\"Real Madrid emite nota oficial sobre Vini Jr.\",\"breadcrumb\":{\"@id\":\"https:\/\/www.gaveanews.com\/index.php\/2024\/11\/26\/real-madrid-emite-nota-oficial-sobre-vini-jr\/#breadcrumb\"},\"inLanguage\":\"pt-BR\",\"potentialAction\":[{\"@type\":\"ReadAction\",\"target\":[\"https:\/\/www.gaveanews.com\/index.php\/2024\/11\/26\/real-madrid-emite-nota-oficial-sobre-vini-jr\/\"]}]},{\"@type\":\"ImageObject\",\"inLanguage\":\"pt-BR\",\"@id\":\"https:\/\/www.gaveanews.com\/index.php\/2024\/11\/26\/real-madrid-emite-nota-oficial-sobre-vini-jr\/#primaryimage\",\"url\":\"https:\/\/www.gaveanews.com\/wp-content\/uploads\/vini-jr-real-madrid.webp\",\"contentUrl\":\"https:\/\/www.gaveanews.com\/wp-content\/uploads\/vini-jr-real-madrid.webp\",\"width\":1080,\"height\":607,\"caption\":\"Vini Jr em a\u00e7\u00e3o pelo Real Madrid (Foto: Divulga\u00e7\u00e3o\/Real Madrid)\"},{\"@type\":\"BreadcrumbList\",\"@id\":\"https:\/\/www.gaveanews.com\/index.php\/2024\/11\/26\/real-madrid-emite-nota-oficial-sobre-vini-jr\/#breadcrumb\",\"itemListElement\":[{\"@type\":\"ListItem\",\"position\":1,\"name\":\"Home\",\"item\":\"https:\/\/www.gaveanews.com\/\"},{\"@type\":\"ListItem\",\"position\":2,\"name\":\"Real Madrid emite nota oficial sobre Vini Jr.\"}]},{\"@type\":\"WebSite\",\"@id\":\"https:\/\/www.gaveanews.com\/#website\",\"url\":\"https:\/\/www.gaveanews.com\/\",\"name\":\"G\u00e1vea News\",\"description\":\"Veja todas as not\u00edcias sobre o Flamengo: Contrata\u00e7\u00f5es, categorias de base, resultados das partidas, tabela de classifica\u00e7\u00e3o, pr\u00f3ximos jogos!\",\"potentialAction\":[{\"@type\":\"SearchAction\",\"target\":{\"@type\":\"EntryPoint\",\"urlTemplate\":\"https:\/\/www.gaveanews.com\/?s={search_term_string}\"},\"query-input\":{\"@type\":\"PropertyValueSpecification\",\"valueRequired\":true,\"valueName\":\"search_term_string\"}}],\"inLanguage\":\"pt-BR\"},{\"@type\":\"Person\",\"@id\":\"https:\/\/www.gaveanews.com\/#\/schema\/person\/37122681a8575a5c8db05a56f099a5e4\",\"name\":\"D\u00e9bora Figueiredo\",\"image\":{\"@type\":\"ImageObject\",\"inLanguage\":\"pt-BR\",\"@id\":\"https:\/\/www.gaveanews.com\/#\/schema\/person\/image\/\",\"url\":\"https:\/\/secure.gravatar.com\/avatar\/1f44802859351588499d26f52aed1d15796ce17e67602895b72837c08018868d?s=96&d=mm&r=g\",\"contentUrl\":\"https:\/\/secure.gravatar.com\/avatar\/1f44802859351588499d26f52aed1d15796ce17e67602895b72837c08018868d?s=96&d=mm&r=g\",\"caption\":\"D\u00e9bora Figueiredo\"}}]}<\/script>\n<!-- \/ Yoast SEO Premium plugin. -->","yoast_head_json":{"title":"Real Madrid emite nota oficial sobre Vini Jr.","description":"Real Madrid emite nota oficial sobre Vini Jr.","robots":{"index":"index","follow":"follow","max-snippet":"max-snippet:-1","max-image-preview":"max-image-preview:large","max-video-preview":"max-video-preview:-1"},"canonical":"https:\/\/www.gaveanews.com\/index.php\/2024\/11\/26\/real-madrid-emite-nota-oficial-sobre-vini-jr\/","og_locale":"pt_BR","og_type":"article","og_title":"Real Madrid emite nota oficial sobre Vini Jr.","og_description":"Real Madrid emite nota oficial sobre Vini Jr.","og_url":"https:\/\/www.gaveanews.com\/index.php\/2024\/11\/26\/real-madrid-emite-nota-oficial-sobre-vini-jr\/","og_site_name":"G\u00e1vea News","article_publisher":"https:\/\/facebook.com\/gaveaNews\/","article_published_time":"2024-11-26T19:45:21+00:00","og_image":[{"width":1080,"height":607,"url":"https:\/\/www.gaveanews.com\/wp-content\/uploads\/vini-jr-real-madrid.webp","type":"image\/webp"}],"author":"D\u00e9bora Figueiredo","twitter_card":"summary_large_image","twitter_misc":{"Escrito por":"D\u00e9bora Figueiredo","Est. tempo de leitura":"3 minutos"},"schema":{"@context":"https:\/\/schema.org","@graph":[{"@type":"NewsArticle","@id":"https:\/\/www.gaveanews.com\/index.php\/2024\/11\/26\/real-madrid-emite-nota-oficial-sobre-vini-jr\/#article","isPartOf":{"@id":"https:\/\/www.gaveanews.com\/index.php\/2024\/11\/26\/real-madrid-emite-nota-oficial-sobre-vini-jr\/"},"author":{"name":"D\u00e9bora Figueiredo","@id":"https:\/\/www.gaveanews.com\/#\/schema\/person\/37122681a8575a5c8db05a56f099a5e4"},"headline":"Real Madrid emite nota oficial sobre Vini Jr.","datePublished":"2024-11-26T19:45:21+00:00","mainEntityOfPage":{"@id":"https:\/\/www.gaveanews.com\/index.php\/2024\/11\/26\/real-madrid-emite-nota-oficial-sobre-vini-jr\/"},"wordCount":611,"commentCount":0,"image":{"@id":"https:\/\/www.gaveanews.com\/index.php\/2024\/11\/26\/real-madrid-emite-nota-oficial-sobre-vini-jr\/#primaryimage"},"thumbnailUrl":"https:\/\/www.gaveanews.com\/wp-content\/uploads\/vini-jr-real-madrid.webp","articleSection":["Real Madrid"],"inLanguage":"pt-BR","potentialAction":[{"@type":"CommentAction","name":"Comment","target":["https:\/\/www.gaveanews.com\/index.php\/2024\/11\/26\/real-madrid-emite-nota-oficial-sobre-vini-jr\/#respond"]}],"copyrightYear":"2024","copyrightHolder":{"@id":"https:\/\/www.gaveanews.com\/#organization"}},{"@type":"WebPage","@id":"https:\/\/www.gaveanews.com\/index.php\/2024\/11\/26\/real-madrid-emite-nota-oficial-sobre-vini-jr\/","url":"https:\/\/www.gaveanews.com\/index.php\/2024\/11\/26\/real-madrid-emite-nota-oficial-sobre-vini-jr\/","name":"Real Madrid emite nota oficial sobre Vini Jr.","isPartOf":{"@id":"https:\/\/www.gaveanews.com\/#website"},"primaryImageOfPage":{"@id":"https:\/\/www.gaveanews.com\/index.php\/2024\/11\/26\/real-madrid-emite-nota-oficial-sobre-vini-jr\/#primaryimage"},"image":{"@id":"https:\/\/www.gaveanews.com\/index.php\/2024\/11\/26\/real-madrid-emite-nota-oficial-sobre-vini-jr\/#primaryimage"},"thumbnailUrl":"https:\/\/www.gaveanews.com\/wp-content\/uploads\/vini-jr-real-madrid.webp","datePublished":"2024-11-26T19:45:21+00:00","author":{"@id":"https:\/\/www.gaveanews.com\/#\/schema\/person\/37122681a8575a5c8db05a56f099a5e4"},"description":"Real Madrid emite nota oficial sobre Vini Jr.","breadcrumb":{"@id":"https:\/\/www.gaveanews.com\/index.php\/2024\/11\/26\/real-madrid-emite-nota-oficial-sobre-vini-jr\/#breadcrumb"},"inLanguage":"pt-BR","potentialAction":[{"@type":"ReadAction","target":["https:\/\/www.gaveanews.com\/index.php\/2024\/11\/26\/real-madrid-emite-nota-oficial-sobre-vini-jr\/"]}]},{"@type":"ImageObject","inLanguage":"pt-BR","@id":"https:\/\/www.gaveanews.com\/index.php\/2024\/11\/26\/real-madrid-emite-nota-oficial-sobre-vini-jr\/#primaryimage","url":"https:\/\/www.gaveanews.com\/wp-content\/uploads\/vini-jr-real-madrid.webp","contentUrl":"https:\/\/www.gaveanews.com\/wp-content\/uploads\/vini-jr-real-madrid.webp","width":1080,"height":607,"caption":"Vini Jr em a\u00e7\u00e3o pelo Real Madrid (Foto: Divulga\u00e7\u00e3o\/Real Madrid)"},{"@type":"BreadcrumbList","@id":"https:\/\/www.gaveanews.com\/index.php\/2024\/11\/26\/real-madrid-emite-nota-oficial-sobre-vini-jr\/#breadcrumb","itemListElement":[{"@type":"ListItem","position":1,"name":"Home","item":"https:\/\/www.gaveanews.com\/"},{"@type":"ListItem","position":2,"name":"Real Madrid emite nota oficial sobre Vini Jr."}]},{"@type":"WebSite","@id":"https:\/\/www.gaveanews.com\/#website","url":"https:\/\/www.gaveanews.com\/","name":"G\u00e1vea News","description":"Veja todas as not\u00edcias sobre o Flamengo: Contrata\u00e7\u00f5es, categorias de base, resultados das partidas, tabela de classifica\u00e7\u00e3o, pr\u00f3ximos jogos!","potentialAction":[{"@type":"SearchAction","target":{"@type":"EntryPoint","urlTemplate":"https:\/\/www.gaveanews.com\/?s={search_term_string}"},"query-input":{"@type":"PropertyValueSpecification","valueRequired":true,"valueName":"search_term_string"}}],"inLanguage":"pt-BR"},{"@type":"Person","@id":"https:\/\/www.gaveanews.com\/#\/schema\/person\/37122681a8575a5c8db05a56f099a5e4","name":"D\u00e9bora Figueiredo","image":{"@type":"ImageObject","inLanguage":"pt-BR","@id":"https:\/\/www.gaveanews.com\/#\/schema\/person\/image\/","url":"https:\/\/secure.gravatar.com\/avatar\/1f44802859351588499d26f52aed1d15796ce17e67602895b72837c08018868d?s=96&d=mm&r=g","contentUrl":"https:\/\/secure.gravatar.com\/avatar\/1f44802859351588499d26f52aed1d15796ce17e67602895b72837c08018868d?s=96&d=mm&r=g","caption":"D\u00e9bora Figueiredo"}}]}},"_links":{"self":[{"href":"https:\/\/www.gaveanews.com\/index.php\/wp-json\/wp\/v2\/posts\/190706","targetHints":{"allow":["GET"]}}],"collection":[{"href":"https:\/\/www.gaveanews.com\/index.php\/wp-json\/wp\/v2\/posts"}],"about":[{"href":"https:\/\/www.gaveanews.com\/index.php\/wp-json\/wp\/v2\/types\/post"}],"author":[{"embeddable":true,"href":"https:\/\/www.gaveanews.com\/index.php\/wp-json\/wp\/v2\/users\/16"}],"replies":[{"embeddable":true,"href":"https:\/\/www.gaveanews.com\/index.php\/wp-json\/wp\/v2\/comments?post=190706"}],"version-history":[{"count":2,"href":"https:\/\/www.gaveanews.com\/index.php\/wp-json\/wp\/v2\/posts\/190706\/revisions"}],"predecessor-version":[{"id":190741,"href":"https:\/\/www.gaveanews.com\/index.php\/wp-json\/wp\/v2\/posts\/190706\/revisions\/190741"}],"wp:featuredmedia":[{"embeddable":true,"href":"https:\/\/www.gaveanews.com\/index.php\/wp-json\/wp\/v2\/media\/109282"}],"wp:attachment":[{"href":"https:\/\/www.gaveanews.com\/index.php\/wp-json\/wp\/v2\/media?parent=190706"}],"wp:term":[{"taxonomy":"category","embeddable":true,"href":"https:\/\/www.gaveanews.com\/index.php\/wp-json\/wp\/v2\/categories?post=190706"},{"taxonomy":"post_tag","embeddable":true,"href":"https:\/\/www.gaveanews.com\/index.php\/wp-json\/wp\/v2\/tags?post=190706"}],"curies":[{"name":"wp","href":"https:\/\/api.w.org\/{rel}","templated":true}]}}