{"id":190787,"date":"2024-11-26T19:20:00","date_gmt":"2024-11-26T22:20:00","guid":{"rendered":"https:\/\/www.gaveanews.com\/?p=190787"},"modified":"2024-11-26T18:49:58","modified_gmt":"2024-11-26T21:49:58","slug":"bahia-toma-atitude-envolvendo-rogerio-ceni","status":"publish","type":"post","link":"https:\/\/www.gaveanews.com\/index.php\/2024\/11\/26\/bahia-toma-atitude-envolvendo-rogerio-ceni\/","title":{"rendered":"Bahia toma atitude envolvendo Rog\u00e9rio Ceni"},"content":{"rendered":"\n<p><strong>Rog\u00e9rio Ceni<\/strong>, que atualmente comanda o Bahia, est\u00e1 vendo subir a press\u00e3o com a torcida do Esquadr\u00e3o de A\u00e7o a cada dia que passa por conta de uma sequ\u00eancia de <strong>sete <\/strong>jogos <strong>sem vit\u00f3ria<\/strong> no&nbsp;Campeonato Brasileiro.<\/p>\n\n\n\n<ul class=\"wp-block-list\">\n<li><a href=\"https:\/\/www.gaveanews.com\/index.php\/2024\/01\/04\/proposta-do-bahia-para-everton-ribeiro-tem-diferenca-milionaria-da-proposta-do-flamengo\/\">Proposta do Bahia para Everton Ribeiro tem diferen\u00e7a milion\u00e1ria da proposta do Flamengo<\/a><\/li>\n\n\n\n<li><a href=\"https:\/\/www.gaveanews.com\/index.php\/2024\/11\/24\/atletico-mg-tenta-cobrir-proposta-do-bahia-por-everson\/\">Atl\u00e9tico-MG tenta cobrir proposta do Bahia por Everson<\/a><\/li>\n<\/ul>\n\n\n\n<h2 class=\"wp-block-heading\" id=\"h-a-demissao-do-treinador-nao-esta-em-pauta\">A demiss\u00e3o do treinador n\u00e3o est\u00e1 em pauta<\/h2>\n\n\n\n<p>Al\u00e9m de estarem faltando somente tr\u00eas rodadas para o fim da S\u00e9rie A, a demiss\u00e3o do treinador n\u00e3o est\u00e1 em pauta no Grupo City, o atual dono da SAF tricolor. Um dos motivos apresentados para isso foi citado por Raul Aguirre, o CEO da SAF do clube, logo em uma participa\u00e7\u00e3o no Summit CBF Academy.<\/p>\n\n\n\n<p>No evento promovido pela Confedera\u00e7\u00e3o Brasileira de Futebol (CBF), em S\u00e3o Paulo. O dirigente Raul Aguirre citou a \u201ctoler\u00e2ncia com maus resultados\u201d que acontecem no projeto do City para o Bahia.<\/p>\n\n\n\n<h2 class=\"wp-block-heading\" id=\"h-por-que-rogerio-ceni-ainda-segue-no-comando\">Por que Rog\u00e9rio Ceni ainda segue no comando<\/h2>\n\n\n\n<p>Inclusive, o porqu\u00ea de Rog\u00e9rio Ceni ainda seguir no comando, apesar de existir toda uma press\u00e3o crescente das arquibancadas.<\/p>\n\n\n\n<p>Com isso, foi conclu\u00eddo que um dos pontos que d\u00e1 maior respaldo ao treinador \u00e9 estar atualmente na <strong>oitava coloca\u00e7\u00e3o<\/strong> na classifica\u00e7\u00e3o do Campeonato Brasileiro.<\/p>\n\n\n\n<p>Al\u00e9m disso, o clube atualmente soma <strong>47<\/strong>&nbsp;pontos ap\u00f3s <strong>35<\/strong> jogos, e est\u00e1 brigando por uma vaga na&nbsp;<strong>CONMEBOL Libertadores<\/strong>.<\/p>\n\n\n\n<p>Onde se tem o&nbsp;<strong>Cruzeiro<\/strong>, como seu rival, da tabela, que hoje est\u00e1 fechando o <strong>G-7<\/strong>, mas ainda assim tem os mesmos <strong>47 <\/strong>pontos, por\u00e9m com uma partida a menos.<\/p>\n\n\n\n<h2 class=\"wp-block-heading\" id=\"h-planejamento-no-inicio-da-temporada\">Planejamento no in\u00edcio da temporada<\/h2>\n\n\n\n<p>No entanto, o Bahia e o Grupo City est\u00e3o analisando qual ser\u00e1 o planejamento para o clube no in\u00edcio da temporada de 2025.<\/p>\n\n\n\n<p>O atual desempenho para continuar no Campeonato Brasileiro da S\u00e9rie A est\u00e1 acima das expectativas para o ano do clube.<\/p>\n\n\n\n<h2 class=\"wp-block-heading\" id=\"h-dificil-dizer-que-o-treinador-esta-tranquilo-no-cargo\">Dif\u00edcil dizer que o treinador est\u00e1 tranquilo no cargo<\/h2>\n\n\n\n<p>Mesmo que a avalia\u00e7\u00e3o, portanto, ainda \u00e9 positiva para Rogerio Ceni, o Bahia tamb\u00e9m sabe que \u00e9 bem dif\u00edcil dizer que o treinador est\u00e1 \u201ctranquilo\u201d no cargo.<\/p>\n\n\n\n<p>Pois est\u00e1 diante de um tamanho bem extenso de per\u00edodo sem vit\u00f3rias. Mas segundo ouviu a reportagem de uma fonte, n\u00e3o h\u00e1 discuss\u00e3o sobre mudan\u00e7a.<\/p>\n\n\n\n<h2 class=\"wp-block-heading\" id=\"h-como-sera-os-ultimos-tres-compromissos-do-bahia\">Como ser\u00e1 os \u00faltimos tr\u00eas compromissos do Bahia?<\/h2>\n\n\n\n<p>Confira como est\u00e1 a situa\u00e7\u00e3o da equipe do Bahia nos seus \u00faltimos tr\u00eas compromissos que ainda restam no Campeonato Brasileiro:<\/p>\n\n\n\n<ul class=\"wp-block-list\">\n<li>O Bahia visitar\u00e1 o&nbsp;<strong>Cuiab\u00e1,<\/strong>&nbsp;podendo assim rebaixar o rival para a&nbsp;<strong>S\u00e9rie B,<\/strong> mas ainda assim sendo na casa do Dourado Auriverde da Baixada;<\/li>\n\n\n\n<li>Al\u00e9m disso, o Esquadr\u00e3o de A\u00e7o tamb\u00e9m encarar\u00e1 o&nbsp;<strong>Corinthians<\/strong>, <strong>rival direto pela Libertadores<\/strong>, em S\u00e3o Paulo;<\/li>\n\n\n\n<li>E para fechar a campanha do Tricolor Baiano em sua casa, ser\u00e1 ent\u00e3o contra o&nbsp;<strong>Atl\u00e9tico-GO<\/strong>, clube que inclusive <strong>j\u00e1 caiu<\/strong>.<\/li>\n<\/ul>\n\n\n\n<h2 class=\"wp-block-heading\">Pr\u00f3ximos jogos do Bahia:<\/h2>\n\n\n\n<ul class=\"wp-block-list\">\n<li>Cuiab\u00e1&nbsp;(fora de casa): 30\/11, 19h30 (hor\u00e1rio de Bras\u00edlia) &#8211;&nbsp;Brasileir\u00e3o<\/li>\n\n\n\n<li>Corinthians&nbsp;(fora de casa): 03\/12, 20h (hor\u00e1rio de Bras\u00edlia) &#8211;&nbsp;Brasileir\u00e3o<\/li>\n\n\n\n<li>Atl\u00e9tico-GO&nbsp;(em casa): 08\/12, 16h (hor\u00e1rio de Bras\u00edlia) &#8211;&nbsp;Brasileir\u00e3o<\/li>\n<\/ul>\n","protected":false},"excerpt":{"rendered":"<p>Rog\u00e9rio Ceni, que atualmente comanda o Bahia, est\u00e1 vendo subir a press\u00e3o com a torcida do Esquadr\u00e3o de A\u00e7o a cada dia que passa por conta de uma sequ\u00eancia de sete jogos sem vit\u00f3ria no&nbsp;Campeonato Brasileiro. A demiss\u00e3o do treinador n\u00e3o est\u00e1 em pauta Al\u00e9m de estarem faltando somente tr\u00eas rodadas para o fim da [&hellip;]<\/p>\n","protected":false},"author":22,"featured_media":148504,"comment_status":"open","ping_status":"closed","sticky":false,"template":"","format":"standard","meta":{"footnotes":""},"categories":[137],"tags":[],"class_list":["post-190787","post","type-post","status-publish","format-standard","has-post-thumbnail","hentry","category-bahia"],"yoast_head":"<!-- This site is optimized with the Yoast SEO Premium plugin v24.2 (Yoast SEO v26.9) - https:\/\/yoast.com\/product\/yoast-seo-premium-wordpress\/ -->\n<title>Bahia toma atitude envolvendo Rog\u00e9rio Ceni<\/title>\n<meta name=\"robots\" content=\"index, follow, max-snippet:-1, max-image-preview:large, max-video-preview:-1\" \/>\n<link rel=\"canonical\" href=\"https:\/\/www.gaveanews.com\/index.php\/2024\/11\/26\/bahia-toma-atitude-envolvendo-rogerio-ceni\/\" \/>\n<meta property=\"og:locale\" content=\"pt_BR\" \/>\n<meta property=\"og:type\" content=\"article\" \/>\n<meta property=\"og:title\" content=\"Bahia toma atitude envolvendo Rog\u00e9rio Ceni\" \/>\n<meta property=\"og:description\" content=\"Rog\u00e9rio Ceni, que atualmente comanda o Bahia, est\u00e1 vendo subir a press\u00e3o com a torcida do Esquadr\u00e3o de A\u00e7o a cada dia que passa por conta de uma sequ\u00eancia de sete jogos sem vit\u00f3ria no&nbsp;Campeonato Brasileiro. A demiss\u00e3o do treinador n\u00e3o est\u00e1 em pauta Al\u00e9m de estarem faltando somente tr\u00eas rodadas para o fim da [&hellip;]\" \/>\n<meta property=\"og:url\" content=\"https:\/\/www.gaveanews.com\/index.php\/2024\/11\/26\/bahia-toma-atitude-envolvendo-rogerio-ceni\/\" \/>\n<meta property=\"og:site_name\" content=\"G\u00e1vea News\" \/>\n<meta property=\"article:publisher\" content=\"https:\/\/facebook.com\/gaveaNews\/\" \/>\n<meta property=\"article:published_time\" content=\"2024-11-26T22:20:00+00:00\" \/>\n<meta property=\"og:image\" content=\"https:\/\/www.gaveanews.com\/wp-content\/uploads\/Rogerio-Ceni-tecnico-do-Bahia-em-entrevista-coletiva-apos-o-classico-contra-o-Vitoria.webp\" \/>\n\t<meta property=\"og:image:width\" content=\"874\" \/>\n\t<meta property=\"og:image:height\" content=\"463\" \/>\n\t<meta property=\"og:image:type\" content=\"image\/webp\" \/>\n<meta name=\"author\" content=\"Emilly Lima\" \/>\n<meta name=\"twitter:card\" content=\"summary_large_image\" \/>\n<meta name=\"twitter:label1\" content=\"Escrito por\" \/>\n\t<meta name=\"twitter:data1\" content=\"Emilly Lima\" \/>\n\t<meta name=\"twitter:label2\" content=\"Est. tempo de leitura\" \/>\n\t<meta name=\"twitter:data2\" content=\"3 minutos\" \/>\n<script type=\"application\/ld+json\" class=\"yoast-schema-graph\">{\"@context\":\"https:\/\/schema.org\",\"@graph\":[{\"@type\":\"NewsArticle\",\"@id\":\"https:\/\/www.gaveanews.com\/index.php\/2024\/11\/26\/bahia-toma-atitude-envolvendo-rogerio-ceni\/#article\",\"isPartOf\":{\"@id\":\"https:\/\/www.gaveanews.com\/index.php\/2024\/11\/26\/bahia-toma-atitude-envolvendo-rogerio-ceni\/\"},\"author\":{\"name\":\"Emilly Lima\",\"@id\":\"https:\/\/www.gaveanews.com\/#\/schema\/person\/8597dbe3f4d8513dd20048ce95a1895b\"},\"headline\":\"Bahia toma atitude envolvendo Rog\u00e9rio Ceni\",\"datePublished\":\"2024-11-26T22:20:00+00:00\",\"mainEntityOfPage\":{\"@id\":\"https:\/\/www.gaveanews.com\/index.php\/2024\/11\/26\/bahia-toma-atitude-envolvendo-rogerio-ceni\/\"},\"wordCount\":566,\"commentCount\":0,\"image\":{\"@id\":\"https:\/\/www.gaveanews.com\/index.php\/2024\/11\/26\/bahia-toma-atitude-envolvendo-rogerio-ceni\/#primaryimage\"},\"thumbnailUrl\":\"https:\/\/www.gaveanews.com\/wp-content\/uploads\/Rogerio-Ceni-tecnico-do-Bahia-em-entrevista-coletiva-apos-o-classico-contra-o-Vitoria.webp\",\"articleSection\":[\"Bahia\"],\"inLanguage\":\"pt-BR\",\"potentialAction\":[{\"@type\":\"CommentAction\",\"name\":\"Comment\",\"target\":[\"https:\/\/www.gaveanews.com\/index.php\/2024\/11\/26\/bahia-toma-atitude-envolvendo-rogerio-ceni\/#respond\"]}],\"copyrightYear\":\"2024\",\"copyrightHolder\":{\"@id\":\"https:\/\/www.gaveanews.com\/#organization\"}},{\"@type\":\"WebPage\",\"@id\":\"https:\/\/www.gaveanews.com\/index.php\/2024\/11\/26\/bahia-toma-atitude-envolvendo-rogerio-ceni\/\",\"url\":\"https:\/\/www.gaveanews.com\/index.php\/2024\/11\/26\/bahia-toma-atitude-envolvendo-rogerio-ceni\/\",\"name\":\"Bahia toma atitude envolvendo Rog\u00e9rio Ceni\",\"isPartOf\":{\"@id\":\"https:\/\/www.gaveanews.com\/#website\"},\"primaryImageOfPage\":{\"@id\":\"https:\/\/www.gaveanews.com\/index.php\/2024\/11\/26\/bahia-toma-atitude-envolvendo-rogerio-ceni\/#primaryimage\"},\"image\":{\"@id\":\"https:\/\/www.gaveanews.com\/index.php\/2024\/11\/26\/bahia-toma-atitude-envolvendo-rogerio-ceni\/#primaryimage\"},\"thumbnailUrl\":\"https:\/\/www.gaveanews.com\/wp-content\/uploads\/Rogerio-Ceni-tecnico-do-Bahia-em-entrevista-coletiva-apos-o-classico-contra-o-Vitoria.webp\",\"datePublished\":\"2024-11-26T22:20:00+00:00\",\"author\":{\"@id\":\"https:\/\/www.gaveanews.com\/#\/schema\/person\/8597dbe3f4d8513dd20048ce95a1895b\"},\"breadcrumb\":{\"@id\":\"https:\/\/www.gaveanews.com\/index.php\/2024\/11\/26\/bahia-toma-atitude-envolvendo-rogerio-ceni\/#breadcrumb\"},\"inLanguage\":\"pt-BR\",\"potentialAction\":[{\"@type\":\"ReadAction\",\"target\":[\"https:\/\/www.gaveanews.com\/index.php\/2024\/11\/26\/bahia-toma-atitude-envolvendo-rogerio-ceni\/\"]}]},{\"@type\":\"ImageObject\",\"inLanguage\":\"pt-BR\",\"@id\":\"https:\/\/www.gaveanews.com\/index.php\/2024\/11\/26\/bahia-toma-atitude-envolvendo-rogerio-ceni\/#primaryimage\",\"url\":\"https:\/\/www.gaveanews.com\/wp-content\/uploads\/Rogerio-Ceni-tecnico-do-Bahia-em-entrevista-coletiva-apos-o-classico-contra-o-Vitoria.webp\",\"contentUrl\":\"https:\/\/www.gaveanews.com\/wp-content\/uploads\/Rogerio-Ceni-tecnico-do-Bahia-em-entrevista-coletiva-apos-o-classico-contra-o-Vitoria.webp\",\"width\":874,\"height\":463,\"caption\":\"Rog\u00e9rio Ceni - Foto: Let\u00edcia Martins \/ EC Bahia\"},{\"@type\":\"BreadcrumbList\",\"@id\":\"https:\/\/www.gaveanews.com\/index.php\/2024\/11\/26\/bahia-toma-atitude-envolvendo-rogerio-ceni\/#breadcrumb\",\"itemListElement\":[{\"@type\":\"ListItem\",\"position\":1,\"name\":\"Home\",\"item\":\"https:\/\/www.gaveanews.com\/\"},{\"@type\":\"ListItem\",\"position\":2,\"name\":\"Bahia toma atitude envolvendo Rog\u00e9rio Ceni\"}]},{\"@type\":\"WebSite\",\"@id\":\"https:\/\/www.gaveanews.com\/#website\",\"url\":\"https:\/\/www.gaveanews.com\/\",\"name\":\"G\u00e1vea News\",\"description\":\"Veja todas as not\u00edcias sobre o Flamengo: Contrata\u00e7\u00f5es, categorias de base, resultados das partidas, tabela de classifica\u00e7\u00e3o, pr\u00f3ximos jogos!\",\"potentialAction\":[{\"@type\":\"SearchAction\",\"target\":{\"@type\":\"EntryPoint\",\"urlTemplate\":\"https:\/\/www.gaveanews.com\/?s={search_term_string}\"},\"query-input\":{\"@type\":\"PropertyValueSpecification\",\"valueRequired\":true,\"valueName\":\"search_term_string\"}}],\"inLanguage\":\"pt-BR\"},{\"@type\":\"Person\",\"@id\":\"https:\/\/www.gaveanews.com\/#\/schema\/person\/8597dbe3f4d8513dd20048ce95a1895b\",\"name\":\"Emilly Lima\",\"image\":{\"@type\":\"ImageObject\",\"inLanguage\":\"pt-BR\",\"@id\":\"https:\/\/www.gaveanews.com\/#\/schema\/person\/image\/\",\"url\":\"https:\/\/secure.gravatar.com\/avatar\/ddb4d0548bae01de3cb52e0fe30386754e9c41797565aa0a5bf4440ab4f7c0be?s=96&d=mm&r=g\",\"contentUrl\":\"https:\/\/secure.gravatar.com\/avatar\/ddb4d0548bae01de3cb52e0fe30386754e9c41797565aa0a5bf4440ab4f7c0be?s=96&d=mm&r=g\",\"caption\":\"Emilly Lima\"}}]}<\/script>\n<!-- \/ Yoast SEO Premium plugin. -->","yoast_head_json":{"title":"Bahia toma atitude envolvendo Rog\u00e9rio Ceni","robots":{"index":"index","follow":"follow","max-snippet":"max-snippet:-1","max-image-preview":"max-image-preview:large","max-video-preview":"max-video-preview:-1"},"canonical":"https:\/\/www.gaveanews.com\/index.php\/2024\/11\/26\/bahia-toma-atitude-envolvendo-rogerio-ceni\/","og_locale":"pt_BR","og_type":"article","og_title":"Bahia toma atitude envolvendo Rog\u00e9rio Ceni","og_description":"Rog\u00e9rio Ceni, que atualmente comanda o Bahia, est\u00e1 vendo subir a press\u00e3o com a torcida do Esquadr\u00e3o de A\u00e7o a cada dia que passa por conta de uma sequ\u00eancia de sete jogos sem vit\u00f3ria no&nbsp;Campeonato Brasileiro. A demiss\u00e3o do treinador n\u00e3o est\u00e1 em pauta Al\u00e9m de estarem faltando somente tr\u00eas rodadas para o fim da [&hellip;]","og_url":"https:\/\/www.gaveanews.com\/index.php\/2024\/11\/26\/bahia-toma-atitude-envolvendo-rogerio-ceni\/","og_site_name":"G\u00e1vea News","article_publisher":"https:\/\/facebook.com\/gaveaNews\/","article_published_time":"2024-11-26T22:20:00+00:00","og_image":[{"width":874,"height":463,"url":"https:\/\/www.gaveanews.com\/wp-content\/uploads\/Rogerio-Ceni-tecnico-do-Bahia-em-entrevista-coletiva-apos-o-classico-contra-o-Vitoria.webp","type":"image\/webp"}],"author":"Emilly Lima","twitter_card":"summary_large_image","twitter_misc":{"Escrito por":"Emilly Lima","Est. tempo de leitura":"3 minutos"},"schema":{"@context":"https:\/\/schema.org","@graph":[{"@type":"NewsArticle","@id":"https:\/\/www.gaveanews.com\/index.php\/2024\/11\/26\/bahia-toma-atitude-envolvendo-rogerio-ceni\/#article","isPartOf":{"@id":"https:\/\/www.gaveanews.com\/index.php\/2024\/11\/26\/bahia-toma-atitude-envolvendo-rogerio-ceni\/"},"author":{"name":"Emilly Lima","@id":"https:\/\/www.gaveanews.com\/#\/schema\/person\/8597dbe3f4d8513dd20048ce95a1895b"},"headline":"Bahia toma atitude envolvendo Rog\u00e9rio Ceni","datePublished":"2024-11-26T22:20:00+00:00","mainEntityOfPage":{"@id":"https:\/\/www.gaveanews.com\/index.php\/2024\/11\/26\/bahia-toma-atitude-envolvendo-rogerio-ceni\/"},"wordCount":566,"commentCount":0,"image":{"@id":"https:\/\/www.gaveanews.com\/index.php\/2024\/11\/26\/bahia-toma-atitude-envolvendo-rogerio-ceni\/#primaryimage"},"thumbnailUrl":"https:\/\/www.gaveanews.com\/wp-content\/uploads\/Rogerio-Ceni-tecnico-do-Bahia-em-entrevista-coletiva-apos-o-classico-contra-o-Vitoria.webp","articleSection":["Bahia"],"inLanguage":"pt-BR","potentialAction":[{"@type":"CommentAction","name":"Comment","target":["https:\/\/www.gaveanews.com\/index.php\/2024\/11\/26\/bahia-toma-atitude-envolvendo-rogerio-ceni\/#respond"]}],"copyrightYear":"2024","copyrightHolder":{"@id":"https:\/\/www.gaveanews.com\/#organization"}},{"@type":"WebPage","@id":"https:\/\/www.gaveanews.com\/index.php\/2024\/11\/26\/bahia-toma-atitude-envolvendo-rogerio-ceni\/","url":"https:\/\/www.gaveanews.com\/index.php\/2024\/11\/26\/bahia-toma-atitude-envolvendo-rogerio-ceni\/","name":"Bahia toma atitude envolvendo Rog\u00e9rio Ceni","isPartOf":{"@id":"https:\/\/www.gaveanews.com\/#website"},"primaryImageOfPage":{"@id":"https:\/\/www.gaveanews.com\/index.php\/2024\/11\/26\/bahia-toma-atitude-envolvendo-rogerio-ceni\/#primaryimage"},"image":{"@id":"https:\/\/www.gaveanews.com\/index.php\/2024\/11\/26\/bahia-toma-atitude-envolvendo-rogerio-ceni\/#primaryimage"},"thumbnailUrl":"https:\/\/www.gaveanews.com\/wp-content\/uploads\/Rogerio-Ceni-tecnico-do-Bahia-em-entrevista-coletiva-apos-o-classico-contra-o-Vitoria.webp","datePublished":"2024-11-26T22:20:00+00:00","author":{"@id":"https:\/\/www.gaveanews.com\/#\/schema\/person\/8597dbe3f4d8513dd20048ce95a1895b"},"breadcrumb":{"@id":"https:\/\/www.gaveanews.com\/index.php\/2024\/11\/26\/bahia-toma-atitude-envolvendo-rogerio-ceni\/#breadcrumb"},"inLanguage":"pt-BR","potentialAction":[{"@type":"ReadAction","target":["https:\/\/www.gaveanews.com\/index.php\/2024\/11\/26\/bahia-toma-atitude-envolvendo-rogerio-ceni\/"]}]},{"@type":"ImageObject","inLanguage":"pt-BR","@id":"https:\/\/www.gaveanews.com\/index.php\/2024\/11\/26\/bahia-toma-atitude-envolvendo-rogerio-ceni\/#primaryimage","url":"https:\/\/www.gaveanews.com\/wp-content\/uploads\/Rogerio-Ceni-tecnico-do-Bahia-em-entrevista-coletiva-apos-o-classico-contra-o-Vitoria.webp","contentUrl":"https:\/\/www.gaveanews.com\/wp-content\/uploads\/Rogerio-Ceni-tecnico-do-Bahia-em-entrevista-coletiva-apos-o-classico-contra-o-Vitoria.webp","width":874,"height":463,"caption":"Rog\u00e9rio Ceni - Foto: Let\u00edcia Martins \/ EC Bahia"},{"@type":"BreadcrumbList","@id":"https:\/\/www.gaveanews.com\/index.php\/2024\/11\/26\/bahia-toma-atitude-envolvendo-rogerio-ceni\/#breadcrumb","itemListElement":[{"@type":"ListItem","position":1,"name":"Home","item":"https:\/\/www.gaveanews.com\/"},{"@type":"ListItem","position":2,"name":"Bahia toma atitude envolvendo Rog\u00e9rio Ceni"}]},{"@type":"WebSite","@id":"https:\/\/www.gaveanews.com\/#website","url":"https:\/\/www.gaveanews.com\/","name":"G\u00e1vea News","description":"Veja todas as not\u00edcias sobre o Flamengo: Contrata\u00e7\u00f5es, categorias de base, resultados das partidas, tabela de classifica\u00e7\u00e3o, pr\u00f3ximos jogos!","potentialAction":[{"@type":"SearchAction","target":{"@type":"EntryPoint","urlTemplate":"https:\/\/www.gaveanews.com\/?s={search_term_string}"},"query-input":{"@type":"PropertyValueSpecification","valueRequired":true,"valueName":"search_term_string"}}],"inLanguage":"pt-BR"},{"@type":"Person","@id":"https:\/\/www.gaveanews.com\/#\/schema\/person\/8597dbe3f4d8513dd20048ce95a1895b","name":"Emilly Lima","image":{"@type":"ImageObject","inLanguage":"pt-BR","@id":"https:\/\/www.gaveanews.com\/#\/schema\/person\/image\/","url":"https:\/\/secure.gravatar.com\/avatar\/ddb4d0548bae01de3cb52e0fe30386754e9c41797565aa0a5bf4440ab4f7c0be?s=96&d=mm&r=g","contentUrl":"https:\/\/secure.gravatar.com\/avatar\/ddb4d0548bae01de3cb52e0fe30386754e9c41797565aa0a5bf4440ab4f7c0be?s=96&d=mm&r=g","caption":"Emilly Lima"}}]}},"_links":{"self":[{"href":"https:\/\/www.gaveanews.com\/index.php\/wp-json\/wp\/v2\/posts\/190787","targetHints":{"allow":["GET"]}}],"collection":[{"href":"https:\/\/www.gaveanews.com\/index.php\/wp-json\/wp\/v2\/posts"}],"about":[{"href":"https:\/\/www.gaveanews.com\/index.php\/wp-json\/wp\/v2\/types\/post"}],"author":[{"embeddable":true,"href":"https:\/\/www.gaveanews.com\/index.php\/wp-json\/wp\/v2\/users\/22"}],"replies":[{"embeddable":true,"href":"https:\/\/www.gaveanews.com\/index.php\/wp-json\/wp\/v2\/comments?post=190787"}],"version-history":[{"count":2,"href":"https:\/\/www.gaveanews.com\/index.php\/wp-json\/wp\/v2\/posts\/190787\/revisions"}],"predecessor-version":[{"id":190818,"href":"https:\/\/www.gaveanews.com\/index.php\/wp-json\/wp\/v2\/posts\/190787\/revisions\/190818"}],"wp:featuredmedia":[{"embeddable":true,"href":"https:\/\/www.gaveanews.com\/index.php\/wp-json\/wp\/v2\/media\/148504"}],"wp:attachment":[{"href":"https:\/\/www.gaveanews.com\/index.php\/wp-json\/wp\/v2\/media?parent=190787"}],"wp:term":[{"taxonomy":"category","embeddable":true,"href":"https:\/\/www.gaveanews.com\/index.php\/wp-json\/wp\/v2\/categories?post=190787"},{"taxonomy":"post_tag","embeddable":true,"href":"https:\/\/www.gaveanews.com\/index.php\/wp-json\/wp\/v2\/tags?post=190787"}],"curies":[{"name":"wp","href":"https:\/\/api.w.org\/{rel}","templated":true}]}}