{"id":190971,"date":"2024-11-26T22:40:00","date_gmt":"2024-11-27T01:40:00","guid":{"rendered":"https:\/\/www.gaveanews.com\/?p=190971"},"modified":"2024-11-26T22:34:57","modified_gmt":"2024-11-27T01:34:57","slug":"fortaleza-x-flamengo-a-declaracao-de-titi-sobre-o-jogo","status":"publish","type":"post","link":"https:\/\/www.gaveanews.com\/index.php\/2024\/11\/26\/fortaleza-x-flamengo-a-declaracao-de-titi-sobre-o-jogo\/","title":{"rendered":"Fortaleza x Flamengo: a declara\u00e7\u00e3o de Titi sobre o jogo"},"content":{"rendered":"\n<p>Fortaleza e Flamengo ficaram no empate sem gols nesta ter\u00e7a-feira, na Arena Castel\u00e3o, pela 35\u00aa rodada do Campeonato Brasileiro. Em um confronto direto entre equipes da parte de cima da tabela, o Tricolor teve boas chances, mas n\u00e3o conseguiu superar o sistema defensivo rubro-negro.<\/p>\n\n\n\n<ul class=\"wp-block-list\">\n<li><strong><a href=\"https:\/\/www.gaveanews.com\/index.php\/2024\/11\/26\/andre-loffredo-aponta-os-dois-melhores-times-do-brasil\/?utm_source=terra_capa_parceiros&amp;utm_medium=referral\">Andr\u00e9 Loffredo aponta os dois melhores times do Brasil<\/a><\/strong><\/li>\n\n\n\n<li><strong><a href=\"https:\/\/www.gaveanews.com\/index.php\/2024\/11\/26\/fortaleza-x-flamengo-vene-casagrande-faz-previsao-sobre-a-partida\/?utm_source=terra_capa_parceiros&amp;utm_medium=referral\">Fortaleza x Flamengo: Ven\u00ea Casagrande faz previs\u00e3o sobre a partida<\/a><\/strong><\/li>\n<\/ul>\n\n\n\n<p>Ap\u00f3s a partida, o zagueiro Titi destacou o equil\u00edbrio do duelo e valorizou o ponto conquistado em casa. &#8216;Na verdade, foi um confronto de duas grandes equipes buscando a parte de cima da tabela. Mostrou por que o Fortaleza briga na parte de cima, mostrou que nosso campo \u00e9 muito forte. Quer\u00edamos sair com os tr\u00eas pontos, era nosso objetivo, mas celebramos o ponto conquistado&#8217;, avaliou o defensor.<\/p>\n\n\n\n<p>Titi tamb\u00e9m elogiou a campanha do Fortaleza na temporada, refor\u00e7ando o crescimento do clube nos \u00faltimos anos. &#8216;Enfrentamos a grande equipe que \u00e9 o Flamengo, todo mundo de parab\u00e9ns pelo desempenho, o ano que temos constru\u00eddo juntos. Tenho certeza de que continuaremos brigando por cima da tabela, alegra os jogadores, o clube e a torcida que veio. O Fortaleza vem mostrando ano a ano&#8217;, completou.<\/p>\n\n\n\n<p>O empate manteve o Fortaleza entre os principais times do Brasileir\u00e3o, mas o resultado refor\u00e7a a necessidade de vit\u00f3ria nos \u00faltimos jogos para garantir uma vaga direta na Libertadores de 2025. Apesar de n\u00e3o depender apenas de si para brigar pelo t\u00edtulo, o Tricolor segue focado em encerrar o campeonato no G-4.<\/p>\n\n\n\n<p>Com pouco tempo de descanso, o Fortaleza j\u00e1 vira suas aten\u00e7\u00f5es para o duelo contra o Vit\u00f3ria, neste domingo, \u00e0s 18h30, no Barrad\u00e3o. A partida \u00e9 fundamental para manter o time na zona de classifica\u00e7\u00e3o direta \u00e0 Libertadores.<\/p>\n\n\n\n<p>&#8216;Voltamos todas as aten\u00e7\u00f5es para o Vit\u00f3ria, confronto dif\u00edcil, estaremos preparados. Temos poucos dias para recuperar, a for\u00e7a do grupo entrar\u00e1 em campo, vamos buscar os tr\u00eas pontos, que s\u00e3o o principal objetivo&#8217;, concluiu Titi. O Tricolor de A\u00e7o encara as \u00faltimas rodadas do Brasileir\u00e3o com a confian\u00e7a de continuar fazendo hist\u00f3ria na competi\u00e7\u00e3o.<\/p>\n","protected":false},"excerpt":{"rendered":"<p>Fortaleza e Flamengo ficaram no empate sem gols nesta ter\u00e7a-feira, na Arena Castel\u00e3o, pela 35\u00aa rodada do Campeonato Brasileiro. Em um confronto direto entre equipes da parte de cima da tabela, o Tricolor teve boas chances, mas n\u00e3o conseguiu superar o sistema defensivo rubro-negro. Ap\u00f3s a partida, o zagueiro Titi destacou o equil\u00edbrio do duelo [&hellip;]<\/p>\n","protected":false},"author":23,"featured_media":166416,"comment_status":"open","ping_status":"closed","sticky":false,"template":"","format":"standard","meta":{"footnotes":""},"categories":[1,146],"tags":[],"class_list":["post-190971","post","type-post","status-publish","format-standard","has-post-thumbnail","hentry","category-flamengo","category-fortaleza"],"yoast_head":"<!-- This site is optimized with the Yoast SEO Premium plugin v24.2 (Yoast SEO v26.9) - https:\/\/yoast.com\/product\/yoast-seo-premium-wordpress\/ -->\n<title>Fortaleza x Flamengo: a declara\u00e7\u00e3o de Titi sobre o jogo<\/title>\n<meta name=\"robots\" content=\"index, follow, max-snippet:-1, max-image-preview:large, max-video-preview:-1\" \/>\n<link rel=\"canonical\" href=\"https:\/\/www.gaveanews.com\/index.php\/2024\/11\/26\/fortaleza-x-flamengo-a-declaracao-de-titi-sobre-o-jogo\/\" \/>\n<meta property=\"og:locale\" content=\"pt_BR\" \/>\n<meta property=\"og:type\" content=\"article\" \/>\n<meta property=\"og:title\" content=\"Fortaleza x Flamengo: a declara\u00e7\u00e3o de Titi sobre o jogo\" \/>\n<meta property=\"og:description\" content=\"Fortaleza e Flamengo ficaram no empate sem gols nesta ter\u00e7a-feira, na Arena Castel\u00e3o, pela 35\u00aa rodada do Campeonato Brasileiro. Em um confronto direto entre equipes da parte de cima da tabela, o Tricolor teve boas chances, mas n\u00e3o conseguiu superar o sistema defensivo rubro-negro. Ap\u00f3s a partida, o zagueiro Titi destacou o equil\u00edbrio do duelo [&hellip;]\" \/>\n<meta property=\"og:url\" content=\"https:\/\/www.gaveanews.com\/index.php\/2024\/11\/26\/fortaleza-x-flamengo-a-declaracao-de-titi-sobre-o-jogo\/\" \/>\n<meta property=\"og:site_name\" content=\"G\u00e1vea News\" \/>\n<meta property=\"article:publisher\" content=\"https:\/\/facebook.com\/gaveaNews\/\" \/>\n<meta property=\"article:published_time\" content=\"2024-11-27T01:40:00+00:00\" \/>\n<meta property=\"og:image\" content=\"https:\/\/www.gaveanews.com\/wp-content\/uploads\/Titi-zagueiro-do-Fortaleza.webp\" \/>\n\t<meta property=\"og:image:width\" content=\"1024\" \/>\n\t<meta property=\"og:image:height\" content=\"576\" \/>\n\t<meta property=\"og:image:type\" content=\"image\/jpeg\" \/>\n<meta name=\"author\" content=\"Leandro Azevedo\" \/>\n<meta name=\"twitter:card\" content=\"summary_large_image\" \/>\n<meta name=\"twitter:label1\" content=\"Escrito por\" \/>\n\t<meta name=\"twitter:data1\" content=\"Leandro Azevedo\" \/>\n\t<meta name=\"twitter:label2\" content=\"Est. tempo de leitura\" \/>\n\t<meta name=\"twitter:data2\" content=\"3 minutos\" \/>\n<script type=\"application\/ld+json\" class=\"yoast-schema-graph\">{\"@context\":\"https:\/\/schema.org\",\"@graph\":[{\"@type\":\"NewsArticle\",\"@id\":\"https:\/\/www.gaveanews.com\/index.php\/2024\/11\/26\/fortaleza-x-flamengo-a-declaracao-de-titi-sobre-o-jogo\/#article\",\"isPartOf\":{\"@id\":\"https:\/\/www.gaveanews.com\/index.php\/2024\/11\/26\/fortaleza-x-flamengo-a-declaracao-de-titi-sobre-o-jogo\/\"},\"author\":{\"name\":\"Leandro Azevedo\",\"@id\":\"https:\/\/www.gaveanews.com\/#\/schema\/person\/2877169f354c4596cf5aab74ea7c56a8\"},\"headline\":\"Fortaleza x Flamengo: a declara\u00e7\u00e3o de Titi sobre o jogo\",\"datePublished\":\"2024-11-27T01:40:00+00:00\",\"mainEntityOfPage\":{\"@id\":\"https:\/\/www.gaveanews.com\/index.php\/2024\/11\/26\/fortaleza-x-flamengo-a-declaracao-de-titi-sobre-o-jogo\/\"},\"wordCount\":377,\"commentCount\":0,\"image\":{\"@id\":\"https:\/\/www.gaveanews.com\/index.php\/2024\/11\/26\/fortaleza-x-flamengo-a-declaracao-de-titi-sobre-o-jogo\/#primaryimage\"},\"thumbnailUrl\":\"https:\/\/www.gaveanews.com\/wp-content\/uploads\/Titi-zagueiro-do-Fortaleza.webp\",\"articleSection\":[\"Flamengo\",\"Fortaleza\"],\"inLanguage\":\"pt-BR\",\"potentialAction\":[{\"@type\":\"CommentAction\",\"name\":\"Comment\",\"target\":[\"https:\/\/www.gaveanews.com\/index.php\/2024\/11\/26\/fortaleza-x-flamengo-a-declaracao-de-titi-sobre-o-jogo\/#respond\"]}],\"copyrightYear\":\"2024\",\"copyrightHolder\":{\"@id\":\"https:\/\/www.gaveanews.com\/#organization\"}},{\"@type\":\"WebPage\",\"@id\":\"https:\/\/www.gaveanews.com\/index.php\/2024\/11\/26\/fortaleza-x-flamengo-a-declaracao-de-titi-sobre-o-jogo\/\",\"url\":\"https:\/\/www.gaveanews.com\/index.php\/2024\/11\/26\/fortaleza-x-flamengo-a-declaracao-de-titi-sobre-o-jogo\/\",\"name\":\"Fortaleza x Flamengo: a declara\u00e7\u00e3o de Titi sobre o jogo\",\"isPartOf\":{\"@id\":\"https:\/\/www.gaveanews.com\/#website\"},\"primaryImageOfPage\":{\"@id\":\"https:\/\/www.gaveanews.com\/index.php\/2024\/11\/26\/fortaleza-x-flamengo-a-declaracao-de-titi-sobre-o-jogo\/#primaryimage\"},\"image\":{\"@id\":\"https:\/\/www.gaveanews.com\/index.php\/2024\/11\/26\/fortaleza-x-flamengo-a-declaracao-de-titi-sobre-o-jogo\/#primaryimage\"},\"thumbnailUrl\":\"https:\/\/www.gaveanews.com\/wp-content\/uploads\/Titi-zagueiro-do-Fortaleza.webp\",\"datePublished\":\"2024-11-27T01:40:00+00:00\",\"author\":{\"@id\":\"https:\/\/www.gaveanews.com\/#\/schema\/person\/2877169f354c4596cf5aab74ea7c56a8\"},\"breadcrumb\":{\"@id\":\"https:\/\/www.gaveanews.com\/index.php\/2024\/11\/26\/fortaleza-x-flamengo-a-declaracao-de-titi-sobre-o-jogo\/#breadcrumb\"},\"inLanguage\":\"pt-BR\",\"potentialAction\":[{\"@type\":\"ReadAction\",\"target\":[\"https:\/\/www.gaveanews.com\/index.php\/2024\/11\/26\/fortaleza-x-flamengo-a-declaracao-de-titi-sobre-o-jogo\/\"]}]},{\"@type\":\"ImageObject\",\"inLanguage\":\"pt-BR\",\"@id\":\"https:\/\/www.gaveanews.com\/index.php\/2024\/11\/26\/fortaleza-x-flamengo-a-declaracao-de-titi-sobre-o-jogo\/#primaryimage\",\"url\":\"https:\/\/www.gaveanews.com\/wp-content\/uploads\/Titi-zagueiro-do-Fortaleza.webp\",\"contentUrl\":\"https:\/\/www.gaveanews.com\/wp-content\/uploads\/Titi-zagueiro-do-Fortaleza.webp\",\"width\":1024,\"height\":576,\"caption\":\"Titi, zagueiro do Fortaleza (Foto: Divulga\u00e7\u00e3o\/Fortaleza)\"},{\"@type\":\"BreadcrumbList\",\"@id\":\"https:\/\/www.gaveanews.com\/index.php\/2024\/11\/26\/fortaleza-x-flamengo-a-declaracao-de-titi-sobre-o-jogo\/#breadcrumb\",\"itemListElement\":[{\"@type\":\"ListItem\",\"position\":1,\"name\":\"Home\",\"item\":\"https:\/\/www.gaveanews.com\/\"},{\"@type\":\"ListItem\",\"position\":2,\"name\":\"Fortaleza x Flamengo: a declara\u00e7\u00e3o de Titi sobre o jogo\"}]},{\"@type\":\"WebSite\",\"@id\":\"https:\/\/www.gaveanews.com\/#website\",\"url\":\"https:\/\/www.gaveanews.com\/\",\"name\":\"G\u00e1vea News\",\"description\":\"Veja todas as not\u00edcias sobre o Flamengo: Contrata\u00e7\u00f5es, categorias de base, resultados das partidas, tabela de classifica\u00e7\u00e3o, pr\u00f3ximos jogos!\",\"potentialAction\":[{\"@type\":\"SearchAction\",\"target\":{\"@type\":\"EntryPoint\",\"urlTemplate\":\"https:\/\/www.gaveanews.com\/?s={search_term_string}\"},\"query-input\":{\"@type\":\"PropertyValueSpecification\",\"valueRequired\":true,\"valueName\":\"search_term_string\"}}],\"inLanguage\":\"pt-BR\"},{\"@type\":\"Person\",\"@id\":\"https:\/\/www.gaveanews.com\/#\/schema\/person\/2877169f354c4596cf5aab74ea7c56a8\",\"name\":\"Leandro Azevedo\",\"image\":{\"@type\":\"ImageObject\",\"inLanguage\":\"pt-BR\",\"@id\":\"https:\/\/www.gaveanews.com\/#\/schema\/person\/image\/\",\"url\":\"https:\/\/secure.gravatar.com\/avatar\/e2f72eb6d986a41d592a85e4e36a6c6170e9ea8a1f433dfc29d0011a8968f89c?s=96&d=mm&r=g\",\"contentUrl\":\"https:\/\/secure.gravatar.com\/avatar\/e2f72eb6d986a41d592a85e4e36a6c6170e9ea8a1f433dfc29d0011a8968f89c?s=96&d=mm&r=g\",\"caption\":\"Leandro Azevedo\"}}]}<\/script>\n<!-- \/ Yoast SEO Premium plugin. -->","yoast_head_json":{"title":"Fortaleza x Flamengo: a declara\u00e7\u00e3o de Titi sobre o jogo","robots":{"index":"index","follow":"follow","max-snippet":"max-snippet:-1","max-image-preview":"max-image-preview:large","max-video-preview":"max-video-preview:-1"},"canonical":"https:\/\/www.gaveanews.com\/index.php\/2024\/11\/26\/fortaleza-x-flamengo-a-declaracao-de-titi-sobre-o-jogo\/","og_locale":"pt_BR","og_type":"article","og_title":"Fortaleza x Flamengo: a declara\u00e7\u00e3o de Titi sobre o jogo","og_description":"Fortaleza e Flamengo ficaram no empate sem gols nesta ter\u00e7a-feira, na Arena Castel\u00e3o, pela 35\u00aa rodada do Campeonato Brasileiro. Em um confronto direto entre equipes da parte de cima da tabela, o Tricolor teve boas chances, mas n\u00e3o conseguiu superar o sistema defensivo rubro-negro. Ap\u00f3s a partida, o zagueiro Titi destacou o equil\u00edbrio do duelo [&hellip;]","og_url":"https:\/\/www.gaveanews.com\/index.php\/2024\/11\/26\/fortaleza-x-flamengo-a-declaracao-de-titi-sobre-o-jogo\/","og_site_name":"G\u00e1vea News","article_publisher":"https:\/\/facebook.com\/gaveaNews\/","article_published_time":"2024-11-27T01:40:00+00:00","og_image":[{"width":1024,"height":576,"url":"https:\/\/www.gaveanews.com\/wp-content\/uploads\/Titi-zagueiro-do-Fortaleza.webp","type":"image\/jpeg"}],"author":"Leandro Azevedo","twitter_card":"summary_large_image","twitter_misc":{"Escrito por":"Leandro Azevedo","Est. tempo de leitura":"3 minutos"},"schema":{"@context":"https:\/\/schema.org","@graph":[{"@type":"NewsArticle","@id":"https:\/\/www.gaveanews.com\/index.php\/2024\/11\/26\/fortaleza-x-flamengo-a-declaracao-de-titi-sobre-o-jogo\/#article","isPartOf":{"@id":"https:\/\/www.gaveanews.com\/index.php\/2024\/11\/26\/fortaleza-x-flamengo-a-declaracao-de-titi-sobre-o-jogo\/"},"author":{"name":"Leandro Azevedo","@id":"https:\/\/www.gaveanews.com\/#\/schema\/person\/2877169f354c4596cf5aab74ea7c56a8"},"headline":"Fortaleza x Flamengo: a declara\u00e7\u00e3o de Titi sobre o jogo","datePublished":"2024-11-27T01:40:00+00:00","mainEntityOfPage":{"@id":"https:\/\/www.gaveanews.com\/index.php\/2024\/11\/26\/fortaleza-x-flamengo-a-declaracao-de-titi-sobre-o-jogo\/"},"wordCount":377,"commentCount":0,"image":{"@id":"https:\/\/www.gaveanews.com\/index.php\/2024\/11\/26\/fortaleza-x-flamengo-a-declaracao-de-titi-sobre-o-jogo\/#primaryimage"},"thumbnailUrl":"https:\/\/www.gaveanews.com\/wp-content\/uploads\/Titi-zagueiro-do-Fortaleza.webp","articleSection":["Flamengo","Fortaleza"],"inLanguage":"pt-BR","potentialAction":[{"@type":"CommentAction","name":"Comment","target":["https:\/\/www.gaveanews.com\/index.php\/2024\/11\/26\/fortaleza-x-flamengo-a-declaracao-de-titi-sobre-o-jogo\/#respond"]}],"copyrightYear":"2024","copyrightHolder":{"@id":"https:\/\/www.gaveanews.com\/#organization"}},{"@type":"WebPage","@id":"https:\/\/www.gaveanews.com\/index.php\/2024\/11\/26\/fortaleza-x-flamengo-a-declaracao-de-titi-sobre-o-jogo\/","url":"https:\/\/www.gaveanews.com\/index.php\/2024\/11\/26\/fortaleza-x-flamengo-a-declaracao-de-titi-sobre-o-jogo\/","name":"Fortaleza x Flamengo: a declara\u00e7\u00e3o de Titi sobre o jogo","isPartOf":{"@id":"https:\/\/www.gaveanews.com\/#website"},"primaryImageOfPage":{"@id":"https:\/\/www.gaveanews.com\/index.php\/2024\/11\/26\/fortaleza-x-flamengo-a-declaracao-de-titi-sobre-o-jogo\/#primaryimage"},"image":{"@id":"https:\/\/www.gaveanews.com\/index.php\/2024\/11\/26\/fortaleza-x-flamengo-a-declaracao-de-titi-sobre-o-jogo\/#primaryimage"},"thumbnailUrl":"https:\/\/www.gaveanews.com\/wp-content\/uploads\/Titi-zagueiro-do-Fortaleza.webp","datePublished":"2024-11-27T01:40:00+00:00","author":{"@id":"https:\/\/www.gaveanews.com\/#\/schema\/person\/2877169f354c4596cf5aab74ea7c56a8"},"breadcrumb":{"@id":"https:\/\/www.gaveanews.com\/index.php\/2024\/11\/26\/fortaleza-x-flamengo-a-declaracao-de-titi-sobre-o-jogo\/#breadcrumb"},"inLanguage":"pt-BR","potentialAction":[{"@type":"ReadAction","target":["https:\/\/www.gaveanews.com\/index.php\/2024\/11\/26\/fortaleza-x-flamengo-a-declaracao-de-titi-sobre-o-jogo\/"]}]},{"@type":"ImageObject","inLanguage":"pt-BR","@id":"https:\/\/www.gaveanews.com\/index.php\/2024\/11\/26\/fortaleza-x-flamengo-a-declaracao-de-titi-sobre-o-jogo\/#primaryimage","url":"https:\/\/www.gaveanews.com\/wp-content\/uploads\/Titi-zagueiro-do-Fortaleza.webp","contentUrl":"https:\/\/www.gaveanews.com\/wp-content\/uploads\/Titi-zagueiro-do-Fortaleza.webp","width":1024,"height":576,"caption":"Titi, zagueiro do Fortaleza (Foto: Divulga\u00e7\u00e3o\/Fortaleza)"},{"@type":"BreadcrumbList","@id":"https:\/\/www.gaveanews.com\/index.php\/2024\/11\/26\/fortaleza-x-flamengo-a-declaracao-de-titi-sobre-o-jogo\/#breadcrumb","itemListElement":[{"@type":"ListItem","position":1,"name":"Home","item":"https:\/\/www.gaveanews.com\/"},{"@type":"ListItem","position":2,"name":"Fortaleza x Flamengo: a declara\u00e7\u00e3o de Titi sobre o jogo"}]},{"@type":"WebSite","@id":"https:\/\/www.gaveanews.com\/#website","url":"https:\/\/www.gaveanews.com\/","name":"G\u00e1vea News","description":"Veja todas as not\u00edcias sobre o Flamengo: Contrata\u00e7\u00f5es, categorias de base, resultados das partidas, tabela de classifica\u00e7\u00e3o, pr\u00f3ximos jogos!","potentialAction":[{"@type":"SearchAction","target":{"@type":"EntryPoint","urlTemplate":"https:\/\/www.gaveanews.com\/?s={search_term_string}"},"query-input":{"@type":"PropertyValueSpecification","valueRequired":true,"valueName":"search_term_string"}}],"inLanguage":"pt-BR"},{"@type":"Person","@id":"https:\/\/www.gaveanews.com\/#\/schema\/person\/2877169f354c4596cf5aab74ea7c56a8","name":"Leandro Azevedo","image":{"@type":"ImageObject","inLanguage":"pt-BR","@id":"https:\/\/www.gaveanews.com\/#\/schema\/person\/image\/","url":"https:\/\/secure.gravatar.com\/avatar\/e2f72eb6d986a41d592a85e4e36a6c6170e9ea8a1f433dfc29d0011a8968f89c?s=96&d=mm&r=g","contentUrl":"https:\/\/secure.gravatar.com\/avatar\/e2f72eb6d986a41d592a85e4e36a6c6170e9ea8a1f433dfc29d0011a8968f89c?s=96&d=mm&r=g","caption":"Leandro Azevedo"}}]}},"_links":{"self":[{"href":"https:\/\/www.gaveanews.com\/index.php\/wp-json\/wp\/v2\/posts\/190971","targetHints":{"allow":["GET"]}}],"collection":[{"href":"https:\/\/www.gaveanews.com\/index.php\/wp-json\/wp\/v2\/posts"}],"about":[{"href":"https:\/\/www.gaveanews.com\/index.php\/wp-json\/wp\/v2\/types\/post"}],"author":[{"embeddable":true,"href":"https:\/\/www.gaveanews.com\/index.php\/wp-json\/wp\/v2\/users\/23"}],"replies":[{"embeddable":true,"href":"https:\/\/www.gaveanews.com\/index.php\/wp-json\/wp\/v2\/comments?post=190971"}],"version-history":[{"count":1,"href":"https:\/\/www.gaveanews.com\/index.php\/wp-json\/wp\/v2\/posts\/190971\/revisions"}],"predecessor-version":[{"id":190976,"href":"https:\/\/www.gaveanews.com\/index.php\/wp-json\/wp\/v2\/posts\/190971\/revisions\/190976"}],"wp:featuredmedia":[{"embeddable":true,"href":"https:\/\/www.gaveanews.com\/index.php\/wp-json\/wp\/v2\/media\/166416"}],"wp:attachment":[{"href":"https:\/\/www.gaveanews.com\/index.php\/wp-json\/wp\/v2\/media?parent=190971"}],"wp:term":[{"taxonomy":"category","embeddable":true,"href":"https:\/\/www.gaveanews.com\/index.php\/wp-json\/wp\/v2\/categories?post=190971"},{"taxonomy":"post_tag","embeddable":true,"href":"https:\/\/www.gaveanews.com\/index.php\/wp-json\/wp\/v2\/tags?post=190971"}],"curies":[{"name":"wp","href":"https:\/\/api.w.org\/{rel}","templated":true}]}}