{"id":191119,"date":"2024-11-27T06:34:00","date_gmt":"2024-11-27T09:34:00","guid":{"rendered":"https:\/\/www.gaveanews.com\/?p=191119"},"modified":"2024-11-27T01:31:42","modified_gmt":"2024-11-27T04:31:42","slug":"declaracao-de-gustavo-gomez-torcida-se-revolta-e-recado-de-bruno-prado-as-ultimas-noticias-do-palmeiras","status":"publish","type":"post","link":"https:\/\/www.gaveanews.com\/index.php\/2024\/11\/27\/declaracao-de-gustavo-gomez-torcida-se-revolta-e-recado-de-bruno-prado-as-ultimas-noticias-do-palmeiras\/","title":{"rendered":"Declara\u00e7\u00e3o de Gustavo G\u00f3mez, torcida se revolta e recado de Bruno Prado: as \u00faltimas not\u00edcias do Palmeiras"},"content":{"rendered":"\n<p>Nas \u00faltimas horas, o foco das not\u00edcias sobre o Palmeiras se concentram nos bastidores do clube, com destaques como a declara\u00e7\u00e3o de Gustavo G\u00f3mez e a revolta da torcida.<\/p>\n\n\n\n<p>Por conta deste contexto, leia abaixo um resumo preparado pela equipe do portal G\u00e1vea News para lhe manter muito bem informado!<\/p>\n\n\n\n<h2 class=\"wp-block-heading\" id=\"h-recado-de-bruno-prado\">Recado de Bruno Prado<\/h2>\n\n\n\n<p>A reelei\u00e7\u00e3o de Leila Pereira como presidente do Palmeiras foi elogiada pelo analista Bruno Prado, que destacou a gest\u00e3o pragm\u00e1tica e a estabilidade promovida durante seu mandato. Prado considerou positivo o fato de Leila n\u00e3o ser emocionalmente envolvida com o futebol, enfatizando que essa dist\u00e2ncia ajuda a evitar decis\u00f5es impulsivas. Ele apontou que esse estilo de lideran\u00e7a permite um ambiente mais profissional e focado em resultados, como os 14 t\u00edtulos conquistados pelo clube sob sua gest\u00e3o <strong><a href=\"https:\/\/www.gaveanews.com\/index.php\/2024\/11\/26\/video-a-declaracao-de-bruno-prado-direcionada-a-leila-pereira\/\">(leia a mat\u00e9ria completa).<\/a><\/strong><\/p>\n\n\n\n<figure class=\"wp-block-image size-full\"><img loading=\"lazy\" decoding=\"async\" width=\"696\" height=\"385\" src=\"https:\/\/www.gaveanews.com\/wp-content\/uploads\/A-presidente-Leila-Pereira-da-SE-Palmeiras-durante-coletiva-de-imprensa-na-Academia-de-Futebol-2-696x385-1.webp\" alt=\"\" class=\"wp-image-142474\" srcset=\"https:\/\/www.gaveanews.com\/wp-content\/uploads\/A-presidente-Leila-Pereira-da-SE-Palmeiras-durante-coletiva-de-imprensa-na-Academia-de-Futebol-2-696x385-1.webp 696w, https:\/\/www.gaveanews.com\/wp-content\/uploads\/A-presidente-Leila-Pereira-da-SE-Palmeiras-durante-coletiva-de-imprensa-na-Academia-de-Futebol-2-696x385-1-300x166.webp 300w, https:\/\/www.gaveanews.com\/wp-content\/uploads\/A-presidente-Leila-Pereira-da-SE-Palmeiras-durante-coletiva-de-imprensa-na-Academia-de-Futebol-2-696x385-1-640x354.webp 640w, https:\/\/www.gaveanews.com\/wp-content\/uploads\/A-presidente-Leila-Pereira-da-SE-Palmeiras-durante-coletiva-de-imprensa-na-Academia-de-Futebol-2-696x385-1-681x377.webp 681w, https:\/\/www.gaveanews.com\/wp-content\/uploads\/A-presidente-Leila-Pereira-da-SE-Palmeiras-durante-coletiva-de-imprensa-na-Academia-de-Futebol-2-696x385-1-100x55.webp 100w\" sizes=\"auto, (max-width: 696px) 100vw, 696px\" \/><figcaption class=\"wp-element-caption\">Foto: Cesar Greco\/Palmeiras<\/figcaption><\/figure>\n\n\n\n<p>Outro ponto de destaque foi a continuidade no comando t\u00e9cnico. Prado ressaltou que Leila prioriza a manuten\u00e7\u00e3o de Abel Ferreira, treinador com quem o Palmeiras conquistou grandes resultados nos \u00faltimos anos. <\/p>\n\n\n\n<p>Essa pol\u00edtica de estabilidade foi refor\u00e7ada pela presidente em sua campanha de reelei\u00e7\u00e3o, refletindo uma abordagem estrat\u00e9gica que d\u00e1 confian\u00e7a aos s\u00f3cios e torcedores.<\/p>\n\n\n\n<p>Com a promessa de refor\u00e7os pontuais e melhorias estruturais, Leila Pereira inicia um novo mandato de tr\u00eas anos com o objetivo de consolidar ainda mais a sustentabilidade financeira e esportiva do Palmeiras. Apesar de cr\u00edticas pontuais, sua lideran\u00e7a continua a ser uma refer\u00eancia no cen\u00e1rio esportivo nacional.<\/p>\n\n\n\n<h2 class=\"wp-block-heading\" id=\"h-torcida-se-revolta\">Torcida se revolta<\/h2>\n\n\n\n<p>O comentarista F\u00e1bio Sormani gerou controv\u00e9rsia ao criticar Est\u00eav\u00e3o, destaque do Palmeiras e artilheiro do Brasileir\u00e3o 2024, durante o programa <em>Opini\u00e3o Placar<\/em>. Sormani afirmou que o jovem jogador possui apenas uma jogada caracter\u00edstica, comparando-o desfavoravelmente a Neymar e Vini Jr. Apesar das cr\u00edticas, Est\u00eav\u00e3o lidera o campeonato com 12 gols e 8 assist\u00eancias em 28 partidas, superando os n\u00fameros de Neymar e Vini Jr. no in\u00edcio de suas carreiras no futebol brasileiro.<\/p>\n\n\n\n<figure class=\"wp-block-image size-full\"><img loading=\"lazy\" decoding=\"async\" width=\"1024\" height=\"576\" src=\"https:\/\/www.gaveanews.com\/wp-content\/uploads\/O-jogador-Estevao-da-SE-Palmeiras-comemora-seu-contra-a-equipe-do-Botafogo-FC-durante-partida-valida-pela-terceira-fase-da-Copa-do-Brasil-na-arena-Allianz-Parque-1024x576-1.webp\" alt=\"\" class=\"wp-image-141974\" srcset=\"https:\/\/www.gaveanews.com\/wp-content\/uploads\/O-jogador-Estevao-da-SE-Palmeiras-comemora-seu-contra-a-equipe-do-Botafogo-FC-durante-partida-valida-pela-terceira-fase-da-Copa-do-Brasil-na-arena-Allianz-Parque-1024x576-1.webp 1024w, https:\/\/www.gaveanews.com\/wp-content\/uploads\/O-jogador-Estevao-da-SE-Palmeiras-comemora-seu-contra-a-equipe-do-Botafogo-FC-durante-partida-valida-pela-terceira-fase-da-Copa-do-Brasil-na-arena-Allianz-Parque-1024x576-1-300x169.webp 300w, https:\/\/www.gaveanews.com\/wp-content\/uploads\/O-jogador-Estevao-da-SE-Palmeiras-comemora-seu-contra-a-equipe-do-Botafogo-FC-durante-partida-valida-pela-terceira-fase-da-Copa-do-Brasil-na-arena-Allianz-Parque-1024x576-1-768x432.webp 768w, https:\/\/www.gaveanews.com\/wp-content\/uploads\/O-jogador-Estevao-da-SE-Palmeiras-comemora-seu-contra-a-equipe-do-Botafogo-FC-durante-partida-valida-pela-terceira-fase-da-Copa-do-Brasil-na-arena-Allianz-Parque-1024x576-1-747x420.webp 747w, https:\/\/www.gaveanews.com\/wp-content\/uploads\/O-jogador-Estevao-da-SE-Palmeiras-comemora-seu-contra-a-equipe-do-Botafogo-FC-durante-partida-valida-pela-terceira-fase-da-Copa-do-Brasil-na-arena-Allianz-Parque-1024x576-1-640x360.webp 640w, https:\/\/www.gaveanews.com\/wp-content\/uploads\/O-jogador-Estevao-da-SE-Palmeiras-comemora-seu-contra-a-equipe-do-Botafogo-FC-durante-partida-valida-pela-terceira-fase-da-Copa-do-Brasil-na-arena-Allianz-Parque-1024x576-1-681x383.webp 681w, https:\/\/www.gaveanews.com\/wp-content\/uploads\/O-jogador-Estevao-da-SE-Palmeiras-comemora-seu-contra-a-equipe-do-Botafogo-FC-durante-partida-valida-pela-terceira-fase-da-Copa-do-Brasil-na-arena-Allianz-Parque-1024x576-1-1022x576.webp 1022w, https:\/\/www.gaveanews.com\/wp-content\/uploads\/O-jogador-Estevao-da-SE-Palmeiras-comemora-seu-contra-a-equipe-do-Botafogo-FC-durante-partida-valida-pela-terceira-fase-da-Copa-do-Brasil-na-arena-Allianz-Parque-1024x576-1-100x56.webp 100w\" sizes=\"auto, (max-width: 1024px) 100vw, 1024px\" \/><figcaption class=\"wp-element-caption\">O jogador Est\u00eav\u00e3o &#8211; Foto: Cesar Greco\/Palmeiras\/by Canon<\/figcaption><\/figure>\n\n\n\n<p>As declara\u00e7\u00f5es de Sormani n\u00e3o foram bem recebidas pelos torcedores, que destacaram a import\u00e2ncia de Est\u00eav\u00e3o no elenco do Palmeiras e sua venda milion\u00e1ria ao Chelsea por 61,5 milh\u00f5es de euros. O jogador permanecer\u00e1 no clube at\u00e9 completar 18 anos, disputando o Novo Mundial de Clubes como sua despedida. A compara\u00e7\u00e3o com Neymar e Vini Jr. foi alvo de debates, mas as estat\u00edsticas favorecem o jovem palmeirense.<\/p>\n\n\n\n<p>Est\u00eav\u00e3o, titular absoluto sob o comando de Abel Ferreira, \u00e9 visto como uma promessa do futebol internacional. Sua transfer\u00eancia para o Chelsea reafirma seu potencial, enquanto ele continua desempenhando papel crucial no Palmeiras e na disputa pelo t\u00edtulo brasileiro. As cr\u00edticas de Sormani contrastam com o reconhecimento do talento do jogador por torcedores e especialistas.<\/p>\n\n\n\n<h2 class=\"wp-block-heading\" id=\"h-declaracao-de-gustavo-gomez\">Declara\u00e7\u00e3o de Gustavo G\u00f3mez<\/h2>\n\n\n\n<p>Na 36\u00aa rodada do Brasileir\u00e3o, o Botafogo venceu o Palmeiras por 3 a 1 no Allianz Parque, assumindo a lideran\u00e7a da tabela. Gustavo G\u00f3mez, capit\u00e3o alviverde, lamentou o resultado e criticou a arbitragem de Wilton Pereira Sampaio, afirmando que o desempenho do \u00e1rbitro foi abaixo do esperado. G\u00f3mez refor\u00e7ou o compromisso do time em lutar pelo t\u00edtulo nas duas rodadas restantes, ressaltando a import\u00e2ncia de seguir trabalhando e buscando vit\u00f3rias <strong><a href=\"https:\/\/www.gaveanews.com\/index.php\/2024\/11\/27\/palmeiras-x-botafogo-a-declaracao-de-gustavo-gomez-sobre-o-jogo\/\">(leia a mat\u00e9ria completa).<\/a><\/strong><\/p>\n\n\n\n<figure class=\"wp-block-image size-full\"><img loading=\"lazy\" decoding=\"async\" width=\"768\" height=\"432\" src=\"https:\/\/www.gaveanews.com\/wp-content\/uploads\/Gustavo-Gomez-em-treino-do-Palmeiras.webp\" alt=\"\" class=\"wp-image-59289\" srcset=\"https:\/\/www.gaveanews.com\/wp-content\/uploads\/Gustavo-Gomez-em-treino-do-Palmeiras.webp 768w, https:\/\/www.gaveanews.com\/wp-content\/uploads\/Gustavo-Gomez-em-treino-do-Palmeiras-300x169.webp 300w, https:\/\/www.gaveanews.com\/wp-content\/uploads\/Gustavo-Gomez-em-treino-do-Palmeiras-747x420.webp 747w, https:\/\/www.gaveanews.com\/wp-content\/uploads\/Gustavo-Gomez-em-treino-do-Palmeiras-640x360.webp 640w, https:\/\/www.gaveanews.com\/wp-content\/uploads\/Gustavo-Gomez-em-treino-do-Palmeiras-681x383.webp 681w, https:\/\/www.gaveanews.com\/wp-content\/uploads\/Gustavo-Gomez-em-treino-do-Palmeiras-100x56.webp 100w\" sizes=\"auto, (max-width: 768px) 100vw, 768px\" \/><figcaption class=\"wp-element-caption\">Gustavo G\u00f3mez em treino do Palmeiras (Foto: Cesar Greco\/SEP)<\/figcaption><\/figure>\n\n\n\n<p>O confronto era decisivo, com as equipes empatadas em pontos antes da partida e o Palmeiras liderando pelo crit\u00e9rio de vit\u00f3rias. Apesar de criar boas chances no in\u00edcio, o time de G\u00f3mez n\u00e3o conseguiu superar o advers\u00e1rio. Agora, o Palmeiras enfrenta o Cruzeiro, enquanto o Botafogo encara o Internacional. Uma vit\u00f3ria do Alviverde e uma derrota do Botafogo levariam a decis\u00e3o do t\u00edtulo para a \u00faltima rodada.<\/p>\n\n\n\n<p>G\u00f3mez destacou a intensidade da equipe e a expectativa de recupera\u00e7\u00e3o, mostrando confian\u00e7a na capacidade do time de competir at\u00e9 o final. O desfecho do campeonato permanece indefinido, prometendo emo\u00e7\u00e3o nas rodadas finais.<\/p>\n","protected":false},"excerpt":{"rendered":"<p>Nas \u00faltimas horas, o foco das not\u00edcias sobre o Palmeiras se concentram nos bastidores do clube, com destaques como a declara\u00e7\u00e3o de Gustavo G\u00f3mez e a revolta da torcida. Por conta deste contexto, leia abaixo um resumo preparado pela equipe do portal G\u00e1vea News para lhe manter muito bem informado! Recado de Bruno Prado A [&hellip;]<\/p>\n","protected":false},"author":27,"featured_media":152159,"comment_status":"open","ping_status":"closed","sticky":false,"template":"","format":"standard","meta":{"footnotes":""},"categories":[150],"tags":[],"class_list":["post-191119","post","type-post","status-publish","format-standard","has-post-thumbnail","hentry","category-palmeiras"],"yoast_head":"<!-- This site is optimized with the Yoast SEO Premium plugin v24.2 (Yoast SEO v26.9) - https:\/\/yoast.com\/product\/yoast-seo-premium-wordpress\/ -->\n<title>Declara\u00e7\u00e3o de Gustavo G\u00f3mez, torcida se revolta e recado de Bruno Prado: as \u00faltimas not\u00edcias do Palmeiras<\/title>\n<meta name=\"robots\" content=\"index, follow, max-snippet:-1, max-image-preview:large, max-video-preview:-1\" \/>\n<link rel=\"canonical\" href=\"https:\/\/www.gaveanews.com\/index.php\/2024\/11\/27\/declaracao-de-gustavo-gomez-torcida-se-revolta-e-recado-de-bruno-prado-as-ultimas-noticias-do-palmeiras\/\" \/>\n<meta property=\"og:locale\" content=\"pt_BR\" \/>\n<meta property=\"og:type\" content=\"article\" \/>\n<meta property=\"og:title\" content=\"Declara\u00e7\u00e3o de Gustavo G\u00f3mez, torcida se revolta e recado de Bruno Prado: as \u00faltimas not\u00edcias do Palmeiras\" \/>\n<meta property=\"og:description\" content=\"Nas \u00faltimas horas, o foco das not\u00edcias sobre o Palmeiras se concentram nos bastidores do clube, com destaques como a declara\u00e7\u00e3o de Gustavo G\u00f3mez e a revolta da torcida. Por conta deste contexto, leia abaixo um resumo preparado pela equipe do portal G\u00e1vea News para lhe manter muito bem informado! Recado de Bruno Prado A [&hellip;]\" \/>\n<meta property=\"og:url\" content=\"https:\/\/www.gaveanews.com\/index.php\/2024\/11\/27\/declaracao-de-gustavo-gomez-torcida-se-revolta-e-recado-de-bruno-prado-as-ultimas-noticias-do-palmeiras\/\" \/>\n<meta property=\"og:site_name\" content=\"G\u00e1vea News\" \/>\n<meta property=\"article:publisher\" content=\"https:\/\/facebook.com\/gaveaNews\/\" \/>\n<meta property=\"article:published_time\" content=\"2024-11-27T09:34:00+00:00\" \/>\n<meta property=\"og:image\" content=\"https:\/\/www.gaveanews.com\/wp-content\/uploads\/Escudo-do-Palmeiras.webp\" \/>\n\t<meta property=\"og:image:width\" content=\"1000\" \/>\n\t<meta property=\"og:image:height\" content=\"667\" \/>\n\t<meta property=\"og:image:type\" content=\"image\/webp\" \/>\n<meta name=\"author\" content=\"Matheus Felipe\" \/>\n<meta name=\"twitter:card\" content=\"summary_large_image\" \/>\n<meta name=\"twitter:label1\" content=\"Escrito por\" \/>\n\t<meta name=\"twitter:data1\" content=\"Matheus Felipe\" \/>\n\t<meta name=\"twitter:label2\" content=\"Est. tempo de leitura\" \/>\n\t<meta name=\"twitter:data2\" content=\"5 minutos\" \/>\n<script type=\"application\/ld+json\" class=\"yoast-schema-graph\">{\"@context\":\"https:\/\/schema.org\",\"@graph\":[{\"@type\":\"NewsArticle\",\"@id\":\"https:\/\/www.gaveanews.com\/index.php\/2024\/11\/27\/declaracao-de-gustavo-gomez-torcida-se-revolta-e-recado-de-bruno-prado-as-ultimas-noticias-do-palmeiras\/#article\",\"isPartOf\":{\"@id\":\"https:\/\/www.gaveanews.com\/index.php\/2024\/11\/27\/declaracao-de-gustavo-gomez-torcida-se-revolta-e-recado-de-bruno-prado-as-ultimas-noticias-do-palmeiras\/\"},\"author\":{\"name\":\"Matheus Felipe\",\"@id\":\"https:\/\/www.gaveanews.com\/#\/schema\/person\/8207cd4627f56151707418bfc835b2fb\"},\"headline\":\"Declara\u00e7\u00e3o de Gustavo G\u00f3mez, torcida se revolta e recado de Bruno Prado: as \u00faltimas not\u00edcias do Palmeiras\",\"datePublished\":\"2024-11-27T09:34:00+00:00\",\"mainEntityOfPage\":{\"@id\":\"https:\/\/www.gaveanews.com\/index.php\/2024\/11\/27\/declaracao-de-gustavo-gomez-torcida-se-revolta-e-recado-de-bruno-prado-as-ultimas-noticias-do-palmeiras\/\"},\"wordCount\":727,\"commentCount\":0,\"image\":{\"@id\":\"https:\/\/www.gaveanews.com\/index.php\/2024\/11\/27\/declaracao-de-gustavo-gomez-torcida-se-revolta-e-recado-de-bruno-prado-as-ultimas-noticias-do-palmeiras\/#primaryimage\"},\"thumbnailUrl\":\"https:\/\/www.gaveanews.com\/wp-content\/uploads\/Escudo-do-Palmeiras.webp\",\"articleSection\":[\"Palmeiras\"],\"inLanguage\":\"pt-BR\",\"potentialAction\":[{\"@type\":\"CommentAction\",\"name\":\"Comment\",\"target\":[\"https:\/\/www.gaveanews.com\/index.php\/2024\/11\/27\/declaracao-de-gustavo-gomez-torcida-se-revolta-e-recado-de-bruno-prado-as-ultimas-noticias-do-palmeiras\/#respond\"]}],\"copyrightYear\":\"2024\",\"copyrightHolder\":{\"@id\":\"https:\/\/www.gaveanews.com\/#organization\"}},{\"@type\":\"WebPage\",\"@id\":\"https:\/\/www.gaveanews.com\/index.php\/2024\/11\/27\/declaracao-de-gustavo-gomez-torcida-se-revolta-e-recado-de-bruno-prado-as-ultimas-noticias-do-palmeiras\/\",\"url\":\"https:\/\/www.gaveanews.com\/index.php\/2024\/11\/27\/declaracao-de-gustavo-gomez-torcida-se-revolta-e-recado-de-bruno-prado-as-ultimas-noticias-do-palmeiras\/\",\"name\":\"Declara\u00e7\u00e3o de Gustavo G\u00f3mez, torcida se revolta e recado de Bruno Prado: as \u00faltimas not\u00edcias do Palmeiras\",\"isPartOf\":{\"@id\":\"https:\/\/www.gaveanews.com\/#website\"},\"primaryImageOfPage\":{\"@id\":\"https:\/\/www.gaveanews.com\/index.php\/2024\/11\/27\/declaracao-de-gustavo-gomez-torcida-se-revolta-e-recado-de-bruno-prado-as-ultimas-noticias-do-palmeiras\/#primaryimage\"},\"image\":{\"@id\":\"https:\/\/www.gaveanews.com\/index.php\/2024\/11\/27\/declaracao-de-gustavo-gomez-torcida-se-revolta-e-recado-de-bruno-prado-as-ultimas-noticias-do-palmeiras\/#primaryimage\"},\"thumbnailUrl\":\"https:\/\/www.gaveanews.com\/wp-content\/uploads\/Escudo-do-Palmeiras.webp\",\"datePublished\":\"2024-11-27T09:34:00+00:00\",\"author\":{\"@id\":\"https:\/\/www.gaveanews.com\/#\/schema\/person\/8207cd4627f56151707418bfc835b2fb\"},\"breadcrumb\":{\"@id\":\"https:\/\/www.gaveanews.com\/index.php\/2024\/11\/27\/declaracao-de-gustavo-gomez-torcida-se-revolta-e-recado-de-bruno-prado-as-ultimas-noticias-do-palmeiras\/#breadcrumb\"},\"inLanguage\":\"pt-BR\",\"potentialAction\":[{\"@type\":\"ReadAction\",\"target\":[\"https:\/\/www.gaveanews.com\/index.php\/2024\/11\/27\/declaracao-de-gustavo-gomez-torcida-se-revolta-e-recado-de-bruno-prado-as-ultimas-noticias-do-palmeiras\/\"]}]},{\"@type\":\"ImageObject\",\"inLanguage\":\"pt-BR\",\"@id\":\"https:\/\/www.gaveanews.com\/index.php\/2024\/11\/27\/declaracao-de-gustavo-gomez-torcida-se-revolta-e-recado-de-bruno-prado-as-ultimas-noticias-do-palmeiras\/#primaryimage\",\"url\":\"https:\/\/www.gaveanews.com\/wp-content\/uploads\/Escudo-do-Palmeiras.webp\",\"contentUrl\":\"https:\/\/www.gaveanews.com\/wp-content\/uploads\/Escudo-do-Palmeiras.webp\",\"width\":1000,\"height\":667,\"caption\":\"Escudo do Palmeiras (Foto Reprodu\u00e7\u00e3o\/Instagram)\"},{\"@type\":\"BreadcrumbList\",\"@id\":\"https:\/\/www.gaveanews.com\/index.php\/2024\/11\/27\/declaracao-de-gustavo-gomez-torcida-se-revolta-e-recado-de-bruno-prado-as-ultimas-noticias-do-palmeiras\/#breadcrumb\",\"itemListElement\":[{\"@type\":\"ListItem\",\"position\":1,\"name\":\"Home\",\"item\":\"https:\/\/www.gaveanews.com\/\"},{\"@type\":\"ListItem\",\"position\":2,\"name\":\"Declara\u00e7\u00e3o de Gustavo G\u00f3mez, torcida se revolta e recado de Bruno Prado: as \u00faltimas not\u00edcias do Palmeiras\"}]},{\"@type\":\"WebSite\",\"@id\":\"https:\/\/www.gaveanews.com\/#website\",\"url\":\"https:\/\/www.gaveanews.com\/\",\"name\":\"G\u00e1vea News\",\"description\":\"Veja todas as not\u00edcias sobre o Flamengo: Contrata\u00e7\u00f5es, categorias de base, resultados das partidas, tabela de classifica\u00e7\u00e3o, pr\u00f3ximos jogos!\",\"potentialAction\":[{\"@type\":\"SearchAction\",\"target\":{\"@type\":\"EntryPoint\",\"urlTemplate\":\"https:\/\/www.gaveanews.com\/?s={search_term_string}\"},\"query-input\":{\"@type\":\"PropertyValueSpecification\",\"valueRequired\":true,\"valueName\":\"search_term_string\"}}],\"inLanguage\":\"pt-BR\"},{\"@type\":\"Person\",\"@id\":\"https:\/\/www.gaveanews.com\/#\/schema\/person\/8207cd4627f56151707418bfc835b2fb\",\"name\":\"Matheus Felipe\",\"image\":{\"@type\":\"ImageObject\",\"inLanguage\":\"pt-BR\",\"@id\":\"https:\/\/www.gaveanews.com\/#\/schema\/person\/image\/\",\"url\":\"https:\/\/secure.gravatar.com\/avatar\/a452ffbed9130f726358b298bb3a99ce4bd3c5338411f8440e87e14d74c7c087?s=96&d=mm&r=g\",\"contentUrl\":\"https:\/\/secure.gravatar.com\/avatar\/a452ffbed9130f726358b298bb3a99ce4bd3c5338411f8440e87e14d74c7c087?s=96&d=mm&r=g\",\"caption\":\"Matheus Felipe\"}}]}<\/script>\n<!-- \/ Yoast SEO Premium plugin. -->","yoast_head_json":{"title":"Declara\u00e7\u00e3o de Gustavo G\u00f3mez, torcida se revolta e recado de Bruno Prado: as \u00faltimas not\u00edcias do Palmeiras","robots":{"index":"index","follow":"follow","max-snippet":"max-snippet:-1","max-image-preview":"max-image-preview:large","max-video-preview":"max-video-preview:-1"},"canonical":"https:\/\/www.gaveanews.com\/index.php\/2024\/11\/27\/declaracao-de-gustavo-gomez-torcida-se-revolta-e-recado-de-bruno-prado-as-ultimas-noticias-do-palmeiras\/","og_locale":"pt_BR","og_type":"article","og_title":"Declara\u00e7\u00e3o de Gustavo G\u00f3mez, torcida se revolta e recado de Bruno Prado: as \u00faltimas not\u00edcias do Palmeiras","og_description":"Nas \u00faltimas horas, o foco das not\u00edcias sobre o Palmeiras se concentram nos bastidores do clube, com destaques como a declara\u00e7\u00e3o de Gustavo G\u00f3mez e a revolta da torcida. Por conta deste contexto, leia abaixo um resumo preparado pela equipe do portal G\u00e1vea News para lhe manter muito bem informado! Recado de Bruno Prado A [&hellip;]","og_url":"https:\/\/www.gaveanews.com\/index.php\/2024\/11\/27\/declaracao-de-gustavo-gomez-torcida-se-revolta-e-recado-de-bruno-prado-as-ultimas-noticias-do-palmeiras\/","og_site_name":"G\u00e1vea News","article_publisher":"https:\/\/facebook.com\/gaveaNews\/","article_published_time":"2024-11-27T09:34:00+00:00","og_image":[{"width":1000,"height":667,"url":"https:\/\/www.gaveanews.com\/wp-content\/uploads\/Escudo-do-Palmeiras.webp","type":"image\/webp"}],"author":"Matheus Felipe","twitter_card":"summary_large_image","twitter_misc":{"Escrito por":"Matheus Felipe","Est. tempo de leitura":"5 minutos"},"schema":{"@context":"https:\/\/schema.org","@graph":[{"@type":"NewsArticle","@id":"https:\/\/www.gaveanews.com\/index.php\/2024\/11\/27\/declaracao-de-gustavo-gomez-torcida-se-revolta-e-recado-de-bruno-prado-as-ultimas-noticias-do-palmeiras\/#article","isPartOf":{"@id":"https:\/\/www.gaveanews.com\/index.php\/2024\/11\/27\/declaracao-de-gustavo-gomez-torcida-se-revolta-e-recado-de-bruno-prado-as-ultimas-noticias-do-palmeiras\/"},"author":{"name":"Matheus Felipe","@id":"https:\/\/www.gaveanews.com\/#\/schema\/person\/8207cd4627f56151707418bfc835b2fb"},"headline":"Declara\u00e7\u00e3o de Gustavo G\u00f3mez, torcida se revolta e recado de Bruno Prado: as \u00faltimas not\u00edcias do Palmeiras","datePublished":"2024-11-27T09:34:00+00:00","mainEntityOfPage":{"@id":"https:\/\/www.gaveanews.com\/index.php\/2024\/11\/27\/declaracao-de-gustavo-gomez-torcida-se-revolta-e-recado-de-bruno-prado-as-ultimas-noticias-do-palmeiras\/"},"wordCount":727,"commentCount":0,"image":{"@id":"https:\/\/www.gaveanews.com\/index.php\/2024\/11\/27\/declaracao-de-gustavo-gomez-torcida-se-revolta-e-recado-de-bruno-prado-as-ultimas-noticias-do-palmeiras\/#primaryimage"},"thumbnailUrl":"https:\/\/www.gaveanews.com\/wp-content\/uploads\/Escudo-do-Palmeiras.webp","articleSection":["Palmeiras"],"inLanguage":"pt-BR","potentialAction":[{"@type":"CommentAction","name":"Comment","target":["https:\/\/www.gaveanews.com\/index.php\/2024\/11\/27\/declaracao-de-gustavo-gomez-torcida-se-revolta-e-recado-de-bruno-prado-as-ultimas-noticias-do-palmeiras\/#respond"]}],"copyrightYear":"2024","copyrightHolder":{"@id":"https:\/\/www.gaveanews.com\/#organization"}},{"@type":"WebPage","@id":"https:\/\/www.gaveanews.com\/index.php\/2024\/11\/27\/declaracao-de-gustavo-gomez-torcida-se-revolta-e-recado-de-bruno-prado-as-ultimas-noticias-do-palmeiras\/","url":"https:\/\/www.gaveanews.com\/index.php\/2024\/11\/27\/declaracao-de-gustavo-gomez-torcida-se-revolta-e-recado-de-bruno-prado-as-ultimas-noticias-do-palmeiras\/","name":"Declara\u00e7\u00e3o de Gustavo G\u00f3mez, torcida se revolta e recado de Bruno Prado: as \u00faltimas not\u00edcias do Palmeiras","isPartOf":{"@id":"https:\/\/www.gaveanews.com\/#website"},"primaryImageOfPage":{"@id":"https:\/\/www.gaveanews.com\/index.php\/2024\/11\/27\/declaracao-de-gustavo-gomez-torcida-se-revolta-e-recado-de-bruno-prado-as-ultimas-noticias-do-palmeiras\/#primaryimage"},"image":{"@id":"https:\/\/www.gaveanews.com\/index.php\/2024\/11\/27\/declaracao-de-gustavo-gomez-torcida-se-revolta-e-recado-de-bruno-prado-as-ultimas-noticias-do-palmeiras\/#primaryimage"},"thumbnailUrl":"https:\/\/www.gaveanews.com\/wp-content\/uploads\/Escudo-do-Palmeiras.webp","datePublished":"2024-11-27T09:34:00+00:00","author":{"@id":"https:\/\/www.gaveanews.com\/#\/schema\/person\/8207cd4627f56151707418bfc835b2fb"},"breadcrumb":{"@id":"https:\/\/www.gaveanews.com\/index.php\/2024\/11\/27\/declaracao-de-gustavo-gomez-torcida-se-revolta-e-recado-de-bruno-prado-as-ultimas-noticias-do-palmeiras\/#breadcrumb"},"inLanguage":"pt-BR","potentialAction":[{"@type":"ReadAction","target":["https:\/\/www.gaveanews.com\/index.php\/2024\/11\/27\/declaracao-de-gustavo-gomez-torcida-se-revolta-e-recado-de-bruno-prado-as-ultimas-noticias-do-palmeiras\/"]}]},{"@type":"ImageObject","inLanguage":"pt-BR","@id":"https:\/\/www.gaveanews.com\/index.php\/2024\/11\/27\/declaracao-de-gustavo-gomez-torcida-se-revolta-e-recado-de-bruno-prado-as-ultimas-noticias-do-palmeiras\/#primaryimage","url":"https:\/\/www.gaveanews.com\/wp-content\/uploads\/Escudo-do-Palmeiras.webp","contentUrl":"https:\/\/www.gaveanews.com\/wp-content\/uploads\/Escudo-do-Palmeiras.webp","width":1000,"height":667,"caption":"Escudo do Palmeiras (Foto Reprodu\u00e7\u00e3o\/Instagram)"},{"@type":"BreadcrumbList","@id":"https:\/\/www.gaveanews.com\/index.php\/2024\/11\/27\/declaracao-de-gustavo-gomez-torcida-se-revolta-e-recado-de-bruno-prado-as-ultimas-noticias-do-palmeiras\/#breadcrumb","itemListElement":[{"@type":"ListItem","position":1,"name":"Home","item":"https:\/\/www.gaveanews.com\/"},{"@type":"ListItem","position":2,"name":"Declara\u00e7\u00e3o de Gustavo G\u00f3mez, torcida se revolta e recado de Bruno Prado: as \u00faltimas not\u00edcias do Palmeiras"}]},{"@type":"WebSite","@id":"https:\/\/www.gaveanews.com\/#website","url":"https:\/\/www.gaveanews.com\/","name":"G\u00e1vea News","description":"Veja todas as not\u00edcias sobre o Flamengo: Contrata\u00e7\u00f5es, categorias de base, resultados das partidas, tabela de classifica\u00e7\u00e3o, pr\u00f3ximos jogos!","potentialAction":[{"@type":"SearchAction","target":{"@type":"EntryPoint","urlTemplate":"https:\/\/www.gaveanews.com\/?s={search_term_string}"},"query-input":{"@type":"PropertyValueSpecification","valueRequired":true,"valueName":"search_term_string"}}],"inLanguage":"pt-BR"},{"@type":"Person","@id":"https:\/\/www.gaveanews.com\/#\/schema\/person\/8207cd4627f56151707418bfc835b2fb","name":"Matheus Felipe","image":{"@type":"ImageObject","inLanguage":"pt-BR","@id":"https:\/\/www.gaveanews.com\/#\/schema\/person\/image\/","url":"https:\/\/secure.gravatar.com\/avatar\/a452ffbed9130f726358b298bb3a99ce4bd3c5338411f8440e87e14d74c7c087?s=96&d=mm&r=g","contentUrl":"https:\/\/secure.gravatar.com\/avatar\/a452ffbed9130f726358b298bb3a99ce4bd3c5338411f8440e87e14d74c7c087?s=96&d=mm&r=g","caption":"Matheus Felipe"}}]}},"_links":{"self":[{"href":"https:\/\/www.gaveanews.com\/index.php\/wp-json\/wp\/v2\/posts\/191119","targetHints":{"allow":["GET"]}}],"collection":[{"href":"https:\/\/www.gaveanews.com\/index.php\/wp-json\/wp\/v2\/posts"}],"about":[{"href":"https:\/\/www.gaveanews.com\/index.php\/wp-json\/wp\/v2\/types\/post"}],"author":[{"embeddable":true,"href":"https:\/\/www.gaveanews.com\/index.php\/wp-json\/wp\/v2\/users\/27"}],"replies":[{"embeddable":true,"href":"https:\/\/www.gaveanews.com\/index.php\/wp-json\/wp\/v2\/comments?post=191119"}],"version-history":[{"count":1,"href":"https:\/\/www.gaveanews.com\/index.php\/wp-json\/wp\/v2\/posts\/191119\/revisions"}],"predecessor-version":[{"id":191121,"href":"https:\/\/www.gaveanews.com\/index.php\/wp-json\/wp\/v2\/posts\/191119\/revisions\/191121"}],"wp:featuredmedia":[{"embeddable":true,"href":"https:\/\/www.gaveanews.com\/index.php\/wp-json\/wp\/v2\/media\/152159"}],"wp:attachment":[{"href":"https:\/\/www.gaveanews.com\/index.php\/wp-json\/wp\/v2\/media?parent=191119"}],"wp:term":[{"taxonomy":"category","embeddable":true,"href":"https:\/\/www.gaveanews.com\/index.php\/wp-json\/wp\/v2\/categories?post=191119"},{"taxonomy":"post_tag","embeddable":true,"href":"https:\/\/www.gaveanews.com\/index.php\/wp-json\/wp\/v2\/tags?post=191119"}],"curies":[{"name":"wp","href":"https:\/\/api.w.org\/{rel}","templated":true}]}}