{"id":191133,"date":"2024-11-27T05:45:00","date_gmt":"2024-11-27T08:45:00","guid":{"rendered":"https:\/\/www.gaveanews.com\/?p=191133"},"modified":"2024-11-27T02:32:49","modified_gmt":"2024-11-27T05:32:49","slug":"recado-de-ricardo-guimaraes-declaracao-de-arnaldo-ribeiro-e-preparacao-para-final-as-ultimas-noticias-do-atletico-mg","status":"publish","type":"post","link":"https:\/\/www.gaveanews.com\/index.php\/2024\/11\/27\/recado-de-ricardo-guimaraes-declaracao-de-arnaldo-ribeiro-e-preparacao-para-final-as-ultimas-noticias-do-atletico-mg\/","title":{"rendered":"Recado de Ricardo Guimar\u00e3es, declara\u00e7\u00e3o de Arnaldo Ribeiro e prepara\u00e7\u00e3o para final: as \u00faltimas not\u00edcias do Atl\u00e9tico-MG"},"content":{"rendered":"\n<p>Nas \u00faltimas horas, o foco das not\u00edcias sobre o Atl\u00e9tico-MG se concentram nos bastidores do clube, com destaques como a declara\u00e7\u00e3o de Arnaldo Ribeiro e prepara\u00e7\u00e3o para final.<\/p>\n\n\n\n<p>Por conta deste contexto, leia abaixo um resumo preparado pela equipe do portal G\u00e1vea News para lhe manter muito bem informado!<\/p>\n\n\n\n<h2 class=\"wp-block-heading\" id=\"h-preparacao-para-final\">Prepara\u00e7\u00e3o para final<\/h2>\n\n\n\n<p>O Atl\u00e9tico-MG, comandado por Gabriel Milito, utiliza a partida contra o Juventude como \u00faltimo teste antes da final da Copa Libertadores contra o Botafogo, marcada para s\u00e1bado no Monumental de N\u00fa\u00f1ez. Com a proximidade do confronto decisivo, Milito optou por escalar uma equipe alternativa no Brasileir\u00e3o, preservando os principais jogadores para evitar desgaste f\u00edsico. Entre os titulares poupados, apenas Bernard e Igor Gomes, que atuaram contra o S\u00e3o Paulo, foram mantidos no elenco inicial para o jogo desta ter\u00e7a-feira <strong><a href=\"https:\/\/www.gaveanews.com\/index.php\/2024\/11\/27\/gabriel-milito-realiza-testes-no-atletico-mg-antes-da-final-da-copa-libertadores\/\">(leia a mat\u00e9ria completa).<\/a><\/strong><\/p>\n\n\n\n<figure class=\"wp-block-image size-full\"><img loading=\"lazy\" decoding=\"async\" width=\"799\" height=\"533\" src=\"https:\/\/www.gaveanews.com\/wp-content\/uploads\/Gabriel-Milito-durante-a-partida-entre-Gremio-e-Atletico-MG-pelo-Brasileirao-2024.webp\" alt=\"\" class=\"wp-image-149060\" srcset=\"https:\/\/www.gaveanews.com\/wp-content\/uploads\/Gabriel-Milito-durante-a-partida-entre-Gremio-e-Atletico-MG-pelo-Brasileirao-2024.webp 799w, https:\/\/www.gaveanews.com\/wp-content\/uploads\/Gabriel-Milito-durante-a-partida-entre-Gremio-e-Atletico-MG-pelo-Brasileirao-2024-300x200.webp 300w, https:\/\/www.gaveanews.com\/wp-content\/uploads\/Gabriel-Milito-durante-a-partida-entre-Gremio-e-Atletico-MG-pelo-Brasileirao-2024-768x512.webp 768w, https:\/\/www.gaveanews.com\/wp-content\/uploads\/Gabriel-Milito-durante-a-partida-entre-Gremio-e-Atletico-MG-pelo-Brasileirao-2024-630x420.webp 630w, https:\/\/www.gaveanews.com\/wp-content\/uploads\/Gabriel-Milito-durante-a-partida-entre-Gremio-e-Atletico-MG-pelo-Brasileirao-2024-640x427.webp 640w, https:\/\/www.gaveanews.com\/wp-content\/uploads\/Gabriel-Milito-durante-a-partida-entre-Gremio-e-Atletico-MG-pelo-Brasileirao-2024-681x454.webp 681w, https:\/\/www.gaveanews.com\/wp-content\/uploads\/Gabriel-Milito-durante-a-partida-entre-Gremio-e-Atletico-MG-pelo-Brasileirao-2024-100x67.webp 100w\" sizes=\"auto, (max-width: 799px) 100vw, 799px\" \/><figcaption class=\"wp-element-caption\">Gabriel Milito durante a partida entre Gr\u00eamio e Atl\u00e9tico-MG pelo Brasileir\u00e3o 2024 (Foto: Pedro Souza\/Atl\u00e9tico)<\/figcaption><\/figure>\n\n\n\n<p>O treinamento pr\u00e9vio focou na recupera\u00e7\u00e3o f\u00edsica dos titulares e no ajuste de detalhes t\u00e9cnicos e t\u00e1ticos. Jogadores como Gustavo Scarpa e Guilherme Arana participaram de atividades com bola, enquanto outros realizaram exerc\u00edcios regenerativos. <\/p>\n\n\n\n<p>Essa abordagem reflete a estrat\u00e9gia de Milito para equilibrar a carga de trabalho do elenco e garantir o melhor desempenho poss\u00edvel na decis\u00e3o da Libertadores.<\/p>\n\n\n\n<p>Al\u00e9m disso, o time titular do Atl\u00e9tico-MG contra o Juventude foi composto por Mendes; Rubens, Fuchs, M. Lemos, Rabello; Ot\u00e1vio, Igor Gomes, Bernard; Kardec, Palacios e Vargas. A equipe busca manter o ritmo competitivo, mesmo com as mudan\u00e7as, e chega embalada por um empate contra o S\u00e3o Paulo, conquistado com um jogador a menos. A prepara\u00e7\u00e3o meticulosa \u00e9 vista como essencial para enfrentar os desafios da final e consolidar o ano como um marco na hist\u00f3ria do clube.<\/p>\n\n\n\n<h2 class=\"wp-block-heading\" id=\"h-declaracao-de-arnaldo-ribeiro\">Declara\u00e7\u00e3o de Arnaldo Ribeiro<\/h2>\n\n\n\n<p>A final da Libertadores de 2024 entre Atl\u00e9tico-MG e Botafogo, marcada para o pr\u00f3ximo s\u00e1bado no Est\u00e1dio Monumental de N\u00fa\u00f1ez, promete fortes emo\u00e7\u00f5es. O jornalista Arnaldo Ribeiro apontou o momento psicol\u00f3gico como um diferencial para o Galo, destacando sua trajet\u00f3ria de supera\u00e7\u00e3o durante a temporada. Para ele, o Atl\u00e9tico tem mais &#8220;nervos&#8221; para lidar com a press\u00e3o de uma decis\u00e3o dessa magnitude, especialmente diante da recente queda de desempenho do Botafogo no Campeonato Brasileiro <strong><a href=\"https:\/\/www.gaveanews.com\/index.php\/2024\/11\/26\/a-declaracao-de-arnaldo-ribeiro-direcionada-ao-atletico-mg\/\">(leia a mat\u00e9ria completa).<\/a><\/strong><\/p>\n\n\n\n<figure class=\"wp-block-image size-full\"><img loading=\"lazy\" decoding=\"async\" width=\"960\" height=\"640\" src=\"https:\/\/www.gaveanews.com\/wp-content\/uploads\/Arnaldo-Ribeiro.webp\" alt=\"\" class=\"wp-image-129130\" srcset=\"https:\/\/www.gaveanews.com\/wp-content\/uploads\/Arnaldo-Ribeiro.webp 960w, https:\/\/www.gaveanews.com\/wp-content\/uploads\/Arnaldo-Ribeiro-300x200.webp 300w, https:\/\/www.gaveanews.com\/wp-content\/uploads\/Arnaldo-Ribeiro-768x512.webp 768w, https:\/\/www.gaveanews.com\/wp-content\/uploads\/Arnaldo-Ribeiro-630x420.webp 630w, https:\/\/www.gaveanews.com\/wp-content\/uploads\/Arnaldo-Ribeiro-640x427.webp 640w, https:\/\/www.gaveanews.com\/wp-content\/uploads\/Arnaldo-Ribeiro-681x454.webp 681w, https:\/\/www.gaveanews.com\/wp-content\/uploads\/Arnaldo-Ribeiro-100x67.webp 100w\" sizes=\"auto, (max-width: 960px) 100vw, 960px\" \/><figcaption class=\"wp-element-caption\">Arnaldo Ribeiro no programa Sele\u00e7\u00e3o Sportv &#8211; Foto: reprodu\u00e7\u00e3o<\/figcaption><\/figure>\n\n\n\n<p>Os times chegam \u00e0 final com elencos estrelados. O Atl\u00e9tico-MG conta com Hulk, Paulinho e Guilherme Arana como destaques, enquanto o Botafogo deposita suas esperan\u00e7as em Luiz Henrique, Igor Jesus e na lideran\u00e7a do t\u00e9cnico Artur Jorge. Al\u00e9m do trof\u00e9u, o campe\u00e3o garante vaga direta na pr\u00f3xima edi\u00e7\u00e3o da Libertadores, aumentando a import\u00e2ncia do confronto.<\/p>\n\n\n\n<p>Para o Atl\u00e9tico-MG, erguer a ta\u00e7a significaria consolidar ainda mais seu protagonismo no cen\u00e1rio internacional, conquistando o t\u00edtulo pela segunda vez. J\u00e1 o Botafogo busca um feito hist\u00f3rico: sua primeira conquista continental. O duelo ser\u00e1 uma prova de habilidade e resili\u00eancia, com ambas as equipes determinadas a escrever seus nomes na hist\u00f3ria da competi\u00e7\u00e3o.<\/p>\n\n\n\n<h2 class=\"wp-block-heading\" id=\"h-recado-de-ricardo-guimaraes\">Recado de Ricardo Guimar\u00e3es<\/h2>\n\n\n\n<p>Ricardo Guimar\u00e3es, acionista da SAF do Atl\u00e9tico-MG, minimizou as provoca\u00e7\u00f5es antes da final da Libertadores contra o Botafogo, afirmando que a equipe est\u00e1 focada em seus objetivos e confiante no desempenho dos jogadores. Para ele, n\u00e3o h\u00e1 favoritismo na decis\u00e3o, considerando que ambos os times t\u00eam campanhas consistentes e est\u00e3o entre os melhores do torneio. O dirigente destacou o equil\u00edbrio do confronto, classificando-o como um jogo de &#8220;merecimento&#8221;, dada a qualidade demonstrada por ambas as equipes ao longo da competi\u00e7\u00e3o<strong><a href=\"https:\/\/www.gaveanews.com\/index.php\/2024\/11\/27\/investidor-do-atletico-mg-e-sincero-ao-falar-sobre-a-final-da-copa-libertadores\/\"> (leia a mat\u00e9ria completa).<\/a><\/strong><\/p>\n\n\n\n<figure class=\"wp-block-image size-large\"><img loading=\"lazy\" decoding=\"async\" width=\"1024\" height=\"683\" src=\"https:\/\/www.gaveanews.com\/wp-content\/uploads\/Camisa-do-Atletico-MG-1024x683.webp\" alt=\"\" class=\"wp-image-157061\" srcset=\"https:\/\/www.gaveanews.com\/wp-content\/uploads\/Camisa-do-Atletico-MG-1024x683.webp 1024w, https:\/\/www.gaveanews.com\/wp-content\/uploads\/Camisa-do-Atletico-MG-300x200.webp 300w, https:\/\/www.gaveanews.com\/wp-content\/uploads\/Camisa-do-Atletico-MG-768x512.webp 768w, https:\/\/www.gaveanews.com\/wp-content\/uploads\/Camisa-do-Atletico-MG-630x420.webp 630w, https:\/\/www.gaveanews.com\/wp-content\/uploads\/Camisa-do-Atletico-MG-640x427.webp 640w, https:\/\/www.gaveanews.com\/wp-content\/uploads\/Camisa-do-Atletico-MG-681x454.webp 681w, https:\/\/www.gaveanews.com\/wp-content\/uploads\/Camisa-do-Atletico-MG-100x67.webp 100w, https:\/\/www.gaveanews.com\/wp-content\/uploads\/Camisa-do-Atletico-MG.webp 1080w\" sizes=\"auto, (max-width: 1024px) 100vw, 1024px\" \/><figcaption class=\"wp-element-caption\">Camisa do Atl\u00e9tico-MG (Foto: Reprodu\u00e7\u00e3o\/Instagram)<\/figcaption><\/figure>\n\n\n\n<p>A final, marcada para s\u00e1bado no Monumental de N\u00fa\u00f1ez, em Buenos Aires, promete bater recordes de p\u00fablico, com mais de 60 mil ingressos j\u00e1 vendidos. Este \u00e9 o maior n\u00famero registrado para uma final de Libertadores entre equipes brasileiras desde o in\u00edcio do formato de partida \u00fanica. A partida carrega grande expectativa, sendo um marco para os clubes envolvidos e para o futebol sul-americano.<\/p>\n\n\n\n<p>Guimar\u00e3es enfatizou a excelente trajet\u00f3ria do Atl\u00e9tico-MG no torneio, que incluiu vit\u00f3rias memor\u00e1veis contra times como Fluminense e River Plate. Ao mesmo tempo, reconheceu a for\u00e7a do Botafogo, que tamb\u00e9m teve uma campanha destacada. A decis\u00e3o, portanto, deve ser um duelo equilibrado, refletindo a qualidade e o esfor\u00e7o de ambas as equipes na busca pela &#8220;Gl\u00f3ria Eterna&#8221;.<\/p>\n","protected":false},"excerpt":{"rendered":"<p>Nas \u00faltimas horas, o foco das not\u00edcias sobre o Atl\u00e9tico-MG se concentram nos bastidores do clube, com destaques como a declara\u00e7\u00e3o de Arnaldo Ribeiro e prepara\u00e7\u00e3o para final. Por conta deste contexto, leia abaixo um resumo preparado pela equipe do portal G\u00e1vea News para lhe manter muito bem informado! Prepara\u00e7\u00e3o para final O Atl\u00e9tico-MG, comandado [&hellip;]<\/p>\n","protected":false},"author":27,"featured_media":153999,"comment_status":"open","ping_status":"closed","sticky":false,"template":"","format":"standard","meta":{"footnotes":""},"categories":[136],"tags":[],"class_list":["post-191133","post","type-post","status-publish","format-standard","has-post-thumbnail","hentry","category-atletico-mg"],"yoast_head":"<!-- This site is optimized with the Yoast SEO Premium plugin v24.2 (Yoast SEO v26.9) - https:\/\/yoast.com\/product\/yoast-seo-premium-wordpress\/ -->\n<title>Recado de Ricardo Guimar\u00e3es, declara\u00e7\u00e3o de Arnaldo Ribeiro e prepara\u00e7\u00e3o para final: as \u00faltimas not\u00edcias do Atl\u00e9tico-MG<\/title>\n<meta name=\"robots\" content=\"index, follow, max-snippet:-1, max-image-preview:large, max-video-preview:-1\" \/>\n<link rel=\"canonical\" href=\"https:\/\/www.gaveanews.com\/index.php\/2024\/11\/27\/recado-de-ricardo-guimaraes-declaracao-de-arnaldo-ribeiro-e-preparacao-para-final-as-ultimas-noticias-do-atletico-mg\/\" \/>\n<meta property=\"og:locale\" content=\"pt_BR\" \/>\n<meta property=\"og:type\" content=\"article\" \/>\n<meta property=\"og:title\" content=\"Recado de Ricardo Guimar\u00e3es, declara\u00e7\u00e3o de Arnaldo Ribeiro e prepara\u00e7\u00e3o para final: as \u00faltimas not\u00edcias do Atl\u00e9tico-MG\" \/>\n<meta property=\"og:description\" content=\"Nas \u00faltimas horas, o foco das not\u00edcias sobre o Atl\u00e9tico-MG se concentram nos bastidores do clube, com destaques como a declara\u00e7\u00e3o de Arnaldo Ribeiro e prepara\u00e7\u00e3o para final. Por conta deste contexto, leia abaixo um resumo preparado pela equipe do portal G\u00e1vea News para lhe manter muito bem informado! Prepara\u00e7\u00e3o para final O Atl\u00e9tico-MG, comandado [&hellip;]\" \/>\n<meta property=\"og:url\" content=\"https:\/\/www.gaveanews.com\/index.php\/2024\/11\/27\/recado-de-ricardo-guimaraes-declaracao-de-arnaldo-ribeiro-e-preparacao-para-final-as-ultimas-noticias-do-atletico-mg\/\" \/>\n<meta property=\"og:site_name\" content=\"G\u00e1vea News\" \/>\n<meta property=\"article:publisher\" content=\"https:\/\/facebook.com\/gaveaNews\/\" \/>\n<meta property=\"article:published_time\" content=\"2024-11-27T08:45:00+00:00\" \/>\n<meta property=\"og:image\" content=\"https:\/\/www.gaveanews.com\/wp-content\/uploads\/Estadio-do-Atletico-MG.webp\" \/>\n\t<meta property=\"og:image:width\" content=\"900\" \/>\n\t<meta property=\"og:image:height\" content=\"600\" \/>\n\t<meta property=\"og:image:type\" content=\"image\/webp\" \/>\n<meta name=\"author\" content=\"Matheus Felipe\" \/>\n<meta name=\"twitter:card\" content=\"summary_large_image\" \/>\n<meta name=\"twitter:label1\" content=\"Escrito por\" \/>\n\t<meta name=\"twitter:data1\" content=\"Matheus Felipe\" \/>\n\t<meta name=\"twitter:label2\" content=\"Est. tempo de leitura\" \/>\n\t<meta name=\"twitter:data2\" content=\"5 minutos\" \/>\n<script type=\"application\/ld+json\" class=\"yoast-schema-graph\">{\"@context\":\"https:\/\/schema.org\",\"@graph\":[{\"@type\":\"NewsArticle\",\"@id\":\"https:\/\/www.gaveanews.com\/index.php\/2024\/11\/27\/recado-de-ricardo-guimaraes-declaracao-de-arnaldo-ribeiro-e-preparacao-para-final-as-ultimas-noticias-do-atletico-mg\/#article\",\"isPartOf\":{\"@id\":\"https:\/\/www.gaveanews.com\/index.php\/2024\/11\/27\/recado-de-ricardo-guimaraes-declaracao-de-arnaldo-ribeiro-e-preparacao-para-final-as-ultimas-noticias-do-atletico-mg\/\"},\"author\":{\"name\":\"Matheus Felipe\",\"@id\":\"https:\/\/www.gaveanews.com\/#\/schema\/person\/8207cd4627f56151707418bfc835b2fb\"},\"headline\":\"Recado de Ricardo Guimar\u00e3es, declara\u00e7\u00e3o de Arnaldo Ribeiro e prepara\u00e7\u00e3o para final: as \u00faltimas not\u00edcias do Atl\u00e9tico-MG\",\"datePublished\":\"2024-11-27T08:45:00+00:00\",\"mainEntityOfPage\":{\"@id\":\"https:\/\/www.gaveanews.com\/index.php\/2024\/11\/27\/recado-de-ricardo-guimaraes-declaracao-de-arnaldo-ribeiro-e-preparacao-para-final-as-ultimas-noticias-do-atletico-mg\/\"},\"wordCount\":815,\"commentCount\":0,\"image\":{\"@id\":\"https:\/\/www.gaveanews.com\/index.php\/2024\/11\/27\/recado-de-ricardo-guimaraes-declaracao-de-arnaldo-ribeiro-e-preparacao-para-final-as-ultimas-noticias-do-atletico-mg\/#primaryimage\"},\"thumbnailUrl\":\"https:\/\/www.gaveanews.com\/wp-content\/uploads\/Estadio-do-Atletico-MG.webp\",\"articleSection\":[\"Atl\u00e9tico-MG\"],\"inLanguage\":\"pt-BR\",\"potentialAction\":[{\"@type\":\"CommentAction\",\"name\":\"Comment\",\"target\":[\"https:\/\/www.gaveanews.com\/index.php\/2024\/11\/27\/recado-de-ricardo-guimaraes-declaracao-de-arnaldo-ribeiro-e-preparacao-para-final-as-ultimas-noticias-do-atletico-mg\/#respond\"]}],\"copyrightYear\":\"2024\",\"copyrightHolder\":{\"@id\":\"https:\/\/www.gaveanews.com\/#organization\"}},{\"@type\":\"WebPage\",\"@id\":\"https:\/\/www.gaveanews.com\/index.php\/2024\/11\/27\/recado-de-ricardo-guimaraes-declaracao-de-arnaldo-ribeiro-e-preparacao-para-final-as-ultimas-noticias-do-atletico-mg\/\",\"url\":\"https:\/\/www.gaveanews.com\/index.php\/2024\/11\/27\/recado-de-ricardo-guimaraes-declaracao-de-arnaldo-ribeiro-e-preparacao-para-final-as-ultimas-noticias-do-atletico-mg\/\",\"name\":\"Recado de Ricardo Guimar\u00e3es, declara\u00e7\u00e3o de Arnaldo Ribeiro e prepara\u00e7\u00e3o para final: as \u00faltimas not\u00edcias do Atl\u00e9tico-MG\",\"isPartOf\":{\"@id\":\"https:\/\/www.gaveanews.com\/#website\"},\"primaryImageOfPage\":{\"@id\":\"https:\/\/www.gaveanews.com\/index.php\/2024\/11\/27\/recado-de-ricardo-guimaraes-declaracao-de-arnaldo-ribeiro-e-preparacao-para-final-as-ultimas-noticias-do-atletico-mg\/#primaryimage\"},\"image\":{\"@id\":\"https:\/\/www.gaveanews.com\/index.php\/2024\/11\/27\/recado-de-ricardo-guimaraes-declaracao-de-arnaldo-ribeiro-e-preparacao-para-final-as-ultimas-noticias-do-atletico-mg\/#primaryimage\"},\"thumbnailUrl\":\"https:\/\/www.gaveanews.com\/wp-content\/uploads\/Estadio-do-Atletico-MG.webp\",\"datePublished\":\"2024-11-27T08:45:00+00:00\",\"author\":{\"@id\":\"https:\/\/www.gaveanews.com\/#\/schema\/person\/8207cd4627f56151707418bfc835b2fb\"},\"breadcrumb\":{\"@id\":\"https:\/\/www.gaveanews.com\/index.php\/2024\/11\/27\/recado-de-ricardo-guimaraes-declaracao-de-arnaldo-ribeiro-e-preparacao-para-final-as-ultimas-noticias-do-atletico-mg\/#breadcrumb\"},\"inLanguage\":\"pt-BR\",\"potentialAction\":[{\"@type\":\"ReadAction\",\"target\":[\"https:\/\/www.gaveanews.com\/index.php\/2024\/11\/27\/recado-de-ricardo-guimaraes-declaracao-de-arnaldo-ribeiro-e-preparacao-para-final-as-ultimas-noticias-do-atletico-mg\/\"]}]},{\"@type\":\"ImageObject\",\"inLanguage\":\"pt-BR\",\"@id\":\"https:\/\/www.gaveanews.com\/index.php\/2024\/11\/27\/recado-de-ricardo-guimaraes-declaracao-de-arnaldo-ribeiro-e-preparacao-para-final-as-ultimas-noticias-do-atletico-mg\/#primaryimage\",\"url\":\"https:\/\/www.gaveanews.com\/wp-content\/uploads\/Estadio-do-Atletico-MG.webp\",\"contentUrl\":\"https:\/\/www.gaveanews.com\/wp-content\/uploads\/Estadio-do-Atletico-MG.webp\",\"width\":900,\"height\":600,\"caption\":\"Arena MRV, est\u00e1dio do Atl\u00e9tico-MG (Foto: Reprodu\u00e7\u00e3o\/Atl\u00e9tico)\"},{\"@type\":\"BreadcrumbList\",\"@id\":\"https:\/\/www.gaveanews.com\/index.php\/2024\/11\/27\/recado-de-ricardo-guimaraes-declaracao-de-arnaldo-ribeiro-e-preparacao-para-final-as-ultimas-noticias-do-atletico-mg\/#breadcrumb\",\"itemListElement\":[{\"@type\":\"ListItem\",\"position\":1,\"name\":\"Home\",\"item\":\"https:\/\/www.gaveanews.com\/\"},{\"@type\":\"ListItem\",\"position\":2,\"name\":\"Recado de Ricardo Guimar\u00e3es, declara\u00e7\u00e3o de Arnaldo Ribeiro e prepara\u00e7\u00e3o para final: as \u00faltimas not\u00edcias do Atl\u00e9tico-MG\"}]},{\"@type\":\"WebSite\",\"@id\":\"https:\/\/www.gaveanews.com\/#website\",\"url\":\"https:\/\/www.gaveanews.com\/\",\"name\":\"G\u00e1vea News\",\"description\":\"Veja todas as not\u00edcias sobre o Flamengo: Contrata\u00e7\u00f5es, categorias de base, resultados das partidas, tabela de classifica\u00e7\u00e3o, pr\u00f3ximos jogos!\",\"potentialAction\":[{\"@type\":\"SearchAction\",\"target\":{\"@type\":\"EntryPoint\",\"urlTemplate\":\"https:\/\/www.gaveanews.com\/?s={search_term_string}\"},\"query-input\":{\"@type\":\"PropertyValueSpecification\",\"valueRequired\":true,\"valueName\":\"search_term_string\"}}],\"inLanguage\":\"pt-BR\"},{\"@type\":\"Person\",\"@id\":\"https:\/\/www.gaveanews.com\/#\/schema\/person\/8207cd4627f56151707418bfc835b2fb\",\"name\":\"Matheus Felipe\",\"image\":{\"@type\":\"ImageObject\",\"inLanguage\":\"pt-BR\",\"@id\":\"https:\/\/www.gaveanews.com\/#\/schema\/person\/image\/\",\"url\":\"https:\/\/secure.gravatar.com\/avatar\/a452ffbed9130f726358b298bb3a99ce4bd3c5338411f8440e87e14d74c7c087?s=96&d=mm&r=g\",\"contentUrl\":\"https:\/\/secure.gravatar.com\/avatar\/a452ffbed9130f726358b298bb3a99ce4bd3c5338411f8440e87e14d74c7c087?s=96&d=mm&r=g\",\"caption\":\"Matheus Felipe\"}}]}<\/script>\n<!-- \/ Yoast SEO Premium plugin. -->","yoast_head_json":{"title":"Recado de Ricardo Guimar\u00e3es, declara\u00e7\u00e3o de Arnaldo Ribeiro e prepara\u00e7\u00e3o para final: as \u00faltimas not\u00edcias do Atl\u00e9tico-MG","robots":{"index":"index","follow":"follow","max-snippet":"max-snippet:-1","max-image-preview":"max-image-preview:large","max-video-preview":"max-video-preview:-1"},"canonical":"https:\/\/www.gaveanews.com\/index.php\/2024\/11\/27\/recado-de-ricardo-guimaraes-declaracao-de-arnaldo-ribeiro-e-preparacao-para-final-as-ultimas-noticias-do-atletico-mg\/","og_locale":"pt_BR","og_type":"article","og_title":"Recado de Ricardo Guimar\u00e3es, declara\u00e7\u00e3o de Arnaldo Ribeiro e prepara\u00e7\u00e3o para final: as \u00faltimas not\u00edcias do Atl\u00e9tico-MG","og_description":"Nas \u00faltimas horas, o foco das not\u00edcias sobre o Atl\u00e9tico-MG se concentram nos bastidores do clube, com destaques como a declara\u00e7\u00e3o de Arnaldo Ribeiro e prepara\u00e7\u00e3o para final. Por conta deste contexto, leia abaixo um resumo preparado pela equipe do portal G\u00e1vea News para lhe manter muito bem informado! Prepara\u00e7\u00e3o para final O Atl\u00e9tico-MG, comandado [&hellip;]","og_url":"https:\/\/www.gaveanews.com\/index.php\/2024\/11\/27\/recado-de-ricardo-guimaraes-declaracao-de-arnaldo-ribeiro-e-preparacao-para-final-as-ultimas-noticias-do-atletico-mg\/","og_site_name":"G\u00e1vea News","article_publisher":"https:\/\/facebook.com\/gaveaNews\/","article_published_time":"2024-11-27T08:45:00+00:00","og_image":[{"width":900,"height":600,"url":"https:\/\/www.gaveanews.com\/wp-content\/uploads\/Estadio-do-Atletico-MG.webp","type":"image\/webp"}],"author":"Matheus Felipe","twitter_card":"summary_large_image","twitter_misc":{"Escrito por":"Matheus Felipe","Est. tempo de leitura":"5 minutos"},"schema":{"@context":"https:\/\/schema.org","@graph":[{"@type":"NewsArticle","@id":"https:\/\/www.gaveanews.com\/index.php\/2024\/11\/27\/recado-de-ricardo-guimaraes-declaracao-de-arnaldo-ribeiro-e-preparacao-para-final-as-ultimas-noticias-do-atletico-mg\/#article","isPartOf":{"@id":"https:\/\/www.gaveanews.com\/index.php\/2024\/11\/27\/recado-de-ricardo-guimaraes-declaracao-de-arnaldo-ribeiro-e-preparacao-para-final-as-ultimas-noticias-do-atletico-mg\/"},"author":{"name":"Matheus Felipe","@id":"https:\/\/www.gaveanews.com\/#\/schema\/person\/8207cd4627f56151707418bfc835b2fb"},"headline":"Recado de Ricardo Guimar\u00e3es, declara\u00e7\u00e3o de Arnaldo Ribeiro e prepara\u00e7\u00e3o para final: as \u00faltimas not\u00edcias do Atl\u00e9tico-MG","datePublished":"2024-11-27T08:45:00+00:00","mainEntityOfPage":{"@id":"https:\/\/www.gaveanews.com\/index.php\/2024\/11\/27\/recado-de-ricardo-guimaraes-declaracao-de-arnaldo-ribeiro-e-preparacao-para-final-as-ultimas-noticias-do-atletico-mg\/"},"wordCount":815,"commentCount":0,"image":{"@id":"https:\/\/www.gaveanews.com\/index.php\/2024\/11\/27\/recado-de-ricardo-guimaraes-declaracao-de-arnaldo-ribeiro-e-preparacao-para-final-as-ultimas-noticias-do-atletico-mg\/#primaryimage"},"thumbnailUrl":"https:\/\/www.gaveanews.com\/wp-content\/uploads\/Estadio-do-Atletico-MG.webp","articleSection":["Atl\u00e9tico-MG"],"inLanguage":"pt-BR","potentialAction":[{"@type":"CommentAction","name":"Comment","target":["https:\/\/www.gaveanews.com\/index.php\/2024\/11\/27\/recado-de-ricardo-guimaraes-declaracao-de-arnaldo-ribeiro-e-preparacao-para-final-as-ultimas-noticias-do-atletico-mg\/#respond"]}],"copyrightYear":"2024","copyrightHolder":{"@id":"https:\/\/www.gaveanews.com\/#organization"}},{"@type":"WebPage","@id":"https:\/\/www.gaveanews.com\/index.php\/2024\/11\/27\/recado-de-ricardo-guimaraes-declaracao-de-arnaldo-ribeiro-e-preparacao-para-final-as-ultimas-noticias-do-atletico-mg\/","url":"https:\/\/www.gaveanews.com\/index.php\/2024\/11\/27\/recado-de-ricardo-guimaraes-declaracao-de-arnaldo-ribeiro-e-preparacao-para-final-as-ultimas-noticias-do-atletico-mg\/","name":"Recado de Ricardo Guimar\u00e3es, declara\u00e7\u00e3o de Arnaldo Ribeiro e prepara\u00e7\u00e3o para final: as \u00faltimas not\u00edcias do Atl\u00e9tico-MG","isPartOf":{"@id":"https:\/\/www.gaveanews.com\/#website"},"primaryImageOfPage":{"@id":"https:\/\/www.gaveanews.com\/index.php\/2024\/11\/27\/recado-de-ricardo-guimaraes-declaracao-de-arnaldo-ribeiro-e-preparacao-para-final-as-ultimas-noticias-do-atletico-mg\/#primaryimage"},"image":{"@id":"https:\/\/www.gaveanews.com\/index.php\/2024\/11\/27\/recado-de-ricardo-guimaraes-declaracao-de-arnaldo-ribeiro-e-preparacao-para-final-as-ultimas-noticias-do-atletico-mg\/#primaryimage"},"thumbnailUrl":"https:\/\/www.gaveanews.com\/wp-content\/uploads\/Estadio-do-Atletico-MG.webp","datePublished":"2024-11-27T08:45:00+00:00","author":{"@id":"https:\/\/www.gaveanews.com\/#\/schema\/person\/8207cd4627f56151707418bfc835b2fb"},"breadcrumb":{"@id":"https:\/\/www.gaveanews.com\/index.php\/2024\/11\/27\/recado-de-ricardo-guimaraes-declaracao-de-arnaldo-ribeiro-e-preparacao-para-final-as-ultimas-noticias-do-atletico-mg\/#breadcrumb"},"inLanguage":"pt-BR","potentialAction":[{"@type":"ReadAction","target":["https:\/\/www.gaveanews.com\/index.php\/2024\/11\/27\/recado-de-ricardo-guimaraes-declaracao-de-arnaldo-ribeiro-e-preparacao-para-final-as-ultimas-noticias-do-atletico-mg\/"]}]},{"@type":"ImageObject","inLanguage":"pt-BR","@id":"https:\/\/www.gaveanews.com\/index.php\/2024\/11\/27\/recado-de-ricardo-guimaraes-declaracao-de-arnaldo-ribeiro-e-preparacao-para-final-as-ultimas-noticias-do-atletico-mg\/#primaryimage","url":"https:\/\/www.gaveanews.com\/wp-content\/uploads\/Estadio-do-Atletico-MG.webp","contentUrl":"https:\/\/www.gaveanews.com\/wp-content\/uploads\/Estadio-do-Atletico-MG.webp","width":900,"height":600,"caption":"Arena MRV, est\u00e1dio do Atl\u00e9tico-MG (Foto: Reprodu\u00e7\u00e3o\/Atl\u00e9tico)"},{"@type":"BreadcrumbList","@id":"https:\/\/www.gaveanews.com\/index.php\/2024\/11\/27\/recado-de-ricardo-guimaraes-declaracao-de-arnaldo-ribeiro-e-preparacao-para-final-as-ultimas-noticias-do-atletico-mg\/#breadcrumb","itemListElement":[{"@type":"ListItem","position":1,"name":"Home","item":"https:\/\/www.gaveanews.com\/"},{"@type":"ListItem","position":2,"name":"Recado de Ricardo Guimar\u00e3es, declara\u00e7\u00e3o de Arnaldo Ribeiro e prepara\u00e7\u00e3o para final: as \u00faltimas not\u00edcias do Atl\u00e9tico-MG"}]},{"@type":"WebSite","@id":"https:\/\/www.gaveanews.com\/#website","url":"https:\/\/www.gaveanews.com\/","name":"G\u00e1vea News","description":"Veja todas as not\u00edcias sobre o Flamengo: Contrata\u00e7\u00f5es, categorias de base, resultados das partidas, tabela de classifica\u00e7\u00e3o, pr\u00f3ximos jogos!","potentialAction":[{"@type":"SearchAction","target":{"@type":"EntryPoint","urlTemplate":"https:\/\/www.gaveanews.com\/?s={search_term_string}"},"query-input":{"@type":"PropertyValueSpecification","valueRequired":true,"valueName":"search_term_string"}}],"inLanguage":"pt-BR"},{"@type":"Person","@id":"https:\/\/www.gaveanews.com\/#\/schema\/person\/8207cd4627f56151707418bfc835b2fb","name":"Matheus Felipe","image":{"@type":"ImageObject","inLanguage":"pt-BR","@id":"https:\/\/www.gaveanews.com\/#\/schema\/person\/image\/","url":"https:\/\/secure.gravatar.com\/avatar\/a452ffbed9130f726358b298bb3a99ce4bd3c5338411f8440e87e14d74c7c087?s=96&d=mm&r=g","contentUrl":"https:\/\/secure.gravatar.com\/avatar\/a452ffbed9130f726358b298bb3a99ce4bd3c5338411f8440e87e14d74c7c087?s=96&d=mm&r=g","caption":"Matheus Felipe"}}]}},"_links":{"self":[{"href":"https:\/\/www.gaveanews.com\/index.php\/wp-json\/wp\/v2\/posts\/191133","targetHints":{"allow":["GET"]}}],"collection":[{"href":"https:\/\/www.gaveanews.com\/index.php\/wp-json\/wp\/v2\/posts"}],"about":[{"href":"https:\/\/www.gaveanews.com\/index.php\/wp-json\/wp\/v2\/types\/post"}],"author":[{"embeddable":true,"href":"https:\/\/www.gaveanews.com\/index.php\/wp-json\/wp\/v2\/users\/27"}],"replies":[{"embeddable":true,"href":"https:\/\/www.gaveanews.com\/index.php\/wp-json\/wp\/v2\/comments?post=191133"}],"version-history":[{"count":1,"href":"https:\/\/www.gaveanews.com\/index.php\/wp-json\/wp\/v2\/posts\/191133\/revisions"}],"predecessor-version":[{"id":191139,"href":"https:\/\/www.gaveanews.com\/index.php\/wp-json\/wp\/v2\/posts\/191133\/revisions\/191139"}],"wp:featuredmedia":[{"embeddable":true,"href":"https:\/\/www.gaveanews.com\/index.php\/wp-json\/wp\/v2\/media\/153999"}],"wp:attachment":[{"href":"https:\/\/www.gaveanews.com\/index.php\/wp-json\/wp\/v2\/media?parent=191133"}],"wp:term":[{"taxonomy":"category","embeddable":true,"href":"https:\/\/www.gaveanews.com\/index.php\/wp-json\/wp\/v2\/categories?post=191133"},{"taxonomy":"post_tag","embeddable":true,"href":"https:\/\/www.gaveanews.com\/index.php\/wp-json\/wp\/v2\/tags?post=191133"}],"curies":[{"name":"wp","href":"https:\/\/api.w.org\/{rel}","templated":true}]}}