{"id":191179,"date":"2024-11-27T10:15:00","date_gmt":"2024-11-27T13:15:00","guid":{"rendered":"https:\/\/www.gaveanews.com\/?p=191179"},"modified":"2024-11-27T09:49:43","modified_gmt":"2024-11-27T12:49:43","slug":"novidades-veja-5-carros-da-volkswagen-que-serao-lancados-em-2025-no-brasil","status":"publish","type":"post","link":"https:\/\/www.gaveanews.com\/index.php\/2024\/11\/27\/novidades-veja-5-carros-da-volkswagen-que-serao-lancados-em-2025-no-brasil\/","title":{"rendered":"Novidades! Veja 5 carros da Volkswagen que ser\u00e3o lan\u00e7ados em 2025 no Brasil"},"content":{"rendered":"\n<p>O ano de 2025 promete ser movimentado para a Volkswagen no mercado brasileiro. A montadora est\u00e1 preparando uma s\u00e9rie de lan\u00e7amentos que v\u00e3o desde modelos atualizados at\u00e9 novidades com tecnologias in\u00e9ditas para o pa\u00eds. Com foco em inova\u00e7\u00e3o, efici\u00eancia e design, a marca busca atender a diferentes perfis de consumidores, mantendo-se competitiva em segmentos estrat\u00e9gicos.<\/p>\n\n\n\n<p>Pensando nisso, reunimos uma lista com cinco modelos que chegam ao Brasil em 2025 e prometem chamar aten\u00e7\u00e3o. Confira!<\/p>\n\n\n\n<ul class=\"wp-block-list\">\n<li><a href=\"https:\/\/www.gaveanews.com\/index.php\/2024\/11\/27\/novidades-veja-5-carros-da-fiat-que-serao-lancados-em-2025-no-brasil\/\">Novidades! Veja 5 carros da Fiat que ser\u00e3o lan\u00e7ados em 2025 no Brasil<\/a><\/li>\n\n\n\n<li><a href=\"https:\/\/www.gaveanews.com\/index.php\/2024\/11\/27\/novidades-veja-5-carros-da-chevrolet-que-serao-lancados-em-2025-no-brasil\/\">Novidades! Veja 5 carros da Chevrolet que ser\u00e3o lan\u00e7ados em 2025 no Brasil<\/a><\/li>\n<\/ul>\n\n\n\n<h2 class=\"wp-block-heading\" id=\"h-volkswagen-tera\">Volkswagen Tera<\/h2>\n\n\n\n<p>O Volkswagen Tera \u00e9 o novo SUV subcompacto da montadora, posicionado abaixo do Nivus e do T-Cross. Desenvolvido para competir diretamente com modelos como Fiat Pulse e Renault Kardian, o Tera ser\u00e1 fabricado em Taubat\u00e9, S\u00e3o Paulo, com previs\u00e3o de lan\u00e7amento no primeiro trimestre de 2025. A Volkswagen anunciou que o nome &#8220;Tera&#8221; mant\u00e9m a tradi\u00e7\u00e3o da marca de nomear seus SUVs com iniciais &#8220;T&#8221;.<\/p>\n\n\n\n<figure class=\"wp-block-embed is-type-photo is-provider-flickr wp-block-embed-flickr\"><div class=\"wp-block-embed__wrapper\">\n<a href=\"https:\/\/www.flickr.com\/photos\/201155970@N03\/54167745211\/in\/dateposted-public\/\"><img loading=\"lazy\" decoding=\"async\" src=\"https:\/\/live.staticflickr.com\/65535\/54167745211_11642afa20_z.webp\" alt=\"imagem_2024-11-27_085233450\" width=\"640\" height=\"360\" \/><\/a>\n<\/div><\/figure>\n\n\n\n<p>Em rela\u00e7\u00e3o \u00e0 motoriza\u00e7\u00e3o, o Tera contar\u00e1 com o motor 1.0 TSI turbo flex de tr\u00eas cilindros, em duas vers\u00f5es: uma de 116 cv e outra de 128 cv. Essas op\u00e7\u00f5es ser\u00e3o oferecidas com transmiss\u00e3o manual de cinco marchas ou autom\u00e1tica de seis marchas, garantindo flexibilidade para diferentes perfis de motoristas. O modelo ser\u00e1 constru\u00eddo sobre a plataforma MQB A0, compartilhada com o Polo, sugerindo dimens\u00f5es compactas e aproveitamento eficiente do espa\u00e7o interno.<\/p>\n\n\n\n<p>Embora as medidas exatas ainda n\u00e3o tenham sido divulgadas, \u00e9 esperado que o Tera tenha dimens\u00f5es semelhantes \u00e0s do Polo, com entre-eixos de 2,56 metros, oferecendo bom espa\u00e7o interno. A capacidade do porta-malas n\u00e3o foi confirmada, mas dever\u00e1 ser compat\u00edvel com outros SUVs subcompactos. Em rela\u00e7\u00e3o ao consumo de combust\u00edvel, o motor 1.0 TSI \u00e9 conhecido por equilibrar desempenho e efici\u00eancia, uma caracter\u00edstica atrativa para o mercado brasileiro.<\/p>\n\n\n\n<p>O Tera ser\u00e1 flex, funcionando tanto com gasolina quanto com etanol, alinhando-se \u00e0s prefer\u00eancias do p\u00fablico no Brasil. Al\u00e9m dos aspectos t\u00e9cnicos, o modelo apresentar\u00e1 um design robusto e moderno, inspirado em lan\u00e7amentos recentes da Volkswagen na Europa e Am\u00e9rica do Norte. Combinando tecnologia atualizada e recursos de conectividade, o SUV pretende atender \u00e0s demandas dos consumidores que buscam um ve\u00edculo acess\u00edvel e vers\u00e1til.<\/p>\n\n\n\n<h2 class=\"wp-block-heading\" id=\"h-volkswagen-nivus-gts\">Volkswagen Nivus GTS<\/h2>\n\n\n\n<p>A Volkswagen expandir\u00e1 a linha Nivus com o lan\u00e7amento da vers\u00e3o esportiva GTS, previsto para o primeiro semestre de 2025. O modelo ter\u00e1 o motor 250 TSI, um 1.4 turbo flex de 150 cv e torque de 25,5 kgfm, acoplado a uma transmiss\u00e3o autom\u00e1tica de seis marchas. Esse conjunto oferecer\u00e1 desempenho superior em rela\u00e7\u00e3o \u00e0s vers\u00f5es convencionais, voltando-se para motoristas que buscam uma condu\u00e7\u00e3o mais esportiva.<\/p>\n\n\n\n<figure class=\"wp-block-embed is-type-photo is-provider-flickr wp-block-embed-flickr\"><div class=\"wp-block-embed__wrapper\">\n<a href=\"https:\/\/www.flickr.com\/photos\/201155970@N03\/54168202035\/in\/dateposted-public\/\"><img loading=\"lazy\" decoding=\"async\" src=\"https:\/\/live.staticflickr.com\/65535\/54168202035_51bbb21803_z.webp\" alt=\"imagem_2024-11-27_085243729\" width=\"640\" height=\"427\" \/><\/a>\n<\/div><\/figure>\n\n\n\n<p>As dimens\u00f5es do Nivus GTS n\u00e3o ter\u00e3o altera\u00e7\u00f5es significativas em rela\u00e7\u00e3o \u00e0s demais vers\u00f5es: 4,27 metros de comprimento, 1,76 metro de largura, 1,49 metro de altura e entre-eixos de 2,56 metros. O porta-malas ter\u00e1 capacidade de 415 litros, mantendo o mesmo espa\u00e7o para bagagens. O consumo de combust\u00edvel da vers\u00e3o GTS ainda n\u00e3o foi detalhado, mas deve apresentar pequenas diferen\u00e7as devido ao aumento de pot\u00eancia.<\/p>\n\n\n\n<p>O Nivus GTS ser\u00e1 flex, aceitando gasolina e etanol. Al\u00e9m das melhorias de desempenho, a vers\u00e3o esportiva trar\u00e1 atualiza\u00e7\u00f5es est\u00e9ticas, incluindo para-choques redesenhados, rodas exclusivas de 18 polegadas e acabamentos internos diferenciados, refor\u00e7ando a proposta de um modelo mais agressivo visualmente. O pre\u00e7o ainda n\u00e3o foi anunciado, mas estima-se algo em torno de R$ 170.000.<\/p>\n\n\n\n<p>Internamente, o ve\u00edculo contar\u00e1 com tecnologias avan\u00e7adas, como o sistema VW Play Connect de 10,1 polegadas e o aplicativo Meu VW 2.0, garantindo maior conectividade e praticidade. Esses recursos evidenciam o esfor\u00e7o da Volkswagen em entregar um produto que combine desempenho esportivo, conforto e inova\u00e7\u00e3o tecnol\u00f3gica.<\/p>\n\n\n\n<h2 class=\"wp-block-heading\" id=\"h-volkswagen-tiguan-2025\">Volkswagen Tiguan 2025<\/h2>\n\n\n\n<p>A nova gera\u00e7\u00e3o do Volkswagen Tiguan chegar\u00e1 ao mercado brasileiro em 2025, apresentando um design renovado e avan\u00e7os tecnol\u00f3gicos significativos. O modelo ter\u00e1 linhas modernas e aerodin\u00e2micas, em conformidade com a identidade visual atual da marca. Sob o cap\u00f4, o motor 2.0 turbo a gasolina foi ajustado para entregar 204 cv, combinado com uma transmiss\u00e3o autom\u00e1tica de oito marchas, garantindo uma experi\u00eancia de dire\u00e7\u00e3o mais din\u00e2mica e eficiente.<\/p>\n\n\n\n<figure class=\"wp-block-embed is-type-photo is-provider-flickr wp-block-embed-flickr\"><div class=\"wp-block-embed__wrapper\">\n<a href=\"https:\/\/www.flickr.com\/photos\/201155970@N03\/54168202535\/in\/dateposted-public\/\"><img loading=\"lazy\" decoding=\"async\" src=\"https:\/\/live.staticflickr.com\/65535\/54168202535_5a60dfde23_z.webp\" alt=\"imagem_2024-11-27_085304013\" width=\"640\" height=\"479\" \/><\/a>\n<\/div><\/figure>\n\n\n\n<p>Com comprimento de aproximadamente 4,51 metros, largura de 1,84 metro, altura de 1,68 metro e entre-eixos de 2,68 metros, o Tiguan 2025 oferecer\u00e1 amplo espa\u00e7o interno para ocupantes e bagagens. A capacidade do porta-malas \u00e9 estimada em 520 litros, atendendo bem \u00e0s necessidades de fam\u00edlias e viajantes. O consumo de combust\u00edvel ainda n\u00e3o foi detalhado, mas s\u00e3o esperadas melhorias na efici\u00eancia devido \u00e0s atualiza\u00e7\u00f5es mec\u00e2nicas e aerodin\u00e2micas.<\/p>\n\n\n\n<p>O Tiguan 2025 ser\u00e1 movido exclusivamente a gasolina, seguindo o padr\u00e3o de SUVs premium no Brasil. O interior do ve\u00edculo contar\u00e1 com um painel digital de 10,25 polegadas e uma central multim\u00eddia de 12,9 polegadas, al\u00e9m de itens avan\u00e7ados de seguran\u00e7a, como o pacote IQ.Drive, que inclui controle de cruzeiro adaptativo e 10 airbags. Esses recursos refletem o compromisso da Volkswagen em oferecer conforto e seguran\u00e7a de alto n\u00edvel.<\/p>\n\n\n\n<p>Adicionalmente, o modelo ter\u00e1 sistemas de assist\u00eancia ao motorista, como frenagem aut\u00f4noma de emerg\u00eancia, assistente de perman\u00eancia em faixa e monitoramento de ponto cego, ampliando a seguran\u00e7a e conveni\u00eancia. Com essas inova\u00e7\u00f5es, a Volkswagen busca refor\u00e7ar a competitividade do Tiguan no segmento de SUVs m\u00e9dios.<\/p>\n\n\n\n<h2 class=\"wp-block-heading\" id=\"h-volkswagen-taos-hibrido\">Volkswagen Taos H\u00edbrido<\/h2>\n\n\n\n<p>A Volkswagen planeja lan\u00e7ar no Brasil, em 2025, uma vers\u00e3o h\u00edbrida do SUV Taos, marcando a introdu\u00e7\u00e3o da tecnologia h\u00edbrida-flex da marca no pa\u00eds. Essa estrat\u00e9gia busca atender \u00e0 crescente procura por ve\u00edculos mais eficientes e sustent\u00e1veis. O modelo combinar\u00e1 um motor a combust\u00e3o flex\u00edvel, que funciona tanto com gasolina quanto com etanol, com um sistema el\u00e9trico leve (MHEV). Esse sistema inclui um motor de partida\/gerador de baixa pot\u00eancia conectado ao virabrequim, oferecendo assist\u00eancia em situa\u00e7\u00f5es como acelera\u00e7\u00f5es mais intensas.<\/p>\n\n\n\n<figure class=\"wp-block-embed is-type-photo is-provider-flickr wp-block-embed-flickr\"><div class=\"wp-block-embed__wrapper\">\n<a href=\"https:\/\/www.flickr.com\/photos\/201155970@N03\/54167747226\/in\/dateposted-public\/\"><img loading=\"lazy\" decoding=\"async\" src=\"https:\/\/live.staticflickr.com\/65535\/54167747226_8995d1f417_z.webp\" alt=\"imagem_2024-11-27_085346427\" width=\"640\" height=\"400\" \/><\/a>\n<\/div><\/figure>\n\n\n\n<p>Apesar de a Volkswagen n\u00e3o ter divulgado detalhes espec\u00edficos sobre pot\u00eancia e torque, espera-se que o sistema MHEV ofere\u00e7a ganho adicional de torque, melhorando o desempenho e a efici\u00eancia energ\u00e9tica. O consumo de combust\u00edvel deve ser otimizado, com benef\u00edcios como frenagem regenerativa e um sistema de partida\/parada mais eficiente.<\/p>\n\n\n\n<p>No quesito dimens\u00f5es, o Taos h\u00edbrido manter\u00e1 as propor\u00e7\u00f5es das vers\u00f5es atuais: cerca de 4,46 metros de comprimento, 1,84 metro de largura, 1,63 metro de altura e entre-eixos de 2,68 metros. O espa\u00e7o interno permanecer\u00e1 confort\u00e1vel, e a capacidade do porta-malas, em torno de 498 litros, continuar\u00e1 atendendo \u00e0s demandas de uso di\u00e1rio e viagens.<\/p>\n\n\n\n<p>O lan\u00e7amento do Taos h\u00edbrido est\u00e1 previsto para 2025, seguindo a estrat\u00e9gia global da Volkswagen de eletrificar sua linha de ve\u00edculos. Al\u00e9m das melhorias mec\u00e2nicas, o modelo trar\u00e1 atualiza\u00e7\u00f5es visuais, como uma dianteira redesenhada e novas op\u00e7\u00f5es de rodas, al\u00e9m de melhorias no interior, com central multim\u00eddia modernizada e materiais de acabamento mais sofisticados.<\/p>\n\n\n\n<h2 class=\"wp-block-heading\" id=\"h-volkswagen-amarok-reestilizada\">Volkswagen Amarok Reestilizada<\/h2>\n\n\n\n<p>A Volkswagen prepara o lan\u00e7amento da Amarok reestilizada para 2025 no mercado brasileiro, visando refor\u00e7ar sua posi\u00e7\u00e3o no segmento de picapes m\u00e9dias. Embora mantenha a plataforma da primeira gera\u00e7\u00e3o, lan\u00e7ada em 2010, a vers\u00e3o atualizada trar\u00e1 mudan\u00e7as significativas no design e na tecnologia. A dianteira ser\u00e1 renovada, inspirando-se na Saveiro atualizada, com novos far\u00f3is full LED, grade redesenhada e para-choques remodelados, garantindo um visual contempor\u00e2neo e robusto.<\/p>\n\n\n\n<figure class=\"wp-block-embed is-type-photo is-provider-flickr wp-block-embed-flickr\"><div class=\"wp-block-embed__wrapper\">\n<a href=\"https:\/\/www.flickr.com\/photos\/201155970@N03\/54168053464\/in\/dateposted-public\/\"><img loading=\"lazy\" decoding=\"async\" src=\"https:\/\/live.staticflickr.com\/65535\/54168053464_0d10a8d466_z.webp\" alt=\"imagem_2024-11-27_085329264\" width=\"640\" height=\"361\" \/><\/a>\n<\/div><\/figure>\n\n\n\n<p>Sob o cap\u00f4, a Amarok 2025 continuar\u00e1 equipada com o motor 3.0 V6 turbodiesel, que entrega 258 cv e 59,1 kgfm de torque. O conjunto \u00e9 combinado a uma transmiss\u00e3o autom\u00e1tica de oito marchas e tra\u00e7\u00e3o 4&#215;4 permanente, oferecendo desempenho consistente em asfalto e terrenos off-road. A capacidade de carga permanece em torno de 1.280 kg, adequada tanto para uso profissional quanto para lazer.<\/p>\n\n\n\n<p>As dimens\u00f5es da Amarok incluem 5,25 metros de comprimento, 1,95 metro de largura, 1,83 metro de altura e entre-eixos de 3,09 metros, proporcionando um interior espa\u00e7oso e uma ca\u00e7amba ampla. O consumo de combust\u00edvel estimado para a vers\u00e3o V6 \u00e9 de aproximadamente 8 km\/l na cidade e 10 km\/l em rodovias, n\u00fameros condizentes com picapes m\u00e9dias de alta performance.<\/p>\n\n\n\n<p>A previs\u00e3o \u00e9 de que a Amarok reestilizada seja lan\u00e7ada no Brasil em agosto de 2025, com estreia durante a Festa do Pe\u00e3o de Barretos, evento tradicional no interior de S\u00e3o Paulo. Al\u00e9m das altera\u00e7\u00f5es visuais e mec\u00e2nicas, a picape trar\u00e1 novos recursos tecnol\u00f3gicos, como central multim\u00eddia com tela de nove polegadas, airbags de cortina e sistemas de assist\u00eancia ao motorista, como alertas de colis\u00e3o frontal e sa\u00edda involunt\u00e1ria de faixa. Esses aprimoramentos refor\u00e7am o compromisso da Volkswagen com seguran\u00e7a, conforto e inova\u00e7\u00e3o.<\/p>\n\n\n\n<p><\/p>\n","protected":false},"excerpt":{"rendered":"<p>O ano de 2025 promete ser movimentado para a Volkswagen no mercado brasileiro. A montadora est\u00e1 preparando uma s\u00e9rie de lan\u00e7amentos que v\u00e3o desde modelos atualizados at\u00e9 novidades com tecnologias in\u00e9ditas para o pa\u00eds. Com foco em inova\u00e7\u00e3o, efici\u00eancia e design, a marca busca atender a diferentes perfis de consumidores, mantendo-se competitiva em segmentos estrat\u00e9gicos. [&hellip;]<\/p>\n","protected":false},"author":15,"featured_media":117935,"comment_status":"open","ping_status":"closed","sticky":false,"template":"","format":"standard","meta":{"footnotes":""},"categories":[111],"tags":[],"class_list":["post-191179","post","type-post","status-publish","format-standard","has-post-thumbnail","hentry","category-volkswagen"],"yoast_head":"<!-- This site is optimized with the Yoast SEO Premium plugin v24.2 (Yoast SEO v26.9) - https:\/\/yoast.com\/product\/yoast-seo-premium-wordpress\/ -->\n<title>Novidades! Veja 5 carros da Volkswagen que ser\u00e3o lan\u00e7ados em 2025 no Brasil<\/title>\n<meta name=\"robots\" content=\"index, follow, max-snippet:-1, max-image-preview:large, max-video-preview:-1\" \/>\n<link rel=\"canonical\" href=\"https:\/\/www.gaveanews.com\/index.php\/2024\/11\/27\/novidades-veja-5-carros-da-volkswagen-que-serao-lancados-em-2025-no-brasil\/\" \/>\n<meta property=\"og:locale\" content=\"pt_BR\" \/>\n<meta property=\"og:type\" content=\"article\" \/>\n<meta property=\"og:title\" content=\"Novidades! Veja 5 carros da Volkswagen que ser\u00e3o lan\u00e7ados em 2025 no Brasil\" \/>\n<meta property=\"og:description\" content=\"O ano de 2025 promete ser movimentado para a Volkswagen no mercado brasileiro. A montadora est\u00e1 preparando uma s\u00e9rie de lan\u00e7amentos que v\u00e3o desde modelos atualizados at\u00e9 novidades com tecnologias in\u00e9ditas para o pa\u00eds. Com foco em inova\u00e7\u00e3o, efici\u00eancia e design, a marca busca atender a diferentes perfis de consumidores, mantendo-se competitiva em segmentos estrat\u00e9gicos. [&hellip;]\" \/>\n<meta property=\"og:url\" content=\"https:\/\/www.gaveanews.com\/index.php\/2024\/11\/27\/novidades-veja-5-carros-da-volkswagen-que-serao-lancados-em-2025-no-brasil\/\" \/>\n<meta property=\"og:site_name\" content=\"G\u00e1vea News\" \/>\n<meta property=\"article:publisher\" content=\"https:\/\/facebook.com\/gaveaNews\/\" \/>\n<meta property=\"article:published_time\" content=\"2024-11-27T13:15:00+00:00\" \/>\n<meta property=\"og:image\" content=\"https:\/\/www.gaveanews.com\/wp-content\/uploads\/Volkswagen.webp\" \/>\n\t<meta property=\"og:image:width\" content=\"1400\" \/>\n\t<meta property=\"og:image:height\" content=\"788\" \/>\n\t<meta property=\"og:image:type\" content=\"image\/jpeg\" \/>\n<meta name=\"author\" content=\"Henrique Machado\" \/>\n<meta name=\"twitter:card\" content=\"summary_large_image\" \/>\n<meta name=\"twitter:label1\" content=\"Escrito por\" \/>\n\t<meta name=\"twitter:data1\" content=\"Henrique Machado\" \/>\n\t<meta name=\"twitter:label2\" content=\"Est. tempo de leitura\" \/>\n\t<meta name=\"twitter:data2\" content=\"8 minutos\" \/>\n<script type=\"application\/ld+json\" class=\"yoast-schema-graph\">{\"@context\":\"https:\/\/schema.org\",\"@graph\":[{\"@type\":\"NewsArticle\",\"@id\":\"https:\/\/www.gaveanews.com\/index.php\/2024\/11\/27\/novidades-veja-5-carros-da-volkswagen-que-serao-lancados-em-2025-no-brasil\/#article\",\"isPartOf\":{\"@id\":\"https:\/\/www.gaveanews.com\/index.php\/2024\/11\/27\/novidades-veja-5-carros-da-volkswagen-que-serao-lancados-em-2025-no-brasil\/\"},\"author\":{\"name\":\"Henrique Machado\",\"@id\":\"https:\/\/www.gaveanews.com\/#\/schema\/person\/fd07635ec039ec3ba74ad18ec8a6dbd6\"},\"headline\":\"Novidades! Veja 5 carros da Volkswagen que ser\u00e3o lan\u00e7ados em 2025 no Brasil\",\"datePublished\":\"2024-11-27T13:15:00+00:00\",\"mainEntityOfPage\":{\"@id\":\"https:\/\/www.gaveanews.com\/index.php\/2024\/11\/27\/novidades-veja-5-carros-da-volkswagen-que-serao-lancados-em-2025-no-brasil\/\"},\"wordCount\":1555,\"commentCount\":0,\"image\":{\"@id\":\"https:\/\/www.gaveanews.com\/index.php\/2024\/11\/27\/novidades-veja-5-carros-da-volkswagen-que-serao-lancados-em-2025-no-brasil\/#primaryimage\"},\"thumbnailUrl\":\"https:\/\/www.gaveanews.com\/wp-content\/uploads\/Volkswagen.webp\",\"articleSection\":[\"Volkswagen\"],\"inLanguage\":\"pt-BR\",\"potentialAction\":[{\"@type\":\"CommentAction\",\"name\":\"Comment\",\"target\":[\"https:\/\/www.gaveanews.com\/index.php\/2024\/11\/27\/novidades-veja-5-carros-da-volkswagen-que-serao-lancados-em-2025-no-brasil\/#respond\"]}],\"copyrightYear\":\"2024\",\"copyrightHolder\":{\"@id\":\"https:\/\/www.gaveanews.com\/#organization\"}},{\"@type\":\"WebPage\",\"@id\":\"https:\/\/www.gaveanews.com\/index.php\/2024\/11\/27\/novidades-veja-5-carros-da-volkswagen-que-serao-lancados-em-2025-no-brasil\/\",\"url\":\"https:\/\/www.gaveanews.com\/index.php\/2024\/11\/27\/novidades-veja-5-carros-da-volkswagen-que-serao-lancados-em-2025-no-brasil\/\",\"name\":\"Novidades! Veja 5 carros da Volkswagen que ser\u00e3o lan\u00e7ados em 2025 no Brasil\",\"isPartOf\":{\"@id\":\"https:\/\/www.gaveanews.com\/#website\"},\"primaryImageOfPage\":{\"@id\":\"https:\/\/www.gaveanews.com\/index.php\/2024\/11\/27\/novidades-veja-5-carros-da-volkswagen-que-serao-lancados-em-2025-no-brasil\/#primaryimage\"},\"image\":{\"@id\":\"https:\/\/www.gaveanews.com\/index.php\/2024\/11\/27\/novidades-veja-5-carros-da-volkswagen-que-serao-lancados-em-2025-no-brasil\/#primaryimage\"},\"thumbnailUrl\":\"https:\/\/www.gaveanews.com\/wp-content\/uploads\/Volkswagen.webp\",\"datePublished\":\"2024-11-27T13:15:00+00:00\",\"author\":{\"@id\":\"https:\/\/www.gaveanews.com\/#\/schema\/person\/fd07635ec039ec3ba74ad18ec8a6dbd6\"},\"breadcrumb\":{\"@id\":\"https:\/\/www.gaveanews.com\/index.php\/2024\/11\/27\/novidades-veja-5-carros-da-volkswagen-que-serao-lancados-em-2025-no-brasil\/#breadcrumb\"},\"inLanguage\":\"pt-BR\",\"potentialAction\":[{\"@type\":\"ReadAction\",\"target\":[\"https:\/\/www.gaveanews.com\/index.php\/2024\/11\/27\/novidades-veja-5-carros-da-volkswagen-que-serao-lancados-em-2025-no-brasil\/\"]}]},{\"@type\":\"ImageObject\",\"inLanguage\":\"pt-BR\",\"@id\":\"https:\/\/www.gaveanews.com\/index.php\/2024\/11\/27\/novidades-veja-5-carros-da-volkswagen-que-serao-lancados-em-2025-no-brasil\/#primaryimage\",\"url\":\"https:\/\/www.gaveanews.com\/wp-content\/uploads\/Volkswagen.webp\",\"contentUrl\":\"https:\/\/www.gaveanews.com\/wp-content\/uploads\/Volkswagen.webp\",\"width\":1400,\"height\":788,\"caption\":\"Logomarca da Volkswagen (Foto: Reprodu\u00e7\u00e3o)\"},{\"@type\":\"BreadcrumbList\",\"@id\":\"https:\/\/www.gaveanews.com\/index.php\/2024\/11\/27\/novidades-veja-5-carros-da-volkswagen-que-serao-lancados-em-2025-no-brasil\/#breadcrumb\",\"itemListElement\":[{\"@type\":\"ListItem\",\"position\":1,\"name\":\"Home\",\"item\":\"https:\/\/www.gaveanews.com\/\"},{\"@type\":\"ListItem\",\"position\":2,\"name\":\"Novidades! Veja 5 carros da Volkswagen que ser\u00e3o lan\u00e7ados em 2025 no Brasil\"}]},{\"@type\":\"WebSite\",\"@id\":\"https:\/\/www.gaveanews.com\/#website\",\"url\":\"https:\/\/www.gaveanews.com\/\",\"name\":\"G\u00e1vea News\",\"description\":\"Veja todas as not\u00edcias sobre o Flamengo: Contrata\u00e7\u00f5es, categorias de base, resultados das partidas, tabela de classifica\u00e7\u00e3o, pr\u00f3ximos jogos!\",\"potentialAction\":[{\"@type\":\"SearchAction\",\"target\":{\"@type\":\"EntryPoint\",\"urlTemplate\":\"https:\/\/www.gaveanews.com\/?s={search_term_string}\"},\"query-input\":{\"@type\":\"PropertyValueSpecification\",\"valueRequired\":true,\"valueName\":\"search_term_string\"}}],\"inLanguage\":\"pt-BR\"},{\"@type\":\"Person\",\"@id\":\"https:\/\/www.gaveanews.com\/#\/schema\/person\/fd07635ec039ec3ba74ad18ec8a6dbd6\",\"name\":\"Henrique Machado\",\"image\":{\"@type\":\"ImageObject\",\"inLanguage\":\"pt-BR\",\"@id\":\"https:\/\/www.gaveanews.com\/#\/schema\/person\/image\/\",\"url\":\"https:\/\/secure.gravatar.com\/avatar\/b95e35997e01d9800c1b6184bd79d4d898d370a3fce2584f5c77b907d5c7d9e9?s=96&d=mm&r=g\",\"contentUrl\":\"https:\/\/secure.gravatar.com\/avatar\/b95e35997e01d9800c1b6184bd79d4d898d370a3fce2584f5c77b907d5c7d9e9?s=96&d=mm&r=g\",\"caption\":\"Henrique Machado\"}}]}<\/script>\n<!-- \/ Yoast SEO Premium plugin. -->","yoast_head_json":{"title":"Novidades! Veja 5 carros da Volkswagen que ser\u00e3o lan\u00e7ados em 2025 no Brasil","robots":{"index":"index","follow":"follow","max-snippet":"max-snippet:-1","max-image-preview":"max-image-preview:large","max-video-preview":"max-video-preview:-1"},"canonical":"https:\/\/www.gaveanews.com\/index.php\/2024\/11\/27\/novidades-veja-5-carros-da-volkswagen-que-serao-lancados-em-2025-no-brasil\/","og_locale":"pt_BR","og_type":"article","og_title":"Novidades! Veja 5 carros da Volkswagen que ser\u00e3o lan\u00e7ados em 2025 no Brasil","og_description":"O ano de 2025 promete ser movimentado para a Volkswagen no mercado brasileiro. A montadora est\u00e1 preparando uma s\u00e9rie de lan\u00e7amentos que v\u00e3o desde modelos atualizados at\u00e9 novidades com tecnologias in\u00e9ditas para o pa\u00eds. Com foco em inova\u00e7\u00e3o, efici\u00eancia e design, a marca busca atender a diferentes perfis de consumidores, mantendo-se competitiva em segmentos estrat\u00e9gicos. [&hellip;]","og_url":"https:\/\/www.gaveanews.com\/index.php\/2024\/11\/27\/novidades-veja-5-carros-da-volkswagen-que-serao-lancados-em-2025-no-brasil\/","og_site_name":"G\u00e1vea News","article_publisher":"https:\/\/facebook.com\/gaveaNews\/","article_published_time":"2024-11-27T13:15:00+00:00","og_image":[{"width":1400,"height":788,"url":"https:\/\/www.gaveanews.com\/wp-content\/uploads\/Volkswagen.webp","type":"image\/jpeg"}],"author":"Henrique Machado","twitter_card":"summary_large_image","twitter_misc":{"Escrito por":"Henrique Machado","Est. tempo de leitura":"8 minutos"},"schema":{"@context":"https:\/\/schema.org","@graph":[{"@type":"NewsArticle","@id":"https:\/\/www.gaveanews.com\/index.php\/2024\/11\/27\/novidades-veja-5-carros-da-volkswagen-que-serao-lancados-em-2025-no-brasil\/#article","isPartOf":{"@id":"https:\/\/www.gaveanews.com\/index.php\/2024\/11\/27\/novidades-veja-5-carros-da-volkswagen-que-serao-lancados-em-2025-no-brasil\/"},"author":{"name":"Henrique Machado","@id":"https:\/\/www.gaveanews.com\/#\/schema\/person\/fd07635ec039ec3ba74ad18ec8a6dbd6"},"headline":"Novidades! Veja 5 carros da Volkswagen que ser\u00e3o lan\u00e7ados em 2025 no Brasil","datePublished":"2024-11-27T13:15:00+00:00","mainEntityOfPage":{"@id":"https:\/\/www.gaveanews.com\/index.php\/2024\/11\/27\/novidades-veja-5-carros-da-volkswagen-que-serao-lancados-em-2025-no-brasil\/"},"wordCount":1555,"commentCount":0,"image":{"@id":"https:\/\/www.gaveanews.com\/index.php\/2024\/11\/27\/novidades-veja-5-carros-da-volkswagen-que-serao-lancados-em-2025-no-brasil\/#primaryimage"},"thumbnailUrl":"https:\/\/www.gaveanews.com\/wp-content\/uploads\/Volkswagen.webp","articleSection":["Volkswagen"],"inLanguage":"pt-BR","potentialAction":[{"@type":"CommentAction","name":"Comment","target":["https:\/\/www.gaveanews.com\/index.php\/2024\/11\/27\/novidades-veja-5-carros-da-volkswagen-que-serao-lancados-em-2025-no-brasil\/#respond"]}],"copyrightYear":"2024","copyrightHolder":{"@id":"https:\/\/www.gaveanews.com\/#organization"}},{"@type":"WebPage","@id":"https:\/\/www.gaveanews.com\/index.php\/2024\/11\/27\/novidades-veja-5-carros-da-volkswagen-que-serao-lancados-em-2025-no-brasil\/","url":"https:\/\/www.gaveanews.com\/index.php\/2024\/11\/27\/novidades-veja-5-carros-da-volkswagen-que-serao-lancados-em-2025-no-brasil\/","name":"Novidades! Veja 5 carros da Volkswagen que ser\u00e3o lan\u00e7ados em 2025 no Brasil","isPartOf":{"@id":"https:\/\/www.gaveanews.com\/#website"},"primaryImageOfPage":{"@id":"https:\/\/www.gaveanews.com\/index.php\/2024\/11\/27\/novidades-veja-5-carros-da-volkswagen-que-serao-lancados-em-2025-no-brasil\/#primaryimage"},"image":{"@id":"https:\/\/www.gaveanews.com\/index.php\/2024\/11\/27\/novidades-veja-5-carros-da-volkswagen-que-serao-lancados-em-2025-no-brasil\/#primaryimage"},"thumbnailUrl":"https:\/\/www.gaveanews.com\/wp-content\/uploads\/Volkswagen.webp","datePublished":"2024-11-27T13:15:00+00:00","author":{"@id":"https:\/\/www.gaveanews.com\/#\/schema\/person\/fd07635ec039ec3ba74ad18ec8a6dbd6"},"breadcrumb":{"@id":"https:\/\/www.gaveanews.com\/index.php\/2024\/11\/27\/novidades-veja-5-carros-da-volkswagen-que-serao-lancados-em-2025-no-brasil\/#breadcrumb"},"inLanguage":"pt-BR","potentialAction":[{"@type":"ReadAction","target":["https:\/\/www.gaveanews.com\/index.php\/2024\/11\/27\/novidades-veja-5-carros-da-volkswagen-que-serao-lancados-em-2025-no-brasil\/"]}]},{"@type":"ImageObject","inLanguage":"pt-BR","@id":"https:\/\/www.gaveanews.com\/index.php\/2024\/11\/27\/novidades-veja-5-carros-da-volkswagen-que-serao-lancados-em-2025-no-brasil\/#primaryimage","url":"https:\/\/www.gaveanews.com\/wp-content\/uploads\/Volkswagen.webp","contentUrl":"https:\/\/www.gaveanews.com\/wp-content\/uploads\/Volkswagen.webp","width":1400,"height":788,"caption":"Logomarca da Volkswagen (Foto: Reprodu\u00e7\u00e3o)"},{"@type":"BreadcrumbList","@id":"https:\/\/www.gaveanews.com\/index.php\/2024\/11\/27\/novidades-veja-5-carros-da-volkswagen-que-serao-lancados-em-2025-no-brasil\/#breadcrumb","itemListElement":[{"@type":"ListItem","position":1,"name":"Home","item":"https:\/\/www.gaveanews.com\/"},{"@type":"ListItem","position":2,"name":"Novidades! Veja 5 carros da Volkswagen que ser\u00e3o lan\u00e7ados em 2025 no Brasil"}]},{"@type":"WebSite","@id":"https:\/\/www.gaveanews.com\/#website","url":"https:\/\/www.gaveanews.com\/","name":"G\u00e1vea News","description":"Veja todas as not\u00edcias sobre o Flamengo: Contrata\u00e7\u00f5es, categorias de base, resultados das partidas, tabela de classifica\u00e7\u00e3o, pr\u00f3ximos jogos!","potentialAction":[{"@type":"SearchAction","target":{"@type":"EntryPoint","urlTemplate":"https:\/\/www.gaveanews.com\/?s={search_term_string}"},"query-input":{"@type":"PropertyValueSpecification","valueRequired":true,"valueName":"search_term_string"}}],"inLanguage":"pt-BR"},{"@type":"Person","@id":"https:\/\/www.gaveanews.com\/#\/schema\/person\/fd07635ec039ec3ba74ad18ec8a6dbd6","name":"Henrique Machado","image":{"@type":"ImageObject","inLanguage":"pt-BR","@id":"https:\/\/www.gaveanews.com\/#\/schema\/person\/image\/","url":"https:\/\/secure.gravatar.com\/avatar\/b95e35997e01d9800c1b6184bd79d4d898d370a3fce2584f5c77b907d5c7d9e9?s=96&d=mm&r=g","contentUrl":"https:\/\/secure.gravatar.com\/avatar\/b95e35997e01d9800c1b6184bd79d4d898d370a3fce2584f5c77b907d5c7d9e9?s=96&d=mm&r=g","caption":"Henrique Machado"}}]}},"_links":{"self":[{"href":"https:\/\/www.gaveanews.com\/index.php\/wp-json\/wp\/v2\/posts\/191179","targetHints":{"allow":["GET"]}}],"collection":[{"href":"https:\/\/www.gaveanews.com\/index.php\/wp-json\/wp\/v2\/posts"}],"about":[{"href":"https:\/\/www.gaveanews.com\/index.php\/wp-json\/wp\/v2\/types\/post"}],"author":[{"embeddable":true,"href":"https:\/\/www.gaveanews.com\/index.php\/wp-json\/wp\/v2\/users\/15"}],"replies":[{"embeddable":true,"href":"https:\/\/www.gaveanews.com\/index.php\/wp-json\/wp\/v2\/comments?post=191179"}],"version-history":[{"count":4,"href":"https:\/\/www.gaveanews.com\/index.php\/wp-json\/wp\/v2\/posts\/191179\/revisions"}],"predecessor-version":[{"id":191192,"href":"https:\/\/www.gaveanews.com\/index.php\/wp-json\/wp\/v2\/posts\/191179\/revisions\/191192"}],"wp:featuredmedia":[{"embeddable":true,"href":"https:\/\/www.gaveanews.com\/index.php\/wp-json\/wp\/v2\/media\/117935"}],"wp:attachment":[{"href":"https:\/\/www.gaveanews.com\/index.php\/wp-json\/wp\/v2\/media?parent=191179"}],"wp:term":[{"taxonomy":"category","embeddable":true,"href":"https:\/\/www.gaveanews.com\/index.php\/wp-json\/wp\/v2\/categories?post=191179"},{"taxonomy":"post_tag","embeddable":true,"href":"https:\/\/www.gaveanews.com\/index.php\/wp-json\/wp\/v2\/tags?post=191179"}],"curies":[{"name":"wp","href":"https:\/\/api.w.org\/{rel}","templated":true}]}}