{"id":191543,"date":"2024-11-27T23:00:00","date_gmt":"2024-11-28T02:00:00","guid":{"rendered":"https:\/\/www.gaveanews.com\/?p=191543"},"modified":"2024-11-27T22:11:59","modified_gmt":"2024-11-28T01:11:59","slug":"qual-vai-ser-o-valor-da-premiacao-do-carioca-2025","status":"publish","type":"post","link":"https:\/\/www.gaveanews.com\/index.php\/2024\/11\/27\/qual-vai-ser-o-valor-da-premiacao-do-carioca-2025\/","title":{"rendered":"Qual vai ser o valor da premia\u00e7\u00e3o do Carioca 2025?"},"content":{"rendered":"\n<h2 class=\"wp-block-heading\" id=\"h-campeonato-carioca-nao-tera-premiacao-para-o-campeao-pelo-5\u00ba-ano-seguido\">Campeonato Carioca n\u00e3o ter\u00e1 premia\u00e7\u00e3o para o campe\u00e3o pelo 5\u00ba ano seguido<\/h2>\n\n\n\n<p>Nesta ter\u00e7a-feira (26), a Federa\u00e7\u00e3o de Futebol do Estado do Rio de Janeiro (FERJ) anunciou a tabela do Campeonato Carioca de 2025. No entanto, um aspecto se manteve inalterado pelo quinto ano seguido, n\u00e3o haver\u00e1 premia\u00e7\u00e3o para o time campe\u00e3o. A \u00faltima vez que o vencedor do torneio recebeu uma recompensa foi em 2020.<\/p>\n\n\n\n<ul class=\"wp-block-list\">\n<li><a href=\"https:\/\/www.gaveanews.com\/index.php\/2024\/11\/27\/saiba-como-comprar-ingressos-para-jogo-de-despedida-de-adriano-idolo-do-flamengo\/\">Saiba como comprar ingressos para jogo de despedida de Adriano, \u00eddolo do Flamengo<\/a><\/li>\n\n\n\n<li><a href=\"https:\/\/www.gaveanews.com\/index.php\/2024\/11\/27\/estadio-da-final-da-copinha-2025-esta-definido\/\">Est\u00e1dio da final da Copinha 2025 est\u00e1 definido<br><\/a><\/li>\n<\/ul>\n\n\n\n<p>Durante o evento realizado hoje, o presidente da FERJ, Rubens Lopes, esclareceu que a \u00fanica quantia a ser repassada aos clubes depender\u00e1 da receita gerada pelos direitos de transmiss\u00e3o. Essa verba ser\u00e1 dividida igualmente entre as 12 equipes participantes.<\/p>\n\n\n\n<p>Entretanto, se novas receitas surgirem ao longo do Campeonato Carioca, os clubes ter\u00e3o a possibilidade de se reunir novamente para decidir se esse montante ser\u00e1 destinado a uma premia\u00e7\u00e3o ou se ser\u00e1, mais uma vez, distribu\u00eddo de maneira proporcional entre os times.<\/p>\n\n\n\n<figure class=\"wp-block-image size-full\"><img loading=\"lazy\" decoding=\"async\" width=\"640\" height=\"400\" src=\"https:\/\/www.gaveanews.com\/wp-content\/uploads\/Time-do-Flamengo-durante-o-Campeonato-Carioca.webp\" alt=\"\" class=\"wp-image-133033\" srcset=\"https:\/\/www.gaveanews.com\/wp-content\/uploads\/Time-do-Flamengo-durante-o-Campeonato-Carioca.webp 640w, https:\/\/www.gaveanews.com\/wp-content\/uploads\/Time-do-Flamengo-durante-o-Campeonato-Carioca-300x188.webp 300w, https:\/\/www.gaveanews.com\/wp-content\/uploads\/Time-do-Flamengo-durante-o-Campeonato-Carioca-100x63.webp 100w\" sizes=\"auto, (max-width: 640px) 100vw, 640px\" \/><figcaption class=\"wp-element-caption\">Time do Flamengo durante o Campeonato Carioca (Foto: Gilvan de Souza\/Flamengo)<\/figcaption><\/figure>\n\n\n\n<p>O in\u00edcio do Campeonato Carioca est\u00e1 marcado para o final de semana de 11 de janeiro. O Flamengo far\u00e1 sua estreia na competi\u00e7\u00e3o diante do Boavista, atuando em casa. Em contrapartida, o Meng\u00e3o s\u00f3 ter\u00e1 um cl\u00e1ssico na s\u00e9tima rodada, diante do Botafogo.<\/p>\n\n\n\n<p>Como nos \u00faltimos anos, a FERJ incorporou ao seu regulamento a necessidade de escalar o time titular dos times a partir da quarta rodada. A Federa\u00e7\u00e3o tamb\u00e9m prev\u00ea uma penalidade monet\u00e1ria, por meio da cota dos direitos de transmiss\u00e3o.<\/p>\n\n\n\n<h2 class=\"wp-block-heading\" id=\"h-confira-a-tabela-de-jogos-do-flamengo-botafogo-vasco-e-fluminense\">Confira a tabela de jogos do Flamengo, Botafogo, Vasco e Fluminense<\/h2>\n\n\n\n<p>1\u00aa rodada<\/p>\n\n\n\n<ul class=\"wp-block-list\">\n<li>Nova Igua\u00e7u x Vasco<\/li>\n\n\n\n<li>Flamengo x Boavista<\/li>\n\n\n\n<li>Botafogo x Maric\u00e1<\/li>\n\n\n\n<li>Fluminense x Sampaio Corr\u00eaa<\/li>\n\n\n\n<li>Madureira x Volta Redonda<\/li>\n\n\n\n<li>Bangu x Portuguesa<\/li>\n<\/ul>\n\n\n\n<p>2\u00aa rodada<\/p>\n\n\n\n<ul class=\"wp-block-list\">\n<li>Botafogo x Portuguesa<\/li>\n\n\n\n<li>Vasco x Bangu<\/li>\n\n\n\n<li>Madureira x Flamengo<\/li>\n\n\n\n<li>Nova Igua\u00e7u x Sampaio Corr\u00eaa<\/li>\n\n\n\n<li>Volta Redonda x Fluminense<\/li>\n\n\n\n<li>Maric\u00e1 x Boavista<\/li>\n<\/ul>\n\n\n\n<p>3\u00aa rodada<\/p>\n\n\n\n<ul class=\"wp-block-list\">\n<li>Boavista x Vasco<\/li>\n\n\n\n<li>Flamengo x Nova Igua\u00e7u<\/li>\n\n\n\n<li>Sampaio Corr\u00eaa x Botafogo<\/li>\n\n\n\n<li>Fluminense x Maric\u00e1<\/li>\n\n\n\n<li>Portuguesa x Madureira<\/li>\n\n\n\n<li>Bangu x Volta Redonda<\/li>\n<\/ul>\n\n\n\n<p>4\u00aa rodada<\/p>\n\n\n\n<ul class=\"wp-block-list\">\n<li>Portuguesa x Fluminense<\/li>\n\n\n\n<li>Vasco x Madureira<\/li>\n\n\n\n<li>Bangu x Flamengo<\/li>\n\n\n\n<li>Maric\u00e1 x Nova Igua\u00e7u<\/li>\n\n\n\n<li>Botafogo x Volta Redonda<\/li>\n\n\n\n<li>Boavista x Sampaio Corr\u00eaa<\/li>\n<\/ul>\n\n\n\n<p>5\u00aa rodada<\/p>\n\n\n\n<ul class=\"wp-block-list\">\n<li>Vasco x Portuguesa<\/li>\n\n\n\n<li>Botafogo x Bangu<\/li>\n\n\n\n<li>Madureira x Fluminense<\/li>\n\n\n\n<li>Volta Redonda x Flamengo<\/li>\n\n\n\n<li>Nova Igua\u00e7u x Boavista<\/li>\n\n\n\n<li>Maric\u00e1 x Sampaio Corr\u00eaa<\/li>\n<\/ul>\n\n\n\n<p>6\u00aa rodada<\/p>\n\n\n\n<ul class=\"wp-block-list\">\n<li>Flamengo x Sampaio Corr\u00eaa<\/li>\n\n\n\n<li>Botafogo x Fluminense<\/li>\n\n\n\n<li>Maric\u00e1 x Vasco<\/li>\n\n\n\n<li>Boavista x Madureira<\/li>\n\n\n\n<li>Nova Igua\u00e7u x Bangu<\/li>\n\n\n\n<li>Volta Redonda x Portuguesa<\/li>\n<\/ul>\n\n\n\n<p>7\u00aa rodada<\/p>\n\n\n\n<ul class=\"wp-block-list\">\n<li>Flamengo x Botafogo<\/li>\n\n\n\n<li>Fluminense x Boavista<\/li>\n\n\n\n<li>Vasco x Volta Redonda<\/li>\n\n\n\n<li>Madureira x Maric\u00e1<\/li>\n\n\n\n<li>Portuguesa x Nova Igua\u00e7u<\/li>\n\n\n\n<li>Sampaio Corr\u00eaa x Bangu<\/li>\n<\/ul>\n\n\n\n<p>8\u00aa rodada<\/p>\n\n\n\n<ul class=\"wp-block-list\">\n<li>Vasco x Fluminense<\/li>\n\n\n\n<li>Madureira x Sampaio Corr\u00eaa<\/li>\n\n\n\n<li>Nova Igua\u00e7u x Botafogo<\/li>\n\n\n\n<li>Volta Redonda x Maric\u00e1<\/li>\n\n\n\n<li>Bangu x Boavista<\/li>\n\n\n\n<li>Portuguesa x Flamengo<\/li>\n<\/ul>\n\n\n\n<p>9\u00aa rodada<\/p>\n\n\n\n<ul class=\"wp-block-list\">\n<li>Fluminense x Flamengo<\/li>\n\n\n\n<li>Sampaio Corr\u00eaa x Vasco<\/li>\n\n\n\n<li>Botafogo x Madureira<\/li>\n\n\n\n<li>Volta Redonda x Nova Igua\u00e7u<\/li>\n\n\n\n<li>Maric\u00e1 x Bangu<\/li>\n\n\n\n<li>Boavista x Portuguesa<\/li>\n<\/ul>\n\n\n\n<p>10\u00aa rodada<\/p>\n\n\n\n<ul class=\"wp-block-list\">\n<li>Flamengo x Vasco<\/li>\n\n\n\n<li>Boavista x Botafogo<\/li>\n\n\n\n<li>Fluminense x Nova Igua\u00e7u<\/li>\n\n\n\n<li>Portuguesa x Maric\u00e1<\/li>\n\n\n\n<li>Bangu x Madureira<\/li>\n\n\n\n<li>Sampaio Corr\u00eaa x Volta Redonda<\/li>\n<\/ul>\n\n\n\n<p>11\u00aa rodada<\/p>\n\n\n\n<ul class=\"wp-block-list\">\n<li>Vasco x Botafogo<\/li>\n\n\n\n<li>Fluminense x Bangu<\/li>\n\n\n\n<li>Boavista x Volta Redonda<\/li>\n\n\n\n<li>Flamengo x Maric\u00e1<\/li>\n\n\n\n<li>Nova Igua\u00e7u x Madureira<\/li>\n\n\n\n<li>Sampaio Corr\u00eaa x Portuguesa<\/li>\n<\/ul>\n\n\n\n<p><\/p>\n","protected":false},"excerpt":{"rendered":"<p>Campeonato Carioca n\u00e3o ter\u00e1 premia\u00e7\u00e3o para o campe\u00e3o pelo 5\u00ba ano seguido Nesta ter\u00e7a-feira (26), a Federa\u00e7\u00e3o de Futebol do Estado do Rio de Janeiro (FERJ) anunciou a tabela do Campeonato Carioca de 2025. No entanto, um aspecto se manteve inalterado pelo quinto ano seguido, n\u00e3o haver\u00e1 premia\u00e7\u00e3o para o time campe\u00e3o. A \u00faltima vez [&hellip;]<\/p>\n","protected":false},"author":16,"featured_media":95987,"comment_status":"open","ping_status":"closed","sticky":false,"template":"","format":"standard","meta":{"footnotes":""},"categories":[138,1,145,152],"tags":[],"class_list":["post-191543","post","type-post","status-publish","format-standard","has-post-thumbnail","hentry","category-botafogo","category-flamengo","category-fluminense","category-vasco"],"yoast_head":"<!-- This site is optimized with the Yoast SEO Premium plugin v24.2 (Yoast SEO v26.9) - https:\/\/yoast.com\/product\/yoast-seo-premium-wordpress\/ -->\n<title>Qual vai ser o valor da premia\u00e7\u00e3o do Carioca 2025?<\/title>\n<meta name=\"robots\" content=\"index, follow, max-snippet:-1, max-image-preview:large, max-video-preview:-1\" \/>\n<link rel=\"canonical\" href=\"https:\/\/www.gaveanews.com\/index.php\/2024\/11\/27\/qual-vai-ser-o-valor-da-premiacao-do-carioca-2025\/\" \/>\n<meta property=\"og:locale\" content=\"pt_BR\" \/>\n<meta property=\"og:type\" content=\"article\" \/>\n<meta property=\"og:title\" content=\"Qual vai ser o valor da premia\u00e7\u00e3o do Carioca 2025?\" \/>\n<meta property=\"og:description\" content=\"Campeonato Carioca n\u00e3o ter\u00e1 premia\u00e7\u00e3o para o campe\u00e3o pelo 5\u00ba ano seguido Nesta ter\u00e7a-feira (26), a Federa\u00e7\u00e3o de Futebol do Estado do Rio de Janeiro (FERJ) anunciou a tabela do Campeonato Carioca de 2025. No entanto, um aspecto se manteve inalterado pelo quinto ano seguido, n\u00e3o haver\u00e1 premia\u00e7\u00e3o para o time campe\u00e3o. A \u00faltima vez [&hellip;]\" \/>\n<meta property=\"og:url\" content=\"https:\/\/www.gaveanews.com\/index.php\/2024\/11\/27\/qual-vai-ser-o-valor-da-premiacao-do-carioca-2025\/\" \/>\n<meta property=\"og:site_name\" content=\"G\u00e1vea News\" \/>\n<meta property=\"article:publisher\" content=\"https:\/\/facebook.com\/gaveaNews\/\" \/>\n<meta property=\"article:published_time\" content=\"2024-11-28T02:00:00+00:00\" \/>\n<meta property=\"og:image\" content=\"https:\/\/www.gaveanews.com\/wp-content\/uploads\/campeonato-carioca-taca.webp\" \/>\n\t<meta property=\"og:image:width\" content=\"640\" \/>\n\t<meta property=\"og:image:height\" content=\"400\" \/>\n\t<meta property=\"og:image:type\" content=\"image\/webp\" \/>\n<meta name=\"author\" content=\"D\u00e9bora Figueiredo\" \/>\n<meta name=\"twitter:card\" content=\"summary_large_image\" \/>\n<meta name=\"twitter:label1\" content=\"Escrito por\" \/>\n\t<meta name=\"twitter:data1\" content=\"D\u00e9bora Figueiredo\" \/>\n\t<meta name=\"twitter:label2\" content=\"Est. tempo de leitura\" \/>\n\t<meta name=\"twitter:data2\" content=\"4 minutos\" \/>\n<script type=\"application\/ld+json\" class=\"yoast-schema-graph\">{\"@context\":\"https:\/\/schema.org\",\"@graph\":[{\"@type\":\"NewsArticle\",\"@id\":\"https:\/\/www.gaveanews.com\/index.php\/2024\/11\/27\/qual-vai-ser-o-valor-da-premiacao-do-carioca-2025\/#article\",\"isPartOf\":{\"@id\":\"https:\/\/www.gaveanews.com\/index.php\/2024\/11\/27\/qual-vai-ser-o-valor-da-premiacao-do-carioca-2025\/\"},\"author\":{\"name\":\"D\u00e9bora Figueiredo\",\"@id\":\"https:\/\/www.gaveanews.com\/#\/schema\/person\/37122681a8575a5c8db05a56f099a5e4\"},\"headline\":\"Qual vai ser o valor da premia\u00e7\u00e3o do Carioca 2025?\",\"datePublished\":\"2024-11-28T02:00:00+00:00\",\"mainEntityOfPage\":{\"@id\":\"https:\/\/www.gaveanews.com\/index.php\/2024\/11\/27\/qual-vai-ser-o-valor-da-premiacao-do-carioca-2025\/\"},\"wordCount\":562,\"commentCount\":0,\"image\":{\"@id\":\"https:\/\/www.gaveanews.com\/index.php\/2024\/11\/27\/qual-vai-ser-o-valor-da-premiacao-do-carioca-2025\/#primaryimage\"},\"thumbnailUrl\":\"https:\/\/www.gaveanews.com\/wp-content\/uploads\/campeonato-carioca-taca.webp\",\"articleSection\":[\"Botafogo\",\"Flamengo\",\"Fluminense\",\"Vasco\"],\"inLanguage\":\"pt-BR\",\"potentialAction\":[{\"@type\":\"CommentAction\",\"name\":\"Comment\",\"target\":[\"https:\/\/www.gaveanews.com\/index.php\/2024\/11\/27\/qual-vai-ser-o-valor-da-premiacao-do-carioca-2025\/#respond\"]}],\"copyrightYear\":\"2024\",\"copyrightHolder\":{\"@id\":\"https:\/\/www.gaveanews.com\/#organization\"}},{\"@type\":\"WebPage\",\"@id\":\"https:\/\/www.gaveanews.com\/index.php\/2024\/11\/27\/qual-vai-ser-o-valor-da-premiacao-do-carioca-2025\/\",\"url\":\"https:\/\/www.gaveanews.com\/index.php\/2024\/11\/27\/qual-vai-ser-o-valor-da-premiacao-do-carioca-2025\/\",\"name\":\"Qual vai ser o valor da premia\u00e7\u00e3o do Carioca 2025?\",\"isPartOf\":{\"@id\":\"https:\/\/www.gaveanews.com\/#website\"},\"primaryImageOfPage\":{\"@id\":\"https:\/\/www.gaveanews.com\/index.php\/2024\/11\/27\/qual-vai-ser-o-valor-da-premiacao-do-carioca-2025\/#primaryimage\"},\"image\":{\"@id\":\"https:\/\/www.gaveanews.com\/index.php\/2024\/11\/27\/qual-vai-ser-o-valor-da-premiacao-do-carioca-2025\/#primaryimage\"},\"thumbnailUrl\":\"https:\/\/www.gaveanews.com\/wp-content\/uploads\/campeonato-carioca-taca.webp\",\"datePublished\":\"2024-11-28T02:00:00+00:00\",\"author\":{\"@id\":\"https:\/\/www.gaveanews.com\/#\/schema\/person\/37122681a8575a5c8db05a56f099a5e4\"},\"breadcrumb\":{\"@id\":\"https:\/\/www.gaveanews.com\/index.php\/2024\/11\/27\/qual-vai-ser-o-valor-da-premiacao-do-carioca-2025\/#breadcrumb\"},\"inLanguage\":\"pt-BR\",\"potentialAction\":[{\"@type\":\"ReadAction\",\"target\":[\"https:\/\/www.gaveanews.com\/index.php\/2024\/11\/27\/qual-vai-ser-o-valor-da-premiacao-do-carioca-2025\/\"]}]},{\"@type\":\"ImageObject\",\"inLanguage\":\"pt-BR\",\"@id\":\"https:\/\/www.gaveanews.com\/index.php\/2024\/11\/27\/qual-vai-ser-o-valor-da-premiacao-do-carioca-2025\/#primaryimage\",\"url\":\"https:\/\/www.gaveanews.com\/wp-content\/uploads\/campeonato-carioca-taca.webp\",\"contentUrl\":\"https:\/\/www.gaveanews.com\/wp-content\/uploads\/campeonato-carioca-taca.webp\",\"width\":640,\"height\":400,\"caption\":\"Ta\u00e7a do Campeonato Carioca (Foto: Marcelo Cortes\/Flamengo)\"},{\"@type\":\"BreadcrumbList\",\"@id\":\"https:\/\/www.gaveanews.com\/index.php\/2024\/11\/27\/qual-vai-ser-o-valor-da-premiacao-do-carioca-2025\/#breadcrumb\",\"itemListElement\":[{\"@type\":\"ListItem\",\"position\":1,\"name\":\"Home\",\"item\":\"https:\/\/www.gaveanews.com\/\"},{\"@type\":\"ListItem\",\"position\":2,\"name\":\"Qual vai ser o valor da premia\u00e7\u00e3o do Carioca 2025?\"}]},{\"@type\":\"WebSite\",\"@id\":\"https:\/\/www.gaveanews.com\/#website\",\"url\":\"https:\/\/www.gaveanews.com\/\",\"name\":\"G\u00e1vea News\",\"description\":\"Veja todas as not\u00edcias sobre o Flamengo: Contrata\u00e7\u00f5es, categorias de base, resultados das partidas, tabela de classifica\u00e7\u00e3o, pr\u00f3ximos jogos!\",\"potentialAction\":[{\"@type\":\"SearchAction\",\"target\":{\"@type\":\"EntryPoint\",\"urlTemplate\":\"https:\/\/www.gaveanews.com\/?s={search_term_string}\"},\"query-input\":{\"@type\":\"PropertyValueSpecification\",\"valueRequired\":true,\"valueName\":\"search_term_string\"}}],\"inLanguage\":\"pt-BR\"},{\"@type\":\"Person\",\"@id\":\"https:\/\/www.gaveanews.com\/#\/schema\/person\/37122681a8575a5c8db05a56f099a5e4\",\"name\":\"D\u00e9bora Figueiredo\",\"image\":{\"@type\":\"ImageObject\",\"inLanguage\":\"pt-BR\",\"@id\":\"https:\/\/www.gaveanews.com\/#\/schema\/person\/image\/\",\"url\":\"https:\/\/secure.gravatar.com\/avatar\/1f44802859351588499d26f52aed1d15796ce17e67602895b72837c08018868d?s=96&d=mm&r=g\",\"contentUrl\":\"https:\/\/secure.gravatar.com\/avatar\/1f44802859351588499d26f52aed1d15796ce17e67602895b72837c08018868d?s=96&d=mm&r=g\",\"caption\":\"D\u00e9bora Figueiredo\"}}]}<\/script>\n<!-- \/ Yoast SEO Premium plugin. -->","yoast_head_json":{"title":"Qual vai ser o valor da premia\u00e7\u00e3o do Carioca 2025?","robots":{"index":"index","follow":"follow","max-snippet":"max-snippet:-1","max-image-preview":"max-image-preview:large","max-video-preview":"max-video-preview:-1"},"canonical":"https:\/\/www.gaveanews.com\/index.php\/2024\/11\/27\/qual-vai-ser-o-valor-da-premiacao-do-carioca-2025\/","og_locale":"pt_BR","og_type":"article","og_title":"Qual vai ser o valor da premia\u00e7\u00e3o do Carioca 2025?","og_description":"Campeonato Carioca n\u00e3o ter\u00e1 premia\u00e7\u00e3o para o campe\u00e3o pelo 5\u00ba ano seguido Nesta ter\u00e7a-feira (26), a Federa\u00e7\u00e3o de Futebol do Estado do Rio de Janeiro (FERJ) anunciou a tabela do Campeonato Carioca de 2025. No entanto, um aspecto se manteve inalterado pelo quinto ano seguido, n\u00e3o haver\u00e1 premia\u00e7\u00e3o para o time campe\u00e3o. A \u00faltima vez [&hellip;]","og_url":"https:\/\/www.gaveanews.com\/index.php\/2024\/11\/27\/qual-vai-ser-o-valor-da-premiacao-do-carioca-2025\/","og_site_name":"G\u00e1vea News","article_publisher":"https:\/\/facebook.com\/gaveaNews\/","article_published_time":"2024-11-28T02:00:00+00:00","og_image":[{"width":640,"height":400,"url":"https:\/\/www.gaveanews.com\/wp-content\/uploads\/campeonato-carioca-taca.webp","type":"image\/webp"}],"author":"D\u00e9bora Figueiredo","twitter_card":"summary_large_image","twitter_misc":{"Escrito por":"D\u00e9bora Figueiredo","Est. tempo de leitura":"4 minutos"},"schema":{"@context":"https:\/\/schema.org","@graph":[{"@type":"NewsArticle","@id":"https:\/\/www.gaveanews.com\/index.php\/2024\/11\/27\/qual-vai-ser-o-valor-da-premiacao-do-carioca-2025\/#article","isPartOf":{"@id":"https:\/\/www.gaveanews.com\/index.php\/2024\/11\/27\/qual-vai-ser-o-valor-da-premiacao-do-carioca-2025\/"},"author":{"name":"D\u00e9bora Figueiredo","@id":"https:\/\/www.gaveanews.com\/#\/schema\/person\/37122681a8575a5c8db05a56f099a5e4"},"headline":"Qual vai ser o valor da premia\u00e7\u00e3o do Carioca 2025?","datePublished":"2024-11-28T02:00:00+00:00","mainEntityOfPage":{"@id":"https:\/\/www.gaveanews.com\/index.php\/2024\/11\/27\/qual-vai-ser-o-valor-da-premiacao-do-carioca-2025\/"},"wordCount":562,"commentCount":0,"image":{"@id":"https:\/\/www.gaveanews.com\/index.php\/2024\/11\/27\/qual-vai-ser-o-valor-da-premiacao-do-carioca-2025\/#primaryimage"},"thumbnailUrl":"https:\/\/www.gaveanews.com\/wp-content\/uploads\/campeonato-carioca-taca.webp","articleSection":["Botafogo","Flamengo","Fluminense","Vasco"],"inLanguage":"pt-BR","potentialAction":[{"@type":"CommentAction","name":"Comment","target":["https:\/\/www.gaveanews.com\/index.php\/2024\/11\/27\/qual-vai-ser-o-valor-da-premiacao-do-carioca-2025\/#respond"]}],"copyrightYear":"2024","copyrightHolder":{"@id":"https:\/\/www.gaveanews.com\/#organization"}},{"@type":"WebPage","@id":"https:\/\/www.gaveanews.com\/index.php\/2024\/11\/27\/qual-vai-ser-o-valor-da-premiacao-do-carioca-2025\/","url":"https:\/\/www.gaveanews.com\/index.php\/2024\/11\/27\/qual-vai-ser-o-valor-da-premiacao-do-carioca-2025\/","name":"Qual vai ser o valor da premia\u00e7\u00e3o do Carioca 2025?","isPartOf":{"@id":"https:\/\/www.gaveanews.com\/#website"},"primaryImageOfPage":{"@id":"https:\/\/www.gaveanews.com\/index.php\/2024\/11\/27\/qual-vai-ser-o-valor-da-premiacao-do-carioca-2025\/#primaryimage"},"image":{"@id":"https:\/\/www.gaveanews.com\/index.php\/2024\/11\/27\/qual-vai-ser-o-valor-da-premiacao-do-carioca-2025\/#primaryimage"},"thumbnailUrl":"https:\/\/www.gaveanews.com\/wp-content\/uploads\/campeonato-carioca-taca.webp","datePublished":"2024-11-28T02:00:00+00:00","author":{"@id":"https:\/\/www.gaveanews.com\/#\/schema\/person\/37122681a8575a5c8db05a56f099a5e4"},"breadcrumb":{"@id":"https:\/\/www.gaveanews.com\/index.php\/2024\/11\/27\/qual-vai-ser-o-valor-da-premiacao-do-carioca-2025\/#breadcrumb"},"inLanguage":"pt-BR","potentialAction":[{"@type":"ReadAction","target":["https:\/\/www.gaveanews.com\/index.php\/2024\/11\/27\/qual-vai-ser-o-valor-da-premiacao-do-carioca-2025\/"]}]},{"@type":"ImageObject","inLanguage":"pt-BR","@id":"https:\/\/www.gaveanews.com\/index.php\/2024\/11\/27\/qual-vai-ser-o-valor-da-premiacao-do-carioca-2025\/#primaryimage","url":"https:\/\/www.gaveanews.com\/wp-content\/uploads\/campeonato-carioca-taca.webp","contentUrl":"https:\/\/www.gaveanews.com\/wp-content\/uploads\/campeonato-carioca-taca.webp","width":640,"height":400,"caption":"Ta\u00e7a do Campeonato Carioca (Foto: Marcelo Cortes\/Flamengo)"},{"@type":"BreadcrumbList","@id":"https:\/\/www.gaveanews.com\/index.php\/2024\/11\/27\/qual-vai-ser-o-valor-da-premiacao-do-carioca-2025\/#breadcrumb","itemListElement":[{"@type":"ListItem","position":1,"name":"Home","item":"https:\/\/www.gaveanews.com\/"},{"@type":"ListItem","position":2,"name":"Qual vai ser o valor da premia\u00e7\u00e3o do Carioca 2025?"}]},{"@type":"WebSite","@id":"https:\/\/www.gaveanews.com\/#website","url":"https:\/\/www.gaveanews.com\/","name":"G\u00e1vea News","description":"Veja todas as not\u00edcias sobre o Flamengo: Contrata\u00e7\u00f5es, categorias de base, resultados das partidas, tabela de classifica\u00e7\u00e3o, pr\u00f3ximos jogos!","potentialAction":[{"@type":"SearchAction","target":{"@type":"EntryPoint","urlTemplate":"https:\/\/www.gaveanews.com\/?s={search_term_string}"},"query-input":{"@type":"PropertyValueSpecification","valueRequired":true,"valueName":"search_term_string"}}],"inLanguage":"pt-BR"},{"@type":"Person","@id":"https:\/\/www.gaveanews.com\/#\/schema\/person\/37122681a8575a5c8db05a56f099a5e4","name":"D\u00e9bora Figueiredo","image":{"@type":"ImageObject","inLanguage":"pt-BR","@id":"https:\/\/www.gaveanews.com\/#\/schema\/person\/image\/","url":"https:\/\/secure.gravatar.com\/avatar\/1f44802859351588499d26f52aed1d15796ce17e67602895b72837c08018868d?s=96&d=mm&r=g","contentUrl":"https:\/\/secure.gravatar.com\/avatar\/1f44802859351588499d26f52aed1d15796ce17e67602895b72837c08018868d?s=96&d=mm&r=g","caption":"D\u00e9bora Figueiredo"}}]}},"_links":{"self":[{"href":"https:\/\/www.gaveanews.com\/index.php\/wp-json\/wp\/v2\/posts\/191543","targetHints":{"allow":["GET"]}}],"collection":[{"href":"https:\/\/www.gaveanews.com\/index.php\/wp-json\/wp\/v2\/posts"}],"about":[{"href":"https:\/\/www.gaveanews.com\/index.php\/wp-json\/wp\/v2\/types\/post"}],"author":[{"embeddable":true,"href":"https:\/\/www.gaveanews.com\/index.php\/wp-json\/wp\/v2\/users\/16"}],"replies":[{"embeddable":true,"href":"https:\/\/www.gaveanews.com\/index.php\/wp-json\/wp\/v2\/comments?post=191543"}],"version-history":[{"count":1,"href":"https:\/\/www.gaveanews.com\/index.php\/wp-json\/wp\/v2\/posts\/191543\/revisions"}],"predecessor-version":[{"id":191547,"href":"https:\/\/www.gaveanews.com\/index.php\/wp-json\/wp\/v2\/posts\/191543\/revisions\/191547"}],"wp:featuredmedia":[{"embeddable":true,"href":"https:\/\/www.gaveanews.com\/index.php\/wp-json\/wp\/v2\/media\/95987"}],"wp:attachment":[{"href":"https:\/\/www.gaveanews.com\/index.php\/wp-json\/wp\/v2\/media?parent=191543"}],"wp:term":[{"taxonomy":"category","embeddable":true,"href":"https:\/\/www.gaveanews.com\/index.php\/wp-json\/wp\/v2\/categories?post=191543"},{"taxonomy":"post_tag","embeddable":true,"href":"https:\/\/www.gaveanews.com\/index.php\/wp-json\/wp\/v2\/tags?post=191543"}],"curies":[{"name":"wp","href":"https:\/\/api.w.org\/{rel}","templated":true}]}}