{"id":191548,"date":"2024-11-27T21:30:00","date_gmt":"2024-11-28T00:30:00","guid":{"rendered":"https:\/\/www.gaveanews.com\/?p=191548"},"modified":"2024-11-27T21:19:02","modified_gmt":"2024-11-28T00:19:02","slug":"gerson-recebe-menos-do-que-allan-no-flamengo","status":"publish","type":"post","link":"https:\/\/www.gaveanews.com\/index.php\/2024\/11\/27\/gerson-recebe-menos-do-que-allan-no-flamengo\/","title":{"rendered":"Gerson recebe menos do que Allan, no Flamengo"},"content":{"rendered":"\n<h2 class=\"wp-block-heading\" id=\"h-um-dos-motivos-do-aumento-do-salario-do-gerson-e-por-causa-do-allan\">Um dos motivos do aumento do sal\u00e1rio do Gerson \u00e9 por causa do Allan<\/h2>\n\n\n\n<p>Na sua segunda passagem pelo Flamengo, Gerson se consolidou como uma das principais estrelas da equipe e vem sendo constantemente convocado para a sele\u00e7\u00e3o Brasileira que atualmente est\u00e1 no comando do t\u00e9cnico Dorival J\u00fanior. Com isso, o jogador est\u00e1 prestes a renovar seu contrato. Apesar de j\u00e1 ter um v\u00ednculo longo, a discuss\u00e3o ocorreu devido \u00e0 presen\u00e7a de Allan.<\/p>\n\n\n\n<ul class=\"wp-block-list\">\n<li><a href=\"https:\/\/www.gaveanews.com\/index.php\/2024\/11\/27\/liverpool-prepara-proposta-milionaria-por-jogador-do-flamengo\/\">Liverpool prepara proposta milion\u00e1ria por jogador do Flamengo<\/a><\/li>\n\n\n\n<li><a href=\"https:\/\/www.gaveanews.com\/index.php\/2024\/11\/27\/flamengo-define-o-que-pretende-fazer-com-allan-em-2025\/\">Flamengo define o que pretende fazer com Allan em 2025<br><\/a><\/li>\n<\/ul>\n\n\n\n<p>O meio-campista carioca n\u00e3o s\u00f3 brilha em campo, mas tamb\u00e9m conquista a simpatia dos torcedores rubro-negros. Atualmente, seu contrato vai at\u00e9 dezembro de 2027.<\/p>\n\n\n\n<p>O ambiente entre as partes \u00e9 positivo para a renova\u00e7\u00e3o contratual, ainda mais fortalecido pelos 224 jogos, 17 gols e 10 t\u00edtulos que Gerson conquistou com o clube at\u00e9 aqui, al\u00e9m da recente conquista na Copa Betano do Brasil.<\/p>\n\n\n\n<figure class=\"wp-block-image size-full\"><img loading=\"lazy\" decoding=\"async\" width=\"900\" height=\"592\" src=\"https:\/\/www.gaveanews.com\/wp-content\/uploads\/gerson-flamengo-1.webp\" alt=\"\" class=\"wp-image-148164\" srcset=\"https:\/\/www.gaveanews.com\/wp-content\/uploads\/gerson-flamengo-1.webp 900w, https:\/\/www.gaveanews.com\/wp-content\/uploads\/gerson-flamengo-1-300x197.webp 300w, https:\/\/www.gaveanews.com\/wp-content\/uploads\/gerson-flamengo-1-768x505.webp 768w, https:\/\/www.gaveanews.com\/wp-content\/uploads\/gerson-flamengo-1-639x420.webp 639w, https:\/\/www.gaveanews.com\/wp-content\/uploads\/gerson-flamengo-1-640x421.webp 640w, https:\/\/www.gaveanews.com\/wp-content\/uploads\/gerson-flamengo-1-681x448.webp 681w, https:\/\/www.gaveanews.com\/wp-content\/uploads\/gerson-flamengo-1-100x66.webp 100w\" sizes=\"auto, (max-width: 900px) 100vw, 900px\" \/><figcaption class=\"wp-element-caption\">Gerson em a\u00e7\u00e3o pelo Flamengo (Foto: Gilvan de Souza\/Flamengo)<\/figcaption><\/figure>\n\n\n\n<h2 class=\"wp-block-heading\" id=\"h-entenda-porque-o-allan-esta-envolvido-nisso-tudo\">Entenda porque o Allan est\u00e1 envolvido nisso tudo:<\/h2>\n\n\n\n<p>Allan, o volante, chegou com um alto sal\u00e1rio devido ao seu extenso hist\u00f3rico de vit\u00f3rias no futebol brasileiro. Apesar de ainda n\u00e3o ter obtido sucesso no Flamengo, ele possui experi\u00eancia significativa de passagens relevantes no Fluminense e no Atl\u00e9tico Mineiro.<\/p>\n\n\n\n<p>Os seus rendimentos se equiparam aos do Coringa, e por isso, a administra\u00e7\u00e3o considera que ele precisa estender seu contrato e elevar seu sal\u00e1rio para um n\u00edvel superior ao de Allan segundo informa\u00e7\u00f5es do jornalista Ven\u00ea Casagrande , que n\u00e3o tem aparecido jogado bem e ainda n\u00e3o conquistou a confian\u00e7a da diretoria e nem dos torcedores.<\/p>\n\n\n\n<h2 class=\"wp-block-heading\" id=\"h-flamengo-quer-renovar-com-gerson\">Flamengo quer renovar com Gerson<\/h2>\n\n\n\n<p>O novo contrato ser\u00e1 prorrogada at\u00e9 2029, com um aumento salarial e uma multa rescis\u00f3ria de milh\u00f5es de d\u00f3lares. Gerson deve receber uma multa rescis\u00f3ria superior a R$ 500 milh\u00f5es. Ademais, o volante passar\u00e1 a ser o jogador mais remunerado do grupo com o aumento salarial em discuss\u00e3o.<\/p>\n\n\n\n<p>Gerson possui um contrato v\u00e1lido at\u00e9 dezembro de 2027 com o Flamengo. No entanto, devido ao interesse do futebol europeu, o Rubro-Negro se esfor\u00e7a para proteger o atleta, que possui grande valor.<\/p>\n\n\n\n<p><\/p>\n","protected":false},"excerpt":{"rendered":"<p>Um dos motivos do aumento do sal\u00e1rio do Gerson \u00e9 por causa do Allan Na sua segunda passagem pelo Flamengo, Gerson se consolidou como uma das principais estrelas da equipe e vem sendo constantemente convocado para a sele\u00e7\u00e3o Brasileira que atualmente est\u00e1 no comando do t\u00e9cnico Dorival J\u00fanior. Com isso, o jogador est\u00e1 prestes a [&hellip;]<\/p>\n","protected":false},"author":16,"featured_media":143374,"comment_status":"open","ping_status":"closed","sticky":false,"template":"","format":"standard","meta":{"footnotes":""},"categories":[1],"tags":[],"class_list":["post-191548","post","type-post","status-publish","format-standard","has-post-thumbnail","hentry","category-flamengo"],"yoast_head":"<!-- This site is optimized with the Yoast SEO Premium plugin v24.2 (Yoast SEO v26.9) - https:\/\/yoast.com\/product\/yoast-seo-premium-wordpress\/ -->\n<title>Gerson recebe menos do que Allan, no Flamengo<\/title>\n<meta name=\"description\" content=\"Gerson recebe menos do que Allan, no Flamengo\" \/>\n<meta name=\"robots\" content=\"index, follow, max-snippet:-1, max-image-preview:large, max-video-preview:-1\" \/>\n<link rel=\"canonical\" href=\"https:\/\/www.gaveanews.com\/index.php\/2024\/11\/27\/gerson-recebe-menos-do-que-allan-no-flamengo\/\" \/>\n<meta property=\"og:locale\" content=\"pt_BR\" \/>\n<meta property=\"og:type\" content=\"article\" \/>\n<meta property=\"og:title\" content=\"Gerson recebe menos do que Allan, no Flamengo\" \/>\n<meta property=\"og:description\" content=\"Gerson recebe menos do que Allan, no Flamengo\" \/>\n<meta property=\"og:url\" content=\"https:\/\/www.gaveanews.com\/index.php\/2024\/11\/27\/gerson-recebe-menos-do-que-allan-no-flamengo\/\" \/>\n<meta property=\"og:site_name\" content=\"G\u00e1vea News\" \/>\n<meta property=\"article:publisher\" content=\"https:\/\/facebook.com\/gaveaNews\/\" \/>\n<meta property=\"article:published_time\" content=\"2024-11-28T00:30:00+00:00\" \/>\n<meta property=\"og:image\" content=\"https:\/\/www.gaveanews.com\/wp-content\/uploads\/Gerson-Flamengo-x-Bolivar-2-1024x682-1.webp\" \/>\n\t<meta property=\"og:image:width\" content=\"1024\" \/>\n\t<meta property=\"og:image:height\" content=\"682\" \/>\n\t<meta property=\"og:image:type\" content=\"image\/webp\" \/>\n<meta name=\"author\" content=\"D\u00e9bora Figueiredo\" \/>\n<meta name=\"twitter:card\" content=\"summary_large_image\" \/>\n<meta name=\"twitter:label1\" content=\"Escrito por\" \/>\n\t<meta name=\"twitter:data1\" content=\"D\u00e9bora Figueiredo\" \/>\n\t<meta name=\"twitter:label2\" content=\"Est. tempo de leitura\" \/>\n\t<meta name=\"twitter:data2\" content=\"3 minutos\" \/>\n<script type=\"application\/ld+json\" class=\"yoast-schema-graph\">{\"@context\":\"https:\/\/schema.org\",\"@graph\":[{\"@type\":\"NewsArticle\",\"@id\":\"https:\/\/www.gaveanews.com\/index.php\/2024\/11\/27\/gerson-recebe-menos-do-que-allan-no-flamengo\/#article\",\"isPartOf\":{\"@id\":\"https:\/\/www.gaveanews.com\/index.php\/2024\/11\/27\/gerson-recebe-menos-do-que-allan-no-flamengo\/\"},\"author\":{\"name\":\"D\u00e9bora Figueiredo\",\"@id\":\"https:\/\/www.gaveanews.com\/#\/schema\/person\/37122681a8575a5c8db05a56f099a5e4\"},\"headline\":\"Gerson recebe menos do que Allan, no Flamengo\",\"datePublished\":\"2024-11-28T00:30:00+00:00\",\"mainEntityOfPage\":{\"@id\":\"https:\/\/www.gaveanews.com\/index.php\/2024\/11\/27\/gerson-recebe-menos-do-que-allan-no-flamengo\/\"},\"wordCount\":384,\"commentCount\":0,\"image\":{\"@id\":\"https:\/\/www.gaveanews.com\/index.php\/2024\/11\/27\/gerson-recebe-menos-do-que-allan-no-flamengo\/#primaryimage\"},\"thumbnailUrl\":\"https:\/\/www.gaveanews.com\/wp-content\/uploads\/Gerson-Flamengo-x-Bolivar-2-1024x682-1.webp\",\"articleSection\":[\"Flamengo\"],\"inLanguage\":\"pt-BR\",\"potentialAction\":[{\"@type\":\"CommentAction\",\"name\":\"Comment\",\"target\":[\"https:\/\/www.gaveanews.com\/index.php\/2024\/11\/27\/gerson-recebe-menos-do-que-allan-no-flamengo\/#respond\"]}],\"copyrightYear\":\"2024\",\"copyrightHolder\":{\"@id\":\"https:\/\/www.gaveanews.com\/#organization\"}},{\"@type\":\"WebPage\",\"@id\":\"https:\/\/www.gaveanews.com\/index.php\/2024\/11\/27\/gerson-recebe-menos-do-que-allan-no-flamengo\/\",\"url\":\"https:\/\/www.gaveanews.com\/index.php\/2024\/11\/27\/gerson-recebe-menos-do-que-allan-no-flamengo\/\",\"name\":\"Gerson recebe menos do que Allan, no Flamengo\",\"isPartOf\":{\"@id\":\"https:\/\/www.gaveanews.com\/#website\"},\"primaryImageOfPage\":{\"@id\":\"https:\/\/www.gaveanews.com\/index.php\/2024\/11\/27\/gerson-recebe-menos-do-que-allan-no-flamengo\/#primaryimage\"},\"image\":{\"@id\":\"https:\/\/www.gaveanews.com\/index.php\/2024\/11\/27\/gerson-recebe-menos-do-que-allan-no-flamengo\/#primaryimage\"},\"thumbnailUrl\":\"https:\/\/www.gaveanews.com\/wp-content\/uploads\/Gerson-Flamengo-x-Bolivar-2-1024x682-1.webp\",\"datePublished\":\"2024-11-28T00:30:00+00:00\",\"author\":{\"@id\":\"https:\/\/www.gaveanews.com\/#\/schema\/person\/37122681a8575a5c8db05a56f099a5e4\"},\"description\":\"Gerson recebe menos do que Allan, no Flamengo\",\"breadcrumb\":{\"@id\":\"https:\/\/www.gaveanews.com\/index.php\/2024\/11\/27\/gerson-recebe-menos-do-que-allan-no-flamengo\/#breadcrumb\"},\"inLanguage\":\"pt-BR\",\"potentialAction\":[{\"@type\":\"ReadAction\",\"target\":[\"https:\/\/www.gaveanews.com\/index.php\/2024\/11\/27\/gerson-recebe-menos-do-que-allan-no-flamengo\/\"]}]},{\"@type\":\"ImageObject\",\"inLanguage\":\"pt-BR\",\"@id\":\"https:\/\/www.gaveanews.com\/index.php\/2024\/11\/27\/gerson-recebe-menos-do-que-allan-no-flamengo\/#primaryimage\",\"url\":\"https:\/\/www.gaveanews.com\/wp-content\/uploads\/Gerson-Flamengo-x-Bolivar-2-1024x682-1.webp\",\"contentUrl\":\"https:\/\/www.gaveanews.com\/wp-content\/uploads\/Gerson-Flamengo-x-Bolivar-2-1024x682-1.webp\",\"width\":1024,\"height\":682,\"caption\":\"Foto: PABLO PORCIUNCULA\/AFP via Getty Images\"},{\"@type\":\"BreadcrumbList\",\"@id\":\"https:\/\/www.gaveanews.com\/index.php\/2024\/11\/27\/gerson-recebe-menos-do-que-allan-no-flamengo\/#breadcrumb\",\"itemListElement\":[{\"@type\":\"ListItem\",\"position\":1,\"name\":\"Home\",\"item\":\"https:\/\/www.gaveanews.com\/\"},{\"@type\":\"ListItem\",\"position\":2,\"name\":\"Gerson recebe menos do que Allan, no Flamengo\"}]},{\"@type\":\"WebSite\",\"@id\":\"https:\/\/www.gaveanews.com\/#website\",\"url\":\"https:\/\/www.gaveanews.com\/\",\"name\":\"G\u00e1vea News\",\"description\":\"Veja todas as not\u00edcias sobre o Flamengo: Contrata\u00e7\u00f5es, categorias de base, resultados das partidas, tabela de classifica\u00e7\u00e3o, pr\u00f3ximos jogos!\",\"potentialAction\":[{\"@type\":\"SearchAction\",\"target\":{\"@type\":\"EntryPoint\",\"urlTemplate\":\"https:\/\/www.gaveanews.com\/?s={search_term_string}\"},\"query-input\":{\"@type\":\"PropertyValueSpecification\",\"valueRequired\":true,\"valueName\":\"search_term_string\"}}],\"inLanguage\":\"pt-BR\"},{\"@type\":\"Person\",\"@id\":\"https:\/\/www.gaveanews.com\/#\/schema\/person\/37122681a8575a5c8db05a56f099a5e4\",\"name\":\"D\u00e9bora Figueiredo\",\"image\":{\"@type\":\"ImageObject\",\"inLanguage\":\"pt-BR\",\"@id\":\"https:\/\/www.gaveanews.com\/#\/schema\/person\/image\/\",\"url\":\"https:\/\/secure.gravatar.com\/avatar\/1f44802859351588499d26f52aed1d15796ce17e67602895b72837c08018868d?s=96&d=mm&r=g\",\"contentUrl\":\"https:\/\/secure.gravatar.com\/avatar\/1f44802859351588499d26f52aed1d15796ce17e67602895b72837c08018868d?s=96&d=mm&r=g\",\"caption\":\"D\u00e9bora Figueiredo\"}}]}<\/script>\n<!-- \/ Yoast SEO Premium plugin. -->","yoast_head_json":{"title":"Gerson recebe menos do que Allan, no Flamengo","description":"Gerson recebe menos do que Allan, no Flamengo","robots":{"index":"index","follow":"follow","max-snippet":"max-snippet:-1","max-image-preview":"max-image-preview:large","max-video-preview":"max-video-preview:-1"},"canonical":"https:\/\/www.gaveanews.com\/index.php\/2024\/11\/27\/gerson-recebe-menos-do-que-allan-no-flamengo\/","og_locale":"pt_BR","og_type":"article","og_title":"Gerson recebe menos do que Allan, no Flamengo","og_description":"Gerson recebe menos do que Allan, no Flamengo","og_url":"https:\/\/www.gaveanews.com\/index.php\/2024\/11\/27\/gerson-recebe-menos-do-que-allan-no-flamengo\/","og_site_name":"G\u00e1vea News","article_publisher":"https:\/\/facebook.com\/gaveaNews\/","article_published_time":"2024-11-28T00:30:00+00:00","og_image":[{"width":1024,"height":682,"url":"https:\/\/www.gaveanews.com\/wp-content\/uploads\/Gerson-Flamengo-x-Bolivar-2-1024x682-1.webp","type":"image\/webp"}],"author":"D\u00e9bora Figueiredo","twitter_card":"summary_large_image","twitter_misc":{"Escrito por":"D\u00e9bora Figueiredo","Est. tempo de leitura":"3 minutos"},"schema":{"@context":"https:\/\/schema.org","@graph":[{"@type":"NewsArticle","@id":"https:\/\/www.gaveanews.com\/index.php\/2024\/11\/27\/gerson-recebe-menos-do-que-allan-no-flamengo\/#article","isPartOf":{"@id":"https:\/\/www.gaveanews.com\/index.php\/2024\/11\/27\/gerson-recebe-menos-do-que-allan-no-flamengo\/"},"author":{"name":"D\u00e9bora Figueiredo","@id":"https:\/\/www.gaveanews.com\/#\/schema\/person\/37122681a8575a5c8db05a56f099a5e4"},"headline":"Gerson recebe menos do que Allan, no Flamengo","datePublished":"2024-11-28T00:30:00+00:00","mainEntityOfPage":{"@id":"https:\/\/www.gaveanews.com\/index.php\/2024\/11\/27\/gerson-recebe-menos-do-que-allan-no-flamengo\/"},"wordCount":384,"commentCount":0,"image":{"@id":"https:\/\/www.gaveanews.com\/index.php\/2024\/11\/27\/gerson-recebe-menos-do-que-allan-no-flamengo\/#primaryimage"},"thumbnailUrl":"https:\/\/www.gaveanews.com\/wp-content\/uploads\/Gerson-Flamengo-x-Bolivar-2-1024x682-1.webp","articleSection":["Flamengo"],"inLanguage":"pt-BR","potentialAction":[{"@type":"CommentAction","name":"Comment","target":["https:\/\/www.gaveanews.com\/index.php\/2024\/11\/27\/gerson-recebe-menos-do-que-allan-no-flamengo\/#respond"]}],"copyrightYear":"2024","copyrightHolder":{"@id":"https:\/\/www.gaveanews.com\/#organization"}},{"@type":"WebPage","@id":"https:\/\/www.gaveanews.com\/index.php\/2024\/11\/27\/gerson-recebe-menos-do-que-allan-no-flamengo\/","url":"https:\/\/www.gaveanews.com\/index.php\/2024\/11\/27\/gerson-recebe-menos-do-que-allan-no-flamengo\/","name":"Gerson recebe menos do que Allan, no Flamengo","isPartOf":{"@id":"https:\/\/www.gaveanews.com\/#website"},"primaryImageOfPage":{"@id":"https:\/\/www.gaveanews.com\/index.php\/2024\/11\/27\/gerson-recebe-menos-do-que-allan-no-flamengo\/#primaryimage"},"image":{"@id":"https:\/\/www.gaveanews.com\/index.php\/2024\/11\/27\/gerson-recebe-menos-do-que-allan-no-flamengo\/#primaryimage"},"thumbnailUrl":"https:\/\/www.gaveanews.com\/wp-content\/uploads\/Gerson-Flamengo-x-Bolivar-2-1024x682-1.webp","datePublished":"2024-11-28T00:30:00+00:00","author":{"@id":"https:\/\/www.gaveanews.com\/#\/schema\/person\/37122681a8575a5c8db05a56f099a5e4"},"description":"Gerson recebe menos do que Allan, no Flamengo","breadcrumb":{"@id":"https:\/\/www.gaveanews.com\/index.php\/2024\/11\/27\/gerson-recebe-menos-do-que-allan-no-flamengo\/#breadcrumb"},"inLanguage":"pt-BR","potentialAction":[{"@type":"ReadAction","target":["https:\/\/www.gaveanews.com\/index.php\/2024\/11\/27\/gerson-recebe-menos-do-que-allan-no-flamengo\/"]}]},{"@type":"ImageObject","inLanguage":"pt-BR","@id":"https:\/\/www.gaveanews.com\/index.php\/2024\/11\/27\/gerson-recebe-menos-do-que-allan-no-flamengo\/#primaryimage","url":"https:\/\/www.gaveanews.com\/wp-content\/uploads\/Gerson-Flamengo-x-Bolivar-2-1024x682-1.webp","contentUrl":"https:\/\/www.gaveanews.com\/wp-content\/uploads\/Gerson-Flamengo-x-Bolivar-2-1024x682-1.webp","width":1024,"height":682,"caption":"Foto: PABLO PORCIUNCULA\/AFP via Getty Images"},{"@type":"BreadcrumbList","@id":"https:\/\/www.gaveanews.com\/index.php\/2024\/11\/27\/gerson-recebe-menos-do-que-allan-no-flamengo\/#breadcrumb","itemListElement":[{"@type":"ListItem","position":1,"name":"Home","item":"https:\/\/www.gaveanews.com\/"},{"@type":"ListItem","position":2,"name":"Gerson recebe menos do que Allan, no Flamengo"}]},{"@type":"WebSite","@id":"https:\/\/www.gaveanews.com\/#website","url":"https:\/\/www.gaveanews.com\/","name":"G\u00e1vea News","description":"Veja todas as not\u00edcias sobre o Flamengo: Contrata\u00e7\u00f5es, categorias de base, resultados das partidas, tabela de classifica\u00e7\u00e3o, pr\u00f3ximos jogos!","potentialAction":[{"@type":"SearchAction","target":{"@type":"EntryPoint","urlTemplate":"https:\/\/www.gaveanews.com\/?s={search_term_string}"},"query-input":{"@type":"PropertyValueSpecification","valueRequired":true,"valueName":"search_term_string"}}],"inLanguage":"pt-BR"},{"@type":"Person","@id":"https:\/\/www.gaveanews.com\/#\/schema\/person\/37122681a8575a5c8db05a56f099a5e4","name":"D\u00e9bora Figueiredo","image":{"@type":"ImageObject","inLanguage":"pt-BR","@id":"https:\/\/www.gaveanews.com\/#\/schema\/person\/image\/","url":"https:\/\/secure.gravatar.com\/avatar\/1f44802859351588499d26f52aed1d15796ce17e67602895b72837c08018868d?s=96&d=mm&r=g","contentUrl":"https:\/\/secure.gravatar.com\/avatar\/1f44802859351588499d26f52aed1d15796ce17e67602895b72837c08018868d?s=96&d=mm&r=g","caption":"D\u00e9bora Figueiredo"}}]}},"_links":{"self":[{"href":"https:\/\/www.gaveanews.com\/index.php\/wp-json\/wp\/v2\/posts\/191548","targetHints":{"allow":["GET"]}}],"collection":[{"href":"https:\/\/www.gaveanews.com\/index.php\/wp-json\/wp\/v2\/posts"}],"about":[{"href":"https:\/\/www.gaveanews.com\/index.php\/wp-json\/wp\/v2\/types\/post"}],"author":[{"embeddable":true,"href":"https:\/\/www.gaveanews.com\/index.php\/wp-json\/wp\/v2\/users\/16"}],"replies":[{"embeddable":true,"href":"https:\/\/www.gaveanews.com\/index.php\/wp-json\/wp\/v2\/comments?post=191548"}],"version-history":[{"count":1,"href":"https:\/\/www.gaveanews.com\/index.php\/wp-json\/wp\/v2\/posts\/191548\/revisions"}],"predecessor-version":[{"id":191555,"href":"https:\/\/www.gaveanews.com\/index.php\/wp-json\/wp\/v2\/posts\/191548\/revisions\/191555"}],"wp:featuredmedia":[{"embeddable":true,"href":"https:\/\/www.gaveanews.com\/index.php\/wp-json\/wp\/v2\/media\/143374"}],"wp:attachment":[{"href":"https:\/\/www.gaveanews.com\/index.php\/wp-json\/wp\/v2\/media?parent=191548"}],"wp:term":[{"taxonomy":"category","embeddable":true,"href":"https:\/\/www.gaveanews.com\/index.php\/wp-json\/wp\/v2\/categories?post=191548"},{"taxonomy":"post_tag","embeddable":true,"href":"https:\/\/www.gaveanews.com\/index.php\/wp-json\/wp\/v2\/tags?post=191548"}],"curies":[{"name":"wp","href":"https:\/\/api.w.org\/{rel}","templated":true}]}}