{"id":191625,"date":"2024-11-28T04:15:00","date_gmt":"2024-11-28T07:15:00","guid":{"rendered":"https:\/\/www.gaveanews.com\/?p=191625"},"modified":"2024-11-28T01:12:57","modified_gmt":"2024-11-28T04:12:57","slug":"situacao-envolvendo-depay-previsao-de-emerson-sheik-e-declaracao-de-hugo-souza-as-ultimas-noticias-do-corinthians","status":"publish","type":"post","link":"https:\/\/www.gaveanews.com\/index.php\/2024\/11\/28\/situacao-envolvendo-depay-previsao-de-emerson-sheik-e-declaracao-de-hugo-souza-as-ultimas-noticias-do-corinthians\/","title":{"rendered":"Situa\u00e7\u00e3o envolvendo Depay, previs\u00e3o de Emerson Sheik e declara\u00e7\u00e3o de Hugo Souza: as \u00faltimas not\u00edcias do Corinthians"},"content":{"rendered":"\n<p>Nas \u00faltimas horas, o foco das not\u00edcias sobre o Corinthians se concentram nos bastidores do clube, com destaques como a previs\u00e3o de Emerson Sheik e declara\u00e7\u00e3o de Hugo Souza.<\/p>\n\n\n\n<p>Por conta deste contexto, leia abaixo um resumo preparado pela equipe do portal G\u00e1vea News para lhe manter muito bem informado!<\/p>\n\n\n\n<h2 class=\"wp-block-heading\" id=\"h-declaracao-de-hugo-souza\">Declara\u00e7\u00e3o de Hugo Souza<\/h2>\n\n\n\n<p>Hugo Souza, goleiro que estava emprestado ao Corinthians desde o meio do ano, foi oficialmente comprado pelo clube e celebrou a novidade com uma entrevista emocionante. Entre l\u00e1grimas, ele destacou a import\u00e2ncia do Tim\u00e3o em sua trajet\u00f3ria e definiu a oportunidade como um marco em sua vida profissional. Hugo afirmou que viu no Corinthians a chance de provar sua capacidade em um grande clube, destacando o apoio que recebeu de familiares, amigos e da torcida durante sua adapta\u00e7\u00e3o \u00e0 equipe <strong><a href=\"https:\/\/www.gaveanews.com\/index.php\/2024\/11\/27\/video-a-declaracao-de-hugo-souza-apos-ser-comprado-pelo-corinthians\/\">(leia a mat\u00e9ria completa).<\/a><\/strong><\/p>\n\n\n\n<figure class=\"wp-block-image size-full\"><img loading=\"lazy\" decoding=\"async\" width=\"740\" height=\"416\" src=\"https:\/\/www.gaveanews.com\/wp-content\/uploads\/image-2024-08-21T141722.256.webp\" alt=\"\" class=\"wp-image-160023\" srcset=\"https:\/\/www.gaveanews.com\/wp-content\/uploads\/image-2024-08-21T141722.256.webp 740w, https:\/\/www.gaveanews.com\/wp-content\/uploads\/image-2024-08-21T141722.256-300x169.webp 300w, https:\/\/www.gaveanews.com\/wp-content\/uploads\/image-2024-08-21T141722.256-640x360.webp 640w, https:\/\/www.gaveanews.com\/wp-content\/uploads\/image-2024-08-21T141722.256-681x383.webp 681w, https:\/\/www.gaveanews.com\/wp-content\/uploads\/image-2024-08-21T141722.256-100x56.webp 100w\" sizes=\"auto, (max-width: 740px) 100vw, 740px\" \/><figcaption class=\"wp-element-caption\">Foto: Jhony Pinho\/AGIF Hugo Souza falou sobre o Mengo<\/figcaption><\/figure>\n\n\n\n<p>Na coletiva, Hugo demonstrou gratid\u00e3o ao Corinthians, que considera essencial para alcan\u00e7ar seus objetivos, como o sonho de jogar pela Sele\u00e7\u00e3o Brasileira. Ele acredita que a visibilidade e o suporte do clube o aproximam de uma convoca\u00e7\u00e3o, reafirmando sua prepara\u00e7\u00e3o e ambi\u00e7\u00e3o de disputar uma vaga na equipe de Dorival J\u00fanior. <\/p>\n\n\n\n<p>Al\u00e9m disso, o goleiro fez quest\u00e3o de destacar sua conex\u00e3o com a torcida alvinegra, afirmando que compartilha com o clube uma paix\u00e3o pela vit\u00f3ria e a avers\u00e3o ao erro.<\/p>\n\n\n\n<p>Hugo tamb\u00e9m relembrou com emo\u00e7\u00e3o o impacto de seu falecido pai em sua trajet\u00f3ria, referindo-se a ele como sua maior inspira\u00e7\u00e3o. Com a compra definitiva, o jogador se declarou &#8220;Tim\u00e3o de verdade&#8221; e elogiou a grandeza do clube e o amor de sua torcida. Ele destacou a identifica\u00e7\u00e3o que sente com a filosofia do Corinthians, reiterando seu comprometimento em honrar a camisa alvinegra e o legado que representa.<\/p>\n\n\n\n<h2 class=\"wp-block-heading\" id=\"h-previsao-de-emerson-sheik\">Previs\u00e3o de Emerson Sheik <\/h2>\n\n\n\n<p>O Corinthians j\u00e1 planeja sua reformula\u00e7\u00e3o para 2025, com foco na conquista de uma vaga na Libertadores e na montagem de um elenco competitivo para a pr\u00f3xima temporada. O time, que praticamente eliminou os riscos de rebaixamento no Brasileir\u00e3o, agora busca assegurar o G-8 nas \u00faltimas rodadas. Segundo Emerson Sheik, \u00eddolo do clube, o Tim\u00e3o tem condi\u00e7\u00f5es de brigar pelo bicampeonato da competi\u00e7\u00e3o continental caso consiga a classifica\u00e7\u00e3o. Entre os nomes especulados para refor\u00e7ar a equipe est\u00e1 o zagueiro espanhol Sergio Ramos, com quem houve uma conversa inicial, mas sem avan\u00e7os concretos at\u00e9 o momento <strong><a href=\"https:\/\/www.gaveanews.com\/index.php\/2024\/11\/27\/emerson-sheik-faz-previsao-sobre-o-futuro-do-corinthians\/\">(leia a mat\u00e9ria completa).<\/a><\/strong><\/p>\n\n\n\n<figure class=\"wp-block-image size-large\"><img loading=\"lazy\" decoding=\"async\" width=\"1024\" height=\"576\" src=\"https:\/\/www.gaveanews.com\/wp-content\/uploads\/Emerson-Sheik-durante-a-programacao-do-SBT-1024x576.webp\" alt=\"\" class=\"wp-image-176917\" srcset=\"https:\/\/www.gaveanews.com\/wp-content\/uploads\/Emerson-Sheik-durante-a-programacao-do-SBT-1024x576.webp 1024w, https:\/\/www.gaveanews.com\/wp-content\/uploads\/Emerson-Sheik-durante-a-programacao-do-SBT-300x169.webp 300w, https:\/\/www.gaveanews.com\/wp-content\/uploads\/Emerson-Sheik-durante-a-programacao-do-SBT-768x432.webp 768w, https:\/\/www.gaveanews.com\/wp-content\/uploads\/Emerson-Sheik-durante-a-programacao-do-SBT-747x420.webp 747w, https:\/\/www.gaveanews.com\/wp-content\/uploads\/Emerson-Sheik-durante-a-programacao-do-SBT-640x360.webp 640w, https:\/\/www.gaveanews.com\/wp-content\/uploads\/Emerson-Sheik-durante-a-programacao-do-SBT-681x383.webp 681w, https:\/\/www.gaveanews.com\/wp-content\/uploads\/Emerson-Sheik-durante-a-programacao-do-SBT-100x56.webp 100w, https:\/\/www.gaveanews.com\/wp-content\/uploads\/Emerson-Sheik-durante-a-programacao-do-SBT.webp 1280w\" sizes=\"auto, (max-width: 1024px) 100vw, 1024px\" \/><figcaption class=\"wp-element-caption\">Emerson Sheik durante a programa\u00e7\u00e3o do SBT (Foto: Reprodu\u00e7\u00e3o)<\/figcaption><\/figure>\n\n\n\n<p>O presidente Augusto Melo confirmou a perman\u00eancia do t\u00e9cnico Ram\u00f3n D\u00edaz e garantiu que a diretoria est\u00e1 mapeando o mercado com cautela para anunciar refor\u00e7os no momento oportuno. A chegada de Sergio Ramos e outros nomes est\u00e1 sendo avaliada, mas Melo pediu paci\u00eancia aos torcedores, refor\u00e7ando que a prioridade \u00e9 estruturar o elenco de forma estrat\u00e9gica. Ao mesmo tempo, o dirigente enfrenta uma situa\u00e7\u00e3o pol\u00edtica complicada, com um processo de impeachment tramitando no Conselho de \u00c9tica do clube, o que pode impactar as decis\u00f5es futuras.<\/p>\n\n\n\n<p>Apesar das incertezas, a diretoria do Corinthians aposta em um planejamento s\u00f3lido para a pr\u00f3xima temporada. A expectativa \u00e9 montar um time mais competitivo, capaz de lutar por t\u00edtulos em 2025, especialmente na Libertadores, caso a vaga seja confirmada. Segundo Sheik, o clube est\u00e1 no caminho certo e deve manter o ritmo nas \u00faltimas rodadas para alcan\u00e7ar o objetivo, prometendo aos torcedores um ano de conquistas e um elenco refor\u00e7ado para brilhar nos torneios nacionais e internacionais.<\/p>\n\n\n\n<h2 class=\"wp-block-heading\" id=\"h-situacao-envolvendo-depay\">Situa\u00e7\u00e3o envolvendo Depay<\/h2>\n\n\n\n<p>O craque holand\u00eas Memphis Depay continua conquistando a torcida do Corinthians dentro e fora de campo. Nesta quarta-feira, o camisa 94 visitou a sede da Gavi\u00f5es da Fiel, onde participou de uma roda de samba, tocando surdo e interagindo com os torcedores. O momento foi marcado por uma recep\u00e7\u00e3o calorosa, com m\u00fasicas personalizadas e muita anima\u00e7\u00e3o, incluindo o grito de guerra: \u201cOl\u00ea, l\u00ea! Ol\u00e1, l\u00e1! O Memphis vem a\u00ed, e o bicho vai pegar!\u201d. A visita refor\u00e7ou o carisma do jogador e sua identifica\u00e7\u00e3o crescente com o clube e a torcida<strong><a href=\"https:\/\/www.gaveanews.com\/index.php\/2024\/11\/27\/depay-surpreende-torcida-do-corinthians-e-ganha-grito-de-guerra\/\"> (leia a mat\u00e9ria completa).<\/a><\/strong><\/p>\n\n\n\n<figure class=\"wp-block-image size-large\"><img loading=\"lazy\" decoding=\"async\" width=\"1024\" height=\"683\" src=\"https:\/\/www.gaveanews.com\/wp-content\/uploads\/Memphis-Depay-com-a-camisa-do-Corinthians-em-2024-1-1024x683.webp\" alt=\"\" class=\"wp-image-167548\" srcset=\"https:\/\/www.gaveanews.com\/wp-content\/uploads\/Memphis-Depay-com-a-camisa-do-Corinthians-em-2024-1-1024x683.webp 1024w, https:\/\/www.gaveanews.com\/wp-content\/uploads\/Memphis-Depay-com-a-camisa-do-Corinthians-em-2024-1-300x200.webp 300w, https:\/\/www.gaveanews.com\/wp-content\/uploads\/Memphis-Depay-com-a-camisa-do-Corinthians-em-2024-1-768x512.webp 768w, https:\/\/www.gaveanews.com\/wp-content\/uploads\/Memphis-Depay-com-a-camisa-do-Corinthians-em-2024-1-630x420.webp 630w, https:\/\/www.gaveanews.com\/wp-content\/uploads\/Memphis-Depay-com-a-camisa-do-Corinthians-em-2024-1-640x427.webp 640w, https:\/\/www.gaveanews.com\/wp-content\/uploads\/Memphis-Depay-com-a-camisa-do-Corinthians-em-2024-1-681x454.webp 681w, https:\/\/www.gaveanews.com\/wp-content\/uploads\/Memphis-Depay-com-a-camisa-do-Corinthians-em-2024-1-100x67.webp 100w, https:\/\/www.gaveanews.com\/wp-content\/uploads\/Memphis-Depay-com-a-camisa-do-Corinthians-em-2024-1.webp 1182w\" sizes=\"auto, (max-width: 1024px) 100vw, 1024px\" \/><figcaption class=\"wp-element-caption\">Memphis Depay com a camisa do Corinthians em 2024 (Foto: Reprodu\u00e7\u00e3o\/Instagram)<\/figcaption><\/figure>\n\n\n\n<p>Al\u00e9m de fortalecer o v\u00ednculo com a Fiel, Depay tamb\u00e9m demonstrou apoio ao projeto de arrecada\u00e7\u00e3o via PIX da Gavi\u00f5es, destinado \u00e0 quita\u00e7\u00e3o das d\u00edvidas da Neo Qu\u00edmica Arena. A presen\u00e7a do jogador foi vista como um gesto de valoriza\u00e7\u00e3o e proximidade com os torcedores. O evento aconteceu poucos dias antes do retorno de Memphis ao time, que enfrentar\u00e1 o Crici\u00fama no pr\u00f3ximo s\u00e1bado pelo Brasileir\u00e3o, aumentando as expectativas para sua atua\u00e7\u00e3o ap\u00f3s cumprir suspens\u00e3o na rodada anterior.<\/p>\n\n\n\n<p>A atitude de Memphis vai al\u00e9m das a\u00e7\u00f5es em campo, consolidando-o n\u00e3o apenas como um jogador decisivo, mas tamb\u00e9m como um \u00eddolo em constru\u00e7\u00e3o para a torcida corintiana. Com carisma e comprometimento, o camisa 94 refor\u00e7a sua import\u00e2ncia no elenco alvinegro, prometendo deixar uma marca especial em sua trajet\u00f3ria no clube, tanto pelos gols quanto por momentos memor\u00e1veis como este.<\/p>\n","protected":false},"excerpt":{"rendered":"<p>Nas \u00faltimas horas, o foco das not\u00edcias sobre o Corinthians se concentram nos bastidores do clube, com destaques como a previs\u00e3o de Emerson Sheik e declara\u00e7\u00e3o de Hugo Souza. Por conta deste contexto, leia abaixo um resumo preparado pela equipe do portal G\u00e1vea News para lhe manter muito bem informado! Declara\u00e7\u00e3o de Hugo Souza Hugo [&hellip;]<\/p>\n","protected":false},"author":27,"featured_media":154473,"comment_status":"open","ping_status":"closed","sticky":false,"template":"","format":"standard","meta":{"footnotes":""},"categories":[141],"tags":[],"class_list":["post-191625","post","type-post","status-publish","format-standard","has-post-thumbnail","hentry","category-corinthians"],"yoast_head":"<!-- This site is optimized with the Yoast SEO Premium plugin v24.2 (Yoast SEO v26.9) - https:\/\/yoast.com\/product\/yoast-seo-premium-wordpress\/ -->\n<title>Situa\u00e7\u00e3o envolvendo Depay, previs\u00e3o de Emerson Sheik e declara\u00e7\u00e3o de Hugo Souza: as \u00faltimas not\u00edcias do Corinthians<\/title>\n<meta name=\"robots\" content=\"index, follow, max-snippet:-1, max-image-preview:large, max-video-preview:-1\" \/>\n<link rel=\"canonical\" href=\"https:\/\/www.gaveanews.com\/index.php\/2024\/11\/28\/situacao-envolvendo-depay-previsao-de-emerson-sheik-e-declaracao-de-hugo-souza-as-ultimas-noticias-do-corinthians\/\" \/>\n<meta property=\"og:locale\" content=\"pt_BR\" \/>\n<meta property=\"og:type\" content=\"article\" \/>\n<meta property=\"og:title\" content=\"Situa\u00e7\u00e3o envolvendo Depay, previs\u00e3o de Emerson Sheik e declara\u00e7\u00e3o de Hugo Souza: as \u00faltimas not\u00edcias do Corinthians\" \/>\n<meta property=\"og:description\" content=\"Nas \u00faltimas horas, o foco das not\u00edcias sobre o Corinthians se concentram nos bastidores do clube, com destaques como a previs\u00e3o de Emerson Sheik e declara\u00e7\u00e3o de Hugo Souza. Por conta deste contexto, leia abaixo um resumo preparado pela equipe do portal G\u00e1vea News para lhe manter muito bem informado! Declara\u00e7\u00e3o de Hugo Souza Hugo [&hellip;]\" \/>\n<meta property=\"og:url\" content=\"https:\/\/www.gaveanews.com\/index.php\/2024\/11\/28\/situacao-envolvendo-depay-previsao-de-emerson-sheik-e-declaracao-de-hugo-souza-as-ultimas-noticias-do-corinthians\/\" \/>\n<meta property=\"og:site_name\" content=\"G\u00e1vea News\" \/>\n<meta property=\"article:publisher\" content=\"https:\/\/facebook.com\/gaveaNews\/\" \/>\n<meta property=\"article:published_time\" content=\"2024-11-28T07:15:00+00:00\" \/>\n<meta property=\"og:image\" content=\"https:\/\/www.gaveanews.com\/wp-content\/uploads\/Escudo-do-Corinthians-na-Neo-Quimica-Arena.webp\" \/>\n\t<meta property=\"og:image:width\" content=\"1440\" \/>\n\t<meta property=\"og:image:height\" content=\"959\" \/>\n\t<meta property=\"og:image:type\" content=\"image\/jpeg\" \/>\n<meta name=\"author\" content=\"Matheus Felipe\" \/>\n<meta name=\"twitter:card\" content=\"summary_large_image\" \/>\n<meta name=\"twitter:label1\" content=\"Escrito por\" \/>\n\t<meta name=\"twitter:data1\" content=\"Matheus Felipe\" \/>\n\t<meta name=\"twitter:label2\" content=\"Est. tempo de leitura\" \/>\n\t<meta name=\"twitter:data2\" content=\"6 minutos\" \/>\n<script type=\"application\/ld+json\" class=\"yoast-schema-graph\">{\"@context\":\"https:\/\/schema.org\",\"@graph\":[{\"@type\":\"NewsArticle\",\"@id\":\"https:\/\/www.gaveanews.com\/index.php\/2024\/11\/28\/situacao-envolvendo-depay-previsao-de-emerson-sheik-e-declaracao-de-hugo-souza-as-ultimas-noticias-do-corinthians\/#article\",\"isPartOf\":{\"@id\":\"https:\/\/www.gaveanews.com\/index.php\/2024\/11\/28\/situacao-envolvendo-depay-previsao-de-emerson-sheik-e-declaracao-de-hugo-souza-as-ultimas-noticias-do-corinthians\/\"},\"author\":{\"name\":\"Matheus Felipe\",\"@id\":\"https:\/\/www.gaveanews.com\/#\/schema\/person\/8207cd4627f56151707418bfc835b2fb\"},\"headline\":\"Situa\u00e7\u00e3o envolvendo Depay, previs\u00e3o de Emerson Sheik e declara\u00e7\u00e3o de Hugo Souza: as \u00faltimas not\u00edcias do Corinthians\",\"datePublished\":\"2024-11-28T07:15:00+00:00\",\"mainEntityOfPage\":{\"@id\":\"https:\/\/www.gaveanews.com\/index.php\/2024\/11\/28\/situacao-envolvendo-depay-previsao-de-emerson-sheik-e-declaracao-de-hugo-souza-as-ultimas-noticias-do-corinthians\/\"},\"wordCount\":925,\"commentCount\":0,\"image\":{\"@id\":\"https:\/\/www.gaveanews.com\/index.php\/2024\/11\/28\/situacao-envolvendo-depay-previsao-de-emerson-sheik-e-declaracao-de-hugo-souza-as-ultimas-noticias-do-corinthians\/#primaryimage\"},\"thumbnailUrl\":\"https:\/\/www.gaveanews.com\/wp-content\/uploads\/Escudo-do-Corinthians-na-Neo-Quimica-Arena.webp\",\"articleSection\":[\"Corinthians\"],\"inLanguage\":\"pt-BR\",\"potentialAction\":[{\"@type\":\"CommentAction\",\"name\":\"Comment\",\"target\":[\"https:\/\/www.gaveanews.com\/index.php\/2024\/11\/28\/situacao-envolvendo-depay-previsao-de-emerson-sheik-e-declaracao-de-hugo-souza-as-ultimas-noticias-do-corinthians\/#respond\"]}],\"copyrightYear\":\"2024\",\"copyrightHolder\":{\"@id\":\"https:\/\/www.gaveanews.com\/#organization\"}},{\"@type\":\"WebPage\",\"@id\":\"https:\/\/www.gaveanews.com\/index.php\/2024\/11\/28\/situacao-envolvendo-depay-previsao-de-emerson-sheik-e-declaracao-de-hugo-souza-as-ultimas-noticias-do-corinthians\/\",\"url\":\"https:\/\/www.gaveanews.com\/index.php\/2024\/11\/28\/situacao-envolvendo-depay-previsao-de-emerson-sheik-e-declaracao-de-hugo-souza-as-ultimas-noticias-do-corinthians\/\",\"name\":\"Situa\u00e7\u00e3o envolvendo Depay, previs\u00e3o de Emerson Sheik e declara\u00e7\u00e3o de Hugo Souza: as \u00faltimas not\u00edcias do Corinthians\",\"isPartOf\":{\"@id\":\"https:\/\/www.gaveanews.com\/#website\"},\"primaryImageOfPage\":{\"@id\":\"https:\/\/www.gaveanews.com\/index.php\/2024\/11\/28\/situacao-envolvendo-depay-previsao-de-emerson-sheik-e-declaracao-de-hugo-souza-as-ultimas-noticias-do-corinthians\/#primaryimage\"},\"image\":{\"@id\":\"https:\/\/www.gaveanews.com\/index.php\/2024\/11\/28\/situacao-envolvendo-depay-previsao-de-emerson-sheik-e-declaracao-de-hugo-souza-as-ultimas-noticias-do-corinthians\/#primaryimage\"},\"thumbnailUrl\":\"https:\/\/www.gaveanews.com\/wp-content\/uploads\/Escudo-do-Corinthians-na-Neo-Quimica-Arena.webp\",\"datePublished\":\"2024-11-28T07:15:00+00:00\",\"author\":{\"@id\":\"https:\/\/www.gaveanews.com\/#\/schema\/person\/8207cd4627f56151707418bfc835b2fb\"},\"breadcrumb\":{\"@id\":\"https:\/\/www.gaveanews.com\/index.php\/2024\/11\/28\/situacao-envolvendo-depay-previsao-de-emerson-sheik-e-declaracao-de-hugo-souza-as-ultimas-noticias-do-corinthians\/#breadcrumb\"},\"inLanguage\":\"pt-BR\",\"potentialAction\":[{\"@type\":\"ReadAction\",\"target\":[\"https:\/\/www.gaveanews.com\/index.php\/2024\/11\/28\/situacao-envolvendo-depay-previsao-de-emerson-sheik-e-declaracao-de-hugo-souza-as-ultimas-noticias-do-corinthians\/\"]}]},{\"@type\":\"ImageObject\",\"inLanguage\":\"pt-BR\",\"@id\":\"https:\/\/www.gaveanews.com\/index.php\/2024\/11\/28\/situacao-envolvendo-depay-previsao-de-emerson-sheik-e-declaracao-de-hugo-souza-as-ultimas-noticias-do-corinthians\/#primaryimage\",\"url\":\"https:\/\/www.gaveanews.com\/wp-content\/uploads\/Escudo-do-Corinthians-na-Neo-Quimica-Arena.webp\",\"contentUrl\":\"https:\/\/www.gaveanews.com\/wp-content\/uploads\/Escudo-do-Corinthians-na-Neo-Quimica-Arena.webp\",\"width\":1440,\"height\":959,\"caption\":\"Escudo do Corinthians na N\u00e9o Qu\u00edmica Arena (Foto Reprodu\u00e7\u00e3o\/Instagram)\"},{\"@type\":\"BreadcrumbList\",\"@id\":\"https:\/\/www.gaveanews.com\/index.php\/2024\/11\/28\/situacao-envolvendo-depay-previsao-de-emerson-sheik-e-declaracao-de-hugo-souza-as-ultimas-noticias-do-corinthians\/#breadcrumb\",\"itemListElement\":[{\"@type\":\"ListItem\",\"position\":1,\"name\":\"Home\",\"item\":\"https:\/\/www.gaveanews.com\/\"},{\"@type\":\"ListItem\",\"position\":2,\"name\":\"Situa\u00e7\u00e3o envolvendo Depay, previs\u00e3o de Emerson Sheik e declara\u00e7\u00e3o de Hugo Souza: as \u00faltimas not\u00edcias do Corinthians\"}]},{\"@type\":\"WebSite\",\"@id\":\"https:\/\/www.gaveanews.com\/#website\",\"url\":\"https:\/\/www.gaveanews.com\/\",\"name\":\"G\u00e1vea News\",\"description\":\"Veja todas as not\u00edcias sobre o Flamengo: Contrata\u00e7\u00f5es, categorias de base, resultados das partidas, tabela de classifica\u00e7\u00e3o, pr\u00f3ximos jogos!\",\"potentialAction\":[{\"@type\":\"SearchAction\",\"target\":{\"@type\":\"EntryPoint\",\"urlTemplate\":\"https:\/\/www.gaveanews.com\/?s={search_term_string}\"},\"query-input\":{\"@type\":\"PropertyValueSpecification\",\"valueRequired\":true,\"valueName\":\"search_term_string\"}}],\"inLanguage\":\"pt-BR\"},{\"@type\":\"Person\",\"@id\":\"https:\/\/www.gaveanews.com\/#\/schema\/person\/8207cd4627f56151707418bfc835b2fb\",\"name\":\"Matheus Felipe\",\"image\":{\"@type\":\"ImageObject\",\"inLanguage\":\"pt-BR\",\"@id\":\"https:\/\/www.gaveanews.com\/#\/schema\/person\/image\/\",\"url\":\"https:\/\/secure.gravatar.com\/avatar\/a452ffbed9130f726358b298bb3a99ce4bd3c5338411f8440e87e14d74c7c087?s=96&d=mm&r=g\",\"contentUrl\":\"https:\/\/secure.gravatar.com\/avatar\/a452ffbed9130f726358b298bb3a99ce4bd3c5338411f8440e87e14d74c7c087?s=96&d=mm&r=g\",\"caption\":\"Matheus Felipe\"}}]}<\/script>\n<!-- \/ Yoast SEO Premium plugin. -->","yoast_head_json":{"title":"Situa\u00e7\u00e3o envolvendo Depay, previs\u00e3o de Emerson Sheik e declara\u00e7\u00e3o de Hugo Souza: as \u00faltimas not\u00edcias do Corinthians","robots":{"index":"index","follow":"follow","max-snippet":"max-snippet:-1","max-image-preview":"max-image-preview:large","max-video-preview":"max-video-preview:-1"},"canonical":"https:\/\/www.gaveanews.com\/index.php\/2024\/11\/28\/situacao-envolvendo-depay-previsao-de-emerson-sheik-e-declaracao-de-hugo-souza-as-ultimas-noticias-do-corinthians\/","og_locale":"pt_BR","og_type":"article","og_title":"Situa\u00e7\u00e3o envolvendo Depay, previs\u00e3o de Emerson Sheik e declara\u00e7\u00e3o de Hugo Souza: as \u00faltimas not\u00edcias do Corinthians","og_description":"Nas \u00faltimas horas, o foco das not\u00edcias sobre o Corinthians se concentram nos bastidores do clube, com destaques como a previs\u00e3o de Emerson Sheik e declara\u00e7\u00e3o de Hugo Souza. Por conta deste contexto, leia abaixo um resumo preparado pela equipe do portal G\u00e1vea News para lhe manter muito bem informado! Declara\u00e7\u00e3o de Hugo Souza Hugo [&hellip;]","og_url":"https:\/\/www.gaveanews.com\/index.php\/2024\/11\/28\/situacao-envolvendo-depay-previsao-de-emerson-sheik-e-declaracao-de-hugo-souza-as-ultimas-noticias-do-corinthians\/","og_site_name":"G\u00e1vea News","article_publisher":"https:\/\/facebook.com\/gaveaNews\/","article_published_time":"2024-11-28T07:15:00+00:00","og_image":[{"width":1440,"height":959,"url":"https:\/\/www.gaveanews.com\/wp-content\/uploads\/Escudo-do-Corinthians-na-Neo-Quimica-Arena.webp","type":"image\/jpeg"}],"author":"Matheus Felipe","twitter_card":"summary_large_image","twitter_misc":{"Escrito por":"Matheus Felipe","Est. tempo de leitura":"6 minutos"},"schema":{"@context":"https:\/\/schema.org","@graph":[{"@type":"NewsArticle","@id":"https:\/\/www.gaveanews.com\/index.php\/2024\/11\/28\/situacao-envolvendo-depay-previsao-de-emerson-sheik-e-declaracao-de-hugo-souza-as-ultimas-noticias-do-corinthians\/#article","isPartOf":{"@id":"https:\/\/www.gaveanews.com\/index.php\/2024\/11\/28\/situacao-envolvendo-depay-previsao-de-emerson-sheik-e-declaracao-de-hugo-souza-as-ultimas-noticias-do-corinthians\/"},"author":{"name":"Matheus Felipe","@id":"https:\/\/www.gaveanews.com\/#\/schema\/person\/8207cd4627f56151707418bfc835b2fb"},"headline":"Situa\u00e7\u00e3o envolvendo Depay, previs\u00e3o de Emerson Sheik e declara\u00e7\u00e3o de Hugo Souza: as \u00faltimas not\u00edcias do Corinthians","datePublished":"2024-11-28T07:15:00+00:00","mainEntityOfPage":{"@id":"https:\/\/www.gaveanews.com\/index.php\/2024\/11\/28\/situacao-envolvendo-depay-previsao-de-emerson-sheik-e-declaracao-de-hugo-souza-as-ultimas-noticias-do-corinthians\/"},"wordCount":925,"commentCount":0,"image":{"@id":"https:\/\/www.gaveanews.com\/index.php\/2024\/11\/28\/situacao-envolvendo-depay-previsao-de-emerson-sheik-e-declaracao-de-hugo-souza-as-ultimas-noticias-do-corinthians\/#primaryimage"},"thumbnailUrl":"https:\/\/www.gaveanews.com\/wp-content\/uploads\/Escudo-do-Corinthians-na-Neo-Quimica-Arena.webp","articleSection":["Corinthians"],"inLanguage":"pt-BR","potentialAction":[{"@type":"CommentAction","name":"Comment","target":["https:\/\/www.gaveanews.com\/index.php\/2024\/11\/28\/situacao-envolvendo-depay-previsao-de-emerson-sheik-e-declaracao-de-hugo-souza-as-ultimas-noticias-do-corinthians\/#respond"]}],"copyrightYear":"2024","copyrightHolder":{"@id":"https:\/\/www.gaveanews.com\/#organization"}},{"@type":"WebPage","@id":"https:\/\/www.gaveanews.com\/index.php\/2024\/11\/28\/situacao-envolvendo-depay-previsao-de-emerson-sheik-e-declaracao-de-hugo-souza-as-ultimas-noticias-do-corinthians\/","url":"https:\/\/www.gaveanews.com\/index.php\/2024\/11\/28\/situacao-envolvendo-depay-previsao-de-emerson-sheik-e-declaracao-de-hugo-souza-as-ultimas-noticias-do-corinthians\/","name":"Situa\u00e7\u00e3o envolvendo Depay, previs\u00e3o de Emerson Sheik e declara\u00e7\u00e3o de Hugo Souza: as \u00faltimas not\u00edcias do Corinthians","isPartOf":{"@id":"https:\/\/www.gaveanews.com\/#website"},"primaryImageOfPage":{"@id":"https:\/\/www.gaveanews.com\/index.php\/2024\/11\/28\/situacao-envolvendo-depay-previsao-de-emerson-sheik-e-declaracao-de-hugo-souza-as-ultimas-noticias-do-corinthians\/#primaryimage"},"image":{"@id":"https:\/\/www.gaveanews.com\/index.php\/2024\/11\/28\/situacao-envolvendo-depay-previsao-de-emerson-sheik-e-declaracao-de-hugo-souza-as-ultimas-noticias-do-corinthians\/#primaryimage"},"thumbnailUrl":"https:\/\/www.gaveanews.com\/wp-content\/uploads\/Escudo-do-Corinthians-na-Neo-Quimica-Arena.webp","datePublished":"2024-11-28T07:15:00+00:00","author":{"@id":"https:\/\/www.gaveanews.com\/#\/schema\/person\/8207cd4627f56151707418bfc835b2fb"},"breadcrumb":{"@id":"https:\/\/www.gaveanews.com\/index.php\/2024\/11\/28\/situacao-envolvendo-depay-previsao-de-emerson-sheik-e-declaracao-de-hugo-souza-as-ultimas-noticias-do-corinthians\/#breadcrumb"},"inLanguage":"pt-BR","potentialAction":[{"@type":"ReadAction","target":["https:\/\/www.gaveanews.com\/index.php\/2024\/11\/28\/situacao-envolvendo-depay-previsao-de-emerson-sheik-e-declaracao-de-hugo-souza-as-ultimas-noticias-do-corinthians\/"]}]},{"@type":"ImageObject","inLanguage":"pt-BR","@id":"https:\/\/www.gaveanews.com\/index.php\/2024\/11\/28\/situacao-envolvendo-depay-previsao-de-emerson-sheik-e-declaracao-de-hugo-souza-as-ultimas-noticias-do-corinthians\/#primaryimage","url":"https:\/\/www.gaveanews.com\/wp-content\/uploads\/Escudo-do-Corinthians-na-Neo-Quimica-Arena.webp","contentUrl":"https:\/\/www.gaveanews.com\/wp-content\/uploads\/Escudo-do-Corinthians-na-Neo-Quimica-Arena.webp","width":1440,"height":959,"caption":"Escudo do Corinthians na N\u00e9o Qu\u00edmica Arena (Foto Reprodu\u00e7\u00e3o\/Instagram)"},{"@type":"BreadcrumbList","@id":"https:\/\/www.gaveanews.com\/index.php\/2024\/11\/28\/situacao-envolvendo-depay-previsao-de-emerson-sheik-e-declaracao-de-hugo-souza-as-ultimas-noticias-do-corinthians\/#breadcrumb","itemListElement":[{"@type":"ListItem","position":1,"name":"Home","item":"https:\/\/www.gaveanews.com\/"},{"@type":"ListItem","position":2,"name":"Situa\u00e7\u00e3o envolvendo Depay, previs\u00e3o de Emerson Sheik e declara\u00e7\u00e3o de Hugo Souza: as \u00faltimas not\u00edcias do Corinthians"}]},{"@type":"WebSite","@id":"https:\/\/www.gaveanews.com\/#website","url":"https:\/\/www.gaveanews.com\/","name":"G\u00e1vea News","description":"Veja todas as not\u00edcias sobre o Flamengo: Contrata\u00e7\u00f5es, categorias de base, resultados das partidas, tabela de classifica\u00e7\u00e3o, pr\u00f3ximos jogos!","potentialAction":[{"@type":"SearchAction","target":{"@type":"EntryPoint","urlTemplate":"https:\/\/www.gaveanews.com\/?s={search_term_string}"},"query-input":{"@type":"PropertyValueSpecification","valueRequired":true,"valueName":"search_term_string"}}],"inLanguage":"pt-BR"},{"@type":"Person","@id":"https:\/\/www.gaveanews.com\/#\/schema\/person\/8207cd4627f56151707418bfc835b2fb","name":"Matheus Felipe","image":{"@type":"ImageObject","inLanguage":"pt-BR","@id":"https:\/\/www.gaveanews.com\/#\/schema\/person\/image\/","url":"https:\/\/secure.gravatar.com\/avatar\/a452ffbed9130f726358b298bb3a99ce4bd3c5338411f8440e87e14d74c7c087?s=96&d=mm&r=g","contentUrl":"https:\/\/secure.gravatar.com\/avatar\/a452ffbed9130f726358b298bb3a99ce4bd3c5338411f8440e87e14d74c7c087?s=96&d=mm&r=g","caption":"Matheus Felipe"}}]}},"_links":{"self":[{"href":"https:\/\/www.gaveanews.com\/index.php\/wp-json\/wp\/v2\/posts\/191625","targetHints":{"allow":["GET"]}}],"collection":[{"href":"https:\/\/www.gaveanews.com\/index.php\/wp-json\/wp\/v2\/posts"}],"about":[{"href":"https:\/\/www.gaveanews.com\/index.php\/wp-json\/wp\/v2\/types\/post"}],"author":[{"embeddable":true,"href":"https:\/\/www.gaveanews.com\/index.php\/wp-json\/wp\/v2\/users\/27"}],"replies":[{"embeddable":true,"href":"https:\/\/www.gaveanews.com\/index.php\/wp-json\/wp\/v2\/comments?post=191625"}],"version-history":[{"count":1,"href":"https:\/\/www.gaveanews.com\/index.php\/wp-json\/wp\/v2\/posts\/191625\/revisions"}],"predecessor-version":[{"id":191631,"href":"https:\/\/www.gaveanews.com\/index.php\/wp-json\/wp\/v2\/posts\/191625\/revisions\/191631"}],"wp:featuredmedia":[{"embeddable":true,"href":"https:\/\/www.gaveanews.com\/index.php\/wp-json\/wp\/v2\/media\/154473"}],"wp:attachment":[{"href":"https:\/\/www.gaveanews.com\/index.php\/wp-json\/wp\/v2\/media?parent=191625"}],"wp:term":[{"taxonomy":"category","embeddable":true,"href":"https:\/\/www.gaveanews.com\/index.php\/wp-json\/wp\/v2\/categories?post=191625"},{"taxonomy":"post_tag","embeddable":true,"href":"https:\/\/www.gaveanews.com\/index.php\/wp-json\/wp\/v2\/tags?post=191625"}],"curies":[{"name":"wp","href":"https:\/\/api.w.org\/{rel}","templated":true}]}}