{"id":191692,"date":"2024-11-28T11:40:00","date_gmt":"2024-11-28T14:40:00","guid":{"rendered":"https:\/\/www.gaveanews.com\/?p=191692"},"modified":"2024-11-28T11:10:51","modified_gmt":"2024-11-28T14:10:51","slug":"atletico-mg-x-botafogo-a-declaracao-do-presidente-do-galo","status":"publish","type":"post","link":"https:\/\/www.gaveanews.com\/index.php\/2024\/11\/28\/atletico-mg-x-botafogo-a-declaracao-do-presidente-do-galo\/","title":{"rendered":"Atl\u00e9tico-MG x Botafogo: a declara\u00e7\u00e3o do presidente do Galo"},"content":{"rendered":"\n<p>Projetando a t\u00e3o esperada final da Libertadores, o presidente S\u00e9rgio Coelho transferiu o favoritismo da conquista para o Botafogo. Ele destacou a grande temporada que o advers\u00e1rio faz mas n\u00e3o descartou as chances do Atl\u00e9tico-MG.<\/p>\n\n\n\n<ul class=\"wp-block-list\">\n<li><a href=\"https:\/\/www.gaveanews.com\/index.php\/2024\/11\/27\/torcida-do-atletico-mg-prepara-festa-antes-de-embarque-do-time-para-final-da-libertadores\/\">Torcida do Atl\u00e9tico-MG prepara festa antes de embarque do time para final da Libertadores<\/a><\/li>\n\n\n\n<li><a href=\"https:\/\/www.gaveanews.com\/index.php\/2024\/11\/27\/atletico-mg-a-declaracao-de-gustavo-scarpa-sobre-a-final-contra-o-botafogo\/\">Atl\u00e9tico-MG: a declara\u00e7\u00e3o de Gustavo Scarpa sobre a final contra o Botafogo<\/a><\/li>\n<\/ul>\n\n\n\n<p>O Galo viajou para a Argentina para enfrentar o Botafogo na final da Copa Libertadores da Am\u00e9rica, no pr\u00f3ximo s\u00e1bado (30\/11), no Est\u00e1dio Monumental de N\u00fa\u00f1ez, em Buenos Aires, \u00e0s 17 horas. A partida colocar\u00e1 dois elencos que vivem momentos completamente diferentes.<\/p>\n\n\n\n<p>Os comandados pelo treinador argentino Gabriel Milito acumulam uma sequ\u00eancia de 10 jogos consecutivos sem vit\u00f3rias. Na \u00faltima ter\u00e7a-feira (26\/11), receberam o Juventude em um embate v\u00e1lido pela 36\u00aa rodada do Brasileir\u00e3o e perderam novamente. Com uma equipe reserva, buscaram o empate nos minutos finais, depois de estarem perdendo por 2 a 0, mas nos acr\u00e9scimos sofreram mais um gol, fechando o placar em 3 a 2.<\/p>\n\n\n\n<p>Por outro lado, o Botafogo vem embalado depois do triunfo sobre o Palmeiras, no Est\u00e1dio Allianz Parque, que o fez reassumir a ponta da competi\u00e7\u00e3o. Com isso em vista, o presidente do Galo, S\u00e9rgio Coelho, projetou a final da Libertadores. Para ele, os cariocas s\u00e3o favoritos.<\/p>\n\n\n\n<p>&#8220;Isso \u00e9 fato, a gente v\u00ea os resultados que tem feito o Botafogo. Hoje est\u00e1 em primeiro lugar no Brasileiro com quase 80% de chances de ser campe\u00e3o e est\u00e1 disputando a final da Copa Libertadores, isso significa que eles s\u00e3o os favoritos.&#8221;<\/p>\n\n\n\n<p>Mas apesar de assumir que o time advers\u00e1rio vive melhor fase, o presidente n\u00e3o descartou a possibilidade do Atl\u00e9tico se sagrar bicampe\u00e3o.<\/p>\n\n\n\n<p>\u201cMas n\u00e3o podemos deixar de esquecer que uma final \u00e9 um outro campeonato. S\u00e3o 90 minutos, podendo ter mais 30 de prorroga\u00e7\u00e3o, mas \u00e9 um outro campeonato. Ent\u00e3o, n\u00e3o significa que o favorito j\u00e1 ganhou. A gente tem total condi\u00e7\u00e3o de ganhar, mas o favorito \u00e9 o Botafogo\u201d, finalizou.<\/p>\n","protected":false},"excerpt":{"rendered":"<p>Projetando a t\u00e3o esperada final da Libertadores, o presidente S\u00e9rgio Coelho transferiu o favoritismo da conquista para o Botafogo. Ele destacou a grande temporada que o advers\u00e1rio faz mas n\u00e3o descartou as chances do Atl\u00e9tico-MG. O Galo viajou para a Argentina para enfrentar o Botafogo na final da Copa Libertadores da Am\u00e9rica, no pr\u00f3ximo s\u00e1bado [&hellip;]<\/p>\n","protected":false},"author":29,"featured_media":150828,"comment_status":"open","ping_status":"closed","sticky":false,"template":"","format":"standard","meta":{"footnotes":""},"categories":[136],"tags":[],"class_list":["post-191692","post","type-post","status-publish","format-standard","has-post-thumbnail","hentry","category-atletico-mg"],"yoast_head":"<!-- This site is optimized with the Yoast SEO Premium plugin v24.2 (Yoast SEO v26.9) - https:\/\/yoast.com\/product\/yoast-seo-premium-wordpress\/ -->\n<title>Atl\u00e9tico-MG x Botafogo: a declara\u00e7\u00e3o do presidente do Galo<\/title>\n<meta name=\"robots\" content=\"index, follow, max-snippet:-1, max-image-preview:large, max-video-preview:-1\" \/>\n<link rel=\"canonical\" href=\"https:\/\/www.gaveanews.com\/index.php\/2024\/11\/28\/atletico-mg-x-botafogo-a-declaracao-do-presidente-do-galo\/\" \/>\n<meta property=\"og:locale\" content=\"pt_BR\" \/>\n<meta property=\"og:type\" content=\"article\" \/>\n<meta property=\"og:title\" content=\"Atl\u00e9tico-MG x Botafogo: a declara\u00e7\u00e3o do presidente do Galo\" \/>\n<meta property=\"og:description\" content=\"Projetando a t\u00e3o esperada final da Libertadores, o presidente S\u00e9rgio Coelho transferiu o favoritismo da conquista para o Botafogo. Ele destacou a grande temporada que o advers\u00e1rio faz mas n\u00e3o descartou as chances do Atl\u00e9tico-MG. O Galo viajou para a Argentina para enfrentar o Botafogo na final da Copa Libertadores da Am\u00e9rica, no pr\u00f3ximo s\u00e1bado [&hellip;]\" \/>\n<meta property=\"og:url\" content=\"https:\/\/www.gaveanews.com\/index.php\/2024\/11\/28\/atletico-mg-x-botafogo-a-declaracao-do-presidente-do-galo\/\" \/>\n<meta property=\"og:site_name\" content=\"G\u00e1vea News\" \/>\n<meta property=\"article:publisher\" content=\"https:\/\/facebook.com\/gaveaNews\/\" \/>\n<meta property=\"article:published_time\" content=\"2024-11-28T14:40:00+00:00\" \/>\n<meta property=\"og:image\" content=\"https:\/\/www.gaveanews.com\/wp-content\/uploads\/Torcida-do-Atletico-MG.webp\" \/>\n\t<meta property=\"og:image:width\" content=\"1066\" \/>\n\t<meta property=\"og:image:height\" content=\"711\" \/>\n\t<meta property=\"og:image:type\" content=\"image\/webp\" \/>\n<meta name=\"author\" content=\"Marco Menezes\" \/>\n<meta name=\"twitter:card\" content=\"summary_large_image\" \/>\n<meta name=\"twitter:label1\" content=\"Escrito por\" \/>\n\t<meta name=\"twitter:data1\" content=\"Marco Menezes\" \/>\n\t<meta name=\"twitter:label2\" content=\"Est. tempo de leitura\" \/>\n\t<meta name=\"twitter:data2\" content=\"3 minutos\" \/>\n<script type=\"application\/ld+json\" class=\"yoast-schema-graph\">{\"@context\":\"https:\/\/schema.org\",\"@graph\":[{\"@type\":\"NewsArticle\",\"@id\":\"https:\/\/www.gaveanews.com\/index.php\/2024\/11\/28\/atletico-mg-x-botafogo-a-declaracao-do-presidente-do-galo\/#article\",\"isPartOf\":{\"@id\":\"https:\/\/www.gaveanews.com\/index.php\/2024\/11\/28\/atletico-mg-x-botafogo-a-declaracao-do-presidente-do-galo\/\"},\"author\":{\"name\":\"Marco Menezes\",\"@id\":\"https:\/\/www.gaveanews.com\/#\/schema\/person\/a9f62fe75380c6bada1b2fc49bc23d69\"},\"headline\":\"Atl\u00e9tico-MG x Botafogo: a declara\u00e7\u00e3o do presidente do Galo\",\"datePublished\":\"2024-11-28T14:40:00+00:00\",\"mainEntityOfPage\":{\"@id\":\"https:\/\/www.gaveanews.com\/index.php\/2024\/11\/28\/atletico-mg-x-botafogo-a-declaracao-do-presidente-do-galo\/\"},\"wordCount\":360,\"commentCount\":0,\"image\":{\"@id\":\"https:\/\/www.gaveanews.com\/index.php\/2024\/11\/28\/atletico-mg-x-botafogo-a-declaracao-do-presidente-do-galo\/#primaryimage\"},\"thumbnailUrl\":\"https:\/\/www.gaveanews.com\/wp-content\/uploads\/Torcida-do-Atletico-MG.webp\",\"articleSection\":[\"Atl\u00e9tico-MG\"],\"inLanguage\":\"pt-BR\",\"potentialAction\":[{\"@type\":\"CommentAction\",\"name\":\"Comment\",\"target\":[\"https:\/\/www.gaveanews.com\/index.php\/2024\/11\/28\/atletico-mg-x-botafogo-a-declaracao-do-presidente-do-galo\/#respond\"]}],\"copyrightYear\":\"2024\",\"copyrightHolder\":{\"@id\":\"https:\/\/www.gaveanews.com\/#organization\"}},{\"@type\":\"WebPage\",\"@id\":\"https:\/\/www.gaveanews.com\/index.php\/2024\/11\/28\/atletico-mg-x-botafogo-a-declaracao-do-presidente-do-galo\/\",\"url\":\"https:\/\/www.gaveanews.com\/index.php\/2024\/11\/28\/atletico-mg-x-botafogo-a-declaracao-do-presidente-do-galo\/\",\"name\":\"Atl\u00e9tico-MG x Botafogo: a declara\u00e7\u00e3o do presidente do Galo\",\"isPartOf\":{\"@id\":\"https:\/\/www.gaveanews.com\/#website\"},\"primaryImageOfPage\":{\"@id\":\"https:\/\/www.gaveanews.com\/index.php\/2024\/11\/28\/atletico-mg-x-botafogo-a-declaracao-do-presidente-do-galo\/#primaryimage\"},\"image\":{\"@id\":\"https:\/\/www.gaveanews.com\/index.php\/2024\/11\/28\/atletico-mg-x-botafogo-a-declaracao-do-presidente-do-galo\/#primaryimage\"},\"thumbnailUrl\":\"https:\/\/www.gaveanews.com\/wp-content\/uploads\/Torcida-do-Atletico-MG.webp\",\"datePublished\":\"2024-11-28T14:40:00+00:00\",\"author\":{\"@id\":\"https:\/\/www.gaveanews.com\/#\/schema\/person\/a9f62fe75380c6bada1b2fc49bc23d69\"},\"breadcrumb\":{\"@id\":\"https:\/\/www.gaveanews.com\/index.php\/2024\/11\/28\/atletico-mg-x-botafogo-a-declaracao-do-presidente-do-galo\/#breadcrumb\"},\"inLanguage\":\"pt-BR\",\"potentialAction\":[{\"@type\":\"ReadAction\",\"target\":[\"https:\/\/www.gaveanews.com\/index.php\/2024\/11\/28\/atletico-mg-x-botafogo-a-declaracao-do-presidente-do-galo\/\"]}]},{\"@type\":\"ImageObject\",\"inLanguage\":\"pt-BR\",\"@id\":\"https:\/\/www.gaveanews.com\/index.php\/2024\/11\/28\/atletico-mg-x-botafogo-a-declaracao-do-presidente-do-galo\/#primaryimage\",\"url\":\"https:\/\/www.gaveanews.com\/wp-content\/uploads\/Torcida-do-Atletico-MG.webp\",\"contentUrl\":\"https:\/\/www.gaveanews.com\/wp-content\/uploads\/Torcida-do-Atletico-MG.webp\",\"width\":1066,\"height\":711,\"caption\":\"Torcida do Atl\u00e9tico-MG (Foto: Reprodu\u00e7\u00e3o\/Instagram)\"},{\"@type\":\"BreadcrumbList\",\"@id\":\"https:\/\/www.gaveanews.com\/index.php\/2024\/11\/28\/atletico-mg-x-botafogo-a-declaracao-do-presidente-do-galo\/#breadcrumb\",\"itemListElement\":[{\"@type\":\"ListItem\",\"position\":1,\"name\":\"Home\",\"item\":\"https:\/\/www.gaveanews.com\/\"},{\"@type\":\"ListItem\",\"position\":2,\"name\":\"Atl\u00e9tico-MG x Botafogo: a declara\u00e7\u00e3o do presidente do Galo\"}]},{\"@type\":\"WebSite\",\"@id\":\"https:\/\/www.gaveanews.com\/#website\",\"url\":\"https:\/\/www.gaveanews.com\/\",\"name\":\"G\u00e1vea News\",\"description\":\"Veja todas as not\u00edcias sobre o Flamengo: Contrata\u00e7\u00f5es, categorias de base, resultados das partidas, tabela de classifica\u00e7\u00e3o, pr\u00f3ximos jogos!\",\"potentialAction\":[{\"@type\":\"SearchAction\",\"target\":{\"@type\":\"EntryPoint\",\"urlTemplate\":\"https:\/\/www.gaveanews.com\/?s={search_term_string}\"},\"query-input\":{\"@type\":\"PropertyValueSpecification\",\"valueRequired\":true,\"valueName\":\"search_term_string\"}}],\"inLanguage\":\"pt-BR\"},{\"@type\":\"Person\",\"@id\":\"https:\/\/www.gaveanews.com\/#\/schema\/person\/a9f62fe75380c6bada1b2fc49bc23d69\",\"name\":\"Marco Menezes\",\"image\":{\"@type\":\"ImageObject\",\"inLanguage\":\"pt-BR\",\"@id\":\"https:\/\/www.gaveanews.com\/#\/schema\/person\/image\/\",\"url\":\"https:\/\/secure.gravatar.com\/avatar\/a1d148ae17fc8bfc5dbccffd07979e8bd2c9ba494221779de86ec2c7907b71ec?s=96&d=mm&r=g\",\"contentUrl\":\"https:\/\/secure.gravatar.com\/avatar\/a1d148ae17fc8bfc5dbccffd07979e8bd2c9ba494221779de86ec2c7907b71ec?s=96&d=mm&r=g\",\"caption\":\"Marco Menezes\"}}]}<\/script>\n<!-- \/ Yoast SEO Premium plugin. -->","yoast_head_json":{"title":"Atl\u00e9tico-MG x Botafogo: a declara\u00e7\u00e3o do presidente do Galo","robots":{"index":"index","follow":"follow","max-snippet":"max-snippet:-1","max-image-preview":"max-image-preview:large","max-video-preview":"max-video-preview:-1"},"canonical":"https:\/\/www.gaveanews.com\/index.php\/2024\/11\/28\/atletico-mg-x-botafogo-a-declaracao-do-presidente-do-galo\/","og_locale":"pt_BR","og_type":"article","og_title":"Atl\u00e9tico-MG x Botafogo: a declara\u00e7\u00e3o do presidente do Galo","og_description":"Projetando a t\u00e3o esperada final da Libertadores, o presidente S\u00e9rgio Coelho transferiu o favoritismo da conquista para o Botafogo. Ele destacou a grande temporada que o advers\u00e1rio faz mas n\u00e3o descartou as chances do Atl\u00e9tico-MG. O Galo viajou para a Argentina para enfrentar o Botafogo na final da Copa Libertadores da Am\u00e9rica, no pr\u00f3ximo s\u00e1bado [&hellip;]","og_url":"https:\/\/www.gaveanews.com\/index.php\/2024\/11\/28\/atletico-mg-x-botafogo-a-declaracao-do-presidente-do-galo\/","og_site_name":"G\u00e1vea News","article_publisher":"https:\/\/facebook.com\/gaveaNews\/","article_published_time":"2024-11-28T14:40:00+00:00","og_image":[{"width":1066,"height":711,"url":"https:\/\/www.gaveanews.com\/wp-content\/uploads\/Torcida-do-Atletico-MG.webp","type":"image\/webp"}],"author":"Marco Menezes","twitter_card":"summary_large_image","twitter_misc":{"Escrito por":"Marco Menezes","Est. tempo de leitura":"3 minutos"},"schema":{"@context":"https:\/\/schema.org","@graph":[{"@type":"NewsArticle","@id":"https:\/\/www.gaveanews.com\/index.php\/2024\/11\/28\/atletico-mg-x-botafogo-a-declaracao-do-presidente-do-galo\/#article","isPartOf":{"@id":"https:\/\/www.gaveanews.com\/index.php\/2024\/11\/28\/atletico-mg-x-botafogo-a-declaracao-do-presidente-do-galo\/"},"author":{"name":"Marco Menezes","@id":"https:\/\/www.gaveanews.com\/#\/schema\/person\/a9f62fe75380c6bada1b2fc49bc23d69"},"headline":"Atl\u00e9tico-MG x Botafogo: a declara\u00e7\u00e3o do presidente do Galo","datePublished":"2024-11-28T14:40:00+00:00","mainEntityOfPage":{"@id":"https:\/\/www.gaveanews.com\/index.php\/2024\/11\/28\/atletico-mg-x-botafogo-a-declaracao-do-presidente-do-galo\/"},"wordCount":360,"commentCount":0,"image":{"@id":"https:\/\/www.gaveanews.com\/index.php\/2024\/11\/28\/atletico-mg-x-botafogo-a-declaracao-do-presidente-do-galo\/#primaryimage"},"thumbnailUrl":"https:\/\/www.gaveanews.com\/wp-content\/uploads\/Torcida-do-Atletico-MG.webp","articleSection":["Atl\u00e9tico-MG"],"inLanguage":"pt-BR","potentialAction":[{"@type":"CommentAction","name":"Comment","target":["https:\/\/www.gaveanews.com\/index.php\/2024\/11\/28\/atletico-mg-x-botafogo-a-declaracao-do-presidente-do-galo\/#respond"]}],"copyrightYear":"2024","copyrightHolder":{"@id":"https:\/\/www.gaveanews.com\/#organization"}},{"@type":"WebPage","@id":"https:\/\/www.gaveanews.com\/index.php\/2024\/11\/28\/atletico-mg-x-botafogo-a-declaracao-do-presidente-do-galo\/","url":"https:\/\/www.gaveanews.com\/index.php\/2024\/11\/28\/atletico-mg-x-botafogo-a-declaracao-do-presidente-do-galo\/","name":"Atl\u00e9tico-MG x Botafogo: a declara\u00e7\u00e3o do presidente do Galo","isPartOf":{"@id":"https:\/\/www.gaveanews.com\/#website"},"primaryImageOfPage":{"@id":"https:\/\/www.gaveanews.com\/index.php\/2024\/11\/28\/atletico-mg-x-botafogo-a-declaracao-do-presidente-do-galo\/#primaryimage"},"image":{"@id":"https:\/\/www.gaveanews.com\/index.php\/2024\/11\/28\/atletico-mg-x-botafogo-a-declaracao-do-presidente-do-galo\/#primaryimage"},"thumbnailUrl":"https:\/\/www.gaveanews.com\/wp-content\/uploads\/Torcida-do-Atletico-MG.webp","datePublished":"2024-11-28T14:40:00+00:00","author":{"@id":"https:\/\/www.gaveanews.com\/#\/schema\/person\/a9f62fe75380c6bada1b2fc49bc23d69"},"breadcrumb":{"@id":"https:\/\/www.gaveanews.com\/index.php\/2024\/11\/28\/atletico-mg-x-botafogo-a-declaracao-do-presidente-do-galo\/#breadcrumb"},"inLanguage":"pt-BR","potentialAction":[{"@type":"ReadAction","target":["https:\/\/www.gaveanews.com\/index.php\/2024\/11\/28\/atletico-mg-x-botafogo-a-declaracao-do-presidente-do-galo\/"]}]},{"@type":"ImageObject","inLanguage":"pt-BR","@id":"https:\/\/www.gaveanews.com\/index.php\/2024\/11\/28\/atletico-mg-x-botafogo-a-declaracao-do-presidente-do-galo\/#primaryimage","url":"https:\/\/www.gaveanews.com\/wp-content\/uploads\/Torcida-do-Atletico-MG.webp","contentUrl":"https:\/\/www.gaveanews.com\/wp-content\/uploads\/Torcida-do-Atletico-MG.webp","width":1066,"height":711,"caption":"Torcida do Atl\u00e9tico-MG (Foto: Reprodu\u00e7\u00e3o\/Instagram)"},{"@type":"BreadcrumbList","@id":"https:\/\/www.gaveanews.com\/index.php\/2024\/11\/28\/atletico-mg-x-botafogo-a-declaracao-do-presidente-do-galo\/#breadcrumb","itemListElement":[{"@type":"ListItem","position":1,"name":"Home","item":"https:\/\/www.gaveanews.com\/"},{"@type":"ListItem","position":2,"name":"Atl\u00e9tico-MG x Botafogo: a declara\u00e7\u00e3o do presidente do Galo"}]},{"@type":"WebSite","@id":"https:\/\/www.gaveanews.com\/#website","url":"https:\/\/www.gaveanews.com\/","name":"G\u00e1vea News","description":"Veja todas as not\u00edcias sobre o Flamengo: Contrata\u00e7\u00f5es, categorias de base, resultados das partidas, tabela de classifica\u00e7\u00e3o, pr\u00f3ximos jogos!","potentialAction":[{"@type":"SearchAction","target":{"@type":"EntryPoint","urlTemplate":"https:\/\/www.gaveanews.com\/?s={search_term_string}"},"query-input":{"@type":"PropertyValueSpecification","valueRequired":true,"valueName":"search_term_string"}}],"inLanguage":"pt-BR"},{"@type":"Person","@id":"https:\/\/www.gaveanews.com\/#\/schema\/person\/a9f62fe75380c6bada1b2fc49bc23d69","name":"Marco Menezes","image":{"@type":"ImageObject","inLanguage":"pt-BR","@id":"https:\/\/www.gaveanews.com\/#\/schema\/person\/image\/","url":"https:\/\/secure.gravatar.com\/avatar\/a1d148ae17fc8bfc5dbccffd07979e8bd2c9ba494221779de86ec2c7907b71ec?s=96&d=mm&r=g","contentUrl":"https:\/\/secure.gravatar.com\/avatar\/a1d148ae17fc8bfc5dbccffd07979e8bd2c9ba494221779de86ec2c7907b71ec?s=96&d=mm&r=g","caption":"Marco Menezes"}}]}},"_links":{"self":[{"href":"https:\/\/www.gaveanews.com\/index.php\/wp-json\/wp\/v2\/posts\/191692","targetHints":{"allow":["GET"]}}],"collection":[{"href":"https:\/\/www.gaveanews.com\/index.php\/wp-json\/wp\/v2\/posts"}],"about":[{"href":"https:\/\/www.gaveanews.com\/index.php\/wp-json\/wp\/v2\/types\/post"}],"author":[{"embeddable":true,"href":"https:\/\/www.gaveanews.com\/index.php\/wp-json\/wp\/v2\/users\/29"}],"replies":[{"embeddable":true,"href":"https:\/\/www.gaveanews.com\/index.php\/wp-json\/wp\/v2\/comments?post=191692"}],"version-history":[{"count":1,"href":"https:\/\/www.gaveanews.com\/index.php\/wp-json\/wp\/v2\/posts\/191692\/revisions"}],"predecessor-version":[{"id":191694,"href":"https:\/\/www.gaveanews.com\/index.php\/wp-json\/wp\/v2\/posts\/191692\/revisions\/191694"}],"wp:featuredmedia":[{"embeddable":true,"href":"https:\/\/www.gaveanews.com\/index.php\/wp-json\/wp\/v2\/media\/150828"}],"wp:attachment":[{"href":"https:\/\/www.gaveanews.com\/index.php\/wp-json\/wp\/v2\/media?parent=191692"}],"wp:term":[{"taxonomy":"category","embeddable":true,"href":"https:\/\/www.gaveanews.com\/index.php\/wp-json\/wp\/v2\/categories?post=191692"},{"taxonomy":"post_tag","embeddable":true,"href":"https:\/\/www.gaveanews.com\/index.php\/wp-json\/wp\/v2\/tags?post=191692"}],"curies":[{"name":"wp","href":"https:\/\/api.w.org\/{rel}","templated":true}]}}