{"id":191755,"date":"2024-11-28T12:35:00","date_gmt":"2024-11-28T15:35:00","guid":{"rendered":"https:\/\/www.gaveanews.com\/?p=191755"},"modified":"2024-11-28T11:15:58","modified_gmt":"2024-11-28T14:15:58","slug":"a-declaracao-de-fernando-diniz-sobre-as-criticas-da-torcida-do-cruzeiro","status":"publish","type":"post","link":"https:\/\/www.gaveanews.com\/index.php\/2024\/11\/28\/a-declaracao-de-fernando-diniz-sobre-as-criticas-da-torcida-do-cruzeiro\/","title":{"rendered":"A declara\u00e7\u00e3o de Fernando Diniz sobre as cr\u00edticas da torcida do Cruzeiro"},"content":{"rendered":"\n<p>Na \u00faltima quarta-feira (27), o Cruzeiro empatou com o Gr\u00eamio em 1 a 1 no Mineir\u00e3o, em partida v\u00e1lida pela 35\u00aa rodada do Campeonato Brasileiro. Para os mineiros, o empate assegurou a manuten\u00e7\u00e3o na 7\u00aa posi\u00e7\u00e3o da tabela, com 48 pontos, enquanto os ga\u00fachos seguem amea\u00e7ados pelo rebaixamento, com 41 pontos.<\/p>\n\n\n\n<ul class=\"wp-block-list\">\n<li><a href=\"https:\/\/www.gaveanews.com\/index.php\/2024\/11\/27\/atacante-revela-bronca-de-ronaldo-no-cruzeiro\/\">Atacante revela bronca de Ronaldo no Cruzeiro<\/a><\/li>\n\n\n\n<li><a href=\"https:\/\/www.gaveanews.com\/index.php\/2024\/11\/25\/__trashed-8\/\">Cruzeiro toma decis\u00e3o envolvendo Fernando Diniz<\/a><\/li>\n<\/ul>\n\n\n\n<p>O jogo come\u00e7ou eletrizante, com ambas as equipes criando oportunidades claras. O Gr\u00eamio abriu o placar com um gola\u00e7o de letra de Braithwaite, mas o Cruzeiro reagiu ainda na primeira etapa, em um lance de habilidade protagonizado por Matheus Pereira e Gabriel Ver\u00f3n. Apesar das altera\u00e7\u00f5es ofensivas dos t\u00e9cnicos Fernando Diniz e Renato Ga\u00facho, o segundo tempo teve ritmo mais cadenciado, sem altera\u00e7\u00f5es no placar.<\/p>\n\n\n\n<h2 class=\"wp-block-heading\" id=\"h-declaracao-de-fernando-diniz\">Declara\u00e7\u00e3o de Fernando Diniz<\/h2>\n\n\n\n<p>Ap\u00f3s o apito final, o t\u00e9cnico Fernando Diniz comentou as vaias direcionadas \u00e0 equipe e a ele pr\u00f3prio por parte dos torcedores do Cruzeiro. Embora tenha sido alvo de cr\u00edticas ap\u00f3s o t\u00e9rmino da partida, Diniz ressaltou o apoio da torcida durante os 90 minutos, especialmente ap\u00f3s o gol do advers\u00e1rio.<\/p>\n\n\n\n<p>&#8220;Quem est\u00e1 no futebol tem que saber absorver. O torcedor, de maneira geral, apoiou o time, teve um comportamento muito bom. A gente tomou o gol, e eles continuaram apoiando. No final da partida, ele tem a liberdade. Se acham que t\u00eam que vaiar, temos que saber assimilar&#8221;, declarou o treinador.<\/p>\n\n\n\n<p>O contexto das vaias se intensificou pelo momento delicado do Cruzeiro, que havia sido derrotado na final da Copa Sul-Americana dias antes. Durante o jogo contra o Gr\u00eamio, a torcida oscilou entre o apoio, principalmente no primeiro tempo, e as cr\u00edticas no final, que inclu\u00edram c\u00e2nticos de insatisfa\u00e7\u00e3o direcionados aos jogadores e \u00e0 comiss\u00e3o t\u00e9cnica.<\/p>\n\n\n\n<h2 class=\"wp-block-heading\" id=\"h-proximo-jogo-do-cruzeiro\">Pr\u00f3ximo jogo do Cruzeiro<\/h2>\n\n\n\n<p>Com o empate, o Cruzeiro continua na zona de classifica\u00e7\u00e3o para a Copa Libertadores de 2025, mas v\u00ea a proximidade de advers\u00e1rios diretos, como Bahia e Corinthians, que possuem apenas um ponto a menos na tabela.<\/p>\n\n\n\n<p>O pr\u00f3ximo confronto ser\u00e1 contra o Bragantino, fora de casa, no domingo (1\u00ba de dezembro). A partida promete ser decisiva, j\u00e1 que o advers\u00e1rio luta contra o rebaixamento e precisa urgentemente somar pontos.<\/p>\n","protected":false},"excerpt":{"rendered":"<p>Na \u00faltima quarta-feira (27), o Cruzeiro empatou com o Gr\u00eamio em 1 a 1 no Mineir\u00e3o, em partida v\u00e1lida pela 35\u00aa rodada do Campeonato Brasileiro. Para os mineiros, o empate assegurou a manuten\u00e7\u00e3o na 7\u00aa posi\u00e7\u00e3o da tabela, com 48 pontos, enquanto os ga\u00fachos seguem amea\u00e7ados pelo rebaixamento, com 41 pontos. O jogo come\u00e7ou eletrizante, [&hellip;]<\/p>\n","protected":false},"author":15,"featured_media":169051,"comment_status":"open","ping_status":"closed","sticky":false,"template":"","format":"standard","meta":{"footnotes":""},"categories":[143],"tags":[],"class_list":["post-191755","post","type-post","status-publish","format-standard","has-post-thumbnail","hentry","category-cruzeiro"],"yoast_head":"<!-- This site is optimized with the Yoast SEO Premium plugin v24.2 (Yoast SEO v26.9) - https:\/\/yoast.com\/product\/yoast-seo-premium-wordpress\/ -->\n<title>A declara\u00e7\u00e3o de Fernando Diniz sobre as cr\u00edticas da torcida do Cruzeiro<\/title>\n<meta name=\"robots\" content=\"index, follow, max-snippet:-1, max-image-preview:large, max-video-preview:-1\" \/>\n<link rel=\"canonical\" href=\"https:\/\/www.gaveanews.com\/index.php\/2024\/11\/28\/a-declaracao-de-fernando-diniz-sobre-as-criticas-da-torcida-do-cruzeiro\/\" \/>\n<meta property=\"og:locale\" content=\"pt_BR\" \/>\n<meta property=\"og:type\" content=\"article\" \/>\n<meta property=\"og:title\" content=\"A declara\u00e7\u00e3o de Fernando Diniz sobre as cr\u00edticas da torcida do Cruzeiro\" \/>\n<meta property=\"og:description\" content=\"Na \u00faltima quarta-feira (27), o Cruzeiro empatou com o Gr\u00eamio em 1 a 1 no Mineir\u00e3o, em partida v\u00e1lida pela 35\u00aa rodada do Campeonato Brasileiro. Para os mineiros, o empate assegurou a manuten\u00e7\u00e3o na 7\u00aa posi\u00e7\u00e3o da tabela, com 48 pontos, enquanto os ga\u00fachos seguem amea\u00e7ados pelo rebaixamento, com 41 pontos. O jogo come\u00e7ou eletrizante, [&hellip;]\" \/>\n<meta property=\"og:url\" content=\"https:\/\/www.gaveanews.com\/index.php\/2024\/11\/28\/a-declaracao-de-fernando-diniz-sobre-as-criticas-da-torcida-do-cruzeiro\/\" \/>\n<meta property=\"og:site_name\" content=\"G\u00e1vea News\" \/>\n<meta property=\"article:publisher\" content=\"https:\/\/facebook.com\/gaveaNews\/\" \/>\n<meta property=\"article:published_time\" content=\"2024-11-28T15:35:00+00:00\" \/>\n<meta property=\"og:image\" content=\"https:\/\/www.gaveanews.com\/wp-content\/uploads\/Fernando-Diniz-durante-apresentacao-no-Cruzeiro.webp\" \/>\n\t<meta property=\"og:image:width\" content=\"1353\" \/>\n\t<meta property=\"og:image:height\" content=\"902\" \/>\n\t<meta property=\"og:image:type\" content=\"image\/webp\" \/>\n<meta name=\"author\" content=\"Henrique Machado\" \/>\n<meta name=\"twitter:card\" content=\"summary_large_image\" \/>\n<meta name=\"twitter:label1\" content=\"Escrito por\" \/>\n\t<meta name=\"twitter:data1\" content=\"Henrique Machado\" \/>\n\t<meta name=\"twitter:label2\" content=\"Est. tempo de leitura\" \/>\n\t<meta name=\"twitter:data2\" content=\"3 minutos\" \/>\n<script type=\"application\/ld+json\" class=\"yoast-schema-graph\">{\"@context\":\"https:\/\/schema.org\",\"@graph\":[{\"@type\":\"NewsArticle\",\"@id\":\"https:\/\/www.gaveanews.com\/index.php\/2024\/11\/28\/a-declaracao-de-fernando-diniz-sobre-as-criticas-da-torcida-do-cruzeiro\/#article\",\"isPartOf\":{\"@id\":\"https:\/\/www.gaveanews.com\/index.php\/2024\/11\/28\/a-declaracao-de-fernando-diniz-sobre-as-criticas-da-torcida-do-cruzeiro\/\"},\"author\":{\"name\":\"Henrique Machado\",\"@id\":\"https:\/\/www.gaveanews.com\/#\/schema\/person\/fd07635ec039ec3ba74ad18ec8a6dbd6\"},\"headline\":\"A declara\u00e7\u00e3o de Fernando Diniz sobre as cr\u00edticas da torcida do Cruzeiro\",\"datePublished\":\"2024-11-28T15:35:00+00:00\",\"mainEntityOfPage\":{\"@id\":\"https:\/\/www.gaveanews.com\/index.php\/2024\/11\/28\/a-declaracao-de-fernando-diniz-sobre-as-criticas-da-torcida-do-cruzeiro\/\"},\"wordCount\":403,\"commentCount\":0,\"image\":{\"@id\":\"https:\/\/www.gaveanews.com\/index.php\/2024\/11\/28\/a-declaracao-de-fernando-diniz-sobre-as-criticas-da-torcida-do-cruzeiro\/#primaryimage\"},\"thumbnailUrl\":\"https:\/\/www.gaveanews.com\/wp-content\/uploads\/Fernando-Diniz-durante-apresentacao-no-Cruzeiro.webp\",\"articleSection\":[\"Cruzeiro\"],\"inLanguage\":\"pt-BR\",\"potentialAction\":[{\"@type\":\"CommentAction\",\"name\":\"Comment\",\"target\":[\"https:\/\/www.gaveanews.com\/index.php\/2024\/11\/28\/a-declaracao-de-fernando-diniz-sobre-as-criticas-da-torcida-do-cruzeiro\/#respond\"]}],\"copyrightYear\":\"2024\",\"copyrightHolder\":{\"@id\":\"https:\/\/www.gaveanews.com\/#organization\"}},{\"@type\":\"WebPage\",\"@id\":\"https:\/\/www.gaveanews.com\/index.php\/2024\/11\/28\/a-declaracao-de-fernando-diniz-sobre-as-criticas-da-torcida-do-cruzeiro\/\",\"url\":\"https:\/\/www.gaveanews.com\/index.php\/2024\/11\/28\/a-declaracao-de-fernando-diniz-sobre-as-criticas-da-torcida-do-cruzeiro\/\",\"name\":\"A declara\u00e7\u00e3o de Fernando Diniz sobre as cr\u00edticas da torcida do Cruzeiro\",\"isPartOf\":{\"@id\":\"https:\/\/www.gaveanews.com\/#website\"},\"primaryImageOfPage\":{\"@id\":\"https:\/\/www.gaveanews.com\/index.php\/2024\/11\/28\/a-declaracao-de-fernando-diniz-sobre-as-criticas-da-torcida-do-cruzeiro\/#primaryimage\"},\"image\":{\"@id\":\"https:\/\/www.gaveanews.com\/index.php\/2024\/11\/28\/a-declaracao-de-fernando-diniz-sobre-as-criticas-da-torcida-do-cruzeiro\/#primaryimage\"},\"thumbnailUrl\":\"https:\/\/www.gaveanews.com\/wp-content\/uploads\/Fernando-Diniz-durante-apresentacao-no-Cruzeiro.webp\",\"datePublished\":\"2024-11-28T15:35:00+00:00\",\"author\":{\"@id\":\"https:\/\/www.gaveanews.com\/#\/schema\/person\/fd07635ec039ec3ba74ad18ec8a6dbd6\"},\"breadcrumb\":{\"@id\":\"https:\/\/www.gaveanews.com\/index.php\/2024\/11\/28\/a-declaracao-de-fernando-diniz-sobre-as-criticas-da-torcida-do-cruzeiro\/#breadcrumb\"},\"inLanguage\":\"pt-BR\",\"potentialAction\":[{\"@type\":\"ReadAction\",\"target\":[\"https:\/\/www.gaveanews.com\/index.php\/2024\/11\/28\/a-declaracao-de-fernando-diniz-sobre-as-criticas-da-torcida-do-cruzeiro\/\"]}]},{\"@type\":\"ImageObject\",\"inLanguage\":\"pt-BR\",\"@id\":\"https:\/\/www.gaveanews.com\/index.php\/2024\/11\/28\/a-declaracao-de-fernando-diniz-sobre-as-criticas-da-torcida-do-cruzeiro\/#primaryimage\",\"url\":\"https:\/\/www.gaveanews.com\/wp-content\/uploads\/Fernando-Diniz-durante-apresentacao-no-Cruzeiro.webp\",\"contentUrl\":\"https:\/\/www.gaveanews.com\/wp-content\/uploads\/Fernando-Diniz-durante-apresentacao-no-Cruzeiro.webp\",\"width\":1353,\"height\":902,\"caption\":\"Fernando Diniz durante apresenta\u00e7\u00e3o no Cruzeiro (Foto: Gustavo Aleixo\/Cruzeiro)\"},{\"@type\":\"BreadcrumbList\",\"@id\":\"https:\/\/www.gaveanews.com\/index.php\/2024\/11\/28\/a-declaracao-de-fernando-diniz-sobre-as-criticas-da-torcida-do-cruzeiro\/#breadcrumb\",\"itemListElement\":[{\"@type\":\"ListItem\",\"position\":1,\"name\":\"Home\",\"item\":\"https:\/\/www.gaveanews.com\/\"},{\"@type\":\"ListItem\",\"position\":2,\"name\":\"A declara\u00e7\u00e3o de Fernando Diniz sobre as cr\u00edticas da torcida do Cruzeiro\"}]},{\"@type\":\"WebSite\",\"@id\":\"https:\/\/www.gaveanews.com\/#website\",\"url\":\"https:\/\/www.gaveanews.com\/\",\"name\":\"G\u00e1vea News\",\"description\":\"Veja todas as not\u00edcias sobre o Flamengo: Contrata\u00e7\u00f5es, categorias de base, resultados das partidas, tabela de classifica\u00e7\u00e3o, pr\u00f3ximos jogos!\",\"potentialAction\":[{\"@type\":\"SearchAction\",\"target\":{\"@type\":\"EntryPoint\",\"urlTemplate\":\"https:\/\/www.gaveanews.com\/?s={search_term_string}\"},\"query-input\":{\"@type\":\"PropertyValueSpecification\",\"valueRequired\":true,\"valueName\":\"search_term_string\"}}],\"inLanguage\":\"pt-BR\"},{\"@type\":\"Person\",\"@id\":\"https:\/\/www.gaveanews.com\/#\/schema\/person\/fd07635ec039ec3ba74ad18ec8a6dbd6\",\"name\":\"Henrique Machado\",\"image\":{\"@type\":\"ImageObject\",\"inLanguage\":\"pt-BR\",\"@id\":\"https:\/\/www.gaveanews.com\/#\/schema\/person\/image\/\",\"url\":\"https:\/\/secure.gravatar.com\/avatar\/b95e35997e01d9800c1b6184bd79d4d898d370a3fce2584f5c77b907d5c7d9e9?s=96&d=mm&r=g\",\"contentUrl\":\"https:\/\/secure.gravatar.com\/avatar\/b95e35997e01d9800c1b6184bd79d4d898d370a3fce2584f5c77b907d5c7d9e9?s=96&d=mm&r=g\",\"caption\":\"Henrique Machado\"}}]}<\/script>\n<!-- \/ Yoast SEO Premium plugin. -->","yoast_head_json":{"title":"A declara\u00e7\u00e3o de Fernando Diniz sobre as cr\u00edticas da torcida do Cruzeiro","robots":{"index":"index","follow":"follow","max-snippet":"max-snippet:-1","max-image-preview":"max-image-preview:large","max-video-preview":"max-video-preview:-1"},"canonical":"https:\/\/www.gaveanews.com\/index.php\/2024\/11\/28\/a-declaracao-de-fernando-diniz-sobre-as-criticas-da-torcida-do-cruzeiro\/","og_locale":"pt_BR","og_type":"article","og_title":"A declara\u00e7\u00e3o de Fernando Diniz sobre as cr\u00edticas da torcida do Cruzeiro","og_description":"Na \u00faltima quarta-feira (27), o Cruzeiro empatou com o Gr\u00eamio em 1 a 1 no Mineir\u00e3o, em partida v\u00e1lida pela 35\u00aa rodada do Campeonato Brasileiro. Para os mineiros, o empate assegurou a manuten\u00e7\u00e3o na 7\u00aa posi\u00e7\u00e3o da tabela, com 48 pontos, enquanto os ga\u00fachos seguem amea\u00e7ados pelo rebaixamento, com 41 pontos. O jogo come\u00e7ou eletrizante, [&hellip;]","og_url":"https:\/\/www.gaveanews.com\/index.php\/2024\/11\/28\/a-declaracao-de-fernando-diniz-sobre-as-criticas-da-torcida-do-cruzeiro\/","og_site_name":"G\u00e1vea News","article_publisher":"https:\/\/facebook.com\/gaveaNews\/","article_published_time":"2024-11-28T15:35:00+00:00","og_image":[{"width":1353,"height":902,"url":"https:\/\/www.gaveanews.com\/wp-content\/uploads\/Fernando-Diniz-durante-apresentacao-no-Cruzeiro.webp","type":"image\/webp"}],"author":"Henrique Machado","twitter_card":"summary_large_image","twitter_misc":{"Escrito por":"Henrique Machado","Est. tempo de leitura":"3 minutos"},"schema":{"@context":"https:\/\/schema.org","@graph":[{"@type":"NewsArticle","@id":"https:\/\/www.gaveanews.com\/index.php\/2024\/11\/28\/a-declaracao-de-fernando-diniz-sobre-as-criticas-da-torcida-do-cruzeiro\/#article","isPartOf":{"@id":"https:\/\/www.gaveanews.com\/index.php\/2024\/11\/28\/a-declaracao-de-fernando-diniz-sobre-as-criticas-da-torcida-do-cruzeiro\/"},"author":{"name":"Henrique Machado","@id":"https:\/\/www.gaveanews.com\/#\/schema\/person\/fd07635ec039ec3ba74ad18ec8a6dbd6"},"headline":"A declara\u00e7\u00e3o de Fernando Diniz sobre as cr\u00edticas da torcida do Cruzeiro","datePublished":"2024-11-28T15:35:00+00:00","mainEntityOfPage":{"@id":"https:\/\/www.gaveanews.com\/index.php\/2024\/11\/28\/a-declaracao-de-fernando-diniz-sobre-as-criticas-da-torcida-do-cruzeiro\/"},"wordCount":403,"commentCount":0,"image":{"@id":"https:\/\/www.gaveanews.com\/index.php\/2024\/11\/28\/a-declaracao-de-fernando-diniz-sobre-as-criticas-da-torcida-do-cruzeiro\/#primaryimage"},"thumbnailUrl":"https:\/\/www.gaveanews.com\/wp-content\/uploads\/Fernando-Diniz-durante-apresentacao-no-Cruzeiro.webp","articleSection":["Cruzeiro"],"inLanguage":"pt-BR","potentialAction":[{"@type":"CommentAction","name":"Comment","target":["https:\/\/www.gaveanews.com\/index.php\/2024\/11\/28\/a-declaracao-de-fernando-diniz-sobre-as-criticas-da-torcida-do-cruzeiro\/#respond"]}],"copyrightYear":"2024","copyrightHolder":{"@id":"https:\/\/www.gaveanews.com\/#organization"}},{"@type":"WebPage","@id":"https:\/\/www.gaveanews.com\/index.php\/2024\/11\/28\/a-declaracao-de-fernando-diniz-sobre-as-criticas-da-torcida-do-cruzeiro\/","url":"https:\/\/www.gaveanews.com\/index.php\/2024\/11\/28\/a-declaracao-de-fernando-diniz-sobre-as-criticas-da-torcida-do-cruzeiro\/","name":"A declara\u00e7\u00e3o de Fernando Diniz sobre as cr\u00edticas da torcida do Cruzeiro","isPartOf":{"@id":"https:\/\/www.gaveanews.com\/#website"},"primaryImageOfPage":{"@id":"https:\/\/www.gaveanews.com\/index.php\/2024\/11\/28\/a-declaracao-de-fernando-diniz-sobre-as-criticas-da-torcida-do-cruzeiro\/#primaryimage"},"image":{"@id":"https:\/\/www.gaveanews.com\/index.php\/2024\/11\/28\/a-declaracao-de-fernando-diniz-sobre-as-criticas-da-torcida-do-cruzeiro\/#primaryimage"},"thumbnailUrl":"https:\/\/www.gaveanews.com\/wp-content\/uploads\/Fernando-Diniz-durante-apresentacao-no-Cruzeiro.webp","datePublished":"2024-11-28T15:35:00+00:00","author":{"@id":"https:\/\/www.gaveanews.com\/#\/schema\/person\/fd07635ec039ec3ba74ad18ec8a6dbd6"},"breadcrumb":{"@id":"https:\/\/www.gaveanews.com\/index.php\/2024\/11\/28\/a-declaracao-de-fernando-diniz-sobre-as-criticas-da-torcida-do-cruzeiro\/#breadcrumb"},"inLanguage":"pt-BR","potentialAction":[{"@type":"ReadAction","target":["https:\/\/www.gaveanews.com\/index.php\/2024\/11\/28\/a-declaracao-de-fernando-diniz-sobre-as-criticas-da-torcida-do-cruzeiro\/"]}]},{"@type":"ImageObject","inLanguage":"pt-BR","@id":"https:\/\/www.gaveanews.com\/index.php\/2024\/11\/28\/a-declaracao-de-fernando-diniz-sobre-as-criticas-da-torcida-do-cruzeiro\/#primaryimage","url":"https:\/\/www.gaveanews.com\/wp-content\/uploads\/Fernando-Diniz-durante-apresentacao-no-Cruzeiro.webp","contentUrl":"https:\/\/www.gaveanews.com\/wp-content\/uploads\/Fernando-Diniz-durante-apresentacao-no-Cruzeiro.webp","width":1353,"height":902,"caption":"Fernando Diniz durante apresenta\u00e7\u00e3o no Cruzeiro (Foto: Gustavo Aleixo\/Cruzeiro)"},{"@type":"BreadcrumbList","@id":"https:\/\/www.gaveanews.com\/index.php\/2024\/11\/28\/a-declaracao-de-fernando-diniz-sobre-as-criticas-da-torcida-do-cruzeiro\/#breadcrumb","itemListElement":[{"@type":"ListItem","position":1,"name":"Home","item":"https:\/\/www.gaveanews.com\/"},{"@type":"ListItem","position":2,"name":"A declara\u00e7\u00e3o de Fernando Diniz sobre as cr\u00edticas da torcida do Cruzeiro"}]},{"@type":"WebSite","@id":"https:\/\/www.gaveanews.com\/#website","url":"https:\/\/www.gaveanews.com\/","name":"G\u00e1vea News","description":"Veja todas as not\u00edcias sobre o Flamengo: Contrata\u00e7\u00f5es, categorias de base, resultados das partidas, tabela de classifica\u00e7\u00e3o, pr\u00f3ximos jogos!","potentialAction":[{"@type":"SearchAction","target":{"@type":"EntryPoint","urlTemplate":"https:\/\/www.gaveanews.com\/?s={search_term_string}"},"query-input":{"@type":"PropertyValueSpecification","valueRequired":true,"valueName":"search_term_string"}}],"inLanguage":"pt-BR"},{"@type":"Person","@id":"https:\/\/www.gaveanews.com\/#\/schema\/person\/fd07635ec039ec3ba74ad18ec8a6dbd6","name":"Henrique Machado","image":{"@type":"ImageObject","inLanguage":"pt-BR","@id":"https:\/\/www.gaveanews.com\/#\/schema\/person\/image\/","url":"https:\/\/secure.gravatar.com\/avatar\/b95e35997e01d9800c1b6184bd79d4d898d370a3fce2584f5c77b907d5c7d9e9?s=96&d=mm&r=g","contentUrl":"https:\/\/secure.gravatar.com\/avatar\/b95e35997e01d9800c1b6184bd79d4d898d370a3fce2584f5c77b907d5c7d9e9?s=96&d=mm&r=g","caption":"Henrique Machado"}}]}},"_links":{"self":[{"href":"https:\/\/www.gaveanews.com\/index.php\/wp-json\/wp\/v2\/posts\/191755","targetHints":{"allow":["GET"]}}],"collection":[{"href":"https:\/\/www.gaveanews.com\/index.php\/wp-json\/wp\/v2\/posts"}],"about":[{"href":"https:\/\/www.gaveanews.com\/index.php\/wp-json\/wp\/v2\/types\/post"}],"author":[{"embeddable":true,"href":"https:\/\/www.gaveanews.com\/index.php\/wp-json\/wp\/v2\/users\/15"}],"replies":[{"embeddable":true,"href":"https:\/\/www.gaveanews.com\/index.php\/wp-json\/wp\/v2\/comments?post=191755"}],"version-history":[{"count":1,"href":"https:\/\/www.gaveanews.com\/index.php\/wp-json\/wp\/v2\/posts\/191755\/revisions"}],"predecessor-version":[{"id":191762,"href":"https:\/\/www.gaveanews.com\/index.php\/wp-json\/wp\/v2\/posts\/191755\/revisions\/191762"}],"wp:featuredmedia":[{"embeddable":true,"href":"https:\/\/www.gaveanews.com\/index.php\/wp-json\/wp\/v2\/media\/169051"}],"wp:attachment":[{"href":"https:\/\/www.gaveanews.com\/index.php\/wp-json\/wp\/v2\/media?parent=191755"}],"wp:term":[{"taxonomy":"category","embeddable":true,"href":"https:\/\/www.gaveanews.com\/index.php\/wp-json\/wp\/v2\/categories?post=191755"},{"taxonomy":"post_tag","embeddable":true,"href":"https:\/\/www.gaveanews.com\/index.php\/wp-json\/wp\/v2\/tags?post=191755"}],"curies":[{"name":"wp","href":"https:\/\/api.w.org\/{rel}","templated":true}]}}