{"id":191784,"date":"2024-11-28T17:40:00","date_gmt":"2024-11-28T20:40:00","guid":{"rendered":"https:\/\/www.gaveanews.com\/?p=191784"},"modified":"2024-11-28T17:11:38","modified_gmt":"2024-11-28T20:11:38","slug":"o-valor-que-o-corinthians-vai-ter-que-pagar-ao-talleres-por-rodrigo-garro","status":"publish","type":"post","link":"https:\/\/www.gaveanews.com\/index.php\/2024\/11\/28\/o-valor-que-o-corinthians-vai-ter-que-pagar-ao-talleres-por-rodrigo-garro\/","title":{"rendered":"O valor que o Corinthians vai ter que pagar ao Talleres por Rodrigo Garro"},"content":{"rendered":"\n<p>Garro \u00e9 um dos principais nomes do Corinthians na temporada. Briga pela posi\u00e7\u00e3o de maior participa\u00e7\u00e3o em gols na competi\u00e7\u00e3o e frequentemente pinta como artilheiro. Na \u00faltima partida, foi respons\u00e1vel por fazer 2 dos 3 gols da equipe do Corinthians, dando a vit\u00f3ria por 3 a 1 sobre o Vasco na Neo Qu\u00edmica Arena.<\/p>\n\n\n\n<ul class=\"wp-block-list\">\n<li><a href=\"https:\/\/www.gaveanews.com\/index.php\/2024\/11\/27\/corinthians-define-proposta-para-quitar-dividas\/\">Corinthians define proposta para quitar d\u00edvidas<\/a><\/li>\n\n\n\n<li><a href=\"https:\/\/www.gaveanews.com\/wp-content\/uploads\/Rodrigo-Garro-com-a-camisa-do-Corinthians-em-2024.webp\">Rodrigo Garro com a camisa do Corinthians em 2024<\/a><\/li>\n<\/ul>\n\n\n\n<p>Garro foi um &#8216;achado&#8217; do Corinthians. Ele veio do Talleres, da Argentina onde estava se destacando em participa\u00e7\u00f5es na Libertadores na Sul Americana.<\/p>\n\n\n\n<p>O Corinthians se comprometeu a pagar mais de R$ 24 milh\u00f5es no acordo com o Talleres para ter Garro no elenco.<\/p>\n\n\n\n<p>Em junho desse ano, os argentinos levaram \u00e0 Fifa uma reclama\u00e7\u00e3o baseada no entendimento de que ainda deveriam receber&nbsp;US$ 700 mil&nbsp;(algo em torno de&nbsp;R$ 3,7 milh\u00f5es) do clube do Parque S\u00e3o Jorge.<\/p>\n\n\n\n<p>O Corinthians desembolsou inicialmente cerca de&nbsp;3,8 milh\u00f5es de d\u00f3lares&nbsp;para contar com Garro, uma vez que aceitou a exig\u00eancia do Talleres para que as chamadas despesas operacionais (1,8 milh\u00e3o de d\u00f3lares) fossem adicionadas \u00e0 1\u00aa parcela do acordo, no valor de&nbsp;2 milh\u00f5es de d\u00f3lares.<\/p>\n\n\n\n<p>O desentendimento, no entanto, aconteceu ap\u00f3s o abatimento de impostos na Argentina, que reduziu em cerca de&nbsp;US$ 700 mil&nbsp;o valor l\u00edquido embolsado pelo Talleres.<\/p>\n\n\n\n<p>Corinthians afirmou que n\u00e3o foi notificado pela Fifa a respeito de qualquer nova reclama\u00e7\u00e3o do Talleres.<\/p>\n\n\n\n<p>No acordo, assinado pelo clube argentino, est\u00e1 detalhado que o Corinthians concordava em arcar com<strong>&nbsp;US$ 5.203.800,00 brutos&nbsp;<\/strong>(R$ 25.758.810,00 \u00e0 \u00e9poca) pela transfer\u00eancia de Garro, dentre os quais,&nbsp;<strong>US$ 1.876.200,00&nbsp;<\/strong>a t\u00edtulo de \u201cvalor da opera\u00e7\u00e3o\u201d.<\/p>\n\n\n\n<h2 class=\"wp-block-heading\" id=\"h-qual-a-proxima-partida-do-corinthians\">Qual a pr\u00f3xima partida do Corinthians?<\/h2>\n\n\n\n<p>No pr\u00f3ximo s\u00e1bado (30), o Corinthians viaja at\u00e9 Crici\u00fama para enfrentar a equipe da casa no Heriberto H\u00fclse pelo Brasileir\u00e3o.<\/p>\n\n\n\n<p>O Corinthians precisa de uma vit\u00f3ria para se posicionar dentro do G7 e buscar uma vaga na Pr\u00e9 Libertadores.<\/p>\n","protected":false},"excerpt":{"rendered":"<p>Garro \u00e9 um dos principais nomes do Corinthians na temporada. Briga pela posi\u00e7\u00e3o de maior participa\u00e7\u00e3o em gols na competi\u00e7\u00e3o e frequentemente pinta como artilheiro. Na \u00faltima partida, foi respons\u00e1vel por fazer 2 dos 3 gols da equipe do Corinthians, dando a vit\u00f3ria por 3 a 1 sobre o Vasco na Neo Qu\u00edmica Arena. Garro [&hellip;]<\/p>\n","protected":false},"author":19,"featured_media":161268,"comment_status":"open","ping_status":"closed","sticky":false,"template":"","format":"standard","meta":{"footnotes":""},"categories":[141],"tags":[],"class_list":["post-191784","post","type-post","status-publish","format-standard","has-post-thumbnail","hentry","category-corinthians"],"yoast_head":"<!-- This site is optimized with the Yoast SEO Premium plugin v24.2 (Yoast SEO v26.9) - https:\/\/yoast.com\/product\/yoast-seo-premium-wordpress\/ -->\n<title>O valor que o Corinthians vai ter que pagar ao Talleres por Rodrigo Garro<\/title>\n<meta name=\"robots\" content=\"index, follow, max-snippet:-1, max-image-preview:large, max-video-preview:-1\" \/>\n<link rel=\"canonical\" href=\"https:\/\/www.gaveanews.com\/index.php\/2024\/11\/28\/o-valor-que-o-corinthians-vai-ter-que-pagar-ao-talleres-por-rodrigo-garro\/\" \/>\n<meta property=\"og:locale\" content=\"pt_BR\" \/>\n<meta property=\"og:type\" content=\"article\" \/>\n<meta property=\"og:title\" content=\"O valor que o Corinthians vai ter que pagar ao Talleres por Rodrigo Garro\" \/>\n<meta property=\"og:description\" content=\"Garro \u00e9 um dos principais nomes do Corinthians na temporada. Briga pela posi\u00e7\u00e3o de maior participa\u00e7\u00e3o em gols na competi\u00e7\u00e3o e frequentemente pinta como artilheiro. Na \u00faltima partida, foi respons\u00e1vel por fazer 2 dos 3 gols da equipe do Corinthians, dando a vit\u00f3ria por 3 a 1 sobre o Vasco na Neo Qu\u00edmica Arena. Garro [&hellip;]\" \/>\n<meta property=\"og:url\" content=\"https:\/\/www.gaveanews.com\/index.php\/2024\/11\/28\/o-valor-que-o-corinthians-vai-ter-que-pagar-ao-talleres-por-rodrigo-garro\/\" \/>\n<meta property=\"og:site_name\" content=\"G\u00e1vea News\" \/>\n<meta property=\"article:publisher\" content=\"https:\/\/facebook.com\/gaveaNews\/\" \/>\n<meta property=\"article:published_time\" content=\"2024-11-28T20:40:00+00:00\" \/>\n<meta property=\"og:image\" content=\"https:\/\/www.gaveanews.com\/wp-content\/uploads\/Rodrigo-Garro-com-a-camisa-do-Corinthians-em-2024.webp\" \/>\n\t<meta property=\"og:image:width\" content=\"1440\" \/>\n\t<meta property=\"og:image:height\" content=\"1085\" \/>\n\t<meta property=\"og:image:type\" content=\"image\/jpeg\" \/>\n<meta name=\"author\" content=\"Bruno Zanchetta\" \/>\n<meta name=\"twitter:card\" content=\"summary_large_image\" \/>\n<meta name=\"twitter:label1\" content=\"Escrito por\" \/>\n\t<meta name=\"twitter:data1\" content=\"Bruno Zanchetta\" \/>\n\t<meta name=\"twitter:label2\" content=\"Est. tempo de leitura\" \/>\n\t<meta name=\"twitter:data2\" content=\"2 minutos\" \/>\n<script type=\"application\/ld+json\" class=\"yoast-schema-graph\">{\"@context\":\"https:\/\/schema.org\",\"@graph\":[{\"@type\":\"NewsArticle\",\"@id\":\"https:\/\/www.gaveanews.com\/index.php\/2024\/11\/28\/o-valor-que-o-corinthians-vai-ter-que-pagar-ao-talleres-por-rodrigo-garro\/#article\",\"isPartOf\":{\"@id\":\"https:\/\/www.gaveanews.com\/index.php\/2024\/11\/28\/o-valor-que-o-corinthians-vai-ter-que-pagar-ao-talleres-por-rodrigo-garro\/\"},\"author\":{\"name\":\"Bruno Zanchetta\",\"@id\":\"https:\/\/www.gaveanews.com\/#\/schema\/person\/32fddefab25b466689f181be346cd98c\"},\"headline\":\"O valor que o Corinthians vai ter que pagar ao Talleres por Rodrigo Garro\",\"datePublished\":\"2024-11-28T20:40:00+00:00\",\"mainEntityOfPage\":{\"@id\":\"https:\/\/www.gaveanews.com\/index.php\/2024\/11\/28\/o-valor-que-o-corinthians-vai-ter-que-pagar-ao-talleres-por-rodrigo-garro\/\"},\"wordCount\":356,\"commentCount\":0,\"image\":{\"@id\":\"https:\/\/www.gaveanews.com\/index.php\/2024\/11\/28\/o-valor-que-o-corinthians-vai-ter-que-pagar-ao-talleres-por-rodrigo-garro\/#primaryimage\"},\"thumbnailUrl\":\"https:\/\/www.gaveanews.com\/wp-content\/uploads\/Rodrigo-Garro-com-a-camisa-do-Corinthians-em-2024.webp\",\"articleSection\":[\"Corinthians\"],\"inLanguage\":\"pt-BR\",\"potentialAction\":[{\"@type\":\"CommentAction\",\"name\":\"Comment\",\"target\":[\"https:\/\/www.gaveanews.com\/index.php\/2024\/11\/28\/o-valor-que-o-corinthians-vai-ter-que-pagar-ao-talleres-por-rodrigo-garro\/#respond\"]}],\"copyrightYear\":\"2024\",\"copyrightHolder\":{\"@id\":\"https:\/\/www.gaveanews.com\/#organization\"}},{\"@type\":\"WebPage\",\"@id\":\"https:\/\/www.gaveanews.com\/index.php\/2024\/11\/28\/o-valor-que-o-corinthians-vai-ter-que-pagar-ao-talleres-por-rodrigo-garro\/\",\"url\":\"https:\/\/www.gaveanews.com\/index.php\/2024\/11\/28\/o-valor-que-o-corinthians-vai-ter-que-pagar-ao-talleres-por-rodrigo-garro\/\",\"name\":\"O valor que o Corinthians vai ter que pagar ao Talleres por Rodrigo Garro\",\"isPartOf\":{\"@id\":\"https:\/\/www.gaveanews.com\/#website\"},\"primaryImageOfPage\":{\"@id\":\"https:\/\/www.gaveanews.com\/index.php\/2024\/11\/28\/o-valor-que-o-corinthians-vai-ter-que-pagar-ao-talleres-por-rodrigo-garro\/#primaryimage\"},\"image\":{\"@id\":\"https:\/\/www.gaveanews.com\/index.php\/2024\/11\/28\/o-valor-que-o-corinthians-vai-ter-que-pagar-ao-talleres-por-rodrigo-garro\/#primaryimage\"},\"thumbnailUrl\":\"https:\/\/www.gaveanews.com\/wp-content\/uploads\/Rodrigo-Garro-com-a-camisa-do-Corinthians-em-2024.webp\",\"datePublished\":\"2024-11-28T20:40:00+00:00\",\"author\":{\"@id\":\"https:\/\/www.gaveanews.com\/#\/schema\/person\/32fddefab25b466689f181be346cd98c\"},\"breadcrumb\":{\"@id\":\"https:\/\/www.gaveanews.com\/index.php\/2024\/11\/28\/o-valor-que-o-corinthians-vai-ter-que-pagar-ao-talleres-por-rodrigo-garro\/#breadcrumb\"},\"inLanguage\":\"pt-BR\",\"potentialAction\":[{\"@type\":\"ReadAction\",\"target\":[\"https:\/\/www.gaveanews.com\/index.php\/2024\/11\/28\/o-valor-que-o-corinthians-vai-ter-que-pagar-ao-talleres-por-rodrigo-garro\/\"]}]},{\"@type\":\"ImageObject\",\"inLanguage\":\"pt-BR\",\"@id\":\"https:\/\/www.gaveanews.com\/index.php\/2024\/11\/28\/o-valor-que-o-corinthians-vai-ter-que-pagar-ao-talleres-por-rodrigo-garro\/#primaryimage\",\"url\":\"https:\/\/www.gaveanews.com\/wp-content\/uploads\/Rodrigo-Garro-com-a-camisa-do-Corinthians-em-2024.webp\",\"contentUrl\":\"https:\/\/www.gaveanews.com\/wp-content\/uploads\/Rodrigo-Garro-com-a-camisa-do-Corinthians-em-2024.webp\",\"width\":1440,\"height\":1085,\"caption\":\"Rodrigo Garro com a camisa do Corinthians em 2024 (Foto: Reprodu\u00e7\u00e3o\/Instagram)\"},{\"@type\":\"BreadcrumbList\",\"@id\":\"https:\/\/www.gaveanews.com\/index.php\/2024\/11\/28\/o-valor-que-o-corinthians-vai-ter-que-pagar-ao-talleres-por-rodrigo-garro\/#breadcrumb\",\"itemListElement\":[{\"@type\":\"ListItem\",\"position\":1,\"name\":\"Home\",\"item\":\"https:\/\/www.gaveanews.com\/\"},{\"@type\":\"ListItem\",\"position\":2,\"name\":\"O valor que o Corinthians vai ter que pagar ao Talleres por Rodrigo Garro\"}]},{\"@type\":\"WebSite\",\"@id\":\"https:\/\/www.gaveanews.com\/#website\",\"url\":\"https:\/\/www.gaveanews.com\/\",\"name\":\"G\u00e1vea News\",\"description\":\"Veja todas as not\u00edcias sobre o Flamengo: Contrata\u00e7\u00f5es, categorias de base, resultados das partidas, tabela de classifica\u00e7\u00e3o, pr\u00f3ximos jogos!\",\"potentialAction\":[{\"@type\":\"SearchAction\",\"target\":{\"@type\":\"EntryPoint\",\"urlTemplate\":\"https:\/\/www.gaveanews.com\/?s={search_term_string}\"},\"query-input\":{\"@type\":\"PropertyValueSpecification\",\"valueRequired\":true,\"valueName\":\"search_term_string\"}}],\"inLanguage\":\"pt-BR\"},{\"@type\":\"Person\",\"@id\":\"https:\/\/www.gaveanews.com\/#\/schema\/person\/32fddefab25b466689f181be346cd98c\",\"name\":\"Bruno Zanchetta\",\"image\":{\"@type\":\"ImageObject\",\"inLanguage\":\"pt-BR\",\"@id\":\"https:\/\/www.gaveanews.com\/#\/schema\/person\/image\/\",\"url\":\"https:\/\/secure.gravatar.com\/avatar\/3ba2d39f8a912ad65276975a996d6ad8d9e3dd13448684be8dc4d7c17099d2ee?s=96&d=mm&r=g\",\"contentUrl\":\"https:\/\/secure.gravatar.com\/avatar\/3ba2d39f8a912ad65276975a996d6ad8d9e3dd13448684be8dc4d7c17099d2ee?s=96&d=mm&r=g\",\"caption\":\"Bruno Zanchetta\"}}]}<\/script>\n<!-- \/ Yoast SEO Premium plugin. -->","yoast_head_json":{"title":"O valor que o Corinthians vai ter que pagar ao Talleres por Rodrigo Garro","robots":{"index":"index","follow":"follow","max-snippet":"max-snippet:-1","max-image-preview":"max-image-preview:large","max-video-preview":"max-video-preview:-1"},"canonical":"https:\/\/www.gaveanews.com\/index.php\/2024\/11\/28\/o-valor-que-o-corinthians-vai-ter-que-pagar-ao-talleres-por-rodrigo-garro\/","og_locale":"pt_BR","og_type":"article","og_title":"O valor que o Corinthians vai ter que pagar ao Talleres por Rodrigo Garro","og_description":"Garro \u00e9 um dos principais nomes do Corinthians na temporada. Briga pela posi\u00e7\u00e3o de maior participa\u00e7\u00e3o em gols na competi\u00e7\u00e3o e frequentemente pinta como artilheiro. Na \u00faltima partida, foi respons\u00e1vel por fazer 2 dos 3 gols da equipe do Corinthians, dando a vit\u00f3ria por 3 a 1 sobre o Vasco na Neo Qu\u00edmica Arena. Garro [&hellip;]","og_url":"https:\/\/www.gaveanews.com\/index.php\/2024\/11\/28\/o-valor-que-o-corinthians-vai-ter-que-pagar-ao-talleres-por-rodrigo-garro\/","og_site_name":"G\u00e1vea News","article_publisher":"https:\/\/facebook.com\/gaveaNews\/","article_published_time":"2024-11-28T20:40:00+00:00","og_image":[{"width":1440,"height":1085,"url":"https:\/\/www.gaveanews.com\/wp-content\/uploads\/Rodrigo-Garro-com-a-camisa-do-Corinthians-em-2024.webp","type":"image\/jpeg"}],"author":"Bruno Zanchetta","twitter_card":"summary_large_image","twitter_misc":{"Escrito por":"Bruno Zanchetta","Est. tempo de leitura":"2 minutos"},"schema":{"@context":"https:\/\/schema.org","@graph":[{"@type":"NewsArticle","@id":"https:\/\/www.gaveanews.com\/index.php\/2024\/11\/28\/o-valor-que-o-corinthians-vai-ter-que-pagar-ao-talleres-por-rodrigo-garro\/#article","isPartOf":{"@id":"https:\/\/www.gaveanews.com\/index.php\/2024\/11\/28\/o-valor-que-o-corinthians-vai-ter-que-pagar-ao-talleres-por-rodrigo-garro\/"},"author":{"name":"Bruno Zanchetta","@id":"https:\/\/www.gaveanews.com\/#\/schema\/person\/32fddefab25b466689f181be346cd98c"},"headline":"O valor que o Corinthians vai ter que pagar ao Talleres por Rodrigo Garro","datePublished":"2024-11-28T20:40:00+00:00","mainEntityOfPage":{"@id":"https:\/\/www.gaveanews.com\/index.php\/2024\/11\/28\/o-valor-que-o-corinthians-vai-ter-que-pagar-ao-talleres-por-rodrigo-garro\/"},"wordCount":356,"commentCount":0,"image":{"@id":"https:\/\/www.gaveanews.com\/index.php\/2024\/11\/28\/o-valor-que-o-corinthians-vai-ter-que-pagar-ao-talleres-por-rodrigo-garro\/#primaryimage"},"thumbnailUrl":"https:\/\/www.gaveanews.com\/wp-content\/uploads\/Rodrigo-Garro-com-a-camisa-do-Corinthians-em-2024.webp","articleSection":["Corinthians"],"inLanguage":"pt-BR","potentialAction":[{"@type":"CommentAction","name":"Comment","target":["https:\/\/www.gaveanews.com\/index.php\/2024\/11\/28\/o-valor-que-o-corinthians-vai-ter-que-pagar-ao-talleres-por-rodrigo-garro\/#respond"]}],"copyrightYear":"2024","copyrightHolder":{"@id":"https:\/\/www.gaveanews.com\/#organization"}},{"@type":"WebPage","@id":"https:\/\/www.gaveanews.com\/index.php\/2024\/11\/28\/o-valor-que-o-corinthians-vai-ter-que-pagar-ao-talleres-por-rodrigo-garro\/","url":"https:\/\/www.gaveanews.com\/index.php\/2024\/11\/28\/o-valor-que-o-corinthians-vai-ter-que-pagar-ao-talleres-por-rodrigo-garro\/","name":"O valor que o Corinthians vai ter que pagar ao Talleres por Rodrigo Garro","isPartOf":{"@id":"https:\/\/www.gaveanews.com\/#website"},"primaryImageOfPage":{"@id":"https:\/\/www.gaveanews.com\/index.php\/2024\/11\/28\/o-valor-que-o-corinthians-vai-ter-que-pagar-ao-talleres-por-rodrigo-garro\/#primaryimage"},"image":{"@id":"https:\/\/www.gaveanews.com\/index.php\/2024\/11\/28\/o-valor-que-o-corinthians-vai-ter-que-pagar-ao-talleres-por-rodrigo-garro\/#primaryimage"},"thumbnailUrl":"https:\/\/www.gaveanews.com\/wp-content\/uploads\/Rodrigo-Garro-com-a-camisa-do-Corinthians-em-2024.webp","datePublished":"2024-11-28T20:40:00+00:00","author":{"@id":"https:\/\/www.gaveanews.com\/#\/schema\/person\/32fddefab25b466689f181be346cd98c"},"breadcrumb":{"@id":"https:\/\/www.gaveanews.com\/index.php\/2024\/11\/28\/o-valor-que-o-corinthians-vai-ter-que-pagar-ao-talleres-por-rodrigo-garro\/#breadcrumb"},"inLanguage":"pt-BR","potentialAction":[{"@type":"ReadAction","target":["https:\/\/www.gaveanews.com\/index.php\/2024\/11\/28\/o-valor-que-o-corinthians-vai-ter-que-pagar-ao-talleres-por-rodrigo-garro\/"]}]},{"@type":"ImageObject","inLanguage":"pt-BR","@id":"https:\/\/www.gaveanews.com\/index.php\/2024\/11\/28\/o-valor-que-o-corinthians-vai-ter-que-pagar-ao-talleres-por-rodrigo-garro\/#primaryimage","url":"https:\/\/www.gaveanews.com\/wp-content\/uploads\/Rodrigo-Garro-com-a-camisa-do-Corinthians-em-2024.webp","contentUrl":"https:\/\/www.gaveanews.com\/wp-content\/uploads\/Rodrigo-Garro-com-a-camisa-do-Corinthians-em-2024.webp","width":1440,"height":1085,"caption":"Rodrigo Garro com a camisa do Corinthians em 2024 (Foto: Reprodu\u00e7\u00e3o\/Instagram)"},{"@type":"BreadcrumbList","@id":"https:\/\/www.gaveanews.com\/index.php\/2024\/11\/28\/o-valor-que-o-corinthians-vai-ter-que-pagar-ao-talleres-por-rodrigo-garro\/#breadcrumb","itemListElement":[{"@type":"ListItem","position":1,"name":"Home","item":"https:\/\/www.gaveanews.com\/"},{"@type":"ListItem","position":2,"name":"O valor que o Corinthians vai ter que pagar ao Talleres por Rodrigo Garro"}]},{"@type":"WebSite","@id":"https:\/\/www.gaveanews.com\/#website","url":"https:\/\/www.gaveanews.com\/","name":"G\u00e1vea News","description":"Veja todas as not\u00edcias sobre o Flamengo: Contrata\u00e7\u00f5es, categorias de base, resultados das partidas, tabela de classifica\u00e7\u00e3o, pr\u00f3ximos jogos!","potentialAction":[{"@type":"SearchAction","target":{"@type":"EntryPoint","urlTemplate":"https:\/\/www.gaveanews.com\/?s={search_term_string}"},"query-input":{"@type":"PropertyValueSpecification","valueRequired":true,"valueName":"search_term_string"}}],"inLanguage":"pt-BR"},{"@type":"Person","@id":"https:\/\/www.gaveanews.com\/#\/schema\/person\/32fddefab25b466689f181be346cd98c","name":"Bruno Zanchetta","image":{"@type":"ImageObject","inLanguage":"pt-BR","@id":"https:\/\/www.gaveanews.com\/#\/schema\/person\/image\/","url":"https:\/\/secure.gravatar.com\/avatar\/3ba2d39f8a912ad65276975a996d6ad8d9e3dd13448684be8dc4d7c17099d2ee?s=96&d=mm&r=g","contentUrl":"https:\/\/secure.gravatar.com\/avatar\/3ba2d39f8a912ad65276975a996d6ad8d9e3dd13448684be8dc4d7c17099d2ee?s=96&d=mm&r=g","caption":"Bruno Zanchetta"}}]}},"_links":{"self":[{"href":"https:\/\/www.gaveanews.com\/index.php\/wp-json\/wp\/v2\/posts\/191784","targetHints":{"allow":["GET"]}}],"collection":[{"href":"https:\/\/www.gaveanews.com\/index.php\/wp-json\/wp\/v2\/posts"}],"about":[{"href":"https:\/\/www.gaveanews.com\/index.php\/wp-json\/wp\/v2\/types\/post"}],"author":[{"embeddable":true,"href":"https:\/\/www.gaveanews.com\/index.php\/wp-json\/wp\/v2\/users\/19"}],"replies":[{"embeddable":true,"href":"https:\/\/www.gaveanews.com\/index.php\/wp-json\/wp\/v2\/comments?post=191784"}],"version-history":[{"count":2,"href":"https:\/\/www.gaveanews.com\/index.php\/wp-json\/wp\/v2\/posts\/191784\/revisions"}],"predecessor-version":[{"id":191955,"href":"https:\/\/www.gaveanews.com\/index.php\/wp-json\/wp\/v2\/posts\/191784\/revisions\/191955"}],"wp:featuredmedia":[{"embeddable":true,"href":"https:\/\/www.gaveanews.com\/index.php\/wp-json\/wp\/v2\/media\/161268"}],"wp:attachment":[{"href":"https:\/\/www.gaveanews.com\/index.php\/wp-json\/wp\/v2\/media?parent=191784"}],"wp:term":[{"taxonomy":"category","embeddable":true,"href":"https:\/\/www.gaveanews.com\/index.php\/wp-json\/wp\/v2\/categories?post=191784"},{"taxonomy":"post_tag","embeddable":true,"href":"https:\/\/www.gaveanews.com\/index.php\/wp-json\/wp\/v2\/tags?post=191784"}],"curies":[{"name":"wp","href":"https:\/\/api.w.org\/{rel}","templated":true}]}}