{"id":191826,"date":"2024-11-28T18:00:00","date_gmt":"2024-11-28T21:00:00","guid":{"rendered":"https:\/\/www.gaveanews.com\/?p=191826"},"modified":"2024-11-28T18:39:06","modified_gmt":"2024-11-28T21:39:06","slug":"jornalista-faz-comparacao-entre-flamengo-de-2019-e-botafogo-de-2024","status":"publish","type":"post","link":"https:\/\/www.gaveanews.com\/index.php\/2024\/11\/28\/jornalista-faz-comparacao-entre-flamengo-de-2019-e-botafogo-de-2024\/","title":{"rendered":"Jornalista faz compara\u00e7\u00e3o entre Flamengo de 2019 e Botafogo de 2024"},"content":{"rendered":"\n<p>Na \u00faltima ter\u00e7a-feira (26), o Botafogo venceu o Palmeiras por 3 a 1 no Allianz Parque. O desempenho da equipe levantou debates sobre seu n\u00edvel t\u00e9cnico e poss\u00edveis compara\u00e7\u00f5es com forma\u00e7\u00f5es hist\u00f3ricas do futebol brasileiro. Nesse contexto, o jornalista Renato Maur\u00edcio Prado destacou a qualidade do trabalho de Artur Jorge e comparou o time ao Flamengo multicampe\u00e3o de 2019.<\/p>\n\n\n\n<ul class=\"wp-block-list\">\n<li><a href=\"https:\/\/www.gaveanews.com\/index.php\/2024\/11\/28\/atletico-mg-x-botafogo-a-declaracao-de-bernard-sobre-a-final-da-libertadores\/\">Atl\u00e9tico-MG x Botafogo: a declara\u00e7\u00e3o de Bernard sobre a final da Libertadores<\/a><\/li>\n\n\n\n<li><a href=\"https:\/\/www.gaveanews.com\/index.php\/2024\/11\/27\/gustavo-scarpa-revela-formula-para-atletico-mg-ser-campeao-da-libertadores\/\">Gustavo Scarpa revela f\u00f3rmula para Atl\u00e9tico-MG ser campe\u00e3o da Libertadores<\/a><\/li>\n<\/ul>\n\n\n\n<p>Prado afirmou que o Botafogo atual lembra, em alguns aspectos, a equipe liderada por Jorge Jesus h\u00e1 cinco anos, conhecida pela excel\u00eancia e pelos t\u00edtulos conquistados. Al\u00e9m disso, ressaltou a consist\u00eancia e a efici\u00eancia do time alvinegro em competi\u00e7\u00f5es de alto n\u00edvel. A compara\u00e7\u00e3o ganhou mais for\u00e7a ap\u00f3s a vit\u00f3ria contra o Palmeiras, que consolidou a lideran\u00e7a do Botafogo no Brasileir\u00e3o.<\/p>\n\n\n\n<p>Atualmente, a equipe carioca est\u00e1 pr\u00f3xima de garantir o t\u00edtulo brasileiro e tamb\u00e9m alcan\u00e7a a final da Libertadores com grande expectativa. A possibilidade de vencer as duas competi\u00e7\u00f5es na mesma temporada eleva o status do Botafogo. Contudo, mesmo com a chance de alcan\u00e7ar esse feito hist\u00f3rico, Prado ponderou que o time ainda n\u00e3o supera o desempenho t\u00e9cnico do Flamengo de 2019.<\/p>\n\n\n\n<p>\u201cO desempenho do rubro-negro de Jorge Jesus, por\u00e9m, foi superior, em todos os aspectos\u201d, enfatizou Renato Maur\u00edcio Prado em sua coluna no &#8216;UOL Esporte&#8217;. \u201cMas isso n\u00e3o tira do Botafogo de Artur Jorge muitos m\u00e9ritos. \u00c9 um tima\u00e7o\u201d,&nbsp;completou ele.<\/p>\n\n\n<div class=\"wp-block-image\">\n<figure class=\"aligncenter size-full\"><img loading=\"lazy\" decoding=\"async\" width=\"900\" height=\"600\" src=\"https:\/\/www.gaveanews.com\/wp-content\/uploads\/Treinador-Jorge-Jesus-durante-uma-partida-do-Flamengo.webp\" alt=\"\" class=\"wp-image-28884\" srcset=\"https:\/\/www.gaveanews.com\/wp-content\/uploads\/Treinador-Jorge-Jesus-durante-uma-partida-do-Flamengo.webp 900w, https:\/\/www.gaveanews.com\/wp-content\/uploads\/Treinador-Jorge-Jesus-durante-uma-partida-do-Flamengo-300x200.webp 300w, https:\/\/www.gaveanews.com\/wp-content\/uploads\/Treinador-Jorge-Jesus-durante-uma-partida-do-Flamengo-768x512.webp 768w, https:\/\/www.gaveanews.com\/wp-content\/uploads\/Treinador-Jorge-Jesus-durante-uma-partida-do-Flamengo-630x420.webp 630w, https:\/\/www.gaveanews.com\/wp-content\/uploads\/Treinador-Jorge-Jesus-durante-uma-partida-do-Flamengo-640x427.webp 640w, https:\/\/www.gaveanews.com\/wp-content\/uploads\/Treinador-Jorge-Jesus-durante-uma-partida-do-Flamengo-681x454.webp 681w, https:\/\/www.gaveanews.com\/wp-content\/uploads\/Treinador-Jorge-Jesus-durante-uma-partida-do-Flamengo-100x67.webp 100w\" sizes=\"auto, (max-width: 900px) 100vw, 900px\" \/><figcaption class=\"wp-element-caption\">Treinador Jorge Jesus durante uma partida do Flamengo (Foto: Alexandre Vidal\/Flamengo)<\/figcaption><\/figure>\n<\/div>\n\n\n<h2 class=\"wp-block-heading\" id=\"h-renato-mauricio-prado-elogiou-artur-jorge-tecnico-do-botafogo\">Renato Maur\u00edcio Prado elogiou Artur Jorge, t\u00e9cnico do Botafogo<\/h2>\n\n\n\n<p>Apesar disso, o jornalista elogiou o trabalho de Artur Jorge \u00e0 frente do Botafogo. Assim, ele destacou a compet\u00eancia da comiss\u00e3o t\u00e9cnica e o talento dos jogadores em construir uma equipe s\u00f3lida e competitiva. \u201cPelos desempenhos neste ano, o Botafogo \u00e9 franco favorito\u201d,&nbsp;cravou o comentarista.<\/p>\n\n\n\n<p>Ainda conforme o jornalista, a atua\u00e7\u00e3o contra o Palmeiras n\u00e3o apenas aproximou o Botafogo do t\u00edtulo brasileiro, mas tamb\u00e9m elevou sua moral para buscar o trof\u00e9u continental. Conv\u00e9m ressaltar que a decis\u00e3o da Libertadores marcada para o pr\u00f3ximo s\u00e1bado (30), no Monumental de N\u00fa\u00f1ez, \u00e0s 17h (hor\u00e1rio de Bras\u00edlia).<\/p>\n","protected":false},"excerpt":{"rendered":"<p>Na \u00faltima ter\u00e7a-feira (26), o Botafogo venceu o Palmeiras por 3 a 1 no Allianz Parque. O desempenho da equipe levantou debates sobre seu n\u00edvel t\u00e9cnico e poss\u00edveis compara\u00e7\u00f5es com forma\u00e7\u00f5es hist\u00f3ricas do futebol brasileiro. Nesse contexto, o jornalista Renato Maur\u00edcio Prado destacou a qualidade do trabalho de Artur Jorge e comparou o time ao [&hellip;]<\/p>\n","protected":false},"author":28,"featured_media":106053,"comment_status":"open","ping_status":"closed","sticky":false,"template":"","format":"standard","meta":{"footnotes":""},"categories":[138,1],"tags":[],"class_list":["post-191826","post","type-post","status-publish","format-standard","has-post-thumbnail","hentry","category-botafogo","category-flamengo"],"yoast_head":"<!-- This site is optimized with the Yoast SEO Premium plugin v24.2 (Yoast SEO v26.9) - https:\/\/yoast.com\/product\/yoast-seo-premium-wordpress\/ -->\n<title>Jornalista faz compara\u00e7\u00e3o entre Flamengo de 2019 e Botafogo de 2024<\/title>\n<meta name=\"robots\" content=\"index, follow, max-snippet:-1, max-image-preview:large, max-video-preview:-1\" \/>\n<link rel=\"canonical\" href=\"https:\/\/www.gaveanews.com\/index.php\/2024\/11\/28\/jornalista-faz-comparacao-entre-flamengo-de-2019-e-botafogo-de-2024\/\" \/>\n<meta property=\"og:locale\" content=\"pt_BR\" \/>\n<meta property=\"og:type\" content=\"article\" \/>\n<meta property=\"og:title\" content=\"Jornalista faz compara\u00e7\u00e3o entre Flamengo de 2019 e Botafogo de 2024\" \/>\n<meta property=\"og:description\" content=\"Na \u00faltima ter\u00e7a-feira (26), o Botafogo venceu o Palmeiras por 3 a 1 no Allianz Parque. O desempenho da equipe levantou debates sobre seu n\u00edvel t\u00e9cnico e poss\u00edveis compara\u00e7\u00f5es com forma\u00e7\u00f5es hist\u00f3ricas do futebol brasileiro. Nesse contexto, o jornalista Renato Maur\u00edcio Prado destacou a qualidade do trabalho de Artur Jorge e comparou o time ao [&hellip;]\" \/>\n<meta property=\"og:url\" content=\"https:\/\/www.gaveanews.com\/index.php\/2024\/11\/28\/jornalista-faz-comparacao-entre-flamengo-de-2019-e-botafogo-de-2024\/\" \/>\n<meta property=\"og:site_name\" content=\"G\u00e1vea News\" \/>\n<meta property=\"article:publisher\" content=\"https:\/\/facebook.com\/gaveaNews\/\" \/>\n<meta property=\"article:published_time\" content=\"2024-11-28T21:00:00+00:00\" \/>\n<meta property=\"article:modified_time\" content=\"2024-11-28T21:39:06+00:00\" \/>\n<meta property=\"og:image\" content=\"https:\/\/www.gaveanews.com\/wp-content\/uploads\/bruno-henrique-flamengo-botafogo.webp\" \/>\n\t<meta property=\"og:image:width\" content=\"900\" \/>\n\t<meta property=\"og:image:height\" content=\"600\" \/>\n\t<meta property=\"og:image:type\" content=\"image\/jpeg\" \/>\n<meta name=\"author\" content=\"Hudson Pereira\" \/>\n<meta name=\"twitter:card\" content=\"summary_large_image\" \/>\n<meta name=\"twitter:label1\" content=\"Escrito por\" \/>\n\t<meta name=\"twitter:data1\" content=\"Hudson Pereira\" \/>\n\t<meta name=\"twitter:label2\" content=\"Est. tempo de leitura\" \/>\n\t<meta name=\"twitter:data2\" content=\"3 minutos\" \/>\n<script type=\"application\/ld+json\" class=\"yoast-schema-graph\">{\"@context\":\"https:\/\/schema.org\",\"@graph\":[{\"@type\":\"NewsArticle\",\"@id\":\"https:\/\/www.gaveanews.com\/index.php\/2024\/11\/28\/jornalista-faz-comparacao-entre-flamengo-de-2019-e-botafogo-de-2024\/#article\",\"isPartOf\":{\"@id\":\"https:\/\/www.gaveanews.com\/index.php\/2024\/11\/28\/jornalista-faz-comparacao-entre-flamengo-de-2019-e-botafogo-de-2024\/\"},\"author\":{\"name\":\"Hudson Pereira\",\"@id\":\"https:\/\/www.gaveanews.com\/#\/schema\/person\/bd08f00534b403119b92741a6d469ef0\"},\"headline\":\"Jornalista faz compara\u00e7\u00e3o entre Flamengo de 2019 e Botafogo de 2024\",\"datePublished\":\"2024-11-28T21:00:00+00:00\",\"dateModified\":\"2024-11-28T21:39:06+00:00\",\"mainEntityOfPage\":{\"@id\":\"https:\/\/www.gaveanews.com\/index.php\/2024\/11\/28\/jornalista-faz-comparacao-entre-flamengo-de-2019-e-botafogo-de-2024\/\"},\"wordCount\":421,\"commentCount\":0,\"image\":{\"@id\":\"https:\/\/www.gaveanews.com\/index.php\/2024\/11\/28\/jornalista-faz-comparacao-entre-flamengo-de-2019-e-botafogo-de-2024\/#primaryimage\"},\"thumbnailUrl\":\"https:\/\/www.gaveanews.com\/wp-content\/uploads\/bruno-henrique-flamengo-botafogo.webp\",\"articleSection\":[\"Botafogo\",\"Flamengo\"],\"inLanguage\":\"pt-BR\",\"potentialAction\":[{\"@type\":\"CommentAction\",\"name\":\"Comment\",\"target\":[\"https:\/\/www.gaveanews.com\/index.php\/2024\/11\/28\/jornalista-faz-comparacao-entre-flamengo-de-2019-e-botafogo-de-2024\/#respond\"]}],\"copyrightYear\":\"2024\",\"copyrightHolder\":{\"@id\":\"https:\/\/www.gaveanews.com\/#organization\"}},{\"@type\":\"WebPage\",\"@id\":\"https:\/\/www.gaveanews.com\/index.php\/2024\/11\/28\/jornalista-faz-comparacao-entre-flamengo-de-2019-e-botafogo-de-2024\/\",\"url\":\"https:\/\/www.gaveanews.com\/index.php\/2024\/11\/28\/jornalista-faz-comparacao-entre-flamengo-de-2019-e-botafogo-de-2024\/\",\"name\":\"Jornalista faz compara\u00e7\u00e3o entre Flamengo de 2019 e Botafogo de 2024\",\"isPartOf\":{\"@id\":\"https:\/\/www.gaveanews.com\/#website\"},\"primaryImageOfPage\":{\"@id\":\"https:\/\/www.gaveanews.com\/index.php\/2024\/11\/28\/jornalista-faz-comparacao-entre-flamengo-de-2019-e-botafogo-de-2024\/#primaryimage\"},\"image\":{\"@id\":\"https:\/\/www.gaveanews.com\/index.php\/2024\/11\/28\/jornalista-faz-comparacao-entre-flamengo-de-2019-e-botafogo-de-2024\/#primaryimage\"},\"thumbnailUrl\":\"https:\/\/www.gaveanews.com\/wp-content\/uploads\/bruno-henrique-flamengo-botafogo.webp\",\"datePublished\":\"2024-11-28T21:00:00+00:00\",\"dateModified\":\"2024-11-28T21:39:06+00:00\",\"author\":{\"@id\":\"https:\/\/www.gaveanews.com\/#\/schema\/person\/bd08f00534b403119b92741a6d469ef0\"},\"breadcrumb\":{\"@id\":\"https:\/\/www.gaveanews.com\/index.php\/2024\/11\/28\/jornalista-faz-comparacao-entre-flamengo-de-2019-e-botafogo-de-2024\/#breadcrumb\"},\"inLanguage\":\"pt-BR\",\"potentialAction\":[{\"@type\":\"ReadAction\",\"target\":[\"https:\/\/www.gaveanews.com\/index.php\/2024\/11\/28\/jornalista-faz-comparacao-entre-flamengo-de-2019-e-botafogo-de-2024\/\"]}]},{\"@type\":\"ImageObject\",\"inLanguage\":\"pt-BR\",\"@id\":\"https:\/\/www.gaveanews.com\/index.php\/2024\/11\/28\/jornalista-faz-comparacao-entre-flamengo-de-2019-e-botafogo-de-2024\/#primaryimage\",\"url\":\"https:\/\/www.gaveanews.com\/wp-content\/uploads\/bruno-henrique-flamengo-botafogo.webp\",\"contentUrl\":\"https:\/\/www.gaveanews.com\/wp-content\/uploads\/bruno-henrique-flamengo-botafogo.webp\",\"width\":900,\"height\":600,\"caption\":\"Bruno Henrique em a\u00e7\u00e3o pelo Flamengo contra o Botafogo (Foto: Marcelo Cortes\/ Flamengo)\"},{\"@type\":\"BreadcrumbList\",\"@id\":\"https:\/\/www.gaveanews.com\/index.php\/2024\/11\/28\/jornalista-faz-comparacao-entre-flamengo-de-2019-e-botafogo-de-2024\/#breadcrumb\",\"itemListElement\":[{\"@type\":\"ListItem\",\"position\":1,\"name\":\"Home\",\"item\":\"https:\/\/www.gaveanews.com\/\"},{\"@type\":\"ListItem\",\"position\":2,\"name\":\"Jornalista faz compara\u00e7\u00e3o entre Flamengo de 2019 e Botafogo de 2024\"}]},{\"@type\":\"WebSite\",\"@id\":\"https:\/\/www.gaveanews.com\/#website\",\"url\":\"https:\/\/www.gaveanews.com\/\",\"name\":\"G\u00e1vea News\",\"description\":\"Veja todas as not\u00edcias sobre o Flamengo: Contrata\u00e7\u00f5es, categorias de base, resultados das partidas, tabela de classifica\u00e7\u00e3o, pr\u00f3ximos jogos!\",\"potentialAction\":[{\"@type\":\"SearchAction\",\"target\":{\"@type\":\"EntryPoint\",\"urlTemplate\":\"https:\/\/www.gaveanews.com\/?s={search_term_string}\"},\"query-input\":{\"@type\":\"PropertyValueSpecification\",\"valueRequired\":true,\"valueName\":\"search_term_string\"}}],\"inLanguage\":\"pt-BR\"},{\"@type\":\"Person\",\"@id\":\"https:\/\/www.gaveanews.com\/#\/schema\/person\/bd08f00534b403119b92741a6d469ef0\",\"name\":\"Hudson Pereira\",\"image\":{\"@type\":\"ImageObject\",\"inLanguage\":\"pt-BR\",\"@id\":\"https:\/\/www.gaveanews.com\/#\/schema\/person\/image\/\",\"url\":\"https:\/\/secure.gravatar.com\/avatar\/ecc491b489e454e510efffc9b23c1052ce5fb4f2e05555768ba65819cd55f03e?s=96&d=mm&r=g\",\"contentUrl\":\"https:\/\/secure.gravatar.com\/avatar\/ecc491b489e454e510efffc9b23c1052ce5fb4f2e05555768ba65819cd55f03e?s=96&d=mm&r=g\",\"caption\":\"Hudson Pereira\"}}]}<\/script>\n<!-- \/ Yoast SEO Premium plugin. -->","yoast_head_json":{"title":"Jornalista faz compara\u00e7\u00e3o entre Flamengo de 2019 e Botafogo de 2024","robots":{"index":"index","follow":"follow","max-snippet":"max-snippet:-1","max-image-preview":"max-image-preview:large","max-video-preview":"max-video-preview:-1"},"canonical":"https:\/\/www.gaveanews.com\/index.php\/2024\/11\/28\/jornalista-faz-comparacao-entre-flamengo-de-2019-e-botafogo-de-2024\/","og_locale":"pt_BR","og_type":"article","og_title":"Jornalista faz compara\u00e7\u00e3o entre Flamengo de 2019 e Botafogo de 2024","og_description":"Na \u00faltima ter\u00e7a-feira (26), o Botafogo venceu o Palmeiras por 3 a 1 no Allianz Parque. O desempenho da equipe levantou debates sobre seu n\u00edvel t\u00e9cnico e poss\u00edveis compara\u00e7\u00f5es com forma\u00e7\u00f5es hist\u00f3ricas do futebol brasileiro. Nesse contexto, o jornalista Renato Maur\u00edcio Prado destacou a qualidade do trabalho de Artur Jorge e comparou o time ao [&hellip;]","og_url":"https:\/\/www.gaveanews.com\/index.php\/2024\/11\/28\/jornalista-faz-comparacao-entre-flamengo-de-2019-e-botafogo-de-2024\/","og_site_name":"G\u00e1vea News","article_publisher":"https:\/\/facebook.com\/gaveaNews\/","article_published_time":"2024-11-28T21:00:00+00:00","article_modified_time":"2024-11-28T21:39:06+00:00","og_image":[{"width":900,"height":600,"url":"https:\/\/www.gaveanews.com\/wp-content\/uploads\/bruno-henrique-flamengo-botafogo.webp","type":"image\/jpeg"}],"author":"Hudson Pereira","twitter_card":"summary_large_image","twitter_misc":{"Escrito por":"Hudson Pereira","Est. tempo de leitura":"3 minutos"},"schema":{"@context":"https:\/\/schema.org","@graph":[{"@type":"NewsArticle","@id":"https:\/\/www.gaveanews.com\/index.php\/2024\/11\/28\/jornalista-faz-comparacao-entre-flamengo-de-2019-e-botafogo-de-2024\/#article","isPartOf":{"@id":"https:\/\/www.gaveanews.com\/index.php\/2024\/11\/28\/jornalista-faz-comparacao-entre-flamengo-de-2019-e-botafogo-de-2024\/"},"author":{"name":"Hudson Pereira","@id":"https:\/\/www.gaveanews.com\/#\/schema\/person\/bd08f00534b403119b92741a6d469ef0"},"headline":"Jornalista faz compara\u00e7\u00e3o entre Flamengo de 2019 e Botafogo de 2024","datePublished":"2024-11-28T21:00:00+00:00","dateModified":"2024-11-28T21:39:06+00:00","mainEntityOfPage":{"@id":"https:\/\/www.gaveanews.com\/index.php\/2024\/11\/28\/jornalista-faz-comparacao-entre-flamengo-de-2019-e-botafogo-de-2024\/"},"wordCount":421,"commentCount":0,"image":{"@id":"https:\/\/www.gaveanews.com\/index.php\/2024\/11\/28\/jornalista-faz-comparacao-entre-flamengo-de-2019-e-botafogo-de-2024\/#primaryimage"},"thumbnailUrl":"https:\/\/www.gaveanews.com\/wp-content\/uploads\/bruno-henrique-flamengo-botafogo.webp","articleSection":["Botafogo","Flamengo"],"inLanguage":"pt-BR","potentialAction":[{"@type":"CommentAction","name":"Comment","target":["https:\/\/www.gaveanews.com\/index.php\/2024\/11\/28\/jornalista-faz-comparacao-entre-flamengo-de-2019-e-botafogo-de-2024\/#respond"]}],"copyrightYear":"2024","copyrightHolder":{"@id":"https:\/\/www.gaveanews.com\/#organization"}},{"@type":"WebPage","@id":"https:\/\/www.gaveanews.com\/index.php\/2024\/11\/28\/jornalista-faz-comparacao-entre-flamengo-de-2019-e-botafogo-de-2024\/","url":"https:\/\/www.gaveanews.com\/index.php\/2024\/11\/28\/jornalista-faz-comparacao-entre-flamengo-de-2019-e-botafogo-de-2024\/","name":"Jornalista faz compara\u00e7\u00e3o entre Flamengo de 2019 e Botafogo de 2024","isPartOf":{"@id":"https:\/\/www.gaveanews.com\/#website"},"primaryImageOfPage":{"@id":"https:\/\/www.gaveanews.com\/index.php\/2024\/11\/28\/jornalista-faz-comparacao-entre-flamengo-de-2019-e-botafogo-de-2024\/#primaryimage"},"image":{"@id":"https:\/\/www.gaveanews.com\/index.php\/2024\/11\/28\/jornalista-faz-comparacao-entre-flamengo-de-2019-e-botafogo-de-2024\/#primaryimage"},"thumbnailUrl":"https:\/\/www.gaveanews.com\/wp-content\/uploads\/bruno-henrique-flamengo-botafogo.webp","datePublished":"2024-11-28T21:00:00+00:00","dateModified":"2024-11-28T21:39:06+00:00","author":{"@id":"https:\/\/www.gaveanews.com\/#\/schema\/person\/bd08f00534b403119b92741a6d469ef0"},"breadcrumb":{"@id":"https:\/\/www.gaveanews.com\/index.php\/2024\/11\/28\/jornalista-faz-comparacao-entre-flamengo-de-2019-e-botafogo-de-2024\/#breadcrumb"},"inLanguage":"pt-BR","potentialAction":[{"@type":"ReadAction","target":["https:\/\/www.gaveanews.com\/index.php\/2024\/11\/28\/jornalista-faz-comparacao-entre-flamengo-de-2019-e-botafogo-de-2024\/"]}]},{"@type":"ImageObject","inLanguage":"pt-BR","@id":"https:\/\/www.gaveanews.com\/index.php\/2024\/11\/28\/jornalista-faz-comparacao-entre-flamengo-de-2019-e-botafogo-de-2024\/#primaryimage","url":"https:\/\/www.gaveanews.com\/wp-content\/uploads\/bruno-henrique-flamengo-botafogo.webp","contentUrl":"https:\/\/www.gaveanews.com\/wp-content\/uploads\/bruno-henrique-flamengo-botafogo.webp","width":900,"height":600,"caption":"Bruno Henrique em a\u00e7\u00e3o pelo Flamengo contra o Botafogo (Foto: Marcelo Cortes\/ Flamengo)"},{"@type":"BreadcrumbList","@id":"https:\/\/www.gaveanews.com\/index.php\/2024\/11\/28\/jornalista-faz-comparacao-entre-flamengo-de-2019-e-botafogo-de-2024\/#breadcrumb","itemListElement":[{"@type":"ListItem","position":1,"name":"Home","item":"https:\/\/www.gaveanews.com\/"},{"@type":"ListItem","position":2,"name":"Jornalista faz compara\u00e7\u00e3o entre Flamengo de 2019 e Botafogo de 2024"}]},{"@type":"WebSite","@id":"https:\/\/www.gaveanews.com\/#website","url":"https:\/\/www.gaveanews.com\/","name":"G\u00e1vea News","description":"Veja todas as not\u00edcias sobre o Flamengo: Contrata\u00e7\u00f5es, categorias de base, resultados das partidas, tabela de classifica\u00e7\u00e3o, pr\u00f3ximos jogos!","potentialAction":[{"@type":"SearchAction","target":{"@type":"EntryPoint","urlTemplate":"https:\/\/www.gaveanews.com\/?s={search_term_string}"},"query-input":{"@type":"PropertyValueSpecification","valueRequired":true,"valueName":"search_term_string"}}],"inLanguage":"pt-BR"},{"@type":"Person","@id":"https:\/\/www.gaveanews.com\/#\/schema\/person\/bd08f00534b403119b92741a6d469ef0","name":"Hudson Pereira","image":{"@type":"ImageObject","inLanguage":"pt-BR","@id":"https:\/\/www.gaveanews.com\/#\/schema\/person\/image\/","url":"https:\/\/secure.gravatar.com\/avatar\/ecc491b489e454e510efffc9b23c1052ce5fb4f2e05555768ba65819cd55f03e?s=96&d=mm&r=g","contentUrl":"https:\/\/secure.gravatar.com\/avatar\/ecc491b489e454e510efffc9b23c1052ce5fb4f2e05555768ba65819cd55f03e?s=96&d=mm&r=g","caption":"Hudson Pereira"}}]}},"_links":{"self":[{"href":"https:\/\/www.gaveanews.com\/index.php\/wp-json\/wp\/v2\/posts\/191826","targetHints":{"allow":["GET"]}}],"collection":[{"href":"https:\/\/www.gaveanews.com\/index.php\/wp-json\/wp\/v2\/posts"}],"about":[{"href":"https:\/\/www.gaveanews.com\/index.php\/wp-json\/wp\/v2\/types\/post"}],"author":[{"embeddable":true,"href":"https:\/\/www.gaveanews.com\/index.php\/wp-json\/wp\/v2\/users\/28"}],"replies":[{"embeddable":true,"href":"https:\/\/www.gaveanews.com\/index.php\/wp-json\/wp\/v2\/comments?post=191826"}],"version-history":[{"count":3,"href":"https:\/\/www.gaveanews.com\/index.php\/wp-json\/wp\/v2\/posts\/191826\/revisions"}],"predecessor-version":[{"id":191988,"href":"https:\/\/www.gaveanews.com\/index.php\/wp-json\/wp\/v2\/posts\/191826\/revisions\/191988"}],"wp:featuredmedia":[{"embeddable":true,"href":"https:\/\/www.gaveanews.com\/index.php\/wp-json\/wp\/v2\/media\/106053"}],"wp:attachment":[{"href":"https:\/\/www.gaveanews.com\/index.php\/wp-json\/wp\/v2\/media?parent=191826"}],"wp:term":[{"taxonomy":"category","embeddable":true,"href":"https:\/\/www.gaveanews.com\/index.php\/wp-json\/wp\/v2\/categories?post=191826"},{"taxonomy":"post_tag","embeddable":true,"href":"https:\/\/www.gaveanews.com\/index.php\/wp-json\/wp\/v2\/tags?post=191826"}],"curies":[{"name":"wp","href":"https:\/\/api.w.org\/{rel}","templated":true}]}}