{"id":191874,"date":"2024-11-28T18:10:00","date_gmt":"2024-11-28T21:10:00","guid":{"rendered":"https:\/\/www.gaveanews.com\/?p=191874"},"modified":"2024-11-28T18:00:26","modified_gmt":"2024-11-28T21:00:26","slug":"renovou-com-40-anos-idolo-do-corinthians-vai-continuar-jogando","status":"publish","type":"post","link":"https:\/\/www.gaveanews.com\/index.php\/2024\/11\/28\/renovou-com-40-anos-idolo-do-corinthians-vai-continuar-jogando\/","title":{"rendered":"Renovou! Com 40 anos, \u00eddolo do Corinthians vai continuar jogando"},"content":{"rendered":"\n<p>O Vila Nova anunciou  renova\u00e7\u00e3o de contrato por mais uma temporada com o volante Ralf, de 40 anos, um dos maiores l\u00edderes do grupo que bateu na trave pelo acesso a S\u00e9rie A do Brasileir\u00e3o.<\/p>\n\n\n\n<ul class=\"wp-block-list\">\n<li><a href=\"https:\/\/www.gaveanews.com\/index.php\/2024\/10\/04\/santos-vai-colocar-grama-sintetica-na-nova-vila-belmiro\/\">Santos vai colocar grama sint\u00e9tica na nova Vila Belmiro?<\/a><\/li>\n\n\n\n<li><a href=\"https:\/\/www.gaveanews.com\/index.php\/2024\/11\/20\/a-reacao-dos-torcedores-do-flamengo-com-o-gol-de-gerson-pela-selecao\/\">A rea\u00e7\u00e3o dos torcedores do Flamengo com o gol de Gerson pela sele\u00e7\u00e3o<\/a><\/li>\n<\/ul>\n\n\n\n<p>Ralf j\u00e1 tem 150 jogos pela equipe e est\u00e1 no clube desde 2022. Na \u00e9poca, o tigre quase foi rebaixado, mas o jogador ajudou o clube a permanecer na s\u00e9rie B. Em 2023 e 2024, foram poucos pontos que fizeram o Vila Nova n\u00e3o subir para a s\u00e9rie A.<\/p>\n\n\n\n<p>Capit\u00e3o e refer\u00eancia aos mais novos, Ralf j\u00e1 se tornou um dos maiores \u00eddolos da hist\u00f3ria do clube de Goi\u00e1s.<\/p>\n\n\n\n<p>Ralf ganhou fama mundial em 2012, quando foi um dos pilares do Corinthians nas conquistas da Libertadores e do Mundial de clubes em cima do Chelsea. <\/p>\n\n\n\n<p>Ele se tornou o 16\u00ba jogador com mais jogos na hist\u00f3ria do Corinthians, foram 340 na primeira passagem entre 2010 e 2015 com 8 gols e mais 80 jogos e 2 gols na segunda passagem entre 2018 e 2020.<\/p>\n\n\n\n<p>Venceu tudo que podia pelo Corinthians:<\/p>\n\n\n\n<ul class=\"wp-block-list\">\n<li>Campeonato Brasileiro:&nbsp;2011&nbsp;e&nbsp;2015<\/li>\n\n\n\n<li>Copa Libertadores da Am\u00e9rica:&nbsp;2012<\/li>\n\n\n\n<li>Mundial de Clubes da FIFA:&nbsp;2012<\/li>\n\n\n\n<li>Recopa Sul-Americana:&nbsp;2013<\/li>\n\n\n\n<li>Campeonato Paulista:&nbsp;2013,&nbsp;2018&nbsp;e&nbsp;2019<\/li>\n<\/ul>\n\n\n\n<p>Saiu do Corinthians ap\u00f3s receber uma oportunidade de jogar no futebol Chin\u00eas, mas, sem sucesso por l\u00e1, retornou ao futebol paulista.<\/p>\n\n\n\n<p>Sua \u00faltima passagem foi recheada de les\u00f5es, ficou pouco tempo e foi vendido ao Ava\u00ed, onde permaneceu por uma temporada. Antes de chegar ao Vila Nova, ainda teve uma curta passagem pelo Cianorte.<\/p>\n\n\n\n<h2 class=\"wp-block-heading\" id=\"h-em-que-posicao-ficou-o-vila-nova-na-serie-b\">Em que posi\u00e7\u00e3o ficou o Vila Nova na S\u00e9rie B?<\/h2>\n\n\n\n<p>O Vila Nova finalizou a s\u00e9rie B em 9\u00ba lugar mas, brigava pela vaga at\u00e9 a 35\u00aa rodada. Os \u00faltimos 5 jogos com 4 derrotas e 1 vit\u00f3ria prejudicaram o sonho da equipe.<\/p>\n\n\n\n<p>Foram 55 pontos conquistados, 9 atr\u00e1s do Cear\u00e1, \u00faltima equipe dentro do G4 do Brasileir\u00e3o e que conseguiu o acesso.<\/p>\n","protected":false},"excerpt":{"rendered":"<p>O Vila Nova anunciou renova\u00e7\u00e3o de contrato por mais uma temporada com o volante Ralf, de 40 anos, um dos maiores l\u00edderes do grupo que bateu na trave pelo acesso a S\u00e9rie A do Brasileir\u00e3o. Ralf j\u00e1 tem 150 jogos pela equipe e est\u00e1 no clube desde 2022. Na \u00e9poca, o tigre quase foi rebaixado, [&hellip;]<\/p>\n","protected":false},"author":19,"featured_media":154473,"comment_status":"open","ping_status":"closed","sticky":false,"template":"","format":"standard","meta":{"footnotes":""},"categories":[141],"tags":[],"class_list":["post-191874","post","type-post","status-publish","format-standard","has-post-thumbnail","hentry","category-corinthians"],"yoast_head":"<!-- This site is optimized with the Yoast SEO Premium plugin v24.2 (Yoast SEO v26.9) - https:\/\/yoast.com\/product\/yoast-seo-premium-wordpress\/ -->\n<title>Renovou! Com 40 anos, \u00eddolo do Corinthians vai continuar jogando<\/title>\n<meta name=\"robots\" content=\"index, follow, max-snippet:-1, max-image-preview:large, max-video-preview:-1\" \/>\n<link rel=\"canonical\" href=\"https:\/\/www.gaveanews.com\/index.php\/2024\/11\/28\/renovou-com-40-anos-idolo-do-corinthians-vai-continuar-jogando\/\" \/>\n<meta property=\"og:locale\" content=\"pt_BR\" \/>\n<meta property=\"og:type\" content=\"article\" \/>\n<meta property=\"og:title\" content=\"Renovou! Com 40 anos, \u00eddolo do Corinthians vai continuar jogando\" \/>\n<meta property=\"og:description\" content=\"O Vila Nova anunciou renova\u00e7\u00e3o de contrato por mais uma temporada com o volante Ralf, de 40 anos, um dos maiores l\u00edderes do grupo que bateu na trave pelo acesso a S\u00e9rie A do Brasileir\u00e3o. Ralf j\u00e1 tem 150 jogos pela equipe e est\u00e1 no clube desde 2022. Na \u00e9poca, o tigre quase foi rebaixado, [&hellip;]\" \/>\n<meta property=\"og:url\" content=\"https:\/\/www.gaveanews.com\/index.php\/2024\/11\/28\/renovou-com-40-anos-idolo-do-corinthians-vai-continuar-jogando\/\" \/>\n<meta property=\"og:site_name\" content=\"G\u00e1vea News\" \/>\n<meta property=\"article:publisher\" content=\"https:\/\/facebook.com\/gaveaNews\/\" \/>\n<meta property=\"article:published_time\" content=\"2024-11-28T21:10:00+00:00\" \/>\n<meta property=\"og:image\" content=\"https:\/\/www.gaveanews.com\/wp-content\/uploads\/Escudo-do-Corinthians-na-Neo-Quimica-Arena.webp\" \/>\n\t<meta property=\"og:image:width\" content=\"1440\" \/>\n\t<meta property=\"og:image:height\" content=\"959\" \/>\n\t<meta property=\"og:image:type\" content=\"image\/jpeg\" \/>\n<meta name=\"author\" content=\"Bruno Zanchetta\" \/>\n<meta name=\"twitter:card\" content=\"summary_large_image\" \/>\n<meta name=\"twitter:label1\" content=\"Escrito por\" \/>\n\t<meta name=\"twitter:data1\" content=\"Bruno Zanchetta\" \/>\n\t<meta name=\"twitter:label2\" content=\"Est. tempo de leitura\" \/>\n\t<meta name=\"twitter:data2\" content=\"3 minutos\" \/>\n<script type=\"application\/ld+json\" class=\"yoast-schema-graph\">{\"@context\":\"https:\/\/schema.org\",\"@graph\":[{\"@type\":\"NewsArticle\",\"@id\":\"https:\/\/www.gaveanews.com\/index.php\/2024\/11\/28\/renovou-com-40-anos-idolo-do-corinthians-vai-continuar-jogando\/#article\",\"isPartOf\":{\"@id\":\"https:\/\/www.gaveanews.com\/index.php\/2024\/11\/28\/renovou-com-40-anos-idolo-do-corinthians-vai-continuar-jogando\/\"},\"author\":{\"name\":\"Bruno Zanchetta\",\"@id\":\"https:\/\/www.gaveanews.com\/#\/schema\/person\/32fddefab25b466689f181be346cd98c\"},\"headline\":\"Renovou! Com 40 anos, \u00eddolo do Corinthians vai continuar jogando\",\"datePublished\":\"2024-11-28T21:10:00+00:00\",\"mainEntityOfPage\":{\"@id\":\"https:\/\/www.gaveanews.com\/index.php\/2024\/11\/28\/renovou-com-40-anos-idolo-do-corinthians-vai-continuar-jogando\/\"},\"wordCount\":353,\"commentCount\":0,\"image\":{\"@id\":\"https:\/\/www.gaveanews.com\/index.php\/2024\/11\/28\/renovou-com-40-anos-idolo-do-corinthians-vai-continuar-jogando\/#primaryimage\"},\"thumbnailUrl\":\"https:\/\/www.gaveanews.com\/wp-content\/uploads\/Escudo-do-Corinthians-na-Neo-Quimica-Arena.webp\",\"articleSection\":[\"Corinthians\"],\"inLanguage\":\"pt-BR\",\"potentialAction\":[{\"@type\":\"CommentAction\",\"name\":\"Comment\",\"target\":[\"https:\/\/www.gaveanews.com\/index.php\/2024\/11\/28\/renovou-com-40-anos-idolo-do-corinthians-vai-continuar-jogando\/#respond\"]}],\"copyrightYear\":\"2024\",\"copyrightHolder\":{\"@id\":\"https:\/\/www.gaveanews.com\/#organization\"}},{\"@type\":\"WebPage\",\"@id\":\"https:\/\/www.gaveanews.com\/index.php\/2024\/11\/28\/renovou-com-40-anos-idolo-do-corinthians-vai-continuar-jogando\/\",\"url\":\"https:\/\/www.gaveanews.com\/index.php\/2024\/11\/28\/renovou-com-40-anos-idolo-do-corinthians-vai-continuar-jogando\/\",\"name\":\"Renovou! Com 40 anos, \u00eddolo do Corinthians vai continuar jogando\",\"isPartOf\":{\"@id\":\"https:\/\/www.gaveanews.com\/#website\"},\"primaryImageOfPage\":{\"@id\":\"https:\/\/www.gaveanews.com\/index.php\/2024\/11\/28\/renovou-com-40-anos-idolo-do-corinthians-vai-continuar-jogando\/#primaryimage\"},\"image\":{\"@id\":\"https:\/\/www.gaveanews.com\/index.php\/2024\/11\/28\/renovou-com-40-anos-idolo-do-corinthians-vai-continuar-jogando\/#primaryimage\"},\"thumbnailUrl\":\"https:\/\/www.gaveanews.com\/wp-content\/uploads\/Escudo-do-Corinthians-na-Neo-Quimica-Arena.webp\",\"datePublished\":\"2024-11-28T21:10:00+00:00\",\"author\":{\"@id\":\"https:\/\/www.gaveanews.com\/#\/schema\/person\/32fddefab25b466689f181be346cd98c\"},\"breadcrumb\":{\"@id\":\"https:\/\/www.gaveanews.com\/index.php\/2024\/11\/28\/renovou-com-40-anos-idolo-do-corinthians-vai-continuar-jogando\/#breadcrumb\"},\"inLanguage\":\"pt-BR\",\"potentialAction\":[{\"@type\":\"ReadAction\",\"target\":[\"https:\/\/www.gaveanews.com\/index.php\/2024\/11\/28\/renovou-com-40-anos-idolo-do-corinthians-vai-continuar-jogando\/\"]}]},{\"@type\":\"ImageObject\",\"inLanguage\":\"pt-BR\",\"@id\":\"https:\/\/www.gaveanews.com\/index.php\/2024\/11\/28\/renovou-com-40-anos-idolo-do-corinthians-vai-continuar-jogando\/#primaryimage\",\"url\":\"https:\/\/www.gaveanews.com\/wp-content\/uploads\/Escudo-do-Corinthians-na-Neo-Quimica-Arena.webp\",\"contentUrl\":\"https:\/\/www.gaveanews.com\/wp-content\/uploads\/Escudo-do-Corinthians-na-Neo-Quimica-Arena.webp\",\"width\":1440,\"height\":959,\"caption\":\"Escudo do Corinthians na N\u00e9o Qu\u00edmica Arena (Foto Reprodu\u00e7\u00e3o\/Instagram)\"},{\"@type\":\"BreadcrumbList\",\"@id\":\"https:\/\/www.gaveanews.com\/index.php\/2024\/11\/28\/renovou-com-40-anos-idolo-do-corinthians-vai-continuar-jogando\/#breadcrumb\",\"itemListElement\":[{\"@type\":\"ListItem\",\"position\":1,\"name\":\"Home\",\"item\":\"https:\/\/www.gaveanews.com\/\"},{\"@type\":\"ListItem\",\"position\":2,\"name\":\"Renovou! Com 40 anos, \u00eddolo do Corinthians vai continuar jogando\"}]},{\"@type\":\"WebSite\",\"@id\":\"https:\/\/www.gaveanews.com\/#website\",\"url\":\"https:\/\/www.gaveanews.com\/\",\"name\":\"G\u00e1vea News\",\"description\":\"Veja todas as not\u00edcias sobre o Flamengo: Contrata\u00e7\u00f5es, categorias de base, resultados das partidas, tabela de classifica\u00e7\u00e3o, pr\u00f3ximos jogos!\",\"potentialAction\":[{\"@type\":\"SearchAction\",\"target\":{\"@type\":\"EntryPoint\",\"urlTemplate\":\"https:\/\/www.gaveanews.com\/?s={search_term_string}\"},\"query-input\":{\"@type\":\"PropertyValueSpecification\",\"valueRequired\":true,\"valueName\":\"search_term_string\"}}],\"inLanguage\":\"pt-BR\"},{\"@type\":\"Person\",\"@id\":\"https:\/\/www.gaveanews.com\/#\/schema\/person\/32fddefab25b466689f181be346cd98c\",\"name\":\"Bruno Zanchetta\",\"image\":{\"@type\":\"ImageObject\",\"inLanguage\":\"pt-BR\",\"@id\":\"https:\/\/www.gaveanews.com\/#\/schema\/person\/image\/\",\"url\":\"https:\/\/secure.gravatar.com\/avatar\/3ba2d39f8a912ad65276975a996d6ad8d9e3dd13448684be8dc4d7c17099d2ee?s=96&d=mm&r=g\",\"contentUrl\":\"https:\/\/secure.gravatar.com\/avatar\/3ba2d39f8a912ad65276975a996d6ad8d9e3dd13448684be8dc4d7c17099d2ee?s=96&d=mm&r=g\",\"caption\":\"Bruno Zanchetta\"}}]}<\/script>\n<!-- \/ Yoast SEO Premium plugin. -->","yoast_head_json":{"title":"Renovou! Com 40 anos, \u00eddolo do Corinthians vai continuar jogando","robots":{"index":"index","follow":"follow","max-snippet":"max-snippet:-1","max-image-preview":"max-image-preview:large","max-video-preview":"max-video-preview:-1"},"canonical":"https:\/\/www.gaveanews.com\/index.php\/2024\/11\/28\/renovou-com-40-anos-idolo-do-corinthians-vai-continuar-jogando\/","og_locale":"pt_BR","og_type":"article","og_title":"Renovou! Com 40 anos, \u00eddolo do Corinthians vai continuar jogando","og_description":"O Vila Nova anunciou renova\u00e7\u00e3o de contrato por mais uma temporada com o volante Ralf, de 40 anos, um dos maiores l\u00edderes do grupo que bateu na trave pelo acesso a S\u00e9rie A do Brasileir\u00e3o. Ralf j\u00e1 tem 150 jogos pela equipe e est\u00e1 no clube desde 2022. Na \u00e9poca, o tigre quase foi rebaixado, [&hellip;]","og_url":"https:\/\/www.gaveanews.com\/index.php\/2024\/11\/28\/renovou-com-40-anos-idolo-do-corinthians-vai-continuar-jogando\/","og_site_name":"G\u00e1vea News","article_publisher":"https:\/\/facebook.com\/gaveaNews\/","article_published_time":"2024-11-28T21:10:00+00:00","og_image":[{"width":1440,"height":959,"url":"https:\/\/www.gaveanews.com\/wp-content\/uploads\/Escudo-do-Corinthians-na-Neo-Quimica-Arena.webp","type":"image\/jpeg"}],"author":"Bruno Zanchetta","twitter_card":"summary_large_image","twitter_misc":{"Escrito por":"Bruno Zanchetta","Est. tempo de leitura":"3 minutos"},"schema":{"@context":"https:\/\/schema.org","@graph":[{"@type":"NewsArticle","@id":"https:\/\/www.gaveanews.com\/index.php\/2024\/11\/28\/renovou-com-40-anos-idolo-do-corinthians-vai-continuar-jogando\/#article","isPartOf":{"@id":"https:\/\/www.gaveanews.com\/index.php\/2024\/11\/28\/renovou-com-40-anos-idolo-do-corinthians-vai-continuar-jogando\/"},"author":{"name":"Bruno Zanchetta","@id":"https:\/\/www.gaveanews.com\/#\/schema\/person\/32fddefab25b466689f181be346cd98c"},"headline":"Renovou! Com 40 anos, \u00eddolo do Corinthians vai continuar jogando","datePublished":"2024-11-28T21:10:00+00:00","mainEntityOfPage":{"@id":"https:\/\/www.gaveanews.com\/index.php\/2024\/11\/28\/renovou-com-40-anos-idolo-do-corinthians-vai-continuar-jogando\/"},"wordCount":353,"commentCount":0,"image":{"@id":"https:\/\/www.gaveanews.com\/index.php\/2024\/11\/28\/renovou-com-40-anos-idolo-do-corinthians-vai-continuar-jogando\/#primaryimage"},"thumbnailUrl":"https:\/\/www.gaveanews.com\/wp-content\/uploads\/Escudo-do-Corinthians-na-Neo-Quimica-Arena.webp","articleSection":["Corinthians"],"inLanguage":"pt-BR","potentialAction":[{"@type":"CommentAction","name":"Comment","target":["https:\/\/www.gaveanews.com\/index.php\/2024\/11\/28\/renovou-com-40-anos-idolo-do-corinthians-vai-continuar-jogando\/#respond"]}],"copyrightYear":"2024","copyrightHolder":{"@id":"https:\/\/www.gaveanews.com\/#organization"}},{"@type":"WebPage","@id":"https:\/\/www.gaveanews.com\/index.php\/2024\/11\/28\/renovou-com-40-anos-idolo-do-corinthians-vai-continuar-jogando\/","url":"https:\/\/www.gaveanews.com\/index.php\/2024\/11\/28\/renovou-com-40-anos-idolo-do-corinthians-vai-continuar-jogando\/","name":"Renovou! Com 40 anos, \u00eddolo do Corinthians vai continuar jogando","isPartOf":{"@id":"https:\/\/www.gaveanews.com\/#website"},"primaryImageOfPage":{"@id":"https:\/\/www.gaveanews.com\/index.php\/2024\/11\/28\/renovou-com-40-anos-idolo-do-corinthians-vai-continuar-jogando\/#primaryimage"},"image":{"@id":"https:\/\/www.gaveanews.com\/index.php\/2024\/11\/28\/renovou-com-40-anos-idolo-do-corinthians-vai-continuar-jogando\/#primaryimage"},"thumbnailUrl":"https:\/\/www.gaveanews.com\/wp-content\/uploads\/Escudo-do-Corinthians-na-Neo-Quimica-Arena.webp","datePublished":"2024-11-28T21:10:00+00:00","author":{"@id":"https:\/\/www.gaveanews.com\/#\/schema\/person\/32fddefab25b466689f181be346cd98c"},"breadcrumb":{"@id":"https:\/\/www.gaveanews.com\/index.php\/2024\/11\/28\/renovou-com-40-anos-idolo-do-corinthians-vai-continuar-jogando\/#breadcrumb"},"inLanguage":"pt-BR","potentialAction":[{"@type":"ReadAction","target":["https:\/\/www.gaveanews.com\/index.php\/2024\/11\/28\/renovou-com-40-anos-idolo-do-corinthians-vai-continuar-jogando\/"]}]},{"@type":"ImageObject","inLanguage":"pt-BR","@id":"https:\/\/www.gaveanews.com\/index.php\/2024\/11\/28\/renovou-com-40-anos-idolo-do-corinthians-vai-continuar-jogando\/#primaryimage","url":"https:\/\/www.gaveanews.com\/wp-content\/uploads\/Escudo-do-Corinthians-na-Neo-Quimica-Arena.webp","contentUrl":"https:\/\/www.gaveanews.com\/wp-content\/uploads\/Escudo-do-Corinthians-na-Neo-Quimica-Arena.webp","width":1440,"height":959,"caption":"Escudo do Corinthians na N\u00e9o Qu\u00edmica Arena (Foto Reprodu\u00e7\u00e3o\/Instagram)"},{"@type":"BreadcrumbList","@id":"https:\/\/www.gaveanews.com\/index.php\/2024\/11\/28\/renovou-com-40-anos-idolo-do-corinthians-vai-continuar-jogando\/#breadcrumb","itemListElement":[{"@type":"ListItem","position":1,"name":"Home","item":"https:\/\/www.gaveanews.com\/"},{"@type":"ListItem","position":2,"name":"Renovou! Com 40 anos, \u00eddolo do Corinthians vai continuar jogando"}]},{"@type":"WebSite","@id":"https:\/\/www.gaveanews.com\/#website","url":"https:\/\/www.gaveanews.com\/","name":"G\u00e1vea News","description":"Veja todas as not\u00edcias sobre o Flamengo: Contrata\u00e7\u00f5es, categorias de base, resultados das partidas, tabela de classifica\u00e7\u00e3o, pr\u00f3ximos jogos!","potentialAction":[{"@type":"SearchAction","target":{"@type":"EntryPoint","urlTemplate":"https:\/\/www.gaveanews.com\/?s={search_term_string}"},"query-input":{"@type":"PropertyValueSpecification","valueRequired":true,"valueName":"search_term_string"}}],"inLanguage":"pt-BR"},{"@type":"Person","@id":"https:\/\/www.gaveanews.com\/#\/schema\/person\/32fddefab25b466689f181be346cd98c","name":"Bruno Zanchetta","image":{"@type":"ImageObject","inLanguage":"pt-BR","@id":"https:\/\/www.gaveanews.com\/#\/schema\/person\/image\/","url":"https:\/\/secure.gravatar.com\/avatar\/3ba2d39f8a912ad65276975a996d6ad8d9e3dd13448684be8dc4d7c17099d2ee?s=96&d=mm&r=g","contentUrl":"https:\/\/secure.gravatar.com\/avatar\/3ba2d39f8a912ad65276975a996d6ad8d9e3dd13448684be8dc4d7c17099d2ee?s=96&d=mm&r=g","caption":"Bruno Zanchetta"}}]}},"_links":{"self":[{"href":"https:\/\/www.gaveanews.com\/index.php\/wp-json\/wp\/v2\/posts\/191874","targetHints":{"allow":["GET"]}}],"collection":[{"href":"https:\/\/www.gaveanews.com\/index.php\/wp-json\/wp\/v2\/posts"}],"about":[{"href":"https:\/\/www.gaveanews.com\/index.php\/wp-json\/wp\/v2\/types\/post"}],"author":[{"embeddable":true,"href":"https:\/\/www.gaveanews.com\/index.php\/wp-json\/wp\/v2\/users\/19"}],"replies":[{"embeddable":true,"href":"https:\/\/www.gaveanews.com\/index.php\/wp-json\/wp\/v2\/comments?post=191874"}],"version-history":[{"count":2,"href":"https:\/\/www.gaveanews.com\/index.php\/wp-json\/wp\/v2\/posts\/191874\/revisions"}],"predecessor-version":[{"id":191974,"href":"https:\/\/www.gaveanews.com\/index.php\/wp-json\/wp\/v2\/posts\/191874\/revisions\/191974"}],"wp:featuredmedia":[{"embeddable":true,"href":"https:\/\/www.gaveanews.com\/index.php\/wp-json\/wp\/v2\/media\/154473"}],"wp:attachment":[{"href":"https:\/\/www.gaveanews.com\/index.php\/wp-json\/wp\/v2\/media?parent=191874"}],"wp:term":[{"taxonomy":"category","embeddable":true,"href":"https:\/\/www.gaveanews.com\/index.php\/wp-json\/wp\/v2\/categories?post=191874"},{"taxonomy":"post_tag","embeddable":true,"href":"https:\/\/www.gaveanews.com\/index.php\/wp-json\/wp\/v2\/tags?post=191874"}],"curies":[{"name":"wp","href":"https:\/\/api.w.org\/{rel}","templated":true}]}}