{"id":191892,"date":"2024-11-28T17:20:00","date_gmt":"2024-11-28T20:20:00","guid":{"rendered":"https:\/\/www.gaveanews.com\/?p=191892"},"modified":"2024-11-28T16:28:14","modified_gmt":"2024-11-28T19:28:14","slug":"deu-ruim-desfalque-do-botafogo-para-a-final-da-libertadores-e-confirmado","status":"publish","type":"post","link":"https:\/\/www.gaveanews.com\/index.php\/2024\/11\/28\/deu-ruim-desfalque-do-botafogo-para-a-final-da-libertadores-e-confirmado\/","title":{"rendered":"Deu ruim! Desfalque do Botafogo para a final da Libertadores \u00e9 confirmado"},"content":{"rendered":"\n<p>O Botafogo enfrenta um grande desafio antes mesmo de entrar em campo na final da Libertadores. A confirma\u00e7\u00e3o da les\u00e3o de gravidade m\u00e9dia no zagueiro Bastos preocupa a torcida e o t\u00e9cnico Artur Jorge.&nbsp;<\/p>\n\n\n\n<ul class=\"wp-block-list\">\n<li><a href=\"https:\/\/www.gaveanews.com\/index.php\/2024\/11\/27\/galvao-bueno-faz-alerta-ao-time-do-botafogo\/\">Galv\u00e3o Bueno faz alerta ao time do Botafogo<\/a><\/li>\n\n\n\n<li><a href=\"https:\/\/www.gaveanews.com\/index.php\/2024\/11\/28\/casagrande-aponta-os-melhores-jogadores-do-botafogo-na-temporada\/\">Casagrande aponta os melhores jogadores do Botafogo na temporada<\/a><\/li>\n<\/ul>\n\n\n\n<h2 class=\"wp-block-heading\" id=\"h-lesao-em-momento-importante\">Les\u00e3o em momento importante<\/h2>\n\n\n\n<p>Na \u00faltima quarta-feira (27\/11), exames realizados em S\u00e3o Paulo apontaram uma les\u00e3o de gravidade m\u00e9dia no m\u00fasculo posterior da coxa esquerda de Bastos.&nbsp;<\/p>\n\n\n\n<p>Segundo o <em>GE<\/em>, o zagueiro angolano dificilmente estar\u00e1 dispon\u00edvel para a grande decis\u00e3o contra o Atl\u00e9tico-MG, marcada para este s\u00e1bado em Buenos Aires.<\/p>\n\n\n\n<p>O jogador se machucou logo no in\u00edcio da partida contra o Palmeiras, no Allianz Parque. Conforme apura\u00e7\u00e3o da <em>ESPN<\/em>, Bastos j\u00e1 vinha lidando com dores na regi\u00e3o em jogos anteriores. Dessa maneira, o problema se agravou, comprometendo sua participa\u00e7\u00e3o no momento mais importante da temporada.<\/p>\n\n\n\n<h2 class=\"wp-block-heading\" id=\"h-como-fica-a-defesa-do-botafogo-sem-bastos\">Como fica a defesa do Botafogo sem Bastos?<\/h2>\n\n\n\n<p>Com a prov\u00e1vel aus\u00eancia do angolano, o t\u00e9cnico Artur Jorge precisar\u00e1 ajustar a zaga. Adryelson deve ser escalado ao lado de Alexander Barboza para formar a dupla titular. Al\u00e9m disso, Lucas Halter e Pablo surgem como op\u00e7\u00f5es no banco, caso sejam necess\u00e1rios durante a decis\u00e3o.<\/p>\n\n\n\n<figure class=\"wp-block-image size-full\"><img loading=\"lazy\" decoding=\"async\" width=\"667\" height=\"592\" src=\"https:\/\/www.gaveanews.com\/wp-content\/uploads\/Bastos-em-acao-pelo-Botafogo.webp\" alt=\"\" class=\"wp-image-170336\" srcset=\"https:\/\/www.gaveanews.com\/wp-content\/uploads\/Bastos-em-acao-pelo-Botafogo.webp 667w, https:\/\/www.gaveanews.com\/wp-content\/uploads\/Bastos-em-acao-pelo-Botafogo-300x266.webp 300w, https:\/\/www.gaveanews.com\/wp-content\/uploads\/Bastos-em-acao-pelo-Botafogo-473x420.webp 473w, https:\/\/www.gaveanews.com\/wp-content\/uploads\/Bastos-em-acao-pelo-Botafogo-640x568.webp 640w, https:\/\/www.gaveanews.com\/wp-content\/uploads\/Bastos-em-acao-pelo-Botafogo-100x89.webp 100w\" sizes=\"auto, (max-width: 667px) 100vw, 667px\" \/><figcaption class=\"wp-element-caption\">Bastos em a\u00e7\u00e3o pelo Botafogo (Foto: Vitor Silva\/Botafogo)<\/figcaption><\/figure>\n\n\n\n<p>Vale destacar que a experi\u00eancia de Bastos seria fundamental para lidar com a press\u00e3o de uma final continental. Sendo assim, a aus\u00eancia do defensor representa n\u00e3o apenas uma baixa t\u00e9cnica, mas tamb\u00e9m emocional para o elenco.<\/p>\n\n\n\n<h2 class=\"wp-block-heading\" id=\"h-o-impacto-da-ausencia-de-bastos-na-decisao\">O impacto da aus\u00eancia de Bastos na decis\u00e3o<\/h2>\n\n\n\n<p>Por que a aus\u00eancia de Bastos preocupa tanto? Ele \u00e9 um dos pilares defensivos do Botafogo, conhecido por sua lideran\u00e7a em campo. Isso porque, mesmo com eventuais dores, ele vinha sendo crucial nos jogos decisivos.<\/p>\n\n\n\n<p>Portanto, o Botafogo precisar\u00e1 superar esse obst\u00e1culo e contar com um desempenho impec\u00e1vel de sua defesa. Por isso, ajustes t\u00e1ticos e concentra\u00e7\u00e3o total ser\u00e3o essenciais para encarar o Atl\u00e9tico-MG e buscar o t\u00edtulo in\u00e9dito da Libertadores.<\/p>\n\n\n\n<p>Com isso, resta \u00e0 torcida alvinegra apoiar intensamente o time e confiar na supera\u00e7\u00e3o em mais esse desafio. Ser\u00e1 que a estrela solit\u00e1ria vai brilhar na grande final?<\/p>\n","protected":false},"excerpt":{"rendered":"<p>O Botafogo enfrenta um grande desafio antes mesmo de entrar em campo na final da Libertadores. A confirma\u00e7\u00e3o da les\u00e3o de gravidade m\u00e9dia no zagueiro Bastos preocupa a torcida e o t\u00e9cnico Artur Jorge.&nbsp; Les\u00e3o em momento importante Na \u00faltima quarta-feira (27\/11), exames realizados em S\u00e3o Paulo apontaram uma les\u00e3o de gravidade m\u00e9dia no m\u00fasculo [&hellip;]<\/p>\n","protected":false},"author":24,"featured_media":182060,"comment_status":"open","ping_status":"closed","sticky":false,"template":"","format":"standard","meta":{"footnotes":""},"categories":[138],"tags":[],"class_list":["post-191892","post","type-post","status-publish","format-standard","has-post-thumbnail","hentry","category-botafogo"],"yoast_head":"<!-- This site is optimized with the Yoast SEO Premium plugin v24.2 (Yoast SEO v26.9) - https:\/\/yoast.com\/product\/yoast-seo-premium-wordpress\/ -->\n<title>Deu ruim! Desfalque do Botafogo para a final da Libertadores \u00e9 confirmado<\/title>\n<meta name=\"robots\" content=\"index, follow, max-snippet:-1, max-image-preview:large, max-video-preview:-1\" \/>\n<link rel=\"canonical\" href=\"https:\/\/www.gaveanews.com\/index.php\/2024\/11\/28\/deu-ruim-desfalque-do-botafogo-para-a-final-da-libertadores-e-confirmado\/\" \/>\n<meta property=\"og:locale\" content=\"pt_BR\" \/>\n<meta property=\"og:type\" content=\"article\" \/>\n<meta property=\"og:title\" content=\"Deu ruim! Desfalque do Botafogo para a final da Libertadores \u00e9 confirmado\" \/>\n<meta property=\"og:description\" content=\"O Botafogo enfrenta um grande desafio antes mesmo de entrar em campo na final da Libertadores. A confirma\u00e7\u00e3o da les\u00e3o de gravidade m\u00e9dia no zagueiro Bastos preocupa a torcida e o t\u00e9cnico Artur Jorge.&nbsp; Les\u00e3o em momento importante Na \u00faltima quarta-feira (27\/11), exames realizados em S\u00e3o Paulo apontaram uma les\u00e3o de gravidade m\u00e9dia no m\u00fasculo [&hellip;]\" \/>\n<meta property=\"og:url\" content=\"https:\/\/www.gaveanews.com\/index.php\/2024\/11\/28\/deu-ruim-desfalque-do-botafogo-para-a-final-da-libertadores-e-confirmado\/\" \/>\n<meta property=\"og:site_name\" content=\"G\u00e1vea News\" \/>\n<meta property=\"article:publisher\" content=\"https:\/\/facebook.com\/gaveaNews\/\" \/>\n<meta property=\"article:published_time\" content=\"2024-11-28T20:20:00+00:00\" \/>\n<meta property=\"og:image\" content=\"https:\/\/www.gaveanews.com\/wp-content\/uploads\/Escudo-do-Botafogo-1.webp\" \/>\n\t<meta property=\"og:image:width\" content=\"787\" \/>\n\t<meta property=\"og:image:height\" content=\"525\" \/>\n\t<meta property=\"og:image:type\" content=\"image\/webp\" \/>\n<meta name=\"author\" content=\"Leandro Cardoso\" \/>\n<meta name=\"twitter:card\" content=\"summary_large_image\" \/>\n<meta name=\"twitter:label1\" content=\"Escrito por\" \/>\n\t<meta name=\"twitter:data1\" content=\"Leandro Cardoso\" \/>\n\t<meta name=\"twitter:label2\" content=\"Est. tempo de leitura\" \/>\n\t<meta name=\"twitter:data2\" content=\"3 minutos\" \/>\n<script type=\"application\/ld+json\" class=\"yoast-schema-graph\">{\"@context\":\"https:\/\/schema.org\",\"@graph\":[{\"@type\":\"NewsArticle\",\"@id\":\"https:\/\/www.gaveanews.com\/index.php\/2024\/11\/28\/deu-ruim-desfalque-do-botafogo-para-a-final-da-libertadores-e-confirmado\/#article\",\"isPartOf\":{\"@id\":\"https:\/\/www.gaveanews.com\/index.php\/2024\/11\/28\/deu-ruim-desfalque-do-botafogo-para-a-final-da-libertadores-e-confirmado\/\"},\"author\":{\"name\":\"Leandro Cardoso\",\"@id\":\"https:\/\/www.gaveanews.com\/#\/schema\/person\/2424ec6409bc3f068411fc5e4e9b6168\"},\"headline\":\"Deu ruim! Desfalque do Botafogo para a final da Libertadores \u00e9 confirmado\",\"datePublished\":\"2024-11-28T20:20:00+00:00\",\"mainEntityOfPage\":{\"@id\":\"https:\/\/www.gaveanews.com\/index.php\/2024\/11\/28\/deu-ruim-desfalque-do-botafogo-para-a-final-da-libertadores-e-confirmado\/\"},\"wordCount\":407,\"commentCount\":0,\"image\":{\"@id\":\"https:\/\/www.gaveanews.com\/index.php\/2024\/11\/28\/deu-ruim-desfalque-do-botafogo-para-a-final-da-libertadores-e-confirmado\/#primaryimage\"},\"thumbnailUrl\":\"https:\/\/www.gaveanews.com\/wp-content\/uploads\/Escudo-do-Botafogo-1.webp\",\"articleSection\":[\"Botafogo\"],\"inLanguage\":\"pt-BR\",\"potentialAction\":[{\"@type\":\"CommentAction\",\"name\":\"Comment\",\"target\":[\"https:\/\/www.gaveanews.com\/index.php\/2024\/11\/28\/deu-ruim-desfalque-do-botafogo-para-a-final-da-libertadores-e-confirmado\/#respond\"]}],\"copyrightYear\":\"2024\",\"copyrightHolder\":{\"@id\":\"https:\/\/www.gaveanews.com\/#organization\"}},{\"@type\":\"WebPage\",\"@id\":\"https:\/\/www.gaveanews.com\/index.php\/2024\/11\/28\/deu-ruim-desfalque-do-botafogo-para-a-final-da-libertadores-e-confirmado\/\",\"url\":\"https:\/\/www.gaveanews.com\/index.php\/2024\/11\/28\/deu-ruim-desfalque-do-botafogo-para-a-final-da-libertadores-e-confirmado\/\",\"name\":\"Deu ruim! Desfalque do Botafogo para a final da Libertadores \u00e9 confirmado\",\"isPartOf\":{\"@id\":\"https:\/\/www.gaveanews.com\/#website\"},\"primaryImageOfPage\":{\"@id\":\"https:\/\/www.gaveanews.com\/index.php\/2024\/11\/28\/deu-ruim-desfalque-do-botafogo-para-a-final-da-libertadores-e-confirmado\/#primaryimage\"},\"image\":{\"@id\":\"https:\/\/www.gaveanews.com\/index.php\/2024\/11\/28\/deu-ruim-desfalque-do-botafogo-para-a-final-da-libertadores-e-confirmado\/#primaryimage\"},\"thumbnailUrl\":\"https:\/\/www.gaveanews.com\/wp-content\/uploads\/Escudo-do-Botafogo-1.webp\",\"datePublished\":\"2024-11-28T20:20:00+00:00\",\"author\":{\"@id\":\"https:\/\/www.gaveanews.com\/#\/schema\/person\/2424ec6409bc3f068411fc5e4e9b6168\"},\"breadcrumb\":{\"@id\":\"https:\/\/www.gaveanews.com\/index.php\/2024\/11\/28\/deu-ruim-desfalque-do-botafogo-para-a-final-da-libertadores-e-confirmado\/#breadcrumb\"},\"inLanguage\":\"pt-BR\",\"potentialAction\":[{\"@type\":\"ReadAction\",\"target\":[\"https:\/\/www.gaveanews.com\/index.php\/2024\/11\/28\/deu-ruim-desfalque-do-botafogo-para-a-final-da-libertadores-e-confirmado\/\"]}]},{\"@type\":\"ImageObject\",\"inLanguage\":\"pt-BR\",\"@id\":\"https:\/\/www.gaveanews.com\/index.php\/2024\/11\/28\/deu-ruim-desfalque-do-botafogo-para-a-final-da-libertadores-e-confirmado\/#primaryimage\",\"url\":\"https:\/\/www.gaveanews.com\/wp-content\/uploads\/Escudo-do-Botafogo-1.webp\",\"contentUrl\":\"https:\/\/www.gaveanews.com\/wp-content\/uploads\/Escudo-do-Botafogo-1.webp\",\"width\":787,\"height\":525,\"caption\":\"Escudo do Botafogo (Foto: Reprodu\u00e7\u00e3o\/Botafogo)\"},{\"@type\":\"BreadcrumbList\",\"@id\":\"https:\/\/www.gaveanews.com\/index.php\/2024\/11\/28\/deu-ruim-desfalque-do-botafogo-para-a-final-da-libertadores-e-confirmado\/#breadcrumb\",\"itemListElement\":[{\"@type\":\"ListItem\",\"position\":1,\"name\":\"Home\",\"item\":\"https:\/\/www.gaveanews.com\/\"},{\"@type\":\"ListItem\",\"position\":2,\"name\":\"Deu ruim! Desfalque do Botafogo para a final da Libertadores \u00e9 confirmado\"}]},{\"@type\":\"WebSite\",\"@id\":\"https:\/\/www.gaveanews.com\/#website\",\"url\":\"https:\/\/www.gaveanews.com\/\",\"name\":\"G\u00e1vea News\",\"description\":\"Veja todas as not\u00edcias sobre o Flamengo: Contrata\u00e7\u00f5es, categorias de base, resultados das partidas, tabela de classifica\u00e7\u00e3o, pr\u00f3ximos jogos!\",\"potentialAction\":[{\"@type\":\"SearchAction\",\"target\":{\"@type\":\"EntryPoint\",\"urlTemplate\":\"https:\/\/www.gaveanews.com\/?s={search_term_string}\"},\"query-input\":{\"@type\":\"PropertyValueSpecification\",\"valueRequired\":true,\"valueName\":\"search_term_string\"}}],\"inLanguage\":\"pt-BR\"},{\"@type\":\"Person\",\"@id\":\"https:\/\/www.gaveanews.com\/#\/schema\/person\/2424ec6409bc3f068411fc5e4e9b6168\",\"name\":\"Leandro Cardoso\",\"image\":{\"@type\":\"ImageObject\",\"inLanguage\":\"pt-BR\",\"@id\":\"https:\/\/www.gaveanews.com\/#\/schema\/person\/image\/\",\"url\":\"https:\/\/secure.gravatar.com\/avatar\/8ca179f9b55eefe9f376f5493ef25475bfa59fbc28ce937f6076ce20e523098f?s=96&d=mm&r=g\",\"contentUrl\":\"https:\/\/secure.gravatar.com\/avatar\/8ca179f9b55eefe9f376f5493ef25475bfa59fbc28ce937f6076ce20e523098f?s=96&d=mm&r=g\",\"caption\":\"Leandro Cardoso\"}}]}<\/script>\n<!-- \/ Yoast SEO Premium plugin. -->","yoast_head_json":{"title":"Deu ruim! Desfalque do Botafogo para a final da Libertadores \u00e9 confirmado","robots":{"index":"index","follow":"follow","max-snippet":"max-snippet:-1","max-image-preview":"max-image-preview:large","max-video-preview":"max-video-preview:-1"},"canonical":"https:\/\/www.gaveanews.com\/index.php\/2024\/11\/28\/deu-ruim-desfalque-do-botafogo-para-a-final-da-libertadores-e-confirmado\/","og_locale":"pt_BR","og_type":"article","og_title":"Deu ruim! Desfalque do Botafogo para a final da Libertadores \u00e9 confirmado","og_description":"O Botafogo enfrenta um grande desafio antes mesmo de entrar em campo na final da Libertadores. A confirma\u00e7\u00e3o da les\u00e3o de gravidade m\u00e9dia no zagueiro Bastos preocupa a torcida e o t\u00e9cnico Artur Jorge.&nbsp; Les\u00e3o em momento importante Na \u00faltima quarta-feira (27\/11), exames realizados em S\u00e3o Paulo apontaram uma les\u00e3o de gravidade m\u00e9dia no m\u00fasculo [&hellip;]","og_url":"https:\/\/www.gaveanews.com\/index.php\/2024\/11\/28\/deu-ruim-desfalque-do-botafogo-para-a-final-da-libertadores-e-confirmado\/","og_site_name":"G\u00e1vea News","article_publisher":"https:\/\/facebook.com\/gaveaNews\/","article_published_time":"2024-11-28T20:20:00+00:00","og_image":[{"width":787,"height":525,"url":"https:\/\/www.gaveanews.com\/wp-content\/uploads\/Escudo-do-Botafogo-1.webp","type":"image\/webp"}],"author":"Leandro Cardoso","twitter_card":"summary_large_image","twitter_misc":{"Escrito por":"Leandro Cardoso","Est. tempo de leitura":"3 minutos"},"schema":{"@context":"https:\/\/schema.org","@graph":[{"@type":"NewsArticle","@id":"https:\/\/www.gaveanews.com\/index.php\/2024\/11\/28\/deu-ruim-desfalque-do-botafogo-para-a-final-da-libertadores-e-confirmado\/#article","isPartOf":{"@id":"https:\/\/www.gaveanews.com\/index.php\/2024\/11\/28\/deu-ruim-desfalque-do-botafogo-para-a-final-da-libertadores-e-confirmado\/"},"author":{"name":"Leandro Cardoso","@id":"https:\/\/www.gaveanews.com\/#\/schema\/person\/2424ec6409bc3f068411fc5e4e9b6168"},"headline":"Deu ruim! Desfalque do Botafogo para a final da Libertadores \u00e9 confirmado","datePublished":"2024-11-28T20:20:00+00:00","mainEntityOfPage":{"@id":"https:\/\/www.gaveanews.com\/index.php\/2024\/11\/28\/deu-ruim-desfalque-do-botafogo-para-a-final-da-libertadores-e-confirmado\/"},"wordCount":407,"commentCount":0,"image":{"@id":"https:\/\/www.gaveanews.com\/index.php\/2024\/11\/28\/deu-ruim-desfalque-do-botafogo-para-a-final-da-libertadores-e-confirmado\/#primaryimage"},"thumbnailUrl":"https:\/\/www.gaveanews.com\/wp-content\/uploads\/Escudo-do-Botafogo-1.webp","articleSection":["Botafogo"],"inLanguage":"pt-BR","potentialAction":[{"@type":"CommentAction","name":"Comment","target":["https:\/\/www.gaveanews.com\/index.php\/2024\/11\/28\/deu-ruim-desfalque-do-botafogo-para-a-final-da-libertadores-e-confirmado\/#respond"]}],"copyrightYear":"2024","copyrightHolder":{"@id":"https:\/\/www.gaveanews.com\/#organization"}},{"@type":"WebPage","@id":"https:\/\/www.gaveanews.com\/index.php\/2024\/11\/28\/deu-ruim-desfalque-do-botafogo-para-a-final-da-libertadores-e-confirmado\/","url":"https:\/\/www.gaveanews.com\/index.php\/2024\/11\/28\/deu-ruim-desfalque-do-botafogo-para-a-final-da-libertadores-e-confirmado\/","name":"Deu ruim! Desfalque do Botafogo para a final da Libertadores \u00e9 confirmado","isPartOf":{"@id":"https:\/\/www.gaveanews.com\/#website"},"primaryImageOfPage":{"@id":"https:\/\/www.gaveanews.com\/index.php\/2024\/11\/28\/deu-ruim-desfalque-do-botafogo-para-a-final-da-libertadores-e-confirmado\/#primaryimage"},"image":{"@id":"https:\/\/www.gaveanews.com\/index.php\/2024\/11\/28\/deu-ruim-desfalque-do-botafogo-para-a-final-da-libertadores-e-confirmado\/#primaryimage"},"thumbnailUrl":"https:\/\/www.gaveanews.com\/wp-content\/uploads\/Escudo-do-Botafogo-1.webp","datePublished":"2024-11-28T20:20:00+00:00","author":{"@id":"https:\/\/www.gaveanews.com\/#\/schema\/person\/2424ec6409bc3f068411fc5e4e9b6168"},"breadcrumb":{"@id":"https:\/\/www.gaveanews.com\/index.php\/2024\/11\/28\/deu-ruim-desfalque-do-botafogo-para-a-final-da-libertadores-e-confirmado\/#breadcrumb"},"inLanguage":"pt-BR","potentialAction":[{"@type":"ReadAction","target":["https:\/\/www.gaveanews.com\/index.php\/2024\/11\/28\/deu-ruim-desfalque-do-botafogo-para-a-final-da-libertadores-e-confirmado\/"]}]},{"@type":"ImageObject","inLanguage":"pt-BR","@id":"https:\/\/www.gaveanews.com\/index.php\/2024\/11\/28\/deu-ruim-desfalque-do-botafogo-para-a-final-da-libertadores-e-confirmado\/#primaryimage","url":"https:\/\/www.gaveanews.com\/wp-content\/uploads\/Escudo-do-Botafogo-1.webp","contentUrl":"https:\/\/www.gaveanews.com\/wp-content\/uploads\/Escudo-do-Botafogo-1.webp","width":787,"height":525,"caption":"Escudo do Botafogo (Foto: Reprodu\u00e7\u00e3o\/Botafogo)"},{"@type":"BreadcrumbList","@id":"https:\/\/www.gaveanews.com\/index.php\/2024\/11\/28\/deu-ruim-desfalque-do-botafogo-para-a-final-da-libertadores-e-confirmado\/#breadcrumb","itemListElement":[{"@type":"ListItem","position":1,"name":"Home","item":"https:\/\/www.gaveanews.com\/"},{"@type":"ListItem","position":2,"name":"Deu ruim! Desfalque do Botafogo para a final da Libertadores \u00e9 confirmado"}]},{"@type":"WebSite","@id":"https:\/\/www.gaveanews.com\/#website","url":"https:\/\/www.gaveanews.com\/","name":"G\u00e1vea News","description":"Veja todas as not\u00edcias sobre o Flamengo: Contrata\u00e7\u00f5es, categorias de base, resultados das partidas, tabela de classifica\u00e7\u00e3o, pr\u00f3ximos jogos!","potentialAction":[{"@type":"SearchAction","target":{"@type":"EntryPoint","urlTemplate":"https:\/\/www.gaveanews.com\/?s={search_term_string}"},"query-input":{"@type":"PropertyValueSpecification","valueRequired":true,"valueName":"search_term_string"}}],"inLanguage":"pt-BR"},{"@type":"Person","@id":"https:\/\/www.gaveanews.com\/#\/schema\/person\/2424ec6409bc3f068411fc5e4e9b6168","name":"Leandro Cardoso","image":{"@type":"ImageObject","inLanguage":"pt-BR","@id":"https:\/\/www.gaveanews.com\/#\/schema\/person\/image\/","url":"https:\/\/secure.gravatar.com\/avatar\/8ca179f9b55eefe9f376f5493ef25475bfa59fbc28ce937f6076ce20e523098f?s=96&d=mm&r=g","contentUrl":"https:\/\/secure.gravatar.com\/avatar\/8ca179f9b55eefe9f376f5493ef25475bfa59fbc28ce937f6076ce20e523098f?s=96&d=mm&r=g","caption":"Leandro Cardoso"}}]}},"_links":{"self":[{"href":"https:\/\/www.gaveanews.com\/index.php\/wp-json\/wp\/v2\/posts\/191892","targetHints":{"allow":["GET"]}}],"collection":[{"href":"https:\/\/www.gaveanews.com\/index.php\/wp-json\/wp\/v2\/posts"}],"about":[{"href":"https:\/\/www.gaveanews.com\/index.php\/wp-json\/wp\/v2\/types\/post"}],"author":[{"embeddable":true,"href":"https:\/\/www.gaveanews.com\/index.php\/wp-json\/wp\/v2\/users\/24"}],"replies":[{"embeddable":true,"href":"https:\/\/www.gaveanews.com\/index.php\/wp-json\/wp\/v2\/comments?post=191892"}],"version-history":[{"count":2,"href":"https:\/\/www.gaveanews.com\/index.php\/wp-json\/wp\/v2\/posts\/191892\/revisions"}],"predecessor-version":[{"id":191939,"href":"https:\/\/www.gaveanews.com\/index.php\/wp-json\/wp\/v2\/posts\/191892\/revisions\/191939"}],"wp:featuredmedia":[{"embeddable":true,"href":"https:\/\/www.gaveanews.com\/index.php\/wp-json\/wp\/v2\/media\/182060"}],"wp:attachment":[{"href":"https:\/\/www.gaveanews.com\/index.php\/wp-json\/wp\/v2\/media?parent=191892"}],"wp:term":[{"taxonomy":"category","embeddable":true,"href":"https:\/\/www.gaveanews.com\/index.php\/wp-json\/wp\/v2\/categories?post=191892"},{"taxonomy":"post_tag","embeddable":true,"href":"https:\/\/www.gaveanews.com\/index.php\/wp-json\/wp\/v2\/tags?post=191892"}],"curies":[{"name":"wp","href":"https:\/\/api.w.org\/{rel}","templated":true}]}}