{"id":191931,"date":"2024-11-28T17:25:00","date_gmt":"2024-11-28T20:25:00","guid":{"rendered":"https:\/\/www.gaveanews.com\/?p=191931"},"modified":"2024-11-28T17:08:12","modified_gmt":"2024-11-28T20:08:12","slug":"renato-gaucho-do-gremio-emite-nota-oficial-apos-polemica","status":"publish","type":"post","link":"https:\/\/www.gaveanews.com\/index.php\/2024\/11\/28\/renato-gaucho-do-gremio-emite-nota-oficial-apos-polemica\/","title":{"rendered":"Renato Ga\u00facho, do Gr\u00eamio, emite nota oficial ap\u00f3s pol\u00eamica"},"content":{"rendered":"\n<p>O t\u00e9cnico Renato Ga\u00facho, do Gr\u00eamio, gerou controv\u00e9rsia durante a coletiva ap\u00f3s o empate da sua equipe com o Cruzeiro, na \u00faltima quarta-feira (27), em Belo Horizonte. Em meio a um desabafo sobre a press\u00e3o que enfrenta no comando do time, Renato fez declara\u00e7\u00f5es que envolveram a vida pessoal de jornalistas, gerando interpreta\u00e7\u00f5es de amea\u00e7a.&nbsp;<\/p>\n\n\n\n<ul class=\"wp-block-list\">\n<li><a href=\"https:\/\/www.gaveanews.com\/index.php\/2024\/11\/28\/video-presidente-do-gremio-ofende-jornalista\/\">V\u00eddeo: Presidente do Gr\u00eamio ofende jornalista<\/a><\/li>\n\n\n\n<li><a href=\"https:\/\/www.gaveanews.com\/index.php\/2024\/11\/28\/video-renato-gaucho-do-gremio-ameaca-jornalistas\/\">V\u00eddeo: Renato Ga\u00facho, do Gr\u00eamio, amea\u00e7a jornalistas<\/a><\/li>\n<\/ul>\n\n\n\n<p>Ap\u00f3s a repercuss\u00e3o negativa, o treinador se manifestou oficialmente, esclarecendo suas palavras e afirmando que, em nenhum momento, teve a inten\u00e7\u00e3o de intimidar qualquer profissional da imprensa.<\/p>\n\n\n\n<h2 class=\"wp-block-heading\" id=\"h-desabafo-de-renato-gaucho-e-o-mal-entendido\">Desabafo de Renato Ga\u00facho e o mal-entendido<\/h2>\n\n\n\n<p>Renato, visivelmente incomodado com a situa\u00e7\u00e3o, come\u00e7ou seu desabafo explicando o impacto que a falta de respeito por parte de alguns jornalistas t\u00eam na vida pessoal dos profissionais do futebol.&nbsp;<\/p>\n\n\n\n<p>&#8220;Ser\u00e1 que \u00e9 f\u00e1cil para os filhos dos jogadores, para as fam\u00edlias dos jogadores, ouvir esse tipo de coisa?&#8221;, questionou o treinador. Al\u00e9m disso, ele argumentou que, assim como jornalistas t\u00eam fam\u00edlias, os jogadores e t\u00e9cnicos tamb\u00e9m merecem respeito.&nbsp;<\/p>\n\n\n\n<p>&#8220;O que aconteceria se durante uma entrevista um profissional do futebol respondesse assim: &#8216;Acho que seu chefe deveria mandar voc\u00ea embora. Sua pergunta \u00e9 muito ruim&#8217;?&#8221;, destacou.<\/p>\n\n\n\n<h2 class=\"wp-block-heading\" id=\"h-renato-gaucho-e-as-criticas-aos-jornalistas\">Renato Ga\u00facho e as cr\u00edticas aos jornalistas<\/h2>\n\n\n\n<p>Em seu discurso, Renato Ga\u00facho fez duras cr\u00edticas ao comportamento de certos jornalistas, acusando-os de inventar hist\u00f3rias e criar crises dentro do clube. &#8220;O que voc\u00eas t\u00eam mentido para a nossa torcida \u00e9 uma coisa absurda&#8221;, afirmou.&nbsp;<\/p>\n\n\n\n<p>Ele ainda sugeriu que alguns jornalistas poderiam estar lucrando com as informa\u00e7\u00f5es falsas que veiculam, revelando, por exemplo, que havia rumores de que alguns desses profissionais seriam pagos para criar um clima de instabilidade no Gr\u00eamio.&nbsp;<\/p>\n\n\n\n<p>Com isso, Renato expressou sua insatisfa\u00e7\u00e3o com a falta de responsabilidade no jornalismo esportivo.<\/p>\n\n\n\n<blockquote class=\"twitter-tweet\"><p lang=\"pt\" dir=\"ltr\">\u201cVoc\u00eas tamb\u00e9m tem fam\u00edlia, tamb\u00e9m tem filhos no col\u00e9gio, tamb\u00e9m andam por a\u00ed e o torcedor conhece alguns. Querem que a gente passe por dificuldades? Alguns de vcs v\u00e3o come\u00e7ar a passar tamb\u00e9m.\u201d<br><br>\u00c9 isso. Renato acaba de amea\u00e7ar jornalistas no seu \u00e2mbito pessoal. Assustador. <a href=\"https:\/\/t.co\/R88OcgR9Lq\">pic.twitter.com\/R88OcgR9Lq<\/a><\/p>&mdash; Lucas Dias (@_olucasdias) <a href=\"https:\/\/twitter.com\/_olucasdias\/status\/1861968680134889928?ref_src=twsrc%5Etfw\">November 28, 2024<\/a><\/blockquote> <script async src=\"https:\/\/platform.twitter.com\/widgets.js\" charset=\"utf-8\"><\/script>\n\n\n\n<h2 class=\"wp-block-heading\" id=\"h-nota-oficial-e-os-esclarecimentos-de-renato\">Nota oficial e os esclarecimentos de Renato<\/h2>\n\n\n\n<p>Ap\u00f3s o tumulto, Renato usou uma nota oficial para esclarecer suas palavras e afirmar que, em nenhum momento, amea\u00e7ou algu\u00e9m. &#8220;N\u00e3o sou de fazer amea\u00e7as. Sou contra qualquer ato de viol\u00eancia&#8221;, disse ele. Ele explicou que seu desabafo foi motivado pelo desrespeito que, segundo ele, \u00e9 dirigido a jogadores, t\u00e9cnicos e at\u00e9 familiares.&nbsp;<\/p>\n\n\n\n<p>&#8220;Se continuar mentindo, eu vou dar os nomes aos bois. Vou atacar, tamb\u00e9m&#8221;, afirmou Renato, refor\u00e7ando que seu objetivo era apenas pedir mais respeito no ambiente esportivo.<\/p>\n\n\n\n<blockquote class=\"twitter-tweet\"><p lang=\"pt\" dir=\"ltr\">\u26a0\ufe0f Ap\u00f3s a pol\u00eamica coletiva de ontem, o t\u00e9cnico Renato Ga\u00facho se pronunciou. <a href=\"https:\/\/t.co\/YITiHS8axi\">pic.twitter.com\/YITiHS8axi<\/a><\/p>&mdash; Por Fora das Quatro Linhas (@pfqloficial) <a href=\"https:\/\/twitter.com\/pfqloficial\/status\/1862182789505847743?ref_src=twsrc%5Etfw\">November 28, 2024<\/a><\/blockquote> <script async src=\"https:\/\/platform.twitter.com\/widgets.js\" charset=\"utf-8\"><\/script>\n","protected":false},"excerpt":{"rendered":"<p>O t\u00e9cnico Renato Ga\u00facho, do Gr\u00eamio, gerou controv\u00e9rsia durante a coletiva ap\u00f3s o empate da sua equipe com o Cruzeiro, na \u00faltima quarta-feira (27), em Belo Horizonte. Em meio a um desabafo sobre a press\u00e3o que enfrenta no comando do time, Renato fez declara\u00e7\u00f5es que envolveram a vida pessoal de jornalistas, gerando interpreta\u00e7\u00f5es de amea\u00e7a.&nbsp; [&hellip;]<\/p>\n","protected":false},"author":24,"featured_media":144188,"comment_status":"open","ping_status":"closed","sticky":false,"template":"","format":"standard","meta":{"footnotes":""},"categories":[147],"tags":[],"class_list":["post-191931","post","type-post","status-publish","format-standard","has-post-thumbnail","hentry","category-gremio"],"yoast_head":"<!-- This site is optimized with the Yoast SEO Premium plugin v24.2 (Yoast SEO v26.9) - https:\/\/yoast.com\/product\/yoast-seo-premium-wordpress\/ -->\n<title>Renato Ga\u00facho, do Gr\u00eamio, emite nota oficial ap\u00f3s pol\u00eamica<\/title>\n<meta name=\"robots\" content=\"index, follow, max-snippet:-1, max-image-preview:large, max-video-preview:-1\" \/>\n<link rel=\"canonical\" href=\"https:\/\/www.gaveanews.com\/index.php\/2024\/11\/28\/renato-gaucho-do-gremio-emite-nota-oficial-apos-polemica\/\" \/>\n<meta property=\"og:locale\" content=\"pt_BR\" \/>\n<meta property=\"og:type\" content=\"article\" \/>\n<meta property=\"og:title\" content=\"Renato Ga\u00facho, do Gr\u00eamio, emite nota oficial ap\u00f3s pol\u00eamica\" \/>\n<meta property=\"og:description\" content=\"O t\u00e9cnico Renato Ga\u00facho, do Gr\u00eamio, gerou controv\u00e9rsia durante a coletiva ap\u00f3s o empate da sua equipe com o Cruzeiro, na \u00faltima quarta-feira (27), em Belo Horizonte. Em meio a um desabafo sobre a press\u00e3o que enfrenta no comando do time, Renato fez declara\u00e7\u00f5es que envolveram a vida pessoal de jornalistas, gerando interpreta\u00e7\u00f5es de amea\u00e7a.&nbsp; [&hellip;]\" \/>\n<meta property=\"og:url\" content=\"https:\/\/www.gaveanews.com\/index.php\/2024\/11\/28\/renato-gaucho-do-gremio-emite-nota-oficial-apos-polemica\/\" \/>\n<meta property=\"og:site_name\" content=\"G\u00e1vea News\" \/>\n<meta property=\"article:publisher\" content=\"https:\/\/facebook.com\/gaveaNews\/\" \/>\n<meta property=\"article:published_time\" content=\"2024-11-28T20:25:00+00:00\" \/>\n<meta property=\"og:image\" content=\"https:\/\/www.gaveanews.com\/wp-content\/uploads\/renato-gaucho-gremio.webp\" \/>\n\t<meta property=\"og:image:width\" content=\"1000\" \/>\n\t<meta property=\"og:image:height\" content=\"563\" \/>\n\t<meta property=\"og:image:type\" content=\"image\/webp\" \/>\n<meta name=\"author\" content=\"Leandro Cardoso\" \/>\n<meta name=\"twitter:card\" content=\"summary_large_image\" \/>\n<meta name=\"twitter:label1\" content=\"Escrito por\" \/>\n\t<meta name=\"twitter:data1\" content=\"Leandro Cardoso\" \/>\n\t<meta name=\"twitter:label2\" content=\"Est. tempo de leitura\" \/>\n\t<meta name=\"twitter:data2\" content=\"3 minutos\" \/>\n<script type=\"application\/ld+json\" class=\"yoast-schema-graph\">{\"@context\":\"https:\/\/schema.org\",\"@graph\":[{\"@type\":\"NewsArticle\",\"@id\":\"https:\/\/www.gaveanews.com\/index.php\/2024\/11\/28\/renato-gaucho-do-gremio-emite-nota-oficial-apos-polemica\/#article\",\"isPartOf\":{\"@id\":\"https:\/\/www.gaveanews.com\/index.php\/2024\/11\/28\/renato-gaucho-do-gremio-emite-nota-oficial-apos-polemica\/\"},\"author\":{\"name\":\"Leandro Cardoso\",\"@id\":\"https:\/\/www.gaveanews.com\/#\/schema\/person\/2424ec6409bc3f068411fc5e4e9b6168\"},\"headline\":\"Renato Ga\u00facho, do Gr\u00eamio, emite nota oficial ap\u00f3s pol\u00eamica\",\"datePublished\":\"2024-11-28T20:25:00+00:00\",\"mainEntityOfPage\":{\"@id\":\"https:\/\/www.gaveanews.com\/index.php\/2024\/11\/28\/renato-gaucho-do-gremio-emite-nota-oficial-apos-polemica\/\"},\"wordCount\":535,\"commentCount\":0,\"image\":{\"@id\":\"https:\/\/www.gaveanews.com\/index.php\/2024\/11\/28\/renato-gaucho-do-gremio-emite-nota-oficial-apos-polemica\/#primaryimage\"},\"thumbnailUrl\":\"https:\/\/www.gaveanews.com\/wp-content\/uploads\/renato-gaucho-gremio.webp\",\"articleSection\":[\"Gr\u00eamio\"],\"inLanguage\":\"pt-BR\",\"potentialAction\":[{\"@type\":\"CommentAction\",\"name\":\"Comment\",\"target\":[\"https:\/\/www.gaveanews.com\/index.php\/2024\/11\/28\/renato-gaucho-do-gremio-emite-nota-oficial-apos-polemica\/#respond\"]}],\"copyrightYear\":\"2024\",\"copyrightHolder\":{\"@id\":\"https:\/\/www.gaveanews.com\/#organization\"}},{\"@type\":\"WebPage\",\"@id\":\"https:\/\/www.gaveanews.com\/index.php\/2024\/11\/28\/renato-gaucho-do-gremio-emite-nota-oficial-apos-polemica\/\",\"url\":\"https:\/\/www.gaveanews.com\/index.php\/2024\/11\/28\/renato-gaucho-do-gremio-emite-nota-oficial-apos-polemica\/\",\"name\":\"Renato Ga\u00facho, do Gr\u00eamio, emite nota oficial ap\u00f3s pol\u00eamica\",\"isPartOf\":{\"@id\":\"https:\/\/www.gaveanews.com\/#website\"},\"primaryImageOfPage\":{\"@id\":\"https:\/\/www.gaveanews.com\/index.php\/2024\/11\/28\/renato-gaucho-do-gremio-emite-nota-oficial-apos-polemica\/#primaryimage\"},\"image\":{\"@id\":\"https:\/\/www.gaveanews.com\/index.php\/2024\/11\/28\/renato-gaucho-do-gremio-emite-nota-oficial-apos-polemica\/#primaryimage\"},\"thumbnailUrl\":\"https:\/\/www.gaveanews.com\/wp-content\/uploads\/renato-gaucho-gremio.webp\",\"datePublished\":\"2024-11-28T20:25:00+00:00\",\"author\":{\"@id\":\"https:\/\/www.gaveanews.com\/#\/schema\/person\/2424ec6409bc3f068411fc5e4e9b6168\"},\"breadcrumb\":{\"@id\":\"https:\/\/www.gaveanews.com\/index.php\/2024\/11\/28\/renato-gaucho-do-gremio-emite-nota-oficial-apos-polemica\/#breadcrumb\"},\"inLanguage\":\"pt-BR\",\"potentialAction\":[{\"@type\":\"ReadAction\",\"target\":[\"https:\/\/www.gaveanews.com\/index.php\/2024\/11\/28\/renato-gaucho-do-gremio-emite-nota-oficial-apos-polemica\/\"]}]},{\"@type\":\"ImageObject\",\"inLanguage\":\"pt-BR\",\"@id\":\"https:\/\/www.gaveanews.com\/index.php\/2024\/11\/28\/renato-gaucho-do-gremio-emite-nota-oficial-apos-polemica\/#primaryimage\",\"url\":\"https:\/\/www.gaveanews.com\/wp-content\/uploads\/renato-gaucho-gremio.webp\",\"contentUrl\":\"https:\/\/www.gaveanews.com\/wp-content\/uploads\/renato-gaucho-gremio.webp\",\"width\":1000,\"height\":563,\"caption\":\"Renato Ga\u00facho em treino do Gr\u00eamio (Foto: Lucas Uebel\/Gr\u00eamio FBPA)\"},{\"@type\":\"BreadcrumbList\",\"@id\":\"https:\/\/www.gaveanews.com\/index.php\/2024\/11\/28\/renato-gaucho-do-gremio-emite-nota-oficial-apos-polemica\/#breadcrumb\",\"itemListElement\":[{\"@type\":\"ListItem\",\"position\":1,\"name\":\"Home\",\"item\":\"https:\/\/www.gaveanews.com\/\"},{\"@type\":\"ListItem\",\"position\":2,\"name\":\"Renato Ga\u00facho, do Gr\u00eamio, emite nota oficial ap\u00f3s pol\u00eamica\"}]},{\"@type\":\"WebSite\",\"@id\":\"https:\/\/www.gaveanews.com\/#website\",\"url\":\"https:\/\/www.gaveanews.com\/\",\"name\":\"G\u00e1vea News\",\"description\":\"Veja todas as not\u00edcias sobre o Flamengo: Contrata\u00e7\u00f5es, categorias de base, resultados das partidas, tabela de classifica\u00e7\u00e3o, pr\u00f3ximos jogos!\",\"potentialAction\":[{\"@type\":\"SearchAction\",\"target\":{\"@type\":\"EntryPoint\",\"urlTemplate\":\"https:\/\/www.gaveanews.com\/?s={search_term_string}\"},\"query-input\":{\"@type\":\"PropertyValueSpecification\",\"valueRequired\":true,\"valueName\":\"search_term_string\"}}],\"inLanguage\":\"pt-BR\"},{\"@type\":\"Person\",\"@id\":\"https:\/\/www.gaveanews.com\/#\/schema\/person\/2424ec6409bc3f068411fc5e4e9b6168\",\"name\":\"Leandro Cardoso\",\"image\":{\"@type\":\"ImageObject\",\"inLanguage\":\"pt-BR\",\"@id\":\"https:\/\/www.gaveanews.com\/#\/schema\/person\/image\/\",\"url\":\"https:\/\/secure.gravatar.com\/avatar\/8ca179f9b55eefe9f376f5493ef25475bfa59fbc28ce937f6076ce20e523098f?s=96&d=mm&r=g\",\"contentUrl\":\"https:\/\/secure.gravatar.com\/avatar\/8ca179f9b55eefe9f376f5493ef25475bfa59fbc28ce937f6076ce20e523098f?s=96&d=mm&r=g\",\"caption\":\"Leandro Cardoso\"}}]}<\/script>\n<!-- \/ Yoast SEO Premium plugin. -->","yoast_head_json":{"title":"Renato Ga\u00facho, do Gr\u00eamio, emite nota oficial ap\u00f3s pol\u00eamica","robots":{"index":"index","follow":"follow","max-snippet":"max-snippet:-1","max-image-preview":"max-image-preview:large","max-video-preview":"max-video-preview:-1"},"canonical":"https:\/\/www.gaveanews.com\/index.php\/2024\/11\/28\/renato-gaucho-do-gremio-emite-nota-oficial-apos-polemica\/","og_locale":"pt_BR","og_type":"article","og_title":"Renato Ga\u00facho, do Gr\u00eamio, emite nota oficial ap\u00f3s pol\u00eamica","og_description":"O t\u00e9cnico Renato Ga\u00facho, do Gr\u00eamio, gerou controv\u00e9rsia durante a coletiva ap\u00f3s o empate da sua equipe com o Cruzeiro, na \u00faltima quarta-feira (27), em Belo Horizonte. Em meio a um desabafo sobre a press\u00e3o que enfrenta no comando do time, Renato fez declara\u00e7\u00f5es que envolveram a vida pessoal de jornalistas, gerando interpreta\u00e7\u00f5es de amea\u00e7a.&nbsp; [&hellip;]","og_url":"https:\/\/www.gaveanews.com\/index.php\/2024\/11\/28\/renato-gaucho-do-gremio-emite-nota-oficial-apos-polemica\/","og_site_name":"G\u00e1vea News","article_publisher":"https:\/\/facebook.com\/gaveaNews\/","article_published_time":"2024-11-28T20:25:00+00:00","og_image":[{"width":1000,"height":563,"url":"https:\/\/www.gaveanews.com\/wp-content\/uploads\/renato-gaucho-gremio.webp","type":"image\/webp"}],"author":"Leandro Cardoso","twitter_card":"summary_large_image","twitter_misc":{"Escrito por":"Leandro Cardoso","Est. tempo de leitura":"3 minutos"},"schema":{"@context":"https:\/\/schema.org","@graph":[{"@type":"NewsArticle","@id":"https:\/\/www.gaveanews.com\/index.php\/2024\/11\/28\/renato-gaucho-do-gremio-emite-nota-oficial-apos-polemica\/#article","isPartOf":{"@id":"https:\/\/www.gaveanews.com\/index.php\/2024\/11\/28\/renato-gaucho-do-gremio-emite-nota-oficial-apos-polemica\/"},"author":{"name":"Leandro Cardoso","@id":"https:\/\/www.gaveanews.com\/#\/schema\/person\/2424ec6409bc3f068411fc5e4e9b6168"},"headline":"Renato Ga\u00facho, do Gr\u00eamio, emite nota oficial ap\u00f3s pol\u00eamica","datePublished":"2024-11-28T20:25:00+00:00","mainEntityOfPage":{"@id":"https:\/\/www.gaveanews.com\/index.php\/2024\/11\/28\/renato-gaucho-do-gremio-emite-nota-oficial-apos-polemica\/"},"wordCount":535,"commentCount":0,"image":{"@id":"https:\/\/www.gaveanews.com\/index.php\/2024\/11\/28\/renato-gaucho-do-gremio-emite-nota-oficial-apos-polemica\/#primaryimage"},"thumbnailUrl":"https:\/\/www.gaveanews.com\/wp-content\/uploads\/renato-gaucho-gremio.webp","articleSection":["Gr\u00eamio"],"inLanguage":"pt-BR","potentialAction":[{"@type":"CommentAction","name":"Comment","target":["https:\/\/www.gaveanews.com\/index.php\/2024\/11\/28\/renato-gaucho-do-gremio-emite-nota-oficial-apos-polemica\/#respond"]}],"copyrightYear":"2024","copyrightHolder":{"@id":"https:\/\/www.gaveanews.com\/#organization"}},{"@type":"WebPage","@id":"https:\/\/www.gaveanews.com\/index.php\/2024\/11\/28\/renato-gaucho-do-gremio-emite-nota-oficial-apos-polemica\/","url":"https:\/\/www.gaveanews.com\/index.php\/2024\/11\/28\/renato-gaucho-do-gremio-emite-nota-oficial-apos-polemica\/","name":"Renato Ga\u00facho, do Gr\u00eamio, emite nota oficial ap\u00f3s pol\u00eamica","isPartOf":{"@id":"https:\/\/www.gaveanews.com\/#website"},"primaryImageOfPage":{"@id":"https:\/\/www.gaveanews.com\/index.php\/2024\/11\/28\/renato-gaucho-do-gremio-emite-nota-oficial-apos-polemica\/#primaryimage"},"image":{"@id":"https:\/\/www.gaveanews.com\/index.php\/2024\/11\/28\/renato-gaucho-do-gremio-emite-nota-oficial-apos-polemica\/#primaryimage"},"thumbnailUrl":"https:\/\/www.gaveanews.com\/wp-content\/uploads\/renato-gaucho-gremio.webp","datePublished":"2024-11-28T20:25:00+00:00","author":{"@id":"https:\/\/www.gaveanews.com\/#\/schema\/person\/2424ec6409bc3f068411fc5e4e9b6168"},"breadcrumb":{"@id":"https:\/\/www.gaveanews.com\/index.php\/2024\/11\/28\/renato-gaucho-do-gremio-emite-nota-oficial-apos-polemica\/#breadcrumb"},"inLanguage":"pt-BR","potentialAction":[{"@type":"ReadAction","target":["https:\/\/www.gaveanews.com\/index.php\/2024\/11\/28\/renato-gaucho-do-gremio-emite-nota-oficial-apos-polemica\/"]}]},{"@type":"ImageObject","inLanguage":"pt-BR","@id":"https:\/\/www.gaveanews.com\/index.php\/2024\/11\/28\/renato-gaucho-do-gremio-emite-nota-oficial-apos-polemica\/#primaryimage","url":"https:\/\/www.gaveanews.com\/wp-content\/uploads\/renato-gaucho-gremio.webp","contentUrl":"https:\/\/www.gaveanews.com\/wp-content\/uploads\/renato-gaucho-gremio.webp","width":1000,"height":563,"caption":"Renato Ga\u00facho em treino do Gr\u00eamio (Foto: Lucas Uebel\/Gr\u00eamio FBPA)"},{"@type":"BreadcrumbList","@id":"https:\/\/www.gaveanews.com\/index.php\/2024\/11\/28\/renato-gaucho-do-gremio-emite-nota-oficial-apos-polemica\/#breadcrumb","itemListElement":[{"@type":"ListItem","position":1,"name":"Home","item":"https:\/\/www.gaveanews.com\/"},{"@type":"ListItem","position":2,"name":"Renato Ga\u00facho, do Gr\u00eamio, emite nota oficial ap\u00f3s pol\u00eamica"}]},{"@type":"WebSite","@id":"https:\/\/www.gaveanews.com\/#website","url":"https:\/\/www.gaveanews.com\/","name":"G\u00e1vea News","description":"Veja todas as not\u00edcias sobre o Flamengo: Contrata\u00e7\u00f5es, categorias de base, resultados das partidas, tabela de classifica\u00e7\u00e3o, pr\u00f3ximos jogos!","potentialAction":[{"@type":"SearchAction","target":{"@type":"EntryPoint","urlTemplate":"https:\/\/www.gaveanews.com\/?s={search_term_string}"},"query-input":{"@type":"PropertyValueSpecification","valueRequired":true,"valueName":"search_term_string"}}],"inLanguage":"pt-BR"},{"@type":"Person","@id":"https:\/\/www.gaveanews.com\/#\/schema\/person\/2424ec6409bc3f068411fc5e4e9b6168","name":"Leandro Cardoso","image":{"@type":"ImageObject","inLanguage":"pt-BR","@id":"https:\/\/www.gaveanews.com\/#\/schema\/person\/image\/","url":"https:\/\/secure.gravatar.com\/avatar\/8ca179f9b55eefe9f376f5493ef25475bfa59fbc28ce937f6076ce20e523098f?s=96&d=mm&r=g","contentUrl":"https:\/\/secure.gravatar.com\/avatar\/8ca179f9b55eefe9f376f5493ef25475bfa59fbc28ce937f6076ce20e523098f?s=96&d=mm&r=g","caption":"Leandro Cardoso"}}]}},"_links":{"self":[{"href":"https:\/\/www.gaveanews.com\/index.php\/wp-json\/wp\/v2\/posts\/191931","targetHints":{"allow":["GET"]}}],"collection":[{"href":"https:\/\/www.gaveanews.com\/index.php\/wp-json\/wp\/v2\/posts"}],"about":[{"href":"https:\/\/www.gaveanews.com\/index.php\/wp-json\/wp\/v2\/types\/post"}],"author":[{"embeddable":true,"href":"https:\/\/www.gaveanews.com\/index.php\/wp-json\/wp\/v2\/users\/24"}],"replies":[{"embeddable":true,"href":"https:\/\/www.gaveanews.com\/index.php\/wp-json\/wp\/v2\/comments?post=191931"}],"version-history":[{"count":2,"href":"https:\/\/www.gaveanews.com\/index.php\/wp-json\/wp\/v2\/posts\/191931\/revisions"}],"predecessor-version":[{"id":191952,"href":"https:\/\/www.gaveanews.com\/index.php\/wp-json\/wp\/v2\/posts\/191931\/revisions\/191952"}],"wp:featuredmedia":[{"embeddable":true,"href":"https:\/\/www.gaveanews.com\/index.php\/wp-json\/wp\/v2\/media\/144188"}],"wp:attachment":[{"href":"https:\/\/www.gaveanews.com\/index.php\/wp-json\/wp\/v2\/media?parent=191931"}],"wp:term":[{"taxonomy":"category","embeddable":true,"href":"https:\/\/www.gaveanews.com\/index.php\/wp-json\/wp\/v2\/categories?post=191931"},{"taxonomy":"post_tag","embeddable":true,"href":"https:\/\/www.gaveanews.com\/index.php\/wp-json\/wp\/v2\/tags?post=191931"}],"curies":[{"name":"wp","href":"https:\/\/api.w.org\/{rel}","templated":true}]}}