{"id":191968,"date":"2024-11-28T19:40:00","date_gmt":"2024-11-28T22:40:00","guid":{"rendered":"https:\/\/www.gaveanews.com\/?p=191968"},"modified":"2024-11-28T19:18:49","modified_gmt":"2024-11-28T22:18:49","slug":"idolo-do-corinthians-vai-assinar-com-clube-da-serie-a-do-brasileirao","status":"publish","type":"post","link":"https:\/\/www.gaveanews.com\/index.php\/2024\/11\/28\/idolo-do-corinthians-vai-assinar-com-clube-da-serie-a-do-brasileirao\/","title":{"rendered":"\u00cddolo do Corinthians vai assinar com clube da S\u00e9rie A do Brasileir\u00e3o"},"content":{"rendered":"\n<p>Ap\u00f3s uma carreira vitoriosa no futebol, o ex-volante Paulinho, \u00eddolo do Corinthians e da sele\u00e7\u00e3o brasileira, est\u00e1 pronto para iniciar um novo cap\u00edtulo em sua trajet\u00f3ria, agora fora dos gramados. Aos 36 anos, o ex-jogador se aposentou recentemente e, em breve, assumir\u00e1 o cargo de coordenador t\u00e9cnico do Mirassol, clube que far\u00e1 sua estreia na S\u00e9rie A do Campeonato Brasileiro em 2025.<\/p>\n\n\n\n<ul class=\"wp-block-list\">\n<li><a href=\"https:\/\/www.gaveanews.com\/index.php\/2024\/11\/27\/corinthians-define-proposta-para-quitar-dividas\/\">Corinthians define proposta para quitar d\u00edvidas<\/a><\/li>\n\n\n\n<li><a href=\"https:\/\/www.gaveanews.com\/index.php\/2024\/11\/28\/atitude-da-diretoria-do-corinthians-levanta-suspeitas\/\">Atitude da diretoria do Corinthians levanta suspeitas<\/a><\/li>\n<\/ul>\n\n\n\n<h2 class=\"wp-block-heading\" id=\"h-paulinho-assume-nova-funcao-executiva-no-mirassol\">Paulinho assume nova fun\u00e7\u00e3o executiva no Mirassol<\/h2>\n\n\n\n<p>O acordo entre Paulinho e o Mirassol est\u00e1 praticamente fechado, e o an\u00fancio oficial deve ocorrer na pr\u00f3xima semana. O volante, que passou por grandes clubes como Bragantino, Corinthians, Tottenham e Barcelona, ser\u00e1 o elo entre jogadores, comiss\u00e3o t\u00e9cnica e a diretoria do clube do interior paulista.&nbsp;<\/p>\n\n\n\n<p>Com a experi\u00eancia adquirida ao longo da carreira, Paulinho est\u00e1 preparado para exercer fun\u00e7\u00f5es de lideran\u00e7a e gest\u00e3o dentro do time.<\/p>\n\n\n\n<p>Vale destacar que a primeira miss\u00e3o de Paulinho ser\u00e1 ajudar na contrata\u00e7\u00e3o de um novo treinador, que substituir\u00e1 Mozart, que deixou o cargo para acertar com o Coritiba. Sendo assim, o ex-jogador ter\u00e1 um papel fundamental na defini\u00e7\u00e3o do futuro t\u00e9cnico da equipe, al\u00e9m de colaborar em outras quest\u00f5es executivas.<\/p>\n\n\n\n<h2 class=\"wp-block-heading\" id=\"h-preparacao-para-a-nova-fase\">Prepara\u00e7\u00e3o para a nova fase<\/h2>\n\n\n\n<p>Al\u00e9m disso, Paulinho j\u00e1 se preparou para sua nova fun\u00e7\u00e3o, realizando cursos de gest\u00e3o de futebol, incluindo um de lideran\u00e7a oferecido pela Federa\u00e7\u00e3o Paulista de Futebol (FPF).<\/p>\n\n\n\n<p>Durante sua passagem pela Europa, ele passou um tempo com Thiago Scuro, CEO do Monaco, que se tornou sua maior refer\u00eancia na \u00e1rea de gest\u00e3o esportiva. Com isso, Paulinho chega ao Mirassol com um grande know-how, o que certamente contribuir\u00e1 para o sucesso do clube na elite do futebol brasileiro.<\/p>\n\n\n\n<figure class=\"wp-block-image size-full\"><img loading=\"lazy\" decoding=\"async\" width=\"941\" height=\"758\" src=\"https:\/\/www.gaveanews.com\/wp-content\/uploads\/Paulinho-em-acao-pelo-Corinthians.webp\" alt=\"\" class=\"wp-image-139064\" srcset=\"https:\/\/www.gaveanews.com\/wp-content\/uploads\/Paulinho-em-acao-pelo-Corinthians.webp 941w, https:\/\/www.gaveanews.com\/wp-content\/uploads\/Paulinho-em-acao-pelo-Corinthians-300x242.webp 300w, https:\/\/www.gaveanews.com\/wp-content\/uploads\/Paulinho-em-acao-pelo-Corinthians-768x619.webp 768w, https:\/\/www.gaveanews.com\/wp-content\/uploads\/Paulinho-em-acao-pelo-Corinthians-521x420.webp 521w, https:\/\/www.gaveanews.com\/wp-content\/uploads\/Paulinho-em-acao-pelo-Corinthians-640x516.webp 640w, https:\/\/www.gaveanews.com\/wp-content\/uploads\/Paulinho-em-acao-pelo-Corinthians-681x549.webp 681w, https:\/\/www.gaveanews.com\/wp-content\/uploads\/Paulinho-em-acao-pelo-Corinthians-100x81.webp 100w\" sizes=\"auto, (max-width: 941px) 100vw, 941px\" \/><figcaption class=\"wp-element-caption\">Paulinho em a\u00e7\u00e3o pelo Corinthians (Foto: Reprodu\u00e7\u00e3o\/Corinthians)<\/figcaption><\/figure>\n\n\n\n<p>A despedida de Paulinho como jogador acontecer\u00e1 no pr\u00f3ximo m\u00eas, com uma partida marcada para o dia 21 de dezembro, no est\u00e1dio do Canind\u00e9, em S\u00e3o Paulo. Dessa maneira, o ex-jogador encerrar\u00e1 sua carreira em grande estilo, com a presen\u00e7a de amigos e ex-companheiros de time.<\/p>\n","protected":false},"excerpt":{"rendered":"<p>Ap\u00f3s uma carreira vitoriosa no futebol, o ex-volante Paulinho, \u00eddolo do Corinthians e da sele\u00e7\u00e3o brasileira, est\u00e1 pronto para iniciar um novo cap\u00edtulo em sua trajet\u00f3ria, agora fora dos gramados. Aos 36 anos, o ex-jogador se aposentou recentemente e, em breve, assumir\u00e1 o cargo de coordenador t\u00e9cnico do Mirassol, clube que far\u00e1 sua estreia na [&hellip;]<\/p>\n","protected":false},"author":24,"featured_media":154473,"comment_status":"open","ping_status":"closed","sticky":false,"template":"","format":"standard","meta":{"footnotes":""},"categories":[141],"tags":[],"class_list":["post-191968","post","type-post","status-publish","format-standard","has-post-thumbnail","hentry","category-corinthians"],"yoast_head":"<!-- This site is optimized with the Yoast SEO Premium plugin v24.2 (Yoast SEO v26.9) - https:\/\/yoast.com\/product\/yoast-seo-premium-wordpress\/ -->\n<title>\u00cddolo do Corinthians vai assinar com clube da S\u00e9rie A do Brasileir\u00e3o<\/title>\n<meta name=\"robots\" content=\"index, follow, max-snippet:-1, max-image-preview:large, max-video-preview:-1\" \/>\n<link rel=\"canonical\" href=\"https:\/\/www.gaveanews.com\/index.php\/2024\/11\/28\/idolo-do-corinthians-vai-assinar-com-clube-da-serie-a-do-brasileirao\/\" \/>\n<meta property=\"og:locale\" content=\"pt_BR\" \/>\n<meta property=\"og:type\" content=\"article\" \/>\n<meta property=\"og:title\" content=\"\u00cddolo do Corinthians vai assinar com clube da S\u00e9rie A do Brasileir\u00e3o\" \/>\n<meta property=\"og:description\" content=\"Ap\u00f3s uma carreira vitoriosa no futebol, o ex-volante Paulinho, \u00eddolo do Corinthians e da sele\u00e7\u00e3o brasileira, est\u00e1 pronto para iniciar um novo cap\u00edtulo em sua trajet\u00f3ria, agora fora dos gramados. Aos 36 anos, o ex-jogador se aposentou recentemente e, em breve, assumir\u00e1 o cargo de coordenador t\u00e9cnico do Mirassol, clube que far\u00e1 sua estreia na [&hellip;]\" \/>\n<meta property=\"og:url\" content=\"https:\/\/www.gaveanews.com\/index.php\/2024\/11\/28\/idolo-do-corinthians-vai-assinar-com-clube-da-serie-a-do-brasileirao\/\" \/>\n<meta property=\"og:site_name\" content=\"G\u00e1vea News\" \/>\n<meta property=\"article:publisher\" content=\"https:\/\/facebook.com\/gaveaNews\/\" \/>\n<meta property=\"article:published_time\" content=\"2024-11-28T22:40:00+00:00\" \/>\n<meta property=\"og:image\" content=\"https:\/\/www.gaveanews.com\/wp-content\/uploads\/Escudo-do-Corinthians-na-Neo-Quimica-Arena.webp\" \/>\n\t<meta property=\"og:image:width\" content=\"1440\" \/>\n\t<meta property=\"og:image:height\" content=\"959\" \/>\n\t<meta property=\"og:image:type\" content=\"image\/jpeg\" \/>\n<meta name=\"author\" content=\"Leandro Cardoso\" \/>\n<meta name=\"twitter:card\" content=\"summary_large_image\" \/>\n<meta name=\"twitter:label1\" content=\"Escrito por\" \/>\n\t<meta name=\"twitter:data1\" content=\"Leandro Cardoso\" \/>\n\t<meta name=\"twitter:label2\" content=\"Est. tempo de leitura\" \/>\n\t<meta name=\"twitter:data2\" content=\"3 minutos\" \/>\n<script type=\"application\/ld+json\" class=\"yoast-schema-graph\">{\"@context\":\"https:\/\/schema.org\",\"@graph\":[{\"@type\":\"NewsArticle\",\"@id\":\"https:\/\/www.gaveanews.com\/index.php\/2024\/11\/28\/idolo-do-corinthians-vai-assinar-com-clube-da-serie-a-do-brasileirao\/#article\",\"isPartOf\":{\"@id\":\"https:\/\/www.gaveanews.com\/index.php\/2024\/11\/28\/idolo-do-corinthians-vai-assinar-com-clube-da-serie-a-do-brasileirao\/\"},\"author\":{\"name\":\"Leandro Cardoso\",\"@id\":\"https:\/\/www.gaveanews.com\/#\/schema\/person\/2424ec6409bc3f068411fc5e4e9b6168\"},\"headline\":\"\u00cddolo do Corinthians vai assinar com clube da S\u00e9rie A do Brasileir\u00e3o\",\"datePublished\":\"2024-11-28T22:40:00+00:00\",\"mainEntityOfPage\":{\"@id\":\"https:\/\/www.gaveanews.com\/index.php\/2024\/11\/28\/idolo-do-corinthians-vai-assinar-com-clube-da-serie-a-do-brasileirao\/\"},\"wordCount\":385,\"commentCount\":0,\"image\":{\"@id\":\"https:\/\/www.gaveanews.com\/index.php\/2024\/11\/28\/idolo-do-corinthians-vai-assinar-com-clube-da-serie-a-do-brasileirao\/#primaryimage\"},\"thumbnailUrl\":\"https:\/\/www.gaveanews.com\/wp-content\/uploads\/Escudo-do-Corinthians-na-Neo-Quimica-Arena.webp\",\"articleSection\":[\"Corinthians\"],\"inLanguage\":\"pt-BR\",\"potentialAction\":[{\"@type\":\"CommentAction\",\"name\":\"Comment\",\"target\":[\"https:\/\/www.gaveanews.com\/index.php\/2024\/11\/28\/idolo-do-corinthians-vai-assinar-com-clube-da-serie-a-do-brasileirao\/#respond\"]}],\"copyrightYear\":\"2024\",\"copyrightHolder\":{\"@id\":\"https:\/\/www.gaveanews.com\/#organization\"}},{\"@type\":\"WebPage\",\"@id\":\"https:\/\/www.gaveanews.com\/index.php\/2024\/11\/28\/idolo-do-corinthians-vai-assinar-com-clube-da-serie-a-do-brasileirao\/\",\"url\":\"https:\/\/www.gaveanews.com\/index.php\/2024\/11\/28\/idolo-do-corinthians-vai-assinar-com-clube-da-serie-a-do-brasileirao\/\",\"name\":\"\u00cddolo do Corinthians vai assinar com clube da S\u00e9rie A do Brasileir\u00e3o\",\"isPartOf\":{\"@id\":\"https:\/\/www.gaveanews.com\/#website\"},\"primaryImageOfPage\":{\"@id\":\"https:\/\/www.gaveanews.com\/index.php\/2024\/11\/28\/idolo-do-corinthians-vai-assinar-com-clube-da-serie-a-do-brasileirao\/#primaryimage\"},\"image\":{\"@id\":\"https:\/\/www.gaveanews.com\/index.php\/2024\/11\/28\/idolo-do-corinthians-vai-assinar-com-clube-da-serie-a-do-brasileirao\/#primaryimage\"},\"thumbnailUrl\":\"https:\/\/www.gaveanews.com\/wp-content\/uploads\/Escudo-do-Corinthians-na-Neo-Quimica-Arena.webp\",\"datePublished\":\"2024-11-28T22:40:00+00:00\",\"author\":{\"@id\":\"https:\/\/www.gaveanews.com\/#\/schema\/person\/2424ec6409bc3f068411fc5e4e9b6168\"},\"breadcrumb\":{\"@id\":\"https:\/\/www.gaveanews.com\/index.php\/2024\/11\/28\/idolo-do-corinthians-vai-assinar-com-clube-da-serie-a-do-brasileirao\/#breadcrumb\"},\"inLanguage\":\"pt-BR\",\"potentialAction\":[{\"@type\":\"ReadAction\",\"target\":[\"https:\/\/www.gaveanews.com\/index.php\/2024\/11\/28\/idolo-do-corinthians-vai-assinar-com-clube-da-serie-a-do-brasileirao\/\"]}]},{\"@type\":\"ImageObject\",\"inLanguage\":\"pt-BR\",\"@id\":\"https:\/\/www.gaveanews.com\/index.php\/2024\/11\/28\/idolo-do-corinthians-vai-assinar-com-clube-da-serie-a-do-brasileirao\/#primaryimage\",\"url\":\"https:\/\/www.gaveanews.com\/wp-content\/uploads\/Escudo-do-Corinthians-na-Neo-Quimica-Arena.webp\",\"contentUrl\":\"https:\/\/www.gaveanews.com\/wp-content\/uploads\/Escudo-do-Corinthians-na-Neo-Quimica-Arena.webp\",\"width\":1440,\"height\":959,\"caption\":\"Escudo do Corinthians na N\u00e9o Qu\u00edmica Arena (Foto Reprodu\u00e7\u00e3o\/Instagram)\"},{\"@type\":\"BreadcrumbList\",\"@id\":\"https:\/\/www.gaveanews.com\/index.php\/2024\/11\/28\/idolo-do-corinthians-vai-assinar-com-clube-da-serie-a-do-brasileirao\/#breadcrumb\",\"itemListElement\":[{\"@type\":\"ListItem\",\"position\":1,\"name\":\"Home\",\"item\":\"https:\/\/www.gaveanews.com\/\"},{\"@type\":\"ListItem\",\"position\":2,\"name\":\"\u00cddolo do Corinthians vai assinar com clube da S\u00e9rie A do Brasileir\u00e3o\"}]},{\"@type\":\"WebSite\",\"@id\":\"https:\/\/www.gaveanews.com\/#website\",\"url\":\"https:\/\/www.gaveanews.com\/\",\"name\":\"G\u00e1vea News\",\"description\":\"Veja todas as not\u00edcias sobre o Flamengo: Contrata\u00e7\u00f5es, categorias de base, resultados das partidas, tabela de classifica\u00e7\u00e3o, pr\u00f3ximos jogos!\",\"potentialAction\":[{\"@type\":\"SearchAction\",\"target\":{\"@type\":\"EntryPoint\",\"urlTemplate\":\"https:\/\/www.gaveanews.com\/?s={search_term_string}\"},\"query-input\":{\"@type\":\"PropertyValueSpecification\",\"valueRequired\":true,\"valueName\":\"search_term_string\"}}],\"inLanguage\":\"pt-BR\"},{\"@type\":\"Person\",\"@id\":\"https:\/\/www.gaveanews.com\/#\/schema\/person\/2424ec6409bc3f068411fc5e4e9b6168\",\"name\":\"Leandro Cardoso\",\"image\":{\"@type\":\"ImageObject\",\"inLanguage\":\"pt-BR\",\"@id\":\"https:\/\/www.gaveanews.com\/#\/schema\/person\/image\/\",\"url\":\"https:\/\/secure.gravatar.com\/avatar\/8ca179f9b55eefe9f376f5493ef25475bfa59fbc28ce937f6076ce20e523098f?s=96&d=mm&r=g\",\"contentUrl\":\"https:\/\/secure.gravatar.com\/avatar\/8ca179f9b55eefe9f376f5493ef25475bfa59fbc28ce937f6076ce20e523098f?s=96&d=mm&r=g\",\"caption\":\"Leandro Cardoso\"}}]}<\/script>\n<!-- \/ Yoast SEO Premium plugin. -->","yoast_head_json":{"title":"\u00cddolo do Corinthians vai assinar com clube da S\u00e9rie A do Brasileir\u00e3o","robots":{"index":"index","follow":"follow","max-snippet":"max-snippet:-1","max-image-preview":"max-image-preview:large","max-video-preview":"max-video-preview:-1"},"canonical":"https:\/\/www.gaveanews.com\/index.php\/2024\/11\/28\/idolo-do-corinthians-vai-assinar-com-clube-da-serie-a-do-brasileirao\/","og_locale":"pt_BR","og_type":"article","og_title":"\u00cddolo do Corinthians vai assinar com clube da S\u00e9rie A do Brasileir\u00e3o","og_description":"Ap\u00f3s uma carreira vitoriosa no futebol, o ex-volante Paulinho, \u00eddolo do Corinthians e da sele\u00e7\u00e3o brasileira, est\u00e1 pronto para iniciar um novo cap\u00edtulo em sua trajet\u00f3ria, agora fora dos gramados. Aos 36 anos, o ex-jogador se aposentou recentemente e, em breve, assumir\u00e1 o cargo de coordenador t\u00e9cnico do Mirassol, clube que far\u00e1 sua estreia na [&hellip;]","og_url":"https:\/\/www.gaveanews.com\/index.php\/2024\/11\/28\/idolo-do-corinthians-vai-assinar-com-clube-da-serie-a-do-brasileirao\/","og_site_name":"G\u00e1vea News","article_publisher":"https:\/\/facebook.com\/gaveaNews\/","article_published_time":"2024-11-28T22:40:00+00:00","og_image":[{"width":1440,"height":959,"url":"https:\/\/www.gaveanews.com\/wp-content\/uploads\/Escudo-do-Corinthians-na-Neo-Quimica-Arena.webp","type":"image\/jpeg"}],"author":"Leandro Cardoso","twitter_card":"summary_large_image","twitter_misc":{"Escrito por":"Leandro Cardoso","Est. tempo de leitura":"3 minutos"},"schema":{"@context":"https:\/\/schema.org","@graph":[{"@type":"NewsArticle","@id":"https:\/\/www.gaveanews.com\/index.php\/2024\/11\/28\/idolo-do-corinthians-vai-assinar-com-clube-da-serie-a-do-brasileirao\/#article","isPartOf":{"@id":"https:\/\/www.gaveanews.com\/index.php\/2024\/11\/28\/idolo-do-corinthians-vai-assinar-com-clube-da-serie-a-do-brasileirao\/"},"author":{"name":"Leandro Cardoso","@id":"https:\/\/www.gaveanews.com\/#\/schema\/person\/2424ec6409bc3f068411fc5e4e9b6168"},"headline":"\u00cddolo do Corinthians vai assinar com clube da S\u00e9rie A do Brasileir\u00e3o","datePublished":"2024-11-28T22:40:00+00:00","mainEntityOfPage":{"@id":"https:\/\/www.gaveanews.com\/index.php\/2024\/11\/28\/idolo-do-corinthians-vai-assinar-com-clube-da-serie-a-do-brasileirao\/"},"wordCount":385,"commentCount":0,"image":{"@id":"https:\/\/www.gaveanews.com\/index.php\/2024\/11\/28\/idolo-do-corinthians-vai-assinar-com-clube-da-serie-a-do-brasileirao\/#primaryimage"},"thumbnailUrl":"https:\/\/www.gaveanews.com\/wp-content\/uploads\/Escudo-do-Corinthians-na-Neo-Quimica-Arena.webp","articleSection":["Corinthians"],"inLanguage":"pt-BR","potentialAction":[{"@type":"CommentAction","name":"Comment","target":["https:\/\/www.gaveanews.com\/index.php\/2024\/11\/28\/idolo-do-corinthians-vai-assinar-com-clube-da-serie-a-do-brasileirao\/#respond"]}],"copyrightYear":"2024","copyrightHolder":{"@id":"https:\/\/www.gaveanews.com\/#organization"}},{"@type":"WebPage","@id":"https:\/\/www.gaveanews.com\/index.php\/2024\/11\/28\/idolo-do-corinthians-vai-assinar-com-clube-da-serie-a-do-brasileirao\/","url":"https:\/\/www.gaveanews.com\/index.php\/2024\/11\/28\/idolo-do-corinthians-vai-assinar-com-clube-da-serie-a-do-brasileirao\/","name":"\u00cddolo do Corinthians vai assinar com clube da S\u00e9rie A do Brasileir\u00e3o","isPartOf":{"@id":"https:\/\/www.gaveanews.com\/#website"},"primaryImageOfPage":{"@id":"https:\/\/www.gaveanews.com\/index.php\/2024\/11\/28\/idolo-do-corinthians-vai-assinar-com-clube-da-serie-a-do-brasileirao\/#primaryimage"},"image":{"@id":"https:\/\/www.gaveanews.com\/index.php\/2024\/11\/28\/idolo-do-corinthians-vai-assinar-com-clube-da-serie-a-do-brasileirao\/#primaryimage"},"thumbnailUrl":"https:\/\/www.gaveanews.com\/wp-content\/uploads\/Escudo-do-Corinthians-na-Neo-Quimica-Arena.webp","datePublished":"2024-11-28T22:40:00+00:00","author":{"@id":"https:\/\/www.gaveanews.com\/#\/schema\/person\/2424ec6409bc3f068411fc5e4e9b6168"},"breadcrumb":{"@id":"https:\/\/www.gaveanews.com\/index.php\/2024\/11\/28\/idolo-do-corinthians-vai-assinar-com-clube-da-serie-a-do-brasileirao\/#breadcrumb"},"inLanguage":"pt-BR","potentialAction":[{"@type":"ReadAction","target":["https:\/\/www.gaveanews.com\/index.php\/2024\/11\/28\/idolo-do-corinthians-vai-assinar-com-clube-da-serie-a-do-brasileirao\/"]}]},{"@type":"ImageObject","inLanguage":"pt-BR","@id":"https:\/\/www.gaveanews.com\/index.php\/2024\/11\/28\/idolo-do-corinthians-vai-assinar-com-clube-da-serie-a-do-brasileirao\/#primaryimage","url":"https:\/\/www.gaveanews.com\/wp-content\/uploads\/Escudo-do-Corinthians-na-Neo-Quimica-Arena.webp","contentUrl":"https:\/\/www.gaveanews.com\/wp-content\/uploads\/Escudo-do-Corinthians-na-Neo-Quimica-Arena.webp","width":1440,"height":959,"caption":"Escudo do Corinthians na N\u00e9o Qu\u00edmica Arena (Foto Reprodu\u00e7\u00e3o\/Instagram)"},{"@type":"BreadcrumbList","@id":"https:\/\/www.gaveanews.com\/index.php\/2024\/11\/28\/idolo-do-corinthians-vai-assinar-com-clube-da-serie-a-do-brasileirao\/#breadcrumb","itemListElement":[{"@type":"ListItem","position":1,"name":"Home","item":"https:\/\/www.gaveanews.com\/"},{"@type":"ListItem","position":2,"name":"\u00cddolo do Corinthians vai assinar com clube da S\u00e9rie A do Brasileir\u00e3o"}]},{"@type":"WebSite","@id":"https:\/\/www.gaveanews.com\/#website","url":"https:\/\/www.gaveanews.com\/","name":"G\u00e1vea News","description":"Veja todas as not\u00edcias sobre o Flamengo: Contrata\u00e7\u00f5es, categorias de base, resultados das partidas, tabela de classifica\u00e7\u00e3o, pr\u00f3ximos jogos!","potentialAction":[{"@type":"SearchAction","target":{"@type":"EntryPoint","urlTemplate":"https:\/\/www.gaveanews.com\/?s={search_term_string}"},"query-input":{"@type":"PropertyValueSpecification","valueRequired":true,"valueName":"search_term_string"}}],"inLanguage":"pt-BR"},{"@type":"Person","@id":"https:\/\/www.gaveanews.com\/#\/schema\/person\/2424ec6409bc3f068411fc5e4e9b6168","name":"Leandro Cardoso","image":{"@type":"ImageObject","inLanguage":"pt-BR","@id":"https:\/\/www.gaveanews.com\/#\/schema\/person\/image\/","url":"https:\/\/secure.gravatar.com\/avatar\/8ca179f9b55eefe9f376f5493ef25475bfa59fbc28ce937f6076ce20e523098f?s=96&d=mm&r=g","contentUrl":"https:\/\/secure.gravatar.com\/avatar\/8ca179f9b55eefe9f376f5493ef25475bfa59fbc28ce937f6076ce20e523098f?s=96&d=mm&r=g","caption":"Leandro Cardoso"}}]}},"_links":{"self":[{"href":"https:\/\/www.gaveanews.com\/index.php\/wp-json\/wp\/v2\/posts\/191968","targetHints":{"allow":["GET"]}}],"collection":[{"href":"https:\/\/www.gaveanews.com\/index.php\/wp-json\/wp\/v2\/posts"}],"about":[{"href":"https:\/\/www.gaveanews.com\/index.php\/wp-json\/wp\/v2\/types\/post"}],"author":[{"embeddable":true,"href":"https:\/\/www.gaveanews.com\/index.php\/wp-json\/wp\/v2\/users\/24"}],"replies":[{"embeddable":true,"href":"https:\/\/www.gaveanews.com\/index.php\/wp-json\/wp\/v2\/comments?post=191968"}],"version-history":[{"count":2,"href":"https:\/\/www.gaveanews.com\/index.php\/wp-json\/wp\/v2\/posts\/191968\/revisions"}],"predecessor-version":[{"id":191996,"href":"https:\/\/www.gaveanews.com\/index.php\/wp-json\/wp\/v2\/posts\/191968\/revisions\/191996"}],"wp:featuredmedia":[{"embeddable":true,"href":"https:\/\/www.gaveanews.com\/index.php\/wp-json\/wp\/v2\/media\/154473"}],"wp:attachment":[{"href":"https:\/\/www.gaveanews.com\/index.php\/wp-json\/wp\/v2\/media?parent=191968"}],"wp:term":[{"taxonomy":"category","embeddable":true,"href":"https:\/\/www.gaveanews.com\/index.php\/wp-json\/wp\/v2\/categories?post=191968"},{"taxonomy":"post_tag","embeddable":true,"href":"https:\/\/www.gaveanews.com\/index.php\/wp-json\/wp\/v2\/tags?post=191968"}],"curies":[{"name":"wp","href":"https:\/\/api.w.org\/{rel}","templated":true}]}}