{"id":191970,"date":"2024-11-28T20:05:00","date_gmt":"2024-11-28T23:05:00","guid":{"rendered":"https:\/\/www.gaveanews.com\/?p=191970"},"modified":"2024-11-28T19:30:25","modified_gmt":"2024-11-28T22:30:25","slug":"libertadores-a-declaracao-de-thiago-almada-do-botafogo-sobre-a-final-contra-o-atletico-mg","status":"publish","type":"post","link":"https:\/\/www.gaveanews.com\/index.php\/2024\/11\/28\/libertadores-a-declaracao-de-thiago-almada-do-botafogo-sobre-a-final-contra-o-atletico-mg\/","title":{"rendered":"Libertadores: a declara\u00e7\u00e3o de Thiago Almada, do Botafogo, sobre a final contra o Atl\u00e9tico-MG"},"content":{"rendered":"\n<h2 class=\"wp-block-heading\" id=\"h-na-argentina-almada-sobre-a-final\">Na Argentina, Almada sobre a final<\/h2>\n\n\n\n<p>Ao contr\u00e1rio do Atl\u00e9tico, seu advers\u00e1rio na final da Copa Libertadores, o Botafogo est\u00e1 em busca do t\u00edtulo do Campeonato Brasileiro e n\u00e3o teve a op\u00e7\u00e3o de descansar seus titulares nos \u00faltimos confrontos deste torneio nacional antes da t\u00e3o esperada decis\u00e3o continental.<\/p>\n\n\n\n<ul class=\"wp-block-list\">\n<li><a href=\"https:\/\/www.gaveanews.com\/index.php\/2024\/11\/28\/atletico-mg-x-botafogo-a-declaracao-de-vene-casagrande-sobre-a-final-da-libertadores\/\">Atl\u00e9tico-MG x Botafogo: a declara\u00e7\u00e3o de Ven\u00ea Casagrande sobre a final da Libertadores<\/a><\/li>\n\n\n\n<li><a href=\"https:\/\/www.gaveanews.com\/index.php\/2024\/11\/28\/empresa-italiana-toma-atitude-surpreendente-voltada-ao-botafogo\/\">Empresa italiana toma atitude surpreendente voltada ao Botafogo<br><\/a><\/li>\n<\/ul>\n\n\n\n<p>Diante dessa situa\u00e7\u00e3o, o meio-campista Thiago Almada, de 23 anos, enfatizou que um per\u00edodo de descanso ser\u00e1 crucial para a equipe alvinegra se preparar mentalmente para a final deste s\u00e1bado (30), marcada para as 17h (hor\u00e1rio de Bras\u00edlia), no Est\u00e1dio M\u00e2s Monumental, em Buenos Aires.<\/p>\n\n\n\n<p>Neste m\u00eas, o Botafogo disputou cinco partidas, sendo que tr\u00eas delas foram decisivas, todas em um curto espa\u00e7o de apenas seis dias. O Glorioso registrou um empate sem gols com o Atl\u00e9tico no dia 20 de novembro em Belo Horizonte.<\/p>\n\n\n\n<p>Na sequ\u00eancia, empatou em 1 a 1 com o Vit\u00f3ria, no dia 23, no Est\u00e1dio Nilton Santos. Por \u00faltimo, conquistou uma vit\u00f3ria de 3 a 1 sobre o Palmeiras, no dia 26 (ter\u00e7a-feira), no Allianz Parque, em S\u00e3o Paulo. Em todas essas partidas, foi escalado com sua for\u00e7a m\u00e1xima.<\/p>\n\n\n\n<figure class=\"wp-block-image size-large\"><img loading=\"lazy\" decoding=\"async\" width=\"1024\" height=\"683\" src=\"https:\/\/www.gaveanews.com\/wp-content\/uploads\/Escudo-do-Botafogo-1024x683.webp\" alt=\"\" class=\"wp-image-156132\" srcset=\"https:\/\/www.gaveanews.com\/wp-content\/uploads\/Escudo-do-Botafogo-1024x683.webp 1024w, https:\/\/www.gaveanews.com\/wp-content\/uploads\/Escudo-do-Botafogo-300x200.webp 300w, https:\/\/www.gaveanews.com\/wp-content\/uploads\/Escudo-do-Botafogo-768x512.webp 768w, https:\/\/www.gaveanews.com\/wp-content\/uploads\/Escudo-do-Botafogo-630x420.webp 630w, https:\/\/www.gaveanews.com\/wp-content\/uploads\/Escudo-do-Botafogo-640x427.webp 640w, https:\/\/www.gaveanews.com\/wp-content\/uploads\/Escudo-do-Botafogo-681x454.webp 681w, https:\/\/www.gaveanews.com\/wp-content\/uploads\/Escudo-do-Botafogo-100x67.webp 100w, https:\/\/www.gaveanews.com\/wp-content\/uploads\/Escudo-do-Botafogo.webp 1053w\" sizes=\"auto, (max-width: 1024px) 100vw, 1024px\" \/><figcaption class=\"wp-element-caption\">Escudo do Botafogo (Foto: Reprodu\u00e7\u00e3o\/Botafogo)<\/figcaption><\/figure>\n\n\n\n<p>\u201cChegamos (a Buenos Aires) bem, com tranquilidade. Vamos desfrutar da companhia dos companheiros nos treinamentos, antes da final, e temos que tentar descansar tamb\u00e9m, porque viemos de uma s\u00e9rie complicada e temos que chegar da melhor maneira no s\u00e1bado (30)\u201d, destacou Almada em sua chegada \u00e0 Argentina.<\/p>\n\n\n\n<p>Thiago tamb\u00e9m foi questionado se o Botafogo conseguiria manter o estilo de jogo atraente que mostrou ao longo do ano nesta final contra o Atl\u00e9tico.<\/p>\n\n\n\n<p>\u201cTratamos de fazer bem as coisas, como pede o t\u00e9cnico, e sei que \u00e0s vezes acontece, \u00e0s vezes n\u00e3o. Mas sempre tentamos jogar um futebol bonito\u201d, completou o meia de 23 anos.<\/p>\n\n\n\n<p>Dois treinamentos do Botafogo ser\u00e3o realizados na Argentina, ambos no Mapuche Country Club, o centro de treinamento do Tigre, localizado na cidade de Pilar, na regi\u00e3o metropolitana de Buenos Aires. O primeiro ocorreu nesta quinta-feira, sem a presen\u00e7a da imprensa. O pr\u00f3ximo ocorrer\u00e1 na sexta-feira, \u00e0s 10h (hor\u00e1rio de Bras\u00edlia).<\/p>\n\n\n\n<p>Na sexta-feira, \u00e0s 13h30, o grupo realizar\u00e1 a avalia\u00e7\u00e3o do campo do Est\u00e1dio M\u00e2s Monumental, local da decis\u00e3o da Copa Libertadores. No mesmo local, \u00e0s 13h45, ocorrer\u00e1 uma entrevista coletiva.<\/p>\n\n\n\n<p>A equipe completa do Botafogo chegou a Buenos Aires para a final da Libertadores. O defensor Bastos, que abandonou a partida contra o Palmeiras com queixas musculares, \u00e9 a \u00fanica inc\u00f3gnita do time.<\/p>\n\n\n\n<p>Com a chance de conquistar dois grandes t\u00edtulos Libertadores e Campeonato Brasileiro em um curto per\u00edodo de dias, o Botafogo atravessa a semana mais crucial de sua hist\u00f3ria.<\/p>\n\n\n\n<p><\/p>\n","protected":false},"excerpt":{"rendered":"<p>Na Argentina, Almada sobre a final Ao contr\u00e1rio do Atl\u00e9tico, seu advers\u00e1rio na final da Copa Libertadores, o Botafogo est\u00e1 em busca do t\u00edtulo do Campeonato Brasileiro e n\u00e3o teve a op\u00e7\u00e3o de descansar seus titulares nos \u00faltimos confrontos deste torneio nacional antes da t\u00e3o esperada decis\u00e3o continental. Diante dessa situa\u00e7\u00e3o, o meio-campista Thiago Almada, [&hellip;]<\/p>\n","protected":false},"author":16,"featured_media":168201,"comment_status":"open","ping_status":"closed","sticky":false,"template":"","format":"standard","meta":{"footnotes":""},"categories":[136,138],"tags":[],"class_list":["post-191970","post","type-post","status-publish","format-standard","has-post-thumbnail","hentry","category-atletico-mg","category-botafogo"],"yoast_head":"<!-- This site is optimized with the Yoast SEO Premium plugin v24.2 (Yoast SEO v26.9) - https:\/\/yoast.com\/product\/yoast-seo-premium-wordpress\/ -->\n<title>Libertadores: a declara\u00e7\u00e3o de Thiago Almada, do Botafogo, sobre a final contra o Atl\u00e9tico-MG<\/title>\n<meta name=\"description\" content=\"Libertadores: a declara\u00e7\u00e3o de Thiago Almada, do Botafogo, sobre a final contra o Atl\u00e9tico-MG\" \/>\n<meta name=\"robots\" content=\"index, follow, max-snippet:-1, max-image-preview:large, max-video-preview:-1\" \/>\n<link rel=\"canonical\" href=\"https:\/\/www.gaveanews.com\/index.php\/2024\/11\/28\/libertadores-a-declaracao-de-thiago-almada-do-botafogo-sobre-a-final-contra-o-atletico-mg\/\" \/>\n<meta property=\"og:locale\" content=\"pt_BR\" \/>\n<meta property=\"og:type\" content=\"article\" \/>\n<meta property=\"og:title\" content=\"Libertadores: a declara\u00e7\u00e3o de Thiago Almada, do Botafogo, sobre a final contra o Atl\u00e9tico-MG\" \/>\n<meta property=\"og:description\" content=\"Libertadores: a declara\u00e7\u00e3o de Thiago Almada, do Botafogo, sobre a final contra o Atl\u00e9tico-MG\" \/>\n<meta property=\"og:url\" content=\"https:\/\/www.gaveanews.com\/index.php\/2024\/11\/28\/libertadores-a-declaracao-de-thiago-almada-do-botafogo-sobre-a-final-contra-o-atletico-mg\/\" \/>\n<meta property=\"og:site_name\" content=\"G\u00e1vea News\" \/>\n<meta property=\"article:publisher\" content=\"https:\/\/facebook.com\/gaveaNews\/\" \/>\n<meta property=\"article:published_time\" content=\"2024-11-28T23:05:00+00:00\" \/>\n<meta property=\"og:image\" content=\"https:\/\/www.gaveanews.com\/wp-content\/uploads\/Thiago-Almada-e-apresentado-pelo-Botafogo.webp\" \/>\n\t<meta property=\"og:image:width\" content=\"984\" \/>\n\t<meta property=\"og:image:height\" content=\"656\" \/>\n\t<meta property=\"og:image:type\" content=\"image\/jpeg\" \/>\n<meta name=\"author\" content=\"D\u00e9bora Figueiredo\" \/>\n<meta name=\"twitter:card\" content=\"summary_large_image\" \/>\n<meta name=\"twitter:label1\" content=\"Escrito por\" \/>\n\t<meta name=\"twitter:data1\" content=\"D\u00e9bora Figueiredo\" \/>\n\t<meta name=\"twitter:label2\" content=\"Est. tempo de leitura\" \/>\n\t<meta name=\"twitter:data2\" content=\"3 minutos\" \/>\n<script type=\"application\/ld+json\" class=\"yoast-schema-graph\">{\"@context\":\"https:\/\/schema.org\",\"@graph\":[{\"@type\":\"NewsArticle\",\"@id\":\"https:\/\/www.gaveanews.com\/index.php\/2024\/11\/28\/libertadores-a-declaracao-de-thiago-almada-do-botafogo-sobre-a-final-contra-o-atletico-mg\/#article\",\"isPartOf\":{\"@id\":\"https:\/\/www.gaveanews.com\/index.php\/2024\/11\/28\/libertadores-a-declaracao-de-thiago-almada-do-botafogo-sobre-a-final-contra-o-atletico-mg\/\"},\"author\":{\"name\":\"D\u00e9bora Figueiredo\",\"@id\":\"https:\/\/www.gaveanews.com\/#\/schema\/person\/37122681a8575a5c8db05a56f099a5e4\"},\"headline\":\"Libertadores: a declara\u00e7\u00e3o de Thiago Almada, do Botafogo, sobre a final contra o Atl\u00e9tico-MG\",\"datePublished\":\"2024-11-28T23:05:00+00:00\",\"mainEntityOfPage\":{\"@id\":\"https:\/\/www.gaveanews.com\/index.php\/2024\/11\/28\/libertadores-a-declaracao-de-thiago-almada-do-botafogo-sobre-a-final-contra-o-atletico-mg\/\"},\"wordCount\":508,\"commentCount\":0,\"image\":{\"@id\":\"https:\/\/www.gaveanews.com\/index.php\/2024\/11\/28\/libertadores-a-declaracao-de-thiago-almada-do-botafogo-sobre-a-final-contra-o-atletico-mg\/#primaryimage\"},\"thumbnailUrl\":\"https:\/\/www.gaveanews.com\/wp-content\/uploads\/Thiago-Almada-e-apresentado-pelo-Botafogo.webp\",\"articleSection\":[\"Atl\u00e9tico-MG\",\"Botafogo\"],\"inLanguage\":\"pt-BR\",\"potentialAction\":[{\"@type\":\"CommentAction\",\"name\":\"Comment\",\"target\":[\"https:\/\/www.gaveanews.com\/index.php\/2024\/11\/28\/libertadores-a-declaracao-de-thiago-almada-do-botafogo-sobre-a-final-contra-o-atletico-mg\/#respond\"]}],\"copyrightYear\":\"2024\",\"copyrightHolder\":{\"@id\":\"https:\/\/www.gaveanews.com\/#organization\"}},{\"@type\":\"WebPage\",\"@id\":\"https:\/\/www.gaveanews.com\/index.php\/2024\/11\/28\/libertadores-a-declaracao-de-thiago-almada-do-botafogo-sobre-a-final-contra-o-atletico-mg\/\",\"url\":\"https:\/\/www.gaveanews.com\/index.php\/2024\/11\/28\/libertadores-a-declaracao-de-thiago-almada-do-botafogo-sobre-a-final-contra-o-atletico-mg\/\",\"name\":\"Libertadores: a declara\u00e7\u00e3o de Thiago Almada, do Botafogo, sobre a final contra o Atl\u00e9tico-MG\",\"isPartOf\":{\"@id\":\"https:\/\/www.gaveanews.com\/#website\"},\"primaryImageOfPage\":{\"@id\":\"https:\/\/www.gaveanews.com\/index.php\/2024\/11\/28\/libertadores-a-declaracao-de-thiago-almada-do-botafogo-sobre-a-final-contra-o-atletico-mg\/#primaryimage\"},\"image\":{\"@id\":\"https:\/\/www.gaveanews.com\/index.php\/2024\/11\/28\/libertadores-a-declaracao-de-thiago-almada-do-botafogo-sobre-a-final-contra-o-atletico-mg\/#primaryimage\"},\"thumbnailUrl\":\"https:\/\/www.gaveanews.com\/wp-content\/uploads\/Thiago-Almada-e-apresentado-pelo-Botafogo.webp\",\"datePublished\":\"2024-11-28T23:05:00+00:00\",\"author\":{\"@id\":\"https:\/\/www.gaveanews.com\/#\/schema\/person\/37122681a8575a5c8db05a56f099a5e4\"},\"description\":\"Libertadores: a declara\u00e7\u00e3o de Thiago Almada, do Botafogo, sobre a final contra o Atl\u00e9tico-MG\",\"breadcrumb\":{\"@id\":\"https:\/\/www.gaveanews.com\/index.php\/2024\/11\/28\/libertadores-a-declaracao-de-thiago-almada-do-botafogo-sobre-a-final-contra-o-atletico-mg\/#breadcrumb\"},\"inLanguage\":\"pt-BR\",\"potentialAction\":[{\"@type\":\"ReadAction\",\"target\":[\"https:\/\/www.gaveanews.com\/index.php\/2024\/11\/28\/libertadores-a-declaracao-de-thiago-almada-do-botafogo-sobre-a-final-contra-o-atletico-mg\/\"]}]},{\"@type\":\"ImageObject\",\"inLanguage\":\"pt-BR\",\"@id\":\"https:\/\/www.gaveanews.com\/index.php\/2024\/11\/28\/libertadores-a-declaracao-de-thiago-almada-do-botafogo-sobre-a-final-contra-o-atletico-mg\/#primaryimage\",\"url\":\"https:\/\/www.gaveanews.com\/wp-content\/uploads\/Thiago-Almada-e-apresentado-pelo-Botafogo.webp\",\"contentUrl\":\"https:\/\/www.gaveanews.com\/wp-content\/uploads\/Thiago-Almada-e-apresentado-pelo-Botafogo.webp\",\"width\":984,\"height\":656,\"caption\":\"Thiago Almada em apresenta\u00e7\u00e3o pelo Botafogo (Foto: Vitor Silva\/Botafogo)\"},{\"@type\":\"BreadcrumbList\",\"@id\":\"https:\/\/www.gaveanews.com\/index.php\/2024\/11\/28\/libertadores-a-declaracao-de-thiago-almada-do-botafogo-sobre-a-final-contra-o-atletico-mg\/#breadcrumb\",\"itemListElement\":[{\"@type\":\"ListItem\",\"position\":1,\"name\":\"Home\",\"item\":\"https:\/\/www.gaveanews.com\/\"},{\"@type\":\"ListItem\",\"position\":2,\"name\":\"Libertadores: a declara\u00e7\u00e3o de Thiago Almada, do Botafogo, sobre a final contra o Atl\u00e9tico-MG\"}]},{\"@type\":\"WebSite\",\"@id\":\"https:\/\/www.gaveanews.com\/#website\",\"url\":\"https:\/\/www.gaveanews.com\/\",\"name\":\"G\u00e1vea News\",\"description\":\"Veja todas as not\u00edcias sobre o Flamengo: Contrata\u00e7\u00f5es, categorias de base, resultados das partidas, tabela de classifica\u00e7\u00e3o, pr\u00f3ximos jogos!\",\"potentialAction\":[{\"@type\":\"SearchAction\",\"target\":{\"@type\":\"EntryPoint\",\"urlTemplate\":\"https:\/\/www.gaveanews.com\/?s={search_term_string}\"},\"query-input\":{\"@type\":\"PropertyValueSpecification\",\"valueRequired\":true,\"valueName\":\"search_term_string\"}}],\"inLanguage\":\"pt-BR\"},{\"@type\":\"Person\",\"@id\":\"https:\/\/www.gaveanews.com\/#\/schema\/person\/37122681a8575a5c8db05a56f099a5e4\",\"name\":\"D\u00e9bora Figueiredo\",\"image\":{\"@type\":\"ImageObject\",\"inLanguage\":\"pt-BR\",\"@id\":\"https:\/\/www.gaveanews.com\/#\/schema\/person\/image\/\",\"url\":\"https:\/\/secure.gravatar.com\/avatar\/1f44802859351588499d26f52aed1d15796ce17e67602895b72837c08018868d?s=96&d=mm&r=g\",\"contentUrl\":\"https:\/\/secure.gravatar.com\/avatar\/1f44802859351588499d26f52aed1d15796ce17e67602895b72837c08018868d?s=96&d=mm&r=g\",\"caption\":\"D\u00e9bora Figueiredo\"}}]}<\/script>\n<!-- \/ Yoast SEO Premium plugin. -->","yoast_head_json":{"title":"Libertadores: a declara\u00e7\u00e3o de Thiago Almada, do Botafogo, sobre a final contra o Atl\u00e9tico-MG","description":"Libertadores: a declara\u00e7\u00e3o de Thiago Almada, do Botafogo, sobre a final contra o Atl\u00e9tico-MG","robots":{"index":"index","follow":"follow","max-snippet":"max-snippet:-1","max-image-preview":"max-image-preview:large","max-video-preview":"max-video-preview:-1"},"canonical":"https:\/\/www.gaveanews.com\/index.php\/2024\/11\/28\/libertadores-a-declaracao-de-thiago-almada-do-botafogo-sobre-a-final-contra-o-atletico-mg\/","og_locale":"pt_BR","og_type":"article","og_title":"Libertadores: a declara\u00e7\u00e3o de Thiago Almada, do Botafogo, sobre a final contra o Atl\u00e9tico-MG","og_description":"Libertadores: a declara\u00e7\u00e3o de Thiago Almada, do Botafogo, sobre a final contra o Atl\u00e9tico-MG","og_url":"https:\/\/www.gaveanews.com\/index.php\/2024\/11\/28\/libertadores-a-declaracao-de-thiago-almada-do-botafogo-sobre-a-final-contra-o-atletico-mg\/","og_site_name":"G\u00e1vea News","article_publisher":"https:\/\/facebook.com\/gaveaNews\/","article_published_time":"2024-11-28T23:05:00+00:00","og_image":[{"width":984,"height":656,"url":"https:\/\/www.gaveanews.com\/wp-content\/uploads\/Thiago-Almada-e-apresentado-pelo-Botafogo.webp","type":"image\/jpeg"}],"author":"D\u00e9bora Figueiredo","twitter_card":"summary_large_image","twitter_misc":{"Escrito por":"D\u00e9bora Figueiredo","Est. tempo de leitura":"3 minutos"},"schema":{"@context":"https:\/\/schema.org","@graph":[{"@type":"NewsArticle","@id":"https:\/\/www.gaveanews.com\/index.php\/2024\/11\/28\/libertadores-a-declaracao-de-thiago-almada-do-botafogo-sobre-a-final-contra-o-atletico-mg\/#article","isPartOf":{"@id":"https:\/\/www.gaveanews.com\/index.php\/2024\/11\/28\/libertadores-a-declaracao-de-thiago-almada-do-botafogo-sobre-a-final-contra-o-atletico-mg\/"},"author":{"name":"D\u00e9bora Figueiredo","@id":"https:\/\/www.gaveanews.com\/#\/schema\/person\/37122681a8575a5c8db05a56f099a5e4"},"headline":"Libertadores: a declara\u00e7\u00e3o de Thiago Almada, do Botafogo, sobre a final contra o Atl\u00e9tico-MG","datePublished":"2024-11-28T23:05:00+00:00","mainEntityOfPage":{"@id":"https:\/\/www.gaveanews.com\/index.php\/2024\/11\/28\/libertadores-a-declaracao-de-thiago-almada-do-botafogo-sobre-a-final-contra-o-atletico-mg\/"},"wordCount":508,"commentCount":0,"image":{"@id":"https:\/\/www.gaveanews.com\/index.php\/2024\/11\/28\/libertadores-a-declaracao-de-thiago-almada-do-botafogo-sobre-a-final-contra-o-atletico-mg\/#primaryimage"},"thumbnailUrl":"https:\/\/www.gaveanews.com\/wp-content\/uploads\/Thiago-Almada-e-apresentado-pelo-Botafogo.webp","articleSection":["Atl\u00e9tico-MG","Botafogo"],"inLanguage":"pt-BR","potentialAction":[{"@type":"CommentAction","name":"Comment","target":["https:\/\/www.gaveanews.com\/index.php\/2024\/11\/28\/libertadores-a-declaracao-de-thiago-almada-do-botafogo-sobre-a-final-contra-o-atletico-mg\/#respond"]}],"copyrightYear":"2024","copyrightHolder":{"@id":"https:\/\/www.gaveanews.com\/#organization"}},{"@type":"WebPage","@id":"https:\/\/www.gaveanews.com\/index.php\/2024\/11\/28\/libertadores-a-declaracao-de-thiago-almada-do-botafogo-sobre-a-final-contra-o-atletico-mg\/","url":"https:\/\/www.gaveanews.com\/index.php\/2024\/11\/28\/libertadores-a-declaracao-de-thiago-almada-do-botafogo-sobre-a-final-contra-o-atletico-mg\/","name":"Libertadores: a declara\u00e7\u00e3o de Thiago Almada, do Botafogo, sobre a final contra o Atl\u00e9tico-MG","isPartOf":{"@id":"https:\/\/www.gaveanews.com\/#website"},"primaryImageOfPage":{"@id":"https:\/\/www.gaveanews.com\/index.php\/2024\/11\/28\/libertadores-a-declaracao-de-thiago-almada-do-botafogo-sobre-a-final-contra-o-atletico-mg\/#primaryimage"},"image":{"@id":"https:\/\/www.gaveanews.com\/index.php\/2024\/11\/28\/libertadores-a-declaracao-de-thiago-almada-do-botafogo-sobre-a-final-contra-o-atletico-mg\/#primaryimage"},"thumbnailUrl":"https:\/\/www.gaveanews.com\/wp-content\/uploads\/Thiago-Almada-e-apresentado-pelo-Botafogo.webp","datePublished":"2024-11-28T23:05:00+00:00","author":{"@id":"https:\/\/www.gaveanews.com\/#\/schema\/person\/37122681a8575a5c8db05a56f099a5e4"},"description":"Libertadores: a declara\u00e7\u00e3o de Thiago Almada, do Botafogo, sobre a final contra o Atl\u00e9tico-MG","breadcrumb":{"@id":"https:\/\/www.gaveanews.com\/index.php\/2024\/11\/28\/libertadores-a-declaracao-de-thiago-almada-do-botafogo-sobre-a-final-contra-o-atletico-mg\/#breadcrumb"},"inLanguage":"pt-BR","potentialAction":[{"@type":"ReadAction","target":["https:\/\/www.gaveanews.com\/index.php\/2024\/11\/28\/libertadores-a-declaracao-de-thiago-almada-do-botafogo-sobre-a-final-contra-o-atletico-mg\/"]}]},{"@type":"ImageObject","inLanguage":"pt-BR","@id":"https:\/\/www.gaveanews.com\/index.php\/2024\/11\/28\/libertadores-a-declaracao-de-thiago-almada-do-botafogo-sobre-a-final-contra-o-atletico-mg\/#primaryimage","url":"https:\/\/www.gaveanews.com\/wp-content\/uploads\/Thiago-Almada-e-apresentado-pelo-Botafogo.webp","contentUrl":"https:\/\/www.gaveanews.com\/wp-content\/uploads\/Thiago-Almada-e-apresentado-pelo-Botafogo.webp","width":984,"height":656,"caption":"Thiago Almada em apresenta\u00e7\u00e3o pelo Botafogo (Foto: Vitor Silva\/Botafogo)"},{"@type":"BreadcrumbList","@id":"https:\/\/www.gaveanews.com\/index.php\/2024\/11\/28\/libertadores-a-declaracao-de-thiago-almada-do-botafogo-sobre-a-final-contra-o-atletico-mg\/#breadcrumb","itemListElement":[{"@type":"ListItem","position":1,"name":"Home","item":"https:\/\/www.gaveanews.com\/"},{"@type":"ListItem","position":2,"name":"Libertadores: a declara\u00e7\u00e3o de Thiago Almada, do Botafogo, sobre a final contra o Atl\u00e9tico-MG"}]},{"@type":"WebSite","@id":"https:\/\/www.gaveanews.com\/#website","url":"https:\/\/www.gaveanews.com\/","name":"G\u00e1vea News","description":"Veja todas as not\u00edcias sobre o Flamengo: Contrata\u00e7\u00f5es, categorias de base, resultados das partidas, tabela de classifica\u00e7\u00e3o, pr\u00f3ximos jogos!","potentialAction":[{"@type":"SearchAction","target":{"@type":"EntryPoint","urlTemplate":"https:\/\/www.gaveanews.com\/?s={search_term_string}"},"query-input":{"@type":"PropertyValueSpecification","valueRequired":true,"valueName":"search_term_string"}}],"inLanguage":"pt-BR"},{"@type":"Person","@id":"https:\/\/www.gaveanews.com\/#\/schema\/person\/37122681a8575a5c8db05a56f099a5e4","name":"D\u00e9bora Figueiredo","image":{"@type":"ImageObject","inLanguage":"pt-BR","@id":"https:\/\/www.gaveanews.com\/#\/schema\/person\/image\/","url":"https:\/\/secure.gravatar.com\/avatar\/1f44802859351588499d26f52aed1d15796ce17e67602895b72837c08018868d?s=96&d=mm&r=g","contentUrl":"https:\/\/secure.gravatar.com\/avatar\/1f44802859351588499d26f52aed1d15796ce17e67602895b72837c08018868d?s=96&d=mm&r=g","caption":"D\u00e9bora Figueiredo"}}]}},"_links":{"self":[{"href":"https:\/\/www.gaveanews.com\/index.php\/wp-json\/wp\/v2\/posts\/191970","targetHints":{"allow":["GET"]}}],"collection":[{"href":"https:\/\/www.gaveanews.com\/index.php\/wp-json\/wp\/v2\/posts"}],"about":[{"href":"https:\/\/www.gaveanews.com\/index.php\/wp-json\/wp\/v2\/types\/post"}],"author":[{"embeddable":true,"href":"https:\/\/www.gaveanews.com\/index.php\/wp-json\/wp\/v2\/users\/16"}],"replies":[{"embeddable":true,"href":"https:\/\/www.gaveanews.com\/index.php\/wp-json\/wp\/v2\/comments?post=191970"}],"version-history":[{"count":2,"href":"https:\/\/www.gaveanews.com\/index.php\/wp-json\/wp\/v2\/posts\/191970\/revisions"}],"predecessor-version":[{"id":192004,"href":"https:\/\/www.gaveanews.com\/index.php\/wp-json\/wp\/v2\/posts\/191970\/revisions\/192004"}],"wp:featuredmedia":[{"embeddable":true,"href":"https:\/\/www.gaveanews.com\/index.php\/wp-json\/wp\/v2\/media\/168201"}],"wp:attachment":[{"href":"https:\/\/www.gaveanews.com\/index.php\/wp-json\/wp\/v2\/media?parent=191970"}],"wp:term":[{"taxonomy":"category","embeddable":true,"href":"https:\/\/www.gaveanews.com\/index.php\/wp-json\/wp\/v2\/categories?post=191970"},{"taxonomy":"post_tag","embeddable":true,"href":"https:\/\/www.gaveanews.com\/index.php\/wp-json\/wp\/v2\/tags?post=191970"}],"curies":[{"name":"wp","href":"https:\/\/api.w.org\/{rel}","templated":true}]}}