{"id":191971,"date":"2024-11-28T19:23:29","date_gmt":"2024-11-28T22:23:29","guid":{"rendered":"https:\/\/www.gaveanews.com\/?p=191971"},"modified":"2024-11-28T19:20:23","modified_gmt":"2024-11-28T22:20:23","slug":"atitude-de-pedro-do-flamengo-revolta-torcedores","status":"publish","type":"post","link":"https:\/\/www.gaveanews.com\/index.php\/2024\/11\/28\/atitude-de-pedro-do-flamengo-revolta-torcedores\/","title":{"rendered":"Atitude de Pedro, do Flamengo, revolta torcedores"},"content":{"rendered":"\n<p>Pedro, um dos maiores \u00eddolos recentes da hist\u00f3ria do Flamengo, mais uma vez est\u00e1 no centro das aten\u00e7\u00f5es. Desta vez, a pol\u00eamica n\u00e3o envolve seu desempenho dentro de campo, mas sim o lan\u00e7amento de uma joia exclusiva que tem gerado discuss\u00f5es nas redes sociais.&nbsp;<\/p>\n\n\n\n<ul class=\"wp-block-list\">\n<li><a href=\"https:\/\/www.gaveanews.com\/index.php\/2024\/11\/28\/flamengo-anuncia-renovacao-contratual\/\">Flamengo anuncia renova\u00e7\u00e3o contratual<\/a><\/li>\n\n\n\n<li><a href=\"https:\/\/www.gaveanews.com\/index.php\/2024\/11\/28\/flamengo-e-punido-pelo-stjd-6\/\">Flamengo \u00e9 punido pelo STJD<\/a><\/li>\n<\/ul>\n\n\n\n<p>O atacante, que recentemente se tornou sin\u00f4nimo de gols e t\u00edtulos para o Meng\u00e3o, agora traz para o mercado uma pe\u00e7a de luxo, mas a atitude est\u00e1 dividindo opini\u00f5es entre os torcedores.<\/p>\n\n\n\n<h2 class=\"wp-block-heading\" id=\"h-lancamento-de-joia-gera-reacoes\">Lan\u00e7amento de joia gera rea\u00e7\u00f5es<\/h2>\n\n\n\n<p>Pedro, em parceria com a marca &#8220;S\u00f3 \u00cddolos&#8221;, lan\u00e7ou um pingente que faz refer\u00eancia \u00e0 sua marca registrada: a comemora\u00e7\u00e3o de rever\u00eancia. A pe\u00e7a, confeccionada em ouro 18k, est\u00e1 \u00e0 venda no site oficial da marca pelo pre\u00e7o de 999 reais.&nbsp;<\/p>\n\n\n\n<p>Embora a joia tenha sido bem recebida por alguns, muitos torcedores do Flamengo demonstraram descontentamento com o valor elevado da pe\u00e7a. &#8220;\u00c9 o time do povo&#8221;, afirmou um torcedor, enquanto outro se mostrou ainda mais cr\u00edtico: &#8220;O pre\u00e7o \u00e9 absurdo!&#8221;<\/p>\n\n\n\n<p>Vale destacar que essa n\u00e3o \u00e9 a primeira vez que Pedro colabora com a marca S\u00f3 \u00cddolos. Em uma campanha anterior, o atacante lan\u00e7ou um kit especial com uma camisa oficial do Flamengo, personalizada com seu patch e aut\u00f3grafo exclusivo.&nbsp;<\/p>\n\n\n\n<p>A marca tem conquistado cada vez mais adeptos, sendo que a associa\u00e7\u00e3o com grandes \u00eddolos rubro-negros tem mostrado bons resultados comerciais.<\/p>\n\n\n\n<blockquote class=\"twitter-tweet\"><p lang=\"pt\" dir=\"ltr\">Pedro, do Flamengo, lan\u00e7a pingente com a sua comemora\u00e7\u00e3o.<br><br>O produto tem acabamento em ouro 18K e custa R$ 999.<br><br>\ud83d\uddde <a href=\"https:\/\/twitter.com\/lancenet?ref_src=twsrc%5Etfw\">@lancenet<\/a> <br>\ud83d\udcf8 Divulga\u00e7\u00e3o <a href=\"https:\/\/t.co\/0sP4S0siWb\">pic.twitter.com\/0sP4S0siWb<\/a><\/p>&mdash; Planeta do Futebol \ud83c\udf0e (@futebol_info) <a href=\"https:\/\/twitter.com\/futebol_info\/status\/1862204428071108820?ref_src=twsrc%5Etfw\">November 28, 2024<\/a><\/blockquote> <script async src=\"https:\/\/platform.twitter.com\/widgets.js\" charset=\"utf-8\"><\/script>\n\n\n\n<h2 class=\"wp-block-heading\" id=\"h-repercussao-nas-redes-sociais\">Repercuss\u00e3o nas redes sociais<\/h2>\n\n\n\n<p>Desse jeito, o lan\u00e7amento gerou um misto de rea\u00e7\u00f5es. Enquanto alguns celebram o novo produto como um s\u00edmbolo de status e lealdade ao \u00eddolo, outros se sentem desconfort\u00e1veis com o pre\u00e7o de quase mil reais, especialmente em um contexto em que muitos consideram o Flamengo como &#8220;o time do povo&#8221;.&nbsp;<\/p>\n\n\n\n<p>Com isso, Pedro se v\u00ea mais uma vez em evid\u00eancia, mas agora fora dos gramados, provocando um debate sobre os limites do mercado de produtos associados a grandes \u00eddolos do futebol. Veja alguns coment\u00e1rios dos torcedores a seguir.<\/p>\n\n\n\n<blockquote class=\"twitter-tweet\" data-conversation=\"none\"><p lang=\"pt\" dir=\"ltr\">Boa Pedro, mas usar pingente eu prefiro do escudo do Flamengo.<\/p>&mdash; Lucas \u1d9c\u02b3\u1da0 (@lucpedrosa) <a href=\"https:\/\/twitter.com\/lucpedrosa\/status\/1862205151198478716?ref_src=twsrc%5Etfw\">November 28, 2024<\/a><\/blockquote> <script async src=\"https:\/\/platform.twitter.com\/widgets.js\" charset=\"utf-8\"><\/script>\n\n\n\n<blockquote class=\"twitter-tweet\" data-conversation=\"none\"><p lang=\"pt\" dir=\"ltr\">Pre\u00e7o absurdo, \u00e9 de cair o queixo<\/p>&mdash; \u2720 Couttismo (@Couttismo) <a href=\"https:\/\/twitter.com\/Couttismo\/status\/1862204587760898471?ref_src=twsrc%5Etfw\">November 28, 2024<\/a><\/blockquote> <script async src=\"https:\/\/platform.twitter.com\/widgets.js\" charset=\"utf-8\"><\/script>\n\n\n\n<blockquote class=\"twitter-tweet\" data-conversation=\"none\"><p lang=\"pt\" dir=\"ltr\">\u00c9 o time do Povo kkkkk<\/p>&mdash; Severo Bino (66\/65)\ud83c\udd70\ufe0f\ud83e\udd81\ud83c\udde7\ud83c\uddea\ud83c\udde9\ud83c\uddea (@levisevero1305) <a href=\"https:\/\/twitter.com\/levisevero1305\/status\/1862211070791757989?ref_src=twsrc%5Etfw\">November 28, 2024<\/a><\/blockquote> <script async src=\"https:\/\/platform.twitter.com\/widgets.js\" charset=\"utf-8\"><\/script>\n","protected":false},"excerpt":{"rendered":"<p>Pedro, um dos maiores \u00eddolos recentes da hist\u00f3ria do Flamengo, mais uma vez est\u00e1 no centro das aten\u00e7\u00f5es. Desta vez, a pol\u00eamica n\u00e3o envolve seu desempenho dentro de campo, mas sim o lan\u00e7amento de uma joia exclusiva que tem gerado discuss\u00f5es nas redes sociais.&nbsp; O atacante, que recentemente se tornou sin\u00f4nimo de gols e t\u00edtulos [&hellip;]<\/p>\n","protected":false},"author":24,"featured_media":158916,"comment_status":"open","ping_status":"closed","sticky":false,"template":"","format":"standard","meta":{"footnotes":""},"categories":[1],"tags":[],"class_list":["post-191971","post","type-post","status-publish","format-standard","has-post-thumbnail","hentry","category-flamengo"],"yoast_head":"<!-- This site is optimized with the Yoast SEO Premium plugin v24.2 (Yoast SEO v26.9) - https:\/\/yoast.com\/product\/yoast-seo-premium-wordpress\/ -->\n<title>Atitude de Pedro, do Flamengo, revolta torcedores<\/title>\n<meta name=\"robots\" content=\"index, follow, max-snippet:-1, max-image-preview:large, max-video-preview:-1\" \/>\n<link rel=\"canonical\" href=\"https:\/\/www.gaveanews.com\/index.php\/2024\/11\/28\/atitude-de-pedro-do-flamengo-revolta-torcedores\/\" \/>\n<meta property=\"og:locale\" content=\"pt_BR\" \/>\n<meta property=\"og:type\" content=\"article\" \/>\n<meta property=\"og:title\" content=\"Atitude de Pedro, do Flamengo, revolta torcedores\" \/>\n<meta property=\"og:description\" content=\"Pedro, um dos maiores \u00eddolos recentes da hist\u00f3ria do Flamengo, mais uma vez est\u00e1 no centro das aten\u00e7\u00f5es. Desta vez, a pol\u00eamica n\u00e3o envolve seu desempenho dentro de campo, mas sim o lan\u00e7amento de uma joia exclusiva que tem gerado discuss\u00f5es nas redes sociais.&nbsp; O atacante, que recentemente se tornou sin\u00f4nimo de gols e t\u00edtulos [&hellip;]\" \/>\n<meta property=\"og:url\" content=\"https:\/\/www.gaveanews.com\/index.php\/2024\/11\/28\/atitude-de-pedro-do-flamengo-revolta-torcedores\/\" \/>\n<meta property=\"og:site_name\" content=\"G\u00e1vea News\" \/>\n<meta property=\"article:publisher\" content=\"https:\/\/facebook.com\/gaveaNews\/\" \/>\n<meta property=\"article:published_time\" content=\"2024-11-28T22:23:29+00:00\" \/>\n<meta property=\"og:image\" content=\"https:\/\/www.gaveanews.com\/wp-content\/uploads\/Pedro-em-acao-pelo-Flamengo.webp\" \/>\n\t<meta property=\"og:image:width\" content=\"1600\" \/>\n\t<meta property=\"og:image:height\" content=\"999\" \/>\n\t<meta property=\"og:image:type\" content=\"image\/jpeg\" \/>\n<meta name=\"author\" content=\"Leandro Cardoso\" \/>\n<meta name=\"twitter:card\" content=\"summary_large_image\" \/>\n<meta name=\"twitter:label1\" content=\"Escrito por\" \/>\n\t<meta name=\"twitter:data1\" content=\"Leandro Cardoso\" \/>\n\t<meta name=\"twitter:label2\" content=\"Est. tempo de leitura\" \/>\n\t<meta name=\"twitter:data2\" content=\"2 minutos\" \/>\n<script type=\"application\/ld+json\" class=\"yoast-schema-graph\">{\"@context\":\"https:\/\/schema.org\",\"@graph\":[{\"@type\":\"NewsArticle\",\"@id\":\"https:\/\/www.gaveanews.com\/index.php\/2024\/11\/28\/atitude-de-pedro-do-flamengo-revolta-torcedores\/#article\",\"isPartOf\":{\"@id\":\"https:\/\/www.gaveanews.com\/index.php\/2024\/11\/28\/atitude-de-pedro-do-flamengo-revolta-torcedores\/\"},\"author\":{\"name\":\"Leandro Cardoso\",\"@id\":\"https:\/\/www.gaveanews.com\/#\/schema\/person\/2424ec6409bc3f068411fc5e4e9b6168\"},\"headline\":\"Atitude de Pedro, do Flamengo, revolta torcedores\",\"datePublished\":\"2024-11-28T22:23:29+00:00\",\"mainEntityOfPage\":{\"@id\":\"https:\/\/www.gaveanews.com\/index.php\/2024\/11\/28\/atitude-de-pedro-do-flamengo-revolta-torcedores\/\"},\"wordCount\":436,\"commentCount\":0,\"image\":{\"@id\":\"https:\/\/www.gaveanews.com\/index.php\/2024\/11\/28\/atitude-de-pedro-do-flamengo-revolta-torcedores\/#primaryimage\"},\"thumbnailUrl\":\"https:\/\/www.gaveanews.com\/wp-content\/uploads\/Pedro-em-acao-pelo-Flamengo.webp\",\"articleSection\":[\"Flamengo\"],\"inLanguage\":\"pt-BR\",\"potentialAction\":[{\"@type\":\"CommentAction\",\"name\":\"Comment\",\"target\":[\"https:\/\/www.gaveanews.com\/index.php\/2024\/11\/28\/atitude-de-pedro-do-flamengo-revolta-torcedores\/#respond\"]}],\"copyrightYear\":\"2024\",\"copyrightHolder\":{\"@id\":\"https:\/\/www.gaveanews.com\/#organization\"}},{\"@type\":\"WebPage\",\"@id\":\"https:\/\/www.gaveanews.com\/index.php\/2024\/11\/28\/atitude-de-pedro-do-flamengo-revolta-torcedores\/\",\"url\":\"https:\/\/www.gaveanews.com\/index.php\/2024\/11\/28\/atitude-de-pedro-do-flamengo-revolta-torcedores\/\",\"name\":\"Atitude de Pedro, do Flamengo, revolta torcedores\",\"isPartOf\":{\"@id\":\"https:\/\/www.gaveanews.com\/#website\"},\"primaryImageOfPage\":{\"@id\":\"https:\/\/www.gaveanews.com\/index.php\/2024\/11\/28\/atitude-de-pedro-do-flamengo-revolta-torcedores\/#primaryimage\"},\"image\":{\"@id\":\"https:\/\/www.gaveanews.com\/index.php\/2024\/11\/28\/atitude-de-pedro-do-flamengo-revolta-torcedores\/#primaryimage\"},\"thumbnailUrl\":\"https:\/\/www.gaveanews.com\/wp-content\/uploads\/Pedro-em-acao-pelo-Flamengo.webp\",\"datePublished\":\"2024-11-28T22:23:29+00:00\",\"author\":{\"@id\":\"https:\/\/www.gaveanews.com\/#\/schema\/person\/2424ec6409bc3f068411fc5e4e9b6168\"},\"breadcrumb\":{\"@id\":\"https:\/\/www.gaveanews.com\/index.php\/2024\/11\/28\/atitude-de-pedro-do-flamengo-revolta-torcedores\/#breadcrumb\"},\"inLanguage\":\"pt-BR\",\"potentialAction\":[{\"@type\":\"ReadAction\",\"target\":[\"https:\/\/www.gaveanews.com\/index.php\/2024\/11\/28\/atitude-de-pedro-do-flamengo-revolta-torcedores\/\"]}]},{\"@type\":\"ImageObject\",\"inLanguage\":\"pt-BR\",\"@id\":\"https:\/\/www.gaveanews.com\/index.php\/2024\/11\/28\/atitude-de-pedro-do-flamengo-revolta-torcedores\/#primaryimage\",\"url\":\"https:\/\/www.gaveanews.com\/wp-content\/uploads\/Pedro-em-acao-pelo-Flamengo.webp\",\"contentUrl\":\"https:\/\/www.gaveanews.com\/wp-content\/uploads\/Pedro-em-acao-pelo-Flamengo.webp\",\"width\":1600,\"height\":999,\"caption\":\"Pedro em a\u00e7\u00e3o pelo Flamengo (Foto: Divulga\u00e7\u00e3o\/Flamengo)\"},{\"@type\":\"BreadcrumbList\",\"@id\":\"https:\/\/www.gaveanews.com\/index.php\/2024\/11\/28\/atitude-de-pedro-do-flamengo-revolta-torcedores\/#breadcrumb\",\"itemListElement\":[{\"@type\":\"ListItem\",\"position\":1,\"name\":\"Home\",\"item\":\"https:\/\/www.gaveanews.com\/\"},{\"@type\":\"ListItem\",\"position\":2,\"name\":\"Atitude de Pedro, do Flamengo, revolta torcedores\"}]},{\"@type\":\"WebSite\",\"@id\":\"https:\/\/www.gaveanews.com\/#website\",\"url\":\"https:\/\/www.gaveanews.com\/\",\"name\":\"G\u00e1vea News\",\"description\":\"Veja todas as not\u00edcias sobre o Flamengo: Contrata\u00e7\u00f5es, categorias de base, resultados das partidas, tabela de classifica\u00e7\u00e3o, pr\u00f3ximos jogos!\",\"potentialAction\":[{\"@type\":\"SearchAction\",\"target\":{\"@type\":\"EntryPoint\",\"urlTemplate\":\"https:\/\/www.gaveanews.com\/?s={search_term_string}\"},\"query-input\":{\"@type\":\"PropertyValueSpecification\",\"valueRequired\":true,\"valueName\":\"search_term_string\"}}],\"inLanguage\":\"pt-BR\"},{\"@type\":\"Person\",\"@id\":\"https:\/\/www.gaveanews.com\/#\/schema\/person\/2424ec6409bc3f068411fc5e4e9b6168\",\"name\":\"Leandro Cardoso\",\"image\":{\"@type\":\"ImageObject\",\"inLanguage\":\"pt-BR\",\"@id\":\"https:\/\/www.gaveanews.com\/#\/schema\/person\/image\/\",\"url\":\"https:\/\/secure.gravatar.com\/avatar\/8ca179f9b55eefe9f376f5493ef25475bfa59fbc28ce937f6076ce20e523098f?s=96&d=mm&r=g\",\"contentUrl\":\"https:\/\/secure.gravatar.com\/avatar\/8ca179f9b55eefe9f376f5493ef25475bfa59fbc28ce937f6076ce20e523098f?s=96&d=mm&r=g\",\"caption\":\"Leandro Cardoso\"}}]}<\/script>\n<!-- \/ Yoast SEO Premium plugin. -->","yoast_head_json":{"title":"Atitude de Pedro, do Flamengo, revolta torcedores","robots":{"index":"index","follow":"follow","max-snippet":"max-snippet:-1","max-image-preview":"max-image-preview:large","max-video-preview":"max-video-preview:-1"},"canonical":"https:\/\/www.gaveanews.com\/index.php\/2024\/11\/28\/atitude-de-pedro-do-flamengo-revolta-torcedores\/","og_locale":"pt_BR","og_type":"article","og_title":"Atitude de Pedro, do Flamengo, revolta torcedores","og_description":"Pedro, um dos maiores \u00eddolos recentes da hist\u00f3ria do Flamengo, mais uma vez est\u00e1 no centro das aten\u00e7\u00f5es. Desta vez, a pol\u00eamica n\u00e3o envolve seu desempenho dentro de campo, mas sim o lan\u00e7amento de uma joia exclusiva que tem gerado discuss\u00f5es nas redes sociais.&nbsp; O atacante, que recentemente se tornou sin\u00f4nimo de gols e t\u00edtulos [&hellip;]","og_url":"https:\/\/www.gaveanews.com\/index.php\/2024\/11\/28\/atitude-de-pedro-do-flamengo-revolta-torcedores\/","og_site_name":"G\u00e1vea News","article_publisher":"https:\/\/facebook.com\/gaveaNews\/","article_published_time":"2024-11-28T22:23:29+00:00","og_image":[{"width":1600,"height":999,"url":"https:\/\/www.gaveanews.com\/wp-content\/uploads\/Pedro-em-acao-pelo-Flamengo.webp","type":"image\/jpeg"}],"author":"Leandro Cardoso","twitter_card":"summary_large_image","twitter_misc":{"Escrito por":"Leandro Cardoso","Est. tempo de leitura":"2 minutos"},"schema":{"@context":"https:\/\/schema.org","@graph":[{"@type":"NewsArticle","@id":"https:\/\/www.gaveanews.com\/index.php\/2024\/11\/28\/atitude-de-pedro-do-flamengo-revolta-torcedores\/#article","isPartOf":{"@id":"https:\/\/www.gaveanews.com\/index.php\/2024\/11\/28\/atitude-de-pedro-do-flamengo-revolta-torcedores\/"},"author":{"name":"Leandro Cardoso","@id":"https:\/\/www.gaveanews.com\/#\/schema\/person\/2424ec6409bc3f068411fc5e4e9b6168"},"headline":"Atitude de Pedro, do Flamengo, revolta torcedores","datePublished":"2024-11-28T22:23:29+00:00","mainEntityOfPage":{"@id":"https:\/\/www.gaveanews.com\/index.php\/2024\/11\/28\/atitude-de-pedro-do-flamengo-revolta-torcedores\/"},"wordCount":436,"commentCount":0,"image":{"@id":"https:\/\/www.gaveanews.com\/index.php\/2024\/11\/28\/atitude-de-pedro-do-flamengo-revolta-torcedores\/#primaryimage"},"thumbnailUrl":"https:\/\/www.gaveanews.com\/wp-content\/uploads\/Pedro-em-acao-pelo-Flamengo.webp","articleSection":["Flamengo"],"inLanguage":"pt-BR","potentialAction":[{"@type":"CommentAction","name":"Comment","target":["https:\/\/www.gaveanews.com\/index.php\/2024\/11\/28\/atitude-de-pedro-do-flamengo-revolta-torcedores\/#respond"]}],"copyrightYear":"2024","copyrightHolder":{"@id":"https:\/\/www.gaveanews.com\/#organization"}},{"@type":"WebPage","@id":"https:\/\/www.gaveanews.com\/index.php\/2024\/11\/28\/atitude-de-pedro-do-flamengo-revolta-torcedores\/","url":"https:\/\/www.gaveanews.com\/index.php\/2024\/11\/28\/atitude-de-pedro-do-flamengo-revolta-torcedores\/","name":"Atitude de Pedro, do Flamengo, revolta torcedores","isPartOf":{"@id":"https:\/\/www.gaveanews.com\/#website"},"primaryImageOfPage":{"@id":"https:\/\/www.gaveanews.com\/index.php\/2024\/11\/28\/atitude-de-pedro-do-flamengo-revolta-torcedores\/#primaryimage"},"image":{"@id":"https:\/\/www.gaveanews.com\/index.php\/2024\/11\/28\/atitude-de-pedro-do-flamengo-revolta-torcedores\/#primaryimage"},"thumbnailUrl":"https:\/\/www.gaveanews.com\/wp-content\/uploads\/Pedro-em-acao-pelo-Flamengo.webp","datePublished":"2024-11-28T22:23:29+00:00","author":{"@id":"https:\/\/www.gaveanews.com\/#\/schema\/person\/2424ec6409bc3f068411fc5e4e9b6168"},"breadcrumb":{"@id":"https:\/\/www.gaveanews.com\/index.php\/2024\/11\/28\/atitude-de-pedro-do-flamengo-revolta-torcedores\/#breadcrumb"},"inLanguage":"pt-BR","potentialAction":[{"@type":"ReadAction","target":["https:\/\/www.gaveanews.com\/index.php\/2024\/11\/28\/atitude-de-pedro-do-flamengo-revolta-torcedores\/"]}]},{"@type":"ImageObject","inLanguage":"pt-BR","@id":"https:\/\/www.gaveanews.com\/index.php\/2024\/11\/28\/atitude-de-pedro-do-flamengo-revolta-torcedores\/#primaryimage","url":"https:\/\/www.gaveanews.com\/wp-content\/uploads\/Pedro-em-acao-pelo-Flamengo.webp","contentUrl":"https:\/\/www.gaveanews.com\/wp-content\/uploads\/Pedro-em-acao-pelo-Flamengo.webp","width":1600,"height":999,"caption":"Pedro em a\u00e7\u00e3o pelo Flamengo (Foto: Divulga\u00e7\u00e3o\/Flamengo)"},{"@type":"BreadcrumbList","@id":"https:\/\/www.gaveanews.com\/index.php\/2024\/11\/28\/atitude-de-pedro-do-flamengo-revolta-torcedores\/#breadcrumb","itemListElement":[{"@type":"ListItem","position":1,"name":"Home","item":"https:\/\/www.gaveanews.com\/"},{"@type":"ListItem","position":2,"name":"Atitude de Pedro, do Flamengo, revolta torcedores"}]},{"@type":"WebSite","@id":"https:\/\/www.gaveanews.com\/#website","url":"https:\/\/www.gaveanews.com\/","name":"G\u00e1vea News","description":"Veja todas as not\u00edcias sobre o Flamengo: Contrata\u00e7\u00f5es, categorias de base, resultados das partidas, tabela de classifica\u00e7\u00e3o, pr\u00f3ximos jogos!","potentialAction":[{"@type":"SearchAction","target":{"@type":"EntryPoint","urlTemplate":"https:\/\/www.gaveanews.com\/?s={search_term_string}"},"query-input":{"@type":"PropertyValueSpecification","valueRequired":true,"valueName":"search_term_string"}}],"inLanguage":"pt-BR"},{"@type":"Person","@id":"https:\/\/www.gaveanews.com\/#\/schema\/person\/2424ec6409bc3f068411fc5e4e9b6168","name":"Leandro Cardoso","image":{"@type":"ImageObject","inLanguage":"pt-BR","@id":"https:\/\/www.gaveanews.com\/#\/schema\/person\/image\/","url":"https:\/\/secure.gravatar.com\/avatar\/8ca179f9b55eefe9f376f5493ef25475bfa59fbc28ce937f6076ce20e523098f?s=96&d=mm&r=g","contentUrl":"https:\/\/secure.gravatar.com\/avatar\/8ca179f9b55eefe9f376f5493ef25475bfa59fbc28ce937f6076ce20e523098f?s=96&d=mm&r=g","caption":"Leandro Cardoso"}}]}},"_links":{"self":[{"href":"https:\/\/www.gaveanews.com\/index.php\/wp-json\/wp\/v2\/posts\/191971","targetHints":{"allow":["GET"]}}],"collection":[{"href":"https:\/\/www.gaveanews.com\/index.php\/wp-json\/wp\/v2\/posts"}],"about":[{"href":"https:\/\/www.gaveanews.com\/index.php\/wp-json\/wp\/v2\/types\/post"}],"author":[{"embeddable":true,"href":"https:\/\/www.gaveanews.com\/index.php\/wp-json\/wp\/v2\/users\/24"}],"replies":[{"embeddable":true,"href":"https:\/\/www.gaveanews.com\/index.php\/wp-json\/wp\/v2\/comments?post=191971"}],"version-history":[{"count":1,"href":"https:\/\/www.gaveanews.com\/index.php\/wp-json\/wp\/v2\/posts\/191971\/revisions"}],"predecessor-version":[{"id":191975,"href":"https:\/\/www.gaveanews.com\/index.php\/wp-json\/wp\/v2\/posts\/191971\/revisions\/191975"}],"wp:featuredmedia":[{"embeddable":true,"href":"https:\/\/www.gaveanews.com\/index.php\/wp-json\/wp\/v2\/media\/158916"}],"wp:attachment":[{"href":"https:\/\/www.gaveanews.com\/index.php\/wp-json\/wp\/v2\/media?parent=191971"}],"wp:term":[{"taxonomy":"category","embeddable":true,"href":"https:\/\/www.gaveanews.com\/index.php\/wp-json\/wp\/v2\/categories?post=191971"},{"taxonomy":"post_tag","embeddable":true,"href":"https:\/\/www.gaveanews.com\/index.php\/wp-json\/wp\/v2\/tags?post=191971"}],"curies":[{"name":"wp","href":"https:\/\/api.w.org\/{rel}","templated":true}]}}