{"id":191997,"date":"2024-11-28T22:35:00","date_gmt":"2024-11-29T01:35:00","guid":{"rendered":"https:\/\/www.gaveanews.com\/?p=191997"},"modified":"2024-11-28T22:29:50","modified_gmt":"2024-11-29T01:29:50","slug":"jogador-do-manchester-united-manda-recado-para-o-time-do-botafogo","status":"publish","type":"post","link":"https:\/\/www.gaveanews.com\/index.php\/2024\/11\/28\/jogador-do-manchester-united-manda-recado-para-o-time-do-botafogo\/","title":{"rendered":"Jogador do Manchester United manda recado para o time do Botafogo"},"content":{"rendered":"\n<h2 class=\"wp-block-heading\" id=\"h-astro-do-manchester-united-revela-torcida-pelo-botafogo\">Astro do Manchester United revela torcida pelo Botafogo<\/h2>\n\n\n\n<p>Neste s\u00e1bado (30), Atl\u00e9tico-MG e Botafogo se encontram na t\u00e3o aguardada final da CONMEBOL Libertadores, marcada para \u00e0s 17h (hor\u00e1rio de Bras\u00edlia), em Buenos Aires, com transmiss\u00e3o ao vivo pelo Disney+.<\/p>\n\n\n\n<ul class=\"wp-block-list\">\n<li><a href=\"https:\/\/www.gaveanews.com\/index.php\/2024\/11\/28\/a-declaracao-de-artur-jorge-sobre-a-torcida-do-botafogo\/\">A declara\u00e7\u00e3o de Artur Jorge sobre a torcida do Botafogo<\/a><\/li>\n\n\n\n<li><a href=\"https:\/\/www.gaveanews.com\/index.php\/2024\/11\/28\/video-igor-jesus-do-botafogo-revela-o-que-gosta-de-fazer-nas-ferias\/\">V\u00eddeo: Igor Jesus, do Botafogo, revela o que gosta de fazer nas f\u00e9rias<br><\/a><\/li>\n<\/ul>\n\n\n\n<p>Bem distante da capital argentina, um jogador do Manchester United seguir\u00e1 a partida pela tela, demonstrando sua torcida pelo Glorioso.<\/p>\n\n\n\n<p>Esse jogador \u00e9 o lateral-direito Diogo Dalot, um dos titulares do Manchester, que estar\u00e1 torcendo pelo Fog\u00e3o, ansioso para ver dois grandes amigos conquistarem a Am\u00e9rica do Sul.<\/p>\n\n\n\n<figure class=\"wp-block-image size-full\"><img loading=\"lazy\" decoding=\"async\" width=\"787\" height=\"525\" src=\"https:\/\/www.gaveanews.com\/wp-content\/uploads\/Escudo-do-Botafogo-1.webp\" alt=\"\" class=\"wp-image-182060\" srcset=\"https:\/\/www.gaveanews.com\/wp-content\/uploads\/Escudo-do-Botafogo-1.webp 787w, https:\/\/www.gaveanews.com\/wp-content\/uploads\/Escudo-do-Botafogo-1-300x200.webp 300w, https:\/\/www.gaveanews.com\/wp-content\/uploads\/Escudo-do-Botafogo-1-768x512.webp 768w, https:\/\/www.gaveanews.com\/wp-content\/uploads\/Escudo-do-Botafogo-1-630x420.webp 630w, https:\/\/www.gaveanews.com\/wp-content\/uploads\/Escudo-do-Botafogo-1-640x427.webp 640w, https:\/\/www.gaveanews.com\/wp-content\/uploads\/Escudo-do-Botafogo-1-681x454.webp 681w, https:\/\/www.gaveanews.com\/wp-content\/uploads\/Escudo-do-Botafogo-1-100x67.webp 100w\" sizes=\"auto, (max-width: 787px) 100vw, 787px\" \/><figcaption class=\"wp-element-caption\">Escudo do Botafogo (Foto: Reprodu\u00e7\u00e3o\/Botafogo)<\/figcaption><\/figure>\n\n\n\n<p>Em uma entrevista \u00e0 ESPN, o portugu\u00eas revelou que construiu fortes la\u00e7os de amizade com o lateral-esquerdo Alex Telles e o atacante Tiquinho Soares durante o tempo em que jogaram juntos no Porto.<\/p>\n\n\n\n<p>Telles voltou a trabalhar com Dalot no United entre 2020 e 2022, enquanto Tiquinho permaneceu para sempre na lembran\u00e7a do lateral-direito por sua personalidade marcante.<\/p>\n\n\n\n<p>&#8220;Eu tenho v\u00e1rios grandes momentos com o Alex no Porto. O Alex tamb\u00e9m depois foi meu companheiro de novo aqui no Manchester, mas o Tiquinho vai ficar para sempre marcado para mim. A sua personalidade, a maneira como ele, todos os dias, entrava no nosso vesti\u00e1rio com um sorriso, pronto para te deixar bem disposto, para te deixar positivo&#8230;&#8221;, recordou.<\/p>\n\n\n\n<p>&#8220;Fora as qualidades futebol\u00edsticas, que isso eu acho que \u00e9 ineg\u00e1vel e que toda gente consegue reconhecer. Mas a capacidade que ele tinha de te poder animar, de poder dar uma boa palavra, de poder ter essa positividade, e eu era bastante jovem, e ele sempre me recebia muito bem, sempre queria que eu ficasse tranquilo dentro do vesti\u00e1rio&#8221;, lembrou.<\/p>\n\n\n\n<p>Dalot, que na \u00e9poca tinha apenas 19 anos e estava em sua temporada de estreia como profissional no Porto, tamb\u00e9m recordou das emocionantes batalhas que travou contra Alex Telles e Tiquinho Soares em jogos de videogame.<\/p>\n\n\n\n<p>&#8220;Costum\u00e1vamos jogar muitos jogos de&nbsp;<em>PlayStation<\/em>. Lembro que jog\u00e1vamos um jogo que era por equipes, e eu lembro que jog\u00e1vamos muitas vezes juntos. Por isso foi, sem d\u00favida, dois jogadores que marcaram o meu in\u00edcio de carreira e que eu irei recordar para sempre. Por isso, desejo o melhor para eles (na final da Libertadores), espero que saiam contentes&#8221;, afirmou, refor\u00e7ando sua torcida pelo Botafogo.<\/p>\n\n\n\n<p>&#8220;Ah, (Botafogo) tem que ser (campe\u00e3o da Libertadores). Tenho mais liga\u00e7\u00e3o a eles&#8221;, argumentou.<\/p>\n\n\n\n<p>Em entrevista \u00e0 ESPN, Alex Telles expressou sua gratid\u00e3o a Dalot pelo apoio e deixou uma mensagem afetuosa para o antigo colega de equipe.<\/p>\n\n\n\n<p>&#8220;Dalot \u00e9 meu menino! Eu o chamo de &#8216;meu menino&#8217; porque quando ele surgiu no Porto a gente estava l\u00e1 acompanhando. \u00c9 um craque, j\u00e1 \u00e9 uma realidade, mas que vai ter um futuro cada vez mais brilhante&#8221;, exaltou.<\/p>\n\n\n\n<p>&#8220;&#8216;Meu menino&#8217;, tenho muitas saudades de voc\u00ea. Arrebente a\u00ed no Manchester, estou torcendo tamb\u00e9m por voc\u00ea. Vamos fazer de tudo para ganhar. Valeu, irm\u00e3o!&#8221;, completou.<\/p>\n\n\n\n<p>\u00c9 importante destacar que Dalot ter\u00e1 um dia livre para assistir \u00e0 decis\u00e3o da Libertadores, uma vez que o Manchester United s\u00f3 entra em campo na Premier League no domingo (1o), \u00e0s 10h30 (hor\u00e1rio de Bras\u00edlia), contra o Everton.<\/p>\n","protected":false},"excerpt":{"rendered":"<p>Astro do Manchester United revela torcida pelo Botafogo Neste s\u00e1bado (30), Atl\u00e9tico-MG e Botafogo se encontram na t\u00e3o aguardada final da CONMEBOL Libertadores, marcada para \u00e0s 17h (hor\u00e1rio de Bras\u00edlia), em Buenos Aires, com transmiss\u00e3o ao vivo pelo Disney+. Bem distante da capital argentina, um jogador do Manchester United seguir\u00e1 a partida pela tela, demonstrando [&hellip;]<\/p>\n","protected":false},"author":16,"featured_media":120417,"comment_status":"open","ping_status":"closed","sticky":false,"template":"","format":"standard","meta":{"footnotes":""},"categories":[138,90],"tags":[],"class_list":["post-191997","post","type-post","status-publish","format-standard","has-post-thumbnail","hentry","category-botafogo","category-manchester-united"],"yoast_head":"<!-- This site is optimized with the Yoast SEO Premium plugin v24.2 (Yoast SEO v26.9) - https:\/\/yoast.com\/product\/yoast-seo-premium-wordpress\/ -->\n<title>Jogador do Manchester United manda recado para o time do Botafogo<\/title>\n<meta name=\"description\" content=\"Jogador do Manchester United manda recado para o time do Botafogo\" \/>\n<meta name=\"robots\" content=\"index, follow, max-snippet:-1, max-image-preview:large, max-video-preview:-1\" \/>\n<link rel=\"canonical\" href=\"https:\/\/www.gaveanews.com\/index.php\/2024\/11\/28\/jogador-do-manchester-united-manda-recado-para-o-time-do-botafogo\/\" \/>\n<meta property=\"og:locale\" content=\"pt_BR\" \/>\n<meta property=\"og:type\" content=\"article\" \/>\n<meta property=\"og:title\" content=\"Jogador do Manchester United manda recado para o time do Botafogo\" \/>\n<meta property=\"og:description\" content=\"Jogador do Manchester United manda recado para o time do Botafogo\" \/>\n<meta property=\"og:url\" content=\"https:\/\/www.gaveanews.com\/index.php\/2024\/11\/28\/jogador-do-manchester-united-manda-recado-para-o-time-do-botafogo\/\" \/>\n<meta property=\"og:site_name\" content=\"G\u00e1vea News\" \/>\n<meta property=\"article:publisher\" content=\"https:\/\/facebook.com\/gaveaNews\/\" \/>\n<meta property=\"article:published_time\" content=\"2024-11-29T01:35:00+00:00\" \/>\n<meta property=\"og:image\" content=\"https:\/\/www.gaveanews.com\/wp-content\/uploads\/UNITED_ESCUDO.webp\" \/>\n\t<meta property=\"og:image:width\" content=\"1920\" \/>\n\t<meta property=\"og:image:height\" content=\"1080\" \/>\n\t<meta property=\"og:image:type\" content=\"image\/jpeg\" \/>\n<meta name=\"author\" content=\"D\u00e9bora Figueiredo\" \/>\n<meta name=\"twitter:card\" content=\"summary_large_image\" \/>\n<meta name=\"twitter:label1\" content=\"Escrito por\" \/>\n\t<meta name=\"twitter:data1\" content=\"D\u00e9bora Figueiredo\" \/>\n\t<meta name=\"twitter:label2\" content=\"Est. tempo de leitura\" \/>\n\t<meta name=\"twitter:data2\" content=\"4 minutos\" \/>\n<script type=\"application\/ld+json\" class=\"yoast-schema-graph\">{\"@context\":\"https:\/\/schema.org\",\"@graph\":[{\"@type\":\"NewsArticle\",\"@id\":\"https:\/\/www.gaveanews.com\/index.php\/2024\/11\/28\/jogador-do-manchester-united-manda-recado-para-o-time-do-botafogo\/#article\",\"isPartOf\":{\"@id\":\"https:\/\/www.gaveanews.com\/index.php\/2024\/11\/28\/jogador-do-manchester-united-manda-recado-para-o-time-do-botafogo\/\"},\"author\":{\"name\":\"D\u00e9bora Figueiredo\",\"@id\":\"https:\/\/www.gaveanews.com\/#\/schema\/person\/37122681a8575a5c8db05a56f099a5e4\"},\"headline\":\"Jogador do Manchester United manda recado para o time do Botafogo\",\"datePublished\":\"2024-11-29T01:35:00+00:00\",\"mainEntityOfPage\":{\"@id\":\"https:\/\/www.gaveanews.com\/index.php\/2024\/11\/28\/jogador-do-manchester-united-manda-recado-para-o-time-do-botafogo\/\"},\"wordCount\":571,\"commentCount\":0,\"image\":{\"@id\":\"https:\/\/www.gaveanews.com\/index.php\/2024\/11\/28\/jogador-do-manchester-united-manda-recado-para-o-time-do-botafogo\/#primaryimage\"},\"thumbnailUrl\":\"https:\/\/www.gaveanews.com\/wp-content\/uploads\/UNITED_ESCUDO.webp\",\"articleSection\":[\"Botafogo\",\"Manchester United\"],\"inLanguage\":\"pt-BR\",\"potentialAction\":[{\"@type\":\"CommentAction\",\"name\":\"Comment\",\"target\":[\"https:\/\/www.gaveanews.com\/index.php\/2024\/11\/28\/jogador-do-manchester-united-manda-recado-para-o-time-do-botafogo\/#respond\"]}],\"copyrightYear\":\"2024\",\"copyrightHolder\":{\"@id\":\"https:\/\/www.gaveanews.com\/#organization\"}},{\"@type\":\"WebPage\",\"@id\":\"https:\/\/www.gaveanews.com\/index.php\/2024\/11\/28\/jogador-do-manchester-united-manda-recado-para-o-time-do-botafogo\/\",\"url\":\"https:\/\/www.gaveanews.com\/index.php\/2024\/11\/28\/jogador-do-manchester-united-manda-recado-para-o-time-do-botafogo\/\",\"name\":\"Jogador do Manchester United manda recado para o time do Botafogo\",\"isPartOf\":{\"@id\":\"https:\/\/www.gaveanews.com\/#website\"},\"primaryImageOfPage\":{\"@id\":\"https:\/\/www.gaveanews.com\/index.php\/2024\/11\/28\/jogador-do-manchester-united-manda-recado-para-o-time-do-botafogo\/#primaryimage\"},\"image\":{\"@id\":\"https:\/\/www.gaveanews.com\/index.php\/2024\/11\/28\/jogador-do-manchester-united-manda-recado-para-o-time-do-botafogo\/#primaryimage\"},\"thumbnailUrl\":\"https:\/\/www.gaveanews.com\/wp-content\/uploads\/UNITED_ESCUDO.webp\",\"datePublished\":\"2024-11-29T01:35:00+00:00\",\"author\":{\"@id\":\"https:\/\/www.gaveanews.com\/#\/schema\/person\/37122681a8575a5c8db05a56f099a5e4\"},\"description\":\"Jogador do Manchester United manda recado para o time do Botafogo\",\"breadcrumb\":{\"@id\":\"https:\/\/www.gaveanews.com\/index.php\/2024\/11\/28\/jogador-do-manchester-united-manda-recado-para-o-time-do-botafogo\/#breadcrumb\"},\"inLanguage\":\"pt-BR\",\"potentialAction\":[{\"@type\":\"ReadAction\",\"target\":[\"https:\/\/www.gaveanews.com\/index.php\/2024\/11\/28\/jogador-do-manchester-united-manda-recado-para-o-time-do-botafogo\/\"]}]},{\"@type\":\"ImageObject\",\"inLanguage\":\"pt-BR\",\"@id\":\"https:\/\/www.gaveanews.com\/index.php\/2024\/11\/28\/jogador-do-manchester-united-manda-recado-para-o-time-do-botafogo\/#primaryimage\",\"url\":\"https:\/\/www.gaveanews.com\/wp-content\/uploads\/UNITED_ESCUDO.webp\",\"contentUrl\":\"https:\/\/www.gaveanews.com\/wp-content\/uploads\/UNITED_ESCUDO.webp\",\"width\":1920,\"height\":1080,\"caption\":\"Escudo do Manchester United (Foto: Reprodu\u00e7\u00e3o)\"},{\"@type\":\"BreadcrumbList\",\"@id\":\"https:\/\/www.gaveanews.com\/index.php\/2024\/11\/28\/jogador-do-manchester-united-manda-recado-para-o-time-do-botafogo\/#breadcrumb\",\"itemListElement\":[{\"@type\":\"ListItem\",\"position\":1,\"name\":\"Home\",\"item\":\"https:\/\/www.gaveanews.com\/\"},{\"@type\":\"ListItem\",\"position\":2,\"name\":\"Jogador do Manchester United manda recado para o time do Botafogo\"}]},{\"@type\":\"WebSite\",\"@id\":\"https:\/\/www.gaveanews.com\/#website\",\"url\":\"https:\/\/www.gaveanews.com\/\",\"name\":\"G\u00e1vea News\",\"description\":\"Veja todas as not\u00edcias sobre o Flamengo: Contrata\u00e7\u00f5es, categorias de base, resultados das partidas, tabela de classifica\u00e7\u00e3o, pr\u00f3ximos jogos!\",\"potentialAction\":[{\"@type\":\"SearchAction\",\"target\":{\"@type\":\"EntryPoint\",\"urlTemplate\":\"https:\/\/www.gaveanews.com\/?s={search_term_string}\"},\"query-input\":{\"@type\":\"PropertyValueSpecification\",\"valueRequired\":true,\"valueName\":\"search_term_string\"}}],\"inLanguage\":\"pt-BR\"},{\"@type\":\"Person\",\"@id\":\"https:\/\/www.gaveanews.com\/#\/schema\/person\/37122681a8575a5c8db05a56f099a5e4\",\"name\":\"D\u00e9bora Figueiredo\",\"image\":{\"@type\":\"ImageObject\",\"inLanguage\":\"pt-BR\",\"@id\":\"https:\/\/www.gaveanews.com\/#\/schema\/person\/image\/\",\"url\":\"https:\/\/secure.gravatar.com\/avatar\/1f44802859351588499d26f52aed1d15796ce17e67602895b72837c08018868d?s=96&d=mm&r=g\",\"contentUrl\":\"https:\/\/secure.gravatar.com\/avatar\/1f44802859351588499d26f52aed1d15796ce17e67602895b72837c08018868d?s=96&d=mm&r=g\",\"caption\":\"D\u00e9bora Figueiredo\"}}]}<\/script>\n<!-- \/ Yoast SEO Premium plugin. -->","yoast_head_json":{"title":"Jogador do Manchester United manda recado para o time do Botafogo","description":"Jogador do Manchester United manda recado para o time do Botafogo","robots":{"index":"index","follow":"follow","max-snippet":"max-snippet:-1","max-image-preview":"max-image-preview:large","max-video-preview":"max-video-preview:-1"},"canonical":"https:\/\/www.gaveanews.com\/index.php\/2024\/11\/28\/jogador-do-manchester-united-manda-recado-para-o-time-do-botafogo\/","og_locale":"pt_BR","og_type":"article","og_title":"Jogador do Manchester United manda recado para o time do Botafogo","og_description":"Jogador do Manchester United manda recado para o time do Botafogo","og_url":"https:\/\/www.gaveanews.com\/index.php\/2024\/11\/28\/jogador-do-manchester-united-manda-recado-para-o-time-do-botafogo\/","og_site_name":"G\u00e1vea News","article_publisher":"https:\/\/facebook.com\/gaveaNews\/","article_published_time":"2024-11-29T01:35:00+00:00","og_image":[{"width":1920,"height":1080,"url":"https:\/\/www.gaveanews.com\/wp-content\/uploads\/UNITED_ESCUDO.webp","type":"image\/jpeg"}],"author":"D\u00e9bora Figueiredo","twitter_card":"summary_large_image","twitter_misc":{"Escrito por":"D\u00e9bora Figueiredo","Est. tempo de leitura":"4 minutos"},"schema":{"@context":"https:\/\/schema.org","@graph":[{"@type":"NewsArticle","@id":"https:\/\/www.gaveanews.com\/index.php\/2024\/11\/28\/jogador-do-manchester-united-manda-recado-para-o-time-do-botafogo\/#article","isPartOf":{"@id":"https:\/\/www.gaveanews.com\/index.php\/2024\/11\/28\/jogador-do-manchester-united-manda-recado-para-o-time-do-botafogo\/"},"author":{"name":"D\u00e9bora Figueiredo","@id":"https:\/\/www.gaveanews.com\/#\/schema\/person\/37122681a8575a5c8db05a56f099a5e4"},"headline":"Jogador do Manchester United manda recado para o time do Botafogo","datePublished":"2024-11-29T01:35:00+00:00","mainEntityOfPage":{"@id":"https:\/\/www.gaveanews.com\/index.php\/2024\/11\/28\/jogador-do-manchester-united-manda-recado-para-o-time-do-botafogo\/"},"wordCount":571,"commentCount":0,"image":{"@id":"https:\/\/www.gaveanews.com\/index.php\/2024\/11\/28\/jogador-do-manchester-united-manda-recado-para-o-time-do-botafogo\/#primaryimage"},"thumbnailUrl":"https:\/\/www.gaveanews.com\/wp-content\/uploads\/UNITED_ESCUDO.webp","articleSection":["Botafogo","Manchester United"],"inLanguage":"pt-BR","potentialAction":[{"@type":"CommentAction","name":"Comment","target":["https:\/\/www.gaveanews.com\/index.php\/2024\/11\/28\/jogador-do-manchester-united-manda-recado-para-o-time-do-botafogo\/#respond"]}],"copyrightYear":"2024","copyrightHolder":{"@id":"https:\/\/www.gaveanews.com\/#organization"}},{"@type":"WebPage","@id":"https:\/\/www.gaveanews.com\/index.php\/2024\/11\/28\/jogador-do-manchester-united-manda-recado-para-o-time-do-botafogo\/","url":"https:\/\/www.gaveanews.com\/index.php\/2024\/11\/28\/jogador-do-manchester-united-manda-recado-para-o-time-do-botafogo\/","name":"Jogador do Manchester United manda recado para o time do Botafogo","isPartOf":{"@id":"https:\/\/www.gaveanews.com\/#website"},"primaryImageOfPage":{"@id":"https:\/\/www.gaveanews.com\/index.php\/2024\/11\/28\/jogador-do-manchester-united-manda-recado-para-o-time-do-botafogo\/#primaryimage"},"image":{"@id":"https:\/\/www.gaveanews.com\/index.php\/2024\/11\/28\/jogador-do-manchester-united-manda-recado-para-o-time-do-botafogo\/#primaryimage"},"thumbnailUrl":"https:\/\/www.gaveanews.com\/wp-content\/uploads\/UNITED_ESCUDO.webp","datePublished":"2024-11-29T01:35:00+00:00","author":{"@id":"https:\/\/www.gaveanews.com\/#\/schema\/person\/37122681a8575a5c8db05a56f099a5e4"},"description":"Jogador do Manchester United manda recado para o time do Botafogo","breadcrumb":{"@id":"https:\/\/www.gaveanews.com\/index.php\/2024\/11\/28\/jogador-do-manchester-united-manda-recado-para-o-time-do-botafogo\/#breadcrumb"},"inLanguage":"pt-BR","potentialAction":[{"@type":"ReadAction","target":["https:\/\/www.gaveanews.com\/index.php\/2024\/11\/28\/jogador-do-manchester-united-manda-recado-para-o-time-do-botafogo\/"]}]},{"@type":"ImageObject","inLanguage":"pt-BR","@id":"https:\/\/www.gaveanews.com\/index.php\/2024\/11\/28\/jogador-do-manchester-united-manda-recado-para-o-time-do-botafogo\/#primaryimage","url":"https:\/\/www.gaveanews.com\/wp-content\/uploads\/UNITED_ESCUDO.webp","contentUrl":"https:\/\/www.gaveanews.com\/wp-content\/uploads\/UNITED_ESCUDO.webp","width":1920,"height":1080,"caption":"Escudo do Manchester United (Foto: Reprodu\u00e7\u00e3o)"},{"@type":"BreadcrumbList","@id":"https:\/\/www.gaveanews.com\/index.php\/2024\/11\/28\/jogador-do-manchester-united-manda-recado-para-o-time-do-botafogo\/#breadcrumb","itemListElement":[{"@type":"ListItem","position":1,"name":"Home","item":"https:\/\/www.gaveanews.com\/"},{"@type":"ListItem","position":2,"name":"Jogador do Manchester United manda recado para o time do Botafogo"}]},{"@type":"WebSite","@id":"https:\/\/www.gaveanews.com\/#website","url":"https:\/\/www.gaveanews.com\/","name":"G\u00e1vea News","description":"Veja todas as not\u00edcias sobre o Flamengo: Contrata\u00e7\u00f5es, categorias de base, resultados das partidas, tabela de classifica\u00e7\u00e3o, pr\u00f3ximos jogos!","potentialAction":[{"@type":"SearchAction","target":{"@type":"EntryPoint","urlTemplate":"https:\/\/www.gaveanews.com\/?s={search_term_string}"},"query-input":{"@type":"PropertyValueSpecification","valueRequired":true,"valueName":"search_term_string"}}],"inLanguage":"pt-BR"},{"@type":"Person","@id":"https:\/\/www.gaveanews.com\/#\/schema\/person\/37122681a8575a5c8db05a56f099a5e4","name":"D\u00e9bora Figueiredo","image":{"@type":"ImageObject","inLanguage":"pt-BR","@id":"https:\/\/www.gaveanews.com\/#\/schema\/person\/image\/","url":"https:\/\/secure.gravatar.com\/avatar\/1f44802859351588499d26f52aed1d15796ce17e67602895b72837c08018868d?s=96&d=mm&r=g","contentUrl":"https:\/\/secure.gravatar.com\/avatar\/1f44802859351588499d26f52aed1d15796ce17e67602895b72837c08018868d?s=96&d=mm&r=g","caption":"D\u00e9bora Figueiredo"}}]}},"_links":{"self":[{"href":"https:\/\/www.gaveanews.com\/index.php\/wp-json\/wp\/v2\/posts\/191997","targetHints":{"allow":["GET"]}}],"collection":[{"href":"https:\/\/www.gaveanews.com\/index.php\/wp-json\/wp\/v2\/posts"}],"about":[{"href":"https:\/\/www.gaveanews.com\/index.php\/wp-json\/wp\/v2\/types\/post"}],"author":[{"embeddable":true,"href":"https:\/\/www.gaveanews.com\/index.php\/wp-json\/wp\/v2\/users\/16"}],"replies":[{"embeddable":true,"href":"https:\/\/www.gaveanews.com\/index.php\/wp-json\/wp\/v2\/comments?post=191997"}],"version-history":[{"count":2,"href":"https:\/\/www.gaveanews.com\/index.php\/wp-json\/wp\/v2\/posts\/191997\/revisions"}],"predecessor-version":[{"id":192103,"href":"https:\/\/www.gaveanews.com\/index.php\/wp-json\/wp\/v2\/posts\/191997\/revisions\/192103"}],"wp:featuredmedia":[{"embeddable":true,"href":"https:\/\/www.gaveanews.com\/index.php\/wp-json\/wp\/v2\/media\/120417"}],"wp:attachment":[{"href":"https:\/\/www.gaveanews.com\/index.php\/wp-json\/wp\/v2\/media?parent=191997"}],"wp:term":[{"taxonomy":"category","embeddable":true,"href":"https:\/\/www.gaveanews.com\/index.php\/wp-json\/wp\/v2\/categories?post=191997"},{"taxonomy":"post_tag","embeddable":true,"href":"https:\/\/www.gaveanews.com\/index.php\/wp-json\/wp\/v2\/tags?post=191997"}],"curies":[{"name":"wp","href":"https:\/\/api.w.org\/{rel}","templated":true}]}}