{"id":192077,"date":"2024-11-29T07:05:00","date_gmt":"2024-11-29T10:05:00","guid":{"rendered":"https:\/\/www.gaveanews.com\/?p=192077"},"modified":"2024-11-28T21:57:55","modified_gmt":"2024-11-29T00:57:55","slug":"acordo-com-santos-declaracao-de-dudu-cearense-e-recado-de-sergio-coelho-as-ultimas-noticias-do-botafogo","status":"publish","type":"post","link":"https:\/\/www.gaveanews.com\/index.php\/2024\/11\/29\/acordo-com-santos-declaracao-de-dudu-cearense-e-recado-de-sergio-coelho-as-ultimas-noticias-do-botafogo\/","title":{"rendered":"Acordo com Santos, declara\u00e7\u00e3o de Dudu Cearense e recado de S\u00e9rgio Coelho: as \u00faltimas not\u00edcias do Botafogo"},"content":{"rendered":"\n<p>Nas \u00faltimas horas, o foco das not\u00edcias sobre o Botafogo se concentram nos bastidores do clube, com destaques como o acordo com Santos e declara\u00e7\u00e3o de Dudu.<\/p>\n\n\n\n<p>Por conta deste contexto, leia abaixo um resumo preparado pela equipe do portal G\u00e1vea News para lhe manter muito bem informado!<\/p>\n\n\n\n<h2 class=\"wp-block-heading\" id=\"h-recado-de-sergio-coelho\">Recado de S\u00e9rgio Coelho<\/h2>\n\n\n\n<p>S\u00e9rgio Coelho, presidente do Atl\u00e9tico-MG, reconheceu o Botafogo como favorito para a final da Libertadores, citando a lideran\u00e7a s\u00f3lida do time carioca no Brasileir\u00e3o e sua vit\u00f3ria recente sobre o Palmeiras por 3 a 1 como fatores determinantes. Apesar disso, Coelho enfatizou que finais s\u00e3o imprevis\u00edveis, destacando que o Galo tem total capacidade de vencer no s\u00e1bado (30), no Monumental de N\u00fa\u00f1ez, em Buenos Aires.<\/p>\n\n\n\n<figure class=\"wp-block-image size-full\"><img loading=\"lazy\" decoding=\"async\" width=\"900\" height=\"506\" src=\"https:\/\/www.gaveanews.com\/wp-content\/uploads\/Sergio-Coelho-presidente-do-Atletico-MG.webp\" alt=\"\" class=\"wp-image-77120\" srcset=\"https:\/\/www.gaveanews.com\/wp-content\/uploads\/Sergio-Coelho-presidente-do-Atletico-MG.webp 900w, https:\/\/www.gaveanews.com\/wp-content\/uploads\/Sergio-Coelho-presidente-do-Atletico-MG-300x169.webp 300w, https:\/\/www.gaveanews.com\/wp-content\/uploads\/Sergio-Coelho-presidente-do-Atletico-MG-768x432.webp 768w, https:\/\/www.gaveanews.com\/wp-content\/uploads\/Sergio-Coelho-presidente-do-Atletico-MG-747x420.webp 747w, https:\/\/www.gaveanews.com\/wp-content\/uploads\/Sergio-Coelho-presidente-do-Atletico-MG-640x360.webp 640w, https:\/\/www.gaveanews.com\/wp-content\/uploads\/Sergio-Coelho-presidente-do-Atletico-MG-681x383.webp 681w, https:\/\/www.gaveanews.com\/wp-content\/uploads\/Sergio-Coelho-presidente-do-Atletico-MG-100x56.webp 100w\" sizes=\"auto, (max-width: 900px) 100vw, 900px\" \/><figcaption class=\"wp-element-caption\">S\u00e9rgio Coelho, presidente do Atl\u00e9tico-MG (Foto: Divulga\u00e7\u00e3o\/Atl\u00e9tico-MG)<\/figcaption><\/figure>\n\n\n\n<p>O dirigente destacou ainda a import\u00e2ncia hist\u00f3rica da partida para o Atl\u00e9tico-MG. Ele afirmou que, al\u00e9m do impacto financeiro, o confronto pode garantir ao clube a chance de disputar dois Mundiais, classificando-o como &#8220;o jogo mais importante da hist\u00f3ria do Galo&#8221;. A confian\u00e7a no elenco e no significado do duelo para a trajet\u00f3ria do time mineiro refor\u00e7am a determina\u00e7\u00e3o do clube em superar o favoritismo advers\u00e1rio.<\/p>\n\n\n\n<p>Enquanto o Botafogo chega embalado pela boa fase, o Atl\u00e9tico-MG enfrenta o desafio de reverter uma sequ\u00eancia de resultados negativos. A final, que ser\u00e1 transmitida ao vivo no s\u00e1bado \u00e0s 17h (hor\u00e1rio de Bras\u00edlia), promete ser um embate emocionante, com ambos os clubes buscando a gl\u00f3ria continental.<\/p>\n\n\n\n<h2 class=\"wp-block-heading\" id=\"h-declaracao-de-dudu-cearense\">Declara\u00e7\u00e3o de Dudu Cearense<\/h2>\n\n\n\n<p>O ex-jogador Dudu Cearense, com passagem pelo Botafogo, fez declara\u00e7\u00f5es marcantes sobre Vagner Love em participa\u00e7\u00e3o no programa &#8220;MunDu Menezes&#8221;. Dudu destacou a habilidade de Vagner como um dos maiores atacantes do mundo, relembrando a trajet\u00f3ria no CSKA de Moscou, onde conquistaram diversos t\u00edtulos, incluindo a Copa da UEFA e m\u00faltiplos campeonatos nacionais. Ele enfatizou que, apesar das ofertas de grandes clubes europeus, o alto sal\u00e1rio oferecido na R\u00fassia manteve Vagner no CSKA <strong><a href=\"https:\/\/www.gaveanews.com\/index.php\/2024\/11\/28\/video-ex-botafogo-da-declaracao-ousada-envolvendo-vagner-love\/\">(leia a mat\u00e9ria completa).<\/a><\/strong><\/p>\n\n\n\n<figure class=\"wp-block-image size-full\"><img loading=\"lazy\" decoding=\"async\" width=\"872\" height=\"548\" src=\"https:\/\/www.gaveanews.com\/wp-content\/uploads\/Vagner-Love.webp\" alt=\"\" class=\"wp-image-36309\" srcset=\"https:\/\/www.gaveanews.com\/wp-content\/uploads\/Vagner-Love.webp 872w, https:\/\/www.gaveanews.com\/wp-content\/uploads\/Vagner-Love-300x189.webp 300w, https:\/\/www.gaveanews.com\/wp-content\/uploads\/Vagner-Love-768x483.webp 768w, https:\/\/www.gaveanews.com\/wp-content\/uploads\/Vagner-Love-668x420.webp 668w, https:\/\/www.gaveanews.com\/wp-content\/uploads\/Vagner-Love-640x402.webp 640w, https:\/\/www.gaveanews.com\/wp-content\/uploads\/Vagner-Love-681x428.webp 681w, https:\/\/www.gaveanews.com\/wp-content\/uploads\/Vagner-Love-100x63.webp 100w\" sizes=\"auto, (max-width: 872px) 100vw, 872px\" \/><\/figure>\n\n\n\n<p>Vagner Love foi um dos destaques do futebol russo, acumulando t\u00edtulos como o Campeonato Russo, Copa da R\u00fassia e Supercopa da R\u00fassia. Em 158 jogos pelo CSKA, marcou 79 gols. Sua carreira incluiu passagens por clubes brasileiros como Flamengo e Palmeiras, al\u00e9m de um retorno ao CSKA antes de atuar no futebol chin\u00eas. Essa consist\u00eancia refor\u00e7a a vis\u00e3o de Dudu sobre a excel\u00eancia de Vagner no cen\u00e1rio internacional.<\/p>\n\n\n\n<p>As declara\u00e7\u00f5es de Dudu n\u00e3o s\u00f3 exaltam Vagner Love, mas tamb\u00e9m destacam a for\u00e7a das equipes do CSKA durante sua perman\u00eancia, com jogadores de destaque como J\u00f4 e Daniel Carvalho. O coment\u00e1rio ressalta como Vagner Love se manteve relevante e decisivo ao longo de sua trajet\u00f3ria, sendo uma refer\u00eancia de qualidade tanto na Europa quanto no Brasil.<\/p>\n\n\n\n<h2 class=\"wp-block-heading\" id=\"h-acordo-do-santos\">Acordo do Santos<\/h2>\n\n\n\n<p>O Santos busca refor\u00e7ar seu elenco para 2025 e negocia a contrata\u00e7\u00e3o de Jeffinho, atacante de 24 anos que pertence ao Lyon. O jogador, que perdeu espa\u00e7o no Botafogo ap\u00f3s uma les\u00e3o na coxa direita, \u00e9 visto pela diretoria santista como uma pe\u00e7a capaz de trazer dinamismo ao ataque da equipe. A negocia\u00e7\u00e3o \u00e9 considerada priorit\u00e1ria pelo clube, que deseja montar um elenco competitivo e deixar para tr\u00e1s os riscos de rebaixamento, mirando conquistas importantes na pr\u00f3xima temporada <strong><a href=\"https:\/\/www.gaveanews.com\/index.php\/2024\/11\/28\/santos-busca-firmar-acordo-com-o-lyon-de-textor-do-botafogo\/\">(leia a mat\u00e9ria completa).<\/a><\/strong><\/p>\n\n\n\n<figure class=\"wp-block-image size-full\"><img loading=\"lazy\" decoding=\"async\" width=\"750\" height=\"422\" src=\"https:\/\/www.gaveanews.com\/wp-content\/uploads\/jeffinho-atacante-botafogo.webp\" alt=\"\" class=\"wp-image-125787\" srcset=\"https:\/\/www.gaveanews.com\/wp-content\/uploads\/jeffinho-atacante-botafogo.webp 750w, https:\/\/www.gaveanews.com\/wp-content\/uploads\/jeffinho-atacante-botafogo-300x169.webp 300w, https:\/\/www.gaveanews.com\/wp-content\/uploads\/jeffinho-atacante-botafogo-746x420.webp 746w, https:\/\/www.gaveanews.com\/wp-content\/uploads\/jeffinho-atacante-botafogo-640x360.webp 640w, https:\/\/www.gaveanews.com\/wp-content\/uploads\/jeffinho-atacante-botafogo-681x383.webp 681w, https:\/\/www.gaveanews.com\/wp-content\/uploads\/jeffinho-atacante-botafogo-100x56.webp 100w\" sizes=\"auto, (max-width: 750px) 100vw, 750px\" \/><figcaption class=\"wp-element-caption\">Jeffinho, atacante do Botafogo (Foto: Vitor Silva\/Botafogo)<\/figcaption><\/figure>\n\n\n\n<p>Al\u00e9m de Jeffinho, o Santos tamb\u00e9m avalia outros refor\u00e7os de peso, como Neymar, Gabigol e Ganso, demonstrando ambi\u00e7\u00e3o no mercado de transfer\u00eancias. No entanto, o presidente Marcelo Teixeira destacou a necessidade de responsabilidade financeira, refor\u00e7ando que qualquer movimenta\u00e7\u00e3o ser\u00e1 cuidadosamente planejada. A ideia \u00e9 estruturar um time ofensivo e s\u00f3lido, capaz de reviver os melhores momentos da hist\u00f3ria do clube.<\/p>\n\n\n\n<p>Embora as conversas com Jeffinho ainda estejam em est\u00e1gio inicial, a diretoria alvinegra tem trabalhado para superar a concorr\u00eancia e garantir sua contrata\u00e7\u00e3o. A chegada de jovens talentos e jogadores experientes reflete o compromisso do Santos em construir uma equipe renovada e competitiva, que possa atender \u00e0s expectativas da torcida e brigar por t\u00edtulos na pr\u00f3xima temporada.<\/p>\n","protected":false},"excerpt":{"rendered":"<p>Nas \u00faltimas horas, o foco das not\u00edcias sobre o Botafogo se concentram nos bastidores do clube, com destaques como o acordo com Santos e declara\u00e7\u00e3o de Dudu. Por conta deste contexto, leia abaixo um resumo preparado pela equipe do portal G\u00e1vea News para lhe manter muito bem informado! Recado de S\u00e9rgio Coelho S\u00e9rgio Coelho, presidente [&hellip;]<\/p>\n","protected":false},"author":27,"featured_media":120619,"comment_status":"open","ping_status":"closed","sticky":false,"template":"","format":"standard","meta":{"footnotes":""},"categories":[138],"tags":[],"class_list":["post-192077","post","type-post","status-publish","format-standard","has-post-thumbnail","hentry","category-botafogo"],"yoast_head":"<!-- This site is optimized with the Yoast SEO Premium plugin v24.2 (Yoast SEO v26.9) - https:\/\/yoast.com\/product\/yoast-seo-premium-wordpress\/ -->\n<title>Acordo com Santos, declara\u00e7\u00e3o de Dudu Cearense e recado de S\u00e9rgio Coelho: as \u00faltimas not\u00edcias do Botafogo<\/title>\n<meta name=\"robots\" content=\"index, follow, max-snippet:-1, max-image-preview:large, max-video-preview:-1\" \/>\n<link rel=\"canonical\" href=\"https:\/\/www.gaveanews.com\/index.php\/2024\/11\/29\/acordo-com-santos-declaracao-de-dudu-cearense-e-recado-de-sergio-coelho-as-ultimas-noticias-do-botafogo\/\" \/>\n<meta property=\"og:locale\" content=\"pt_BR\" \/>\n<meta property=\"og:type\" content=\"article\" \/>\n<meta property=\"og:title\" content=\"Acordo com Santos, declara\u00e7\u00e3o de Dudu Cearense e recado de S\u00e9rgio Coelho: as \u00faltimas not\u00edcias do Botafogo\" \/>\n<meta property=\"og:description\" content=\"Nas \u00faltimas horas, o foco das not\u00edcias sobre o Botafogo se concentram nos bastidores do clube, com destaques como o acordo com Santos e declara\u00e7\u00e3o de Dudu. Por conta deste contexto, leia abaixo um resumo preparado pela equipe do portal G\u00e1vea News para lhe manter muito bem informado! Recado de S\u00e9rgio Coelho S\u00e9rgio Coelho, presidente [&hellip;]\" \/>\n<meta property=\"og:url\" content=\"https:\/\/www.gaveanews.com\/index.php\/2024\/11\/29\/acordo-com-santos-declaracao-de-dudu-cearense-e-recado-de-sergio-coelho-as-ultimas-noticias-do-botafogo\/\" \/>\n<meta property=\"og:site_name\" content=\"G\u00e1vea News\" \/>\n<meta property=\"article:publisher\" content=\"https:\/\/facebook.com\/gaveaNews\/\" \/>\n<meta property=\"article:published_time\" content=\"2024-11-29T10:05:00+00:00\" \/>\n<meta property=\"og:image\" content=\"https:\/\/www.gaveanews.com\/wp-content\/uploads\/botafogoescudo.webp\" \/>\n\t<meta property=\"og:image:width\" content=\"900\" \/>\n\t<meta property=\"og:image:height\" content=\"600\" \/>\n\t<meta property=\"og:image:type\" content=\"image\/webp\" \/>\n<meta name=\"author\" content=\"Matheus Felipe\" \/>\n<meta name=\"twitter:card\" content=\"summary_large_image\" \/>\n<meta name=\"twitter:label1\" content=\"Escrito por\" \/>\n\t<meta name=\"twitter:data1\" content=\"Matheus Felipe\" \/>\n\t<meta name=\"twitter:label2\" content=\"Est. tempo de leitura\" \/>\n\t<meta name=\"twitter:data2\" content=\"5 minutos\" \/>\n<script type=\"application\/ld+json\" class=\"yoast-schema-graph\">{\"@context\":\"https:\/\/schema.org\",\"@graph\":[{\"@type\":\"NewsArticle\",\"@id\":\"https:\/\/www.gaveanews.com\/index.php\/2024\/11\/29\/acordo-com-santos-declaracao-de-dudu-cearense-e-recado-de-sergio-coelho-as-ultimas-noticias-do-botafogo\/#article\",\"isPartOf\":{\"@id\":\"https:\/\/www.gaveanews.com\/index.php\/2024\/11\/29\/acordo-com-santos-declaracao-de-dudu-cearense-e-recado-de-sergio-coelho-as-ultimas-noticias-do-botafogo\/\"},\"author\":{\"name\":\"Matheus Felipe\",\"@id\":\"https:\/\/www.gaveanews.com\/#\/schema\/person\/8207cd4627f56151707418bfc835b2fb\"},\"headline\":\"Acordo com Santos, declara\u00e7\u00e3o de Dudu Cearense e recado de S\u00e9rgio Coelho: as \u00faltimas not\u00edcias do Botafogo\",\"datePublished\":\"2024-11-29T10:05:00+00:00\",\"mainEntityOfPage\":{\"@id\":\"https:\/\/www.gaveanews.com\/index.php\/2024\/11\/29\/acordo-com-santos-declaracao-de-dudu-cearense-e-recado-de-sergio-coelho-as-ultimas-noticias-do-botafogo\/\"},\"wordCount\":750,\"commentCount\":0,\"image\":{\"@id\":\"https:\/\/www.gaveanews.com\/index.php\/2024\/11\/29\/acordo-com-santos-declaracao-de-dudu-cearense-e-recado-de-sergio-coelho-as-ultimas-noticias-do-botafogo\/#primaryimage\"},\"thumbnailUrl\":\"https:\/\/www.gaveanews.com\/wp-content\/uploads\/botafogoescudo.webp\",\"articleSection\":[\"Botafogo\"],\"inLanguage\":\"pt-BR\",\"potentialAction\":[{\"@type\":\"CommentAction\",\"name\":\"Comment\",\"target\":[\"https:\/\/www.gaveanews.com\/index.php\/2024\/11\/29\/acordo-com-santos-declaracao-de-dudu-cearense-e-recado-de-sergio-coelho-as-ultimas-noticias-do-botafogo\/#respond\"]}],\"copyrightYear\":\"2024\",\"copyrightHolder\":{\"@id\":\"https:\/\/www.gaveanews.com\/#organization\"}},{\"@type\":\"WebPage\",\"@id\":\"https:\/\/www.gaveanews.com\/index.php\/2024\/11\/29\/acordo-com-santos-declaracao-de-dudu-cearense-e-recado-de-sergio-coelho-as-ultimas-noticias-do-botafogo\/\",\"url\":\"https:\/\/www.gaveanews.com\/index.php\/2024\/11\/29\/acordo-com-santos-declaracao-de-dudu-cearense-e-recado-de-sergio-coelho-as-ultimas-noticias-do-botafogo\/\",\"name\":\"Acordo com Santos, declara\u00e7\u00e3o de Dudu Cearense e recado de S\u00e9rgio Coelho: as \u00faltimas not\u00edcias do Botafogo\",\"isPartOf\":{\"@id\":\"https:\/\/www.gaveanews.com\/#website\"},\"primaryImageOfPage\":{\"@id\":\"https:\/\/www.gaveanews.com\/index.php\/2024\/11\/29\/acordo-com-santos-declaracao-de-dudu-cearense-e-recado-de-sergio-coelho-as-ultimas-noticias-do-botafogo\/#primaryimage\"},\"image\":{\"@id\":\"https:\/\/www.gaveanews.com\/index.php\/2024\/11\/29\/acordo-com-santos-declaracao-de-dudu-cearense-e-recado-de-sergio-coelho-as-ultimas-noticias-do-botafogo\/#primaryimage\"},\"thumbnailUrl\":\"https:\/\/www.gaveanews.com\/wp-content\/uploads\/botafogoescudo.webp\",\"datePublished\":\"2024-11-29T10:05:00+00:00\",\"author\":{\"@id\":\"https:\/\/www.gaveanews.com\/#\/schema\/person\/8207cd4627f56151707418bfc835b2fb\"},\"breadcrumb\":{\"@id\":\"https:\/\/www.gaveanews.com\/index.php\/2024\/11\/29\/acordo-com-santos-declaracao-de-dudu-cearense-e-recado-de-sergio-coelho-as-ultimas-noticias-do-botafogo\/#breadcrumb\"},\"inLanguage\":\"pt-BR\",\"potentialAction\":[{\"@type\":\"ReadAction\",\"target\":[\"https:\/\/www.gaveanews.com\/index.php\/2024\/11\/29\/acordo-com-santos-declaracao-de-dudu-cearense-e-recado-de-sergio-coelho-as-ultimas-noticias-do-botafogo\/\"]}]},{\"@type\":\"ImageObject\",\"inLanguage\":\"pt-BR\",\"@id\":\"https:\/\/www.gaveanews.com\/index.php\/2024\/11\/29\/acordo-com-santos-declaracao-de-dudu-cearense-e-recado-de-sergio-coelho-as-ultimas-noticias-do-botafogo\/#primaryimage\",\"url\":\"https:\/\/www.gaveanews.com\/wp-content\/uploads\/botafogoescudo.webp\",\"contentUrl\":\"https:\/\/www.gaveanews.com\/wp-content\/uploads\/botafogoescudo.webp\",\"width\":900,\"height\":600,\"caption\":\"Escudo do Botafogo (Foto: Reprodu\u00e7\u00e3o)\"},{\"@type\":\"BreadcrumbList\",\"@id\":\"https:\/\/www.gaveanews.com\/index.php\/2024\/11\/29\/acordo-com-santos-declaracao-de-dudu-cearense-e-recado-de-sergio-coelho-as-ultimas-noticias-do-botafogo\/#breadcrumb\",\"itemListElement\":[{\"@type\":\"ListItem\",\"position\":1,\"name\":\"Home\",\"item\":\"https:\/\/www.gaveanews.com\/\"},{\"@type\":\"ListItem\",\"position\":2,\"name\":\"Acordo com Santos, declara\u00e7\u00e3o de Dudu Cearense e recado de S\u00e9rgio Coelho: as \u00faltimas not\u00edcias do Botafogo\"}]},{\"@type\":\"WebSite\",\"@id\":\"https:\/\/www.gaveanews.com\/#website\",\"url\":\"https:\/\/www.gaveanews.com\/\",\"name\":\"G\u00e1vea News\",\"description\":\"Veja todas as not\u00edcias sobre o Flamengo: Contrata\u00e7\u00f5es, categorias de base, resultados das partidas, tabela de classifica\u00e7\u00e3o, pr\u00f3ximos jogos!\",\"potentialAction\":[{\"@type\":\"SearchAction\",\"target\":{\"@type\":\"EntryPoint\",\"urlTemplate\":\"https:\/\/www.gaveanews.com\/?s={search_term_string}\"},\"query-input\":{\"@type\":\"PropertyValueSpecification\",\"valueRequired\":true,\"valueName\":\"search_term_string\"}}],\"inLanguage\":\"pt-BR\"},{\"@type\":\"Person\",\"@id\":\"https:\/\/www.gaveanews.com\/#\/schema\/person\/8207cd4627f56151707418bfc835b2fb\",\"name\":\"Matheus Felipe\",\"image\":{\"@type\":\"ImageObject\",\"inLanguage\":\"pt-BR\",\"@id\":\"https:\/\/www.gaveanews.com\/#\/schema\/person\/image\/\",\"url\":\"https:\/\/secure.gravatar.com\/avatar\/a452ffbed9130f726358b298bb3a99ce4bd3c5338411f8440e87e14d74c7c087?s=96&d=mm&r=g\",\"contentUrl\":\"https:\/\/secure.gravatar.com\/avatar\/a452ffbed9130f726358b298bb3a99ce4bd3c5338411f8440e87e14d74c7c087?s=96&d=mm&r=g\",\"caption\":\"Matheus Felipe\"}}]}<\/script>\n<!-- \/ Yoast SEO Premium plugin. -->","yoast_head_json":{"title":"Acordo com Santos, declara\u00e7\u00e3o de Dudu Cearense e recado de S\u00e9rgio Coelho: as \u00faltimas not\u00edcias do Botafogo","robots":{"index":"index","follow":"follow","max-snippet":"max-snippet:-1","max-image-preview":"max-image-preview:large","max-video-preview":"max-video-preview:-1"},"canonical":"https:\/\/www.gaveanews.com\/index.php\/2024\/11\/29\/acordo-com-santos-declaracao-de-dudu-cearense-e-recado-de-sergio-coelho-as-ultimas-noticias-do-botafogo\/","og_locale":"pt_BR","og_type":"article","og_title":"Acordo com Santos, declara\u00e7\u00e3o de Dudu Cearense e recado de S\u00e9rgio Coelho: as \u00faltimas not\u00edcias do Botafogo","og_description":"Nas \u00faltimas horas, o foco das not\u00edcias sobre o Botafogo se concentram nos bastidores do clube, com destaques como o acordo com Santos e declara\u00e7\u00e3o de Dudu. Por conta deste contexto, leia abaixo um resumo preparado pela equipe do portal G\u00e1vea News para lhe manter muito bem informado! Recado de S\u00e9rgio Coelho S\u00e9rgio Coelho, presidente [&hellip;]","og_url":"https:\/\/www.gaveanews.com\/index.php\/2024\/11\/29\/acordo-com-santos-declaracao-de-dudu-cearense-e-recado-de-sergio-coelho-as-ultimas-noticias-do-botafogo\/","og_site_name":"G\u00e1vea News","article_publisher":"https:\/\/facebook.com\/gaveaNews\/","article_published_time":"2024-11-29T10:05:00+00:00","og_image":[{"width":900,"height":600,"url":"https:\/\/www.gaveanews.com\/wp-content\/uploads\/botafogoescudo.webp","type":"image\/webp"}],"author":"Matheus Felipe","twitter_card":"summary_large_image","twitter_misc":{"Escrito por":"Matheus Felipe","Est. tempo de leitura":"5 minutos"},"schema":{"@context":"https:\/\/schema.org","@graph":[{"@type":"NewsArticle","@id":"https:\/\/www.gaveanews.com\/index.php\/2024\/11\/29\/acordo-com-santos-declaracao-de-dudu-cearense-e-recado-de-sergio-coelho-as-ultimas-noticias-do-botafogo\/#article","isPartOf":{"@id":"https:\/\/www.gaveanews.com\/index.php\/2024\/11\/29\/acordo-com-santos-declaracao-de-dudu-cearense-e-recado-de-sergio-coelho-as-ultimas-noticias-do-botafogo\/"},"author":{"name":"Matheus Felipe","@id":"https:\/\/www.gaveanews.com\/#\/schema\/person\/8207cd4627f56151707418bfc835b2fb"},"headline":"Acordo com Santos, declara\u00e7\u00e3o de Dudu Cearense e recado de S\u00e9rgio Coelho: as \u00faltimas not\u00edcias do Botafogo","datePublished":"2024-11-29T10:05:00+00:00","mainEntityOfPage":{"@id":"https:\/\/www.gaveanews.com\/index.php\/2024\/11\/29\/acordo-com-santos-declaracao-de-dudu-cearense-e-recado-de-sergio-coelho-as-ultimas-noticias-do-botafogo\/"},"wordCount":750,"commentCount":0,"image":{"@id":"https:\/\/www.gaveanews.com\/index.php\/2024\/11\/29\/acordo-com-santos-declaracao-de-dudu-cearense-e-recado-de-sergio-coelho-as-ultimas-noticias-do-botafogo\/#primaryimage"},"thumbnailUrl":"https:\/\/www.gaveanews.com\/wp-content\/uploads\/botafogoescudo.webp","articleSection":["Botafogo"],"inLanguage":"pt-BR","potentialAction":[{"@type":"CommentAction","name":"Comment","target":["https:\/\/www.gaveanews.com\/index.php\/2024\/11\/29\/acordo-com-santos-declaracao-de-dudu-cearense-e-recado-de-sergio-coelho-as-ultimas-noticias-do-botafogo\/#respond"]}],"copyrightYear":"2024","copyrightHolder":{"@id":"https:\/\/www.gaveanews.com\/#organization"}},{"@type":"WebPage","@id":"https:\/\/www.gaveanews.com\/index.php\/2024\/11\/29\/acordo-com-santos-declaracao-de-dudu-cearense-e-recado-de-sergio-coelho-as-ultimas-noticias-do-botafogo\/","url":"https:\/\/www.gaveanews.com\/index.php\/2024\/11\/29\/acordo-com-santos-declaracao-de-dudu-cearense-e-recado-de-sergio-coelho-as-ultimas-noticias-do-botafogo\/","name":"Acordo com Santos, declara\u00e7\u00e3o de Dudu Cearense e recado de S\u00e9rgio Coelho: as \u00faltimas not\u00edcias do Botafogo","isPartOf":{"@id":"https:\/\/www.gaveanews.com\/#website"},"primaryImageOfPage":{"@id":"https:\/\/www.gaveanews.com\/index.php\/2024\/11\/29\/acordo-com-santos-declaracao-de-dudu-cearense-e-recado-de-sergio-coelho-as-ultimas-noticias-do-botafogo\/#primaryimage"},"image":{"@id":"https:\/\/www.gaveanews.com\/index.php\/2024\/11\/29\/acordo-com-santos-declaracao-de-dudu-cearense-e-recado-de-sergio-coelho-as-ultimas-noticias-do-botafogo\/#primaryimage"},"thumbnailUrl":"https:\/\/www.gaveanews.com\/wp-content\/uploads\/botafogoescudo.webp","datePublished":"2024-11-29T10:05:00+00:00","author":{"@id":"https:\/\/www.gaveanews.com\/#\/schema\/person\/8207cd4627f56151707418bfc835b2fb"},"breadcrumb":{"@id":"https:\/\/www.gaveanews.com\/index.php\/2024\/11\/29\/acordo-com-santos-declaracao-de-dudu-cearense-e-recado-de-sergio-coelho-as-ultimas-noticias-do-botafogo\/#breadcrumb"},"inLanguage":"pt-BR","potentialAction":[{"@type":"ReadAction","target":["https:\/\/www.gaveanews.com\/index.php\/2024\/11\/29\/acordo-com-santos-declaracao-de-dudu-cearense-e-recado-de-sergio-coelho-as-ultimas-noticias-do-botafogo\/"]}]},{"@type":"ImageObject","inLanguage":"pt-BR","@id":"https:\/\/www.gaveanews.com\/index.php\/2024\/11\/29\/acordo-com-santos-declaracao-de-dudu-cearense-e-recado-de-sergio-coelho-as-ultimas-noticias-do-botafogo\/#primaryimage","url":"https:\/\/www.gaveanews.com\/wp-content\/uploads\/botafogoescudo.webp","contentUrl":"https:\/\/www.gaveanews.com\/wp-content\/uploads\/botafogoescudo.webp","width":900,"height":600,"caption":"Escudo do Botafogo (Foto: Reprodu\u00e7\u00e3o)"},{"@type":"BreadcrumbList","@id":"https:\/\/www.gaveanews.com\/index.php\/2024\/11\/29\/acordo-com-santos-declaracao-de-dudu-cearense-e-recado-de-sergio-coelho-as-ultimas-noticias-do-botafogo\/#breadcrumb","itemListElement":[{"@type":"ListItem","position":1,"name":"Home","item":"https:\/\/www.gaveanews.com\/"},{"@type":"ListItem","position":2,"name":"Acordo com Santos, declara\u00e7\u00e3o de Dudu Cearense e recado de S\u00e9rgio Coelho: as \u00faltimas not\u00edcias do Botafogo"}]},{"@type":"WebSite","@id":"https:\/\/www.gaveanews.com\/#website","url":"https:\/\/www.gaveanews.com\/","name":"G\u00e1vea News","description":"Veja todas as not\u00edcias sobre o Flamengo: Contrata\u00e7\u00f5es, categorias de base, resultados das partidas, tabela de classifica\u00e7\u00e3o, pr\u00f3ximos jogos!","potentialAction":[{"@type":"SearchAction","target":{"@type":"EntryPoint","urlTemplate":"https:\/\/www.gaveanews.com\/?s={search_term_string}"},"query-input":{"@type":"PropertyValueSpecification","valueRequired":true,"valueName":"search_term_string"}}],"inLanguage":"pt-BR"},{"@type":"Person","@id":"https:\/\/www.gaveanews.com\/#\/schema\/person\/8207cd4627f56151707418bfc835b2fb","name":"Matheus Felipe","image":{"@type":"ImageObject","inLanguage":"pt-BR","@id":"https:\/\/www.gaveanews.com\/#\/schema\/person\/image\/","url":"https:\/\/secure.gravatar.com\/avatar\/a452ffbed9130f726358b298bb3a99ce4bd3c5338411f8440e87e14d74c7c087?s=96&d=mm&r=g","contentUrl":"https:\/\/secure.gravatar.com\/avatar\/a452ffbed9130f726358b298bb3a99ce4bd3c5338411f8440e87e14d74c7c087?s=96&d=mm&r=g","caption":"Matheus Felipe"}}]}},"_links":{"self":[{"href":"https:\/\/www.gaveanews.com\/index.php\/wp-json\/wp\/v2\/posts\/192077","targetHints":{"allow":["GET"]}}],"collection":[{"href":"https:\/\/www.gaveanews.com\/index.php\/wp-json\/wp\/v2\/posts"}],"about":[{"href":"https:\/\/www.gaveanews.com\/index.php\/wp-json\/wp\/v2\/types\/post"}],"author":[{"embeddable":true,"href":"https:\/\/www.gaveanews.com\/index.php\/wp-json\/wp\/v2\/users\/27"}],"replies":[{"embeddable":true,"href":"https:\/\/www.gaveanews.com\/index.php\/wp-json\/wp\/v2\/comments?post=192077"}],"version-history":[{"count":1,"href":"https:\/\/www.gaveanews.com\/index.php\/wp-json\/wp\/v2\/posts\/192077\/revisions"}],"predecessor-version":[{"id":192082,"href":"https:\/\/www.gaveanews.com\/index.php\/wp-json\/wp\/v2\/posts\/192077\/revisions\/192082"}],"wp:featuredmedia":[{"embeddable":true,"href":"https:\/\/www.gaveanews.com\/index.php\/wp-json\/wp\/v2\/media\/120619"}],"wp:attachment":[{"href":"https:\/\/www.gaveanews.com\/index.php\/wp-json\/wp\/v2\/media?parent=192077"}],"wp:term":[{"taxonomy":"category","embeddable":true,"href":"https:\/\/www.gaveanews.com\/index.php\/wp-json\/wp\/v2\/categories?post=192077"},{"taxonomy":"post_tag","embeddable":true,"href":"https:\/\/www.gaveanews.com\/index.php\/wp-json\/wp\/v2\/tags?post=192077"}],"curies":[{"name":"wp","href":"https:\/\/api.w.org\/{rel}","templated":true}]}}