{"id":192095,"date":"2024-11-29T06:15:00","date_gmt":"2024-11-29T09:15:00","guid":{"rendered":"https:\/\/www.gaveanews.com\/?p=192095"},"modified":"2024-11-28T22:27:44","modified_gmt":"2024-11-29T01:27:44","slug":"valor-de-garro-votacao-de-impeachment-e-renovacao-de-contrato-as-ultimas-noticias-do-corinthians","status":"publish","type":"post","link":"https:\/\/www.gaveanews.com\/index.php\/2024\/11\/29\/valor-de-garro-votacao-de-impeachment-e-renovacao-de-contrato-as-ultimas-noticias-do-corinthians\/","title":{"rendered":"Valor de Garro, vota\u00e7\u00e3o de impeachment e renova\u00e7\u00e3o de contrato: as \u00faltimas not\u00edcias do Corinthians"},"content":{"rendered":"\n<p>Nas \u00faltimas horas, o foco das not\u00edcias sobre o Corinthians se concentram nos bastidores do clube, com destaques como o valor de Garro e a renova\u00e7\u00e3o de contrato.<\/p>\n\n\n\n<p>Por conta deste contexto, leia abaixo um resumo preparado pela equipe do portal G\u00e1vea News para lhe manter muito bem informado!<\/p>\n\n\n\n<h2 class=\"wp-block-heading\" id=\"h-renovacao-de-contrato\">Renova\u00e7\u00e3o de contrato<\/h2>\n\n\n\n<p>Ralf, \u00eddolo do Corinthians e destaque na conquista da Libertadores e do Mundial de Clubes em 2012, renovou contrato com o Vila Nova aos 40 anos. No clube goiano desde 2022, o volante se tornou uma figura emblem\u00e1tica, ajudando a equipe a se manter na S\u00e9rie B e quase alcan\u00e7ar o acesso \u00e0 S\u00e9rie A em duas temporadas consecutivas. Mesmo com as dificuldades, sua lideran\u00e7a e influ\u00eancia s\u00e3o reconhecidas, especialmente entre os jogadores mais jovens. (l<strong><a href=\"https:\/\/www.gaveanews.com\/index.php\/2024\/11\/28\/renovou-com-40-anos-idolo-do-corinthians-vai-continuar-jogando\/\">eia a mat\u00e9ria completa)<\/a><\/strong><\/p>\n\n\n\n<figure class=\"wp-block-image size-large\"><img loading=\"lazy\" decoding=\"async\" width=\"1024\" height=\"683\" src=\"https:\/\/www.gaveanews.com\/wp-content\/uploads\/Bandeira-do-Corinthians-1024x683.webp\" alt=\"\" class=\"wp-image-146952\" srcset=\"https:\/\/www.gaveanews.com\/wp-content\/uploads\/Bandeira-do-Corinthians-1024x683.webp 1024w, https:\/\/www.gaveanews.com\/wp-content\/uploads\/Bandeira-do-Corinthians-300x200.webp 300w, https:\/\/www.gaveanews.com\/wp-content\/uploads\/Bandeira-do-Corinthians-768x512.webp 768w, https:\/\/www.gaveanews.com\/wp-content\/uploads\/Bandeira-do-Corinthians-630x420.webp 630w, https:\/\/www.gaveanews.com\/wp-content\/uploads\/Bandeira-do-Corinthians-640x427.webp 640w, https:\/\/www.gaveanews.com\/wp-content\/uploads\/Bandeira-do-Corinthians-681x454.webp 681w, https:\/\/www.gaveanews.com\/wp-content\/uploads\/Bandeira-do-Corinthians-100x67.webp 100w, https:\/\/www.gaveanews.com\/wp-content\/uploads\/Bandeira-do-Corinthians.webp 1048w\" sizes=\"auto, (max-width: 1024px) 100vw, 1024px\" \/><figcaption class=\"wp-element-caption\">Bandeira do Corinthians (Foto Reprodu\u00e7\u00e3o\/Instagram)<\/figcaption><\/figure>\n\n\n\n<p>Com 150 jogos pelo Vila Nova, Ralf refor\u00e7a seu status de refer\u00eancia, similar ao que alcan\u00e7ou no Corinthians, onde disputou 420 partidas e conquistou diversos t\u00edtulos, incluindo dois Campeonatos Brasileiros e tr\u00eas Paulistas. <\/p>\n\n\n\n<p>Ap\u00f3s uma breve passagem pelo futebol chin\u00eas e outros clubes brasileiros, ele encontrou estabilidade no Vila Nova, tornando-se um dos maiores \u00eddolos da hist\u00f3ria do time.<\/p>\n\n\n\n<p>Na \u00faltima S\u00e9rie B, o Vila Nova terminou na 9\u00aa posi\u00e7\u00e3o, ap\u00f3s cair de rendimento nas rodadas finais. Ralf segue como pe\u00e7a central para o clube, que busca consolidar seu projeto e voltar a brigar pelo acesso na pr\u00f3xima temporada. Sua renova\u00e7\u00e3o demonstra sua resili\u00eancia e compromisso cont\u00ednuo com o futebol, mesmo em uma fase avan\u00e7ada da carreira.<\/p>\n\n\n\n<h2 class=\"wp-block-heading\" id=\"h-votacao-de-impeachment\">Vota\u00e7\u00e3o de impeachment<\/h2>\n\n\n\n<p>A vota\u00e7\u00e3o do impeachment de Augusto Melo, presidente do Corinthians, foi adiada para 2 de dezembro por quest\u00f5es de seguran\u00e7a, conforme solicita\u00e7\u00e3o da Pol\u00edcia Militar e da SSP-SP. A decis\u00e3o visa evitar tumultos no Parque S\u00e3o Jorge, garantindo um ambiente seguro para os conselheiros e a imprensa. A mudan\u00e7a tamb\u00e9m coincide com manifesta\u00e7\u00f5es contr\u00e1rias ao afastamento imediato, incluindo a da Gavi\u00f5es da Fiel e de jogadores preocupados com a estabilidade do clube em meio \u00e0 disputa por uma vaga na pr\u00e9-Libertadores <strong><a href=\"https:\/\/www.gaveanews.com\/index.php\/2024\/11\/28\/votacao-de-impeachment-de-augusto-melo-do-corinthians-sofre-reviravolta\/\">(leia a mat\u00e9ria completa).<\/a><\/strong><\/p>\n\n\n\n<figure class=\"wp-block-image size-large\"><img loading=\"lazy\" decoding=\"async\" width=\"1024\" height=\"576\" src=\"https:\/\/www.gaveanews.com\/wp-content\/uploads\/Augusto-Melo-durante-coletiva-de-imprensa-do-Corinthians-1024x576.webp\" alt=\"\" class=\"wp-image-145590\" srcset=\"https:\/\/www.gaveanews.com\/wp-content\/uploads\/Augusto-Melo-durante-coletiva-de-imprensa-do-Corinthians-1024x576.webp 1024w, https:\/\/www.gaveanews.com\/wp-content\/uploads\/Augusto-Melo-durante-coletiva-de-imprensa-do-Corinthians-300x169.webp 300w, https:\/\/www.gaveanews.com\/wp-content\/uploads\/Augusto-Melo-durante-coletiva-de-imprensa-do-Corinthians-768x432.webp 768w, https:\/\/www.gaveanews.com\/wp-content\/uploads\/Augusto-Melo-durante-coletiva-de-imprensa-do-Corinthians-1536x864.webp 1536w, https:\/\/www.gaveanews.com\/wp-content\/uploads\/Augusto-Melo-durante-coletiva-de-imprensa-do-Corinthians-747x420.webp 747w, https:\/\/www.gaveanews.com\/wp-content\/uploads\/Augusto-Melo-durante-coletiva-de-imprensa-do-Corinthians-1493x840.webp 1493w, https:\/\/www.gaveanews.com\/wp-content\/uploads\/Augusto-Melo-durante-coletiva-de-imprensa-do-Corinthians-640x360.webp 640w, https:\/\/www.gaveanews.com\/wp-content\/uploads\/Augusto-Melo-durante-coletiva-de-imprensa-do-Corinthians-1280x720.webp 1280w, https:\/\/www.gaveanews.com\/wp-content\/uploads\/Augusto-Melo-durante-coletiva-de-imprensa-do-Corinthians-681x383.webp 681w, https:\/\/www.gaveanews.com\/wp-content\/uploads\/Augusto-Melo-durante-coletiva-de-imprensa-do-Corinthians-1362x766.webp 1362w, https:\/\/www.gaveanews.com\/wp-content\/uploads\/Augusto-Melo-durante-coletiva-de-imprensa-do-Corinthians-100x56.webp 100w, https:\/\/www.gaveanews.com\/wp-content\/uploads\/Augusto-Melo-durante-coletiva-de-imprensa-do-Corinthians.webp 1920w\" sizes=\"auto, (max-width: 1024px) 100vw, 1024px\" \/><figcaption class=\"wp-element-caption\">Augusto Melo durante coletiva de imprensa do Corinthians (Foto: Rodrigo Coca\/ Corinthians)<\/figcaption><\/figure>\n\n\n\n<p>Caso o impeachment seja aprovado no Conselho Deliberativo, Augusto Melo ser\u00e1 afastado e substitu\u00eddo interinamente por Osmar Stabile, com uma Assembleia Geral de s\u00f3cios agendada para 2025, decidindo o destino final do mandato. Por outro lado, se rejeitado, Melo permanecer\u00e1 no cargo, embora novos pedidos de afastamento possam surgir. O processo tem gerado grande mobiliza\u00e7\u00e3o e debates sobre a governan\u00e7a do clube.<\/p>\n\n\n\n<p>Essa reviravolta ocorre em um momento crucial para o Corinthians, que enfrenta desafios administrativos e financeiros enquanto busca manter o foco no desempenho esportivo. A tens\u00e3o entre as diferentes esferas do clube reflete a complexidade de equilibrar interesses institucionais e a estabilidade necess\u00e1ria para a continuidade dos projetos.<\/p>\n\n\n\n<h2 class=\"wp-block-heading\" id=\"h-valor-de-garro\">Valor de Garro<\/h2>\n\n\n\n<p>O Corinthians investiu cerca de R$ 24 milh\u00f5es na contrata\u00e7\u00e3o de Rodrigo Garro, um dos destaques da temporada. Proveniente do Talleres, da Argentina, o meio-campista desempenhou um papel crucial para a equipe, sendo um dos l\u00edderes em participa\u00e7\u00e3o de gols. No entanto, um desentendimento surgiu em rela\u00e7\u00e3o ao pagamento, com o Talleres levando \u00e0 FIFA uma reclama\u00e7\u00e3o para receber US$ 700 mil (cerca de R$ 3,7 milh\u00f5es), que teriam sido reduzidos devido a impostos na Argentina <strong><a href=\"https:\/\/www.gaveanews.com\/index.php\/2024\/11\/28\/o-valor-que-o-corinthians-vai-ter-que-pagar-ao-talleres-por-rodrigo-garro\/\">(leia a mat\u00e9ria completa).<\/a><\/strong><\/p>\n\n\n\n<figure class=\"wp-block-image size-large\"><img loading=\"lazy\" decoding=\"async\" width=\"1024\" height=\"772\" src=\"https:\/\/www.gaveanews.com\/wp-content\/uploads\/Rodrigo-Garro-com-a-camisa-do-Corinthians-em-2024-1024x772.webp\" alt=\"\" class=\"wp-image-161268\" srcset=\"https:\/\/www.gaveanews.com\/wp-content\/uploads\/Rodrigo-Garro-com-a-camisa-do-Corinthians-em-2024-1024x772.webp 1024w, https:\/\/www.gaveanews.com\/wp-content\/uploads\/Rodrigo-Garro-com-a-camisa-do-Corinthians-em-2024-300x226.webp 300w, https:\/\/www.gaveanews.com\/wp-content\/uploads\/Rodrigo-Garro-com-a-camisa-do-Corinthians-em-2024-768x579.webp 768w, https:\/\/www.gaveanews.com\/wp-content\/uploads\/Rodrigo-Garro-com-a-camisa-do-Corinthians-em-2024-557x420.webp 557w, https:\/\/www.gaveanews.com\/wp-content\/uploads\/Rodrigo-Garro-com-a-camisa-do-Corinthians-em-2024-1115x840.webp 1115w, https:\/\/www.gaveanews.com\/wp-content\/uploads\/Rodrigo-Garro-com-a-camisa-do-Corinthians-em-2024-80x60.webp 80w, https:\/\/www.gaveanews.com\/wp-content\/uploads\/Rodrigo-Garro-com-a-camisa-do-Corinthians-em-2024-160x120.webp 160w, https:\/\/www.gaveanews.com\/wp-content\/uploads\/Rodrigo-Garro-com-a-camisa-do-Corinthians-em-2024-100x75.webp 100w, https:\/\/www.gaveanews.com\/wp-content\/uploads\/Rodrigo-Garro-com-a-camisa-do-Corinthians-em-2024-200x150.webp 200w, https:\/\/www.gaveanews.com\/wp-content\/uploads\/Rodrigo-Garro-com-a-camisa-do-Corinthians-em-2024-180x135.webp 180w, https:\/\/www.gaveanews.com\/wp-content\/uploads\/Rodrigo-Garro-com-a-camisa-do-Corinthians-em-2024-360x270.webp 360w, https:\/\/www.gaveanews.com\/wp-content\/uploads\/Rodrigo-Garro-com-a-camisa-do-Corinthians-em-2024-238x178.webp 238w, https:\/\/www.gaveanews.com\/wp-content\/uploads\/Rodrigo-Garro-com-a-camisa-do-Corinthians-em-2024-640x482.webp 640w, https:\/\/www.gaveanews.com\/wp-content\/uploads\/Rodrigo-Garro-com-a-camisa-do-Corinthians-em-2024-1280x964.webp 1280w, https:\/\/www.gaveanews.com\/wp-content\/uploads\/Rodrigo-Garro-com-a-camisa-do-Corinthians-em-2024-681x513.webp 681w, https:\/\/www.gaveanews.com\/wp-content\/uploads\/Rodrigo-Garro-com-a-camisa-do-Corinthians-em-2024-1362x1026.webp 1362w, https:\/\/www.gaveanews.com\/wp-content\/uploads\/Rodrigo-Garro-com-a-camisa-do-Corinthians-em-2024.webp 1440w\" sizes=\"auto, (max-width: 1024px) 100vw, 1024px\" \/><figcaption class=\"wp-element-caption\">Rodrigo Garro com a camisa do Corinthians em 2024 (Foto: Reprodu\u00e7\u00e3o\/Instagram)<\/figcaption><\/figure>\n\n\n\n<p>Inicialmente, o Corinthians desembolsou aproximadamente US$ 3,8 milh\u00f5es para garantir o jogador, incluindo despesas operacionais e o valor inicial da transfer\u00eancia. O acordo totalizava US$ 5,2 milh\u00f5es, mas a dedu\u00e7\u00e3o tribut\u00e1ria gerou o impasse. Apesar disso, o clube afirmou n\u00e3o ter recebido nova notifica\u00e7\u00e3o oficial da FIFA sobre a quest\u00e3o.<\/p>\n\n\n\n<p>Com a temporada em andamento, Garro continua sendo pe\u00e7a fundamental no time, ajudando o Corinthians na busca por uma vaga na Pr\u00e9-Libertadores. A transfer\u00eancia, mesmo envolta em controv\u00e9rsias financeiras, refor\u00e7ou o elenco e elevou o n\u00edvel t\u00e9cnico da equipe, destacando a aposta do clube em talentos internacionais para competir em alto n\u00edvel.<\/p>\n","protected":false},"excerpt":{"rendered":"<p>Nas \u00faltimas horas, o foco das not\u00edcias sobre o Corinthians se concentram nos bastidores do clube, com destaques como o valor de Garro e a renova\u00e7\u00e3o de contrato. Por conta deste contexto, leia abaixo um resumo preparado pela equipe do portal G\u00e1vea News para lhe manter muito bem informado! Renova\u00e7\u00e3o de contrato Ralf, \u00eddolo do [&hellip;]<\/p>\n","protected":false},"author":27,"featured_media":146953,"comment_status":"open","ping_status":"closed","sticky":false,"template":"","format":"standard","meta":{"footnotes":""},"categories":[141],"tags":[],"class_list":["post-192095","post","type-post","status-publish","format-standard","has-post-thumbnail","hentry","category-corinthians"],"yoast_head":"<!-- This site is optimized with the Yoast SEO Premium plugin v24.2 (Yoast SEO v26.9) - https:\/\/yoast.com\/product\/yoast-seo-premium-wordpress\/ -->\n<title>Valor de Garro, vota\u00e7\u00e3o de impeachment e renova\u00e7\u00e3o de contrato: as \u00faltimas not\u00edcias do Corinthians<\/title>\n<meta name=\"robots\" content=\"index, follow, max-snippet:-1, max-image-preview:large, max-video-preview:-1\" \/>\n<link rel=\"canonical\" href=\"https:\/\/www.gaveanews.com\/index.php\/2024\/11\/29\/valor-de-garro-votacao-de-impeachment-e-renovacao-de-contrato-as-ultimas-noticias-do-corinthians\/\" \/>\n<meta property=\"og:locale\" content=\"pt_BR\" \/>\n<meta property=\"og:type\" content=\"article\" \/>\n<meta property=\"og:title\" content=\"Valor de Garro, vota\u00e7\u00e3o de impeachment e renova\u00e7\u00e3o de contrato: as \u00faltimas not\u00edcias do Corinthians\" \/>\n<meta property=\"og:description\" content=\"Nas \u00faltimas horas, o foco das not\u00edcias sobre o Corinthians se concentram nos bastidores do clube, com destaques como o valor de Garro e a renova\u00e7\u00e3o de contrato. Por conta deste contexto, leia abaixo um resumo preparado pela equipe do portal G\u00e1vea News para lhe manter muito bem informado! Renova\u00e7\u00e3o de contrato Ralf, \u00eddolo do [&hellip;]\" \/>\n<meta property=\"og:url\" content=\"https:\/\/www.gaveanews.com\/index.php\/2024\/11\/29\/valor-de-garro-votacao-de-impeachment-e-renovacao-de-contrato-as-ultimas-noticias-do-corinthians\/\" \/>\n<meta property=\"og:site_name\" content=\"G\u00e1vea News\" \/>\n<meta property=\"article:publisher\" content=\"https:\/\/facebook.com\/gaveaNews\/\" \/>\n<meta property=\"article:published_time\" content=\"2024-11-29T09:15:00+00:00\" \/>\n<meta property=\"og:image\" content=\"https:\/\/www.gaveanews.com\/wp-content\/uploads\/Torcida-do-Corinthians.webp\" \/>\n\t<meta property=\"og:image:width\" content=\"1000\" \/>\n\t<meta property=\"og:image:height\" content=\"667\" \/>\n\t<meta property=\"og:image:type\" content=\"image\/webp\" \/>\n<meta name=\"author\" content=\"Matheus Felipe\" \/>\n<meta name=\"twitter:card\" content=\"summary_large_image\" \/>\n<meta name=\"twitter:label1\" content=\"Escrito por\" \/>\n\t<meta name=\"twitter:data1\" content=\"Matheus Felipe\" \/>\n\t<meta name=\"twitter:label2\" content=\"Est. tempo de leitura\" \/>\n\t<meta name=\"twitter:data2\" content=\"5 minutos\" \/>\n<script type=\"application\/ld+json\" class=\"yoast-schema-graph\">{\"@context\":\"https:\/\/schema.org\",\"@graph\":[{\"@type\":\"NewsArticle\",\"@id\":\"https:\/\/www.gaveanews.com\/index.php\/2024\/11\/29\/valor-de-garro-votacao-de-impeachment-e-renovacao-de-contrato-as-ultimas-noticias-do-corinthians\/#article\",\"isPartOf\":{\"@id\":\"https:\/\/www.gaveanews.com\/index.php\/2024\/11\/29\/valor-de-garro-votacao-de-impeachment-e-renovacao-de-contrato-as-ultimas-noticias-do-corinthians\/\"},\"author\":{\"name\":\"Matheus Felipe\",\"@id\":\"https:\/\/www.gaveanews.com\/#\/schema\/person\/8207cd4627f56151707418bfc835b2fb\"},\"headline\":\"Valor de Garro, vota\u00e7\u00e3o de impeachment e renova\u00e7\u00e3o de contrato: as \u00faltimas not\u00edcias do Corinthians\",\"datePublished\":\"2024-11-29T09:15:00+00:00\",\"mainEntityOfPage\":{\"@id\":\"https:\/\/www.gaveanews.com\/index.php\/2024\/11\/29\/valor-de-garro-votacao-de-impeachment-e-renovacao-de-contrato-as-ultimas-noticias-do-corinthians\/\"},\"wordCount\":739,\"commentCount\":0,\"image\":{\"@id\":\"https:\/\/www.gaveanews.com\/index.php\/2024\/11\/29\/valor-de-garro-votacao-de-impeachment-e-renovacao-de-contrato-as-ultimas-noticias-do-corinthians\/#primaryimage\"},\"thumbnailUrl\":\"https:\/\/www.gaveanews.com\/wp-content\/uploads\/Torcida-do-Corinthians.webp\",\"articleSection\":[\"Corinthians\"],\"inLanguage\":\"pt-BR\",\"potentialAction\":[{\"@type\":\"CommentAction\",\"name\":\"Comment\",\"target\":[\"https:\/\/www.gaveanews.com\/index.php\/2024\/11\/29\/valor-de-garro-votacao-de-impeachment-e-renovacao-de-contrato-as-ultimas-noticias-do-corinthians\/#respond\"]}],\"copyrightYear\":\"2024\",\"copyrightHolder\":{\"@id\":\"https:\/\/www.gaveanews.com\/#organization\"}},{\"@type\":\"WebPage\",\"@id\":\"https:\/\/www.gaveanews.com\/index.php\/2024\/11\/29\/valor-de-garro-votacao-de-impeachment-e-renovacao-de-contrato-as-ultimas-noticias-do-corinthians\/\",\"url\":\"https:\/\/www.gaveanews.com\/index.php\/2024\/11\/29\/valor-de-garro-votacao-de-impeachment-e-renovacao-de-contrato-as-ultimas-noticias-do-corinthians\/\",\"name\":\"Valor de Garro, vota\u00e7\u00e3o de impeachment e renova\u00e7\u00e3o de contrato: as \u00faltimas not\u00edcias do Corinthians\",\"isPartOf\":{\"@id\":\"https:\/\/www.gaveanews.com\/#website\"},\"primaryImageOfPage\":{\"@id\":\"https:\/\/www.gaveanews.com\/index.php\/2024\/11\/29\/valor-de-garro-votacao-de-impeachment-e-renovacao-de-contrato-as-ultimas-noticias-do-corinthians\/#primaryimage\"},\"image\":{\"@id\":\"https:\/\/www.gaveanews.com\/index.php\/2024\/11\/29\/valor-de-garro-votacao-de-impeachment-e-renovacao-de-contrato-as-ultimas-noticias-do-corinthians\/#primaryimage\"},\"thumbnailUrl\":\"https:\/\/www.gaveanews.com\/wp-content\/uploads\/Torcida-do-Corinthians.webp\",\"datePublished\":\"2024-11-29T09:15:00+00:00\",\"author\":{\"@id\":\"https:\/\/www.gaveanews.com\/#\/schema\/person\/8207cd4627f56151707418bfc835b2fb\"},\"breadcrumb\":{\"@id\":\"https:\/\/www.gaveanews.com\/index.php\/2024\/11\/29\/valor-de-garro-votacao-de-impeachment-e-renovacao-de-contrato-as-ultimas-noticias-do-corinthians\/#breadcrumb\"},\"inLanguage\":\"pt-BR\",\"potentialAction\":[{\"@type\":\"ReadAction\",\"target\":[\"https:\/\/www.gaveanews.com\/index.php\/2024\/11\/29\/valor-de-garro-votacao-de-impeachment-e-renovacao-de-contrato-as-ultimas-noticias-do-corinthians\/\"]}]},{\"@type\":\"ImageObject\",\"inLanguage\":\"pt-BR\",\"@id\":\"https:\/\/www.gaveanews.com\/index.php\/2024\/11\/29\/valor-de-garro-votacao-de-impeachment-e-renovacao-de-contrato-as-ultimas-noticias-do-corinthians\/#primaryimage\",\"url\":\"https:\/\/www.gaveanews.com\/wp-content\/uploads\/Torcida-do-Corinthians.webp\",\"contentUrl\":\"https:\/\/www.gaveanews.com\/wp-content\/uploads\/Torcida-do-Corinthians.webp\",\"width\":1000,\"height\":667,\"caption\":\"Torcida do Corinthians (Foto Reprodu\u00e7\u00e3o\/Instagram)\"},{\"@type\":\"BreadcrumbList\",\"@id\":\"https:\/\/www.gaveanews.com\/index.php\/2024\/11\/29\/valor-de-garro-votacao-de-impeachment-e-renovacao-de-contrato-as-ultimas-noticias-do-corinthians\/#breadcrumb\",\"itemListElement\":[{\"@type\":\"ListItem\",\"position\":1,\"name\":\"Home\",\"item\":\"https:\/\/www.gaveanews.com\/\"},{\"@type\":\"ListItem\",\"position\":2,\"name\":\"Valor de Garro, vota\u00e7\u00e3o de impeachment e renova\u00e7\u00e3o de contrato: as \u00faltimas not\u00edcias do Corinthians\"}]},{\"@type\":\"WebSite\",\"@id\":\"https:\/\/www.gaveanews.com\/#website\",\"url\":\"https:\/\/www.gaveanews.com\/\",\"name\":\"G\u00e1vea News\",\"description\":\"Veja todas as not\u00edcias sobre o Flamengo: Contrata\u00e7\u00f5es, categorias de base, resultados das partidas, tabela de classifica\u00e7\u00e3o, pr\u00f3ximos jogos!\",\"potentialAction\":[{\"@type\":\"SearchAction\",\"target\":{\"@type\":\"EntryPoint\",\"urlTemplate\":\"https:\/\/www.gaveanews.com\/?s={search_term_string}\"},\"query-input\":{\"@type\":\"PropertyValueSpecification\",\"valueRequired\":true,\"valueName\":\"search_term_string\"}}],\"inLanguage\":\"pt-BR\"},{\"@type\":\"Person\",\"@id\":\"https:\/\/www.gaveanews.com\/#\/schema\/person\/8207cd4627f56151707418bfc835b2fb\",\"name\":\"Matheus Felipe\",\"image\":{\"@type\":\"ImageObject\",\"inLanguage\":\"pt-BR\",\"@id\":\"https:\/\/www.gaveanews.com\/#\/schema\/person\/image\/\",\"url\":\"https:\/\/secure.gravatar.com\/avatar\/a452ffbed9130f726358b298bb3a99ce4bd3c5338411f8440e87e14d74c7c087?s=96&d=mm&r=g\",\"contentUrl\":\"https:\/\/secure.gravatar.com\/avatar\/a452ffbed9130f726358b298bb3a99ce4bd3c5338411f8440e87e14d74c7c087?s=96&d=mm&r=g\",\"caption\":\"Matheus Felipe\"}}]}<\/script>\n<!-- \/ Yoast SEO Premium plugin. -->","yoast_head_json":{"title":"Valor de Garro, vota\u00e7\u00e3o de impeachment e renova\u00e7\u00e3o de contrato: as \u00faltimas not\u00edcias do Corinthians","robots":{"index":"index","follow":"follow","max-snippet":"max-snippet:-1","max-image-preview":"max-image-preview:large","max-video-preview":"max-video-preview:-1"},"canonical":"https:\/\/www.gaveanews.com\/index.php\/2024\/11\/29\/valor-de-garro-votacao-de-impeachment-e-renovacao-de-contrato-as-ultimas-noticias-do-corinthians\/","og_locale":"pt_BR","og_type":"article","og_title":"Valor de Garro, vota\u00e7\u00e3o de impeachment e renova\u00e7\u00e3o de contrato: as \u00faltimas not\u00edcias do Corinthians","og_description":"Nas \u00faltimas horas, o foco das not\u00edcias sobre o Corinthians se concentram nos bastidores do clube, com destaques como o valor de Garro e a renova\u00e7\u00e3o de contrato. Por conta deste contexto, leia abaixo um resumo preparado pela equipe do portal G\u00e1vea News para lhe manter muito bem informado! Renova\u00e7\u00e3o de contrato Ralf, \u00eddolo do [&hellip;]","og_url":"https:\/\/www.gaveanews.com\/index.php\/2024\/11\/29\/valor-de-garro-votacao-de-impeachment-e-renovacao-de-contrato-as-ultimas-noticias-do-corinthians\/","og_site_name":"G\u00e1vea News","article_publisher":"https:\/\/facebook.com\/gaveaNews\/","article_published_time":"2024-11-29T09:15:00+00:00","og_image":[{"width":1000,"height":667,"url":"https:\/\/www.gaveanews.com\/wp-content\/uploads\/Torcida-do-Corinthians.webp","type":"image\/webp"}],"author":"Matheus Felipe","twitter_card":"summary_large_image","twitter_misc":{"Escrito por":"Matheus Felipe","Est. tempo de leitura":"5 minutos"},"schema":{"@context":"https:\/\/schema.org","@graph":[{"@type":"NewsArticle","@id":"https:\/\/www.gaveanews.com\/index.php\/2024\/11\/29\/valor-de-garro-votacao-de-impeachment-e-renovacao-de-contrato-as-ultimas-noticias-do-corinthians\/#article","isPartOf":{"@id":"https:\/\/www.gaveanews.com\/index.php\/2024\/11\/29\/valor-de-garro-votacao-de-impeachment-e-renovacao-de-contrato-as-ultimas-noticias-do-corinthians\/"},"author":{"name":"Matheus Felipe","@id":"https:\/\/www.gaveanews.com\/#\/schema\/person\/8207cd4627f56151707418bfc835b2fb"},"headline":"Valor de Garro, vota\u00e7\u00e3o de impeachment e renova\u00e7\u00e3o de contrato: as \u00faltimas not\u00edcias do Corinthians","datePublished":"2024-11-29T09:15:00+00:00","mainEntityOfPage":{"@id":"https:\/\/www.gaveanews.com\/index.php\/2024\/11\/29\/valor-de-garro-votacao-de-impeachment-e-renovacao-de-contrato-as-ultimas-noticias-do-corinthians\/"},"wordCount":739,"commentCount":0,"image":{"@id":"https:\/\/www.gaveanews.com\/index.php\/2024\/11\/29\/valor-de-garro-votacao-de-impeachment-e-renovacao-de-contrato-as-ultimas-noticias-do-corinthians\/#primaryimage"},"thumbnailUrl":"https:\/\/www.gaveanews.com\/wp-content\/uploads\/Torcida-do-Corinthians.webp","articleSection":["Corinthians"],"inLanguage":"pt-BR","potentialAction":[{"@type":"CommentAction","name":"Comment","target":["https:\/\/www.gaveanews.com\/index.php\/2024\/11\/29\/valor-de-garro-votacao-de-impeachment-e-renovacao-de-contrato-as-ultimas-noticias-do-corinthians\/#respond"]}],"copyrightYear":"2024","copyrightHolder":{"@id":"https:\/\/www.gaveanews.com\/#organization"}},{"@type":"WebPage","@id":"https:\/\/www.gaveanews.com\/index.php\/2024\/11\/29\/valor-de-garro-votacao-de-impeachment-e-renovacao-de-contrato-as-ultimas-noticias-do-corinthians\/","url":"https:\/\/www.gaveanews.com\/index.php\/2024\/11\/29\/valor-de-garro-votacao-de-impeachment-e-renovacao-de-contrato-as-ultimas-noticias-do-corinthians\/","name":"Valor de Garro, vota\u00e7\u00e3o de impeachment e renova\u00e7\u00e3o de contrato: as \u00faltimas not\u00edcias do Corinthians","isPartOf":{"@id":"https:\/\/www.gaveanews.com\/#website"},"primaryImageOfPage":{"@id":"https:\/\/www.gaveanews.com\/index.php\/2024\/11\/29\/valor-de-garro-votacao-de-impeachment-e-renovacao-de-contrato-as-ultimas-noticias-do-corinthians\/#primaryimage"},"image":{"@id":"https:\/\/www.gaveanews.com\/index.php\/2024\/11\/29\/valor-de-garro-votacao-de-impeachment-e-renovacao-de-contrato-as-ultimas-noticias-do-corinthians\/#primaryimage"},"thumbnailUrl":"https:\/\/www.gaveanews.com\/wp-content\/uploads\/Torcida-do-Corinthians.webp","datePublished":"2024-11-29T09:15:00+00:00","author":{"@id":"https:\/\/www.gaveanews.com\/#\/schema\/person\/8207cd4627f56151707418bfc835b2fb"},"breadcrumb":{"@id":"https:\/\/www.gaveanews.com\/index.php\/2024\/11\/29\/valor-de-garro-votacao-de-impeachment-e-renovacao-de-contrato-as-ultimas-noticias-do-corinthians\/#breadcrumb"},"inLanguage":"pt-BR","potentialAction":[{"@type":"ReadAction","target":["https:\/\/www.gaveanews.com\/index.php\/2024\/11\/29\/valor-de-garro-votacao-de-impeachment-e-renovacao-de-contrato-as-ultimas-noticias-do-corinthians\/"]}]},{"@type":"ImageObject","inLanguage":"pt-BR","@id":"https:\/\/www.gaveanews.com\/index.php\/2024\/11\/29\/valor-de-garro-votacao-de-impeachment-e-renovacao-de-contrato-as-ultimas-noticias-do-corinthians\/#primaryimage","url":"https:\/\/www.gaveanews.com\/wp-content\/uploads\/Torcida-do-Corinthians.webp","contentUrl":"https:\/\/www.gaveanews.com\/wp-content\/uploads\/Torcida-do-Corinthians.webp","width":1000,"height":667,"caption":"Torcida do Corinthians (Foto Reprodu\u00e7\u00e3o\/Instagram)"},{"@type":"BreadcrumbList","@id":"https:\/\/www.gaveanews.com\/index.php\/2024\/11\/29\/valor-de-garro-votacao-de-impeachment-e-renovacao-de-contrato-as-ultimas-noticias-do-corinthians\/#breadcrumb","itemListElement":[{"@type":"ListItem","position":1,"name":"Home","item":"https:\/\/www.gaveanews.com\/"},{"@type":"ListItem","position":2,"name":"Valor de Garro, vota\u00e7\u00e3o de impeachment e renova\u00e7\u00e3o de contrato: as \u00faltimas not\u00edcias do Corinthians"}]},{"@type":"WebSite","@id":"https:\/\/www.gaveanews.com\/#website","url":"https:\/\/www.gaveanews.com\/","name":"G\u00e1vea News","description":"Veja todas as not\u00edcias sobre o Flamengo: Contrata\u00e7\u00f5es, categorias de base, resultados das partidas, tabela de classifica\u00e7\u00e3o, pr\u00f3ximos jogos!","potentialAction":[{"@type":"SearchAction","target":{"@type":"EntryPoint","urlTemplate":"https:\/\/www.gaveanews.com\/?s={search_term_string}"},"query-input":{"@type":"PropertyValueSpecification","valueRequired":true,"valueName":"search_term_string"}}],"inLanguage":"pt-BR"},{"@type":"Person","@id":"https:\/\/www.gaveanews.com\/#\/schema\/person\/8207cd4627f56151707418bfc835b2fb","name":"Matheus Felipe","image":{"@type":"ImageObject","inLanguage":"pt-BR","@id":"https:\/\/www.gaveanews.com\/#\/schema\/person\/image\/","url":"https:\/\/secure.gravatar.com\/avatar\/a452ffbed9130f726358b298bb3a99ce4bd3c5338411f8440e87e14d74c7c087?s=96&d=mm&r=g","contentUrl":"https:\/\/secure.gravatar.com\/avatar\/a452ffbed9130f726358b298bb3a99ce4bd3c5338411f8440e87e14d74c7c087?s=96&d=mm&r=g","caption":"Matheus Felipe"}}]}},"_links":{"self":[{"href":"https:\/\/www.gaveanews.com\/index.php\/wp-json\/wp\/v2\/posts\/192095","targetHints":{"allow":["GET"]}}],"collection":[{"href":"https:\/\/www.gaveanews.com\/index.php\/wp-json\/wp\/v2\/posts"}],"about":[{"href":"https:\/\/www.gaveanews.com\/index.php\/wp-json\/wp\/v2\/types\/post"}],"author":[{"embeddable":true,"href":"https:\/\/www.gaveanews.com\/index.php\/wp-json\/wp\/v2\/users\/27"}],"replies":[{"embeddable":true,"href":"https:\/\/www.gaveanews.com\/index.php\/wp-json\/wp\/v2\/comments?post=192095"}],"version-history":[{"count":1,"href":"https:\/\/www.gaveanews.com\/index.php\/wp-json\/wp\/v2\/posts\/192095\/revisions"}],"predecessor-version":[{"id":192101,"href":"https:\/\/www.gaveanews.com\/index.php\/wp-json\/wp\/v2\/posts\/192095\/revisions\/192101"}],"wp:featuredmedia":[{"embeddable":true,"href":"https:\/\/www.gaveanews.com\/index.php\/wp-json\/wp\/v2\/media\/146953"}],"wp:attachment":[{"href":"https:\/\/www.gaveanews.com\/index.php\/wp-json\/wp\/v2\/media?parent=192095"}],"wp:term":[{"taxonomy":"category","embeddable":true,"href":"https:\/\/www.gaveanews.com\/index.php\/wp-json\/wp\/v2\/categories?post=192095"},{"taxonomy":"post_tag","embeddable":true,"href":"https:\/\/www.gaveanews.com\/index.php\/wp-json\/wp\/v2\/tags?post=192095"}],"curies":[{"name":"wp","href":"https:\/\/api.w.org\/{rel}","templated":true}]}}