{"id":192108,"date":"2024-11-29T06:10:00","date_gmt":"2024-11-29T09:10:00","guid":{"rendered":"https:\/\/www.gaveanews.com\/?p=192108"},"modified":"2024-11-28T22:52:17","modified_gmt":"2024-11-29T01:52:17","slug":"declaracao-de-neto-premiacao-do-paulistao-e-atitude-de-flaco-as-ultimas-noticias-do-palmeiras","status":"publish","type":"post","link":"https:\/\/www.gaveanews.com\/index.php\/2024\/11\/29\/declaracao-de-neto-premiacao-do-paulistao-e-atitude-de-flaco-as-ultimas-noticias-do-palmeiras\/","title":{"rendered":"Declara\u00e7\u00e3o de Neto, premia\u00e7\u00e3o do Paulist\u00e3o e atitude de Flaco: as \u00faltimas not\u00edcias do Palmeiras"},"content":{"rendered":"\n<p>Nas \u00faltimas horas, o foco das not\u00edcias sobre o Palmeiras se concentram nos bastidores do clube, com destaques como a premia\u00e7\u00e3o do Paulist\u00e3o e atitude de Flaco.<\/p>\n\n\n\n<p>Por conta deste contexto, leia abaixo um resumo preparado pela equipe do portal G\u00e1vea News para lhe manter muito bem informado!<\/p>\n\n\n\n<h2 class=\"wp-block-heading\" id=\"h-atitude-de-flaco\">Atitude de Flaco<\/h2>\n\n\n\n<p>A derrota do Palmeiras para o Botafogo, em confronto decisivo pelo Brasileir\u00e3o, trouxe \u00e0 tona um momento de tens\u00e3o entre Abel Ferreira e o atacante Flaco L\u00f3pez. Durante a partida, o argentino tentou encobrir o goleiro John em uma jogada que poderia reverter o placar desfavor\u00e1vel, mas errou a finaliza\u00e7\u00e3o de forma frustrante. A rea\u00e7\u00e3o de desaprova\u00e7\u00e3o do t\u00e9cnico portugu\u00eas foi capturada pelas c\u00e2meras e viralizou na internet, evidenciando sua insatisfa\u00e7\u00e3o com a decis\u00e3o do jogador em uma partida t\u00e3o importante <strong><a href=\"https:\/\/www.gaveanews.com\/index.php\/2024\/11\/28\/video-atitude-de-flaco-lopez-deixa-abel-ferreira-sem-reacao\/\">(leia a mat\u00e9ria completa).<\/a><\/strong><\/p>\n\n\n\n<figure class=\"wp-block-image size-large\"><img loading=\"lazy\" decoding=\"async\" width=\"1024\" height=\"1024\" src=\"https:\/\/www.gaveanews.com\/wp-content\/uploads\/Abel-Ferreira-fazendo-anotacoes-apos-um-treino-do-Palmeiras-1024x1024.webp\" alt=\"\" class=\"wp-image-157842\" srcset=\"https:\/\/www.gaveanews.com\/wp-content\/uploads\/Abel-Ferreira-fazendo-anotacoes-apos-um-treino-do-Palmeiras-1024x1024.webp 1024w, https:\/\/www.gaveanews.com\/wp-content\/uploads\/Abel-Ferreira-fazendo-anotacoes-apos-um-treino-do-Palmeiras-300x300.webp 300w, https:\/\/www.gaveanews.com\/wp-content\/uploads\/Abel-Ferreira-fazendo-anotacoes-apos-um-treino-do-Palmeiras-150x150.webp 150w, https:\/\/www.gaveanews.com\/wp-content\/uploads\/Abel-Ferreira-fazendo-anotacoes-apos-um-treino-do-Palmeiras-768x768.webp 768w, https:\/\/www.gaveanews.com\/wp-content\/uploads\/Abel-Ferreira-fazendo-anotacoes-apos-um-treino-do-Palmeiras-420x420.webp 420w, https:\/\/www.gaveanews.com\/wp-content\/uploads\/Abel-Ferreira-fazendo-anotacoes-apos-um-treino-do-Palmeiras-840x840.webp 840w, https:\/\/www.gaveanews.com\/wp-content\/uploads\/Abel-Ferreira-fazendo-anotacoes-apos-um-treino-do-Palmeiras-640x640.webp 640w, https:\/\/www.gaveanews.com\/wp-content\/uploads\/Abel-Ferreira-fazendo-anotacoes-apos-um-treino-do-Palmeiras-1280x1280.webp 1280w, https:\/\/www.gaveanews.com\/wp-content\/uploads\/Abel-Ferreira-fazendo-anotacoes-apos-um-treino-do-Palmeiras-681x681.webp 681w, https:\/\/www.gaveanews.com\/wp-content\/uploads\/Abel-Ferreira-fazendo-anotacoes-apos-um-treino-do-Palmeiras-1362x1362.webp 1362w, https:\/\/www.gaveanews.com\/wp-content\/uploads\/Abel-Ferreira-fazendo-anotacoes-apos-um-treino-do-Palmeiras-100x100.webp 100w, https:\/\/www.gaveanews.com\/wp-content\/uploads\/Abel-Ferreira-fazendo-anotacoes-apos-um-treino-do-Palmeiras.webp 1500w\" sizes=\"auto, (max-width: 1024px) 100vw, 1024px\" \/><figcaption class=\"wp-element-caption\">Abel Ferreira fazendo anota\u00e7\u00f5es ap\u00f3s um treino do Palmeiras (Foto: Cesar Greco\/Palmeiras)<\/figcaption><\/figure>\n\n\n\n<p>Com ambos os times empatados em pontos e o jogo sendo tratado como uma final antecipada, o Palmeiras n\u00e3o conseguiu aproveitar a vantagem de jogar em casa. A atua\u00e7\u00e3o dominante do Botafogo, liderada por Gregore e Marlon Freitas no meio-campo, dificultou a cria\u00e7\u00e3o de oportunidades claras para o time paulista. <\/p>\n\n\n\n<p>A chance desperdi\u00e7ada por Flaco L\u00f3pez foi simb\u00f3lica para o resultado final, demonstrando a dificuldade do Palmeiras em aproveitar os momentos decisivos.<\/p>\n\n\n\n<p>Abel Ferreira, conhecido por sua exig\u00eancia e busca por excel\u00eancia, mostrou descontentamento com o desempenho geral da equipe. A derrota n\u00e3o apenas comprometeu a lideran\u00e7a no campeonato, mas tamb\u00e9m colocou em risco o \u00faltimo t\u00edtulo poss\u00edvel para o Palmeiras em 2024, ap\u00f3s elimina\u00e7\u00f5es na Copa do Brasil e Libertadores. Agora, a equipe precisar\u00e1 reagir nos pr\u00f3ximos jogos para manter viva a disputa pelo trof\u00e9u.<\/p>\n\n\n\n<h2 class=\"wp-block-heading\" id=\"h-premiacao-do-paulistao\">Premia\u00e7\u00e3o do Paulist\u00e3o<\/h2>\n\n\n\n<p>Os preparativos para o Campeonato Paulista 2025 j\u00e1 est\u00e3o em andamento, com o sorteio dos grupos realizado no Sal\u00e3o Nobre do Pacaembu. O formato da competi\u00e7\u00e3o segue inalterado, com os 16 clubes divididos em quatro grupos que se enfrentam na fase inicial, totalizando 12 rodadas. O mata-mata inclui quartas de final e semifinais em jogo \u00fanico, enquanto a decis\u00e3o ser\u00e1 disputada em dois confrontos. A premia\u00e7\u00e3o financeira permanece a mesma: o campe\u00e3o receber\u00e1 R$ 5 milh\u00f5es, enquanto o vice ficar\u00e1 com R$ 1,65 milh\u00e3o. Os semifinalistas, por sua vez, receber\u00e3o R$ 500 mil cada um <strong><a href=\"https:\/\/www.gaveanews.com\/index.php\/2024\/11\/28\/valor-da-premiacao-do-campeonato-paulista-vai-te-surpreender\/\">(leia a mat\u00e9ria completa).<\/a><\/strong><\/p>\n\n\n\n<figure class=\"wp-block-image size-large\"><img loading=\"lazy\" decoding=\"async\" width=\"1024\" height=\"576\" src=\"https:\/\/www.gaveanews.com\/wp-content\/uploads\/Logo-do-Campeonato-Paulista-de-Futebol-1024x576.webp\" alt=\"\" class=\"wp-image-177666\" srcset=\"https:\/\/www.gaveanews.com\/wp-content\/uploads\/Logo-do-Campeonato-Paulista-de-Futebol-1024x576.webp 1024w, https:\/\/www.gaveanews.com\/wp-content\/uploads\/Logo-do-Campeonato-Paulista-de-Futebol-300x169.webp 300w, https:\/\/www.gaveanews.com\/wp-content\/uploads\/Logo-do-Campeonato-Paulista-de-Futebol-768x432.webp 768w, https:\/\/www.gaveanews.com\/wp-content\/uploads\/Logo-do-Campeonato-Paulista-de-Futebol-747x420.webp 747w, https:\/\/www.gaveanews.com\/wp-content\/uploads\/Logo-do-Campeonato-Paulista-de-Futebol-640x360.webp 640w, https:\/\/www.gaveanews.com\/wp-content\/uploads\/Logo-do-Campeonato-Paulista-de-Futebol-681x383.webp 681w, https:\/\/www.gaveanews.com\/wp-content\/uploads\/Logo-do-Campeonato-Paulista-de-Futebol-100x56.webp 100w, https:\/\/www.gaveanews.com\/wp-content\/uploads\/Logo-do-Campeonato-Paulista-de-Futebol.webp 1280w\" sizes=\"auto, (max-width: 1024px) 100vw, 1024px\" \/><figcaption class=\"wp-element-caption\">Logo do Campeonato Paulista de Futebol (Foto: Reprodu\u00e7\u00e3o)<\/figcaption><\/figure>\n\n\n\n<p>Al\u00e9m da estrutura tradicional, o Paulist\u00e3o 2025 ter\u00e1 ajustes no calend\u00e1rio para acomodar o Super Mundial de Clubes, que ocorrer\u00e1 no meio do ano. O campeonato estadual come\u00e7ar\u00e1 em 15 de janeiro, antecipando as competi\u00e7\u00f5es nacionais. Os grupos da pr\u00f3xima temporada j\u00e1 est\u00e3o definidos: Corinthians lidera o Grupo A, Santos est\u00e1 no B, S\u00e3o Paulo no C e Palmeiras no D, prometendo confrontos emocionantes tanto na fase de grupos quanto no mata-mata.<\/p>\n\n\n\n<p>A competi\u00e7\u00e3o segue como uma das mais prestigiadas do futebol brasileiro, com clubes como Palmeiras e Santos buscando repetir ou melhorar suas campanhas de 2024. Enquanto isso, a Federa\u00e7\u00e3o Paulista de Futebol mant\u00e9m o objetivo de valorizar o campeonato, equilibrando competitividade e estrutura financeira. A disputa promete aquecer o cen\u00e1rio esportivo logo no in\u00edcio do ano, com grandes expectativas para o desempenho dos principais clubes paulistas.<\/p>\n\n\n\n<h2 class=\"wp-block-heading\" id=\"h-declaracao-de-neto\">Declara\u00e7\u00e3o de Neto<\/h2>\n\n\n\n<p>O comentarista Craque Neto criticou duramente o t\u00e9cnico Abel Ferreira ap\u00f3s sua coletiva de imprensa que seguiu a derrota do Palmeiras para o Botafogo. Durante o programa &#8220;Donos da Bola&#8221;, Neto apontou que, apesar de considerar Abel o maior treinador da hist\u00f3ria do clube, sua postura demonstra falta de humildade. A cr\u00edtica foi motivada pela resposta do t\u00e9cnico a um jornalista, onde Abel fez uma compara\u00e7\u00e3o com Guardiola e defendeu o desempenho da equipe. Segundo Neto, o treinador portugu\u00eas n\u00e3o sabe lidar com derrotas e teria cometido erros nas substitui\u00e7\u00f5es que prejudicaram o time <strong><a href=\"https:\/\/www.gaveanews.com\/index.php\/2024\/11\/28\/a-declaracao-de-craque-neto-direcionada-a-abel-ferreira-do-palmeiras\/\">(leia a mat\u00e9ria completa).<\/a><\/strong><\/p>\n\n\n\n<figure class=\"wp-block-image size-full\"><img loading=\"lazy\" decoding=\"async\" width=\"846\" height=\"476\" src=\"https:\/\/www.gaveanews.com\/wp-content\/uploads\/Comentarista-Neto-em-programa-da-Band.webp\" alt=\"\" class=\"wp-image-71983\" srcset=\"https:\/\/www.gaveanews.com\/wp-content\/uploads\/Comentarista-Neto-em-programa-da-Band.webp 846w, https:\/\/www.gaveanews.com\/wp-content\/uploads\/Comentarista-Neto-em-programa-da-Band-300x169.webp 300w, https:\/\/www.gaveanews.com\/wp-content\/uploads\/Comentarista-Neto-em-programa-da-Band-768x432.webp 768w, https:\/\/www.gaveanews.com\/wp-content\/uploads\/Comentarista-Neto-em-programa-da-Band-746x420.webp 746w, https:\/\/www.gaveanews.com\/wp-content\/uploads\/Comentarista-Neto-em-programa-da-Band-640x360.webp 640w, https:\/\/www.gaveanews.com\/wp-content\/uploads\/Comentarista-Neto-em-programa-da-Band-681x383.webp 681w, https:\/\/www.gaveanews.com\/wp-content\/uploads\/Comentarista-Neto-em-programa-da-Band-100x56.webp 100w\" sizes=\"auto, (max-width: 846px) 100vw, 846px\" \/><figcaption class=\"wp-element-caption\">Comentarista Neto em programa da Band (Foto: Reprodu\u00e7\u00e3o\/Band)<\/figcaption><\/figure>\n\n\n\n<p>Abel Ferreira, no entanto, defendeu o trabalho da equipe e relativizou os resultados negativos, afirmando que \u00e9 parte do futebol. Ainda assim, Neto seguiu apontando falhas, como a substitui\u00e7\u00e3o de An\u00edbal Moreno, e acusou o treinador de arrog\u00e2ncia. A rela\u00e7\u00e3o entre Abel e a imprensa tem gerado pol\u00eamica, especialmente em momentos de press\u00e3o como a reta final do Brasileir\u00e3o, onde o Palmeiras ainda tem chances remotas de t\u00edtulo. Para o ex-jogador, o t\u00e9cnico deveria ter uma postura mais aberta \u00e0 autocr\u00edtica.<\/p>\n\n\n\n<p>Com duas rodadas restantes, o Palmeiras enfrenta um cen\u00e1rio desafiador para conquistar o t\u00edtulo brasileiro. O clube precisa vencer seus dois jogos e torcer por trope\u00e7os do Botafogo, que lidera o campeonato. Caso isso aconte\u00e7a, o Palmeiras poder\u00e1 assumir a ponta no crit\u00e9rio de desempate. No entanto, a miss\u00e3o depende n\u00e3o apenas do desempenho do Verd\u00e3o, mas tamb\u00e9m de combina\u00e7\u00f5es improv\u00e1veis de resultados, deixando a disputa em um contexto de alta tens\u00e3o.<\/p>\n","protected":false},"excerpt":{"rendered":"<p>Nas \u00faltimas horas, o foco das not\u00edcias sobre o Palmeiras se concentram nos bastidores do clube, com destaques como a premia\u00e7\u00e3o do Paulist\u00e3o e atitude de Flaco. Por conta deste contexto, leia abaixo um resumo preparado pela equipe do portal G\u00e1vea News para lhe manter muito bem informado! Atitude de Flaco A derrota do Palmeiras [&hellip;]<\/p>\n","protected":false},"author":27,"featured_media":152159,"comment_status":"open","ping_status":"closed","sticky":false,"template":"","format":"standard","meta":{"footnotes":""},"categories":[150],"tags":[],"class_list":["post-192108","post","type-post","status-publish","format-standard","has-post-thumbnail","hentry","category-palmeiras"],"yoast_head":"<!-- This site is optimized with the Yoast SEO Premium plugin v24.2 (Yoast SEO v26.9) - https:\/\/yoast.com\/product\/yoast-seo-premium-wordpress\/ -->\n<title>Declara\u00e7\u00e3o de Neto, premia\u00e7\u00e3o do Paulist\u00e3o e atitude de Flaco: as \u00faltimas not\u00edcias do Palmeiras<\/title>\n<meta name=\"robots\" content=\"index, follow, max-snippet:-1, max-image-preview:large, max-video-preview:-1\" \/>\n<link rel=\"canonical\" href=\"https:\/\/www.gaveanews.com\/index.php\/2024\/11\/29\/declaracao-de-neto-premiacao-do-paulistao-e-atitude-de-flaco-as-ultimas-noticias-do-palmeiras\/\" \/>\n<meta property=\"og:locale\" content=\"pt_BR\" \/>\n<meta property=\"og:type\" content=\"article\" \/>\n<meta property=\"og:title\" content=\"Declara\u00e7\u00e3o de Neto, premia\u00e7\u00e3o do Paulist\u00e3o e atitude de Flaco: as \u00faltimas not\u00edcias do Palmeiras\" \/>\n<meta property=\"og:description\" content=\"Nas \u00faltimas horas, o foco das not\u00edcias sobre o Palmeiras se concentram nos bastidores do clube, com destaques como a premia\u00e7\u00e3o do Paulist\u00e3o e atitude de Flaco. Por conta deste contexto, leia abaixo um resumo preparado pela equipe do portal G\u00e1vea News para lhe manter muito bem informado! Atitude de Flaco A derrota do Palmeiras [&hellip;]\" \/>\n<meta property=\"og:url\" content=\"https:\/\/www.gaveanews.com\/index.php\/2024\/11\/29\/declaracao-de-neto-premiacao-do-paulistao-e-atitude-de-flaco-as-ultimas-noticias-do-palmeiras\/\" \/>\n<meta property=\"og:site_name\" content=\"G\u00e1vea News\" \/>\n<meta property=\"article:publisher\" content=\"https:\/\/facebook.com\/gaveaNews\/\" \/>\n<meta property=\"article:published_time\" content=\"2024-11-29T09:10:00+00:00\" \/>\n<meta property=\"og:image\" content=\"https:\/\/www.gaveanews.com\/wp-content\/uploads\/Escudo-do-Palmeiras.webp\" \/>\n\t<meta property=\"og:image:width\" content=\"1000\" \/>\n\t<meta property=\"og:image:height\" content=\"667\" \/>\n\t<meta property=\"og:image:type\" content=\"image\/webp\" \/>\n<meta name=\"author\" content=\"Matheus Felipe\" \/>\n<meta name=\"twitter:card\" content=\"summary_large_image\" \/>\n<meta name=\"twitter:label1\" content=\"Escrito por\" \/>\n\t<meta name=\"twitter:data1\" content=\"Matheus Felipe\" \/>\n\t<meta name=\"twitter:label2\" content=\"Est. tempo de leitura\" \/>\n\t<meta name=\"twitter:data2\" content=\"6 minutos\" \/>\n<script type=\"application\/ld+json\" class=\"yoast-schema-graph\">{\"@context\":\"https:\/\/schema.org\",\"@graph\":[{\"@type\":\"NewsArticle\",\"@id\":\"https:\/\/www.gaveanews.com\/index.php\/2024\/11\/29\/declaracao-de-neto-premiacao-do-paulistao-e-atitude-de-flaco-as-ultimas-noticias-do-palmeiras\/#article\",\"isPartOf\":{\"@id\":\"https:\/\/www.gaveanews.com\/index.php\/2024\/11\/29\/declaracao-de-neto-premiacao-do-paulistao-e-atitude-de-flaco-as-ultimas-noticias-do-palmeiras\/\"},\"author\":{\"name\":\"Matheus Felipe\",\"@id\":\"https:\/\/www.gaveanews.com\/#\/schema\/person\/8207cd4627f56151707418bfc835b2fb\"},\"headline\":\"Declara\u00e7\u00e3o de Neto, premia\u00e7\u00e3o do Paulist\u00e3o e atitude de Flaco: as \u00faltimas not\u00edcias do Palmeiras\",\"datePublished\":\"2024-11-29T09:10:00+00:00\",\"mainEntityOfPage\":{\"@id\":\"https:\/\/www.gaveanews.com\/index.php\/2024\/11\/29\/declaracao-de-neto-premiacao-do-paulistao-e-atitude-de-flaco-as-ultimas-noticias-do-palmeiras\/\"},\"wordCount\":899,\"commentCount\":0,\"image\":{\"@id\":\"https:\/\/www.gaveanews.com\/index.php\/2024\/11\/29\/declaracao-de-neto-premiacao-do-paulistao-e-atitude-de-flaco-as-ultimas-noticias-do-palmeiras\/#primaryimage\"},\"thumbnailUrl\":\"https:\/\/www.gaveanews.com\/wp-content\/uploads\/Escudo-do-Palmeiras.webp\",\"articleSection\":[\"Palmeiras\"],\"inLanguage\":\"pt-BR\",\"potentialAction\":[{\"@type\":\"CommentAction\",\"name\":\"Comment\",\"target\":[\"https:\/\/www.gaveanews.com\/index.php\/2024\/11\/29\/declaracao-de-neto-premiacao-do-paulistao-e-atitude-de-flaco-as-ultimas-noticias-do-palmeiras\/#respond\"]}],\"copyrightYear\":\"2024\",\"copyrightHolder\":{\"@id\":\"https:\/\/www.gaveanews.com\/#organization\"}},{\"@type\":\"WebPage\",\"@id\":\"https:\/\/www.gaveanews.com\/index.php\/2024\/11\/29\/declaracao-de-neto-premiacao-do-paulistao-e-atitude-de-flaco-as-ultimas-noticias-do-palmeiras\/\",\"url\":\"https:\/\/www.gaveanews.com\/index.php\/2024\/11\/29\/declaracao-de-neto-premiacao-do-paulistao-e-atitude-de-flaco-as-ultimas-noticias-do-palmeiras\/\",\"name\":\"Declara\u00e7\u00e3o de Neto, premia\u00e7\u00e3o do Paulist\u00e3o e atitude de Flaco: as \u00faltimas not\u00edcias do Palmeiras\",\"isPartOf\":{\"@id\":\"https:\/\/www.gaveanews.com\/#website\"},\"primaryImageOfPage\":{\"@id\":\"https:\/\/www.gaveanews.com\/index.php\/2024\/11\/29\/declaracao-de-neto-premiacao-do-paulistao-e-atitude-de-flaco-as-ultimas-noticias-do-palmeiras\/#primaryimage\"},\"image\":{\"@id\":\"https:\/\/www.gaveanews.com\/index.php\/2024\/11\/29\/declaracao-de-neto-premiacao-do-paulistao-e-atitude-de-flaco-as-ultimas-noticias-do-palmeiras\/#primaryimage\"},\"thumbnailUrl\":\"https:\/\/www.gaveanews.com\/wp-content\/uploads\/Escudo-do-Palmeiras.webp\",\"datePublished\":\"2024-11-29T09:10:00+00:00\",\"author\":{\"@id\":\"https:\/\/www.gaveanews.com\/#\/schema\/person\/8207cd4627f56151707418bfc835b2fb\"},\"breadcrumb\":{\"@id\":\"https:\/\/www.gaveanews.com\/index.php\/2024\/11\/29\/declaracao-de-neto-premiacao-do-paulistao-e-atitude-de-flaco-as-ultimas-noticias-do-palmeiras\/#breadcrumb\"},\"inLanguage\":\"pt-BR\",\"potentialAction\":[{\"@type\":\"ReadAction\",\"target\":[\"https:\/\/www.gaveanews.com\/index.php\/2024\/11\/29\/declaracao-de-neto-premiacao-do-paulistao-e-atitude-de-flaco-as-ultimas-noticias-do-palmeiras\/\"]}]},{\"@type\":\"ImageObject\",\"inLanguage\":\"pt-BR\",\"@id\":\"https:\/\/www.gaveanews.com\/index.php\/2024\/11\/29\/declaracao-de-neto-premiacao-do-paulistao-e-atitude-de-flaco-as-ultimas-noticias-do-palmeiras\/#primaryimage\",\"url\":\"https:\/\/www.gaveanews.com\/wp-content\/uploads\/Escudo-do-Palmeiras.webp\",\"contentUrl\":\"https:\/\/www.gaveanews.com\/wp-content\/uploads\/Escudo-do-Palmeiras.webp\",\"width\":1000,\"height\":667,\"caption\":\"Escudo do Palmeiras (Foto Reprodu\u00e7\u00e3o\/Instagram)\"},{\"@type\":\"BreadcrumbList\",\"@id\":\"https:\/\/www.gaveanews.com\/index.php\/2024\/11\/29\/declaracao-de-neto-premiacao-do-paulistao-e-atitude-de-flaco-as-ultimas-noticias-do-palmeiras\/#breadcrumb\",\"itemListElement\":[{\"@type\":\"ListItem\",\"position\":1,\"name\":\"Home\",\"item\":\"https:\/\/www.gaveanews.com\/\"},{\"@type\":\"ListItem\",\"position\":2,\"name\":\"Declara\u00e7\u00e3o de Neto, premia\u00e7\u00e3o do Paulist\u00e3o e atitude de Flaco: as \u00faltimas not\u00edcias do Palmeiras\"}]},{\"@type\":\"WebSite\",\"@id\":\"https:\/\/www.gaveanews.com\/#website\",\"url\":\"https:\/\/www.gaveanews.com\/\",\"name\":\"G\u00e1vea News\",\"description\":\"Veja todas as not\u00edcias sobre o Flamengo: Contrata\u00e7\u00f5es, categorias de base, resultados das partidas, tabela de classifica\u00e7\u00e3o, pr\u00f3ximos jogos!\",\"potentialAction\":[{\"@type\":\"SearchAction\",\"target\":{\"@type\":\"EntryPoint\",\"urlTemplate\":\"https:\/\/www.gaveanews.com\/?s={search_term_string}\"},\"query-input\":{\"@type\":\"PropertyValueSpecification\",\"valueRequired\":true,\"valueName\":\"search_term_string\"}}],\"inLanguage\":\"pt-BR\"},{\"@type\":\"Person\",\"@id\":\"https:\/\/www.gaveanews.com\/#\/schema\/person\/8207cd4627f56151707418bfc835b2fb\",\"name\":\"Matheus Felipe\",\"image\":{\"@type\":\"ImageObject\",\"inLanguage\":\"pt-BR\",\"@id\":\"https:\/\/www.gaveanews.com\/#\/schema\/person\/image\/\",\"url\":\"https:\/\/secure.gravatar.com\/avatar\/a452ffbed9130f726358b298bb3a99ce4bd3c5338411f8440e87e14d74c7c087?s=96&d=mm&r=g\",\"contentUrl\":\"https:\/\/secure.gravatar.com\/avatar\/a452ffbed9130f726358b298bb3a99ce4bd3c5338411f8440e87e14d74c7c087?s=96&d=mm&r=g\",\"caption\":\"Matheus Felipe\"}}]}<\/script>\n<!-- \/ Yoast SEO Premium plugin. -->","yoast_head_json":{"title":"Declara\u00e7\u00e3o de Neto, premia\u00e7\u00e3o do Paulist\u00e3o e atitude de Flaco: as \u00faltimas not\u00edcias do Palmeiras","robots":{"index":"index","follow":"follow","max-snippet":"max-snippet:-1","max-image-preview":"max-image-preview:large","max-video-preview":"max-video-preview:-1"},"canonical":"https:\/\/www.gaveanews.com\/index.php\/2024\/11\/29\/declaracao-de-neto-premiacao-do-paulistao-e-atitude-de-flaco-as-ultimas-noticias-do-palmeiras\/","og_locale":"pt_BR","og_type":"article","og_title":"Declara\u00e7\u00e3o de Neto, premia\u00e7\u00e3o do Paulist\u00e3o e atitude de Flaco: as \u00faltimas not\u00edcias do Palmeiras","og_description":"Nas \u00faltimas horas, o foco das not\u00edcias sobre o Palmeiras se concentram nos bastidores do clube, com destaques como a premia\u00e7\u00e3o do Paulist\u00e3o e atitude de Flaco. Por conta deste contexto, leia abaixo um resumo preparado pela equipe do portal G\u00e1vea News para lhe manter muito bem informado! Atitude de Flaco A derrota do Palmeiras [&hellip;]","og_url":"https:\/\/www.gaveanews.com\/index.php\/2024\/11\/29\/declaracao-de-neto-premiacao-do-paulistao-e-atitude-de-flaco-as-ultimas-noticias-do-palmeiras\/","og_site_name":"G\u00e1vea News","article_publisher":"https:\/\/facebook.com\/gaveaNews\/","article_published_time":"2024-11-29T09:10:00+00:00","og_image":[{"width":1000,"height":667,"url":"https:\/\/www.gaveanews.com\/wp-content\/uploads\/Escudo-do-Palmeiras.webp","type":"image\/webp"}],"author":"Matheus Felipe","twitter_card":"summary_large_image","twitter_misc":{"Escrito por":"Matheus Felipe","Est. tempo de leitura":"6 minutos"},"schema":{"@context":"https:\/\/schema.org","@graph":[{"@type":"NewsArticle","@id":"https:\/\/www.gaveanews.com\/index.php\/2024\/11\/29\/declaracao-de-neto-premiacao-do-paulistao-e-atitude-de-flaco-as-ultimas-noticias-do-palmeiras\/#article","isPartOf":{"@id":"https:\/\/www.gaveanews.com\/index.php\/2024\/11\/29\/declaracao-de-neto-premiacao-do-paulistao-e-atitude-de-flaco-as-ultimas-noticias-do-palmeiras\/"},"author":{"name":"Matheus Felipe","@id":"https:\/\/www.gaveanews.com\/#\/schema\/person\/8207cd4627f56151707418bfc835b2fb"},"headline":"Declara\u00e7\u00e3o de Neto, premia\u00e7\u00e3o do Paulist\u00e3o e atitude de Flaco: as \u00faltimas not\u00edcias do Palmeiras","datePublished":"2024-11-29T09:10:00+00:00","mainEntityOfPage":{"@id":"https:\/\/www.gaveanews.com\/index.php\/2024\/11\/29\/declaracao-de-neto-premiacao-do-paulistao-e-atitude-de-flaco-as-ultimas-noticias-do-palmeiras\/"},"wordCount":899,"commentCount":0,"image":{"@id":"https:\/\/www.gaveanews.com\/index.php\/2024\/11\/29\/declaracao-de-neto-premiacao-do-paulistao-e-atitude-de-flaco-as-ultimas-noticias-do-palmeiras\/#primaryimage"},"thumbnailUrl":"https:\/\/www.gaveanews.com\/wp-content\/uploads\/Escudo-do-Palmeiras.webp","articleSection":["Palmeiras"],"inLanguage":"pt-BR","potentialAction":[{"@type":"CommentAction","name":"Comment","target":["https:\/\/www.gaveanews.com\/index.php\/2024\/11\/29\/declaracao-de-neto-premiacao-do-paulistao-e-atitude-de-flaco-as-ultimas-noticias-do-palmeiras\/#respond"]}],"copyrightYear":"2024","copyrightHolder":{"@id":"https:\/\/www.gaveanews.com\/#organization"}},{"@type":"WebPage","@id":"https:\/\/www.gaveanews.com\/index.php\/2024\/11\/29\/declaracao-de-neto-premiacao-do-paulistao-e-atitude-de-flaco-as-ultimas-noticias-do-palmeiras\/","url":"https:\/\/www.gaveanews.com\/index.php\/2024\/11\/29\/declaracao-de-neto-premiacao-do-paulistao-e-atitude-de-flaco-as-ultimas-noticias-do-palmeiras\/","name":"Declara\u00e7\u00e3o de Neto, premia\u00e7\u00e3o do Paulist\u00e3o e atitude de Flaco: as \u00faltimas not\u00edcias do Palmeiras","isPartOf":{"@id":"https:\/\/www.gaveanews.com\/#website"},"primaryImageOfPage":{"@id":"https:\/\/www.gaveanews.com\/index.php\/2024\/11\/29\/declaracao-de-neto-premiacao-do-paulistao-e-atitude-de-flaco-as-ultimas-noticias-do-palmeiras\/#primaryimage"},"image":{"@id":"https:\/\/www.gaveanews.com\/index.php\/2024\/11\/29\/declaracao-de-neto-premiacao-do-paulistao-e-atitude-de-flaco-as-ultimas-noticias-do-palmeiras\/#primaryimage"},"thumbnailUrl":"https:\/\/www.gaveanews.com\/wp-content\/uploads\/Escudo-do-Palmeiras.webp","datePublished":"2024-11-29T09:10:00+00:00","author":{"@id":"https:\/\/www.gaveanews.com\/#\/schema\/person\/8207cd4627f56151707418bfc835b2fb"},"breadcrumb":{"@id":"https:\/\/www.gaveanews.com\/index.php\/2024\/11\/29\/declaracao-de-neto-premiacao-do-paulistao-e-atitude-de-flaco-as-ultimas-noticias-do-palmeiras\/#breadcrumb"},"inLanguage":"pt-BR","potentialAction":[{"@type":"ReadAction","target":["https:\/\/www.gaveanews.com\/index.php\/2024\/11\/29\/declaracao-de-neto-premiacao-do-paulistao-e-atitude-de-flaco-as-ultimas-noticias-do-palmeiras\/"]}]},{"@type":"ImageObject","inLanguage":"pt-BR","@id":"https:\/\/www.gaveanews.com\/index.php\/2024\/11\/29\/declaracao-de-neto-premiacao-do-paulistao-e-atitude-de-flaco-as-ultimas-noticias-do-palmeiras\/#primaryimage","url":"https:\/\/www.gaveanews.com\/wp-content\/uploads\/Escudo-do-Palmeiras.webp","contentUrl":"https:\/\/www.gaveanews.com\/wp-content\/uploads\/Escudo-do-Palmeiras.webp","width":1000,"height":667,"caption":"Escudo do Palmeiras (Foto Reprodu\u00e7\u00e3o\/Instagram)"},{"@type":"BreadcrumbList","@id":"https:\/\/www.gaveanews.com\/index.php\/2024\/11\/29\/declaracao-de-neto-premiacao-do-paulistao-e-atitude-de-flaco-as-ultimas-noticias-do-palmeiras\/#breadcrumb","itemListElement":[{"@type":"ListItem","position":1,"name":"Home","item":"https:\/\/www.gaveanews.com\/"},{"@type":"ListItem","position":2,"name":"Declara\u00e7\u00e3o de Neto, premia\u00e7\u00e3o do Paulist\u00e3o e atitude de Flaco: as \u00faltimas not\u00edcias do Palmeiras"}]},{"@type":"WebSite","@id":"https:\/\/www.gaveanews.com\/#website","url":"https:\/\/www.gaveanews.com\/","name":"G\u00e1vea News","description":"Veja todas as not\u00edcias sobre o Flamengo: Contrata\u00e7\u00f5es, categorias de base, resultados das partidas, tabela de classifica\u00e7\u00e3o, pr\u00f3ximos jogos!","potentialAction":[{"@type":"SearchAction","target":{"@type":"EntryPoint","urlTemplate":"https:\/\/www.gaveanews.com\/?s={search_term_string}"},"query-input":{"@type":"PropertyValueSpecification","valueRequired":true,"valueName":"search_term_string"}}],"inLanguage":"pt-BR"},{"@type":"Person","@id":"https:\/\/www.gaveanews.com\/#\/schema\/person\/8207cd4627f56151707418bfc835b2fb","name":"Matheus Felipe","image":{"@type":"ImageObject","inLanguage":"pt-BR","@id":"https:\/\/www.gaveanews.com\/#\/schema\/person\/image\/","url":"https:\/\/secure.gravatar.com\/avatar\/a452ffbed9130f726358b298bb3a99ce4bd3c5338411f8440e87e14d74c7c087?s=96&d=mm&r=g","contentUrl":"https:\/\/secure.gravatar.com\/avatar\/a452ffbed9130f726358b298bb3a99ce4bd3c5338411f8440e87e14d74c7c087?s=96&d=mm&r=g","caption":"Matheus Felipe"}}]}},"_links":{"self":[{"href":"https:\/\/www.gaveanews.com\/index.php\/wp-json\/wp\/v2\/posts\/192108","targetHints":{"allow":["GET"]}}],"collection":[{"href":"https:\/\/www.gaveanews.com\/index.php\/wp-json\/wp\/v2\/posts"}],"about":[{"href":"https:\/\/www.gaveanews.com\/index.php\/wp-json\/wp\/v2\/types\/post"}],"author":[{"embeddable":true,"href":"https:\/\/www.gaveanews.com\/index.php\/wp-json\/wp\/v2\/users\/27"}],"replies":[{"embeddable":true,"href":"https:\/\/www.gaveanews.com\/index.php\/wp-json\/wp\/v2\/comments?post=192108"}],"version-history":[{"count":1,"href":"https:\/\/www.gaveanews.com\/index.php\/wp-json\/wp\/v2\/posts\/192108\/revisions"}],"predecessor-version":[{"id":192131,"href":"https:\/\/www.gaveanews.com\/index.php\/wp-json\/wp\/v2\/posts\/192108\/revisions\/192131"}],"wp:featuredmedia":[{"embeddable":true,"href":"https:\/\/www.gaveanews.com\/index.php\/wp-json\/wp\/v2\/media\/152159"}],"wp:attachment":[{"href":"https:\/\/www.gaveanews.com\/index.php\/wp-json\/wp\/v2\/media?parent=192108"}],"wp:term":[{"taxonomy":"category","embeddable":true,"href":"https:\/\/www.gaveanews.com\/index.php\/wp-json\/wp\/v2\/categories?post=192108"},{"taxonomy":"post_tag","embeddable":true,"href":"https:\/\/www.gaveanews.com\/index.php\/wp-json\/wp\/v2\/tags?post=192108"}],"curies":[{"name":"wp","href":"https:\/\/api.w.org\/{rel}","templated":true}]}}