{"id":192186,"date":"2024-11-29T05:35:00","date_gmt":"2024-11-29T08:35:00","guid":{"rendered":"https:\/\/www.gaveanews.com\/?p=192186"},"modified":"2024-11-29T01:11:05","modified_gmt":"2024-11-29T04:11:05","slug":"situacao-envolvendo-alberto-guerra-declaracao-de-renato-gaucho-e-retorno-de-arthur-melo-as-ultimas-noticias-do-gremio","status":"publish","type":"post","link":"https:\/\/www.gaveanews.com\/index.php\/2024\/11\/29\/situacao-envolvendo-alberto-guerra-declaracao-de-renato-gaucho-e-retorno-de-arthur-melo-as-ultimas-noticias-do-gremio\/","title":{"rendered":"Situa\u00e7\u00e3o envolvendo Alberto Guerra, declara\u00e7\u00e3o de Renato Ga\u00facho e retorno de Arthur Melo: as \u00faltimas not\u00edcias do Gr\u00eamio"},"content":{"rendered":"\n<p>Nas \u00faltimas horas, o foco das not\u00edcias sobre o Gr\u00eamio se concentram nos bastidores do clube, com destaques como a declara\u00e7\u00e3o de Renato Ga\u00facho e retorno de Arthur Melo.<\/p>\n\n\n\n<p>Por conta deste contexto, leia abaixo um resumo preparado pela equipe do portal G\u00e1vea News para lhe manter muito bem informado!<\/p>\n\n\n\n<h2 class=\"wp-block-heading\" id=\"h-retorno-de-arthur-melo\">Retorno de Arthur Melo<\/h2>\n\n\n\n<p>Os rumores sobre o retorno de Arthur Melo ao Gr\u00eamio movimentaram os bastidores, mas o empres\u00e1rio do jogador, Federico Pastorello, descartou essa possibilidade no momento. Em entrevista ao <em>Calcio Mercato<\/em>, ele destacou que o foco do volante \u00e9 permanecer na Europa, apesar do interesse de clubes brasileiros, incluindo o pr\u00f3prio Gr\u00eamio. A diretoria gremista via na repatria\u00e7\u00e3o do atleta formado no clube uma oportunidade valiosa, mas as chances dessa negocia\u00e7\u00e3o se concretizar agora s\u00e3o consideradas remotas <strong><a href=\"https:\/\/www.gaveanews.com\/index.php\/2024\/11\/28\/gremio-empresario-de-arthur-aponta-futuro-do-jogador\/\">(leia a mat\u00e9ria completa).<\/a><\/strong><\/p>\n\n\n\n<blockquote class=\"instagram-media\" data-instgrm-permalink=\"https:\/\/www.instagram.com\/p\/C7U-8_duOw6\/?utm_source=ig_embed&amp;utm_campaign=loading\" data-instgrm-version=\"14\" style=\" background:#FFF; border:0; border-radius:3px; box-shadow:0 0 1px 0 rgba(0,0,0,0.5),0 1px 10px 0 rgba(0,0,0,0.15); margin: 1px; max-width:540px; min-width:326px; padding:0; width:99.375%; width:-webkit-calc(100% - 2px); width:calc(100% - 2px);\"><div style=\"padding:16px;\"> <a href=\"https:\/\/www.instagram.com\/p\/C7U-8_duOw6\/?utm_source=ig_embed&amp;utm_campaign=loading\" style=\" background:#FFFFFF; line-height:0; padding:0 0; text-align:center; text-decoration:none; width:100%;\" target=\"_blank\"> <div style=\" display: flex; flex-direction: row; align-items: center;\"> <div style=\"background-color: #F4F4F4; border-radius: 50%; flex-grow: 0; height: 40px; margin-right: 14px; width: 40px;\"><\/div> <div style=\"display: flex; flex-direction: column; flex-grow: 1; justify-content: center;\"> <div style=\" background-color: #F4F4F4; border-radius: 4px; flex-grow: 0; height: 14px; margin-bottom: 6px; width: 100px;\"><\/div> <div style=\" background-color: #F4F4F4; border-radius: 4px; flex-grow: 0; height: 14px; width: 60px;\"><\/div><\/div><\/div><div style=\"padding: 19% 0;\"><\/div> <div style=\"display:block; height:50px; margin:0 auto 12px; width:50px;\"><svg width=\"50px\" height=\"50px\" viewBox=\"0 0 60 60\" version=\"1.1\" xmlns=\"https:\/\/www.w3.org\/2000\/svg\" xmlns:xlink=\"https:\/\/www.w3.org\/1999\/xlink\"><g stroke=\"none\" stroke-width=\"1\" fill=\"none\" fill-rule=\"evenodd\"><g transform=\"translate(-511.000000, -20.000000)\" fill=\"#000000\"><g><path d=\"M556.869,30.41 C554.814,30.41 553.148,32.076 553.148,34.131 C553.148,36.186 554.814,37.852 556.869,37.852 C558.924,37.852 560.59,36.186 560.59,34.131 C560.59,32.076 558.924,30.41 556.869,30.41 M541,60.657 C535.114,60.657 530.342,55.887 530.342,50 C530.342,44.114 535.114,39.342 541,39.342 C546.887,39.342 551.658,44.114 551.658,50 C551.658,55.887 546.887,60.657 541,60.657 M541,33.886 C532.1,33.886 524.886,41.1 524.886,50 C524.886,58.899 532.1,66.113 541,66.113 C549.9,66.113 557.115,58.899 557.115,50 C557.115,41.1 549.9,33.886 541,33.886 M565.378,62.101 C565.244,65.022 564.756,66.606 564.346,67.663 C563.803,69.06 563.154,70.057 562.106,71.106 C561.058,72.155 560.06,72.803 558.662,73.347 C557.607,73.757 556.021,74.244 553.102,74.378 C549.944,74.521 548.997,74.552 541,74.552 C533.003,74.552 532.056,74.521 528.898,74.378 C525.979,74.244 524.393,73.757 523.338,73.347 C521.94,72.803 520.942,72.155 519.894,71.106 C518.846,70.057 518.197,69.06 517.654,67.663 C517.244,66.606 516.755,65.022 516.623,62.101 C516.479,58.943 516.448,57.996 516.448,50 C516.448,42.003 516.479,41.056 516.623,37.899 C516.755,34.978 517.244,33.391 517.654,32.338 C518.197,30.938 518.846,29.942 519.894,28.894 C520.942,27.846 521.94,27.196 523.338,26.654 C524.393,26.244 525.979,25.756 528.898,25.623 C532.057,25.479 533.004,25.448 541,25.448 C548.997,25.448 549.943,25.479 553.102,25.623 C556.021,25.756 557.607,26.244 558.662,26.654 C560.06,27.196 561.058,27.846 562.106,28.894 C563.154,29.942 563.803,30.938 564.346,32.338 C564.756,33.391 565.244,34.978 565.378,37.899 C565.522,41.056 565.552,42.003 565.552,50 C565.552,57.996 565.522,58.943 565.378,62.101 M570.82,37.631 C570.674,34.438 570.167,32.258 569.425,30.349 C568.659,28.377 567.633,26.702 565.965,25.035 C564.297,23.368 562.623,22.342 560.652,21.575 C558.743,20.834 556.562,20.326 553.369,20.18 C550.169,20.033 549.148,20 541,20 C532.853,20 531.831,20.033 528.631,20.18 C525.438,20.326 523.257,20.834 521.349,21.575 C519.376,22.342 517.703,23.368 516.035,25.035 C514.368,26.702 513.342,28.377 512.574,30.349 C511.834,32.258 511.326,34.438 511.181,37.631 C511.035,40.831 511,41.851 511,50 C511,58.147 511.035,59.17 511.181,62.369 C511.326,65.562 511.834,67.743 512.574,69.651 C513.342,71.625 514.368,73.296 516.035,74.965 C517.703,76.634 519.376,77.658 521.349,78.425 C523.257,79.167 525.438,79.673 528.631,79.82 C531.831,79.965 532.853,80.001 541,80.001 C549.148,80.001 550.169,79.965 553.369,79.82 C556.562,79.673 558.743,79.167 560.652,78.425 C562.623,77.658 564.297,76.634 565.965,74.965 C567.633,73.296 568.659,71.625 569.425,69.651 C570.167,67.743 570.674,65.562 570.82,62.369 C570.966,59.17 571,58.147 571,50 C571,41.851 570.966,40.831 570.82,37.631\"><\/path><\/g><\/g><\/g><\/svg><\/div><div style=\"padding-top: 8px;\"> <div style=\" color:#3897f0; font-family:Arial,sans-serif; font-size:14px; font-style:normal; font-weight:550; line-height:18px;\">Ver essa foto no Instagram<\/div><\/div><div style=\"padding: 12.5% 0;\"><\/div> <div style=\"display: flex; flex-direction: row; margin-bottom: 14px; align-items: center;\"><div> <div style=\"background-color: #F4F4F4; border-radius: 50%; height: 12.5px; width: 12.5px; transform: translateX(0px) translateY(7px);\"><\/div> <div style=\"background-color: #F4F4F4; height: 12.5px; transform: rotate(-45deg) translateX(3px) translateY(1px); width: 12.5px; flex-grow: 0; margin-right: 14px; margin-left: 2px;\"><\/div> <div style=\"background-color: #F4F4F4; border-radius: 50%; height: 12.5px; width: 12.5px; transform: translateX(9px) translateY(-18px);\"><\/div><\/div><div style=\"margin-left: 8px;\"> <div style=\" background-color: #F4F4F4; border-radius: 50%; flex-grow: 0; height: 20px; width: 20px;\"><\/div> <div style=\" width: 0; height: 0; border-top: 2px solid transparent; border-left: 6px solid #f4f4f4; border-bottom: 2px solid transparent; transform: translateX(16px) translateY(-4px) rotate(30deg)\"><\/div><\/div><div style=\"margin-left: auto;\"> <div style=\" width: 0px; border-top: 8px solid #F4F4F4; border-right: 8px solid transparent; transform: translateY(16px);\"><\/div> <div style=\" background-color: #F4F4F4; flex-grow: 0; height: 12px; width: 16px; transform: translateY(-4px);\"><\/div> <div style=\" width: 0; height: 0; border-top: 8px solid #F4F4F4; border-left: 8px solid transparent; transform: translateY(-4px) translateX(8px);\"><\/div><\/div><\/div> <div style=\"display: flex; flex-direction: column; flex-grow: 1; justify-content: center; margin-bottom: 24px;\"> <div style=\" background-color: #F4F4F4; border-radius: 4px; flex-grow: 0; height: 14px; margin-bottom: 6px; width: 224px;\"><\/div> <div style=\" background-color: #F4F4F4; border-radius: 4px; flex-grow: 0; height: 14px; width: 144px;\"><\/div><\/div><\/a><p style=\" color:#c9c8cd; font-family:Arial,sans-serif; font-size:14px; line-height:17px; margin-bottom:0; margin-top:8px; overflow:hidden; padding:8px 0 7px; text-align:center; text-overflow:ellipsis; white-space:nowrap;\"><a href=\"https:\/\/www.instagram.com\/p\/C7U-8_duOw6\/?utm_source=ig_embed&amp;utm_campaign=loading\" style=\" color:#c9c8cd; font-family:Arial,sans-serif; font-size:14px; font-style:normal; font-weight:normal; line-height:17px; text-decoration:none;\" target=\"_blank\">Uma publica\u00e7\u00e3o compartilhada por Arthur Melo (@arthurhmelo)<\/a><\/p><\/div><\/blockquote>\n<script async src=\"\/\/www.instagram.com\/embed.js\"><\/script>\n\n\n\n<p>Atualmente na Juventus, Arthur enfrenta dificuldades para ganhar espa\u00e7o no elenco comandado por Thiago Motta. O clube italiano, que estipulou o valor de 15 milh\u00f5es de euros (cerca de R$ 91,1 milh\u00f5es) para uma poss\u00edvel transfer\u00eancia, deve negoci\u00e1-lo em 2025. <\/p>\n\n\n\n<p>Embora a Fiorentina tenha tentado mant\u00ea-lo ap\u00f3s seu empr\u00e9stimo, a resist\u00eancia da Juventus em ced\u00ea-lo novamente complicou as tratativas. O Olympique de Marselha tamb\u00e9m mostrou interesse, mas n\u00e3o conseguiu avan\u00e7ar nas negocia\u00e7\u00f5es.<\/p>\n\n\n\n<p>Com esse cen\u00e1rio, o retorno de Arthur ao Brasil parece distante. Mesmo com sondagens recentes de Gr\u00eamio e Corinthians, o jogador est\u00e1 focado em seguir sua carreira na Europa. Ainda assim, a torcida gremista mant\u00e9m o sonho de v\u00ea-lo novamente vestindo a camisa do clube em um futuro pr\u00f3ximo, enquanto aguarda desdobramentos sobre o futuro do volante.<\/p>\n\n\n\n<h2 class=\"wp-block-heading\" id=\"h-declaracao-de-renato-gaucho\">Declara\u00e7\u00e3o de Renato Ga\u00facho<\/h2>\n\n\n\n<p>Ap\u00f3s o empate entre Gr\u00eamio e Cruzeiro por 1 a 1, no Mineir\u00e3o, pela 35\u00aa rodada do Brasileir\u00e3o, o t\u00e9cnico Renato Ga\u00facho protagonizou uma coletiva pol\u00eamica que gerou ampla repercuss\u00e3o nas redes sociais. Visivelmente irritado, Renato criticou duramente a imprensa, acusando jornalistas de inventarem not\u00edcias que tumultuam o ambiente do clube e amea\u00e7ou deixar de participar de coletivas caso isso continue. Em tom agressivo, ele mencionou que os jornalistas &#8220;tamb\u00e9m t\u00eam fam\u00edlias&#8221; e insinuou que poderiam enfrentar dificuldades, declara\u00e7\u00e3o que causou indigna\u00e7\u00e3o e foi amplamente criticada por internautas <strong><a href=\"https:\/\/www.gaveanews.com\/index.php\/2024\/11\/28\/declaracao-de-renato-gaucho-apos-cruzeiro-x-gremio-choca-a-internet\/\">(leia a mat\u00e9ria completa).<\/a><\/strong><\/p>\n\n\n\n<figure class=\"wp-block-image size-full\"><img loading=\"lazy\" decoding=\"async\" width=\"1000\" height=\"563\" src=\"https:\/\/www.gaveanews.com\/wp-content\/uploads\/renato-gaucho-gremio.webp\" alt=\"\" class=\"wp-image-144188\" srcset=\"https:\/\/www.gaveanews.com\/wp-content\/uploads\/renato-gaucho-gremio.webp 1000w, https:\/\/www.gaveanews.com\/wp-content\/uploads\/renato-gaucho-gremio-300x169.webp 300w, https:\/\/www.gaveanews.com\/wp-content\/uploads\/renato-gaucho-gremio-768x432.webp 768w, https:\/\/www.gaveanews.com\/wp-content\/uploads\/renato-gaucho-gremio-746x420.webp 746w, https:\/\/www.gaveanews.com\/wp-content\/uploads\/renato-gaucho-gremio-640x360.webp 640w, https:\/\/www.gaveanews.com\/wp-content\/uploads\/renato-gaucho-gremio-681x383.webp 681w, https:\/\/www.gaveanews.com\/wp-content\/uploads\/renato-gaucho-gremio-100x56.webp 100w\" sizes=\"auto, (max-width: 1000px) 100vw, 1000px\" \/><figcaption class=\"wp-element-caption\">Renato Ga\u00facho comanda treino do Gr\u00eamio (Foto: Lucas Uebel\/Gr\u00eamio FBPA)<\/figcaption><\/figure>\n\n\n\n<p>As declara\u00e7\u00f5es do treinador, incluindo termos como &#8220;corneteiros de ar-condicionado&#8221;, geraram rea\u00e7\u00f5es negativas tanto de torcedores quanto de profissionais da m\u00eddia, que consideraram suas falas desrespeitosas e inadequadas. Nas redes sociais, usu\u00e1rios destacaram que o comportamento de Renato n\u00e3o ajuda a situa\u00e7\u00e3o do Gr\u00eamio, que segue em posi\u00e7\u00e3o delicada na tabela, com apenas 41 pontos e ainda amea\u00e7ado pelo rebaixamento. Muitos pediram mais equil\u00edbrio por parte do t\u00e9cnico em momentos de press\u00e3o como esse.<\/p>\n\n\n\n<p>Com apenas tr\u00eas rodadas restantes, o Gr\u00eamio enfrentar\u00e1 o S\u00e3o Paulo na Arena do Gr\u00eamio, em uma partida crucial para evitar o rebaixamento. Apesar da press\u00e3o, o clube precisar\u00e1 focar no desempenho em campo, deixando as pol\u00eamicas extracampo de lado para somar os pontos necess\u00e1rios. Renato Ga\u00facho e seus comandados t\u00eam a miss\u00e3o de transformar a tens\u00e3o em motiva\u00e7\u00e3o para buscar um resultado positivo e aliviar a situa\u00e7\u00e3o do clube na reta final do campeonato.<\/p>\n\n\n\n<h2 class=\"wp-block-heading\" id=\"h-situacao-envolvendo-alberto-guerra\">Situa\u00e7\u00e3o envolvendo Alberto Guerra<\/h2>\n\n\n\n<p>O Gr\u00eamio enfrenta mais uma crise extracampo em uma temporada turbulenta. Desta vez, a pol\u00eamica envolve declara\u00e7\u00f5es do presidente Alberto Guerra, que ofendeu o jornalista Diogo Rossi, da R\u00e1dio Imortal, durante uma entrevista coletiva. Rossi havia reportado que o atacante Martin Braithwaite teria reclamado dos treinamentos ao mandat\u00e1rio gremista, o que foi negado por Guerra. O presidente classificou a not\u00edcia como \u201cfake news\u201d e usou termos ofensivos ao se referir ao jornalista, afirmando que ele era &#8220;desqualificado&#8221; e &#8220;filho de chocadeira&#8221; <strong><a href=\"https:\/\/www.gaveanews.com\/index.php\/2024\/11\/28\/video-presidente-do-gremio-ofende-jornalista\/\">(leia a mat\u00e9ria completa).<\/a><\/strong><\/p>\n\n\n\n<figure class=\"wp-block-image size-full\"><img loading=\"lazy\" decoding=\"async\" width=\"640\" height=\"401\" src=\"https:\/\/www.gaveanews.com\/wp-content\/uploads\/presidente-gremio-alberto-guerra.webp\" alt=\"\" class=\"wp-image-141924\" srcset=\"https:\/\/www.gaveanews.com\/wp-content\/uploads\/presidente-gremio-alberto-guerra.webp 640w, https:\/\/www.gaveanews.com\/wp-content\/uploads\/presidente-gremio-alberto-guerra-300x188.webp 300w, https:\/\/www.gaveanews.com\/wp-content\/uploads\/presidente-gremio-alberto-guerra-100x63.webp 100w\" sizes=\"auto, (max-width: 640px) 100vw, 640px\" \/><figcaption class=\"wp-element-caption\">Foto: Lucas Uebel\/ Gr\u00eamio<\/figcaption><\/figure>\n\n\n\n<p>Guerra tamb\u00e9m elogiou Braithwaite, chamando-o de &#8220;o atleta mais profissional&#8221; com quem j\u00e1 trabalhou em 30 anos de Gr\u00eamio, e aproveitou para criticar outro rep\u00f3rter da mesma r\u00e1dio, insinuando conflito de interesses. Durante a coletiva, ele justificou a aus\u00eancia de entrevistas da diretoria, pr\u00e1tica que, segundo ele, segue modelos de outros clubes como Palmeiras e Flamengo. As declara\u00e7\u00f5es intensificaram a press\u00e3o sobre o Gr\u00eamio, que j\u00e1 lida com a amea\u00e7a do rebaixamento no Brasileir\u00e3o.<\/p>\n\n\n\n<p>No contexto da rodada, o empate do Gr\u00eamio contra o Cruzeiro manteve o time a tr\u00eas pontos da zona de rebaixamento. Apesar de resultados favor\u00e1veis como a derrota do Bragantino e o empate entre Fluminense e Crici\u00fama, a vit\u00f3ria do Juventude sobre o Atl\u00e9tico-MG complicou a situa\u00e7\u00e3o do clube. Com a turbul\u00eancia extracampo e a instabilidade em campo, o Gr\u00eamio segue em alerta na luta para permanecer na S\u00e9rie A.<\/p>\n","protected":false},"excerpt":{"rendered":"<p>Nas \u00faltimas horas, o foco das not\u00edcias sobre o Gr\u00eamio se concentram nos bastidores do clube, com destaques como a declara\u00e7\u00e3o de Renato Ga\u00facho e retorno de Arthur Melo. Por conta deste contexto, leia abaixo um resumo preparado pela equipe do portal G\u00e1vea News para lhe manter muito bem informado! Retorno de Arthur Melo Os [&hellip;]<\/p>\n","protected":false},"author":27,"featured_media":165925,"comment_status":"open","ping_status":"closed","sticky":false,"template":"","format":"standard","meta":{"footnotes":""},"categories":[147],"tags":[],"class_list":["post-192186","post","type-post","status-publish","format-standard","has-post-thumbnail","hentry","category-gremio"],"yoast_head":"<!-- This site is optimized with the Yoast SEO Premium plugin v24.2 (Yoast SEO v26.9) - https:\/\/yoast.com\/product\/yoast-seo-premium-wordpress\/ -->\n<title>Situa\u00e7\u00e3o envolvendo Alberto Guerra, declara\u00e7\u00e3o de Renato Ga\u00facho e retorno de Arthur Melo: as \u00faltimas not\u00edcias do Gr\u00eamio<\/title>\n<meta name=\"robots\" content=\"index, follow, max-snippet:-1, max-image-preview:large, max-video-preview:-1\" \/>\n<link rel=\"canonical\" href=\"https:\/\/www.gaveanews.com\/index.php\/2024\/11\/29\/situacao-envolvendo-alberto-guerra-declaracao-de-renato-gaucho-e-retorno-de-arthur-melo-as-ultimas-noticias-do-gremio\/\" \/>\n<meta property=\"og:locale\" content=\"pt_BR\" \/>\n<meta property=\"og:type\" content=\"article\" \/>\n<meta property=\"og:title\" content=\"Situa\u00e7\u00e3o envolvendo Alberto Guerra, declara\u00e7\u00e3o de Renato Ga\u00facho e retorno de Arthur Melo: as \u00faltimas not\u00edcias do Gr\u00eamio\" \/>\n<meta property=\"og:description\" content=\"Nas \u00faltimas horas, o foco das not\u00edcias sobre o Gr\u00eamio se concentram nos bastidores do clube, com destaques como a declara\u00e7\u00e3o de Renato Ga\u00facho e retorno de Arthur Melo. Por conta deste contexto, leia abaixo um resumo preparado pela equipe do portal G\u00e1vea News para lhe manter muito bem informado! Retorno de Arthur Melo Os [&hellip;]\" \/>\n<meta property=\"og:url\" content=\"https:\/\/www.gaveanews.com\/index.php\/2024\/11\/29\/situacao-envolvendo-alberto-guerra-declaracao-de-renato-gaucho-e-retorno-de-arthur-melo-as-ultimas-noticias-do-gremio\/\" \/>\n<meta property=\"og:site_name\" content=\"G\u00e1vea News\" \/>\n<meta property=\"article:publisher\" content=\"https:\/\/facebook.com\/gaveaNews\/\" \/>\n<meta property=\"article:published_time\" content=\"2024-11-29T08:35:00+00:00\" \/>\n<meta property=\"og:image\" content=\"https:\/\/www.gaveanews.com\/wp-content\/uploads\/Bandeira-do-Gremio.webp\" \/>\n\t<meta property=\"og:image:width\" content=\"1043\" \/>\n\t<meta property=\"og:image:height\" content=\"695\" \/>\n\t<meta property=\"og:image:type\" content=\"image\/webp\" \/>\n<meta name=\"author\" content=\"Matheus Felipe\" \/>\n<meta name=\"twitter:card\" content=\"summary_large_image\" \/>\n<meta name=\"twitter:label1\" content=\"Escrito por\" \/>\n\t<meta name=\"twitter:data1\" content=\"Matheus Felipe\" \/>\n\t<meta name=\"twitter:label2\" content=\"Est. tempo de leitura\" \/>\n\t<meta name=\"twitter:data2\" content=\"5 minutos\" \/>\n<script type=\"application\/ld+json\" class=\"yoast-schema-graph\">{\"@context\":\"https:\/\/schema.org\",\"@graph\":[{\"@type\":\"NewsArticle\",\"@id\":\"https:\/\/www.gaveanews.com\/index.php\/2024\/11\/29\/situacao-envolvendo-alberto-guerra-declaracao-de-renato-gaucho-e-retorno-de-arthur-melo-as-ultimas-noticias-do-gremio\/#article\",\"isPartOf\":{\"@id\":\"https:\/\/www.gaveanews.com\/index.php\/2024\/11\/29\/situacao-envolvendo-alberto-guerra-declaracao-de-renato-gaucho-e-retorno-de-arthur-melo-as-ultimas-noticias-do-gremio\/\"},\"author\":{\"name\":\"Matheus Felipe\",\"@id\":\"https:\/\/www.gaveanews.com\/#\/schema\/person\/8207cd4627f56151707418bfc835b2fb\"},\"headline\":\"Situa\u00e7\u00e3o envolvendo Alberto Guerra, declara\u00e7\u00e3o de Renato Ga\u00facho e retorno de Arthur Melo: as \u00faltimas not\u00edcias do Gr\u00eamio\",\"datePublished\":\"2024-11-29T08:35:00+00:00\",\"mainEntityOfPage\":{\"@id\":\"https:\/\/www.gaveanews.com\/index.php\/2024\/11\/29\/situacao-envolvendo-alberto-guerra-declaracao-de-renato-gaucho-e-retorno-de-arthur-melo-as-ultimas-noticias-do-gremio\/\"},\"wordCount\":892,\"commentCount\":0,\"image\":{\"@id\":\"https:\/\/www.gaveanews.com\/index.php\/2024\/11\/29\/situacao-envolvendo-alberto-guerra-declaracao-de-renato-gaucho-e-retorno-de-arthur-melo-as-ultimas-noticias-do-gremio\/#primaryimage\"},\"thumbnailUrl\":\"https:\/\/www.gaveanews.com\/wp-content\/uploads\/Bandeira-do-Gremio.webp\",\"articleSection\":[\"Gr\u00eamio\"],\"inLanguage\":\"pt-BR\",\"potentialAction\":[{\"@type\":\"CommentAction\",\"name\":\"Comment\",\"target\":[\"https:\/\/www.gaveanews.com\/index.php\/2024\/11\/29\/situacao-envolvendo-alberto-guerra-declaracao-de-renato-gaucho-e-retorno-de-arthur-melo-as-ultimas-noticias-do-gremio\/#respond\"]}],\"copyrightYear\":\"2024\",\"copyrightHolder\":{\"@id\":\"https:\/\/www.gaveanews.com\/#organization\"}},{\"@type\":\"WebPage\",\"@id\":\"https:\/\/www.gaveanews.com\/index.php\/2024\/11\/29\/situacao-envolvendo-alberto-guerra-declaracao-de-renato-gaucho-e-retorno-de-arthur-melo-as-ultimas-noticias-do-gremio\/\",\"url\":\"https:\/\/www.gaveanews.com\/index.php\/2024\/11\/29\/situacao-envolvendo-alberto-guerra-declaracao-de-renato-gaucho-e-retorno-de-arthur-melo-as-ultimas-noticias-do-gremio\/\",\"name\":\"Situa\u00e7\u00e3o envolvendo Alberto Guerra, declara\u00e7\u00e3o de Renato Ga\u00facho e retorno de Arthur Melo: as \u00faltimas not\u00edcias do Gr\u00eamio\",\"isPartOf\":{\"@id\":\"https:\/\/www.gaveanews.com\/#website\"},\"primaryImageOfPage\":{\"@id\":\"https:\/\/www.gaveanews.com\/index.php\/2024\/11\/29\/situacao-envolvendo-alberto-guerra-declaracao-de-renato-gaucho-e-retorno-de-arthur-melo-as-ultimas-noticias-do-gremio\/#primaryimage\"},\"image\":{\"@id\":\"https:\/\/www.gaveanews.com\/index.php\/2024\/11\/29\/situacao-envolvendo-alberto-guerra-declaracao-de-renato-gaucho-e-retorno-de-arthur-melo-as-ultimas-noticias-do-gremio\/#primaryimage\"},\"thumbnailUrl\":\"https:\/\/www.gaveanews.com\/wp-content\/uploads\/Bandeira-do-Gremio.webp\",\"datePublished\":\"2024-11-29T08:35:00+00:00\",\"author\":{\"@id\":\"https:\/\/www.gaveanews.com\/#\/schema\/person\/8207cd4627f56151707418bfc835b2fb\"},\"breadcrumb\":{\"@id\":\"https:\/\/www.gaveanews.com\/index.php\/2024\/11\/29\/situacao-envolvendo-alberto-guerra-declaracao-de-renato-gaucho-e-retorno-de-arthur-melo-as-ultimas-noticias-do-gremio\/#breadcrumb\"},\"inLanguage\":\"pt-BR\",\"potentialAction\":[{\"@type\":\"ReadAction\",\"target\":[\"https:\/\/www.gaveanews.com\/index.php\/2024\/11\/29\/situacao-envolvendo-alberto-guerra-declaracao-de-renato-gaucho-e-retorno-de-arthur-melo-as-ultimas-noticias-do-gremio\/\"]}]},{\"@type\":\"ImageObject\",\"inLanguage\":\"pt-BR\",\"@id\":\"https:\/\/www.gaveanews.com\/index.php\/2024\/11\/29\/situacao-envolvendo-alberto-guerra-declaracao-de-renato-gaucho-e-retorno-de-arthur-melo-as-ultimas-noticias-do-gremio\/#primaryimage\",\"url\":\"https:\/\/www.gaveanews.com\/wp-content\/uploads\/Bandeira-do-Gremio.webp\",\"contentUrl\":\"https:\/\/www.gaveanews.com\/wp-content\/uploads\/Bandeira-do-Gremio.webp\",\"width\":1043,\"height\":695,\"caption\":\"Bandeira do Gr\u00eamio (Foto: Reprodu\u00e7\u00e3o\/Gr\u00eamio)\"},{\"@type\":\"BreadcrumbList\",\"@id\":\"https:\/\/www.gaveanews.com\/index.php\/2024\/11\/29\/situacao-envolvendo-alberto-guerra-declaracao-de-renato-gaucho-e-retorno-de-arthur-melo-as-ultimas-noticias-do-gremio\/#breadcrumb\",\"itemListElement\":[{\"@type\":\"ListItem\",\"position\":1,\"name\":\"Home\",\"item\":\"https:\/\/www.gaveanews.com\/\"},{\"@type\":\"ListItem\",\"position\":2,\"name\":\"Situa\u00e7\u00e3o envolvendo Alberto Guerra, declara\u00e7\u00e3o de Renato Ga\u00facho e retorno de Arthur Melo: as \u00faltimas not\u00edcias do Gr\u00eamio\"}]},{\"@type\":\"WebSite\",\"@id\":\"https:\/\/www.gaveanews.com\/#website\",\"url\":\"https:\/\/www.gaveanews.com\/\",\"name\":\"G\u00e1vea News\",\"description\":\"Veja todas as not\u00edcias sobre o Flamengo: Contrata\u00e7\u00f5es, categorias de base, resultados das partidas, tabela de classifica\u00e7\u00e3o, pr\u00f3ximos jogos!\",\"potentialAction\":[{\"@type\":\"SearchAction\",\"target\":{\"@type\":\"EntryPoint\",\"urlTemplate\":\"https:\/\/www.gaveanews.com\/?s={search_term_string}\"},\"query-input\":{\"@type\":\"PropertyValueSpecification\",\"valueRequired\":true,\"valueName\":\"search_term_string\"}}],\"inLanguage\":\"pt-BR\"},{\"@type\":\"Person\",\"@id\":\"https:\/\/www.gaveanews.com\/#\/schema\/person\/8207cd4627f56151707418bfc835b2fb\",\"name\":\"Matheus Felipe\",\"image\":{\"@type\":\"ImageObject\",\"inLanguage\":\"pt-BR\",\"@id\":\"https:\/\/www.gaveanews.com\/#\/schema\/person\/image\/\",\"url\":\"https:\/\/secure.gravatar.com\/avatar\/a452ffbed9130f726358b298bb3a99ce4bd3c5338411f8440e87e14d74c7c087?s=96&d=mm&r=g\",\"contentUrl\":\"https:\/\/secure.gravatar.com\/avatar\/a452ffbed9130f726358b298bb3a99ce4bd3c5338411f8440e87e14d74c7c087?s=96&d=mm&r=g\",\"caption\":\"Matheus Felipe\"}}]}<\/script>\n<!-- \/ Yoast SEO Premium plugin. -->","yoast_head_json":{"title":"Situa\u00e7\u00e3o envolvendo Alberto Guerra, declara\u00e7\u00e3o de Renato Ga\u00facho e retorno de Arthur Melo: as \u00faltimas not\u00edcias do Gr\u00eamio","robots":{"index":"index","follow":"follow","max-snippet":"max-snippet:-1","max-image-preview":"max-image-preview:large","max-video-preview":"max-video-preview:-1"},"canonical":"https:\/\/www.gaveanews.com\/index.php\/2024\/11\/29\/situacao-envolvendo-alberto-guerra-declaracao-de-renato-gaucho-e-retorno-de-arthur-melo-as-ultimas-noticias-do-gremio\/","og_locale":"pt_BR","og_type":"article","og_title":"Situa\u00e7\u00e3o envolvendo Alberto Guerra, declara\u00e7\u00e3o de Renato Ga\u00facho e retorno de Arthur Melo: as \u00faltimas not\u00edcias do Gr\u00eamio","og_description":"Nas \u00faltimas horas, o foco das not\u00edcias sobre o Gr\u00eamio se concentram nos bastidores do clube, com destaques como a declara\u00e7\u00e3o de Renato Ga\u00facho e retorno de Arthur Melo. Por conta deste contexto, leia abaixo um resumo preparado pela equipe do portal G\u00e1vea News para lhe manter muito bem informado! Retorno de Arthur Melo Os [&hellip;]","og_url":"https:\/\/www.gaveanews.com\/index.php\/2024\/11\/29\/situacao-envolvendo-alberto-guerra-declaracao-de-renato-gaucho-e-retorno-de-arthur-melo-as-ultimas-noticias-do-gremio\/","og_site_name":"G\u00e1vea News","article_publisher":"https:\/\/facebook.com\/gaveaNews\/","article_published_time":"2024-11-29T08:35:00+00:00","og_image":[{"width":1043,"height":695,"url":"https:\/\/www.gaveanews.com\/wp-content\/uploads\/Bandeira-do-Gremio.webp","type":"image\/webp"}],"author":"Matheus Felipe","twitter_card":"summary_large_image","twitter_misc":{"Escrito por":"Matheus Felipe","Est. tempo de leitura":"5 minutos"},"schema":{"@context":"https:\/\/schema.org","@graph":[{"@type":"NewsArticle","@id":"https:\/\/www.gaveanews.com\/index.php\/2024\/11\/29\/situacao-envolvendo-alberto-guerra-declaracao-de-renato-gaucho-e-retorno-de-arthur-melo-as-ultimas-noticias-do-gremio\/#article","isPartOf":{"@id":"https:\/\/www.gaveanews.com\/index.php\/2024\/11\/29\/situacao-envolvendo-alberto-guerra-declaracao-de-renato-gaucho-e-retorno-de-arthur-melo-as-ultimas-noticias-do-gremio\/"},"author":{"name":"Matheus Felipe","@id":"https:\/\/www.gaveanews.com\/#\/schema\/person\/8207cd4627f56151707418bfc835b2fb"},"headline":"Situa\u00e7\u00e3o envolvendo Alberto Guerra, declara\u00e7\u00e3o de Renato Ga\u00facho e retorno de Arthur Melo: as \u00faltimas not\u00edcias do Gr\u00eamio","datePublished":"2024-11-29T08:35:00+00:00","mainEntityOfPage":{"@id":"https:\/\/www.gaveanews.com\/index.php\/2024\/11\/29\/situacao-envolvendo-alberto-guerra-declaracao-de-renato-gaucho-e-retorno-de-arthur-melo-as-ultimas-noticias-do-gremio\/"},"wordCount":892,"commentCount":0,"image":{"@id":"https:\/\/www.gaveanews.com\/index.php\/2024\/11\/29\/situacao-envolvendo-alberto-guerra-declaracao-de-renato-gaucho-e-retorno-de-arthur-melo-as-ultimas-noticias-do-gremio\/#primaryimage"},"thumbnailUrl":"https:\/\/www.gaveanews.com\/wp-content\/uploads\/Bandeira-do-Gremio.webp","articleSection":["Gr\u00eamio"],"inLanguage":"pt-BR","potentialAction":[{"@type":"CommentAction","name":"Comment","target":["https:\/\/www.gaveanews.com\/index.php\/2024\/11\/29\/situacao-envolvendo-alberto-guerra-declaracao-de-renato-gaucho-e-retorno-de-arthur-melo-as-ultimas-noticias-do-gremio\/#respond"]}],"copyrightYear":"2024","copyrightHolder":{"@id":"https:\/\/www.gaveanews.com\/#organization"}},{"@type":"WebPage","@id":"https:\/\/www.gaveanews.com\/index.php\/2024\/11\/29\/situacao-envolvendo-alberto-guerra-declaracao-de-renato-gaucho-e-retorno-de-arthur-melo-as-ultimas-noticias-do-gremio\/","url":"https:\/\/www.gaveanews.com\/index.php\/2024\/11\/29\/situacao-envolvendo-alberto-guerra-declaracao-de-renato-gaucho-e-retorno-de-arthur-melo-as-ultimas-noticias-do-gremio\/","name":"Situa\u00e7\u00e3o envolvendo Alberto Guerra, declara\u00e7\u00e3o de Renato Ga\u00facho e retorno de Arthur Melo: as \u00faltimas not\u00edcias do Gr\u00eamio","isPartOf":{"@id":"https:\/\/www.gaveanews.com\/#website"},"primaryImageOfPage":{"@id":"https:\/\/www.gaveanews.com\/index.php\/2024\/11\/29\/situacao-envolvendo-alberto-guerra-declaracao-de-renato-gaucho-e-retorno-de-arthur-melo-as-ultimas-noticias-do-gremio\/#primaryimage"},"image":{"@id":"https:\/\/www.gaveanews.com\/index.php\/2024\/11\/29\/situacao-envolvendo-alberto-guerra-declaracao-de-renato-gaucho-e-retorno-de-arthur-melo-as-ultimas-noticias-do-gremio\/#primaryimage"},"thumbnailUrl":"https:\/\/www.gaveanews.com\/wp-content\/uploads\/Bandeira-do-Gremio.webp","datePublished":"2024-11-29T08:35:00+00:00","author":{"@id":"https:\/\/www.gaveanews.com\/#\/schema\/person\/8207cd4627f56151707418bfc835b2fb"},"breadcrumb":{"@id":"https:\/\/www.gaveanews.com\/index.php\/2024\/11\/29\/situacao-envolvendo-alberto-guerra-declaracao-de-renato-gaucho-e-retorno-de-arthur-melo-as-ultimas-noticias-do-gremio\/#breadcrumb"},"inLanguage":"pt-BR","potentialAction":[{"@type":"ReadAction","target":["https:\/\/www.gaveanews.com\/index.php\/2024\/11\/29\/situacao-envolvendo-alberto-guerra-declaracao-de-renato-gaucho-e-retorno-de-arthur-melo-as-ultimas-noticias-do-gremio\/"]}]},{"@type":"ImageObject","inLanguage":"pt-BR","@id":"https:\/\/www.gaveanews.com\/index.php\/2024\/11\/29\/situacao-envolvendo-alberto-guerra-declaracao-de-renato-gaucho-e-retorno-de-arthur-melo-as-ultimas-noticias-do-gremio\/#primaryimage","url":"https:\/\/www.gaveanews.com\/wp-content\/uploads\/Bandeira-do-Gremio.webp","contentUrl":"https:\/\/www.gaveanews.com\/wp-content\/uploads\/Bandeira-do-Gremio.webp","width":1043,"height":695,"caption":"Bandeira do Gr\u00eamio (Foto: Reprodu\u00e7\u00e3o\/Gr\u00eamio)"},{"@type":"BreadcrumbList","@id":"https:\/\/www.gaveanews.com\/index.php\/2024\/11\/29\/situacao-envolvendo-alberto-guerra-declaracao-de-renato-gaucho-e-retorno-de-arthur-melo-as-ultimas-noticias-do-gremio\/#breadcrumb","itemListElement":[{"@type":"ListItem","position":1,"name":"Home","item":"https:\/\/www.gaveanews.com\/"},{"@type":"ListItem","position":2,"name":"Situa\u00e7\u00e3o envolvendo Alberto Guerra, declara\u00e7\u00e3o de Renato Ga\u00facho e retorno de Arthur Melo: as \u00faltimas not\u00edcias do Gr\u00eamio"}]},{"@type":"WebSite","@id":"https:\/\/www.gaveanews.com\/#website","url":"https:\/\/www.gaveanews.com\/","name":"G\u00e1vea News","description":"Veja todas as not\u00edcias sobre o Flamengo: Contrata\u00e7\u00f5es, categorias de base, resultados das partidas, tabela de classifica\u00e7\u00e3o, pr\u00f3ximos jogos!","potentialAction":[{"@type":"SearchAction","target":{"@type":"EntryPoint","urlTemplate":"https:\/\/www.gaveanews.com\/?s={search_term_string}"},"query-input":{"@type":"PropertyValueSpecification","valueRequired":true,"valueName":"search_term_string"}}],"inLanguage":"pt-BR"},{"@type":"Person","@id":"https:\/\/www.gaveanews.com\/#\/schema\/person\/8207cd4627f56151707418bfc835b2fb","name":"Matheus Felipe","image":{"@type":"ImageObject","inLanguage":"pt-BR","@id":"https:\/\/www.gaveanews.com\/#\/schema\/person\/image\/","url":"https:\/\/secure.gravatar.com\/avatar\/a452ffbed9130f726358b298bb3a99ce4bd3c5338411f8440e87e14d74c7c087?s=96&d=mm&r=g","contentUrl":"https:\/\/secure.gravatar.com\/avatar\/a452ffbed9130f726358b298bb3a99ce4bd3c5338411f8440e87e14d74c7c087?s=96&d=mm&r=g","caption":"Matheus Felipe"}}]}},"_links":{"self":[{"href":"https:\/\/www.gaveanews.com\/index.php\/wp-json\/wp\/v2\/posts\/192186","targetHints":{"allow":["GET"]}}],"collection":[{"href":"https:\/\/www.gaveanews.com\/index.php\/wp-json\/wp\/v2\/posts"}],"about":[{"href":"https:\/\/www.gaveanews.com\/index.php\/wp-json\/wp\/v2\/types\/post"}],"author":[{"embeddable":true,"href":"https:\/\/www.gaveanews.com\/index.php\/wp-json\/wp\/v2\/users\/27"}],"replies":[{"embeddable":true,"href":"https:\/\/www.gaveanews.com\/index.php\/wp-json\/wp\/v2\/comments?post=192186"}],"version-history":[{"count":1,"href":"https:\/\/www.gaveanews.com\/index.php\/wp-json\/wp\/v2\/posts\/192186\/revisions"}],"predecessor-version":[{"id":192213,"href":"https:\/\/www.gaveanews.com\/index.php\/wp-json\/wp\/v2\/posts\/192186\/revisions\/192213"}],"wp:featuredmedia":[{"embeddable":true,"href":"https:\/\/www.gaveanews.com\/index.php\/wp-json\/wp\/v2\/media\/165925"}],"wp:attachment":[{"href":"https:\/\/www.gaveanews.com\/index.php\/wp-json\/wp\/v2\/media?parent=192186"}],"wp:term":[{"taxonomy":"category","embeddable":true,"href":"https:\/\/www.gaveanews.com\/index.php\/wp-json\/wp\/v2\/categories?post=192186"},{"taxonomy":"post_tag","embeddable":true,"href":"https:\/\/www.gaveanews.com\/index.php\/wp-json\/wp\/v2\/tags?post=192186"}],"curies":[{"name":"wp","href":"https:\/\/api.w.org\/{rel}","templated":true}]}}