{"id":192190,"date":"2024-11-29T06:30:00","date_gmt":"2024-11-29T09:30:00","guid":{"rendered":"https:\/\/www.gaveanews.com\/?p=192190"},"modified":"2024-11-29T00:21:08","modified_gmt":"2024-11-29T03:21:08","slug":"taca-inedita-declaracao-de-mauro-cezar-e-novidade-para-a-final-as-ultimas-noticias-do-atletico-mg","status":"publish","type":"post","link":"https:\/\/www.gaveanews.com\/index.php\/2024\/11\/29\/taca-inedita-declaracao-de-mauro-cezar-e-novidade-para-a-final-as-ultimas-noticias-do-atletico-mg\/","title":{"rendered":"Ta\u00e7a in\u00e9dita, declara\u00e7\u00e3o de Mauro Cezar e novidade para a final: as \u00faltimas not\u00edcias do Atl\u00e9tico-MG"},"content":{"rendered":"\n<p>Nas \u00faltimas horas, o foco das not\u00edcias sobre o Atl\u00e9tico-MG se concentram nos bastidores do clube, com destaques como a ta\u00e7a in\u00e9dita e a declara\u00e7\u00e3o de Mauro Cezar.<\/p>\n\n\n\n<p>Por conta deste contexto, leia abaixo um resumo preparado pela equipe do portal G\u00e1vea News para lhe manter muito bem informado!<\/p>\n\n\n\n<h2 class=\"wp-block-heading\" id=\"h-novidade-para-a-final\">Novidade para a final<\/h2>\n\n\n\n<p>Atl\u00e9tico-MG e Botafogo se enfrentam neste s\u00e1bado (30), \u00e0s 17h, na final da Conmebol Libertadores 2024, no Monumental de N\u00fa\u00f1ez, em Buenos Aires. O Botafogo chega em alta, liderando o Campeonato Brasileiro, enquanto o Atl\u00e9tico-MG vive momento complicado, sem vencer h\u00e1 dez jogos. A partida marca a estreia do sistema de impedimento semiautom\u00e1tico em finais da Libertadores, tecnologia que promete maior precis\u00e3o e rapidez nas decis\u00f5es da arbitragem <strong><a href=\"https:\/\/www.gaveanews.com\/index.php\/2024\/11\/28\/atletico-mg-x-botafogo-final-da-libertadores-tera-novidade-2\/\">(leia a mat\u00e9ria completa).<\/a><\/strong><\/p>\n\n\n\n<figure class=\"wp-block-image size-full\"><img loading=\"lazy\" decoding=\"async\" width=\"984\" height=\"551\" src=\"https:\/\/www.gaveanews.com\/wp-content\/uploads\/7c2c40f2-89a1-4093-803e-b260c4529782.avif\" alt=\"\" class=\"wp-image-141661\"\/><figcaption class=\"wp-element-caption\">Impedimento de Dami\u00e1n Su\u00e1rez em Botafogo x Bahia \u2014 Foto: Reprodu\u00e7\u00e3o\n\n<\/figcaption><\/figure>\n\n\n\n<p>O recurso, j\u00e1 utilizado em competi\u00e7\u00f5es como a Copa do Mundo de 2022, rastreia movimentos dos jogadores para gerar gr\u00e1ficos detalhados de impedimento, exibidos tanto para o p\u00fablico no est\u00e1dio quanto nas transmiss\u00f5es. <\/p>\n\n\n\n<p>A arbitragem estar\u00e1 a cargo de uma equipe argentina liderada por Facundo Tello, com Mauro Vigliano no comando do VAR, refor\u00e7ando o compromisso com a imparcialidade e a qualidade t\u00e9cnica.<\/p>\n\n\n\n<p>Com transmiss\u00e3o pela Globo, ESPN, Disney+ e Paramount+, a final representa um marco tecnol\u00f3gico no futebol sul-americano e promete ser um dos jogos mais emocionantes do ano, unindo rivalidade e a busca por uma conquista in\u00e9dita para ambos os clubes.<\/p>\n\n\n\n<h2 class=\"wp-block-heading\" id=\"h-declaracao-de-mauro-cezar\">Declara\u00e7\u00e3o de Mauro Cezar<\/h2>\n\n\n\n<p>O jornalista Mauro Cezar Pereira criticou o comportamento do atacante Deyverson, do Atl\u00e9tico-MG, chamando aten\u00e7\u00e3o para suas piadas e provoca\u00e7\u00f5es fora de campo, que ele considera sem gra\u00e7a e cansativas. Apesar das cr\u00edticas, Mauro reconheceu a import\u00e2ncia t\u00e9cnica do jogador, que foi decisivo para o Galo ao marcar gols cruciais contra Fluminense e River Plate, garantindo a vaga na final da Libertadores. Ele sugeriu que o t\u00e9cnico Artur Jorge deveria focar em organizar melhor o time, ao inv\u00e9s de dar import\u00e2ncia \u00e0s declara\u00e7\u00f5es de Deyverson <strong><a href=\"https:\/\/www.gaveanews.com\/index.php\/2024\/11\/28\/video-a-declaracao-de-mauro-cezar-pereira-direcionada-a-deyverson-do-atletico-mg\/\">(leia a mat\u00e9ria completa).<\/a><\/strong><\/p>\n\n\n\n<figure class=\"wp-block-image size-full\"><img loading=\"lazy\" decoding=\"async\" width=\"846\" height=\"564\" src=\"https:\/\/www.gaveanews.com\/wp-content\/uploads\/Mauro-Cezar.webp\" alt=\"\" class=\"wp-image-101020\" srcset=\"https:\/\/www.gaveanews.com\/wp-content\/uploads\/Mauro-Cezar.webp 846w, https:\/\/www.gaveanews.com\/wp-content\/uploads\/Mauro-Cezar-300x200.webp 300w, https:\/\/www.gaveanews.com\/wp-content\/uploads\/Mauro-Cezar-768x512.webp 768w, https:\/\/www.gaveanews.com\/wp-content\/uploads\/Mauro-Cezar-630x420.webp 630w, https:\/\/www.gaveanews.com\/wp-content\/uploads\/Mauro-Cezar-640x427.webp 640w, https:\/\/www.gaveanews.com\/wp-content\/uploads\/Mauro-Cezar-681x454.webp 681w, https:\/\/www.gaveanews.com\/wp-content\/uploads\/Mauro-Cezar-100x67.webp 100w\" sizes=\"auto, (max-width: 846px) 100vw, 846px\" \/><figcaption class=\"wp-element-caption\">Mauro Cesar em Programa pela Jovem Pan &#8211; Foto: Reprodu\u00e7\u00e3o\/Jovem Pan<\/figcaption><\/figure>\n\n\n\n<p>Mauro destacou que Deyverson tem talento e cumpre seu papel dentro de campo, mas acredita que o atacante exagera em comportamentos que desviam a aten\u00e7\u00e3o do futebol. A vis\u00e3o do jornalista reflete um desejo de maior seriedade no ambiente competitivo, especialmente em um momento crucial como a final da Libertadores.<\/p>\n\n\n\n<p>A declara\u00e7\u00e3o de Mauro refor\u00e7a um debate sobre o impacto de atitudes extracampo no desempenho e na imagem de jogadores. Embora Deyverson tenha sido elogiado por sua contribui\u00e7\u00e3o t\u00e9cnica, a pol\u00eamica sobre suas declara\u00e7\u00f5es e comportamentos evidencia os desafios de equilibrar personalidade e profissionalismo no futebol.<\/p>\n\n\n\n<h2 class=\"wp-block-heading\" id=\"h-taca-inedita\">Ta\u00e7a in\u00e9dita<\/h2>\n\n\n\n<p>A final da Copa Libertadores 2024, entre Atl\u00e9tico-MG e Botafogo, trar\u00e1 \u00e0 tona um momento especial: o campe\u00e3o ter\u00e1 seu nome gravado na base da ta\u00e7a, que recentemente foi ampliada pela Conmebol para comportar novos vencedores. Enquanto o Atl\u00e9tico-MG j\u00e1 possui uma placa referente \u00e0 sua conquista hist\u00f3rica de 2013, o Botafogo busca sua primeira gl\u00f3ria continental, o que marcaria um marco significativo em sua trajet\u00f3ria <strong><a href=\"https:\/\/www.gaveanews.com\/index.php\/2024\/11\/28\/atletico-mg-x-botafogo-campeao-levantara-taca-inedita-da-libertadores\/\">(leia a mat\u00e9ria completa).<\/a><\/strong><\/p>\n\n\n\n<figure class=\"wp-block-image size-full\"><img loading=\"lazy\" decoding=\"async\" width=\"799\" height=\"533\" src=\"https:\/\/www.gaveanews.com\/wp-content\/uploads\/Taca-Libertadores-da-America.webp\" alt=\"\" class=\"wp-image-90054\" srcset=\"https:\/\/www.gaveanews.com\/wp-content\/uploads\/Taca-Libertadores-da-America.webp 799w, https:\/\/www.gaveanews.com\/wp-content\/uploads\/Taca-Libertadores-da-America-300x200.webp 300w, https:\/\/www.gaveanews.com\/wp-content\/uploads\/Taca-Libertadores-da-America-768x512.webp 768w, https:\/\/www.gaveanews.com\/wp-content\/uploads\/Taca-Libertadores-da-America-630x420.webp 630w, https:\/\/www.gaveanews.com\/wp-content\/uploads\/Taca-Libertadores-da-America-640x427.webp 640w, https:\/\/www.gaveanews.com\/wp-content\/uploads\/Taca-Libertadores-da-America-681x454.webp 681w, https:\/\/www.gaveanews.com\/wp-content\/uploads\/Taca-Libertadores-da-America-100x67.webp 100w\" sizes=\"auto, (max-width: 799px) 100vw, 799px\" \/><figcaption class=\"wp-element-caption\">Ta\u00e7a da Copa Libertadores da Am\u00e9rica (Foto: Gilvan de Souza\/Flamengo)<\/figcaption><\/figure>\n\n\n\n<p>O presidente da Conmebol, Alejandro Dom\u00ednguez, explicou que a ta\u00e7a passou por ajustes para preservar sua ess\u00eancia, mas tamb\u00e9m para garantir espa\u00e7o para futuros campe\u00f5es. A decis\u00e3o, marcada para o pr\u00f3ximo s\u00e1bado, 30 de novembro, no Monumental de N\u00fa\u00f1ez, ser\u00e1 um evento de grande expectativa, especialmente para os torcedores do Botafogo, que est\u00e3o ansiosos por esse t\u00edtulo in\u00e9dito.<\/p>\n\n\n\n<p>O t\u00e9cnico do Botafogo, Artur Jorge, minimizou a press\u00e3o em torno da decis\u00e3o, afirmando que est\u00e1 vivendo o momento como uma experi\u00eancia extraordin\u00e1ria. Ele reconheceu a ansiedade da torcida, mas enfatizou a necessidade de foco e cautela antes da final, que tamb\u00e9m pode levar o clube \u00e0 conquista do Campeonato Brasileiro. O confronto promete ser um espet\u00e1culo emocionante para o futebol sul-americano.<\/p>\n","protected":false},"excerpt":{"rendered":"<p>Nas \u00faltimas horas, o foco das not\u00edcias sobre o Atl\u00e9tico-MG se concentram nos bastidores do clube, com destaques como a ta\u00e7a in\u00e9dita e a declara\u00e7\u00e3o de Mauro Cezar. Por conta deste contexto, leia abaixo um resumo preparado pela equipe do portal G\u00e1vea News para lhe manter muito bem informado! Novidade para a final Atl\u00e9tico-MG e [&hellip;]<\/p>\n","protected":false},"author":27,"featured_media":150828,"comment_status":"open","ping_status":"closed","sticky":false,"template":"","format":"standard","meta":{"footnotes":""},"categories":[136],"tags":[],"class_list":["post-192190","post","type-post","status-publish","format-standard","has-post-thumbnail","hentry","category-atletico-mg"],"yoast_head":"<!-- This site is optimized with the Yoast SEO Premium plugin v24.2 (Yoast SEO v26.9) - https:\/\/yoast.com\/product\/yoast-seo-premium-wordpress\/ -->\n<title>Ta\u00e7a in\u00e9dita, declara\u00e7\u00e3o de Mauro Cezar e novidade para a final: as \u00faltimas not\u00edcias do Atl\u00e9tico-MG<\/title>\n<meta name=\"robots\" content=\"index, follow, max-snippet:-1, max-image-preview:large, max-video-preview:-1\" \/>\n<link rel=\"canonical\" href=\"https:\/\/www.gaveanews.com\/index.php\/2024\/11\/29\/taca-inedita-declaracao-de-mauro-cezar-e-novidade-para-a-final-as-ultimas-noticias-do-atletico-mg\/\" \/>\n<meta property=\"og:locale\" content=\"pt_BR\" \/>\n<meta property=\"og:type\" content=\"article\" \/>\n<meta property=\"og:title\" content=\"Ta\u00e7a in\u00e9dita, declara\u00e7\u00e3o de Mauro Cezar e novidade para a final: as \u00faltimas not\u00edcias do Atl\u00e9tico-MG\" \/>\n<meta property=\"og:description\" content=\"Nas \u00faltimas horas, o foco das not\u00edcias sobre o Atl\u00e9tico-MG se concentram nos bastidores do clube, com destaques como a ta\u00e7a in\u00e9dita e a declara\u00e7\u00e3o de Mauro Cezar. Por conta deste contexto, leia abaixo um resumo preparado pela equipe do portal G\u00e1vea News para lhe manter muito bem informado! Novidade para a final Atl\u00e9tico-MG e [&hellip;]\" \/>\n<meta property=\"og:url\" content=\"https:\/\/www.gaveanews.com\/index.php\/2024\/11\/29\/taca-inedita-declaracao-de-mauro-cezar-e-novidade-para-a-final-as-ultimas-noticias-do-atletico-mg\/\" \/>\n<meta property=\"og:site_name\" content=\"G\u00e1vea News\" \/>\n<meta property=\"article:publisher\" content=\"https:\/\/facebook.com\/gaveaNews\/\" \/>\n<meta property=\"article:published_time\" content=\"2024-11-29T09:30:00+00:00\" \/>\n<meta property=\"og:image\" content=\"https:\/\/www.gaveanews.com\/wp-content\/uploads\/Torcida-do-Atletico-MG.webp\" \/>\n\t<meta property=\"og:image:width\" content=\"1066\" \/>\n\t<meta property=\"og:image:height\" content=\"711\" \/>\n\t<meta property=\"og:image:type\" content=\"image\/webp\" \/>\n<meta name=\"author\" content=\"Matheus Felipe\" \/>\n<meta name=\"twitter:card\" content=\"summary_large_image\" \/>\n<meta name=\"twitter:label1\" content=\"Escrito por\" \/>\n\t<meta name=\"twitter:data1\" content=\"Matheus Felipe\" \/>\n\t<meta name=\"twitter:label2\" content=\"Est. tempo de leitura\" \/>\n\t<meta name=\"twitter:data2\" content=\"5 minutos\" \/>\n<script type=\"application\/ld+json\" class=\"yoast-schema-graph\">{\"@context\":\"https:\/\/schema.org\",\"@graph\":[{\"@type\":\"NewsArticle\",\"@id\":\"https:\/\/www.gaveanews.com\/index.php\/2024\/11\/29\/taca-inedita-declaracao-de-mauro-cezar-e-novidade-para-a-final-as-ultimas-noticias-do-atletico-mg\/#article\",\"isPartOf\":{\"@id\":\"https:\/\/www.gaveanews.com\/index.php\/2024\/11\/29\/taca-inedita-declaracao-de-mauro-cezar-e-novidade-para-a-final-as-ultimas-noticias-do-atletico-mg\/\"},\"author\":{\"name\":\"Matheus Felipe\",\"@id\":\"https:\/\/www.gaveanews.com\/#\/schema\/person\/8207cd4627f56151707418bfc835b2fb\"},\"headline\":\"Ta\u00e7a in\u00e9dita, declara\u00e7\u00e3o de Mauro Cezar e novidade para a final: as \u00faltimas not\u00edcias do Atl\u00e9tico-MG\",\"datePublished\":\"2024-11-29T09:30:00+00:00\",\"mainEntityOfPage\":{\"@id\":\"https:\/\/www.gaveanews.com\/index.php\/2024\/11\/29\/taca-inedita-declaracao-de-mauro-cezar-e-novidade-para-a-final-as-ultimas-noticias-do-atletico-mg\/\"},\"wordCount\":735,\"commentCount\":0,\"image\":{\"@id\":\"https:\/\/www.gaveanews.com\/index.php\/2024\/11\/29\/taca-inedita-declaracao-de-mauro-cezar-e-novidade-para-a-final-as-ultimas-noticias-do-atletico-mg\/#primaryimage\"},\"thumbnailUrl\":\"https:\/\/www.gaveanews.com\/wp-content\/uploads\/Torcida-do-Atletico-MG.webp\",\"articleSection\":[\"Atl\u00e9tico-MG\"],\"inLanguage\":\"pt-BR\",\"potentialAction\":[{\"@type\":\"CommentAction\",\"name\":\"Comment\",\"target\":[\"https:\/\/www.gaveanews.com\/index.php\/2024\/11\/29\/taca-inedita-declaracao-de-mauro-cezar-e-novidade-para-a-final-as-ultimas-noticias-do-atletico-mg\/#respond\"]}],\"copyrightYear\":\"2024\",\"copyrightHolder\":{\"@id\":\"https:\/\/www.gaveanews.com\/#organization\"}},{\"@type\":\"WebPage\",\"@id\":\"https:\/\/www.gaveanews.com\/index.php\/2024\/11\/29\/taca-inedita-declaracao-de-mauro-cezar-e-novidade-para-a-final-as-ultimas-noticias-do-atletico-mg\/\",\"url\":\"https:\/\/www.gaveanews.com\/index.php\/2024\/11\/29\/taca-inedita-declaracao-de-mauro-cezar-e-novidade-para-a-final-as-ultimas-noticias-do-atletico-mg\/\",\"name\":\"Ta\u00e7a in\u00e9dita, declara\u00e7\u00e3o de Mauro Cezar e novidade para a final: as \u00faltimas not\u00edcias do Atl\u00e9tico-MG\",\"isPartOf\":{\"@id\":\"https:\/\/www.gaveanews.com\/#website\"},\"primaryImageOfPage\":{\"@id\":\"https:\/\/www.gaveanews.com\/index.php\/2024\/11\/29\/taca-inedita-declaracao-de-mauro-cezar-e-novidade-para-a-final-as-ultimas-noticias-do-atletico-mg\/#primaryimage\"},\"image\":{\"@id\":\"https:\/\/www.gaveanews.com\/index.php\/2024\/11\/29\/taca-inedita-declaracao-de-mauro-cezar-e-novidade-para-a-final-as-ultimas-noticias-do-atletico-mg\/#primaryimage\"},\"thumbnailUrl\":\"https:\/\/www.gaveanews.com\/wp-content\/uploads\/Torcida-do-Atletico-MG.webp\",\"datePublished\":\"2024-11-29T09:30:00+00:00\",\"author\":{\"@id\":\"https:\/\/www.gaveanews.com\/#\/schema\/person\/8207cd4627f56151707418bfc835b2fb\"},\"breadcrumb\":{\"@id\":\"https:\/\/www.gaveanews.com\/index.php\/2024\/11\/29\/taca-inedita-declaracao-de-mauro-cezar-e-novidade-para-a-final-as-ultimas-noticias-do-atletico-mg\/#breadcrumb\"},\"inLanguage\":\"pt-BR\",\"potentialAction\":[{\"@type\":\"ReadAction\",\"target\":[\"https:\/\/www.gaveanews.com\/index.php\/2024\/11\/29\/taca-inedita-declaracao-de-mauro-cezar-e-novidade-para-a-final-as-ultimas-noticias-do-atletico-mg\/\"]}]},{\"@type\":\"ImageObject\",\"inLanguage\":\"pt-BR\",\"@id\":\"https:\/\/www.gaveanews.com\/index.php\/2024\/11\/29\/taca-inedita-declaracao-de-mauro-cezar-e-novidade-para-a-final-as-ultimas-noticias-do-atletico-mg\/#primaryimage\",\"url\":\"https:\/\/www.gaveanews.com\/wp-content\/uploads\/Torcida-do-Atletico-MG.webp\",\"contentUrl\":\"https:\/\/www.gaveanews.com\/wp-content\/uploads\/Torcida-do-Atletico-MG.webp\",\"width\":1066,\"height\":711,\"caption\":\"Torcida do Atl\u00e9tico-MG (Foto: Reprodu\u00e7\u00e3o\/Instagram)\"},{\"@type\":\"BreadcrumbList\",\"@id\":\"https:\/\/www.gaveanews.com\/index.php\/2024\/11\/29\/taca-inedita-declaracao-de-mauro-cezar-e-novidade-para-a-final-as-ultimas-noticias-do-atletico-mg\/#breadcrumb\",\"itemListElement\":[{\"@type\":\"ListItem\",\"position\":1,\"name\":\"Home\",\"item\":\"https:\/\/www.gaveanews.com\/\"},{\"@type\":\"ListItem\",\"position\":2,\"name\":\"Ta\u00e7a in\u00e9dita, declara\u00e7\u00e3o de Mauro Cezar e novidade para a final: as \u00faltimas not\u00edcias do Atl\u00e9tico-MG\"}]},{\"@type\":\"WebSite\",\"@id\":\"https:\/\/www.gaveanews.com\/#website\",\"url\":\"https:\/\/www.gaveanews.com\/\",\"name\":\"G\u00e1vea News\",\"description\":\"Veja todas as not\u00edcias sobre o Flamengo: Contrata\u00e7\u00f5es, categorias de base, resultados das partidas, tabela de classifica\u00e7\u00e3o, pr\u00f3ximos jogos!\",\"potentialAction\":[{\"@type\":\"SearchAction\",\"target\":{\"@type\":\"EntryPoint\",\"urlTemplate\":\"https:\/\/www.gaveanews.com\/?s={search_term_string}\"},\"query-input\":{\"@type\":\"PropertyValueSpecification\",\"valueRequired\":true,\"valueName\":\"search_term_string\"}}],\"inLanguage\":\"pt-BR\"},{\"@type\":\"Person\",\"@id\":\"https:\/\/www.gaveanews.com\/#\/schema\/person\/8207cd4627f56151707418bfc835b2fb\",\"name\":\"Matheus Felipe\",\"image\":{\"@type\":\"ImageObject\",\"inLanguage\":\"pt-BR\",\"@id\":\"https:\/\/www.gaveanews.com\/#\/schema\/person\/image\/\",\"url\":\"https:\/\/secure.gravatar.com\/avatar\/a452ffbed9130f726358b298bb3a99ce4bd3c5338411f8440e87e14d74c7c087?s=96&d=mm&r=g\",\"contentUrl\":\"https:\/\/secure.gravatar.com\/avatar\/a452ffbed9130f726358b298bb3a99ce4bd3c5338411f8440e87e14d74c7c087?s=96&d=mm&r=g\",\"caption\":\"Matheus Felipe\"}}]}<\/script>\n<!-- \/ Yoast SEO Premium plugin. -->","yoast_head_json":{"title":"Ta\u00e7a in\u00e9dita, declara\u00e7\u00e3o de Mauro Cezar e novidade para a final: as \u00faltimas not\u00edcias do Atl\u00e9tico-MG","robots":{"index":"index","follow":"follow","max-snippet":"max-snippet:-1","max-image-preview":"max-image-preview:large","max-video-preview":"max-video-preview:-1"},"canonical":"https:\/\/www.gaveanews.com\/index.php\/2024\/11\/29\/taca-inedita-declaracao-de-mauro-cezar-e-novidade-para-a-final-as-ultimas-noticias-do-atletico-mg\/","og_locale":"pt_BR","og_type":"article","og_title":"Ta\u00e7a in\u00e9dita, declara\u00e7\u00e3o de Mauro Cezar e novidade para a final: as \u00faltimas not\u00edcias do Atl\u00e9tico-MG","og_description":"Nas \u00faltimas horas, o foco das not\u00edcias sobre o Atl\u00e9tico-MG se concentram nos bastidores do clube, com destaques como a ta\u00e7a in\u00e9dita e a declara\u00e7\u00e3o de Mauro Cezar. Por conta deste contexto, leia abaixo um resumo preparado pela equipe do portal G\u00e1vea News para lhe manter muito bem informado! Novidade para a final Atl\u00e9tico-MG e [&hellip;]","og_url":"https:\/\/www.gaveanews.com\/index.php\/2024\/11\/29\/taca-inedita-declaracao-de-mauro-cezar-e-novidade-para-a-final-as-ultimas-noticias-do-atletico-mg\/","og_site_name":"G\u00e1vea News","article_publisher":"https:\/\/facebook.com\/gaveaNews\/","article_published_time":"2024-11-29T09:30:00+00:00","og_image":[{"width":1066,"height":711,"url":"https:\/\/www.gaveanews.com\/wp-content\/uploads\/Torcida-do-Atletico-MG.webp","type":"image\/webp"}],"author":"Matheus Felipe","twitter_card":"summary_large_image","twitter_misc":{"Escrito por":"Matheus Felipe","Est. tempo de leitura":"5 minutos"},"schema":{"@context":"https:\/\/schema.org","@graph":[{"@type":"NewsArticle","@id":"https:\/\/www.gaveanews.com\/index.php\/2024\/11\/29\/taca-inedita-declaracao-de-mauro-cezar-e-novidade-para-a-final-as-ultimas-noticias-do-atletico-mg\/#article","isPartOf":{"@id":"https:\/\/www.gaveanews.com\/index.php\/2024\/11\/29\/taca-inedita-declaracao-de-mauro-cezar-e-novidade-para-a-final-as-ultimas-noticias-do-atletico-mg\/"},"author":{"name":"Matheus Felipe","@id":"https:\/\/www.gaveanews.com\/#\/schema\/person\/8207cd4627f56151707418bfc835b2fb"},"headline":"Ta\u00e7a in\u00e9dita, declara\u00e7\u00e3o de Mauro Cezar e novidade para a final: as \u00faltimas not\u00edcias do Atl\u00e9tico-MG","datePublished":"2024-11-29T09:30:00+00:00","mainEntityOfPage":{"@id":"https:\/\/www.gaveanews.com\/index.php\/2024\/11\/29\/taca-inedita-declaracao-de-mauro-cezar-e-novidade-para-a-final-as-ultimas-noticias-do-atletico-mg\/"},"wordCount":735,"commentCount":0,"image":{"@id":"https:\/\/www.gaveanews.com\/index.php\/2024\/11\/29\/taca-inedita-declaracao-de-mauro-cezar-e-novidade-para-a-final-as-ultimas-noticias-do-atletico-mg\/#primaryimage"},"thumbnailUrl":"https:\/\/www.gaveanews.com\/wp-content\/uploads\/Torcida-do-Atletico-MG.webp","articleSection":["Atl\u00e9tico-MG"],"inLanguage":"pt-BR","potentialAction":[{"@type":"CommentAction","name":"Comment","target":["https:\/\/www.gaveanews.com\/index.php\/2024\/11\/29\/taca-inedita-declaracao-de-mauro-cezar-e-novidade-para-a-final-as-ultimas-noticias-do-atletico-mg\/#respond"]}],"copyrightYear":"2024","copyrightHolder":{"@id":"https:\/\/www.gaveanews.com\/#organization"}},{"@type":"WebPage","@id":"https:\/\/www.gaveanews.com\/index.php\/2024\/11\/29\/taca-inedita-declaracao-de-mauro-cezar-e-novidade-para-a-final-as-ultimas-noticias-do-atletico-mg\/","url":"https:\/\/www.gaveanews.com\/index.php\/2024\/11\/29\/taca-inedita-declaracao-de-mauro-cezar-e-novidade-para-a-final-as-ultimas-noticias-do-atletico-mg\/","name":"Ta\u00e7a in\u00e9dita, declara\u00e7\u00e3o de Mauro Cezar e novidade para a final: as \u00faltimas not\u00edcias do Atl\u00e9tico-MG","isPartOf":{"@id":"https:\/\/www.gaveanews.com\/#website"},"primaryImageOfPage":{"@id":"https:\/\/www.gaveanews.com\/index.php\/2024\/11\/29\/taca-inedita-declaracao-de-mauro-cezar-e-novidade-para-a-final-as-ultimas-noticias-do-atletico-mg\/#primaryimage"},"image":{"@id":"https:\/\/www.gaveanews.com\/index.php\/2024\/11\/29\/taca-inedita-declaracao-de-mauro-cezar-e-novidade-para-a-final-as-ultimas-noticias-do-atletico-mg\/#primaryimage"},"thumbnailUrl":"https:\/\/www.gaveanews.com\/wp-content\/uploads\/Torcida-do-Atletico-MG.webp","datePublished":"2024-11-29T09:30:00+00:00","author":{"@id":"https:\/\/www.gaveanews.com\/#\/schema\/person\/8207cd4627f56151707418bfc835b2fb"},"breadcrumb":{"@id":"https:\/\/www.gaveanews.com\/index.php\/2024\/11\/29\/taca-inedita-declaracao-de-mauro-cezar-e-novidade-para-a-final-as-ultimas-noticias-do-atletico-mg\/#breadcrumb"},"inLanguage":"pt-BR","potentialAction":[{"@type":"ReadAction","target":["https:\/\/www.gaveanews.com\/index.php\/2024\/11\/29\/taca-inedita-declaracao-de-mauro-cezar-e-novidade-para-a-final-as-ultimas-noticias-do-atletico-mg\/"]}]},{"@type":"ImageObject","inLanguage":"pt-BR","@id":"https:\/\/www.gaveanews.com\/index.php\/2024\/11\/29\/taca-inedita-declaracao-de-mauro-cezar-e-novidade-para-a-final-as-ultimas-noticias-do-atletico-mg\/#primaryimage","url":"https:\/\/www.gaveanews.com\/wp-content\/uploads\/Torcida-do-Atletico-MG.webp","contentUrl":"https:\/\/www.gaveanews.com\/wp-content\/uploads\/Torcida-do-Atletico-MG.webp","width":1066,"height":711,"caption":"Torcida do Atl\u00e9tico-MG (Foto: Reprodu\u00e7\u00e3o\/Instagram)"},{"@type":"BreadcrumbList","@id":"https:\/\/www.gaveanews.com\/index.php\/2024\/11\/29\/taca-inedita-declaracao-de-mauro-cezar-e-novidade-para-a-final-as-ultimas-noticias-do-atletico-mg\/#breadcrumb","itemListElement":[{"@type":"ListItem","position":1,"name":"Home","item":"https:\/\/www.gaveanews.com\/"},{"@type":"ListItem","position":2,"name":"Ta\u00e7a in\u00e9dita, declara\u00e7\u00e3o de Mauro Cezar e novidade para a final: as \u00faltimas not\u00edcias do Atl\u00e9tico-MG"}]},{"@type":"WebSite","@id":"https:\/\/www.gaveanews.com\/#website","url":"https:\/\/www.gaveanews.com\/","name":"G\u00e1vea News","description":"Veja todas as not\u00edcias sobre o Flamengo: Contrata\u00e7\u00f5es, categorias de base, resultados das partidas, tabela de classifica\u00e7\u00e3o, pr\u00f3ximos jogos!","potentialAction":[{"@type":"SearchAction","target":{"@type":"EntryPoint","urlTemplate":"https:\/\/www.gaveanews.com\/?s={search_term_string}"},"query-input":{"@type":"PropertyValueSpecification","valueRequired":true,"valueName":"search_term_string"}}],"inLanguage":"pt-BR"},{"@type":"Person","@id":"https:\/\/www.gaveanews.com\/#\/schema\/person\/8207cd4627f56151707418bfc835b2fb","name":"Matheus Felipe","image":{"@type":"ImageObject","inLanguage":"pt-BR","@id":"https:\/\/www.gaveanews.com\/#\/schema\/person\/image\/","url":"https:\/\/secure.gravatar.com\/avatar\/a452ffbed9130f726358b298bb3a99ce4bd3c5338411f8440e87e14d74c7c087?s=96&d=mm&r=g","contentUrl":"https:\/\/secure.gravatar.com\/avatar\/a452ffbed9130f726358b298bb3a99ce4bd3c5338411f8440e87e14d74c7c087?s=96&d=mm&r=g","caption":"Matheus Felipe"}}]}},"_links":{"self":[{"href":"https:\/\/www.gaveanews.com\/index.php\/wp-json\/wp\/v2\/posts\/192190","targetHints":{"allow":["GET"]}}],"collection":[{"href":"https:\/\/www.gaveanews.com\/index.php\/wp-json\/wp\/v2\/posts"}],"about":[{"href":"https:\/\/www.gaveanews.com\/index.php\/wp-json\/wp\/v2\/types\/post"}],"author":[{"embeddable":true,"href":"https:\/\/www.gaveanews.com\/index.php\/wp-json\/wp\/v2\/users\/27"}],"replies":[{"embeddable":true,"href":"https:\/\/www.gaveanews.com\/index.php\/wp-json\/wp\/v2\/comments?post=192190"}],"version-history":[{"count":1,"href":"https:\/\/www.gaveanews.com\/index.php\/wp-json\/wp\/v2\/posts\/192190\/revisions"}],"predecessor-version":[{"id":192193,"href":"https:\/\/www.gaveanews.com\/index.php\/wp-json\/wp\/v2\/posts\/192190\/revisions\/192193"}],"wp:featuredmedia":[{"embeddable":true,"href":"https:\/\/www.gaveanews.com\/index.php\/wp-json\/wp\/v2\/media\/150828"}],"wp:attachment":[{"href":"https:\/\/www.gaveanews.com\/index.php\/wp-json\/wp\/v2\/media?parent=192190"}],"wp:term":[{"taxonomy":"category","embeddable":true,"href":"https:\/\/www.gaveanews.com\/index.php\/wp-json\/wp\/v2\/categories?post=192190"},{"taxonomy":"post_tag","embeddable":true,"href":"https:\/\/www.gaveanews.com\/index.php\/wp-json\/wp\/v2\/tags?post=192190"}],"curies":[{"name":"wp","href":"https:\/\/api.w.org\/{rel}","templated":true}]}}