{"id":192201,"date":"2024-11-29T05:40:00","date_gmt":"2024-11-29T08:40:00","guid":{"rendered":"https:\/\/www.gaveanews.com\/?p=192201"},"modified":"2024-11-29T00:45:56","modified_gmt":"2024-11-29T03:45:56","slug":"climao-com-mbappe-recado-para-vini-jr-e-imprensa-detona-frances-as-ultimas-noticias-do-real-madrid","status":"publish","type":"post","link":"https:\/\/www.gaveanews.com\/index.php\/2024\/11\/29\/climao-com-mbappe-recado-para-vini-jr-e-imprensa-detona-frances-as-ultimas-noticias-do-real-madrid\/","title":{"rendered":"Clim\u00e3o com Mbapp\u00e9, recado para Vini Jr e imprensa detona franc\u00eas: as \u00faltimas not\u00edcias do Real Madrid"},"content":{"rendered":"\n<p>Nas \u00faltimas horas, o foco das not\u00edcias sobre o Real Madrid se concentram nos bastidores do clube, com destaques como o recado para Vini Jr e o clim\u00e3o envolvendo Mbapp\u00e9.<\/p>\n\n\n\n<p>Por conta deste contexto, leia abaixo um resumo preparado pela equipe do portal G\u00e1vea News para lhe manter muito bem informado!<\/p>\n\n\n\n<h2 class=\"wp-block-heading\" id=\"h-imprensa-detona-frances\">Imprensa detona franc\u00eas<\/h2>\n\n\n\n<p>Kylian Mbapp\u00e9 foi alvo de duras cr\u00edticas da imprensa europeia ap\u00f3s sua atua\u00e7\u00e3o apagada na derrota do Real Madrid por 2 a 0 para o Liverpool, pela Champions League. Sem Vin\u00edcius J\u00fanior, lesionado, o franc\u00eas era esperado como protagonista, mas falhou em corresponder \u00e0s expectativas. O ponto alto das cr\u00edticas foi o p\u00eanalti desperdi\u00e7ado, momento que, segundo o <strong>Di\u00e1rio Sport<\/strong>, abalou emocionalmente o jogador. A partida foi descrita como um \u201cnaufr\u00e1gio\u201d pelo <strong>Le Parisien<\/strong>, que destacou as 15 bolas perdidas por Mbapp\u00e9 <strong><a href=\"https:\/\/www.gaveanews.com\/index.php\/2024\/11\/28\/imprensa-da-europa-detona-kylian-mbappe-do-real-madrid\/\">(leia a mat\u00e9ria completa).<\/a><\/strong><\/p>\n\n\n\n<figure class=\"wp-block-image size-large\"><img loading=\"lazy\" decoding=\"async\" width=\"1024\" height=\"683\" src=\"https:\/\/www.gaveanews.com\/wp-content\/uploads\/Kylian-Mbappe-com-a-camisa-do-Real-Madrid-em-2024-1-1024x683.webp\" alt=\"\" class=\"wp-image-158755\" srcset=\"https:\/\/www.gaveanews.com\/wp-content\/uploads\/Kylian-Mbappe-com-a-camisa-do-Real-Madrid-em-2024-1-1024x683.webp 1024w, https:\/\/www.gaveanews.com\/wp-content\/uploads\/Kylian-Mbappe-com-a-camisa-do-Real-Madrid-em-2024-1-300x200.webp 300w, https:\/\/www.gaveanews.com\/wp-content\/uploads\/Kylian-Mbappe-com-a-camisa-do-Real-Madrid-em-2024-1-768x512.webp 768w, https:\/\/www.gaveanews.com\/wp-content\/uploads\/Kylian-Mbappe-com-a-camisa-do-Real-Madrid-em-2024-1-630x420.webp 630w, https:\/\/www.gaveanews.com\/wp-content\/uploads\/Kylian-Mbappe-com-a-camisa-do-Real-Madrid-em-2024-1-1260x840.webp 1260w, https:\/\/www.gaveanews.com\/wp-content\/uploads\/Kylian-Mbappe-com-a-camisa-do-Real-Madrid-em-2024-1-640x427.webp 640w, https:\/\/www.gaveanews.com\/wp-content\/uploads\/Kylian-Mbappe-com-a-camisa-do-Real-Madrid-em-2024-1-1280x853.webp 1280w, https:\/\/www.gaveanews.com\/wp-content\/uploads\/Kylian-Mbappe-com-a-camisa-do-Real-Madrid-em-2024-1-681x454.webp 681w, https:\/\/www.gaveanews.com\/wp-content\/uploads\/Kylian-Mbappe-com-a-camisa-do-Real-Madrid-em-2024-1-100x67.webp 100w, https:\/\/www.gaveanews.com\/wp-content\/uploads\/Kylian-Mbappe-com-a-camisa-do-Real-Madrid-em-2024-1.webp 1350w\" sizes=\"auto, (max-width: 1024px) 100vw, 1024px\" \/><figcaption class=\"wp-element-caption\">Kylian Mbapp\u00e9 com a camisa do Real Madrid em 2024 (Foto: Reprodu\u00e7\u00e3o\/Instagram)<\/figcaption><\/figure>\n\n\n\n<p>O <strong>Di\u00e1rio Marca<\/strong> classificou sua atua\u00e7\u00e3o com nota 3, criticando a falta de efetividade do jogador em lances importantes e suas dificuldades em superar a defesa advers\u00e1ria. <\/p>\n\n\n\n<p>J\u00e1 o <strong>Sport<\/strong> ressaltou que o franc\u00eas n\u00e3o conseguiu imprimir sua caracter\u00edstica principal, a velocidade, sendo frequentemente superado pelos defensores do Liverpool. O erro no p\u00eanalti, defendido por Kelleher, intensificou a avalia\u00e7\u00e3o negativa de sua performance.<\/p>\n\n\n\n<p>Agora, Mbapp\u00e9 ter\u00e1 que trabalhar para se recuperar nos pr\u00f3ximos jogos contra Getafe, Athletic Bilbao e Girona, que ser\u00e3o cruciais para retomar a confian\u00e7a da torcida e melhorar a situa\u00e7\u00e3o do Real Madrid na temporada. O epis\u00f3dio reflete a press\u00e3o constante sobre o atacante e a necessidade de reagir rapidamente para evitar novos questionamentos.<\/p>\n\n\n\n<h2 class=\"wp-block-heading\" id=\"h-recado-para-vini-jr\">Recado para Vini Jr<\/h2>\n\n\n\n<p>Ap\u00f3s a derrota do Real Madrid por 2 a 0 para o Liverpool na Liga dos Campe\u00f5es, Lucas V\u00e1zquez ressaltou a import\u00e2ncia de Vin\u00edcius Jr., ausente devido a les\u00e3o, para a equipe. O jogador afirmou que a aus\u00eancia de Vini impacta profundamente o desempenho do time, destacando que qualquer equipe sentiria falta de um jogador t\u00e3o decisivo. A derrota evidenciou a dificuldade dos merengues em enfrentar advers\u00e1rios de alto n\u00edvel sem algumas de suas principais pe\u00e7as <strong><a href=\"https:\/\/www.gaveanews.com\/index.php\/2024\/11\/28\/video-a-declaracao-de-lucas-vazquez-direcionada-a-vini-jr-do-real-madrid\/\">(leia a mat\u00e9ria completa).<\/a><\/strong><\/p>\n\n\n\n<figure class=\"wp-block-image size-large\"><img loading=\"lazy\" decoding=\"async\" width=\"1024\" height=\"576\" src=\"https:\/\/www.gaveanews.com\/wp-content\/uploads\/vinicius-junior-hat-trick-real-madrid-barcelona-1024x576.webp\" alt=\"\" class=\"wp-image-131354\" srcset=\"https:\/\/www.gaveanews.com\/wp-content\/uploads\/vinicius-junior-hat-trick-real-madrid-barcelona-1024x576.webp 1024w, https:\/\/www.gaveanews.com\/wp-content\/uploads\/vinicius-junior-hat-trick-real-madrid-barcelona-300x169.webp 300w, https:\/\/www.gaveanews.com\/wp-content\/uploads\/vinicius-junior-hat-trick-real-madrid-barcelona-768x432.webp 768w, https:\/\/www.gaveanews.com\/wp-content\/uploads\/vinicius-junior-hat-trick-real-madrid-barcelona-747x420.webp 747w, https:\/\/www.gaveanews.com\/wp-content\/uploads\/vinicius-junior-hat-trick-real-madrid-barcelona-640x360.webp 640w, https:\/\/www.gaveanews.com\/wp-content\/uploads\/vinicius-junior-hat-trick-real-madrid-barcelona-681x383.webp 681w, https:\/\/www.gaveanews.com\/wp-content\/uploads\/vinicius-junior-hat-trick-real-madrid-barcelona-100x56.webp 100w, https:\/\/www.gaveanews.com\/wp-content\/uploads\/vinicius-junior-hat-trick-real-madrid-barcelona.webp 1080w\" sizes=\"auto, (max-width: 1024px) 100vw, 1024px\" \/><figcaption class=\"wp-element-caption\">Vin\u00edcius J\u00fanior comemora gol marcado contra o Barcelona (Foto: Reprodu\u00e7\u00e3o\/Real Madrid)<\/figcaption><\/figure>\n\n\n\n<p>O Liverpool dominou a partida, controlando 64% da posse de bola e gerando 18 finaliza\u00e7\u00f5es. Enquanto isso, o Real Madrid teve poucas chances de gol, incluindo um p\u00eanalti desperdi\u00e7ado por Kylian Mbapp\u00e9. A falta de profundidade no elenco, aliada aos desfalques, comprometeu a competitividade dos espanh\u00f3is, que acumulam apenas seis pontos em cinco jogos na Champions League.<\/p>\n\n\n\n<p>Com uma temporada abaixo das expectativas, o Real Madrid enfrenta um momento crucial. Partidas contra Getafe, Athletic Bilbao e Girona ser\u00e3o determinantes para o clube retomar a confian\u00e7a. O retorno de Vin\u00edcius Jr. \u00e9 aguardado como essencial para a recupera\u00e7\u00e3o da equipe, que busca reafirmar sua for\u00e7a em competi\u00e7\u00f5es de elite.<\/p>\n\n\n\n<h2 class=\"wp-block-heading\" id=\"h-climao-com-mbappe\">Clim\u00e3o com Mbapp\u00e9<\/h2>\n\n\n\n<p>Durante a recente derrota do Real Madrid para o Liverpool na Liga dos Campe\u00f5es, um momento de desconforto entre Kylian Mbapp\u00e9 e Jude Bellingham chamou aten\u00e7\u00e3o no t\u00fanel de acesso ao campo. Mbapp\u00e9 tentou iniciar uma conversa com Bellingham, mas foi ignorado pelo ingl\u00eas, que deu prioridade a instru\u00e7\u00f5es para Antonio R\u00fcdiger e Brahim D\u00edaz. O epis\u00f3dio viralizou nas redes sociais e gerou compara\u00e7\u00f5es com situa\u00e7\u00f5es passadas no clube, como o caso de Vin\u00edcius J\u00fanior e Benzema em 2020 <strong><a href=\"https:\/\/www.gaveanews.com\/index.php\/2024\/11\/28\/climao-momento-entre-mbappe-e-bellingham-durante-jogo-do-real-madrid-viraliza-veja-o-video\/\">(leia a mat\u00e9ria completa).<\/a><\/strong><\/p>\n\n\n\n<figure class=\"wp-block-image size-large\"><img loading=\"lazy\" decoding=\"async\" width=\"1024\" height=\"769\" src=\"https:\/\/www.gaveanews.com\/wp-content\/uploads\/Kylian-Mbappe-com-a-camisa-do-Real-Madrid-em-2024-1024x769.webp\" alt=\"\" class=\"wp-image-158543\" srcset=\"https:\/\/www.gaveanews.com\/wp-content\/uploads\/Kylian-Mbappe-com-a-camisa-do-Real-Madrid-em-2024-1024x769.webp 1024w, https:\/\/www.gaveanews.com\/wp-content\/uploads\/Kylian-Mbappe-com-a-camisa-do-Real-Madrid-em-2024-300x225.webp 300w, https:\/\/www.gaveanews.com\/wp-content\/uploads\/Kylian-Mbappe-com-a-camisa-do-Real-Madrid-em-2024-768x577.webp 768w, https:\/\/www.gaveanews.com\/wp-content\/uploads\/Kylian-Mbappe-com-a-camisa-do-Real-Madrid-em-2024-559x420.webp 559w, https:\/\/www.gaveanews.com\/wp-content\/uploads\/Kylian-Mbappe-com-a-camisa-do-Real-Madrid-em-2024-1119x840.webp 1119w, https:\/\/www.gaveanews.com\/wp-content\/uploads\/Kylian-Mbappe-com-a-camisa-do-Real-Madrid-em-2024-80x60.webp 80w, https:\/\/www.gaveanews.com\/wp-content\/uploads\/Kylian-Mbappe-com-a-camisa-do-Real-Madrid-em-2024-160x120.webp 160w, https:\/\/www.gaveanews.com\/wp-content\/uploads\/Kylian-Mbappe-com-a-camisa-do-Real-Madrid-em-2024-100x75.webp 100w, https:\/\/www.gaveanews.com\/wp-content\/uploads\/Kylian-Mbappe-com-a-camisa-do-Real-Madrid-em-2024-200x150.webp 200w, https:\/\/www.gaveanews.com\/wp-content\/uploads\/Kylian-Mbappe-com-a-camisa-do-Real-Madrid-em-2024-180x135.webp 180w, https:\/\/www.gaveanews.com\/wp-content\/uploads\/Kylian-Mbappe-com-a-camisa-do-Real-Madrid-em-2024-360x270.webp 360w, https:\/\/www.gaveanews.com\/wp-content\/uploads\/Kylian-Mbappe-com-a-camisa-do-Real-Madrid-em-2024-238x178.webp 238w, https:\/\/www.gaveanews.com\/wp-content\/uploads\/Kylian-Mbappe-com-a-camisa-do-Real-Madrid-em-2024-476x356.webp 476w, https:\/\/www.gaveanews.com\/wp-content\/uploads\/Kylian-Mbappe-com-a-camisa-do-Real-Madrid-em-2024-640x481.webp 640w, https:\/\/www.gaveanews.com\/wp-content\/uploads\/Kylian-Mbappe-com-a-camisa-do-Real-Madrid-em-2024-681x511.webp 681w, https:\/\/www.gaveanews.com\/wp-content\/uploads\/Kylian-Mbappe-com-a-camisa-do-Real-Madrid-em-2024.webp 1208w\" sizes=\"auto, (max-width: 1024px) 100vw, 1024px\" \/><figcaption class=\"wp-element-caption\">Kylian Mbapp\u00e9 com a camisa do Real Madrid em 2024 (Foto: Reprodu\u00e7\u00e3o\/Real Madrid)<\/figcaption><\/figure>\n\n\n\n<p>Em campo, Mbapp\u00e9 tamb\u00e9m enfrentou dificuldades, incluindo a perda de um p\u00eanalti que poderia empatar o jogo. Sua atua\u00e7\u00e3o discreta e o erro na cobran\u00e7a o tornaram alvo de cr\u00edticas, enquanto o Liverpool ampliou a vantagem e venceu por 2 a 0. Ap\u00f3s a partida, Bellingham saiu em defesa de Mbapp\u00e9, afirmando que a derrota foi fruto de um desempenho coletivo abaixo do esperado, n\u00e3o apenas do p\u00eanalti perdido.<\/p>\n\n\n\n<p>O incidente reflete os desafios de adapta\u00e7\u00e3o de Mbapp\u00e9 no Real Madrid, onde ainda busca firmar seu protagonismo. Apesar dos percal\u00e7os, epis\u00f3dios semelhantes mostram que rela\u00e7\u00f5es dentro do time podem evoluir e resultar em grandes parcerias, como no caso de Vin\u00edcius e Benzema.<\/p>\n","protected":false},"excerpt":{"rendered":"<p>Nas \u00faltimas horas, o foco das not\u00edcias sobre o Real Madrid se concentram nos bastidores do clube, com destaques como o recado para Vini Jr e o clim\u00e3o envolvendo Mbapp\u00e9. Por conta deste contexto, leia abaixo um resumo preparado pela equipe do portal G\u00e1vea News para lhe manter muito bem informado! Imprensa detona franc\u00eas Kylian [&hellip;]<\/p>\n","protected":false},"author":27,"featured_media":120916,"comment_status":"open","ping_status":"closed","sticky":false,"template":"","format":"standard","meta":{"footnotes":""},"categories":[88],"tags":[],"class_list":["post-192201","post","type-post","status-publish","format-standard","has-post-thumbnail","hentry","category-real-madrid"],"yoast_head":"<!-- This site is optimized with the Yoast SEO Premium plugin v24.2 (Yoast SEO v26.9) - https:\/\/yoast.com\/product\/yoast-seo-premium-wordpress\/ -->\n<title>Clim\u00e3o com Mbapp\u00e9, recado para Vini Jr e imprensa detona franc\u00eas: as \u00faltimas not\u00edcias do Real Madrid<\/title>\n<meta name=\"robots\" content=\"index, follow, max-snippet:-1, max-image-preview:large, max-video-preview:-1\" \/>\n<link rel=\"canonical\" href=\"https:\/\/www.gaveanews.com\/index.php\/2024\/11\/29\/climao-com-mbappe-recado-para-vini-jr-e-imprensa-detona-frances-as-ultimas-noticias-do-real-madrid\/\" \/>\n<meta property=\"og:locale\" content=\"pt_BR\" \/>\n<meta property=\"og:type\" content=\"article\" \/>\n<meta property=\"og:title\" content=\"Clim\u00e3o com Mbapp\u00e9, recado para Vini Jr e imprensa detona franc\u00eas: as \u00faltimas not\u00edcias do Real Madrid\" \/>\n<meta property=\"og:description\" content=\"Nas \u00faltimas horas, o foco das not\u00edcias sobre o Real Madrid se concentram nos bastidores do clube, com destaques como o recado para Vini Jr e o clim\u00e3o envolvendo Mbapp\u00e9. Por conta deste contexto, leia abaixo um resumo preparado pela equipe do portal G\u00e1vea News para lhe manter muito bem informado! Imprensa detona franc\u00eas Kylian [&hellip;]\" \/>\n<meta property=\"og:url\" content=\"https:\/\/www.gaveanews.com\/index.php\/2024\/11\/29\/climao-com-mbappe-recado-para-vini-jr-e-imprensa-detona-frances-as-ultimas-noticias-do-real-madrid\/\" \/>\n<meta property=\"og:site_name\" content=\"G\u00e1vea News\" \/>\n<meta property=\"article:publisher\" content=\"https:\/\/facebook.com\/gaveaNews\/\" \/>\n<meta property=\"article:published_time\" content=\"2024-11-29T08:40:00+00:00\" \/>\n<meta property=\"og:image\" content=\"https:\/\/www.gaveanews.com\/wp-content\/uploads\/real-madrid.webp\" \/>\n\t<meta property=\"og:image:width\" content=\"906\" \/>\n\t<meta property=\"og:image:height\" content=\"509\" \/>\n\t<meta property=\"og:image:type\" content=\"image\/jpeg\" \/>\n<meta name=\"author\" content=\"Matheus Felipe\" \/>\n<meta name=\"twitter:card\" content=\"summary_large_image\" \/>\n<meta name=\"twitter:label1\" content=\"Escrito por\" \/>\n\t<meta name=\"twitter:data1\" content=\"Matheus Felipe\" \/>\n\t<meta name=\"twitter:label2\" content=\"Est. tempo de leitura\" \/>\n\t<meta name=\"twitter:data2\" content=\"5 minutos\" \/>\n<script type=\"application\/ld+json\" class=\"yoast-schema-graph\">{\"@context\":\"https:\/\/schema.org\",\"@graph\":[{\"@type\":\"NewsArticle\",\"@id\":\"https:\/\/www.gaveanews.com\/index.php\/2024\/11\/29\/climao-com-mbappe-recado-para-vini-jr-e-imprensa-detona-frances-as-ultimas-noticias-do-real-madrid\/#article\",\"isPartOf\":{\"@id\":\"https:\/\/www.gaveanews.com\/index.php\/2024\/11\/29\/climao-com-mbappe-recado-para-vini-jr-e-imprensa-detona-frances-as-ultimas-noticias-do-real-madrid\/\"},\"author\":{\"name\":\"Matheus Felipe\",\"@id\":\"https:\/\/www.gaveanews.com\/#\/schema\/person\/8207cd4627f56151707418bfc835b2fb\"},\"headline\":\"Clim\u00e3o com Mbapp\u00e9, recado para Vini Jr e imprensa detona franc\u00eas: as \u00faltimas not\u00edcias do Real Madrid\",\"datePublished\":\"2024-11-29T08:40:00+00:00\",\"mainEntityOfPage\":{\"@id\":\"https:\/\/www.gaveanews.com\/index.php\/2024\/11\/29\/climao-com-mbappe-recado-para-vini-jr-e-imprensa-detona-frances-as-ultimas-noticias-do-real-madrid\/\"},\"wordCount\":776,\"commentCount\":0,\"image\":{\"@id\":\"https:\/\/www.gaveanews.com\/index.php\/2024\/11\/29\/climao-com-mbappe-recado-para-vini-jr-e-imprensa-detona-frances-as-ultimas-noticias-do-real-madrid\/#primaryimage\"},\"thumbnailUrl\":\"https:\/\/www.gaveanews.com\/wp-content\/uploads\/real-madrid.webp\",\"articleSection\":[\"Real Madrid\"],\"inLanguage\":\"pt-BR\",\"potentialAction\":[{\"@type\":\"CommentAction\",\"name\":\"Comment\",\"target\":[\"https:\/\/www.gaveanews.com\/index.php\/2024\/11\/29\/climao-com-mbappe-recado-para-vini-jr-e-imprensa-detona-frances-as-ultimas-noticias-do-real-madrid\/#respond\"]}],\"copyrightYear\":\"2024\",\"copyrightHolder\":{\"@id\":\"https:\/\/www.gaveanews.com\/#organization\"}},{\"@type\":\"WebPage\",\"@id\":\"https:\/\/www.gaveanews.com\/index.php\/2024\/11\/29\/climao-com-mbappe-recado-para-vini-jr-e-imprensa-detona-frances-as-ultimas-noticias-do-real-madrid\/\",\"url\":\"https:\/\/www.gaveanews.com\/index.php\/2024\/11\/29\/climao-com-mbappe-recado-para-vini-jr-e-imprensa-detona-frances-as-ultimas-noticias-do-real-madrid\/\",\"name\":\"Clim\u00e3o com Mbapp\u00e9, recado para Vini Jr e imprensa detona franc\u00eas: as \u00faltimas not\u00edcias do Real Madrid\",\"isPartOf\":{\"@id\":\"https:\/\/www.gaveanews.com\/#website\"},\"primaryImageOfPage\":{\"@id\":\"https:\/\/www.gaveanews.com\/index.php\/2024\/11\/29\/climao-com-mbappe-recado-para-vini-jr-e-imprensa-detona-frances-as-ultimas-noticias-do-real-madrid\/#primaryimage\"},\"image\":{\"@id\":\"https:\/\/www.gaveanews.com\/index.php\/2024\/11\/29\/climao-com-mbappe-recado-para-vini-jr-e-imprensa-detona-frances-as-ultimas-noticias-do-real-madrid\/#primaryimage\"},\"thumbnailUrl\":\"https:\/\/www.gaveanews.com\/wp-content\/uploads\/real-madrid.webp\",\"datePublished\":\"2024-11-29T08:40:00+00:00\",\"author\":{\"@id\":\"https:\/\/www.gaveanews.com\/#\/schema\/person\/8207cd4627f56151707418bfc835b2fb\"},\"breadcrumb\":{\"@id\":\"https:\/\/www.gaveanews.com\/index.php\/2024\/11\/29\/climao-com-mbappe-recado-para-vini-jr-e-imprensa-detona-frances-as-ultimas-noticias-do-real-madrid\/#breadcrumb\"},\"inLanguage\":\"pt-BR\",\"potentialAction\":[{\"@type\":\"ReadAction\",\"target\":[\"https:\/\/www.gaveanews.com\/index.php\/2024\/11\/29\/climao-com-mbappe-recado-para-vini-jr-e-imprensa-detona-frances-as-ultimas-noticias-do-real-madrid\/\"]}]},{\"@type\":\"ImageObject\",\"inLanguage\":\"pt-BR\",\"@id\":\"https:\/\/www.gaveanews.com\/index.php\/2024\/11\/29\/climao-com-mbappe-recado-para-vini-jr-e-imprensa-detona-frances-as-ultimas-noticias-do-real-madrid\/#primaryimage\",\"url\":\"https:\/\/www.gaveanews.com\/wp-content\/uploads\/real-madrid.webp\",\"contentUrl\":\"https:\/\/www.gaveanews.com\/wp-content\/uploads\/real-madrid.webp\",\"width\":906,\"height\":509,\"caption\":\"Escudo do Real Madrid (Foto: Reprodu\u00e7\u00e3o)\"},{\"@type\":\"BreadcrumbList\",\"@id\":\"https:\/\/www.gaveanews.com\/index.php\/2024\/11\/29\/climao-com-mbappe-recado-para-vini-jr-e-imprensa-detona-frances-as-ultimas-noticias-do-real-madrid\/#breadcrumb\",\"itemListElement\":[{\"@type\":\"ListItem\",\"position\":1,\"name\":\"Home\",\"item\":\"https:\/\/www.gaveanews.com\/\"},{\"@type\":\"ListItem\",\"position\":2,\"name\":\"Clim\u00e3o com Mbapp\u00e9, recado para Vini Jr e imprensa detona franc\u00eas: as \u00faltimas not\u00edcias do Real Madrid\"}]},{\"@type\":\"WebSite\",\"@id\":\"https:\/\/www.gaveanews.com\/#website\",\"url\":\"https:\/\/www.gaveanews.com\/\",\"name\":\"G\u00e1vea News\",\"description\":\"Veja todas as not\u00edcias sobre o Flamengo: Contrata\u00e7\u00f5es, categorias de base, resultados das partidas, tabela de classifica\u00e7\u00e3o, pr\u00f3ximos jogos!\",\"potentialAction\":[{\"@type\":\"SearchAction\",\"target\":{\"@type\":\"EntryPoint\",\"urlTemplate\":\"https:\/\/www.gaveanews.com\/?s={search_term_string}\"},\"query-input\":{\"@type\":\"PropertyValueSpecification\",\"valueRequired\":true,\"valueName\":\"search_term_string\"}}],\"inLanguage\":\"pt-BR\"},{\"@type\":\"Person\",\"@id\":\"https:\/\/www.gaveanews.com\/#\/schema\/person\/8207cd4627f56151707418bfc835b2fb\",\"name\":\"Matheus Felipe\",\"image\":{\"@type\":\"ImageObject\",\"inLanguage\":\"pt-BR\",\"@id\":\"https:\/\/www.gaveanews.com\/#\/schema\/person\/image\/\",\"url\":\"https:\/\/secure.gravatar.com\/avatar\/a452ffbed9130f726358b298bb3a99ce4bd3c5338411f8440e87e14d74c7c087?s=96&d=mm&r=g\",\"contentUrl\":\"https:\/\/secure.gravatar.com\/avatar\/a452ffbed9130f726358b298bb3a99ce4bd3c5338411f8440e87e14d74c7c087?s=96&d=mm&r=g\",\"caption\":\"Matheus Felipe\"}}]}<\/script>\n<!-- \/ Yoast SEO Premium plugin. -->","yoast_head_json":{"title":"Clim\u00e3o com Mbapp\u00e9, recado para Vini Jr e imprensa detona franc\u00eas: as \u00faltimas not\u00edcias do Real Madrid","robots":{"index":"index","follow":"follow","max-snippet":"max-snippet:-1","max-image-preview":"max-image-preview:large","max-video-preview":"max-video-preview:-1"},"canonical":"https:\/\/www.gaveanews.com\/index.php\/2024\/11\/29\/climao-com-mbappe-recado-para-vini-jr-e-imprensa-detona-frances-as-ultimas-noticias-do-real-madrid\/","og_locale":"pt_BR","og_type":"article","og_title":"Clim\u00e3o com Mbapp\u00e9, recado para Vini Jr e imprensa detona franc\u00eas: as \u00faltimas not\u00edcias do Real Madrid","og_description":"Nas \u00faltimas horas, o foco das not\u00edcias sobre o Real Madrid se concentram nos bastidores do clube, com destaques como o recado para Vini Jr e o clim\u00e3o envolvendo Mbapp\u00e9. Por conta deste contexto, leia abaixo um resumo preparado pela equipe do portal G\u00e1vea News para lhe manter muito bem informado! Imprensa detona franc\u00eas Kylian [&hellip;]","og_url":"https:\/\/www.gaveanews.com\/index.php\/2024\/11\/29\/climao-com-mbappe-recado-para-vini-jr-e-imprensa-detona-frances-as-ultimas-noticias-do-real-madrid\/","og_site_name":"G\u00e1vea News","article_publisher":"https:\/\/facebook.com\/gaveaNews\/","article_published_time":"2024-11-29T08:40:00+00:00","og_image":[{"width":906,"height":509,"url":"https:\/\/www.gaveanews.com\/wp-content\/uploads\/real-madrid.webp","type":"image\/jpeg"}],"author":"Matheus Felipe","twitter_card":"summary_large_image","twitter_misc":{"Escrito por":"Matheus Felipe","Est. tempo de leitura":"5 minutos"},"schema":{"@context":"https:\/\/schema.org","@graph":[{"@type":"NewsArticle","@id":"https:\/\/www.gaveanews.com\/index.php\/2024\/11\/29\/climao-com-mbappe-recado-para-vini-jr-e-imprensa-detona-frances-as-ultimas-noticias-do-real-madrid\/#article","isPartOf":{"@id":"https:\/\/www.gaveanews.com\/index.php\/2024\/11\/29\/climao-com-mbappe-recado-para-vini-jr-e-imprensa-detona-frances-as-ultimas-noticias-do-real-madrid\/"},"author":{"name":"Matheus Felipe","@id":"https:\/\/www.gaveanews.com\/#\/schema\/person\/8207cd4627f56151707418bfc835b2fb"},"headline":"Clim\u00e3o com Mbapp\u00e9, recado para Vini Jr e imprensa detona franc\u00eas: as \u00faltimas not\u00edcias do Real Madrid","datePublished":"2024-11-29T08:40:00+00:00","mainEntityOfPage":{"@id":"https:\/\/www.gaveanews.com\/index.php\/2024\/11\/29\/climao-com-mbappe-recado-para-vini-jr-e-imprensa-detona-frances-as-ultimas-noticias-do-real-madrid\/"},"wordCount":776,"commentCount":0,"image":{"@id":"https:\/\/www.gaveanews.com\/index.php\/2024\/11\/29\/climao-com-mbappe-recado-para-vini-jr-e-imprensa-detona-frances-as-ultimas-noticias-do-real-madrid\/#primaryimage"},"thumbnailUrl":"https:\/\/www.gaveanews.com\/wp-content\/uploads\/real-madrid.webp","articleSection":["Real Madrid"],"inLanguage":"pt-BR","potentialAction":[{"@type":"CommentAction","name":"Comment","target":["https:\/\/www.gaveanews.com\/index.php\/2024\/11\/29\/climao-com-mbappe-recado-para-vini-jr-e-imprensa-detona-frances-as-ultimas-noticias-do-real-madrid\/#respond"]}],"copyrightYear":"2024","copyrightHolder":{"@id":"https:\/\/www.gaveanews.com\/#organization"}},{"@type":"WebPage","@id":"https:\/\/www.gaveanews.com\/index.php\/2024\/11\/29\/climao-com-mbappe-recado-para-vini-jr-e-imprensa-detona-frances-as-ultimas-noticias-do-real-madrid\/","url":"https:\/\/www.gaveanews.com\/index.php\/2024\/11\/29\/climao-com-mbappe-recado-para-vini-jr-e-imprensa-detona-frances-as-ultimas-noticias-do-real-madrid\/","name":"Clim\u00e3o com Mbapp\u00e9, recado para Vini Jr e imprensa detona franc\u00eas: as \u00faltimas not\u00edcias do Real Madrid","isPartOf":{"@id":"https:\/\/www.gaveanews.com\/#website"},"primaryImageOfPage":{"@id":"https:\/\/www.gaveanews.com\/index.php\/2024\/11\/29\/climao-com-mbappe-recado-para-vini-jr-e-imprensa-detona-frances-as-ultimas-noticias-do-real-madrid\/#primaryimage"},"image":{"@id":"https:\/\/www.gaveanews.com\/index.php\/2024\/11\/29\/climao-com-mbappe-recado-para-vini-jr-e-imprensa-detona-frances-as-ultimas-noticias-do-real-madrid\/#primaryimage"},"thumbnailUrl":"https:\/\/www.gaveanews.com\/wp-content\/uploads\/real-madrid.webp","datePublished":"2024-11-29T08:40:00+00:00","author":{"@id":"https:\/\/www.gaveanews.com\/#\/schema\/person\/8207cd4627f56151707418bfc835b2fb"},"breadcrumb":{"@id":"https:\/\/www.gaveanews.com\/index.php\/2024\/11\/29\/climao-com-mbappe-recado-para-vini-jr-e-imprensa-detona-frances-as-ultimas-noticias-do-real-madrid\/#breadcrumb"},"inLanguage":"pt-BR","potentialAction":[{"@type":"ReadAction","target":["https:\/\/www.gaveanews.com\/index.php\/2024\/11\/29\/climao-com-mbappe-recado-para-vini-jr-e-imprensa-detona-frances-as-ultimas-noticias-do-real-madrid\/"]}]},{"@type":"ImageObject","inLanguage":"pt-BR","@id":"https:\/\/www.gaveanews.com\/index.php\/2024\/11\/29\/climao-com-mbappe-recado-para-vini-jr-e-imprensa-detona-frances-as-ultimas-noticias-do-real-madrid\/#primaryimage","url":"https:\/\/www.gaveanews.com\/wp-content\/uploads\/real-madrid.webp","contentUrl":"https:\/\/www.gaveanews.com\/wp-content\/uploads\/real-madrid.webp","width":906,"height":509,"caption":"Escudo do Real Madrid (Foto: Reprodu\u00e7\u00e3o)"},{"@type":"BreadcrumbList","@id":"https:\/\/www.gaveanews.com\/index.php\/2024\/11\/29\/climao-com-mbappe-recado-para-vini-jr-e-imprensa-detona-frances-as-ultimas-noticias-do-real-madrid\/#breadcrumb","itemListElement":[{"@type":"ListItem","position":1,"name":"Home","item":"https:\/\/www.gaveanews.com\/"},{"@type":"ListItem","position":2,"name":"Clim\u00e3o com Mbapp\u00e9, recado para Vini Jr e imprensa detona franc\u00eas: as \u00faltimas not\u00edcias do Real Madrid"}]},{"@type":"WebSite","@id":"https:\/\/www.gaveanews.com\/#website","url":"https:\/\/www.gaveanews.com\/","name":"G\u00e1vea News","description":"Veja todas as not\u00edcias sobre o Flamengo: Contrata\u00e7\u00f5es, categorias de base, resultados das partidas, tabela de classifica\u00e7\u00e3o, pr\u00f3ximos jogos!","potentialAction":[{"@type":"SearchAction","target":{"@type":"EntryPoint","urlTemplate":"https:\/\/www.gaveanews.com\/?s={search_term_string}"},"query-input":{"@type":"PropertyValueSpecification","valueRequired":true,"valueName":"search_term_string"}}],"inLanguage":"pt-BR"},{"@type":"Person","@id":"https:\/\/www.gaveanews.com\/#\/schema\/person\/8207cd4627f56151707418bfc835b2fb","name":"Matheus Felipe","image":{"@type":"ImageObject","inLanguage":"pt-BR","@id":"https:\/\/www.gaveanews.com\/#\/schema\/person\/image\/","url":"https:\/\/secure.gravatar.com\/avatar\/a452ffbed9130f726358b298bb3a99ce4bd3c5338411f8440e87e14d74c7c087?s=96&d=mm&r=g","contentUrl":"https:\/\/secure.gravatar.com\/avatar\/a452ffbed9130f726358b298bb3a99ce4bd3c5338411f8440e87e14d74c7c087?s=96&d=mm&r=g","caption":"Matheus Felipe"}}]}},"_links":{"self":[{"href":"https:\/\/www.gaveanews.com\/index.php\/wp-json\/wp\/v2\/posts\/192201","targetHints":{"allow":["GET"]}}],"collection":[{"href":"https:\/\/www.gaveanews.com\/index.php\/wp-json\/wp\/v2\/posts"}],"about":[{"href":"https:\/\/www.gaveanews.com\/index.php\/wp-json\/wp\/v2\/types\/post"}],"author":[{"embeddable":true,"href":"https:\/\/www.gaveanews.com\/index.php\/wp-json\/wp\/v2\/users\/27"}],"replies":[{"embeddable":true,"href":"https:\/\/www.gaveanews.com\/index.php\/wp-json\/wp\/v2\/comments?post=192201"}],"version-history":[{"count":1,"href":"https:\/\/www.gaveanews.com\/index.php\/wp-json\/wp\/v2\/posts\/192201\/revisions"}],"predecessor-version":[{"id":192202,"href":"https:\/\/www.gaveanews.com\/index.php\/wp-json\/wp\/v2\/posts\/192201\/revisions\/192202"}],"wp:featuredmedia":[{"embeddable":true,"href":"https:\/\/www.gaveanews.com\/index.php\/wp-json\/wp\/v2\/media\/120916"}],"wp:attachment":[{"href":"https:\/\/www.gaveanews.com\/index.php\/wp-json\/wp\/v2\/media?parent=192201"}],"wp:term":[{"taxonomy":"category","embeddable":true,"href":"https:\/\/www.gaveanews.com\/index.php\/wp-json\/wp\/v2\/categories?post=192201"},{"taxonomy":"post_tag","embeddable":true,"href":"https:\/\/www.gaveanews.com\/index.php\/wp-json\/wp\/v2\/tags?post=192201"}],"curies":[{"name":"wp","href":"https:\/\/api.w.org\/{rel}","templated":true}]}}