{"id":192214,"date":"2024-11-29T06:35:00","date_gmt":"2024-11-29T09:35:00","guid":{"rendered":"https:\/\/www.gaveanews.com\/?p=192214"},"modified":"2024-11-29T01:22:41","modified_gmt":"2024-11-29T04:22:41","slug":"nota-oficial-publicacao-de-galvao-bueno-e-declaracao-de-denilson-as-ultimas-noticias-do-gremio","status":"publish","type":"post","link":"https:\/\/www.gaveanews.com\/index.php\/2024\/11\/29\/nota-oficial-publicacao-de-galvao-bueno-e-declaracao-de-denilson-as-ultimas-noticias-do-gremio\/","title":{"rendered":"Nota oficial, publica\u00e7\u00e3o de Galv\u00e3o Bueno e declara\u00e7\u00e3o de Den\u00edlson: as \u00faltimas not\u00edcias do Gr\u00eamio"},"content":{"rendered":"\n<p>Nas \u00faltimas horas, o foco das not\u00edcias sobre o Gr\u00eamio se concentram nos bastidores do clube, com destaques como a publica\u00e7\u00e3o de Galv\u00e3o Bueno e declara\u00e7\u00e3o de Den\u00edlson.<\/p>\n\n\n\n<p>Por conta deste contexto, leia abaixo um resumo preparado pela equipe do portal G\u00e1vea News para lhe manter muito bem informado!<\/p>\n\n\n\n<h2 class=\"wp-block-heading\" id=\"h-declaracao-de-denilson\">Declara\u00e7\u00e3o de Den\u00edlson<\/h2>\n\n\n\n<p>As declara\u00e7\u00f5es de Renato Ga\u00facho ap\u00f3s o empate entre Cruzeiro e Gr\u00eamio geraram repercuss\u00e3o negativa e cr\u00edticas contundentes, especialmente do comentarista Den\u00edlson, da Band. Durante a coletiva, Renato prometeu expor jornalistas que, segundo ele, divulgaram informa\u00e7\u00f5es falsas, chegando a mencionar familiares dos profissionais, o que foi interpretado por muitos como uma amea\u00e7a. Den\u00edlson alertou sobre os riscos de incentivar comportamentos violentos no futebol e criticou o treinador por desviar o foco do desempenho ruim do Gr\u00eamio de maneira inadequada <strong><a href=\"https:\/\/www.gaveanews.com\/index.php\/2024\/11\/28\/a-declaracao-de-denilson-direcionada-a-renato-gaucho-do-gremio\/\">(leia a mat\u00e9ria completa).<\/a><\/strong><\/p>\n\n\n\n<figure class=\"wp-block-image size-full\"><img loading=\"lazy\" decoding=\"async\" width=\"729\" height=\"400\" src=\"https:\/\/www.gaveanews.com\/wp-content\/uploads\/denilson-ex-jogador.webp\" alt=\"\" class=\"wp-image-142066\" srcset=\"https:\/\/www.gaveanews.com\/wp-content\/uploads\/denilson-ex-jogador.webp 729w, https:\/\/www.gaveanews.com\/wp-content\/uploads\/denilson-ex-jogador-300x165.webp 300w, https:\/\/www.gaveanews.com\/wp-content\/uploads\/denilson-ex-jogador-640x350.webp 640w, https:\/\/www.gaveanews.com\/wp-content\/uploads\/denilson-ex-jogador-681x374.webp 681w, https:\/\/www.gaveanews.com\/wp-content\/uploads\/denilson-ex-jogador-100x55.webp 100w\" sizes=\"auto, (max-width: 729px) 100vw, 729px\" \/><figcaption class=\"wp-element-caption\">Den\u00edlson em participa\u00e7\u00e3o no programa Jogo Aberto (Foto: Reprodu\u00e7\u00e3o\/Band)<\/figcaption><\/figure>\n\n\n\n<p>Renato, por sua vez, procurou minimizar a pol\u00eamica, esclarecendo \u00e0 R\u00e1dio Ga\u00facha que n\u00e3o teve a inten\u00e7\u00e3o de incitar a viol\u00eancia contra jornalistas ou suas fam\u00edlias. <\/p>\n\n\n\n<p>Ele afirmou que suas palavras foram mal interpretadas e garantiu que seu objetivo era apenas se defender das especula\u00e7\u00f5es sobre sua perman\u00eancia no clube. Apesar disso, as declara\u00e7\u00f5es geraram debate sobre a responsabilidade de figuras p\u00fablicas em momentos de tens\u00e3o.<\/p>\n\n\n\n<p>A postura do treinador n\u00e3o recebeu cr\u00edticas p\u00fablicas do presidente do Gr\u00eamio, Alberto Guerra, que acompanhava a coletiva. No entanto, a repercuss\u00e3o destacou a necessidade de maior cuidado no discurso, especialmente em um cen\u00e1rio onde a viol\u00eancia no futebol \u00e9 um tema recorrente. Enquanto isso, o Gr\u00eamio segue pressionado por resultados dentro de campo, com o empate ampliando as discuss\u00f5es sobre o desempenho da equipe e seu futuro na temporada.<\/p>\n\n\n\n<h2 class=\"wp-block-heading\" id=\"h-publicacao-de-galvao-bueno\">Publica\u00e7\u00e3o de Galv\u00e3o Bueno<\/h2>\n\n\n\n<p>O empate por 1 a 1 entre Cruzeiro e Gr\u00eamio no Mineir\u00e3o gerou repercuss\u00f5es dentro e fora de campo, incluindo coment\u00e1rios do ex-narrador Galv\u00e3o Bueno, que analisou o confronto em suas redes sociais. Para Galv\u00e3o, o resultado foi insuficiente para ambas as equipes, considerando os diferentes objetivos no Brasileir\u00e3o. Ele destacou que o Cruzeiro, em busca de uma vaga na Libertadores, e o Gr\u00eamio, lutando contra o rebaixamento, pouco avan\u00e7aram em suas metas com o empate. A publica\u00e7\u00e3o sintetizou o sentimento de frustra\u00e7\u00e3o compartilhado por torcedores de ambos os lados<strong><a href=\"https:\/\/www.gaveanews.com\/index.php\/2024\/11\/28\/a-publicacao-de-galvao-bueno-apos-o-jogo-entre-cruzeiro-x-gremio\/\"> (leia a mat\u00e9ria completa).<\/a><\/strong><\/p>\n\n\n\n<figure class=\"wp-block-image size-full\"><img loading=\"lazy\" decoding=\"async\" width=\"846\" height=\"577\" src=\"https:\/\/www.gaveanews.com\/wp-content\/uploads\/Galvao-Bueno-canal-YouTube.webp\" alt=\"\" class=\"wp-image-96144\" srcset=\"https:\/\/www.gaveanews.com\/wp-content\/uploads\/Galvao-Bueno-canal-YouTube.webp 846w, https:\/\/www.gaveanews.com\/wp-content\/uploads\/Galvao-Bueno-canal-YouTube-300x205.webp 300w, https:\/\/www.gaveanews.com\/wp-content\/uploads\/Galvao-Bueno-canal-YouTube-768x524.webp 768w, https:\/\/www.gaveanews.com\/wp-content\/uploads\/Galvao-Bueno-canal-YouTube-616x420.webp 616w, https:\/\/www.gaveanews.com\/wp-content\/uploads\/Galvao-Bueno-canal-YouTube-640x437.webp 640w, https:\/\/www.gaveanews.com\/wp-content\/uploads\/Galvao-Bueno-canal-YouTube-681x464.webp 681w, https:\/\/www.gaveanews.com\/wp-content\/uploads\/Galvao-Bueno-canal-YouTube-100x68.webp 100w\" sizes=\"auto, (max-width: 846px) 100vw, 846px\" \/><figcaption class=\"wp-element-caption\">Galv\u00e3o Bueno (Foto: Divulga\u00e7\u00e3o)<\/figcaption><\/figure>\n\n\n\n<p>Al\u00e9m das declara\u00e7\u00f5es de Galv\u00e3o, o jogo foi marcado pela coletiva pol\u00eamica do t\u00e9cnico Renato Ga\u00facho, que criticou a imprensa e amea\u00e7ou expor jornalistas que, segundo ele, inventam not\u00edcias para prejudicar o ambiente do Gr\u00eamio. Renato afirmou estar cansado de lidar com questionamentos que considera injustos e indicou que pode deixar de participar de entrevistas caso o comportamento da m\u00eddia n\u00e3o mude. As declara\u00e7\u00f5es do treinador geraram forte repercuss\u00e3o, especialmente nas redes sociais, onde sua postura foi amplamente debatida.<\/p>\n\n\n\n<p>Na sequ\u00eancia do campeonato, o Gr\u00eamio enfrentar\u00e1 o S\u00e3o Paulo no pr\u00f3ximo domingo (1\u00ba de dezembro), em um jogo decisivo na Arena do Gr\u00eamio, j\u00e1 que est\u00e1 a apenas tr\u00eas pontos da zona de rebaixamento. O Cruzeiro, por sua vez, enfrentar\u00e1 o Bragantino no mesmo dia, em Bragan\u00e7a Paulista, em busca de consolidar sua posi\u00e7\u00e3o no G7 e garantir a vaga na Libertadores. Os resultados dessas partidas ser\u00e3o fundamentais para definir os rumos de ambas as equipes na reta final do Brasileir\u00e3o.<\/p>\n\n\n\n<h2 class=\"wp-block-heading\" id=\"h-nota-oficial\">Nota oficial<\/h2>\n\n\n\n<p>Ap\u00f3s o empate entre Gr\u00eamio e Cruzeiro, o t\u00e9cnico Renato Ga\u00facho gerou pol\u00eamica ao fazer duras cr\u00edticas \u00e0 imprensa durante a coletiva de imprensa. Em seu desabafo, o treinador acusou jornalistas de criar crises no clube com informa\u00e7\u00f5es falsas e questionou o impacto dessas a\u00e7\u00f5es na vida pessoal de jogadores e t\u00e9cnicos. Renato defendeu que profissionais do futebol merecem o mesmo respeito que os jornalistas exigem e criticou a falta de responsabilidade de alguns ve\u00edculos, sugerindo que rumores maliciosos s\u00e3o intencionalmente divulgados para prejudicar o ambiente do clube <strong><a href=\"https:\/\/www.gaveanews.com\/index.php\/2024\/11\/28\/renato-gaucho-do-gremio-emite-nota-oficial-apos-polemica\/\">(leia a mat\u00e9ria completa).<\/a><\/strong><\/p>\n\n\n\n<figure class=\"wp-block-image size-full\"><img loading=\"lazy\" decoding=\"async\" width=\"799\" height=\"533\" src=\"https:\/\/www.gaveanews.com\/wp-content\/uploads\/Renato-Gaucho-em-partida-do-Flamengo-contra-a-Chapecoense-no-Campeonato-Brasileiro-2021.webp\" alt=\"\" class=\"wp-image-71415\" srcset=\"https:\/\/www.gaveanews.com\/wp-content\/uploads\/Renato-Gaucho-em-partida-do-Flamengo-contra-a-Chapecoense-no-Campeonato-Brasileiro-2021.webp 799w, https:\/\/www.gaveanews.com\/wp-content\/uploads\/Renato-Gaucho-em-partida-do-Flamengo-contra-a-Chapecoense-no-Campeonato-Brasileiro-2021-300x200.webp 300w, https:\/\/www.gaveanews.com\/wp-content\/uploads\/Renato-Gaucho-em-partida-do-Flamengo-contra-a-Chapecoense-no-Campeonato-Brasileiro-2021-768x512.webp 768w, https:\/\/www.gaveanews.com\/wp-content\/uploads\/Renato-Gaucho-em-partida-do-Flamengo-contra-a-Chapecoense-no-Campeonato-Brasileiro-2021-630x420.webp 630w, https:\/\/www.gaveanews.com\/wp-content\/uploads\/Renato-Gaucho-em-partida-do-Flamengo-contra-a-Chapecoense-no-Campeonato-Brasileiro-2021-640x427.webp 640w, https:\/\/www.gaveanews.com\/wp-content\/uploads\/Renato-Gaucho-em-partida-do-Flamengo-contra-a-Chapecoense-no-Campeonato-Brasileiro-2021-681x454.webp 681w, https:\/\/www.gaveanews.com\/wp-content\/uploads\/Renato-Gaucho-em-partida-do-Flamengo-contra-a-Chapecoense-no-Campeonato-Brasileiro-2021-100x67.webp 100w\" sizes=\"auto, (max-width: 799px) 100vw, 799px\" \/><figcaption class=\"wp-element-caption\">Renato Ga\u00facho em partida do Flamengo contra a Chapecoense no Campeonato Brasileiro 2021 (Foto: Alexandre Vidal\/Flamengo)<\/figcaption><\/figure>\n\n\n\n<p>O treinador, que foi acusado de fazer declara\u00e7\u00f5es interpretadas como amea\u00e7as, utilizou uma nota oficial para esclarecer suas inten\u00e7\u00f5es. Renato negou qualquer inten\u00e7\u00e3o de intimidar ou promover viol\u00eancia, afirmando que seu objetivo foi pedir respeito por parte da m\u00eddia. Ele enfatizou que suas palavras visavam denunciar pr\u00e1ticas irrespons\u00e1veis e defender jogadores, t\u00e9cnicos e suas fam\u00edlias contra ataques infundados. No entanto, tamb\u00e9m refor\u00e7ou que, se os rumores continuarem, n\u00e3o hesitar\u00e1 em expor os respons\u00e1veis.<\/p>\n\n\n\n<p>A situa\u00e7\u00e3o ocorre em um momento de alta press\u00e3o no Gr\u00eamio, que luta para se afastar da zona de rebaixamento no Brasileir\u00e3o. A pol\u00eamica agrava a tens\u00e3o no clube, j\u00e1 pressionado pelos resultados em campo e pela instabilidade extracampo. Renato Ga\u00facho segue no centro das aten\u00e7\u00f5es, dividido entre sua lideran\u00e7a t\u00e9cnica e os conflitos com a imprensa. A nota oficial busca reduzir o impacto da controv\u00e9rsia, mas os desdobramentos ainda podem trazer novas implica\u00e7\u00f5es.<\/p>\n","protected":false},"excerpt":{"rendered":"<p>Nas \u00faltimas horas, o foco das not\u00edcias sobre o Gr\u00eamio se concentram nos bastidores do clube, com destaques como a publica\u00e7\u00e3o de Galv\u00e3o Bueno e declara\u00e7\u00e3o de Den\u00edlson. Por conta deste contexto, leia abaixo um resumo preparado pela equipe do portal G\u00e1vea News para lhe manter muito bem informado! Declara\u00e7\u00e3o de Den\u00edlson As declara\u00e7\u00f5es de [&hellip;]<\/p>\n","protected":false},"author":27,"featured_media":154785,"comment_status":"open","ping_status":"closed","sticky":false,"template":"","format":"standard","meta":{"footnotes":""},"categories":[147],"tags":[],"class_list":["post-192214","post","type-post","status-publish","format-standard","has-post-thumbnail","hentry","category-gremio"],"yoast_head":"<!-- This site is optimized with the Yoast SEO Premium plugin v24.2 (Yoast SEO v26.9) - https:\/\/yoast.com\/product\/yoast-seo-premium-wordpress\/ -->\n<title>Nota oficial, publica\u00e7\u00e3o de Galv\u00e3o Bueno e declara\u00e7\u00e3o de Den\u00edlson: as \u00faltimas not\u00edcias do Gr\u00eamio<\/title>\n<meta name=\"robots\" content=\"index, follow, max-snippet:-1, max-image-preview:large, max-video-preview:-1\" \/>\n<link rel=\"canonical\" href=\"https:\/\/www.gaveanews.com\/index.php\/2024\/11\/29\/nota-oficial-publicacao-de-galvao-bueno-e-declaracao-de-denilson-as-ultimas-noticias-do-gremio\/\" \/>\n<meta property=\"og:locale\" content=\"pt_BR\" \/>\n<meta property=\"og:type\" content=\"article\" \/>\n<meta property=\"og:title\" content=\"Nota oficial, publica\u00e7\u00e3o de Galv\u00e3o Bueno e declara\u00e7\u00e3o de Den\u00edlson: as \u00faltimas not\u00edcias do Gr\u00eamio\" \/>\n<meta property=\"og:description\" content=\"Nas \u00faltimas horas, o foco das not\u00edcias sobre o Gr\u00eamio se concentram nos bastidores do clube, com destaques como a publica\u00e7\u00e3o de Galv\u00e3o Bueno e declara\u00e7\u00e3o de Den\u00edlson. Por conta deste contexto, leia abaixo um resumo preparado pela equipe do portal G\u00e1vea News para lhe manter muito bem informado! Declara\u00e7\u00e3o de Den\u00edlson As declara\u00e7\u00f5es de [&hellip;]\" \/>\n<meta property=\"og:url\" content=\"https:\/\/www.gaveanews.com\/index.php\/2024\/11\/29\/nota-oficial-publicacao-de-galvao-bueno-e-declaracao-de-denilson-as-ultimas-noticias-do-gremio\/\" \/>\n<meta property=\"og:site_name\" content=\"G\u00e1vea News\" \/>\n<meta property=\"article:publisher\" content=\"https:\/\/facebook.com\/gaveaNews\/\" \/>\n<meta property=\"article:published_time\" content=\"2024-11-29T09:35:00+00:00\" \/>\n<meta property=\"og:image\" content=\"https:\/\/www.gaveanews.com\/wp-content\/uploads\/Escudo-do-Gremio.webp\" \/>\n\t<meta property=\"og:image:width\" content=\"1163\" \/>\n\t<meta property=\"og:image:height\" content=\"775\" \/>\n\t<meta property=\"og:image:type\" content=\"image\/webp\" \/>\n<meta name=\"author\" content=\"Matheus Felipe\" \/>\n<meta name=\"twitter:card\" content=\"summary_large_image\" \/>\n<meta name=\"twitter:label1\" content=\"Escrito por\" \/>\n\t<meta name=\"twitter:data1\" content=\"Matheus Felipe\" \/>\n\t<meta name=\"twitter:label2\" content=\"Est. tempo de leitura\" \/>\n\t<meta name=\"twitter:data2\" content=\"6 minutos\" \/>\n<script type=\"application\/ld+json\" class=\"yoast-schema-graph\">{\"@context\":\"https:\/\/schema.org\",\"@graph\":[{\"@type\":\"NewsArticle\",\"@id\":\"https:\/\/www.gaveanews.com\/index.php\/2024\/11\/29\/nota-oficial-publicacao-de-galvao-bueno-e-declaracao-de-denilson-as-ultimas-noticias-do-gremio\/#article\",\"isPartOf\":{\"@id\":\"https:\/\/www.gaveanews.com\/index.php\/2024\/11\/29\/nota-oficial-publicacao-de-galvao-bueno-e-declaracao-de-denilson-as-ultimas-noticias-do-gremio\/\"},\"author\":{\"name\":\"Matheus Felipe\",\"@id\":\"https:\/\/www.gaveanews.com\/#\/schema\/person\/8207cd4627f56151707418bfc835b2fb\"},\"headline\":\"Nota oficial, publica\u00e7\u00e3o de Galv\u00e3o Bueno e declara\u00e7\u00e3o de Den\u00edlson: as \u00faltimas not\u00edcias do Gr\u00eamio\",\"datePublished\":\"2024-11-29T09:35:00+00:00\",\"mainEntityOfPage\":{\"@id\":\"https:\/\/www.gaveanews.com\/index.php\/2024\/11\/29\/nota-oficial-publicacao-de-galvao-bueno-e-declaracao-de-denilson-as-ultimas-noticias-do-gremio\/\"},\"wordCount\":939,\"commentCount\":0,\"image\":{\"@id\":\"https:\/\/www.gaveanews.com\/index.php\/2024\/11\/29\/nota-oficial-publicacao-de-galvao-bueno-e-declaracao-de-denilson-as-ultimas-noticias-do-gremio\/#primaryimage\"},\"thumbnailUrl\":\"https:\/\/www.gaveanews.com\/wp-content\/uploads\/Escudo-do-Gremio.webp\",\"articleSection\":[\"Gr\u00eamio\"],\"inLanguage\":\"pt-BR\",\"potentialAction\":[{\"@type\":\"CommentAction\",\"name\":\"Comment\",\"target\":[\"https:\/\/www.gaveanews.com\/index.php\/2024\/11\/29\/nota-oficial-publicacao-de-galvao-bueno-e-declaracao-de-denilson-as-ultimas-noticias-do-gremio\/#respond\"]}],\"copyrightYear\":\"2024\",\"copyrightHolder\":{\"@id\":\"https:\/\/www.gaveanews.com\/#organization\"}},{\"@type\":\"WebPage\",\"@id\":\"https:\/\/www.gaveanews.com\/index.php\/2024\/11\/29\/nota-oficial-publicacao-de-galvao-bueno-e-declaracao-de-denilson-as-ultimas-noticias-do-gremio\/\",\"url\":\"https:\/\/www.gaveanews.com\/index.php\/2024\/11\/29\/nota-oficial-publicacao-de-galvao-bueno-e-declaracao-de-denilson-as-ultimas-noticias-do-gremio\/\",\"name\":\"Nota oficial, publica\u00e7\u00e3o de Galv\u00e3o Bueno e declara\u00e7\u00e3o de Den\u00edlson: as \u00faltimas not\u00edcias do Gr\u00eamio\",\"isPartOf\":{\"@id\":\"https:\/\/www.gaveanews.com\/#website\"},\"primaryImageOfPage\":{\"@id\":\"https:\/\/www.gaveanews.com\/index.php\/2024\/11\/29\/nota-oficial-publicacao-de-galvao-bueno-e-declaracao-de-denilson-as-ultimas-noticias-do-gremio\/#primaryimage\"},\"image\":{\"@id\":\"https:\/\/www.gaveanews.com\/index.php\/2024\/11\/29\/nota-oficial-publicacao-de-galvao-bueno-e-declaracao-de-denilson-as-ultimas-noticias-do-gremio\/#primaryimage\"},\"thumbnailUrl\":\"https:\/\/www.gaveanews.com\/wp-content\/uploads\/Escudo-do-Gremio.webp\",\"datePublished\":\"2024-11-29T09:35:00+00:00\",\"author\":{\"@id\":\"https:\/\/www.gaveanews.com\/#\/schema\/person\/8207cd4627f56151707418bfc835b2fb\"},\"breadcrumb\":{\"@id\":\"https:\/\/www.gaveanews.com\/index.php\/2024\/11\/29\/nota-oficial-publicacao-de-galvao-bueno-e-declaracao-de-denilson-as-ultimas-noticias-do-gremio\/#breadcrumb\"},\"inLanguage\":\"pt-BR\",\"potentialAction\":[{\"@type\":\"ReadAction\",\"target\":[\"https:\/\/www.gaveanews.com\/index.php\/2024\/11\/29\/nota-oficial-publicacao-de-galvao-bueno-e-declaracao-de-denilson-as-ultimas-noticias-do-gremio\/\"]}]},{\"@type\":\"ImageObject\",\"inLanguage\":\"pt-BR\",\"@id\":\"https:\/\/www.gaveanews.com\/index.php\/2024\/11\/29\/nota-oficial-publicacao-de-galvao-bueno-e-declaracao-de-denilson-as-ultimas-noticias-do-gremio\/#primaryimage\",\"url\":\"https:\/\/www.gaveanews.com\/wp-content\/uploads\/Escudo-do-Gremio.webp\",\"contentUrl\":\"https:\/\/www.gaveanews.com\/wp-content\/uploads\/Escudo-do-Gremio.webp\",\"width\":1163,\"height\":775,\"caption\":\"Escudo do Gr\u00eamio (Foto: Reprodu\u00e7\u00e3o\/Gr\u00eamio)\"},{\"@type\":\"BreadcrumbList\",\"@id\":\"https:\/\/www.gaveanews.com\/index.php\/2024\/11\/29\/nota-oficial-publicacao-de-galvao-bueno-e-declaracao-de-denilson-as-ultimas-noticias-do-gremio\/#breadcrumb\",\"itemListElement\":[{\"@type\":\"ListItem\",\"position\":1,\"name\":\"Home\",\"item\":\"https:\/\/www.gaveanews.com\/\"},{\"@type\":\"ListItem\",\"position\":2,\"name\":\"Nota oficial, publica\u00e7\u00e3o de Galv\u00e3o Bueno e declara\u00e7\u00e3o de Den\u00edlson: as \u00faltimas not\u00edcias do Gr\u00eamio\"}]},{\"@type\":\"WebSite\",\"@id\":\"https:\/\/www.gaveanews.com\/#website\",\"url\":\"https:\/\/www.gaveanews.com\/\",\"name\":\"G\u00e1vea News\",\"description\":\"Veja todas as not\u00edcias sobre o Flamengo: Contrata\u00e7\u00f5es, categorias de base, resultados das partidas, tabela de classifica\u00e7\u00e3o, pr\u00f3ximos jogos!\",\"potentialAction\":[{\"@type\":\"SearchAction\",\"target\":{\"@type\":\"EntryPoint\",\"urlTemplate\":\"https:\/\/www.gaveanews.com\/?s={search_term_string}\"},\"query-input\":{\"@type\":\"PropertyValueSpecification\",\"valueRequired\":true,\"valueName\":\"search_term_string\"}}],\"inLanguage\":\"pt-BR\"},{\"@type\":\"Person\",\"@id\":\"https:\/\/www.gaveanews.com\/#\/schema\/person\/8207cd4627f56151707418bfc835b2fb\",\"name\":\"Matheus Felipe\",\"image\":{\"@type\":\"ImageObject\",\"inLanguage\":\"pt-BR\",\"@id\":\"https:\/\/www.gaveanews.com\/#\/schema\/person\/image\/\",\"url\":\"https:\/\/secure.gravatar.com\/avatar\/a452ffbed9130f726358b298bb3a99ce4bd3c5338411f8440e87e14d74c7c087?s=96&d=mm&r=g\",\"contentUrl\":\"https:\/\/secure.gravatar.com\/avatar\/a452ffbed9130f726358b298bb3a99ce4bd3c5338411f8440e87e14d74c7c087?s=96&d=mm&r=g\",\"caption\":\"Matheus Felipe\"}}]}<\/script>\n<!-- \/ Yoast SEO Premium plugin. -->","yoast_head_json":{"title":"Nota oficial, publica\u00e7\u00e3o de Galv\u00e3o Bueno e declara\u00e7\u00e3o de Den\u00edlson: as \u00faltimas not\u00edcias do Gr\u00eamio","robots":{"index":"index","follow":"follow","max-snippet":"max-snippet:-1","max-image-preview":"max-image-preview:large","max-video-preview":"max-video-preview:-1"},"canonical":"https:\/\/www.gaveanews.com\/index.php\/2024\/11\/29\/nota-oficial-publicacao-de-galvao-bueno-e-declaracao-de-denilson-as-ultimas-noticias-do-gremio\/","og_locale":"pt_BR","og_type":"article","og_title":"Nota oficial, publica\u00e7\u00e3o de Galv\u00e3o Bueno e declara\u00e7\u00e3o de Den\u00edlson: as \u00faltimas not\u00edcias do Gr\u00eamio","og_description":"Nas \u00faltimas horas, o foco das not\u00edcias sobre o Gr\u00eamio se concentram nos bastidores do clube, com destaques como a publica\u00e7\u00e3o de Galv\u00e3o Bueno e declara\u00e7\u00e3o de Den\u00edlson. Por conta deste contexto, leia abaixo um resumo preparado pela equipe do portal G\u00e1vea News para lhe manter muito bem informado! Declara\u00e7\u00e3o de Den\u00edlson As declara\u00e7\u00f5es de [&hellip;]","og_url":"https:\/\/www.gaveanews.com\/index.php\/2024\/11\/29\/nota-oficial-publicacao-de-galvao-bueno-e-declaracao-de-denilson-as-ultimas-noticias-do-gremio\/","og_site_name":"G\u00e1vea News","article_publisher":"https:\/\/facebook.com\/gaveaNews\/","article_published_time":"2024-11-29T09:35:00+00:00","og_image":[{"width":1163,"height":775,"url":"https:\/\/www.gaveanews.com\/wp-content\/uploads\/Escudo-do-Gremio.webp","type":"image\/webp"}],"author":"Matheus Felipe","twitter_card":"summary_large_image","twitter_misc":{"Escrito por":"Matheus Felipe","Est. tempo de leitura":"6 minutos"},"schema":{"@context":"https:\/\/schema.org","@graph":[{"@type":"NewsArticle","@id":"https:\/\/www.gaveanews.com\/index.php\/2024\/11\/29\/nota-oficial-publicacao-de-galvao-bueno-e-declaracao-de-denilson-as-ultimas-noticias-do-gremio\/#article","isPartOf":{"@id":"https:\/\/www.gaveanews.com\/index.php\/2024\/11\/29\/nota-oficial-publicacao-de-galvao-bueno-e-declaracao-de-denilson-as-ultimas-noticias-do-gremio\/"},"author":{"name":"Matheus Felipe","@id":"https:\/\/www.gaveanews.com\/#\/schema\/person\/8207cd4627f56151707418bfc835b2fb"},"headline":"Nota oficial, publica\u00e7\u00e3o de Galv\u00e3o Bueno e declara\u00e7\u00e3o de Den\u00edlson: as \u00faltimas not\u00edcias do Gr\u00eamio","datePublished":"2024-11-29T09:35:00+00:00","mainEntityOfPage":{"@id":"https:\/\/www.gaveanews.com\/index.php\/2024\/11\/29\/nota-oficial-publicacao-de-galvao-bueno-e-declaracao-de-denilson-as-ultimas-noticias-do-gremio\/"},"wordCount":939,"commentCount":0,"image":{"@id":"https:\/\/www.gaveanews.com\/index.php\/2024\/11\/29\/nota-oficial-publicacao-de-galvao-bueno-e-declaracao-de-denilson-as-ultimas-noticias-do-gremio\/#primaryimage"},"thumbnailUrl":"https:\/\/www.gaveanews.com\/wp-content\/uploads\/Escudo-do-Gremio.webp","articleSection":["Gr\u00eamio"],"inLanguage":"pt-BR","potentialAction":[{"@type":"CommentAction","name":"Comment","target":["https:\/\/www.gaveanews.com\/index.php\/2024\/11\/29\/nota-oficial-publicacao-de-galvao-bueno-e-declaracao-de-denilson-as-ultimas-noticias-do-gremio\/#respond"]}],"copyrightYear":"2024","copyrightHolder":{"@id":"https:\/\/www.gaveanews.com\/#organization"}},{"@type":"WebPage","@id":"https:\/\/www.gaveanews.com\/index.php\/2024\/11\/29\/nota-oficial-publicacao-de-galvao-bueno-e-declaracao-de-denilson-as-ultimas-noticias-do-gremio\/","url":"https:\/\/www.gaveanews.com\/index.php\/2024\/11\/29\/nota-oficial-publicacao-de-galvao-bueno-e-declaracao-de-denilson-as-ultimas-noticias-do-gremio\/","name":"Nota oficial, publica\u00e7\u00e3o de Galv\u00e3o Bueno e declara\u00e7\u00e3o de Den\u00edlson: as \u00faltimas not\u00edcias do Gr\u00eamio","isPartOf":{"@id":"https:\/\/www.gaveanews.com\/#website"},"primaryImageOfPage":{"@id":"https:\/\/www.gaveanews.com\/index.php\/2024\/11\/29\/nota-oficial-publicacao-de-galvao-bueno-e-declaracao-de-denilson-as-ultimas-noticias-do-gremio\/#primaryimage"},"image":{"@id":"https:\/\/www.gaveanews.com\/index.php\/2024\/11\/29\/nota-oficial-publicacao-de-galvao-bueno-e-declaracao-de-denilson-as-ultimas-noticias-do-gremio\/#primaryimage"},"thumbnailUrl":"https:\/\/www.gaveanews.com\/wp-content\/uploads\/Escudo-do-Gremio.webp","datePublished":"2024-11-29T09:35:00+00:00","author":{"@id":"https:\/\/www.gaveanews.com\/#\/schema\/person\/8207cd4627f56151707418bfc835b2fb"},"breadcrumb":{"@id":"https:\/\/www.gaveanews.com\/index.php\/2024\/11\/29\/nota-oficial-publicacao-de-galvao-bueno-e-declaracao-de-denilson-as-ultimas-noticias-do-gremio\/#breadcrumb"},"inLanguage":"pt-BR","potentialAction":[{"@type":"ReadAction","target":["https:\/\/www.gaveanews.com\/index.php\/2024\/11\/29\/nota-oficial-publicacao-de-galvao-bueno-e-declaracao-de-denilson-as-ultimas-noticias-do-gremio\/"]}]},{"@type":"ImageObject","inLanguage":"pt-BR","@id":"https:\/\/www.gaveanews.com\/index.php\/2024\/11\/29\/nota-oficial-publicacao-de-galvao-bueno-e-declaracao-de-denilson-as-ultimas-noticias-do-gremio\/#primaryimage","url":"https:\/\/www.gaveanews.com\/wp-content\/uploads\/Escudo-do-Gremio.webp","contentUrl":"https:\/\/www.gaveanews.com\/wp-content\/uploads\/Escudo-do-Gremio.webp","width":1163,"height":775,"caption":"Escudo do Gr\u00eamio (Foto: Reprodu\u00e7\u00e3o\/Gr\u00eamio)"},{"@type":"BreadcrumbList","@id":"https:\/\/www.gaveanews.com\/index.php\/2024\/11\/29\/nota-oficial-publicacao-de-galvao-bueno-e-declaracao-de-denilson-as-ultimas-noticias-do-gremio\/#breadcrumb","itemListElement":[{"@type":"ListItem","position":1,"name":"Home","item":"https:\/\/www.gaveanews.com\/"},{"@type":"ListItem","position":2,"name":"Nota oficial, publica\u00e7\u00e3o de Galv\u00e3o Bueno e declara\u00e7\u00e3o de Den\u00edlson: as \u00faltimas not\u00edcias do Gr\u00eamio"}]},{"@type":"WebSite","@id":"https:\/\/www.gaveanews.com\/#website","url":"https:\/\/www.gaveanews.com\/","name":"G\u00e1vea News","description":"Veja todas as not\u00edcias sobre o Flamengo: Contrata\u00e7\u00f5es, categorias de base, resultados das partidas, tabela de classifica\u00e7\u00e3o, pr\u00f3ximos jogos!","potentialAction":[{"@type":"SearchAction","target":{"@type":"EntryPoint","urlTemplate":"https:\/\/www.gaveanews.com\/?s={search_term_string}"},"query-input":{"@type":"PropertyValueSpecification","valueRequired":true,"valueName":"search_term_string"}}],"inLanguage":"pt-BR"},{"@type":"Person","@id":"https:\/\/www.gaveanews.com\/#\/schema\/person\/8207cd4627f56151707418bfc835b2fb","name":"Matheus Felipe","image":{"@type":"ImageObject","inLanguage":"pt-BR","@id":"https:\/\/www.gaveanews.com\/#\/schema\/person\/image\/","url":"https:\/\/secure.gravatar.com\/avatar\/a452ffbed9130f726358b298bb3a99ce4bd3c5338411f8440e87e14d74c7c087?s=96&d=mm&r=g","contentUrl":"https:\/\/secure.gravatar.com\/avatar\/a452ffbed9130f726358b298bb3a99ce4bd3c5338411f8440e87e14d74c7c087?s=96&d=mm&r=g","caption":"Matheus Felipe"}}]}},"_links":{"self":[{"href":"https:\/\/www.gaveanews.com\/index.php\/wp-json\/wp\/v2\/posts\/192214","targetHints":{"allow":["GET"]}}],"collection":[{"href":"https:\/\/www.gaveanews.com\/index.php\/wp-json\/wp\/v2\/posts"}],"about":[{"href":"https:\/\/www.gaveanews.com\/index.php\/wp-json\/wp\/v2\/types\/post"}],"author":[{"embeddable":true,"href":"https:\/\/www.gaveanews.com\/index.php\/wp-json\/wp\/v2\/users\/27"}],"replies":[{"embeddable":true,"href":"https:\/\/www.gaveanews.com\/index.php\/wp-json\/wp\/v2\/comments?post=192214"}],"version-history":[{"count":1,"href":"https:\/\/www.gaveanews.com\/index.php\/wp-json\/wp\/v2\/posts\/192214\/revisions"}],"predecessor-version":[{"id":192220,"href":"https:\/\/www.gaveanews.com\/index.php\/wp-json\/wp\/v2\/posts\/192214\/revisions\/192220"}],"wp:featuredmedia":[{"embeddable":true,"href":"https:\/\/www.gaveanews.com\/index.php\/wp-json\/wp\/v2\/media\/154785"}],"wp:attachment":[{"href":"https:\/\/www.gaveanews.com\/index.php\/wp-json\/wp\/v2\/media?parent=192214"}],"wp:term":[{"taxonomy":"category","embeddable":true,"href":"https:\/\/www.gaveanews.com\/index.php\/wp-json\/wp\/v2\/categories?post=192214"},{"taxonomy":"post_tag","embeddable":true,"href":"https:\/\/www.gaveanews.com\/index.php\/wp-json\/wp\/v2\/tags?post=192214"}],"curies":[{"name":"wp","href":"https:\/\/api.w.org\/{rel}","templated":true}]}}