{"id":192222,"date":"2024-11-29T07:07:42","date_gmt":"2024-11-29T10:07:42","guid":{"rendered":"https:\/\/www.gaveanews.com\/?p=192222"},"modified":"2024-11-29T07:07:45","modified_gmt":"2024-11-29T10:07:45","slug":"atitude-da-diretoria-do-flamengo-irrita-torcedores-nas-redes-sociais","status":"publish","type":"post","link":"https:\/\/www.gaveanews.com\/index.php\/2024\/11\/29\/atitude-da-diretoria-do-flamengo-irrita-torcedores-nas-redes-sociais\/","title":{"rendered":"Atitude da diretoria do Flamengo irrita torcedores nas redes sociais"},"content":{"rendered":"\n<h2 class=\"wp-block-heading\" id=\"h-campanha-politica-em-rede-social-oficial-do-flamengo-gera-criticas-de-torcedores\">Campanha pol\u00edtica em rede social oficial do Flamengo gera cr\u00edticas de torcedores<\/h2>\n\n\n\n<p>A utiliza\u00e7\u00e3o das redes sociais oficiais do Flamengo para promover a atual gest\u00e3o do clube gerou descontentamento entre os torcedores.<\/p>\n\n\n\n<ul class=\"wp-block-list\">\n<li><a href=\"https:\/\/www.gaveanews.com\/index.php\/2024\/11\/28\/flamengo-anuncia-renovacao-contratual\/\">Flamengo anuncia renova\u00e7\u00e3o contratual<\/a><\/li>\n\n\n\n<li><a href=\"https:\/\/www.gaveanews.com\/index.php\/2024\/11\/28\/atitude-de-pedro-do-flamengo-revolta-torcedores\/\">Atitude de Pedro, do Flamengo, revolta torcedores<\/a><\/li>\n<\/ul>\n\n\n\n<p>Em um v\u00eddeo publicado no perfil oficial, o clube destacou os t\u00edtulos conquistados nos \u00faltimos seis anos, per\u00edodo correspondente \u00e0 gest\u00e3o atual, o que foi interpretado como campanha pol\u00edtica. As elei\u00e7\u00f5es para a presid\u00eancia do Flamengo est\u00e3o marcadas para o dia 9 de dezembro.<\/p>\n\n\n\n<p>Entre os coment\u00e1rios dos torcedores na publica\u00e7\u00e3o, houve cr\u00edticas \u00e0 postura da diretoria. Um dos usu\u00e1rios escreveu: \u201cToma vergonha, perfil oficial n\u00e3o \u00e9 pra fazer campanha de chapa.\u201d Outro classificou o ato como uma \u201cvergonha\u201d. A insatisfa\u00e7\u00e3o se manifestou amplamente nas redes sociais, com muitos pedindo maior neutralidade no uso dos canais institucionais do clube.<\/p>\n\n\n\n<p>A elei\u00e7\u00e3o ser\u00e1 realizada na sede social do Flamengo, na G\u00e1vea, entre 8h e 21h, e contar\u00e1 com a participa\u00e7\u00e3o de tr\u00eas candidatos: Luiz Eduardo Baptista (Chapa 1), Maur\u00edcio Gomes de Mattos (Chapa 2) e Rodrigo Dunshee (Chapa 3), que representa a situa\u00e7\u00e3o. O Minist\u00e9rio P\u00fablico do Rio de Janeiro (MP-RJ) acompanhar\u00e1 o pleito, a pedido do clube, para garantir maior seguran\u00e7a e transpar\u00eancia ao processo.<\/p>\n\n\n\n<p>O acompanhamento do MP foi formalizado em um acordo entre os poderes do clube e anunciado pelo presidente Rodolfo Landim. Em um documento enviado ao presidente da Assembleia Geral, Carlos Henrique Fernandes dos Santos, Landim destacou que a presen\u00e7a do MP refor\u00e7a a seguran\u00e7a jur\u00eddica do processo eleitoral. Dois procuradores foram designados para monitorar o evento.<\/p>\n\n\n\n<p>A elei\u00e7\u00e3o deste ano ter\u00e1 novidades no formato de vota\u00e7\u00e3o. Com mudan\u00e7as aprovadas em maio de 2023 no Estatuto do Clube, foi introduzida a utiliza\u00e7\u00e3o de urnas eletr\u00f4nicas fornecidas pelo Tribunal Regional Eleitoral (TRE). A medida \u00e9 uma das altera\u00e7\u00f5es implementadas para modernizar os processos internos do Flamengo.<\/p>\n","protected":false},"excerpt":{"rendered":"<p>Campanha pol\u00edtica em rede social oficial do Flamengo gera cr\u00edticas de torcedores A utiliza\u00e7\u00e3o das redes sociais oficiais do Flamengo para promover a atual gest\u00e3o do clube gerou descontentamento entre os torcedores. Em um v\u00eddeo publicado no perfil oficial, o clube destacou os t\u00edtulos conquistados nos \u00faltimos seis anos, per\u00edodo correspondente \u00e0 gest\u00e3o atual, o [&hellip;]<\/p>\n","protected":false},"author":20,"featured_media":124684,"comment_status":"open","ping_status":"closed","sticky":false,"template":"","format":"standard","meta":{"footnotes":""},"categories":[1],"tags":[],"class_list":["post-192222","post","type-post","status-publish","format-standard","has-post-thumbnail","hentry","category-flamengo"],"yoast_head":"<!-- This site is optimized with the Yoast SEO Premium plugin v24.2 (Yoast SEO v26.9) - https:\/\/yoast.com\/product\/yoast-seo-premium-wordpress\/ -->\n<title>Atitude da diretoria do Flamengo irrita torcedores nas redes sociais<\/title>\n<meta name=\"robots\" content=\"index, follow, max-snippet:-1, max-image-preview:large, max-video-preview:-1\" \/>\n<link rel=\"canonical\" href=\"https:\/\/www.gaveanews.com\/index.php\/2024\/11\/29\/atitude-da-diretoria-do-flamengo-irrita-torcedores-nas-redes-sociais\/\" \/>\n<meta property=\"og:locale\" content=\"pt_BR\" \/>\n<meta property=\"og:type\" content=\"article\" \/>\n<meta property=\"og:title\" content=\"Atitude da diretoria do Flamengo irrita torcedores nas redes sociais\" \/>\n<meta property=\"og:description\" content=\"Campanha pol\u00edtica em rede social oficial do Flamengo gera cr\u00edticas de torcedores A utiliza\u00e7\u00e3o das redes sociais oficiais do Flamengo para promover a atual gest\u00e3o do clube gerou descontentamento entre os torcedores. Em um v\u00eddeo publicado no perfil oficial, o clube destacou os t\u00edtulos conquistados nos \u00faltimos seis anos, per\u00edodo correspondente \u00e0 gest\u00e3o atual, o [&hellip;]\" \/>\n<meta property=\"og:url\" content=\"https:\/\/www.gaveanews.com\/index.php\/2024\/11\/29\/atitude-da-diretoria-do-flamengo-irrita-torcedores-nas-redes-sociais\/\" \/>\n<meta property=\"og:site_name\" content=\"G\u00e1vea News\" \/>\n<meta property=\"article:publisher\" content=\"https:\/\/facebook.com\/gaveaNews\/\" \/>\n<meta property=\"article:published_time\" content=\"2024-11-29T10:07:42+00:00\" \/>\n<meta property=\"article:modified_time\" content=\"2024-11-29T10:07:45+00:00\" \/>\n<meta property=\"og:image\" content=\"https:\/\/www.gaveanews.com\/wp-content\/uploads\/escudoDoFlamengo.webp\" \/>\n\t<meta property=\"og:image:width\" content=\"1095\" \/>\n\t<meta property=\"og:image:height\" content=\"730\" \/>\n\t<meta property=\"og:image:type\" content=\"image\/webp\" \/>\n<meta name=\"author\" content=\"Lucas Barros\" \/>\n<meta name=\"twitter:card\" content=\"summary_large_image\" \/>\n<meta name=\"twitter:label1\" content=\"Escrito por\" \/>\n\t<meta name=\"twitter:data1\" content=\"Lucas Barros\" \/>\n\t<meta name=\"twitter:label2\" content=\"Est. tempo de leitura\" \/>\n\t<meta name=\"twitter:data2\" content=\"2 minutos\" \/>\n<script type=\"application\/ld+json\" class=\"yoast-schema-graph\">{\"@context\":\"https:\/\/schema.org\",\"@graph\":[{\"@type\":\"NewsArticle\",\"@id\":\"https:\/\/www.gaveanews.com\/index.php\/2024\/11\/29\/atitude-da-diretoria-do-flamengo-irrita-torcedores-nas-redes-sociais\/#article\",\"isPartOf\":{\"@id\":\"https:\/\/www.gaveanews.com\/index.php\/2024\/11\/29\/atitude-da-diretoria-do-flamengo-irrita-torcedores-nas-redes-sociais\/\"},\"author\":{\"name\":\"Lucas Barros\",\"@id\":\"https:\/\/www.gaveanews.com\/#\/schema\/person\/2abf0cfa878f5f899daa5f781e82264c\"},\"headline\":\"Atitude da diretoria do Flamengo irrita torcedores nas redes sociais\",\"datePublished\":\"2024-11-29T10:07:42+00:00\",\"dateModified\":\"2024-11-29T10:07:45+00:00\",\"mainEntityOfPage\":{\"@id\":\"https:\/\/www.gaveanews.com\/index.php\/2024\/11\/29\/atitude-da-diretoria-do-flamengo-irrita-torcedores-nas-redes-sociais\/\"},\"wordCount\":352,\"commentCount\":0,\"image\":{\"@id\":\"https:\/\/www.gaveanews.com\/index.php\/2024\/11\/29\/atitude-da-diretoria-do-flamengo-irrita-torcedores-nas-redes-sociais\/#primaryimage\"},\"thumbnailUrl\":\"https:\/\/www.gaveanews.com\/wp-content\/uploads\/escudoDoFlamengo.webp\",\"articleSection\":[\"Flamengo\"],\"inLanguage\":\"pt-BR\",\"potentialAction\":[{\"@type\":\"CommentAction\",\"name\":\"Comment\",\"target\":[\"https:\/\/www.gaveanews.com\/index.php\/2024\/11\/29\/atitude-da-diretoria-do-flamengo-irrita-torcedores-nas-redes-sociais\/#respond\"]}],\"copyrightYear\":\"2024\",\"copyrightHolder\":{\"@id\":\"https:\/\/www.gaveanews.com\/#organization\"}},{\"@type\":\"WebPage\",\"@id\":\"https:\/\/www.gaveanews.com\/index.php\/2024\/11\/29\/atitude-da-diretoria-do-flamengo-irrita-torcedores-nas-redes-sociais\/\",\"url\":\"https:\/\/www.gaveanews.com\/index.php\/2024\/11\/29\/atitude-da-diretoria-do-flamengo-irrita-torcedores-nas-redes-sociais\/\",\"name\":\"Atitude da diretoria do Flamengo irrita torcedores nas redes sociais\",\"isPartOf\":{\"@id\":\"https:\/\/www.gaveanews.com\/#website\"},\"primaryImageOfPage\":{\"@id\":\"https:\/\/www.gaveanews.com\/index.php\/2024\/11\/29\/atitude-da-diretoria-do-flamengo-irrita-torcedores-nas-redes-sociais\/#primaryimage\"},\"image\":{\"@id\":\"https:\/\/www.gaveanews.com\/index.php\/2024\/11\/29\/atitude-da-diretoria-do-flamengo-irrita-torcedores-nas-redes-sociais\/#primaryimage\"},\"thumbnailUrl\":\"https:\/\/www.gaveanews.com\/wp-content\/uploads\/escudoDoFlamengo.webp\",\"datePublished\":\"2024-11-29T10:07:42+00:00\",\"dateModified\":\"2024-11-29T10:07:45+00:00\",\"author\":{\"@id\":\"https:\/\/www.gaveanews.com\/#\/schema\/person\/2abf0cfa878f5f899daa5f781e82264c\"},\"breadcrumb\":{\"@id\":\"https:\/\/www.gaveanews.com\/index.php\/2024\/11\/29\/atitude-da-diretoria-do-flamengo-irrita-torcedores-nas-redes-sociais\/#breadcrumb\"},\"inLanguage\":\"pt-BR\",\"potentialAction\":[{\"@type\":\"ReadAction\",\"target\":[\"https:\/\/www.gaveanews.com\/index.php\/2024\/11\/29\/atitude-da-diretoria-do-flamengo-irrita-torcedores-nas-redes-sociais\/\"]}]},{\"@type\":\"ImageObject\",\"inLanguage\":\"pt-BR\",\"@id\":\"https:\/\/www.gaveanews.com\/index.php\/2024\/11\/29\/atitude-da-diretoria-do-flamengo-irrita-torcedores-nas-redes-sociais\/#primaryimage\",\"url\":\"https:\/\/www.gaveanews.com\/wp-content\/uploads\/escudoDoFlamengo.webp\",\"contentUrl\":\"https:\/\/www.gaveanews.com\/wp-content\/uploads\/escudoDoFlamengo.webp\",\"width\":1095,\"height\":730,\"caption\":\"Centro de treinamento do Flamengo (Foto: Reprodu\u00e7\u00e3o)\"},{\"@type\":\"BreadcrumbList\",\"@id\":\"https:\/\/www.gaveanews.com\/index.php\/2024\/11\/29\/atitude-da-diretoria-do-flamengo-irrita-torcedores-nas-redes-sociais\/#breadcrumb\",\"itemListElement\":[{\"@type\":\"ListItem\",\"position\":1,\"name\":\"Home\",\"item\":\"https:\/\/www.gaveanews.com\/\"},{\"@type\":\"ListItem\",\"position\":2,\"name\":\"Atitude da diretoria do Flamengo irrita torcedores nas redes sociais\"}]},{\"@type\":\"WebSite\",\"@id\":\"https:\/\/www.gaveanews.com\/#website\",\"url\":\"https:\/\/www.gaveanews.com\/\",\"name\":\"G\u00e1vea News\",\"description\":\"Veja todas as not\u00edcias sobre o Flamengo: Contrata\u00e7\u00f5es, categorias de base, resultados das partidas, tabela de classifica\u00e7\u00e3o, pr\u00f3ximos jogos!\",\"potentialAction\":[{\"@type\":\"SearchAction\",\"target\":{\"@type\":\"EntryPoint\",\"urlTemplate\":\"https:\/\/www.gaveanews.com\/?s={search_term_string}\"},\"query-input\":{\"@type\":\"PropertyValueSpecification\",\"valueRequired\":true,\"valueName\":\"search_term_string\"}}],\"inLanguage\":\"pt-BR\"},{\"@type\":\"Person\",\"@id\":\"https:\/\/www.gaveanews.com\/#\/schema\/person\/2abf0cfa878f5f899daa5f781e82264c\",\"name\":\"Lucas Barros\",\"image\":{\"@type\":\"ImageObject\",\"inLanguage\":\"pt-BR\",\"@id\":\"https:\/\/www.gaveanews.com\/#\/schema\/person\/image\/\",\"url\":\"https:\/\/secure.gravatar.com\/avatar\/67a6069eba66bf6fd7c80b70e1331baa3dbc3d6df5012d5c22eff29c7d59e0b0?s=96&d=mm&r=g\",\"contentUrl\":\"https:\/\/secure.gravatar.com\/avatar\/67a6069eba66bf6fd7c80b70e1331baa3dbc3d6df5012d5c22eff29c7d59e0b0?s=96&d=mm&r=g\",\"caption\":\"Lucas Barros\"}}]}<\/script>\n<!-- \/ Yoast SEO Premium plugin. -->","yoast_head_json":{"title":"Atitude da diretoria do Flamengo irrita torcedores nas redes sociais","robots":{"index":"index","follow":"follow","max-snippet":"max-snippet:-1","max-image-preview":"max-image-preview:large","max-video-preview":"max-video-preview:-1"},"canonical":"https:\/\/www.gaveanews.com\/index.php\/2024\/11\/29\/atitude-da-diretoria-do-flamengo-irrita-torcedores-nas-redes-sociais\/","og_locale":"pt_BR","og_type":"article","og_title":"Atitude da diretoria do Flamengo irrita torcedores nas redes sociais","og_description":"Campanha pol\u00edtica em rede social oficial do Flamengo gera cr\u00edticas de torcedores A utiliza\u00e7\u00e3o das redes sociais oficiais do Flamengo para promover a atual gest\u00e3o do clube gerou descontentamento entre os torcedores. Em um v\u00eddeo publicado no perfil oficial, o clube destacou os t\u00edtulos conquistados nos \u00faltimos seis anos, per\u00edodo correspondente \u00e0 gest\u00e3o atual, o [&hellip;]","og_url":"https:\/\/www.gaveanews.com\/index.php\/2024\/11\/29\/atitude-da-diretoria-do-flamengo-irrita-torcedores-nas-redes-sociais\/","og_site_name":"G\u00e1vea News","article_publisher":"https:\/\/facebook.com\/gaveaNews\/","article_published_time":"2024-11-29T10:07:42+00:00","article_modified_time":"2024-11-29T10:07:45+00:00","og_image":[{"width":1095,"height":730,"url":"https:\/\/www.gaveanews.com\/wp-content\/uploads\/escudoDoFlamengo.webp","type":"image\/webp"}],"author":"Lucas Barros","twitter_card":"summary_large_image","twitter_misc":{"Escrito por":"Lucas Barros","Est. tempo de leitura":"2 minutos"},"schema":{"@context":"https:\/\/schema.org","@graph":[{"@type":"NewsArticle","@id":"https:\/\/www.gaveanews.com\/index.php\/2024\/11\/29\/atitude-da-diretoria-do-flamengo-irrita-torcedores-nas-redes-sociais\/#article","isPartOf":{"@id":"https:\/\/www.gaveanews.com\/index.php\/2024\/11\/29\/atitude-da-diretoria-do-flamengo-irrita-torcedores-nas-redes-sociais\/"},"author":{"name":"Lucas Barros","@id":"https:\/\/www.gaveanews.com\/#\/schema\/person\/2abf0cfa878f5f899daa5f781e82264c"},"headline":"Atitude da diretoria do Flamengo irrita torcedores nas redes sociais","datePublished":"2024-11-29T10:07:42+00:00","dateModified":"2024-11-29T10:07:45+00:00","mainEntityOfPage":{"@id":"https:\/\/www.gaveanews.com\/index.php\/2024\/11\/29\/atitude-da-diretoria-do-flamengo-irrita-torcedores-nas-redes-sociais\/"},"wordCount":352,"commentCount":0,"image":{"@id":"https:\/\/www.gaveanews.com\/index.php\/2024\/11\/29\/atitude-da-diretoria-do-flamengo-irrita-torcedores-nas-redes-sociais\/#primaryimage"},"thumbnailUrl":"https:\/\/www.gaveanews.com\/wp-content\/uploads\/escudoDoFlamengo.webp","articleSection":["Flamengo"],"inLanguage":"pt-BR","potentialAction":[{"@type":"CommentAction","name":"Comment","target":["https:\/\/www.gaveanews.com\/index.php\/2024\/11\/29\/atitude-da-diretoria-do-flamengo-irrita-torcedores-nas-redes-sociais\/#respond"]}],"copyrightYear":"2024","copyrightHolder":{"@id":"https:\/\/www.gaveanews.com\/#organization"}},{"@type":"WebPage","@id":"https:\/\/www.gaveanews.com\/index.php\/2024\/11\/29\/atitude-da-diretoria-do-flamengo-irrita-torcedores-nas-redes-sociais\/","url":"https:\/\/www.gaveanews.com\/index.php\/2024\/11\/29\/atitude-da-diretoria-do-flamengo-irrita-torcedores-nas-redes-sociais\/","name":"Atitude da diretoria do Flamengo irrita torcedores nas redes sociais","isPartOf":{"@id":"https:\/\/www.gaveanews.com\/#website"},"primaryImageOfPage":{"@id":"https:\/\/www.gaveanews.com\/index.php\/2024\/11\/29\/atitude-da-diretoria-do-flamengo-irrita-torcedores-nas-redes-sociais\/#primaryimage"},"image":{"@id":"https:\/\/www.gaveanews.com\/index.php\/2024\/11\/29\/atitude-da-diretoria-do-flamengo-irrita-torcedores-nas-redes-sociais\/#primaryimage"},"thumbnailUrl":"https:\/\/www.gaveanews.com\/wp-content\/uploads\/escudoDoFlamengo.webp","datePublished":"2024-11-29T10:07:42+00:00","dateModified":"2024-11-29T10:07:45+00:00","author":{"@id":"https:\/\/www.gaveanews.com\/#\/schema\/person\/2abf0cfa878f5f899daa5f781e82264c"},"breadcrumb":{"@id":"https:\/\/www.gaveanews.com\/index.php\/2024\/11\/29\/atitude-da-diretoria-do-flamengo-irrita-torcedores-nas-redes-sociais\/#breadcrumb"},"inLanguage":"pt-BR","potentialAction":[{"@type":"ReadAction","target":["https:\/\/www.gaveanews.com\/index.php\/2024\/11\/29\/atitude-da-diretoria-do-flamengo-irrita-torcedores-nas-redes-sociais\/"]}]},{"@type":"ImageObject","inLanguage":"pt-BR","@id":"https:\/\/www.gaveanews.com\/index.php\/2024\/11\/29\/atitude-da-diretoria-do-flamengo-irrita-torcedores-nas-redes-sociais\/#primaryimage","url":"https:\/\/www.gaveanews.com\/wp-content\/uploads\/escudoDoFlamengo.webp","contentUrl":"https:\/\/www.gaveanews.com\/wp-content\/uploads\/escudoDoFlamengo.webp","width":1095,"height":730,"caption":"Centro de treinamento do Flamengo (Foto: Reprodu\u00e7\u00e3o)"},{"@type":"BreadcrumbList","@id":"https:\/\/www.gaveanews.com\/index.php\/2024\/11\/29\/atitude-da-diretoria-do-flamengo-irrita-torcedores-nas-redes-sociais\/#breadcrumb","itemListElement":[{"@type":"ListItem","position":1,"name":"Home","item":"https:\/\/www.gaveanews.com\/"},{"@type":"ListItem","position":2,"name":"Atitude da diretoria do Flamengo irrita torcedores nas redes sociais"}]},{"@type":"WebSite","@id":"https:\/\/www.gaveanews.com\/#website","url":"https:\/\/www.gaveanews.com\/","name":"G\u00e1vea News","description":"Veja todas as not\u00edcias sobre o Flamengo: Contrata\u00e7\u00f5es, categorias de base, resultados das partidas, tabela de classifica\u00e7\u00e3o, pr\u00f3ximos jogos!","potentialAction":[{"@type":"SearchAction","target":{"@type":"EntryPoint","urlTemplate":"https:\/\/www.gaveanews.com\/?s={search_term_string}"},"query-input":{"@type":"PropertyValueSpecification","valueRequired":true,"valueName":"search_term_string"}}],"inLanguage":"pt-BR"},{"@type":"Person","@id":"https:\/\/www.gaveanews.com\/#\/schema\/person\/2abf0cfa878f5f899daa5f781e82264c","name":"Lucas Barros","image":{"@type":"ImageObject","inLanguage":"pt-BR","@id":"https:\/\/www.gaveanews.com\/#\/schema\/person\/image\/","url":"https:\/\/secure.gravatar.com\/avatar\/67a6069eba66bf6fd7c80b70e1331baa3dbc3d6df5012d5c22eff29c7d59e0b0?s=96&d=mm&r=g","contentUrl":"https:\/\/secure.gravatar.com\/avatar\/67a6069eba66bf6fd7c80b70e1331baa3dbc3d6df5012d5c22eff29c7d59e0b0?s=96&d=mm&r=g","caption":"Lucas Barros"}}]}},"_links":{"self":[{"href":"https:\/\/www.gaveanews.com\/index.php\/wp-json\/wp\/v2\/posts\/192222","targetHints":{"allow":["GET"]}}],"collection":[{"href":"https:\/\/www.gaveanews.com\/index.php\/wp-json\/wp\/v2\/posts"}],"about":[{"href":"https:\/\/www.gaveanews.com\/index.php\/wp-json\/wp\/v2\/types\/post"}],"author":[{"embeddable":true,"href":"https:\/\/www.gaveanews.com\/index.php\/wp-json\/wp\/v2\/users\/20"}],"replies":[{"embeddable":true,"href":"https:\/\/www.gaveanews.com\/index.php\/wp-json\/wp\/v2\/comments?post=192222"}],"version-history":[{"count":1,"href":"https:\/\/www.gaveanews.com\/index.php\/wp-json\/wp\/v2\/posts\/192222\/revisions"}],"predecessor-version":[{"id":192225,"href":"https:\/\/www.gaveanews.com\/index.php\/wp-json\/wp\/v2\/posts\/192222\/revisions\/192225"}],"wp:featuredmedia":[{"embeddable":true,"href":"https:\/\/www.gaveanews.com\/index.php\/wp-json\/wp\/v2\/media\/124684"}],"wp:attachment":[{"href":"https:\/\/www.gaveanews.com\/index.php\/wp-json\/wp\/v2\/media?parent=192222"}],"wp:term":[{"taxonomy":"category","embeddable":true,"href":"https:\/\/www.gaveanews.com\/index.php\/wp-json\/wp\/v2\/categories?post=192222"},{"taxonomy":"post_tag","embeddable":true,"href":"https:\/\/www.gaveanews.com\/index.php\/wp-json\/wp\/v2\/tags?post=192222"}],"curies":[{"name":"wp","href":"https:\/\/api.w.org\/{rel}","templated":true}]}}