{"id":192238,"date":"2024-11-29T08:55:00","date_gmt":"2024-11-29T11:55:00","guid":{"rendered":"https:\/\/www.gaveanews.com\/?p=192238"},"modified":"2024-11-29T07:41:46","modified_gmt":"2024-11-29T10:41:46","slug":"jogador-do-botafogo-e-indicado-ao-fifa-the-best","status":"publish","type":"post","link":"https:\/\/www.gaveanews.com\/index.php\/2024\/11\/29\/jogador-do-botafogo-e-indicado-ao-fifa-the-best\/","title":{"rendered":"Jogador do Botafogo \u00e9 indicado ao FIFA The Best"},"content":{"rendered":"\n<h2 class=\"wp-block-heading\" id=\"h-thiago-almada-e-indicado-ao-premio-the-best-e-faz-historia-pelo-botafogo\">Thiago Almada \u00e9 indicado ao pr\u00eamio The Best e faz hist\u00f3ria pelo Botafogo<\/h2>\n\n\n\n<p>A Fifa anunciou nesta quinta-feira os indicados ao pr\u00eamio The Best, que reconhece os melhores jogadores do mundo em 2024. Entre os meias, a presen\u00e7a de Thiago Almada, do Botafogo, surpreendeu e marcou um momento hist\u00f3rico: ele \u00e9 o primeiro jogador do clube a ser indicado para a sele\u00e7\u00e3o do ano do pr\u00eamio.<\/p>\n\n\n\n<ul class=\"wp-block-list\">\n<li><a href=\"https:\/\/www.gaveanews.com\/index.php\/2024\/11\/26\/arthur-jorge-do-botafogo-manda-recado-para-jogadores-do-atletico-mg\/\">Arthur Jorge, do Botafogo, manda recado para jogadores do Atl\u00e9tico-MG<\/a><\/li>\n\n\n\n<li><a href=\"https:\/\/www.gaveanews.com\/index.php\/2024\/11\/28\/atletico-mg-x-botafogo-final-da-libertadores-tera-novidade-2\/\">Atl\u00e9tico-MG x Botafogo: final da Libertadores ter\u00e1 novidade<\/a><\/li>\n<\/ul>\n\n\n\n<p>Almada chegou ao Botafogo no meio de 2024 como a contrata\u00e7\u00e3o mais cara da hist\u00f3ria do futebol brasileiro. O clube desembolsou US$ 25 milh\u00f5es (cerca de R$ 137,4 milh\u00f5es) junto ao Atlanta United para contar com o argentino, que rapidamente assumiu um papel de protagonismo na equipe comandada por Artur Jorge. At\u00e9 agora, o camisa 23 disputou 22 partidas, com tr\u00eas gols e uma assist\u00eancia.<\/p>\n\n\n\n<p>O argentino est\u00e1 entre 22 nomes indicados para a vota\u00e7\u00e3o que definir\u00e1 os tr\u00eas melhores meias da temporada.<\/p>\n\n\n\n<p>Al\u00e9m de Thiago Almada, concorrem ao pr\u00eamio: Acosta (FC Cincinnati), Baena (Villarreal), Bellingham (Real Madrid), \u00c7alhanoglu (Inter de Mil\u00e3o), Camavinga (Real Madrid), Foden (Manchester City), Ganso (Fluminense), Kroos (Real Madrid), Kubo (Real Sociedad), Ferm\u00edn L\u00f3pez (Barcelona), Odegaard (Arsenal), Dani Olmo (Barcelona), Palmer (Chelsea), Pulisic (Milan), Rice (Arsenal), Rodri (Manchester City), James Rodr\u00edguez (Rayo Vallecano), Fabi\u00e1n Ruiz (PSG), Valverde (Real Madrid), Wirtz (Bayer Leverkusen) e Xhaka (Bayer Leverkusen).<\/p>\n\n\n\n<p>Embora seja a primeira vez que um jogador do Botafogo concorre \u00e0 sele\u00e7\u00e3o do ano do The Best, o clube j\u00e1 foi reconhecido em premia\u00e7\u00f5es da Fifa. Em 2000, Garrincha, um dos maiores \u00eddolos alvinegros, foi inclu\u00eddo no time dos sonhos da hist\u00f3ria do futebol pela entidade m\u00e1xima do esporte.<\/p>\n\n\n\n<p>Al\u00e9m do pr\u00eamio individual de melhor jogador do mundo, a Fifa tamb\u00e9m reconhece o time ideal da temporada. Thiago Almada busca consolidar sua presen\u00e7a entre os tr\u00eas melhores meias do ano e seguir fazendo hist\u00f3ria com a camisa alvinegra, tendo uma grande oportunidade neste s\u00e1bado (30), quando jogar\u00e1 a final da Libertadores contra o Atl\u00e9tico-MG e poder\u00e1 ajudar o Fog\u00e3o a conquistar A Gl\u00f3ria Eterna.<\/p>\n","protected":false},"excerpt":{"rendered":"<p>Thiago Almada \u00e9 indicado ao pr\u00eamio The Best e faz hist\u00f3ria pelo Botafogo A Fifa anunciou nesta quinta-feira os indicados ao pr\u00eamio The Best, que reconhece os melhores jogadores do mundo em 2024. Entre os meias, a presen\u00e7a de Thiago Almada, do Botafogo, surpreendeu e marcou um momento hist\u00f3rico: ele \u00e9 o primeiro jogador do [&hellip;]<\/p>\n","protected":false},"author":20,"featured_media":168201,"comment_status":"open","ping_status":"closed","sticky":false,"template":"","format":"standard","meta":{"footnotes":""},"categories":[138],"tags":[],"class_list":["post-192238","post","type-post","status-publish","format-standard","has-post-thumbnail","hentry","category-botafogo"],"yoast_head":"<!-- This site is optimized with the Yoast SEO Premium plugin v24.2 (Yoast SEO v26.9) - https:\/\/yoast.com\/product\/yoast-seo-premium-wordpress\/ -->\n<title>Jogador do Botafogo \u00e9 indicado ao FIFA The Best<\/title>\n<meta name=\"robots\" content=\"index, follow, max-snippet:-1, max-image-preview:large, max-video-preview:-1\" \/>\n<link rel=\"canonical\" href=\"https:\/\/www.gaveanews.com\/index.php\/2024\/11\/29\/jogador-do-botafogo-e-indicado-ao-fifa-the-best\/\" \/>\n<meta property=\"og:locale\" content=\"pt_BR\" \/>\n<meta property=\"og:type\" content=\"article\" \/>\n<meta property=\"og:title\" content=\"Jogador do Botafogo \u00e9 indicado ao FIFA The Best\" \/>\n<meta property=\"og:description\" content=\"Thiago Almada \u00e9 indicado ao pr\u00eamio The Best e faz hist\u00f3ria pelo Botafogo A Fifa anunciou nesta quinta-feira os indicados ao pr\u00eamio The Best, que reconhece os melhores jogadores do mundo em 2024. Entre os meias, a presen\u00e7a de Thiago Almada, do Botafogo, surpreendeu e marcou um momento hist\u00f3rico: ele \u00e9 o primeiro jogador do [&hellip;]\" \/>\n<meta property=\"og:url\" content=\"https:\/\/www.gaveanews.com\/index.php\/2024\/11\/29\/jogador-do-botafogo-e-indicado-ao-fifa-the-best\/\" \/>\n<meta property=\"og:site_name\" content=\"G\u00e1vea News\" \/>\n<meta property=\"article:publisher\" content=\"https:\/\/facebook.com\/gaveaNews\/\" \/>\n<meta property=\"article:published_time\" content=\"2024-11-29T11:55:00+00:00\" \/>\n<meta property=\"og:image\" content=\"https:\/\/www.gaveanews.com\/wp-content\/uploads\/Thiago-Almada-e-apresentado-pelo-Botafogo.webp\" \/>\n\t<meta property=\"og:image:width\" content=\"984\" \/>\n\t<meta property=\"og:image:height\" content=\"656\" \/>\n\t<meta property=\"og:image:type\" content=\"image\/jpeg\" \/>\n<meta name=\"author\" content=\"Lucas Barros\" \/>\n<meta name=\"twitter:card\" content=\"summary_large_image\" \/>\n<meta name=\"twitter:label1\" content=\"Escrito por\" \/>\n\t<meta name=\"twitter:data1\" content=\"Lucas Barros\" \/>\n\t<meta name=\"twitter:label2\" content=\"Est. tempo de leitura\" \/>\n\t<meta name=\"twitter:data2\" content=\"3 minutos\" \/>\n<script type=\"application\/ld+json\" class=\"yoast-schema-graph\">{\"@context\":\"https:\/\/schema.org\",\"@graph\":[{\"@type\":\"NewsArticle\",\"@id\":\"https:\/\/www.gaveanews.com\/index.php\/2024\/11\/29\/jogador-do-botafogo-e-indicado-ao-fifa-the-best\/#article\",\"isPartOf\":{\"@id\":\"https:\/\/www.gaveanews.com\/index.php\/2024\/11\/29\/jogador-do-botafogo-e-indicado-ao-fifa-the-best\/\"},\"author\":{\"name\":\"Lucas Barros\",\"@id\":\"https:\/\/www.gaveanews.com\/#\/schema\/person\/2abf0cfa878f5f899daa5f781e82264c\"},\"headline\":\"Jogador do Botafogo \u00e9 indicado ao FIFA The Best\",\"datePublished\":\"2024-11-29T11:55:00+00:00\",\"mainEntityOfPage\":{\"@id\":\"https:\/\/www.gaveanews.com\/index.php\/2024\/11\/29\/jogador-do-botafogo-e-indicado-ao-fifa-the-best\/\"},\"wordCount\":384,\"commentCount\":0,\"image\":{\"@id\":\"https:\/\/www.gaveanews.com\/index.php\/2024\/11\/29\/jogador-do-botafogo-e-indicado-ao-fifa-the-best\/#primaryimage\"},\"thumbnailUrl\":\"https:\/\/www.gaveanews.com\/wp-content\/uploads\/Thiago-Almada-e-apresentado-pelo-Botafogo.webp\",\"articleSection\":[\"Botafogo\"],\"inLanguage\":\"pt-BR\",\"potentialAction\":[{\"@type\":\"CommentAction\",\"name\":\"Comment\",\"target\":[\"https:\/\/www.gaveanews.com\/index.php\/2024\/11\/29\/jogador-do-botafogo-e-indicado-ao-fifa-the-best\/#respond\"]}],\"copyrightYear\":\"2024\",\"copyrightHolder\":{\"@id\":\"https:\/\/www.gaveanews.com\/#organization\"}},{\"@type\":\"WebPage\",\"@id\":\"https:\/\/www.gaveanews.com\/index.php\/2024\/11\/29\/jogador-do-botafogo-e-indicado-ao-fifa-the-best\/\",\"url\":\"https:\/\/www.gaveanews.com\/index.php\/2024\/11\/29\/jogador-do-botafogo-e-indicado-ao-fifa-the-best\/\",\"name\":\"Jogador do Botafogo \u00e9 indicado ao FIFA The Best\",\"isPartOf\":{\"@id\":\"https:\/\/www.gaveanews.com\/#website\"},\"primaryImageOfPage\":{\"@id\":\"https:\/\/www.gaveanews.com\/index.php\/2024\/11\/29\/jogador-do-botafogo-e-indicado-ao-fifa-the-best\/#primaryimage\"},\"image\":{\"@id\":\"https:\/\/www.gaveanews.com\/index.php\/2024\/11\/29\/jogador-do-botafogo-e-indicado-ao-fifa-the-best\/#primaryimage\"},\"thumbnailUrl\":\"https:\/\/www.gaveanews.com\/wp-content\/uploads\/Thiago-Almada-e-apresentado-pelo-Botafogo.webp\",\"datePublished\":\"2024-11-29T11:55:00+00:00\",\"author\":{\"@id\":\"https:\/\/www.gaveanews.com\/#\/schema\/person\/2abf0cfa878f5f899daa5f781e82264c\"},\"breadcrumb\":{\"@id\":\"https:\/\/www.gaveanews.com\/index.php\/2024\/11\/29\/jogador-do-botafogo-e-indicado-ao-fifa-the-best\/#breadcrumb\"},\"inLanguage\":\"pt-BR\",\"potentialAction\":[{\"@type\":\"ReadAction\",\"target\":[\"https:\/\/www.gaveanews.com\/index.php\/2024\/11\/29\/jogador-do-botafogo-e-indicado-ao-fifa-the-best\/\"]}]},{\"@type\":\"ImageObject\",\"inLanguage\":\"pt-BR\",\"@id\":\"https:\/\/www.gaveanews.com\/index.php\/2024\/11\/29\/jogador-do-botafogo-e-indicado-ao-fifa-the-best\/#primaryimage\",\"url\":\"https:\/\/www.gaveanews.com\/wp-content\/uploads\/Thiago-Almada-e-apresentado-pelo-Botafogo.webp\",\"contentUrl\":\"https:\/\/www.gaveanews.com\/wp-content\/uploads\/Thiago-Almada-e-apresentado-pelo-Botafogo.webp\",\"width\":984,\"height\":656,\"caption\":\"Thiago Almada em apresenta\u00e7\u00e3o pelo Botafogo (Foto: Vitor Silva\/Botafogo)\"},{\"@type\":\"BreadcrumbList\",\"@id\":\"https:\/\/www.gaveanews.com\/index.php\/2024\/11\/29\/jogador-do-botafogo-e-indicado-ao-fifa-the-best\/#breadcrumb\",\"itemListElement\":[{\"@type\":\"ListItem\",\"position\":1,\"name\":\"Home\",\"item\":\"https:\/\/www.gaveanews.com\/\"},{\"@type\":\"ListItem\",\"position\":2,\"name\":\"Jogador do Botafogo \u00e9 indicado ao FIFA The Best\"}]},{\"@type\":\"WebSite\",\"@id\":\"https:\/\/www.gaveanews.com\/#website\",\"url\":\"https:\/\/www.gaveanews.com\/\",\"name\":\"G\u00e1vea News\",\"description\":\"Veja todas as not\u00edcias sobre o Flamengo: Contrata\u00e7\u00f5es, categorias de base, resultados das partidas, tabela de classifica\u00e7\u00e3o, pr\u00f3ximos jogos!\",\"potentialAction\":[{\"@type\":\"SearchAction\",\"target\":{\"@type\":\"EntryPoint\",\"urlTemplate\":\"https:\/\/www.gaveanews.com\/?s={search_term_string}\"},\"query-input\":{\"@type\":\"PropertyValueSpecification\",\"valueRequired\":true,\"valueName\":\"search_term_string\"}}],\"inLanguage\":\"pt-BR\"},{\"@type\":\"Person\",\"@id\":\"https:\/\/www.gaveanews.com\/#\/schema\/person\/2abf0cfa878f5f899daa5f781e82264c\",\"name\":\"Lucas Barros\",\"image\":{\"@type\":\"ImageObject\",\"inLanguage\":\"pt-BR\",\"@id\":\"https:\/\/www.gaveanews.com\/#\/schema\/person\/image\/\",\"url\":\"https:\/\/secure.gravatar.com\/avatar\/67a6069eba66bf6fd7c80b70e1331baa3dbc3d6df5012d5c22eff29c7d59e0b0?s=96&d=mm&r=g\",\"contentUrl\":\"https:\/\/secure.gravatar.com\/avatar\/67a6069eba66bf6fd7c80b70e1331baa3dbc3d6df5012d5c22eff29c7d59e0b0?s=96&d=mm&r=g\",\"caption\":\"Lucas Barros\"}}]}<\/script>\n<!-- \/ Yoast SEO Premium plugin. -->","yoast_head_json":{"title":"Jogador do Botafogo \u00e9 indicado ao FIFA The Best","robots":{"index":"index","follow":"follow","max-snippet":"max-snippet:-1","max-image-preview":"max-image-preview:large","max-video-preview":"max-video-preview:-1"},"canonical":"https:\/\/www.gaveanews.com\/index.php\/2024\/11\/29\/jogador-do-botafogo-e-indicado-ao-fifa-the-best\/","og_locale":"pt_BR","og_type":"article","og_title":"Jogador do Botafogo \u00e9 indicado ao FIFA The Best","og_description":"Thiago Almada \u00e9 indicado ao pr\u00eamio The Best e faz hist\u00f3ria pelo Botafogo A Fifa anunciou nesta quinta-feira os indicados ao pr\u00eamio The Best, que reconhece os melhores jogadores do mundo em 2024. Entre os meias, a presen\u00e7a de Thiago Almada, do Botafogo, surpreendeu e marcou um momento hist\u00f3rico: ele \u00e9 o primeiro jogador do [&hellip;]","og_url":"https:\/\/www.gaveanews.com\/index.php\/2024\/11\/29\/jogador-do-botafogo-e-indicado-ao-fifa-the-best\/","og_site_name":"G\u00e1vea News","article_publisher":"https:\/\/facebook.com\/gaveaNews\/","article_published_time":"2024-11-29T11:55:00+00:00","og_image":[{"width":984,"height":656,"url":"https:\/\/www.gaveanews.com\/wp-content\/uploads\/Thiago-Almada-e-apresentado-pelo-Botafogo.webp","type":"image\/jpeg"}],"author":"Lucas Barros","twitter_card":"summary_large_image","twitter_misc":{"Escrito por":"Lucas Barros","Est. tempo de leitura":"3 minutos"},"schema":{"@context":"https:\/\/schema.org","@graph":[{"@type":"NewsArticle","@id":"https:\/\/www.gaveanews.com\/index.php\/2024\/11\/29\/jogador-do-botafogo-e-indicado-ao-fifa-the-best\/#article","isPartOf":{"@id":"https:\/\/www.gaveanews.com\/index.php\/2024\/11\/29\/jogador-do-botafogo-e-indicado-ao-fifa-the-best\/"},"author":{"name":"Lucas Barros","@id":"https:\/\/www.gaveanews.com\/#\/schema\/person\/2abf0cfa878f5f899daa5f781e82264c"},"headline":"Jogador do Botafogo \u00e9 indicado ao FIFA The Best","datePublished":"2024-11-29T11:55:00+00:00","mainEntityOfPage":{"@id":"https:\/\/www.gaveanews.com\/index.php\/2024\/11\/29\/jogador-do-botafogo-e-indicado-ao-fifa-the-best\/"},"wordCount":384,"commentCount":0,"image":{"@id":"https:\/\/www.gaveanews.com\/index.php\/2024\/11\/29\/jogador-do-botafogo-e-indicado-ao-fifa-the-best\/#primaryimage"},"thumbnailUrl":"https:\/\/www.gaveanews.com\/wp-content\/uploads\/Thiago-Almada-e-apresentado-pelo-Botafogo.webp","articleSection":["Botafogo"],"inLanguage":"pt-BR","potentialAction":[{"@type":"CommentAction","name":"Comment","target":["https:\/\/www.gaveanews.com\/index.php\/2024\/11\/29\/jogador-do-botafogo-e-indicado-ao-fifa-the-best\/#respond"]}],"copyrightYear":"2024","copyrightHolder":{"@id":"https:\/\/www.gaveanews.com\/#organization"}},{"@type":"WebPage","@id":"https:\/\/www.gaveanews.com\/index.php\/2024\/11\/29\/jogador-do-botafogo-e-indicado-ao-fifa-the-best\/","url":"https:\/\/www.gaveanews.com\/index.php\/2024\/11\/29\/jogador-do-botafogo-e-indicado-ao-fifa-the-best\/","name":"Jogador do Botafogo \u00e9 indicado ao FIFA The Best","isPartOf":{"@id":"https:\/\/www.gaveanews.com\/#website"},"primaryImageOfPage":{"@id":"https:\/\/www.gaveanews.com\/index.php\/2024\/11\/29\/jogador-do-botafogo-e-indicado-ao-fifa-the-best\/#primaryimage"},"image":{"@id":"https:\/\/www.gaveanews.com\/index.php\/2024\/11\/29\/jogador-do-botafogo-e-indicado-ao-fifa-the-best\/#primaryimage"},"thumbnailUrl":"https:\/\/www.gaveanews.com\/wp-content\/uploads\/Thiago-Almada-e-apresentado-pelo-Botafogo.webp","datePublished":"2024-11-29T11:55:00+00:00","author":{"@id":"https:\/\/www.gaveanews.com\/#\/schema\/person\/2abf0cfa878f5f899daa5f781e82264c"},"breadcrumb":{"@id":"https:\/\/www.gaveanews.com\/index.php\/2024\/11\/29\/jogador-do-botafogo-e-indicado-ao-fifa-the-best\/#breadcrumb"},"inLanguage":"pt-BR","potentialAction":[{"@type":"ReadAction","target":["https:\/\/www.gaveanews.com\/index.php\/2024\/11\/29\/jogador-do-botafogo-e-indicado-ao-fifa-the-best\/"]}]},{"@type":"ImageObject","inLanguage":"pt-BR","@id":"https:\/\/www.gaveanews.com\/index.php\/2024\/11\/29\/jogador-do-botafogo-e-indicado-ao-fifa-the-best\/#primaryimage","url":"https:\/\/www.gaveanews.com\/wp-content\/uploads\/Thiago-Almada-e-apresentado-pelo-Botafogo.webp","contentUrl":"https:\/\/www.gaveanews.com\/wp-content\/uploads\/Thiago-Almada-e-apresentado-pelo-Botafogo.webp","width":984,"height":656,"caption":"Thiago Almada em apresenta\u00e7\u00e3o pelo Botafogo (Foto: Vitor Silva\/Botafogo)"},{"@type":"BreadcrumbList","@id":"https:\/\/www.gaveanews.com\/index.php\/2024\/11\/29\/jogador-do-botafogo-e-indicado-ao-fifa-the-best\/#breadcrumb","itemListElement":[{"@type":"ListItem","position":1,"name":"Home","item":"https:\/\/www.gaveanews.com\/"},{"@type":"ListItem","position":2,"name":"Jogador do Botafogo \u00e9 indicado ao FIFA The Best"}]},{"@type":"WebSite","@id":"https:\/\/www.gaveanews.com\/#website","url":"https:\/\/www.gaveanews.com\/","name":"G\u00e1vea News","description":"Veja todas as not\u00edcias sobre o Flamengo: Contrata\u00e7\u00f5es, categorias de base, resultados das partidas, tabela de classifica\u00e7\u00e3o, pr\u00f3ximos jogos!","potentialAction":[{"@type":"SearchAction","target":{"@type":"EntryPoint","urlTemplate":"https:\/\/www.gaveanews.com\/?s={search_term_string}"},"query-input":{"@type":"PropertyValueSpecification","valueRequired":true,"valueName":"search_term_string"}}],"inLanguage":"pt-BR"},{"@type":"Person","@id":"https:\/\/www.gaveanews.com\/#\/schema\/person\/2abf0cfa878f5f899daa5f781e82264c","name":"Lucas Barros","image":{"@type":"ImageObject","inLanguage":"pt-BR","@id":"https:\/\/www.gaveanews.com\/#\/schema\/person\/image\/","url":"https:\/\/secure.gravatar.com\/avatar\/67a6069eba66bf6fd7c80b70e1331baa3dbc3d6df5012d5c22eff29c7d59e0b0?s=96&d=mm&r=g","contentUrl":"https:\/\/secure.gravatar.com\/avatar\/67a6069eba66bf6fd7c80b70e1331baa3dbc3d6df5012d5c22eff29c7d59e0b0?s=96&d=mm&r=g","caption":"Lucas Barros"}}]}},"_links":{"self":[{"href":"https:\/\/www.gaveanews.com\/index.php\/wp-json\/wp\/v2\/posts\/192238","targetHints":{"allow":["GET"]}}],"collection":[{"href":"https:\/\/www.gaveanews.com\/index.php\/wp-json\/wp\/v2\/posts"}],"about":[{"href":"https:\/\/www.gaveanews.com\/index.php\/wp-json\/wp\/v2\/types\/post"}],"author":[{"embeddable":true,"href":"https:\/\/www.gaveanews.com\/index.php\/wp-json\/wp\/v2\/users\/20"}],"replies":[{"embeddable":true,"href":"https:\/\/www.gaveanews.com\/index.php\/wp-json\/wp\/v2\/comments?post=192238"}],"version-history":[{"count":1,"href":"https:\/\/www.gaveanews.com\/index.php\/wp-json\/wp\/v2\/posts\/192238\/revisions"}],"predecessor-version":[{"id":192241,"href":"https:\/\/www.gaveanews.com\/index.php\/wp-json\/wp\/v2\/posts\/192238\/revisions\/192241"}],"wp:featuredmedia":[{"embeddable":true,"href":"https:\/\/www.gaveanews.com\/index.php\/wp-json\/wp\/v2\/media\/168201"}],"wp:attachment":[{"href":"https:\/\/www.gaveanews.com\/index.php\/wp-json\/wp\/v2\/media?parent=192238"}],"wp:term":[{"taxonomy":"category","embeddable":true,"href":"https:\/\/www.gaveanews.com\/index.php\/wp-json\/wp\/v2\/categories?post=192238"},{"taxonomy":"post_tag","embeddable":true,"href":"https:\/\/www.gaveanews.com\/index.php\/wp-json\/wp\/v2\/tags?post=192238"}],"curies":[{"name":"wp","href":"https:\/\/api.w.org\/{rel}","templated":true}]}}